{"id":43628,"date":"2022-10-01T00:49:00","date_gmt":"2022-10-01T06:49:00","guid":{"rendered":"https:\/\/fuentesfidedignas.com.mx\/?p=43628"},"modified":"2022-09-30T15:53:09","modified_gmt":"2022-09-30T21:53:09","slug":"flamencos-se-resguardan-de-huracan-ian-en-bano-de-jardin-botanico-y-sobreviven","status":"publish","type":"post","link":"https:\/\/fuentesfidedignas.com.mx\/index.php\/2022\/10\/01\/flamencos-se-resguardan-de-huracan-ian-en-bano-de-jardin-botanico-y-sobreviven\/","title":{"rendered":"Flamencos se resguardan de hurac\u00e1n &#8216;Ian&#8217; en ba\u00f1o de jard\u00edn bot\u00e1nico y sobreviven"},"content":{"rendered":"\n<p><strong><em>En Twitter, se viraliz\u00f3 una foto de un grupo de aves rosas despreocupadas, dentro de un ba\u00f1o p\u00fablico, mientras el hurac\u00e1n &#8216;Ian&#8217; destrozaba todo lo que ve\u00eda a su alrededor<\/em><\/strong><\/p>\n\n\n\n<p>El hurac\u00e1n Ian ha dejado estragos en diferentes partes de Estados Unidos, pero unos flamencos se salvaron tras resguardarse en el ba\u00f1o de un jard\u00edn bot\u00e1nico y sobreviven en San Petersburgo, Florida.<\/p>\n\n\n\n<p>En Twitter, se viraliz\u00f3 una foto de un grupo de aves rosas despreocupadas, dentro de un ba\u00f1o p\u00fablico, mientras el hurac\u00e1n Ian destrozaba todo lo que ve\u00eda a su alrededor. Incluso, en la imagen parece que los animales socializan y comen, como si nada pasara.<\/p>\n\n\n\n<p>Sin embargo, estos flamencos lograron sobrevivir a este fen\u00f3meno natural gracias a los trabajadores del jard\u00edn bot\u00e1nico Sunken Gardens, quienes resguardaron a estos emplumados en el ba\u00f1o.<\/p>\n\n\n\n<p>\u201cNuestros animales est\u00e1n a salvo con personal en el lugar para verlos durante la tormenta. Los flamencos est\u00e1n teniendo una fiesta de hurac\u00e1n en el ba\u00f1o; comiendo, bebiendo y bailando&#8221;, publicaron los administradores del parque.<\/p>\n\n\n\n<p>Adem\u00e1s, los flamencos disfrutaban de un d\u00eda sin preocupaciones, resguardados en el ba\u00f1o, el sitio tur\u00edstico confirm\u00f3 que otras especies de animales que habitan all\u00ed estaban fuera de peligro del hurac\u00e1n Ian. Por otra parte, un video que se volvi\u00f3 viral fue el de un perro que quizo ser amigo de unos manat\u00edes, pero se llev\u00f3 tremendo susto.<\/p>\n\n\n\n<figure class=\"wp-block-embed is-type-rich is-provider-twitter wp-block-embed-twitter\"><div class=\"wp-block-embed__wrapper\">\n<blockquote class=\"twitter-tweet\" data-width=\"550\" data-dnt=\"true\"><p lang=\"en\" dir=\"ltr\">\ud83e\udda9\ud83c\udf00We&#39;re hunkered down! Our animals are safe w\/staff on site to see them through the storm. <br>The flamingos are having a hurricane party in the bathroom; eating, drinking, &amp; dancing. \ud83d\ude09<br><br>Stay safe out there! <a href=\"https:\/\/t.co\/ejCuuRUdma\">pic.twitter.com\/ejCuuRUdma<\/a><\/p>&mdash; SunkenGardens (@SunkenGardens) <a href=\"https:\/\/twitter.com\/SunkenGardens\/status\/1575196306896584705?ref_src=twsrc%5Etfw\">September 28, 2022<\/a><\/blockquote><script async src=\"https:\/\/platform.twitter.com\/widgets.js\" charset=\"utf-8\"><\/script>\n<\/div><\/figure>\n","protected":false},"excerpt":{"rendered":"<p>En Twitter, se viraliz\u00f3 una foto de un grupo de aves rosas despreocupadas, dentro de un ba\u00f1o p\u00fablico, mientras el hurac\u00e1n &#8216;Ian&#8217; destrozaba todo lo que ve\u00eda a su alrededor El hurac\u00e1n Ian ha dejado estragos en diferentes partes de Estados Unidos, pero unos flamencos se salvaron tras resguardarse en el ba\u00f1o de un jard\u00edn [&hellip;]<\/p>\n","protected":false},"author":7,"featured_media":43629,"comment_status":"open","ping_status":"open","sticky":false,"template":"","format":"standard","meta":{"tdm_status":"","tdm_grid_status":"","footnotes":""},"categories":[40],"tags":[],"class_list":{"0":"post-43628","1":"post","2":"type-post","3":"status-publish","4":"format-standard","5":"has-post-thumbnail","7":"category-las-asombrosas"},"yoast_head":"<!-- This site is optimized with the Yoast SEO plugin v27.4 - https:\/\/yoast.com\/product\/yoast-seo-wordpress\/ -->\n<title>Flamencos se resguardan de hurac\u00e1n &#039;Ian&#039; en ba\u00f1o de jard\u00edn bot\u00e1nico y sobreviven - Fuentes Fidedignas<\/title>\n<meta name=\"robots\" content=\"index, follow, max-snippet:-1, max-image-preview:large, max-video-preview:-1\" \/>\n<link rel=\"canonical\" href=\"https:\/\/fuentesfidedignas.com.mx\/index.php\/2022\/10\/01\/flamencos-se-resguardan-de-huracan-ian-en-bano-de-jardin-botanico-y-sobreviven\/\" \/>\n<meta property=\"og:locale\" content=\"es_MX\" \/>\n<meta property=\"og:type\" content=\"article\" \/>\n<meta property=\"og:title\" content=\"Flamencos se resguardan de hurac\u00e1n &#039;Ian&#039; en ba\u00f1o de jard\u00edn bot\u00e1nico y sobreviven - Fuentes Fidedignas\" \/>\n<meta property=\"og:description\" content=\"En Twitter, se viraliz\u00f3 una foto de un grupo de aves rosas despreocupadas, dentro de un ba\u00f1o p\u00fablico, mientras el hurac\u00e1n &#8216;Ian&#8217; destrozaba todo lo que ve\u00eda a su alrededor El hurac\u00e1n Ian ha dejado estragos en diferentes partes de Estados Unidos, pero unos flamencos se salvaron tras resguardarse en el ba\u00f1o de un jard\u00edn [&hellip;]\" \/>\n<meta property=\"og:url\" content=\"https:\/\/fuentesfidedignas.com.mx\/index.php\/2022\/10\/01\/flamencos-se-resguardan-de-huracan-ian-en-bano-de-jardin-botanico-y-sobreviven\/\" \/>\n<meta property=\"og:site_name\" content=\"Fuentes Fidedignas\" \/>\n<meta property=\"article:publisher\" content=\"https:\/\/www.facebook.com\/Fuentes-Fidedignas-368234489921644\" \/>\n<meta property=\"article:published_time\" content=\"2022-10-01T06:49:00+00:00\" \/>\n<meta property=\"og:image\" content=\"https:\/\/fuentesfidedignas.com.mx\/wp-content\/uploads\/2022\/09\/FLAMENCOS.jpg\" \/>\n\t<meta property=\"og:image:width\" content=\"800\" \/>\n\t<meta property=\"og:image:height\" content=\"600\" \/>\n\t<meta property=\"og:image:type\" content=\"image\/jpeg\" \/>\n<meta name=\"author\" content=\"Exc\u00e9lsior\" \/>\n<meta name=\"twitter:card\" content=\"summary_large_image\" \/>\n<meta name=\"twitter:creator\" content=\"@fidedignas\" \/>\n<meta name=\"twitter:site\" content=\"@fidedignas\" \/>\n<meta name=\"twitter:label1\" content=\"Escrito por\" \/>\n\t<meta name=\"twitter:data1\" content=\"Exc\u00e9lsior\" \/>\n\t<meta name=\"twitter:label2\" content=\"Tiempo de lectura\" \/>\n\t<meta name=\"twitter:data2\" content=\"2 minutos\" \/>\n<script type=\"application\/ld+json\" class=\"yoast-schema-graph\">{\"@context\":\"https:\\\/\\\/schema.org\",\"@graph\":[{\"@type\":\"Article\",\"@id\":\"https:\\\/\\\/fuentesfidedignas.com.mx\\\/index.php\\\/2022\\\/10\\\/01\\\/flamencos-se-resguardan-de-huracan-ian-en-bano-de-jardin-botanico-y-sobreviven\\\/#article\",\"isPartOf\":{\"@id\":\"https:\\\/\\\/fuentesfidedignas.com.mx\\\/index.php\\\/2022\\\/10\\\/01\\\/flamencos-se-resguardan-de-huracan-ian-en-bano-de-jardin-botanico-y-sobreviven\\\/\"},\"author\":{\"name\":\"Exc\u00e9lsior\",\"@id\":\"https:\\\/\\\/fuentesfidedignas.com.mx\\\/#\\\/schema\\\/person\\\/ec4edd1fbf5efa3e44fce34fe2787780\"},\"headline\":\"Flamencos se resguardan de hurac\u00e1n &#8216;Ian&#8217; en ba\u00f1o de jard\u00edn bot\u00e1nico y sobreviven\",\"datePublished\":\"2022-10-01T06:49:00+00:00\",\"mainEntityOfPage\":{\"@id\":\"https:\\\/\\\/fuentesfidedignas.com.mx\\\/index.php\\\/2022\\\/10\\\/01\\\/flamencos-se-resguardan-de-huracan-ian-en-bano-de-jardin-botanico-y-sobreviven\\\/\"},\"wordCount\":308,\"commentCount\":0,\"publisher\":{\"@id\":\"https:\\\/\\\/fuentesfidedignas.com.mx\\\/#organization\"},\"image\":{\"@id\":\"https:\\\/\\\/fuentesfidedignas.com.mx\\\/index.php\\\/2022\\\/10\\\/01\\\/flamencos-se-resguardan-de-huracan-ian-en-bano-de-jardin-botanico-y-sobreviven\\\/#primaryimage\"},\"thumbnailUrl\":\"https:\\\/\\\/fuentesfidedignas.com.mx\\\/wp-content\\\/uploads\\\/2022\\\/09\\\/FLAMENCOS.jpg\",\"articleSection\":[\"LAS ASOMBROSAS\"],\"inLanguage\":\"es\",\"potentialAction\":[{\"@type\":\"CommentAction\",\"name\":\"Comment\",\"target\":[\"https:\\\/\\\/fuentesfidedignas.com.mx\\\/index.php\\\/2022\\\/10\\\/01\\\/flamencos-se-resguardan-de-huracan-ian-en-bano-de-jardin-botanico-y-sobreviven\\\/#respond\"]}]},{\"@type\":\"WebPage\",\"@id\":\"https:\\\/\\\/fuentesfidedignas.com.mx\\\/index.php\\\/2022\\\/10\\\/01\\\/flamencos-se-resguardan-de-huracan-ian-en-bano-de-jardin-botanico-y-sobreviven\\\/\",\"url\":\"https:\\\/\\\/fuentesfidedignas.com.mx\\\/index.php\\\/2022\\\/10\\\/01\\\/flamencos-se-resguardan-de-huracan-ian-en-bano-de-jardin-botanico-y-sobreviven\\\/\",\"name\":\"Flamencos se resguardan de hurac\u00e1n 'Ian' en ba\u00f1o de jard\u00edn bot\u00e1nico y sobreviven - Fuentes Fidedignas\",\"isPartOf\":{\"@id\":\"https:\\\/\\\/fuentesfidedignas.com.mx\\\/#website\"},\"primaryImageOfPage\":{\"@id\":\"https:\\\/\\\/fuentesfidedignas.com.mx\\\/index.php\\\/2022\\\/10\\\/01\\\/flamencos-se-resguardan-de-huracan-ian-en-bano-de-jardin-botanico-y-sobreviven\\\/#primaryimage\"},\"image\":{\"@id\":\"https:\\\/\\\/fuentesfidedignas.com.mx\\\/index.php\\\/2022\\\/10\\\/01\\\/flamencos-se-resguardan-de-huracan-ian-en-bano-de-jardin-botanico-y-sobreviven\\\/#primaryimage\"},\"thumbnailUrl\":\"https:\\\/\\\/fuentesfidedignas.com.mx\\\/wp-content\\\/uploads\\\/2022\\\/09\\\/FLAMENCOS.jpg\",\"datePublished\":\"2022-10-01T06:49:00+00:00\",\"breadcrumb\":{\"@id\":\"https:\\\/\\\/fuentesfidedignas.com.mx\\\/index.php\\\/2022\\\/10\\\/01\\\/flamencos-se-resguardan-de-huracan-ian-en-bano-de-jardin-botanico-y-sobreviven\\\/#breadcrumb\"},\"inLanguage\":\"es\",\"potentialAction\":[{\"@type\":\"ReadAction\",\"target\":[\"https:\\\/\\\/fuentesfidedignas.com.mx\\\/index.php\\\/2022\\\/10\\\/01\\\/flamencos-se-resguardan-de-huracan-ian-en-bano-de-jardin-botanico-y-sobreviven\\\/\"]}]},{\"@type\":\"ImageObject\",\"inLanguage\":\"es\",\"@id\":\"https:\\\/\\\/fuentesfidedignas.com.mx\\\/index.php\\\/2022\\\/10\\\/01\\\/flamencos-se-resguardan-de-huracan-ian-en-bano-de-jardin-botanico-y-sobreviven\\\/#primaryimage\",\"url\":\"https:\\\/\\\/fuentesfidedignas.com.mx\\\/wp-content\\\/uploads\\\/2022\\\/09\\\/FLAMENCOS.jpg\",\"contentUrl\":\"https:\\\/\\\/fuentesfidedignas.com.mx\\\/wp-content\\\/uploads\\\/2022\\\/09\\\/FLAMENCOS.jpg\",\"width\":800,\"height\":600},{\"@type\":\"BreadcrumbList\",\"@id\":\"https:\\\/\\\/fuentesfidedignas.com.mx\\\/index.php\\\/2022\\\/10\\\/01\\\/flamencos-se-resguardan-de-huracan-ian-en-bano-de-jardin-botanico-y-sobreviven\\\/#breadcrumb\",\"itemListElement\":[{\"@type\":\"ListItem\",\"position\":1,\"name\":\"Inicio\",\"item\":\"https:\\\/\\\/fuentesfidedignas.com.mx\\\/\"},{\"@type\":\"ListItem\",\"position\":2,\"name\":\"Flamencos se resguardan de hurac\u00e1n &#8216;Ian&#8217; en ba\u00f1o de jard\u00edn bot\u00e1nico y sobreviven\"}]},{\"@type\":\"WebSite\",\"@id\":\"https:\\\/\\\/fuentesfidedignas.com.mx\\\/#website\",\"url\":\"https:\\\/\\\/fuentesfidedignas.com.mx\\\/\",\"name\":\"Fuentes Fidedignas\",\"description\":\"Otro sitio realizado con WordPress\",\"publisher\":{\"@id\":\"https:\\\/\\\/fuentesfidedignas.com.mx\\\/#organization\"},\"potentialAction\":[{\"@type\":\"SearchAction\",\"target\":{\"@type\":\"EntryPoint\",\"urlTemplate\":\"https:\\\/\\\/fuentesfidedignas.com.mx\\\/?s={search_term_string}\"},\"query-input\":{\"@type\":\"PropertyValueSpecification\",\"valueRequired\":true,\"valueName\":\"search_term_string\"}}],\"inLanguage\":\"es\"},{\"@type\":\"Organization\",\"@id\":\"https:\\\/\\\/fuentesfidedignas.com.mx\\\/#organization\",\"name\":\"Fuentes Fidedignas\",\"url\":\"https:\\\/\\\/fuentesfidedignas.com.mx\\\/\",\"logo\":{\"@type\":\"ImageObject\",\"inLanguage\":\"es\",\"@id\":\"https:\\\/\\\/fuentesfidedignas.com.mx\\\/#\\\/schema\\\/logo\\\/image\\\/\",\"url\":\"https:\\\/\\\/fuentesfidedignas.com.mx\\\/wp-content\\\/uploads\\\/2021\\\/04\\\/logo-retina.png\",\"contentUrl\":\"https:\\\/\\\/fuentesfidedignas.com.mx\\\/wp-content\\\/uploads\\\/2021\\\/04\\\/logo-retina.png\",\"width\":280,\"height\":51,\"caption\":\"Fuentes Fidedignas\"},\"image\":{\"@id\":\"https:\\\/\\\/fuentesfidedignas.com.mx\\\/#\\\/schema\\\/logo\\\/image\\\/\"},\"sameAs\":[\"https:\\\/\\\/www.facebook.com\\\/Fuentes-Fidedignas-368234489921644\",\"https:\\\/\\\/x.com\\\/fidedignas\"]},{\"@type\":\"Person\",\"@id\":\"https:\\\/\\\/fuentesfidedignas.com.mx\\\/#\\\/schema\\\/person\\\/ec4edd1fbf5efa3e44fce34fe2787780\",\"name\":\"Exc\u00e9lsior\",\"image\":{\"@type\":\"ImageObject\",\"inLanguage\":\"es\",\"@id\":\"https:\\\/\\\/secure.gravatar.com\\\/avatar\\\/4b7ee9206b48be08447852b3f0814dbc7c0f3b51541b164f1464a2725614020b?s=96&d=mm&r=g\",\"url\":\"https:\\\/\\\/secure.gravatar.com\\\/avatar\\\/4b7ee9206b48be08447852b3f0814dbc7c0f3b51541b164f1464a2725614020b?s=96&d=mm&r=g\",\"contentUrl\":\"https:\\\/\\\/secure.gravatar.com\\\/avatar\\\/4b7ee9206b48be08447852b3f0814dbc7c0f3b51541b164f1464a2725614020b?s=96&d=mm&r=g\",\"caption\":\"Exc\u00e9lsior\"},\"url\":\"https:\\\/\\\/fuentesfidedignas.com.mx\\\/index.php\\\/author\\\/excelsior\\\/\"}]}<\/script>\n<!-- \/ Yoast SEO plugin. -->","yoast_head_json":{"title":"Flamencos se resguardan de hurac\u00e1n 'Ian' en ba\u00f1o de jard\u00edn bot\u00e1nico y sobreviven - Fuentes Fidedignas","robots":{"index":"index","follow":"follow","max-snippet":"max-snippet:-1","max-image-preview":"max-image-preview:large","max-video-preview":"max-video-preview:-1"},"canonical":"https:\/\/fuentesfidedignas.com.mx\/index.php\/2022\/10\/01\/flamencos-se-resguardan-de-huracan-ian-en-bano-de-jardin-botanico-y-sobreviven\/","og_locale":"es_MX","og_type":"article","og_title":"Flamencos se resguardan de hurac\u00e1n 'Ian' en ba\u00f1o de jard\u00edn bot\u00e1nico y sobreviven - Fuentes Fidedignas","og_description":"En Twitter, se viraliz\u00f3 una foto de un grupo de aves rosas despreocupadas, dentro de un ba\u00f1o p\u00fablico, mientras el hurac\u00e1n &#8216;Ian&#8217; destrozaba todo lo que ve\u00eda a su alrededor El hurac\u00e1n Ian ha dejado estragos en diferentes partes de Estados Unidos, pero unos flamencos se salvaron tras resguardarse en el ba\u00f1o de un jard\u00edn [&hellip;]","og_url":"https:\/\/fuentesfidedignas.com.mx\/index.php\/2022\/10\/01\/flamencos-se-resguardan-de-huracan-ian-en-bano-de-jardin-botanico-y-sobreviven\/","og_site_name":"Fuentes Fidedignas","article_publisher":"https:\/\/www.facebook.com\/Fuentes-Fidedignas-368234489921644","article_published_time":"2022-10-01T06:49:00+00:00","og_image":[{"width":800,"height":600,"url":"https:\/\/fuentesfidedignas.com.mx\/wp-content\/uploads\/2022\/09\/FLAMENCOS.jpg","type":"image\/jpeg"}],"author":"Exc\u00e9lsior","twitter_card":"summary_large_image","twitter_creator":"@fidedignas","twitter_site":"@fidedignas","twitter_misc":{"Escrito por":"Exc\u00e9lsior","Tiempo de lectura":"2 minutos"},"schema":{"@context":"https:\/\/schema.org","@graph":[{"@type":"Article","@id":"https:\/\/fuentesfidedignas.com.mx\/index.php\/2022\/10\/01\/flamencos-se-resguardan-de-huracan-ian-en-bano-de-jardin-botanico-y-sobreviven\/#article","isPartOf":{"@id":"https:\/\/fuentesfidedignas.com.mx\/index.php\/2022\/10\/01\/flamencos-se-resguardan-de-huracan-ian-en-bano-de-jardin-botanico-y-sobreviven\/"},"author":{"name":"Exc\u00e9lsior","@id":"https:\/\/fuentesfidedignas.com.mx\/#\/schema\/person\/ec4edd1fbf5efa3e44fce34fe2787780"},"headline":"Flamencos se resguardan de hurac\u00e1n &#8216;Ian&#8217; en ba\u00f1o de jard\u00edn bot\u00e1nico y sobreviven","datePublished":"2022-10-01T06:49:00+00:00","mainEntityOfPage":{"@id":"https:\/\/fuentesfidedignas.com.mx\/index.php\/2022\/10\/01\/flamencos-se-resguardan-de-huracan-ian-en-bano-de-jardin-botanico-y-sobreviven\/"},"wordCount":308,"commentCount":0,"publisher":{"@id":"https:\/\/fuentesfidedignas.com.mx\/#organization"},"image":{"@id":"https:\/\/fuentesfidedignas.com.mx\/index.php\/2022\/10\/01\/flamencos-se-resguardan-de-huracan-ian-en-bano-de-jardin-botanico-y-sobreviven\/#primaryimage"},"thumbnailUrl":"https:\/\/fuentesfidedignas.com.mx\/wp-content\/uploads\/2022\/09\/FLAMENCOS.jpg","articleSection":["LAS ASOMBROSAS"],"inLanguage":"es","potentialAction":[{"@type":"CommentAction","name":"Comment","target":["https:\/\/fuentesfidedignas.com.mx\/index.php\/2022\/10\/01\/flamencos-se-resguardan-de-huracan-ian-en-bano-de-jardin-botanico-y-sobreviven\/#respond"]}]},{"@type":"WebPage","@id":"https:\/\/fuentesfidedignas.com.mx\/index.php\/2022\/10\/01\/flamencos-se-resguardan-de-huracan-ian-en-bano-de-jardin-botanico-y-sobreviven\/","url":"https:\/\/fuentesfidedignas.com.mx\/index.php\/2022\/10\/01\/flamencos-se-resguardan-de-huracan-ian-en-bano-de-jardin-botanico-y-sobreviven\/","name":"Flamencos se resguardan de hurac\u00e1n 'Ian' en ba\u00f1o de jard\u00edn bot\u00e1nico y sobreviven - Fuentes Fidedignas","isPartOf":{"@id":"https:\/\/fuentesfidedignas.com.mx\/#website"},"primaryImageOfPage":{"@id":"https:\/\/fuentesfidedignas.com.mx\/index.php\/2022\/10\/01\/flamencos-se-resguardan-de-huracan-ian-en-bano-de-jardin-botanico-y-sobreviven\/#primaryimage"},"image":{"@id":"https:\/\/fuentesfidedignas.com.mx\/index.php\/2022\/10\/01\/flamencos-se-resguardan-de-huracan-ian-en-bano-de-jardin-botanico-y-sobreviven\/#primaryimage"},"thumbnailUrl":"https:\/\/fuentesfidedignas.com.mx\/wp-content\/uploads\/2022\/09\/FLAMENCOS.jpg","datePublished":"2022-10-01T06:49:00+00:00","breadcrumb":{"@id":"https:\/\/fuentesfidedignas.com.mx\/index.php\/2022\/10\/01\/flamencos-se-resguardan-de-huracan-ian-en-bano-de-jardin-botanico-y-sobreviven\/#breadcrumb"},"inLanguage":"es","potentialAction":[{"@type":"ReadAction","target":["https:\/\/fuentesfidedignas.com.mx\/index.php\/2022\/10\/01\/flamencos-se-resguardan-de-huracan-ian-en-bano-de-jardin-botanico-y-sobreviven\/"]}]},{"@type":"ImageObject","inLanguage":"es","@id":"https:\/\/fuentesfidedignas.com.mx\/index.php\/2022\/10\/01\/flamencos-se-resguardan-de-huracan-ian-en-bano-de-jardin-botanico-y-sobreviven\/#primaryimage","url":"https:\/\/fuentesfidedignas.com.mx\/wp-content\/uploads\/2022\/09\/FLAMENCOS.jpg","contentUrl":"https:\/\/fuentesfidedignas.com.mx\/wp-content\/uploads\/2022\/09\/FLAMENCOS.jpg","width":800,"height":600},{"@type":"BreadcrumbList","@id":"https:\/\/fuentesfidedignas.com.mx\/index.php\/2022\/10\/01\/flamencos-se-resguardan-de-huracan-ian-en-bano-de-jardin-botanico-y-sobreviven\/#breadcrumb","itemListElement":[{"@type":"ListItem","position":1,"name":"Inicio","item":"https:\/\/fuentesfidedignas.com.mx\/"},{"@type":"ListItem","position":2,"name":"Flamencos se resguardan de hurac\u00e1n &#8216;Ian&#8217; en ba\u00f1o de jard\u00edn bot\u00e1nico y sobreviven"}]},{"@type":"WebSite","@id":"https:\/\/fuentesfidedignas.com.mx\/#website","url":"https:\/\/fuentesfidedignas.com.mx\/","name":"Fuentes Fidedignas","description":"Otro sitio realizado con WordPress","publisher":{"@id":"https:\/\/fuentesfidedignas.com.mx\/#organization"},"potentialAction":[{"@type":"SearchAction","target":{"@type":"EntryPoint","urlTemplate":"https:\/\/fuentesfidedignas.com.mx\/?s={search_term_string}"},"query-input":{"@type":"PropertyValueSpecification","valueRequired":true,"valueName":"search_term_string"}}],"inLanguage":"es"},{"@type":"Organization","@id":"https:\/\/fuentesfidedignas.com.mx\/#organization","name":"Fuentes Fidedignas","url":"https:\/\/fuentesfidedignas.com.mx\/","logo":{"@type":"ImageObject","inLanguage":"es","@id":"https:\/\/fuentesfidedignas.com.mx\/#\/schema\/logo\/image\/","url":"https:\/\/fuentesfidedignas.com.mx\/wp-content\/uploads\/2021\/04\/logo-retina.png","contentUrl":"https:\/\/fuentesfidedignas.com.mx\/wp-content\/uploads\/2021\/04\/logo-retina.png","width":280,"height":51,"caption":"Fuentes Fidedignas"},"image":{"@id":"https:\/\/fuentesfidedignas.com.mx\/#\/schema\/logo\/image\/"},"sameAs":["https:\/\/www.facebook.com\/Fuentes-Fidedignas-368234489921644","https:\/\/x.com\/fidedignas"]},{"@type":"Person","@id":"https:\/\/fuentesfidedignas.com.mx\/#\/schema\/person\/ec4edd1fbf5efa3e44fce34fe2787780","name":"Exc\u00e9lsior","image":{"@type":"ImageObject","inLanguage":"es","@id":"https:\/\/secure.gravatar.com\/avatar\/4b7ee9206b48be08447852b3f0814dbc7c0f3b51541b164f1464a2725614020b?s=96&d=mm&r=g","url":"https:\/\/secure.gravatar.com\/avatar\/4b7ee9206b48be08447852b3f0814dbc7c0f3b51541b164f1464a2725614020b?s=96&d=mm&r=g","contentUrl":"https:\/\/secure.gravatar.com\/avatar\/4b7ee9206b48be08447852b3f0814dbc7c0f3b51541b164f1464a2725614020b?s=96&d=mm&r=g","caption":"Exc\u00e9lsior"},"url":"https:\/\/fuentesfidedignas.com.mx\/index.php\/author\/excelsior\/"}]}},"_links":{"self":[{"href":"https:\/\/fuentesfidedignas.com.mx\/index.php\/wp-json\/wp\/v2\/posts\/43628","targetHints":{"allow":["GET"]}}],"collection":[{"href":"https:\/\/fuentesfidedignas.com.mx\/index.php\/wp-json\/wp\/v2\/posts"}],"about":[{"href":"https:\/\/fuentesfidedignas.com.mx\/index.php\/wp-json\/wp\/v2\/types\/post"}],"author":[{"embeddable":true,"href":"https:\/\/fuentesfidedignas.com.mx\/index.php\/wp-json\/wp\/v2\/users\/7"}],"replies":[{"embeddable":true,"href":"https:\/\/fuentesfidedignas.com.mx\/index.php\/wp-json\/wp\/v2\/comments?post=43628"}],"version-history":[{"count":1,"href":"https:\/\/fuentesfidedignas.com.mx\/index.php\/wp-json\/wp\/v2\/posts\/43628\/revisions"}],"predecessor-version":[{"id":43630,"href":"https:\/\/fuentesfidedignas.com.mx\/index.php\/wp-json\/wp\/v2\/posts\/43628\/revisions\/43630"}],"wp:featuredmedia":[{"embeddable":true,"href":"https:\/\/fuentesfidedignas.com.mx\/index.php\/wp-json\/wp\/v2\/media\/43629"}],"wp:attachment":[{"href":"https:\/\/fuentesfidedignas.com.mx\/index.php\/wp-json\/wp\/v2\/media?parent=43628"}],"wp:term":[{"taxonomy":"category","embeddable":true,"href":"https:\/\/fuentesfidedignas.com.mx\/index.php\/wp-json\/wp\/v2\/categories?post=43628"},{"taxonomy":"post_tag","embeddable":true,"href":"https:\/\/fuentesfidedignas.com.mx\/index.php\/wp-json\/wp\/v2\/tags?post=43628"}],"curies":[{"name":"wp","href":"https:\/\/api.w.org\/{rel}","templated":true}]}}