{"id":43612,"date":"2022-09-30T14:28:29","date_gmt":"2022-09-30T20:28:29","guid":{"rendered":"https:\/\/fuentesfidedignas.com.mx\/?p=43612"},"modified":"2022-09-30T14:29:35","modified_gmt":"2022-09-30T20:29:35","slug":"consejo-de-proteccion-civil-se-declara-en-sesion-permanente-ante-llegada-de-orlene","status":"publish","type":"post","link":"https:\/\/fuentesfidedignas.com.mx\/index.php\/2022\/09\/30\/consejo-de-proteccion-civil-se-declara-en-sesion-permanente-ante-llegada-de-orlene\/","title":{"rendered":"Consejo de Protecci\u00f3n Civil se declara en Sesi\u00f3n Permanente ante llegada de Orlene"},"content":{"rendered":"\n<p><\/p>\n\n\n\n<p>Culiac\u00e1n, Sin.- El alcalde Juan de Dios G\u00e1mez Mend\u00edvil, activ\u00f3 esta ma\u00f1ana la Sesi\u00f3n Permanente del Consejo Municipal de Protecci\u00f3n Civil ante la posible llegada de la tormenta tropical Orlene, la cual se prev\u00e9 podr\u00eda tocar territorio sinaloense el d\u00eda 4 de octubre.<\/p>\n\n\n\n<p>Acorde al pron\u00f3stico emitido por el Servicio Meteorol\u00f3gico Nacional, este fen\u00f3meno no impactar\u00e1 directamente a Culiac\u00e1n, sin embargo, la ca\u00edda de lluvia ser\u00e1 de suma importancia, tal y como lo ha venido siendo en los \u00faltimos d\u00edas.<\/p>\n\n\n\n<p>Al respecto, el titular de <strong>Protecci\u00f3n Civil Municipal<\/strong>, Jes\u00fas Bill Mendoza Ontiveros, se\u00f1al\u00f3 que los refugios temporales habilitados desde los inicios de la temporada de lluvias y que ya han brindado apoyo, est\u00e1n listos para cualquier eventualidad.<\/p>\n\n\n\n<figure class=\"wp-block-image size-large\"><img decoding=\"async\" width=\"1024\" height=\"682\" src=\"https:\/\/fuentesfidedignas.com.mx\/wp-content\/uploads\/2022\/09\/IMG-20220930-WA0054-1024x682.jpg\" alt=\"\" class=\"wp-image-43615\" srcset=\"https:\/\/fuentesfidedignas.com.mx\/wp-content\/uploads\/2022\/09\/IMG-20220930-WA0054-1024x682.jpg 1024w, https:\/\/fuentesfidedignas.com.mx\/wp-content\/uploads\/2022\/09\/IMG-20220930-WA0054-300x200.jpg 300w, https:\/\/fuentesfidedignas.com.mx\/wp-content\/uploads\/2022\/09\/IMG-20220930-WA0054-768x512.jpg 768w, https:\/\/fuentesfidedignas.com.mx\/wp-content\/uploads\/2022\/09\/IMG-20220930-WA0054-1536x1023.jpg 1536w, https:\/\/fuentesfidedignas.com.mx\/wp-content\/uploads\/2022\/09\/IMG-20220930-WA0054.jpg 1600w\" sizes=\"(max-width: 1024px) 100vw, 1024px\" \/><\/figure>\n\n\n\n<p>Asimismo, explic\u00f3 que el sistema se ha venido articulando para enfrentar esta situaci\u00f3n, pues es a trav\u00e9s de la mejora continua como se pueden ofrecer condiciones \u00f3ptimas de prevenci\u00f3n para los ciudadanos ante estas situaciones de riesgo.<\/p>\n\n\n\n<p>El funcionario municipal, enfatiz\u00f3 que por ahora el municipio se encuentra en alerta azul, pero aun as\u00ed, ya se cuenta con todo el equipo listo, tal es el caso de las camionetas pick up, la presencia del cuerpo de Bomberos, equipo de urgencias m\u00e9dicas, rescatistas de emergencia, plantas de luz, y sobre todo un equipo de radio sincronizado con el resto de las autoridades que participan en estas labores de prevenci\u00f3n.<\/p>\n\n\n\n<p>Para finalizar, el primer edil destac\u00f3 la importancia de las sesiones permanentes, pues hizo hincapi\u00e9 en que <em>\u201cpara que alcance tiene que sobrar<\/em>&#8221; y por ello, la prevenci\u00f3n y el monitoreo constante son esenciales en este tipo de situaciones de emergencia en las que no se puede confiar en el curso de la naturaleza.<\/p>\n","protected":false},"excerpt":{"rendered":"<p>Culiac\u00e1n, Sin.- El alcalde Juan de Dios G\u00e1mez Mend\u00edvil, activ\u00f3 esta ma\u00f1ana la Sesi\u00f3n Permanente del Consejo Municipal de Protecci\u00f3n Civil ante la posible llegada de la tormenta tropical Orlene, la cual se prev\u00e9 podr\u00eda tocar territorio sinaloense el d\u00eda 4 de octubre. Acorde al pron\u00f3stico emitido por el Servicio Meteorol\u00f3gico Nacional, este fen\u00f3meno no [&hellip;]<\/p>\n","protected":false},"author":4,"featured_media":43614,"comment_status":"open","ping_status":"open","sticky":false,"template":"","format":"standard","meta":{"tdm_status":"","tdm_grid_status":"","footnotes":""},"categories":[38],"tags":[],"class_list":{"0":"post-43612","1":"post","2":"type-post","3":"status-publish","4":"format-standard","5":"has-post-thumbnail","7":"category-noticias-locales"},"yoast_head":"<!-- This site is optimized with the Yoast SEO plugin v27.5 - https:\/\/yoast.com\/product\/yoast-seo-wordpress\/ -->\n<title>Consejo de Protecci\u00f3n Civil se declara en Sesi\u00f3n Permanente ante llegada de Orlene - Fuentes Fidedignas<\/title>\n<meta name=\"robots\" content=\"index, follow, max-snippet:-1, max-image-preview:large, max-video-preview:-1\" \/>\n<link rel=\"canonical\" href=\"https:\/\/fuentesfidedignas.com.mx\/index.php\/2022\/09\/30\/consejo-de-proteccion-civil-se-declara-en-sesion-permanente-ante-llegada-de-orlene\/\" \/>\n<meta property=\"og:locale\" content=\"es_MX\" \/>\n<meta property=\"og:type\" content=\"article\" \/>\n<meta property=\"og:title\" content=\"Consejo de Protecci\u00f3n Civil se declara en Sesi\u00f3n Permanente ante llegada de Orlene - Fuentes Fidedignas\" \/>\n<meta property=\"og:description\" content=\"Culiac\u00e1n, Sin.- El alcalde Juan de Dios G\u00e1mez Mend\u00edvil, activ\u00f3 esta ma\u00f1ana la Sesi\u00f3n Permanente del Consejo Municipal de Protecci\u00f3n Civil ante la posible llegada de la tormenta tropical Orlene, la cual se prev\u00e9 podr\u00eda tocar territorio sinaloense el d\u00eda 4 de octubre. Acorde al pron\u00f3stico emitido por el Servicio Meteorol\u00f3gico Nacional, este fen\u00f3meno no [&hellip;]\" \/>\n<meta property=\"og:url\" content=\"https:\/\/fuentesfidedignas.com.mx\/index.php\/2022\/09\/30\/consejo-de-proteccion-civil-se-declara-en-sesion-permanente-ante-llegada-de-orlene\/\" \/>\n<meta property=\"og:site_name\" content=\"Fuentes Fidedignas\" \/>\n<meta property=\"article:publisher\" content=\"https:\/\/www.facebook.com\/Fuentes-Fidedignas-368234489921644\" \/>\n<meta property=\"article:published_time\" content=\"2022-09-30T20:28:29+00:00\" \/>\n<meta property=\"article:modified_time\" content=\"2022-09-30T20:29:35+00:00\" \/>\n<meta property=\"og:image\" content=\"https:\/\/fuentesfidedignas.com.mx\/wp-content\/uploads\/2022\/09\/IMG-20220930-WA0055.jpg\" \/>\n\t<meta property=\"og:image:width\" content=\"1600\" \/>\n\t<meta property=\"og:image:height\" content=\"1066\" \/>\n\t<meta property=\"og:image:type\" content=\"image\/jpeg\" \/>\n<meta name=\"author\" content=\"Redacci\u00f3n\" \/>\n<meta name=\"twitter:card\" content=\"summary_large_image\" \/>\n<meta name=\"twitter:creator\" content=\"@fidedignas\" \/>\n<meta name=\"twitter:site\" content=\"@fidedignas\" \/>\n<meta name=\"twitter:label1\" content=\"Escrito por\" \/>\n\t<meta name=\"twitter:data1\" content=\"Redacci\u00f3n\" \/>\n\t<meta name=\"twitter:label2\" content=\"Tiempo de lectura\" \/>\n\t<meta name=\"twitter:data2\" content=\"2 minutos\" \/>\n<script type=\"application\/ld+json\" class=\"yoast-schema-graph\">{\"@context\":\"https:\\\/\\\/schema.org\",\"@graph\":[{\"@type\":\"Article\",\"@id\":\"https:\\\/\\\/fuentesfidedignas.com.mx\\\/index.php\\\/2022\\\/09\\\/30\\\/consejo-de-proteccion-civil-se-declara-en-sesion-permanente-ante-llegada-de-orlene\\\/#article\",\"isPartOf\":{\"@id\":\"https:\\\/\\\/fuentesfidedignas.com.mx\\\/index.php\\\/2022\\\/09\\\/30\\\/consejo-de-proteccion-civil-se-declara-en-sesion-permanente-ante-llegada-de-orlene\\\/\"},\"author\":{\"name\":\"Redacci\u00f3n\",\"@id\":\"https:\\\/\\\/fuentesfidedignas.com.mx\\\/#\\\/schema\\\/person\\\/331be9283d37198e2acd5750279085b0\"},\"headline\":\"Consejo de Protecci\u00f3n Civil se declara en Sesi\u00f3n Permanente ante llegada de Orlene\",\"datePublished\":\"2022-09-30T20:28:29+00:00\",\"dateModified\":\"2022-09-30T20:29:35+00:00\",\"mainEntityOfPage\":{\"@id\":\"https:\\\/\\\/fuentesfidedignas.com.mx\\\/index.php\\\/2022\\\/09\\\/30\\\/consejo-de-proteccion-civil-se-declara-en-sesion-permanente-ante-llegada-de-orlene\\\/\"},\"wordCount\":318,\"commentCount\":0,\"publisher\":{\"@id\":\"https:\\\/\\\/fuentesfidedignas.com.mx\\\/#organization\"},\"image\":{\"@id\":\"https:\\\/\\\/fuentesfidedignas.com.mx\\\/index.php\\\/2022\\\/09\\\/30\\\/consejo-de-proteccion-civil-se-declara-en-sesion-permanente-ante-llegada-de-orlene\\\/#primaryimage\"},\"thumbnailUrl\":\"https:\\\/\\\/fuentesfidedignas.com.mx\\\/wp-content\\\/uploads\\\/2022\\\/09\\\/IMG-20220930-WA0055.jpg\",\"articleSection\":[\"NOTICIAS LOCALES\"],\"inLanguage\":\"es\",\"potentialAction\":[{\"@type\":\"CommentAction\",\"name\":\"Comment\",\"target\":[\"https:\\\/\\\/fuentesfidedignas.com.mx\\\/index.php\\\/2022\\\/09\\\/30\\\/consejo-de-proteccion-civil-se-declara-en-sesion-permanente-ante-llegada-de-orlene\\\/#respond\"]}]},{\"@type\":\"WebPage\",\"@id\":\"https:\\\/\\\/fuentesfidedignas.com.mx\\\/index.php\\\/2022\\\/09\\\/30\\\/consejo-de-proteccion-civil-se-declara-en-sesion-permanente-ante-llegada-de-orlene\\\/\",\"url\":\"https:\\\/\\\/fuentesfidedignas.com.mx\\\/index.php\\\/2022\\\/09\\\/30\\\/consejo-de-proteccion-civil-se-declara-en-sesion-permanente-ante-llegada-de-orlene\\\/\",\"name\":\"Consejo de Protecci\u00f3n Civil se declara en Sesi\u00f3n Permanente ante llegada de Orlene - Fuentes Fidedignas\",\"isPartOf\":{\"@id\":\"https:\\\/\\\/fuentesfidedignas.com.mx\\\/#website\"},\"primaryImageOfPage\":{\"@id\":\"https:\\\/\\\/fuentesfidedignas.com.mx\\\/index.php\\\/2022\\\/09\\\/30\\\/consejo-de-proteccion-civil-se-declara-en-sesion-permanente-ante-llegada-de-orlene\\\/#primaryimage\"},\"image\":{\"@id\":\"https:\\\/\\\/fuentesfidedignas.com.mx\\\/index.php\\\/2022\\\/09\\\/30\\\/consejo-de-proteccion-civil-se-declara-en-sesion-permanente-ante-llegada-de-orlene\\\/#primaryimage\"},\"thumbnailUrl\":\"https:\\\/\\\/fuentesfidedignas.com.mx\\\/wp-content\\\/uploads\\\/2022\\\/09\\\/IMG-20220930-WA0055.jpg\",\"datePublished\":\"2022-09-30T20:28:29+00:00\",\"dateModified\":\"2022-09-30T20:29:35+00:00\",\"breadcrumb\":{\"@id\":\"https:\\\/\\\/fuentesfidedignas.com.mx\\\/index.php\\\/2022\\\/09\\\/30\\\/consejo-de-proteccion-civil-se-declara-en-sesion-permanente-ante-llegada-de-orlene\\\/#breadcrumb\"},\"inLanguage\":\"es\",\"potentialAction\":[{\"@type\":\"ReadAction\",\"target\":[\"https:\\\/\\\/fuentesfidedignas.com.mx\\\/index.php\\\/2022\\\/09\\\/30\\\/consejo-de-proteccion-civil-se-declara-en-sesion-permanente-ante-llegada-de-orlene\\\/\"]}]},{\"@type\":\"ImageObject\",\"inLanguage\":\"es\",\"@id\":\"https:\\\/\\\/fuentesfidedignas.com.mx\\\/index.php\\\/2022\\\/09\\\/30\\\/consejo-de-proteccion-civil-se-declara-en-sesion-permanente-ante-llegada-de-orlene\\\/#primaryimage\",\"url\":\"https:\\\/\\\/fuentesfidedignas.com.mx\\\/wp-content\\\/uploads\\\/2022\\\/09\\\/IMG-20220930-WA0055.jpg\",\"contentUrl\":\"https:\\\/\\\/fuentesfidedignas.com.mx\\\/wp-content\\\/uploads\\\/2022\\\/09\\\/IMG-20220930-WA0055.jpg\",\"width\":1600,\"height\":1066},{\"@type\":\"BreadcrumbList\",\"@id\":\"https:\\\/\\\/fuentesfidedignas.com.mx\\\/index.php\\\/2022\\\/09\\\/30\\\/consejo-de-proteccion-civil-se-declara-en-sesion-permanente-ante-llegada-de-orlene\\\/#breadcrumb\",\"itemListElement\":[{\"@type\":\"ListItem\",\"position\":1,\"name\":\"Inicio\",\"item\":\"https:\\\/\\\/fuentesfidedignas.com.mx\\\/\"},{\"@type\":\"ListItem\",\"position\":2,\"name\":\"Consejo de Protecci\u00f3n Civil se declara en Sesi\u00f3n Permanente ante llegada de Orlene\"}]},{\"@type\":\"WebSite\",\"@id\":\"https:\\\/\\\/fuentesfidedignas.com.mx\\\/#website\",\"url\":\"https:\\\/\\\/fuentesfidedignas.com.mx\\\/\",\"name\":\"Fuentes Fidedignas\",\"description\":\"Otro sitio realizado con WordPress\",\"publisher\":{\"@id\":\"https:\\\/\\\/fuentesfidedignas.com.mx\\\/#organization\"},\"potentialAction\":[{\"@type\":\"SearchAction\",\"target\":{\"@type\":\"EntryPoint\",\"urlTemplate\":\"https:\\\/\\\/fuentesfidedignas.com.mx\\\/?s={search_term_string}\"},\"query-input\":{\"@type\":\"PropertyValueSpecification\",\"valueRequired\":true,\"valueName\":\"search_term_string\"}}],\"inLanguage\":\"es\"},{\"@type\":\"Organization\",\"@id\":\"https:\\\/\\\/fuentesfidedignas.com.mx\\\/#organization\",\"name\":\"Fuentes Fidedignas\",\"url\":\"https:\\\/\\\/fuentesfidedignas.com.mx\\\/\",\"logo\":{\"@type\":\"ImageObject\",\"inLanguage\":\"es\",\"@id\":\"https:\\\/\\\/fuentesfidedignas.com.mx\\\/#\\\/schema\\\/logo\\\/image\\\/\",\"url\":\"https:\\\/\\\/fuentesfidedignas.com.mx\\\/wp-content\\\/uploads\\\/2021\\\/04\\\/logo-retina.png\",\"contentUrl\":\"https:\\\/\\\/fuentesfidedignas.com.mx\\\/wp-content\\\/uploads\\\/2021\\\/04\\\/logo-retina.png\",\"width\":280,\"height\":51,\"caption\":\"Fuentes Fidedignas\"},\"image\":{\"@id\":\"https:\\\/\\\/fuentesfidedignas.com.mx\\\/#\\\/schema\\\/logo\\\/image\\\/\"},\"sameAs\":[\"https:\\\/\\\/www.facebook.com\\\/Fuentes-Fidedignas-368234489921644\",\"https:\\\/\\\/x.com\\\/fidedignas\"]},{\"@type\":\"Person\",\"@id\":\"https:\\\/\\\/fuentesfidedignas.com.mx\\\/#\\\/schema\\\/person\\\/331be9283d37198e2acd5750279085b0\",\"name\":\"Redacci\u00f3n\",\"image\":{\"@type\":\"ImageObject\",\"inLanguage\":\"es\",\"@id\":\"https:\\\/\\\/secure.gravatar.com\\\/avatar\\\/f6d8782c11d12b2d4ad3fbb6931aeab5309937a4d6cd2fc9cfaa28a6396a5aec?s=96&d=mm&r=g\",\"url\":\"https:\\\/\\\/secure.gravatar.com\\\/avatar\\\/f6d8782c11d12b2d4ad3fbb6931aeab5309937a4d6cd2fc9cfaa28a6396a5aec?s=96&d=mm&r=g\",\"contentUrl\":\"https:\\\/\\\/secure.gravatar.com\\\/avatar\\\/f6d8782c11d12b2d4ad3fbb6931aeab5309937a4d6cd2fc9cfaa28a6396a5aec?s=96&d=mm&r=g\",\"caption\":\"Redacci\u00f3n\"},\"url\":\"https:\\\/\\\/fuentesfidedignas.com.mx\\\/index.php\\\/author\\\/redaccion\\\/\"}]}<\/script>\n<!-- \/ Yoast SEO plugin. -->","yoast_head_json":{"title":"Consejo de Protecci\u00f3n Civil se declara en Sesi\u00f3n Permanente ante llegada de Orlene - Fuentes Fidedignas","robots":{"index":"index","follow":"follow","max-snippet":"max-snippet:-1","max-image-preview":"max-image-preview:large","max-video-preview":"max-video-preview:-1"},"canonical":"https:\/\/fuentesfidedignas.com.mx\/index.php\/2022\/09\/30\/consejo-de-proteccion-civil-se-declara-en-sesion-permanente-ante-llegada-de-orlene\/","og_locale":"es_MX","og_type":"article","og_title":"Consejo de Protecci\u00f3n Civil se declara en Sesi\u00f3n Permanente ante llegada de Orlene - Fuentes Fidedignas","og_description":"Culiac\u00e1n, Sin.- El alcalde Juan de Dios G\u00e1mez Mend\u00edvil, activ\u00f3 esta ma\u00f1ana la Sesi\u00f3n Permanente del Consejo Municipal de Protecci\u00f3n Civil ante la posible llegada de la tormenta tropical Orlene, la cual se prev\u00e9 podr\u00eda tocar territorio sinaloense el d\u00eda 4 de octubre. Acorde al pron\u00f3stico emitido por el Servicio Meteorol\u00f3gico Nacional, este fen\u00f3meno no [&hellip;]","og_url":"https:\/\/fuentesfidedignas.com.mx\/index.php\/2022\/09\/30\/consejo-de-proteccion-civil-se-declara-en-sesion-permanente-ante-llegada-de-orlene\/","og_site_name":"Fuentes Fidedignas","article_publisher":"https:\/\/www.facebook.com\/Fuentes-Fidedignas-368234489921644","article_published_time":"2022-09-30T20:28:29+00:00","article_modified_time":"2022-09-30T20:29:35+00:00","og_image":[{"width":1600,"height":1066,"url":"https:\/\/fuentesfidedignas.com.mx\/wp-content\/uploads\/2022\/09\/IMG-20220930-WA0055.jpg","type":"image\/jpeg"}],"author":"Redacci\u00f3n","twitter_card":"summary_large_image","twitter_creator":"@fidedignas","twitter_site":"@fidedignas","twitter_misc":{"Escrito por":"Redacci\u00f3n","Tiempo de lectura":"2 minutos"},"schema":{"@context":"https:\/\/schema.org","@graph":[{"@type":"Article","@id":"https:\/\/fuentesfidedignas.com.mx\/index.php\/2022\/09\/30\/consejo-de-proteccion-civil-se-declara-en-sesion-permanente-ante-llegada-de-orlene\/#article","isPartOf":{"@id":"https:\/\/fuentesfidedignas.com.mx\/index.php\/2022\/09\/30\/consejo-de-proteccion-civil-se-declara-en-sesion-permanente-ante-llegada-de-orlene\/"},"author":{"name":"Redacci\u00f3n","@id":"https:\/\/fuentesfidedignas.com.mx\/#\/schema\/person\/331be9283d37198e2acd5750279085b0"},"headline":"Consejo de Protecci\u00f3n Civil se declara en Sesi\u00f3n Permanente ante llegada de Orlene","datePublished":"2022-09-30T20:28:29+00:00","dateModified":"2022-09-30T20:29:35+00:00","mainEntityOfPage":{"@id":"https:\/\/fuentesfidedignas.com.mx\/index.php\/2022\/09\/30\/consejo-de-proteccion-civil-se-declara-en-sesion-permanente-ante-llegada-de-orlene\/"},"wordCount":318,"commentCount":0,"publisher":{"@id":"https:\/\/fuentesfidedignas.com.mx\/#organization"},"image":{"@id":"https:\/\/fuentesfidedignas.com.mx\/index.php\/2022\/09\/30\/consejo-de-proteccion-civil-se-declara-en-sesion-permanente-ante-llegada-de-orlene\/#primaryimage"},"thumbnailUrl":"https:\/\/fuentesfidedignas.com.mx\/wp-content\/uploads\/2022\/09\/IMG-20220930-WA0055.jpg","articleSection":["NOTICIAS LOCALES"],"inLanguage":"es","potentialAction":[{"@type":"CommentAction","name":"Comment","target":["https:\/\/fuentesfidedignas.com.mx\/index.php\/2022\/09\/30\/consejo-de-proteccion-civil-se-declara-en-sesion-permanente-ante-llegada-de-orlene\/#respond"]}]},{"@type":"WebPage","@id":"https:\/\/fuentesfidedignas.com.mx\/index.php\/2022\/09\/30\/consejo-de-proteccion-civil-se-declara-en-sesion-permanente-ante-llegada-de-orlene\/","url":"https:\/\/fuentesfidedignas.com.mx\/index.php\/2022\/09\/30\/consejo-de-proteccion-civil-se-declara-en-sesion-permanente-ante-llegada-de-orlene\/","name":"Consejo de Protecci\u00f3n Civil se declara en Sesi\u00f3n Permanente ante llegada de Orlene - Fuentes Fidedignas","isPartOf":{"@id":"https:\/\/fuentesfidedignas.com.mx\/#website"},"primaryImageOfPage":{"@id":"https:\/\/fuentesfidedignas.com.mx\/index.php\/2022\/09\/30\/consejo-de-proteccion-civil-se-declara-en-sesion-permanente-ante-llegada-de-orlene\/#primaryimage"},"image":{"@id":"https:\/\/fuentesfidedignas.com.mx\/index.php\/2022\/09\/30\/consejo-de-proteccion-civil-se-declara-en-sesion-permanente-ante-llegada-de-orlene\/#primaryimage"},"thumbnailUrl":"https:\/\/fuentesfidedignas.com.mx\/wp-content\/uploads\/2022\/09\/IMG-20220930-WA0055.jpg","datePublished":"2022-09-30T20:28:29+00:00","dateModified":"2022-09-30T20:29:35+00:00","breadcrumb":{"@id":"https:\/\/fuentesfidedignas.com.mx\/index.php\/2022\/09\/30\/consejo-de-proteccion-civil-se-declara-en-sesion-permanente-ante-llegada-de-orlene\/#breadcrumb"},"inLanguage":"es","potentialAction":[{"@type":"ReadAction","target":["https:\/\/fuentesfidedignas.com.mx\/index.php\/2022\/09\/30\/consejo-de-proteccion-civil-se-declara-en-sesion-permanente-ante-llegada-de-orlene\/"]}]},{"@type":"ImageObject","inLanguage":"es","@id":"https:\/\/fuentesfidedignas.com.mx\/index.php\/2022\/09\/30\/consejo-de-proteccion-civil-se-declara-en-sesion-permanente-ante-llegada-de-orlene\/#primaryimage","url":"https:\/\/fuentesfidedignas.com.mx\/wp-content\/uploads\/2022\/09\/IMG-20220930-WA0055.jpg","contentUrl":"https:\/\/fuentesfidedignas.com.mx\/wp-content\/uploads\/2022\/09\/IMG-20220930-WA0055.jpg","width":1600,"height":1066},{"@type":"BreadcrumbList","@id":"https:\/\/fuentesfidedignas.com.mx\/index.php\/2022\/09\/30\/consejo-de-proteccion-civil-se-declara-en-sesion-permanente-ante-llegada-de-orlene\/#breadcrumb","itemListElement":[{"@type":"ListItem","position":1,"name":"Inicio","item":"https:\/\/fuentesfidedignas.com.mx\/"},{"@type":"ListItem","position":2,"name":"Consejo de Protecci\u00f3n Civil se declara en Sesi\u00f3n Permanente ante llegada de Orlene"}]},{"@type":"WebSite","@id":"https:\/\/fuentesfidedignas.com.mx\/#website","url":"https:\/\/fuentesfidedignas.com.mx\/","name":"Fuentes Fidedignas","description":"Otro sitio realizado con WordPress","publisher":{"@id":"https:\/\/fuentesfidedignas.com.mx\/#organization"},"potentialAction":[{"@type":"SearchAction","target":{"@type":"EntryPoint","urlTemplate":"https:\/\/fuentesfidedignas.com.mx\/?s={search_term_string}"},"query-input":{"@type":"PropertyValueSpecification","valueRequired":true,"valueName":"search_term_string"}}],"inLanguage":"es"},{"@type":"Organization","@id":"https:\/\/fuentesfidedignas.com.mx\/#organization","name":"Fuentes Fidedignas","url":"https:\/\/fuentesfidedignas.com.mx\/","logo":{"@type":"ImageObject","inLanguage":"es","@id":"https:\/\/fuentesfidedignas.com.mx\/#\/schema\/logo\/image\/","url":"https:\/\/fuentesfidedignas.com.mx\/wp-content\/uploads\/2021\/04\/logo-retina.png","contentUrl":"https:\/\/fuentesfidedignas.com.mx\/wp-content\/uploads\/2021\/04\/logo-retina.png","width":280,"height":51,"caption":"Fuentes Fidedignas"},"image":{"@id":"https:\/\/fuentesfidedignas.com.mx\/#\/schema\/logo\/image\/"},"sameAs":["https:\/\/www.facebook.com\/Fuentes-Fidedignas-368234489921644","https:\/\/x.com\/fidedignas"]},{"@type":"Person","@id":"https:\/\/fuentesfidedignas.com.mx\/#\/schema\/person\/331be9283d37198e2acd5750279085b0","name":"Redacci\u00f3n","image":{"@type":"ImageObject","inLanguage":"es","@id":"https:\/\/secure.gravatar.com\/avatar\/f6d8782c11d12b2d4ad3fbb6931aeab5309937a4d6cd2fc9cfaa28a6396a5aec?s=96&d=mm&r=g","url":"https:\/\/secure.gravatar.com\/avatar\/f6d8782c11d12b2d4ad3fbb6931aeab5309937a4d6cd2fc9cfaa28a6396a5aec?s=96&d=mm&r=g","contentUrl":"https:\/\/secure.gravatar.com\/avatar\/f6d8782c11d12b2d4ad3fbb6931aeab5309937a4d6cd2fc9cfaa28a6396a5aec?s=96&d=mm&r=g","caption":"Redacci\u00f3n"},"url":"https:\/\/fuentesfidedignas.com.mx\/index.php\/author\/redaccion\/"}]}},"_links":{"self":[{"href":"https:\/\/fuentesfidedignas.com.mx\/index.php\/wp-json\/wp\/v2\/posts\/43612","targetHints":{"allow":["GET"]}}],"collection":[{"href":"https:\/\/fuentesfidedignas.com.mx\/index.php\/wp-json\/wp\/v2\/posts"}],"about":[{"href":"https:\/\/fuentesfidedignas.com.mx\/index.php\/wp-json\/wp\/v2\/types\/post"}],"author":[{"embeddable":true,"href":"https:\/\/fuentesfidedignas.com.mx\/index.php\/wp-json\/wp\/v2\/users\/4"}],"replies":[{"embeddable":true,"href":"https:\/\/fuentesfidedignas.com.mx\/index.php\/wp-json\/wp\/v2\/comments?post=43612"}],"version-history":[{"count":2,"href":"https:\/\/fuentesfidedignas.com.mx\/index.php\/wp-json\/wp\/v2\/posts\/43612\/revisions"}],"predecessor-version":[{"id":43616,"href":"https:\/\/fuentesfidedignas.com.mx\/index.php\/wp-json\/wp\/v2\/posts\/43612\/revisions\/43616"}],"wp:featuredmedia":[{"embeddable":true,"href":"https:\/\/fuentesfidedignas.com.mx\/index.php\/wp-json\/wp\/v2\/media\/43614"}],"wp:attachment":[{"href":"https:\/\/fuentesfidedignas.com.mx\/index.php\/wp-json\/wp\/v2\/media?parent=43612"}],"wp:term":[{"taxonomy":"category","embeddable":true,"href":"https:\/\/fuentesfidedignas.com.mx\/index.php\/wp-json\/wp\/v2\/categories?post=43612"},{"taxonomy":"post_tag","embeddable":true,"href":"https:\/\/fuentesfidedignas.com.mx\/index.php\/wp-json\/wp\/v2\/tags?post=43612"}],"curies":[{"name":"wp","href":"https:\/\/api.w.org\/{rel}","templated":true}]}}