{"id":43599,"date":"2022-09-30T08:00:00","date_gmt":"2022-09-30T14:00:00","guid":{"rendered":"https:\/\/fuentesfidedignas.com.mx\/?p=43599"},"modified":"2022-09-30T11:07:30","modified_gmt":"2022-09-30T17:07:30","slug":"hackeo-a-sedena-rebela-nuevos-detalles-del-culiacanazo-mas-muertos-y-llamadas","status":"publish","type":"post","link":"https:\/\/fuentesfidedignas.com.mx\/index.php\/2022\/09\/30\/hackeo-a-sedena-rebela-nuevos-detalles-del-culiacanazo-mas-muertos-y-llamadas\/","title":{"rendered":"Hackeo a Sedena rebela nuevos detalles del \u201cCuliacanazo\u201d; m\u00e1s muertos y llamadas"},"content":{"rendered":"\n<p><em><strong>Un grupo de piratas inform\u00e1ticos accedi\u00f3 a informaci\u00f3n clasificada&nbsp;que estaba alojada en miles de correos desde septiembre de 2016 hasta el mismo mes de este a\u00f1o<\/strong><\/em><\/p>\n\n\n\n<p>Culiac\u00e1n, Sin.- <strong>El&nbsp;<\/strong><em><strong>culiacanazo<\/strong><\/em>, operativo del arresto y posterior liberaci\u00f3n de&nbsp;<strong>Ovidio Guzm\u00e1n L\u00f3pez<\/strong>, hijo de<strong>&nbsp;Joaqu\u00edn Guzm\u00e1n Loera<\/strong>,&nbsp;<strong>el&nbsp;<\/strong><em><strong>Chapo<\/strong><\/em>, cuenta con detalles de<strong>&nbsp;llamadas&nbsp;<\/strong>registradas en presuntos documentos que fueron&nbsp;<em>hackeados<\/em>&nbsp;a la&nbsp;<strong>Secretar\u00eda de la Defensa Nacional<\/strong>&nbsp;(Sedena).<\/p>\n\n\n\n<p>Seg\u00fan lo informado por el portal&nbsp;<em>Latinus<\/em>,&nbsp;<strong>un grupo de piratas inform\u00e1ticos accedi\u00f3 a informaci\u00f3n clasificada<\/strong>&nbsp;que estaba alojada en miles de correos desde septiembre de 2016 hasta el mismo mes de este a\u00f1o. Los datos fueron proporcionados al periodista Carlos Loret de Mola, quien revel\u00f3 fragmentos in\u00e9ditos de lo sucedido aquella tarde del 17 de octubre de 2019, cuando el jefe del Estado mexicano cedi\u00f3 a la presi\u00f3n del narco.<\/p>\n\n\n\n<p>De acuerdo con el reporte, la informaci\u00f3n fue obtenida del grupo de&nbsp;<em>hackers&nbsp;<\/em>denominados&nbsp;<em>Guacamaya<\/em>, quienes intervinieron&nbsp;<strong>partes militares de la Guardia Nacional<\/strong>&nbsp;sobre el<em><strong>&nbsp;culiacanazo<\/strong><\/em>, donde se mencionan un par de llamadas distintas: la de los hijos del&nbsp;<em><strong>Chapo&nbsp;<\/strong><\/em><strong>Guzm\u00e1n<\/strong>, as\u00ed como la orden del presidente L\u00f3pez Obrador para dejar ir al objetivo, cuyos hermanos desataron el caos en la capital de&nbsp;<strong>Sinaloa<\/strong>.<\/p>\n\n\n\n<p><img decoding=\"async\" alt=\"La narrativa del caos en Sinaloa fue una especie de ejemplo sobre los informes sensibles de seguridad (Foto: Captura de pantalla\/Latinus)\" height=\"1080\" width=\"1920\" class=\"\" src=\"https:\/\/cloudfront-us-east-1.images.arcpublishing.com\/infobae\/B6R3ANYCSBHBBP6CDJD3UPMEJE.jpg\" srcset=\"https:\/\/www.infobae.com\/new-resizer\/bD6ICFC6TRL1lOdyiskv5HbQtXE=\/420x236\/filters:format(webp):quality(85)\/cloudfront-us-east-1.images.arcpublishing.com\/infobae\/B6R3ANYCSBHBBP6CDJD3UPMEJE.jpg 420w,https:\/\/www.infobae.com\/new-resizer\/4nYJvDYzXFrHt5LuNDprqsNh4MQ=\/768x432\/filters:format(webp):quality(85)\/cloudfront-us-east-1.images.arcpublishing.com\/infobae\/B6R3ANYCSBHBBP6CDJD3UPMEJE.jpg 768w,https:\/\/www.infobae.com\/new-resizer\/Qdn0qbKhIkMlSx0mPIw8qq7SQEg=\/992x558\/filters:format(webp):quality(85)\/cloudfront-us-east-1.images.arcpublishing.com\/infobae\/B6R3ANYCSBHBBP6CDJD3UPMEJE.jpg 992w,https:\/\/www.infobae.com\/new-resizer\/e_u_tlyEDNGuPgpRvktwSbbHayo=\/1200x675\/filters:format(webp):quality(85)\/cloudfront-us-east-1.images.arcpublishing.com\/infobae\/B6R3ANYCSBHBBP6CDJD3UPMEJE.jpg 1200w,https:\/\/www.infobae.com\/new-resizer\/HX27L5WVvMxzRB00Po6UPOMciwQ=\/1440x810\/filters:format(webp):quality(85)\/cloudfront-us-east-1.images.arcpublishing.com\/infobae\/B6R3ANYCSBHBBP6CDJD3UPMEJE.jpg 1440w\">La narrativa del caos en Sinaloa fue una especie de ejemplo sobre los informes sensibles de seguridad (Foto: Captura de pantalla\/Latinus)<\/p>\n\n\n\n<p>En el informe oficial de la&nbsp;<strong>Sedena<\/strong>&nbsp;ya se hab\u00eda revelado un video general sobre aquellas horas de<strong>&nbsp;narcoterror<\/strong>&nbsp;que paralizaron a&nbsp;<strong>Culiac\u00e1n<\/strong>. En este clip se mostr\u00f3 el aseguramiento de<strong>&nbsp;Ovidio Guzm\u00e1n L\u00f3pez<\/strong>, quien cuenta con una orden de arresto con fines de extradici\u00f3n para que responda por delitos de&nbsp;<strong>narcotr\u00e1fico&nbsp;<\/strong>en la Corte del Distrito de Columbia.<\/p>\n\n\n\n<p>Tambi\u00e9n se hab\u00eda reportado que el acusado se comunic\u00f3 para cooperar con las autoridades, quienes<strong>&nbsp;le pidieron que sus huestes cesaran el ataque&nbsp;<\/strong>y las presiones para dejarlo ir. Pero<strong>&nbsp;no se sab\u00eda espec\u00edficamente a qui\u00e9n llam\u00f3<\/strong>. En la publicaci\u00f3n reciente se asegura que Guzm\u00e1n L\u00f3pez estableci\u00f3 una l\u00ednea directa con su hermano mayor,&nbsp;<strong>Iv\u00e1n Archivaldo Guzm\u00e1n Salazar<\/strong>,&nbsp;<strong>el&nbsp;<\/strong><em><strong>Chapito<\/strong><\/em>, l\u00edder de la dirigencia del&nbsp;<strong>C\u00e1rtel de Sinaloa&nbsp;<\/strong>que dej\u00f3 su padre.<\/p>\n\n\n\n<p>Supuestamente, estos detalles conforman la narrativa para que guardias nacionales tuvieran conocimiento y redactaran de esa manera lo sucedido. Por ello se realiz\u00f3 el informe donde se a\u00f1aden puntos espec\u00edficos del&nbsp;<em><strong>culiacanazo<\/strong><\/em>.<\/p>\n\n\n\n<figure class=\"wp-block-image\"><img decoding=\"async\" src=\"https:\/\/cloudfront-us-east-1.images.arcpublishing.com\/infobae\/26F6E2UJQJFM3JQKF7BZEKDNDA.jpg\" alt=\"\"\/><\/figure>\n\n\n\n<p><img decoding=\"async\" alt=\"Hubo nueve y no ocho muertos aquel 17 de octubre de 2019 (Foto: Captura de pantalla\/Latinus)\" height=\"967\" width=\"1749\" class=\"\" src=\"https:\/\/cloudfront-us-east-1.images.arcpublishing.com\/infobae\/MDOA2WWIFJBZBFO4TWMXSNKPC4.jpg\" srcset=\"https:\/\/www.infobae.com\/new-resizer\/JqwU5DHWQDECI0Zn4AEZ8tfEbtk=\/420x236\/filters:format(webp):quality(85)\/cloudfront-us-east-1.images.arcpublishing.com\/infobae\/MDOA2WWIFJBZBFO4TWMXSNKPC4.jpg 420w,https:\/\/www.infobae.com\/new-resizer\/17i4NHLGiKF-S8ZBbl0gN8SZFTU=\/768x432\/filters:format(webp):quality(85)\/cloudfront-us-east-1.images.arcpublishing.com\/infobae\/MDOA2WWIFJBZBFO4TWMXSNKPC4.jpg 768w,https:\/\/www.infobae.com\/new-resizer\/-JxwMMb7uHPo_TWD3ZQyONCu3IY=\/992x558\/filters:format(webp):quality(85)\/cloudfront-us-east-1.images.arcpublishing.com\/infobae\/MDOA2WWIFJBZBFO4TWMXSNKPC4.jpg 992w,https:\/\/www.infobae.com\/new-resizer\/LeJct-EXwvGSYajoXHV-hOoM0IA=\/1200x675\/filters:format(webp):quality(85)\/cloudfront-us-east-1.images.arcpublishing.com\/infobae\/MDOA2WWIFJBZBFO4TWMXSNKPC4.jpg 1200w,https:\/\/www.infobae.com\/new-resizer\/2Y7i6OSYiAn1KxYFZFDeKFcycmI=\/1440x810\/filters:format(webp):quality(85)\/cloudfront-us-east-1.images.arcpublishing.com\/infobae\/MDOA2WWIFJBZBFO4TWMXSNKPC4.jpg 1440w\">Hubo nueve y no ocho muertos aquel 17 de octubre de 2019 (Foto: Captura de pantalla\/Latinus)<\/p>\n\n\n\n<p><strong>Luis Cresencio Sandoval Gonz\u00e1lez<\/strong>, general secretario de la Sedena, inform\u00f3 el 30 de octubre de 2019 que el arribo de soldados al domicilio del Fraccionamiento Tres R\u00edos fue a las 15:00 horas y comenzaron con el operativo 30 minutos despu\u00e9s, cuando rodearon el inmueble y localizaron al objetivo con su familia dentro. Sin embargo, el documento que supuestamente fue hackeado se\u00f1ala un desfase temporal.<\/p>\n\n\n\n<p>En los nuevos informes se precisa que las fuerzas de seguridad conminaron a&nbsp;<strong>Ovidio Guzm\u00e1n L\u00f3pez&nbsp;<\/strong>a las<strong>&nbsp;15:17&nbsp;<\/strong>horas para que persuadiera a sus hermanos que manten\u00edan una actitud hostil de sus c\u00e9lulas. Ah\u00ed fue cuando llam\u00f3 al&nbsp;<em><strong>Chapito<\/strong><\/em>. Incluso en el video mostrado en la conferencia matutina del presidente L\u00f3pez Obrador permite apreciar que el acusado tiene un celular en la mano y pide que todo se detenga porque ya est\u00e1 asegurado.<\/p>\n\n\n\n<blockquote class=\"wp-block-quote is-layout-flow wp-block-quote-is-layout-flow\"><p>\u201c<strong>Su hermano respondi\u00f3 con una actitud negativa y lanz\u00f3 amenazas en contra del personal y su familias<\/strong>\u201d, apunta el documento publicado por&nbsp;<em>Latinus<\/em>.<\/p><\/blockquote>\n\n\n\n<p>El presidente L\u00f3pez Obrador ha asumido en reiteradas ocasiones que \u00e9l orden\u00f3 dejar en libertado al hijo del&nbsp;<em><strong>Chapo<\/strong><\/em><strong>&nbsp;Guzm\u00e1n<\/strong>, luego de que el&nbsp;<strong>C\u00e1rtel de Sinaloa&nbsp;<\/strong>desatara narcobloqueos, atacara unidades habitacionales de militares, liberara a m\u00e1s de 50 presos del penal de<strong>&nbsp;Aguaruto<\/strong>, y se enfrentara a balazos contra los agentes del orden.<\/p>\n\n\n\n<p><img decoding=\"async\" alt=\"Explicaci\u00f3n de la Sedena sobre el culiacanazo (Foto: Captura de pantalla)\" height=\"1080\" width=\"1920\" class=\"\" src=\"https:\/\/cloudfront-us-east-1.images.arcpublishing.com\/infobae\/H4NENHWAYFCSZHPYSIYJSVOVB4.jpg\" srcset=\"https:\/\/www.infobae.com\/new-resizer\/pmp4PS7PgQs-sjKwom0qE8L_-kM=\/420x236\/filters:format(webp):quality(85)\/cloudfront-us-east-1.images.arcpublishing.com\/infobae\/H4NENHWAYFCSZHPYSIYJSVOVB4.jpg 420w,https:\/\/www.infobae.com\/new-resizer\/Fw6DyMxDLXbu8uFafzL2dvegFdQ=\/768x432\/filters:format(webp):quality(85)\/cloudfront-us-east-1.images.arcpublishing.com\/infobae\/H4NENHWAYFCSZHPYSIYJSVOVB4.jpg 768w,https:\/\/www.infobae.com\/new-resizer\/A0q7MZdTCsD359ayzB1_T67GjO8=\/992x558\/filters:format(webp):quality(85)\/cloudfront-us-east-1.images.arcpublishing.com\/infobae\/H4NENHWAYFCSZHPYSIYJSVOVB4.jpg 992w,https:\/\/www.infobae.com\/new-resizer\/_x3OXzmPMKrrKLEFDJbA-rGyzdg=\/1200x675\/filters:format(webp):quality(85)\/cloudfront-us-east-1.images.arcpublishing.com\/infobae\/H4NENHWAYFCSZHPYSIYJSVOVB4.jpg 1200w,https:\/\/www.infobae.com\/new-resizer\/1G7g2fUnAZCrjaLsvu7szeJV15E=\/1440x810\/filters:format(webp):quality(85)\/cloudfront-us-east-1.images.arcpublishing.com\/infobae\/H4NENHWAYFCSZHPYSIYJSVOVB4.jpg 1440w\">Explicaci\u00f3n de la Sedena sobre el culiacanazo (Foto: Captura de pantalla)<\/p>\n\n\n\n<p>Sandoval Gonz\u00e1lez dijo que la decisi\u00f3n fue determinada a las 19:49 horas, pero el informe revelado por Loret de Mola indica que la llamada del mandatario se recibi\u00f3 a las 19:30 horas, casi 20 minutos antes.<strong>&nbsp;No queda claro por qu\u00e9 est\u00e1 vac\u00edo ese lapso de tiempo<\/strong>, aunque tambi\u00e9n es probable que la orden se tardara en llegar al mando respectivo desde el m\u00e1s alto nivel.<\/p>\n\n\n\n<p>Esa suma de desfases temporales se a\u00f1aden al n\u00famero de personas asesinadas aquel d\u00eda del&nbsp;<em>culiacanazo<\/em>. La&nbsp;<strong>Sedena&nbsp;<\/strong>asegur\u00f3 que hubo&nbsp;<strong>ocho muertos<\/strong>, pero los informes internos se\u00f1alan una v\u00edctima adicional, cuyos restos calcinados y cuerpos con impactos de bala estaban en unidades oficiales de la polic\u00eda local, as\u00ed como en un cami\u00f3n de la<strong>&nbsp;Guardia Nacional<\/strong>.<\/p>\n\n\n\n<p>Si bien, no se modifica la narrativa oficial, los detalles de horarios abren interrogantes sobre la duraci\u00f3n del operativo. En su momento, el presidente L\u00f3pez Obrador justific\u00f3 que de no haber liberado al hijo del&nbsp;<em><strong>Chapo&nbsp;<\/strong><\/em><strong>Guzm\u00e1n<\/strong>, habr\u00edan fallecido hasta 200 personas. Una semana m\u00e1s tarde de los hechos, parte de la justificaci\u00f3n fue que no se obtuvo a tiempo la orden judicial de cateo, pero tambi\u00e9n se acus\u00f3 falta de planeaci\u00f3n, as\u00ed como apoyo del Departamento de Justicia de EEUU.<\/p>\n","protected":false},"excerpt":{"rendered":"<p>Un grupo de piratas inform\u00e1ticos accedi\u00f3 a informaci\u00f3n clasificada&nbsp;que estaba alojada en miles de correos desde septiembre de 2016 hasta el mismo mes de este a\u00f1o Culiac\u00e1n, Sin.- El&nbsp;culiacanazo, operativo del arresto y posterior liberaci\u00f3n de&nbsp;Ovidio Guzm\u00e1n L\u00f3pez, hijo de&nbsp;Joaqu\u00edn Guzm\u00e1n Loera,&nbsp;el&nbsp;Chapo, cuenta con detalles de&nbsp;llamadas&nbsp;registradas en presuntos documentos que fueron&nbsp;hackeados&nbsp;a la&nbsp;Secretar\u00eda de la Defensa [&hellip;]<\/p>\n","protected":false},"author":41,"featured_media":43600,"comment_status":"open","ping_status":"open","sticky":false,"template":"","format":"standard","meta":{"tdm_status":"","tdm_grid_status":"","footnotes":""},"categories":[37],"tags":[],"class_list":{"0":"post-43599","1":"post","2":"type-post","3":"status-publish","4":"format-standard","5":"has-post-thumbnail","7":"category-nota-principal"},"yoast_head":"<!-- This site is optimized with the Yoast SEO plugin v27.5 - https:\/\/yoast.com\/product\/yoast-seo-wordpress\/ -->\n<title>Hackeo a Sedena rebela nuevos detalles del \u201cCuliacanazo\u201d; m\u00e1s muertos y llamadas - Fuentes Fidedignas<\/title>\n<meta name=\"robots\" content=\"index, follow, max-snippet:-1, max-image-preview:large, max-video-preview:-1\" \/>\n<link rel=\"canonical\" href=\"https:\/\/fuentesfidedignas.com.mx\/index.php\/2022\/09\/30\/hackeo-a-sedena-rebela-nuevos-detalles-del-culiacanazo-mas-muertos-y-llamadas\/\" \/>\n<meta property=\"og:locale\" content=\"es_MX\" \/>\n<meta property=\"og:type\" content=\"article\" \/>\n<meta property=\"og:title\" content=\"Hackeo a Sedena rebela nuevos detalles del \u201cCuliacanazo\u201d; m\u00e1s muertos y llamadas - Fuentes Fidedignas\" \/>\n<meta property=\"og:description\" content=\"Un grupo de piratas inform\u00e1ticos accedi\u00f3 a informaci\u00f3n clasificada&nbsp;que estaba alojada en miles de correos desde septiembre de 2016 hasta el mismo mes de este a\u00f1o Culiac\u00e1n, Sin.- El&nbsp;culiacanazo, operativo del arresto y posterior liberaci\u00f3n de&nbsp;Ovidio Guzm\u00e1n L\u00f3pez, hijo de&nbsp;Joaqu\u00edn Guzm\u00e1n Loera,&nbsp;el&nbsp;Chapo, cuenta con detalles de&nbsp;llamadas&nbsp;registradas en presuntos documentos que fueron&nbsp;hackeados&nbsp;a la&nbsp;Secretar\u00eda de la Defensa [&hellip;]\" \/>\n<meta property=\"og:url\" content=\"https:\/\/fuentesfidedignas.com.mx\/index.php\/2022\/09\/30\/hackeo-a-sedena-rebela-nuevos-detalles-del-culiacanazo-mas-muertos-y-llamadas\/\" \/>\n<meta property=\"og:site_name\" content=\"Fuentes Fidedignas\" \/>\n<meta property=\"article:publisher\" content=\"https:\/\/www.facebook.com\/Fuentes-Fidedignas-368234489921644\" \/>\n<meta property=\"article:published_time\" content=\"2022-09-30T14:00:00+00:00\" \/>\n<meta property=\"article:modified_time\" content=\"2022-09-30T17:07:30+00:00\" \/>\n<meta property=\"og:image\" content=\"https:\/\/fuentesfidedignas.com.mx\/wp-content\/uploads\/2022\/09\/culiacanazo.jpg\" \/>\n\t<meta property=\"og:image:width\" content=\"958\" \/>\n\t<meta property=\"og:image:height\" content=\"596\" \/>\n\t<meta property=\"og:image:type\" content=\"image\/jpeg\" \/>\n<meta name=\"author\" content=\"Infobae\" \/>\n<meta name=\"twitter:card\" content=\"summary_large_image\" \/>\n<meta name=\"twitter:creator\" content=\"@fidedignas\" \/>\n<meta name=\"twitter:site\" content=\"@fidedignas\" \/>\n<meta name=\"twitter:label1\" content=\"Escrito por\" \/>\n\t<meta name=\"twitter:data1\" content=\"Infobae\" \/>\n\t<meta name=\"twitter:label2\" content=\"Tiempo de lectura\" \/>\n\t<meta name=\"twitter:data2\" content=\"5 minutos\" \/>\n<script type=\"application\/ld+json\" class=\"yoast-schema-graph\">{\"@context\":\"https:\\\/\\\/schema.org\",\"@graph\":[{\"@type\":\"Article\",\"@id\":\"https:\\\/\\\/fuentesfidedignas.com.mx\\\/index.php\\\/2022\\\/09\\\/30\\\/hackeo-a-sedena-rebela-nuevos-detalles-del-culiacanazo-mas-muertos-y-llamadas\\\/#article\",\"isPartOf\":{\"@id\":\"https:\\\/\\\/fuentesfidedignas.com.mx\\\/index.php\\\/2022\\\/09\\\/30\\\/hackeo-a-sedena-rebela-nuevos-detalles-del-culiacanazo-mas-muertos-y-llamadas\\\/\"},\"author\":{\"name\":\"Infobae\",\"@id\":\"https:\\\/\\\/fuentesfidedignas.com.mx\\\/#\\\/schema\\\/person\\\/8575896a7c1067d352f6c1cd6582c389\"},\"headline\":\"Hackeo a Sedena rebela nuevos detalles del \u201cCuliacanazo\u201d; m\u00e1s muertos y llamadas\",\"datePublished\":\"2022-09-30T14:00:00+00:00\",\"dateModified\":\"2022-09-30T17:07:30+00:00\",\"mainEntityOfPage\":{\"@id\":\"https:\\\/\\\/fuentesfidedignas.com.mx\\\/index.php\\\/2022\\\/09\\\/30\\\/hackeo-a-sedena-rebela-nuevos-detalles-del-culiacanazo-mas-muertos-y-llamadas\\\/\"},\"wordCount\":967,\"commentCount\":0,\"publisher\":{\"@id\":\"https:\\\/\\\/fuentesfidedignas.com.mx\\\/#organization\"},\"image\":{\"@id\":\"https:\\\/\\\/fuentesfidedignas.com.mx\\\/index.php\\\/2022\\\/09\\\/30\\\/hackeo-a-sedena-rebela-nuevos-detalles-del-culiacanazo-mas-muertos-y-llamadas\\\/#primaryimage\"},\"thumbnailUrl\":\"https:\\\/\\\/fuentesfidedignas.com.mx\\\/wp-content\\\/uploads\\\/2022\\\/09\\\/culiacanazo.jpg\",\"articleSection\":[\"NOTA PRINCIPAL\"],\"inLanguage\":\"es\",\"potentialAction\":[{\"@type\":\"CommentAction\",\"name\":\"Comment\",\"target\":[\"https:\\\/\\\/fuentesfidedignas.com.mx\\\/index.php\\\/2022\\\/09\\\/30\\\/hackeo-a-sedena-rebela-nuevos-detalles-del-culiacanazo-mas-muertos-y-llamadas\\\/#respond\"]}]},{\"@type\":\"WebPage\",\"@id\":\"https:\\\/\\\/fuentesfidedignas.com.mx\\\/index.php\\\/2022\\\/09\\\/30\\\/hackeo-a-sedena-rebela-nuevos-detalles-del-culiacanazo-mas-muertos-y-llamadas\\\/\",\"url\":\"https:\\\/\\\/fuentesfidedignas.com.mx\\\/index.php\\\/2022\\\/09\\\/30\\\/hackeo-a-sedena-rebela-nuevos-detalles-del-culiacanazo-mas-muertos-y-llamadas\\\/\",\"name\":\"Hackeo a Sedena rebela nuevos detalles del \u201cCuliacanazo\u201d; m\u00e1s muertos y llamadas - Fuentes Fidedignas\",\"isPartOf\":{\"@id\":\"https:\\\/\\\/fuentesfidedignas.com.mx\\\/#website\"},\"primaryImageOfPage\":{\"@id\":\"https:\\\/\\\/fuentesfidedignas.com.mx\\\/index.php\\\/2022\\\/09\\\/30\\\/hackeo-a-sedena-rebela-nuevos-detalles-del-culiacanazo-mas-muertos-y-llamadas\\\/#primaryimage\"},\"image\":{\"@id\":\"https:\\\/\\\/fuentesfidedignas.com.mx\\\/index.php\\\/2022\\\/09\\\/30\\\/hackeo-a-sedena-rebela-nuevos-detalles-del-culiacanazo-mas-muertos-y-llamadas\\\/#primaryimage\"},\"thumbnailUrl\":\"https:\\\/\\\/fuentesfidedignas.com.mx\\\/wp-content\\\/uploads\\\/2022\\\/09\\\/culiacanazo.jpg\",\"datePublished\":\"2022-09-30T14:00:00+00:00\",\"dateModified\":\"2022-09-30T17:07:30+00:00\",\"breadcrumb\":{\"@id\":\"https:\\\/\\\/fuentesfidedignas.com.mx\\\/index.php\\\/2022\\\/09\\\/30\\\/hackeo-a-sedena-rebela-nuevos-detalles-del-culiacanazo-mas-muertos-y-llamadas\\\/#breadcrumb\"},\"inLanguage\":\"es\",\"potentialAction\":[{\"@type\":\"ReadAction\",\"target\":[\"https:\\\/\\\/fuentesfidedignas.com.mx\\\/index.php\\\/2022\\\/09\\\/30\\\/hackeo-a-sedena-rebela-nuevos-detalles-del-culiacanazo-mas-muertos-y-llamadas\\\/\"]}]},{\"@type\":\"ImageObject\",\"inLanguage\":\"es\",\"@id\":\"https:\\\/\\\/fuentesfidedignas.com.mx\\\/index.php\\\/2022\\\/09\\\/30\\\/hackeo-a-sedena-rebela-nuevos-detalles-del-culiacanazo-mas-muertos-y-llamadas\\\/#primaryimage\",\"url\":\"https:\\\/\\\/fuentesfidedignas.com.mx\\\/wp-content\\\/uploads\\\/2022\\\/09\\\/culiacanazo.jpg\",\"contentUrl\":\"https:\\\/\\\/fuentesfidedignas.com.mx\\\/wp-content\\\/uploads\\\/2022\\\/09\\\/culiacanazo.jpg\",\"width\":958,\"height\":596},{\"@type\":\"BreadcrumbList\",\"@id\":\"https:\\\/\\\/fuentesfidedignas.com.mx\\\/index.php\\\/2022\\\/09\\\/30\\\/hackeo-a-sedena-rebela-nuevos-detalles-del-culiacanazo-mas-muertos-y-llamadas\\\/#breadcrumb\",\"itemListElement\":[{\"@type\":\"ListItem\",\"position\":1,\"name\":\"Inicio\",\"item\":\"https:\\\/\\\/fuentesfidedignas.com.mx\\\/\"},{\"@type\":\"ListItem\",\"position\":2,\"name\":\"Hackeo a Sedena rebela nuevos detalles del \u201cCuliacanazo\u201d; m\u00e1s muertos y llamadas\"}]},{\"@type\":\"WebSite\",\"@id\":\"https:\\\/\\\/fuentesfidedignas.com.mx\\\/#website\",\"url\":\"https:\\\/\\\/fuentesfidedignas.com.mx\\\/\",\"name\":\"Fuentes Fidedignas\",\"description\":\"Otro sitio realizado con WordPress\",\"publisher\":{\"@id\":\"https:\\\/\\\/fuentesfidedignas.com.mx\\\/#organization\"},\"potentialAction\":[{\"@type\":\"SearchAction\",\"target\":{\"@type\":\"EntryPoint\",\"urlTemplate\":\"https:\\\/\\\/fuentesfidedignas.com.mx\\\/?s={search_term_string}\"},\"query-input\":{\"@type\":\"PropertyValueSpecification\",\"valueRequired\":true,\"valueName\":\"search_term_string\"}}],\"inLanguage\":\"es\"},{\"@type\":\"Organization\",\"@id\":\"https:\\\/\\\/fuentesfidedignas.com.mx\\\/#organization\",\"name\":\"Fuentes Fidedignas\",\"url\":\"https:\\\/\\\/fuentesfidedignas.com.mx\\\/\",\"logo\":{\"@type\":\"ImageObject\",\"inLanguage\":\"es\",\"@id\":\"https:\\\/\\\/fuentesfidedignas.com.mx\\\/#\\\/schema\\\/logo\\\/image\\\/\",\"url\":\"https:\\\/\\\/fuentesfidedignas.com.mx\\\/wp-content\\\/uploads\\\/2021\\\/04\\\/logo-retina.png\",\"contentUrl\":\"https:\\\/\\\/fuentesfidedignas.com.mx\\\/wp-content\\\/uploads\\\/2021\\\/04\\\/logo-retina.png\",\"width\":280,\"height\":51,\"caption\":\"Fuentes Fidedignas\"},\"image\":{\"@id\":\"https:\\\/\\\/fuentesfidedignas.com.mx\\\/#\\\/schema\\\/logo\\\/image\\\/\"},\"sameAs\":[\"https:\\\/\\\/www.facebook.com\\\/Fuentes-Fidedignas-368234489921644\",\"https:\\\/\\\/x.com\\\/fidedignas\"]},{\"@type\":\"Person\",\"@id\":\"https:\\\/\\\/fuentesfidedignas.com.mx\\\/#\\\/schema\\\/person\\\/8575896a7c1067d352f6c1cd6582c389\",\"name\":\"Infobae\",\"image\":{\"@type\":\"ImageObject\",\"inLanguage\":\"es\",\"@id\":\"https:\\\/\\\/secure.gravatar.com\\\/avatar\\\/e4ec95706f8d1670343f6526fdcec45474bab17475a851434a64ca12b5acba1c?s=96&d=mm&r=g\",\"url\":\"https:\\\/\\\/secure.gravatar.com\\\/avatar\\\/e4ec95706f8d1670343f6526fdcec45474bab17475a851434a64ca12b5acba1c?s=96&d=mm&r=g\",\"contentUrl\":\"https:\\\/\\\/secure.gravatar.com\\\/avatar\\\/e4ec95706f8d1670343f6526fdcec45474bab17475a851434a64ca12b5acba1c?s=96&d=mm&r=g\",\"caption\":\"Infobae\"},\"url\":\"https:\\\/\\\/fuentesfidedignas.com.mx\\\/index.php\\\/author\\\/infobae\\\/\"}]}<\/script>\n<!-- \/ Yoast SEO plugin. -->","yoast_head_json":{"title":"Hackeo a Sedena rebela nuevos detalles del \u201cCuliacanazo\u201d; m\u00e1s muertos y llamadas - Fuentes Fidedignas","robots":{"index":"index","follow":"follow","max-snippet":"max-snippet:-1","max-image-preview":"max-image-preview:large","max-video-preview":"max-video-preview:-1"},"canonical":"https:\/\/fuentesfidedignas.com.mx\/index.php\/2022\/09\/30\/hackeo-a-sedena-rebela-nuevos-detalles-del-culiacanazo-mas-muertos-y-llamadas\/","og_locale":"es_MX","og_type":"article","og_title":"Hackeo a Sedena rebela nuevos detalles del \u201cCuliacanazo\u201d; m\u00e1s muertos y llamadas - Fuentes Fidedignas","og_description":"Un grupo de piratas inform\u00e1ticos accedi\u00f3 a informaci\u00f3n clasificada&nbsp;que estaba alojada en miles de correos desde septiembre de 2016 hasta el mismo mes de este a\u00f1o Culiac\u00e1n, Sin.- El&nbsp;culiacanazo, operativo del arresto y posterior liberaci\u00f3n de&nbsp;Ovidio Guzm\u00e1n L\u00f3pez, hijo de&nbsp;Joaqu\u00edn Guzm\u00e1n Loera,&nbsp;el&nbsp;Chapo, cuenta con detalles de&nbsp;llamadas&nbsp;registradas en presuntos documentos que fueron&nbsp;hackeados&nbsp;a la&nbsp;Secretar\u00eda de la Defensa [&hellip;]","og_url":"https:\/\/fuentesfidedignas.com.mx\/index.php\/2022\/09\/30\/hackeo-a-sedena-rebela-nuevos-detalles-del-culiacanazo-mas-muertos-y-llamadas\/","og_site_name":"Fuentes Fidedignas","article_publisher":"https:\/\/www.facebook.com\/Fuentes-Fidedignas-368234489921644","article_published_time":"2022-09-30T14:00:00+00:00","article_modified_time":"2022-09-30T17:07:30+00:00","og_image":[{"width":958,"height":596,"url":"https:\/\/fuentesfidedignas.com.mx\/wp-content\/uploads\/2022\/09\/culiacanazo.jpg","type":"image\/jpeg"}],"author":"Infobae","twitter_card":"summary_large_image","twitter_creator":"@fidedignas","twitter_site":"@fidedignas","twitter_misc":{"Escrito por":"Infobae","Tiempo de lectura":"5 minutos"},"schema":{"@context":"https:\/\/schema.org","@graph":[{"@type":"Article","@id":"https:\/\/fuentesfidedignas.com.mx\/index.php\/2022\/09\/30\/hackeo-a-sedena-rebela-nuevos-detalles-del-culiacanazo-mas-muertos-y-llamadas\/#article","isPartOf":{"@id":"https:\/\/fuentesfidedignas.com.mx\/index.php\/2022\/09\/30\/hackeo-a-sedena-rebela-nuevos-detalles-del-culiacanazo-mas-muertos-y-llamadas\/"},"author":{"name":"Infobae","@id":"https:\/\/fuentesfidedignas.com.mx\/#\/schema\/person\/8575896a7c1067d352f6c1cd6582c389"},"headline":"Hackeo a Sedena rebela nuevos detalles del \u201cCuliacanazo\u201d; m\u00e1s muertos y llamadas","datePublished":"2022-09-30T14:00:00+00:00","dateModified":"2022-09-30T17:07:30+00:00","mainEntityOfPage":{"@id":"https:\/\/fuentesfidedignas.com.mx\/index.php\/2022\/09\/30\/hackeo-a-sedena-rebela-nuevos-detalles-del-culiacanazo-mas-muertos-y-llamadas\/"},"wordCount":967,"commentCount":0,"publisher":{"@id":"https:\/\/fuentesfidedignas.com.mx\/#organization"},"image":{"@id":"https:\/\/fuentesfidedignas.com.mx\/index.php\/2022\/09\/30\/hackeo-a-sedena-rebela-nuevos-detalles-del-culiacanazo-mas-muertos-y-llamadas\/#primaryimage"},"thumbnailUrl":"https:\/\/fuentesfidedignas.com.mx\/wp-content\/uploads\/2022\/09\/culiacanazo.jpg","articleSection":["NOTA PRINCIPAL"],"inLanguage":"es","potentialAction":[{"@type":"CommentAction","name":"Comment","target":["https:\/\/fuentesfidedignas.com.mx\/index.php\/2022\/09\/30\/hackeo-a-sedena-rebela-nuevos-detalles-del-culiacanazo-mas-muertos-y-llamadas\/#respond"]}]},{"@type":"WebPage","@id":"https:\/\/fuentesfidedignas.com.mx\/index.php\/2022\/09\/30\/hackeo-a-sedena-rebela-nuevos-detalles-del-culiacanazo-mas-muertos-y-llamadas\/","url":"https:\/\/fuentesfidedignas.com.mx\/index.php\/2022\/09\/30\/hackeo-a-sedena-rebela-nuevos-detalles-del-culiacanazo-mas-muertos-y-llamadas\/","name":"Hackeo a Sedena rebela nuevos detalles del \u201cCuliacanazo\u201d; m\u00e1s muertos y llamadas - Fuentes Fidedignas","isPartOf":{"@id":"https:\/\/fuentesfidedignas.com.mx\/#website"},"primaryImageOfPage":{"@id":"https:\/\/fuentesfidedignas.com.mx\/index.php\/2022\/09\/30\/hackeo-a-sedena-rebela-nuevos-detalles-del-culiacanazo-mas-muertos-y-llamadas\/#primaryimage"},"image":{"@id":"https:\/\/fuentesfidedignas.com.mx\/index.php\/2022\/09\/30\/hackeo-a-sedena-rebela-nuevos-detalles-del-culiacanazo-mas-muertos-y-llamadas\/#primaryimage"},"thumbnailUrl":"https:\/\/fuentesfidedignas.com.mx\/wp-content\/uploads\/2022\/09\/culiacanazo.jpg","datePublished":"2022-09-30T14:00:00+00:00","dateModified":"2022-09-30T17:07:30+00:00","breadcrumb":{"@id":"https:\/\/fuentesfidedignas.com.mx\/index.php\/2022\/09\/30\/hackeo-a-sedena-rebela-nuevos-detalles-del-culiacanazo-mas-muertos-y-llamadas\/#breadcrumb"},"inLanguage":"es","potentialAction":[{"@type":"ReadAction","target":["https:\/\/fuentesfidedignas.com.mx\/index.php\/2022\/09\/30\/hackeo-a-sedena-rebela-nuevos-detalles-del-culiacanazo-mas-muertos-y-llamadas\/"]}]},{"@type":"ImageObject","inLanguage":"es","@id":"https:\/\/fuentesfidedignas.com.mx\/index.php\/2022\/09\/30\/hackeo-a-sedena-rebela-nuevos-detalles-del-culiacanazo-mas-muertos-y-llamadas\/#primaryimage","url":"https:\/\/fuentesfidedignas.com.mx\/wp-content\/uploads\/2022\/09\/culiacanazo.jpg","contentUrl":"https:\/\/fuentesfidedignas.com.mx\/wp-content\/uploads\/2022\/09\/culiacanazo.jpg","width":958,"height":596},{"@type":"BreadcrumbList","@id":"https:\/\/fuentesfidedignas.com.mx\/index.php\/2022\/09\/30\/hackeo-a-sedena-rebela-nuevos-detalles-del-culiacanazo-mas-muertos-y-llamadas\/#breadcrumb","itemListElement":[{"@type":"ListItem","position":1,"name":"Inicio","item":"https:\/\/fuentesfidedignas.com.mx\/"},{"@type":"ListItem","position":2,"name":"Hackeo a Sedena rebela nuevos detalles del \u201cCuliacanazo\u201d; m\u00e1s muertos y llamadas"}]},{"@type":"WebSite","@id":"https:\/\/fuentesfidedignas.com.mx\/#website","url":"https:\/\/fuentesfidedignas.com.mx\/","name":"Fuentes Fidedignas","description":"Otro sitio realizado con WordPress","publisher":{"@id":"https:\/\/fuentesfidedignas.com.mx\/#organization"},"potentialAction":[{"@type":"SearchAction","target":{"@type":"EntryPoint","urlTemplate":"https:\/\/fuentesfidedignas.com.mx\/?s={search_term_string}"},"query-input":{"@type":"PropertyValueSpecification","valueRequired":true,"valueName":"search_term_string"}}],"inLanguage":"es"},{"@type":"Organization","@id":"https:\/\/fuentesfidedignas.com.mx\/#organization","name":"Fuentes Fidedignas","url":"https:\/\/fuentesfidedignas.com.mx\/","logo":{"@type":"ImageObject","inLanguage":"es","@id":"https:\/\/fuentesfidedignas.com.mx\/#\/schema\/logo\/image\/","url":"https:\/\/fuentesfidedignas.com.mx\/wp-content\/uploads\/2021\/04\/logo-retina.png","contentUrl":"https:\/\/fuentesfidedignas.com.mx\/wp-content\/uploads\/2021\/04\/logo-retina.png","width":280,"height":51,"caption":"Fuentes Fidedignas"},"image":{"@id":"https:\/\/fuentesfidedignas.com.mx\/#\/schema\/logo\/image\/"},"sameAs":["https:\/\/www.facebook.com\/Fuentes-Fidedignas-368234489921644","https:\/\/x.com\/fidedignas"]},{"@type":"Person","@id":"https:\/\/fuentesfidedignas.com.mx\/#\/schema\/person\/8575896a7c1067d352f6c1cd6582c389","name":"Infobae","image":{"@type":"ImageObject","inLanguage":"es","@id":"https:\/\/secure.gravatar.com\/avatar\/e4ec95706f8d1670343f6526fdcec45474bab17475a851434a64ca12b5acba1c?s=96&d=mm&r=g","url":"https:\/\/secure.gravatar.com\/avatar\/e4ec95706f8d1670343f6526fdcec45474bab17475a851434a64ca12b5acba1c?s=96&d=mm&r=g","contentUrl":"https:\/\/secure.gravatar.com\/avatar\/e4ec95706f8d1670343f6526fdcec45474bab17475a851434a64ca12b5acba1c?s=96&d=mm&r=g","caption":"Infobae"},"url":"https:\/\/fuentesfidedignas.com.mx\/index.php\/author\/infobae\/"}]}},"_links":{"self":[{"href":"https:\/\/fuentesfidedignas.com.mx\/index.php\/wp-json\/wp\/v2\/posts\/43599","targetHints":{"allow":["GET"]}}],"collection":[{"href":"https:\/\/fuentesfidedignas.com.mx\/index.php\/wp-json\/wp\/v2\/posts"}],"about":[{"href":"https:\/\/fuentesfidedignas.com.mx\/index.php\/wp-json\/wp\/v2\/types\/post"}],"author":[{"embeddable":true,"href":"https:\/\/fuentesfidedignas.com.mx\/index.php\/wp-json\/wp\/v2\/users\/41"}],"replies":[{"embeddable":true,"href":"https:\/\/fuentesfidedignas.com.mx\/index.php\/wp-json\/wp\/v2\/comments?post=43599"}],"version-history":[{"count":2,"href":"https:\/\/fuentesfidedignas.com.mx\/index.php\/wp-json\/wp\/v2\/posts\/43599\/revisions"}],"predecessor-version":[{"id":43602,"href":"https:\/\/fuentesfidedignas.com.mx\/index.php\/wp-json\/wp\/v2\/posts\/43599\/revisions\/43602"}],"wp:featuredmedia":[{"embeddable":true,"href":"https:\/\/fuentesfidedignas.com.mx\/index.php\/wp-json\/wp\/v2\/media\/43600"}],"wp:attachment":[{"href":"https:\/\/fuentesfidedignas.com.mx\/index.php\/wp-json\/wp\/v2\/media?parent=43599"}],"wp:term":[{"taxonomy":"category","embeddable":true,"href":"https:\/\/fuentesfidedignas.com.mx\/index.php\/wp-json\/wp\/v2\/categories?post=43599"},{"taxonomy":"post_tag","embeddable":true,"href":"https:\/\/fuentesfidedignas.com.mx\/index.php\/wp-json\/wp\/v2\/tags?post=43599"}],"curies":[{"name":"wp","href":"https:\/\/api.w.org\/{rel}","templated":true}]}}