{"id":43555,"date":"2022-09-29T17:22:06","date_gmt":"2022-09-29T23:22:06","guid":{"rendered":"https:\/\/fuentesfidedignas.com.mx\/?p=43555"},"modified":"2022-09-29T17:22:08","modified_gmt":"2022-09-29T23:22:08","slug":"si-a-los-jovenes-se-les-rescata-hay-un-mejor-desarrollo-en-el-pais-sebides","status":"publish","type":"post","link":"https:\/\/fuentesfidedignas.com.mx\/index.php\/2022\/09\/29\/si-a-los-jovenes-se-les-rescata-hay-un-mejor-desarrollo-en-el-pais-sebides\/","title":{"rendered":"Si a los j\u00f3venes se les rescata hay un mejor desarrollo en el pa\u00eds: SEBIDES"},"content":{"rendered":"\n<p><strong><em>Durante la inauguraci\u00f3n del comedor universitario de la Universidad Aut\u00f3noma de Occidente, la Secretaria Mar\u00eda In\u00e9s P\u00e9rez Corral record\u00f3 el compromiso realizado en este gobierno para que los j\u00f3venes se desarrollen, y qu\u00e9 mejor manera, que apoy\u00e1ndolos para que su preocupaci\u00f3n sea solamente como mejorar sus notas acad\u00e9micas.<\/em><\/strong><\/p>\n\n\n\n<p>Culiac\u00e1n, Sinaloa.- El tema de los comedores universitarios se ampliar\u00e1 por que es necesario inform\u00f3 la Secretaria de Bienestar y Desarrollo Sustentable Mar\u00eda In\u00e9s P\u00e9rez Corral durante la inauguraci\u00f3n del ubicado en la Universidad Aut\u00f3noma de Occidente, Unidad Culiac\u00e1n.<\/p>\n\n\n\n<p>Ante un auditorio repleto de estudiantes y en representaci\u00f3n del Gobernador Rub\u00e9n Rocha Moya record\u00f3 que si a los j\u00f3venes se les rescata hay un mejor desarrollo en el pa\u00eds, porque si se les rescata de las calles, se vienen a las universidades.<\/p>\n\n\n\n<p>\u201cApoyar a los j\u00f3venes, apostarle a los j\u00f3venes, es apostar sin duda al desarrollo\u201d coment\u00f3.<br>Fue la rectora de la UAdeO, Silvia Paz D\u00edaz Camacho quien record\u00f3 que en esa casa de estudios cuando un joven supera el 9 de promedio es beneficiado con una exoneraci\u00f3n de colegiatura, por lo que ahora con el apoyo de comida a bajo costo su rendimiento acad\u00e9mico ser\u00e1 mucho mejor.<\/p>\n\n\n\n<p>\u201cCon este programa se busca garantizar que las y los estudiantes que m\u00e1s lo requieran tengan acceso a un alimento saludable en nuestras instalaciones, y se lograra\u201d, afirm\u00f3.<br>El encargado del programa, el director del Instituto Sinaloense de la Juventud, Saul Meza Ontiveros, explic\u00f3 que este programa se pens\u00f3 para que los j\u00f3venes se preocupen por sus estudios, no por que tienen hambre y no traen dinero.<\/p>\n\n\n\n<p>\u201cQue ustedes puedan tener una comida nutritiva, balanceada y a bajo costo nos ayuda a todos\u2026 ya imagense 20 pesos por un desayuno completo, y ser\u00e1n m\u00e1s de 16 mil alimentos en todo el estado que ayudaran mucho\u201d, inform\u00f3.<\/p>\n\n\n\n<p>A nombre de los j\u00f3venes beneficiados, el estudiante Nedel Gonzalo Bartolo, record\u00f3 que a veces el hambre realmente los puede llevar a desertar, porque no tienen dinero para comer, pero en este momento, estas becas son primordiales.<\/p>\n\n\n\n<p>\u201cTodos los d\u00edas enfrentamos diferentes circunstancias\u2026 en este momento los que estamos aqu\u00ed, y los que est\u00e1n en las aulas, solo est\u00e1n empe\u00f1ados en salir adelante y graduarse, no en c\u00f3mo y qu\u00e9 comer\u201d, prosigui\u00f3.<\/p>\n\n\n\n<p>El programa consiste en detectar a 150 j\u00f3venes, en esta unidad, para otorgarles una comida completa al d\u00eda por 20 pesos dentro de la cafeter\u00eda del campus, misma que ser\u00e1 subsidiada por el Gobierno del Estado. En la unidad de la UAdeO de Escuinapa ser\u00e1n 100 los j\u00f3venes beneficiados en la primera etapa del programa.<\/p>\n\n\n\n<p>Este ser\u00eda el segundo comedor universitario que se inaugura despu\u00e9s del de la Universidad Tecnol\u00f3gica del Valle del \u00c9vora en Angostura donde se benefici\u00f3 a 120 estudiantes.<\/p>\n","protected":false},"excerpt":{"rendered":"<p>Durante la inauguraci\u00f3n del comedor universitario de la Universidad Aut\u00f3noma de Occidente, la Secretaria Mar\u00eda In\u00e9s P\u00e9rez Corral record\u00f3 el compromiso realizado en este gobierno para que los j\u00f3venes se desarrollen, y qu\u00e9 mejor manera, que apoy\u00e1ndolos para que su preocupaci\u00f3n sea solamente como mejorar sus notas acad\u00e9micas. Culiac\u00e1n, Sinaloa.- El tema de los comedores [&hellip;]<\/p>\n","protected":false},"author":4,"featured_media":43558,"comment_status":"open","ping_status":"open","sticky":false,"template":"","format":"standard","meta":{"tdm_status":"","tdm_grid_status":"","footnotes":""},"categories":[38],"tags":[],"class_list":{"0":"post-43555","1":"post","2":"type-post","3":"status-publish","4":"format-standard","5":"has-post-thumbnail","7":"category-noticias-locales"},"yoast_head":"<!-- This site is optimized with the Yoast SEO plugin v27.5 - https:\/\/yoast.com\/product\/yoast-seo-wordpress\/ -->\n<title>Si a los j\u00f3venes se les rescata hay un mejor desarrollo en el pa\u00eds: SEBIDES - Fuentes Fidedignas<\/title>\n<meta name=\"robots\" content=\"index, follow, max-snippet:-1, max-image-preview:large, max-video-preview:-1\" \/>\n<link rel=\"canonical\" href=\"https:\/\/fuentesfidedignas.com.mx\/index.php\/2022\/09\/29\/si-a-los-jovenes-se-les-rescata-hay-un-mejor-desarrollo-en-el-pais-sebides\/\" \/>\n<meta property=\"og:locale\" content=\"es_MX\" \/>\n<meta property=\"og:type\" content=\"article\" \/>\n<meta property=\"og:title\" content=\"Si a los j\u00f3venes se les rescata hay un mejor desarrollo en el pa\u00eds: SEBIDES - Fuentes Fidedignas\" \/>\n<meta property=\"og:description\" content=\"Durante la inauguraci\u00f3n del comedor universitario de la Universidad Aut\u00f3noma de Occidente, la Secretaria Mar\u00eda In\u00e9s P\u00e9rez Corral record\u00f3 el compromiso realizado en este gobierno para que los j\u00f3venes se desarrollen, y qu\u00e9 mejor manera, que apoy\u00e1ndolos para que su preocupaci\u00f3n sea solamente como mejorar sus notas acad\u00e9micas. Culiac\u00e1n, Sinaloa.- El tema de los comedores [&hellip;]\" \/>\n<meta property=\"og:url\" content=\"https:\/\/fuentesfidedignas.com.mx\/index.php\/2022\/09\/29\/si-a-los-jovenes-se-les-rescata-hay-un-mejor-desarrollo-en-el-pais-sebides\/\" \/>\n<meta property=\"og:site_name\" content=\"Fuentes Fidedignas\" \/>\n<meta property=\"article:publisher\" content=\"https:\/\/www.facebook.com\/Fuentes-Fidedignas-368234489921644\" \/>\n<meta property=\"article:published_time\" content=\"2022-09-29T23:22:06+00:00\" \/>\n<meta property=\"article:modified_time\" content=\"2022-09-29T23:22:08+00:00\" \/>\n<meta property=\"og:image\" content=\"https:\/\/fuentesfidedignas.com.mx\/wp-content\/uploads\/2022\/09\/IMG-20220929-WA0135.jpg\" \/>\n\t<meta property=\"og:image:width\" content=\"1024\" \/>\n\t<meta property=\"og:image:height\" content=\"682\" \/>\n\t<meta property=\"og:image:type\" content=\"image\/jpeg\" \/>\n<meta name=\"author\" content=\"Redacci\u00f3n\" \/>\n<meta name=\"twitter:card\" content=\"summary_large_image\" \/>\n<meta name=\"twitter:creator\" content=\"@fidedignas\" \/>\n<meta name=\"twitter:site\" content=\"@fidedignas\" \/>\n<meta name=\"twitter:label1\" content=\"Escrito por\" \/>\n\t<meta name=\"twitter:data1\" content=\"Redacci\u00f3n\" \/>\n\t<meta name=\"twitter:label2\" content=\"Tiempo de lectura\" \/>\n\t<meta name=\"twitter:data2\" content=\"3 minutos\" \/>\n<script type=\"application\/ld+json\" class=\"yoast-schema-graph\">{\"@context\":\"https:\\\/\\\/schema.org\",\"@graph\":[{\"@type\":\"Article\",\"@id\":\"https:\\\/\\\/fuentesfidedignas.com.mx\\\/index.php\\\/2022\\\/09\\\/29\\\/si-a-los-jovenes-se-les-rescata-hay-un-mejor-desarrollo-en-el-pais-sebides\\\/#article\",\"isPartOf\":{\"@id\":\"https:\\\/\\\/fuentesfidedignas.com.mx\\\/index.php\\\/2022\\\/09\\\/29\\\/si-a-los-jovenes-se-les-rescata-hay-un-mejor-desarrollo-en-el-pais-sebides\\\/\"},\"author\":{\"name\":\"Redacci\u00f3n\",\"@id\":\"https:\\\/\\\/fuentesfidedignas.com.mx\\\/#\\\/schema\\\/person\\\/331be9283d37198e2acd5750279085b0\"},\"headline\":\"Si a los j\u00f3venes se les rescata hay un mejor desarrollo en el pa\u00eds: SEBIDES\",\"datePublished\":\"2022-09-29T23:22:06+00:00\",\"dateModified\":\"2022-09-29T23:22:08+00:00\",\"mainEntityOfPage\":{\"@id\":\"https:\\\/\\\/fuentesfidedignas.com.mx\\\/index.php\\\/2022\\\/09\\\/29\\\/si-a-los-jovenes-se-les-rescata-hay-un-mejor-desarrollo-en-el-pais-sebides\\\/\"},\"wordCount\":510,\"commentCount\":0,\"publisher\":{\"@id\":\"https:\\\/\\\/fuentesfidedignas.com.mx\\\/#organization\"},\"image\":{\"@id\":\"https:\\\/\\\/fuentesfidedignas.com.mx\\\/index.php\\\/2022\\\/09\\\/29\\\/si-a-los-jovenes-se-les-rescata-hay-un-mejor-desarrollo-en-el-pais-sebides\\\/#primaryimage\"},\"thumbnailUrl\":\"https:\\\/\\\/fuentesfidedignas.com.mx\\\/wp-content\\\/uploads\\\/2022\\\/09\\\/IMG-20220929-WA0135.jpg\",\"articleSection\":[\"NOTICIAS LOCALES\"],\"inLanguage\":\"es\",\"potentialAction\":[{\"@type\":\"CommentAction\",\"name\":\"Comment\",\"target\":[\"https:\\\/\\\/fuentesfidedignas.com.mx\\\/index.php\\\/2022\\\/09\\\/29\\\/si-a-los-jovenes-se-les-rescata-hay-un-mejor-desarrollo-en-el-pais-sebides\\\/#respond\"]}]},{\"@type\":\"WebPage\",\"@id\":\"https:\\\/\\\/fuentesfidedignas.com.mx\\\/index.php\\\/2022\\\/09\\\/29\\\/si-a-los-jovenes-se-les-rescata-hay-un-mejor-desarrollo-en-el-pais-sebides\\\/\",\"url\":\"https:\\\/\\\/fuentesfidedignas.com.mx\\\/index.php\\\/2022\\\/09\\\/29\\\/si-a-los-jovenes-se-les-rescata-hay-un-mejor-desarrollo-en-el-pais-sebides\\\/\",\"name\":\"Si a los j\u00f3venes se les rescata hay un mejor desarrollo en el pa\u00eds: SEBIDES - Fuentes Fidedignas\",\"isPartOf\":{\"@id\":\"https:\\\/\\\/fuentesfidedignas.com.mx\\\/#website\"},\"primaryImageOfPage\":{\"@id\":\"https:\\\/\\\/fuentesfidedignas.com.mx\\\/index.php\\\/2022\\\/09\\\/29\\\/si-a-los-jovenes-se-les-rescata-hay-un-mejor-desarrollo-en-el-pais-sebides\\\/#primaryimage\"},\"image\":{\"@id\":\"https:\\\/\\\/fuentesfidedignas.com.mx\\\/index.php\\\/2022\\\/09\\\/29\\\/si-a-los-jovenes-se-les-rescata-hay-un-mejor-desarrollo-en-el-pais-sebides\\\/#primaryimage\"},\"thumbnailUrl\":\"https:\\\/\\\/fuentesfidedignas.com.mx\\\/wp-content\\\/uploads\\\/2022\\\/09\\\/IMG-20220929-WA0135.jpg\",\"datePublished\":\"2022-09-29T23:22:06+00:00\",\"dateModified\":\"2022-09-29T23:22:08+00:00\",\"breadcrumb\":{\"@id\":\"https:\\\/\\\/fuentesfidedignas.com.mx\\\/index.php\\\/2022\\\/09\\\/29\\\/si-a-los-jovenes-se-les-rescata-hay-un-mejor-desarrollo-en-el-pais-sebides\\\/#breadcrumb\"},\"inLanguage\":\"es\",\"potentialAction\":[{\"@type\":\"ReadAction\",\"target\":[\"https:\\\/\\\/fuentesfidedignas.com.mx\\\/index.php\\\/2022\\\/09\\\/29\\\/si-a-los-jovenes-se-les-rescata-hay-un-mejor-desarrollo-en-el-pais-sebides\\\/\"]}]},{\"@type\":\"ImageObject\",\"inLanguage\":\"es\",\"@id\":\"https:\\\/\\\/fuentesfidedignas.com.mx\\\/index.php\\\/2022\\\/09\\\/29\\\/si-a-los-jovenes-se-les-rescata-hay-un-mejor-desarrollo-en-el-pais-sebides\\\/#primaryimage\",\"url\":\"https:\\\/\\\/fuentesfidedignas.com.mx\\\/wp-content\\\/uploads\\\/2022\\\/09\\\/IMG-20220929-WA0135.jpg\",\"contentUrl\":\"https:\\\/\\\/fuentesfidedignas.com.mx\\\/wp-content\\\/uploads\\\/2022\\\/09\\\/IMG-20220929-WA0135.jpg\",\"width\":1024,\"height\":682},{\"@type\":\"BreadcrumbList\",\"@id\":\"https:\\\/\\\/fuentesfidedignas.com.mx\\\/index.php\\\/2022\\\/09\\\/29\\\/si-a-los-jovenes-se-les-rescata-hay-un-mejor-desarrollo-en-el-pais-sebides\\\/#breadcrumb\",\"itemListElement\":[{\"@type\":\"ListItem\",\"position\":1,\"name\":\"Inicio\",\"item\":\"https:\\\/\\\/fuentesfidedignas.com.mx\\\/\"},{\"@type\":\"ListItem\",\"position\":2,\"name\":\"Si a los j\u00f3venes se les rescata hay un mejor desarrollo en el pa\u00eds: SEBIDES\"}]},{\"@type\":\"WebSite\",\"@id\":\"https:\\\/\\\/fuentesfidedignas.com.mx\\\/#website\",\"url\":\"https:\\\/\\\/fuentesfidedignas.com.mx\\\/\",\"name\":\"Fuentes Fidedignas\",\"description\":\"Otro sitio realizado con WordPress\",\"publisher\":{\"@id\":\"https:\\\/\\\/fuentesfidedignas.com.mx\\\/#organization\"},\"potentialAction\":[{\"@type\":\"SearchAction\",\"target\":{\"@type\":\"EntryPoint\",\"urlTemplate\":\"https:\\\/\\\/fuentesfidedignas.com.mx\\\/?s={search_term_string}\"},\"query-input\":{\"@type\":\"PropertyValueSpecification\",\"valueRequired\":true,\"valueName\":\"search_term_string\"}}],\"inLanguage\":\"es\"},{\"@type\":\"Organization\",\"@id\":\"https:\\\/\\\/fuentesfidedignas.com.mx\\\/#organization\",\"name\":\"Fuentes Fidedignas\",\"url\":\"https:\\\/\\\/fuentesfidedignas.com.mx\\\/\",\"logo\":{\"@type\":\"ImageObject\",\"inLanguage\":\"es\",\"@id\":\"https:\\\/\\\/fuentesfidedignas.com.mx\\\/#\\\/schema\\\/logo\\\/image\\\/\",\"url\":\"https:\\\/\\\/fuentesfidedignas.com.mx\\\/wp-content\\\/uploads\\\/2021\\\/04\\\/logo-retina.png\",\"contentUrl\":\"https:\\\/\\\/fuentesfidedignas.com.mx\\\/wp-content\\\/uploads\\\/2021\\\/04\\\/logo-retina.png\",\"width\":280,\"height\":51,\"caption\":\"Fuentes Fidedignas\"},\"image\":{\"@id\":\"https:\\\/\\\/fuentesfidedignas.com.mx\\\/#\\\/schema\\\/logo\\\/image\\\/\"},\"sameAs\":[\"https:\\\/\\\/www.facebook.com\\\/Fuentes-Fidedignas-368234489921644\",\"https:\\\/\\\/x.com\\\/fidedignas\"]},{\"@type\":\"Person\",\"@id\":\"https:\\\/\\\/fuentesfidedignas.com.mx\\\/#\\\/schema\\\/person\\\/331be9283d37198e2acd5750279085b0\",\"name\":\"Redacci\u00f3n\",\"image\":{\"@type\":\"ImageObject\",\"inLanguage\":\"es\",\"@id\":\"https:\\\/\\\/secure.gravatar.com\\\/avatar\\\/f6d8782c11d12b2d4ad3fbb6931aeab5309937a4d6cd2fc9cfaa28a6396a5aec?s=96&d=mm&r=g\",\"url\":\"https:\\\/\\\/secure.gravatar.com\\\/avatar\\\/f6d8782c11d12b2d4ad3fbb6931aeab5309937a4d6cd2fc9cfaa28a6396a5aec?s=96&d=mm&r=g\",\"contentUrl\":\"https:\\\/\\\/secure.gravatar.com\\\/avatar\\\/f6d8782c11d12b2d4ad3fbb6931aeab5309937a4d6cd2fc9cfaa28a6396a5aec?s=96&d=mm&r=g\",\"caption\":\"Redacci\u00f3n\"},\"url\":\"https:\\\/\\\/fuentesfidedignas.com.mx\\\/index.php\\\/author\\\/redaccion\\\/\"}]}<\/script>\n<!-- \/ Yoast SEO plugin. -->","yoast_head_json":{"title":"Si a los j\u00f3venes se les rescata hay un mejor desarrollo en el pa\u00eds: SEBIDES - Fuentes Fidedignas","robots":{"index":"index","follow":"follow","max-snippet":"max-snippet:-1","max-image-preview":"max-image-preview:large","max-video-preview":"max-video-preview:-1"},"canonical":"https:\/\/fuentesfidedignas.com.mx\/index.php\/2022\/09\/29\/si-a-los-jovenes-se-les-rescata-hay-un-mejor-desarrollo-en-el-pais-sebides\/","og_locale":"es_MX","og_type":"article","og_title":"Si a los j\u00f3venes se les rescata hay un mejor desarrollo en el pa\u00eds: SEBIDES - Fuentes Fidedignas","og_description":"Durante la inauguraci\u00f3n del comedor universitario de la Universidad Aut\u00f3noma de Occidente, la Secretaria Mar\u00eda In\u00e9s P\u00e9rez Corral record\u00f3 el compromiso realizado en este gobierno para que los j\u00f3venes se desarrollen, y qu\u00e9 mejor manera, que apoy\u00e1ndolos para que su preocupaci\u00f3n sea solamente como mejorar sus notas acad\u00e9micas. Culiac\u00e1n, Sinaloa.- El tema de los comedores [&hellip;]","og_url":"https:\/\/fuentesfidedignas.com.mx\/index.php\/2022\/09\/29\/si-a-los-jovenes-se-les-rescata-hay-un-mejor-desarrollo-en-el-pais-sebides\/","og_site_name":"Fuentes Fidedignas","article_publisher":"https:\/\/www.facebook.com\/Fuentes-Fidedignas-368234489921644","article_published_time":"2022-09-29T23:22:06+00:00","article_modified_time":"2022-09-29T23:22:08+00:00","og_image":[{"width":1024,"height":682,"url":"https:\/\/fuentesfidedignas.com.mx\/wp-content\/uploads\/2022\/09\/IMG-20220929-WA0135.jpg","type":"image\/jpeg"}],"author":"Redacci\u00f3n","twitter_card":"summary_large_image","twitter_creator":"@fidedignas","twitter_site":"@fidedignas","twitter_misc":{"Escrito por":"Redacci\u00f3n","Tiempo de lectura":"3 minutos"},"schema":{"@context":"https:\/\/schema.org","@graph":[{"@type":"Article","@id":"https:\/\/fuentesfidedignas.com.mx\/index.php\/2022\/09\/29\/si-a-los-jovenes-se-les-rescata-hay-un-mejor-desarrollo-en-el-pais-sebides\/#article","isPartOf":{"@id":"https:\/\/fuentesfidedignas.com.mx\/index.php\/2022\/09\/29\/si-a-los-jovenes-se-les-rescata-hay-un-mejor-desarrollo-en-el-pais-sebides\/"},"author":{"name":"Redacci\u00f3n","@id":"https:\/\/fuentesfidedignas.com.mx\/#\/schema\/person\/331be9283d37198e2acd5750279085b0"},"headline":"Si a los j\u00f3venes se les rescata hay un mejor desarrollo en el pa\u00eds: SEBIDES","datePublished":"2022-09-29T23:22:06+00:00","dateModified":"2022-09-29T23:22:08+00:00","mainEntityOfPage":{"@id":"https:\/\/fuentesfidedignas.com.mx\/index.php\/2022\/09\/29\/si-a-los-jovenes-se-les-rescata-hay-un-mejor-desarrollo-en-el-pais-sebides\/"},"wordCount":510,"commentCount":0,"publisher":{"@id":"https:\/\/fuentesfidedignas.com.mx\/#organization"},"image":{"@id":"https:\/\/fuentesfidedignas.com.mx\/index.php\/2022\/09\/29\/si-a-los-jovenes-se-les-rescata-hay-un-mejor-desarrollo-en-el-pais-sebides\/#primaryimage"},"thumbnailUrl":"https:\/\/fuentesfidedignas.com.mx\/wp-content\/uploads\/2022\/09\/IMG-20220929-WA0135.jpg","articleSection":["NOTICIAS LOCALES"],"inLanguage":"es","potentialAction":[{"@type":"CommentAction","name":"Comment","target":["https:\/\/fuentesfidedignas.com.mx\/index.php\/2022\/09\/29\/si-a-los-jovenes-se-les-rescata-hay-un-mejor-desarrollo-en-el-pais-sebides\/#respond"]}]},{"@type":"WebPage","@id":"https:\/\/fuentesfidedignas.com.mx\/index.php\/2022\/09\/29\/si-a-los-jovenes-se-les-rescata-hay-un-mejor-desarrollo-en-el-pais-sebides\/","url":"https:\/\/fuentesfidedignas.com.mx\/index.php\/2022\/09\/29\/si-a-los-jovenes-se-les-rescata-hay-un-mejor-desarrollo-en-el-pais-sebides\/","name":"Si a los j\u00f3venes se les rescata hay un mejor desarrollo en el pa\u00eds: SEBIDES - Fuentes Fidedignas","isPartOf":{"@id":"https:\/\/fuentesfidedignas.com.mx\/#website"},"primaryImageOfPage":{"@id":"https:\/\/fuentesfidedignas.com.mx\/index.php\/2022\/09\/29\/si-a-los-jovenes-se-les-rescata-hay-un-mejor-desarrollo-en-el-pais-sebides\/#primaryimage"},"image":{"@id":"https:\/\/fuentesfidedignas.com.mx\/index.php\/2022\/09\/29\/si-a-los-jovenes-se-les-rescata-hay-un-mejor-desarrollo-en-el-pais-sebides\/#primaryimage"},"thumbnailUrl":"https:\/\/fuentesfidedignas.com.mx\/wp-content\/uploads\/2022\/09\/IMG-20220929-WA0135.jpg","datePublished":"2022-09-29T23:22:06+00:00","dateModified":"2022-09-29T23:22:08+00:00","breadcrumb":{"@id":"https:\/\/fuentesfidedignas.com.mx\/index.php\/2022\/09\/29\/si-a-los-jovenes-se-les-rescata-hay-un-mejor-desarrollo-en-el-pais-sebides\/#breadcrumb"},"inLanguage":"es","potentialAction":[{"@type":"ReadAction","target":["https:\/\/fuentesfidedignas.com.mx\/index.php\/2022\/09\/29\/si-a-los-jovenes-se-les-rescata-hay-un-mejor-desarrollo-en-el-pais-sebides\/"]}]},{"@type":"ImageObject","inLanguage":"es","@id":"https:\/\/fuentesfidedignas.com.mx\/index.php\/2022\/09\/29\/si-a-los-jovenes-se-les-rescata-hay-un-mejor-desarrollo-en-el-pais-sebides\/#primaryimage","url":"https:\/\/fuentesfidedignas.com.mx\/wp-content\/uploads\/2022\/09\/IMG-20220929-WA0135.jpg","contentUrl":"https:\/\/fuentesfidedignas.com.mx\/wp-content\/uploads\/2022\/09\/IMG-20220929-WA0135.jpg","width":1024,"height":682},{"@type":"BreadcrumbList","@id":"https:\/\/fuentesfidedignas.com.mx\/index.php\/2022\/09\/29\/si-a-los-jovenes-se-les-rescata-hay-un-mejor-desarrollo-en-el-pais-sebides\/#breadcrumb","itemListElement":[{"@type":"ListItem","position":1,"name":"Inicio","item":"https:\/\/fuentesfidedignas.com.mx\/"},{"@type":"ListItem","position":2,"name":"Si a los j\u00f3venes se les rescata hay un mejor desarrollo en el pa\u00eds: SEBIDES"}]},{"@type":"WebSite","@id":"https:\/\/fuentesfidedignas.com.mx\/#website","url":"https:\/\/fuentesfidedignas.com.mx\/","name":"Fuentes Fidedignas","description":"Otro sitio realizado con WordPress","publisher":{"@id":"https:\/\/fuentesfidedignas.com.mx\/#organization"},"potentialAction":[{"@type":"SearchAction","target":{"@type":"EntryPoint","urlTemplate":"https:\/\/fuentesfidedignas.com.mx\/?s={search_term_string}"},"query-input":{"@type":"PropertyValueSpecification","valueRequired":true,"valueName":"search_term_string"}}],"inLanguage":"es"},{"@type":"Organization","@id":"https:\/\/fuentesfidedignas.com.mx\/#organization","name":"Fuentes Fidedignas","url":"https:\/\/fuentesfidedignas.com.mx\/","logo":{"@type":"ImageObject","inLanguage":"es","@id":"https:\/\/fuentesfidedignas.com.mx\/#\/schema\/logo\/image\/","url":"https:\/\/fuentesfidedignas.com.mx\/wp-content\/uploads\/2021\/04\/logo-retina.png","contentUrl":"https:\/\/fuentesfidedignas.com.mx\/wp-content\/uploads\/2021\/04\/logo-retina.png","width":280,"height":51,"caption":"Fuentes Fidedignas"},"image":{"@id":"https:\/\/fuentesfidedignas.com.mx\/#\/schema\/logo\/image\/"},"sameAs":["https:\/\/www.facebook.com\/Fuentes-Fidedignas-368234489921644","https:\/\/x.com\/fidedignas"]},{"@type":"Person","@id":"https:\/\/fuentesfidedignas.com.mx\/#\/schema\/person\/331be9283d37198e2acd5750279085b0","name":"Redacci\u00f3n","image":{"@type":"ImageObject","inLanguage":"es","@id":"https:\/\/secure.gravatar.com\/avatar\/f6d8782c11d12b2d4ad3fbb6931aeab5309937a4d6cd2fc9cfaa28a6396a5aec?s=96&d=mm&r=g","url":"https:\/\/secure.gravatar.com\/avatar\/f6d8782c11d12b2d4ad3fbb6931aeab5309937a4d6cd2fc9cfaa28a6396a5aec?s=96&d=mm&r=g","contentUrl":"https:\/\/secure.gravatar.com\/avatar\/f6d8782c11d12b2d4ad3fbb6931aeab5309937a4d6cd2fc9cfaa28a6396a5aec?s=96&d=mm&r=g","caption":"Redacci\u00f3n"},"url":"https:\/\/fuentesfidedignas.com.mx\/index.php\/author\/redaccion\/"}]}},"_links":{"self":[{"href":"https:\/\/fuentesfidedignas.com.mx\/index.php\/wp-json\/wp\/v2\/posts\/43555","targetHints":{"allow":["GET"]}}],"collection":[{"href":"https:\/\/fuentesfidedignas.com.mx\/index.php\/wp-json\/wp\/v2\/posts"}],"about":[{"href":"https:\/\/fuentesfidedignas.com.mx\/index.php\/wp-json\/wp\/v2\/types\/post"}],"author":[{"embeddable":true,"href":"https:\/\/fuentesfidedignas.com.mx\/index.php\/wp-json\/wp\/v2\/users\/4"}],"replies":[{"embeddable":true,"href":"https:\/\/fuentesfidedignas.com.mx\/index.php\/wp-json\/wp\/v2\/comments?post=43555"}],"version-history":[{"count":1,"href":"https:\/\/fuentesfidedignas.com.mx\/index.php\/wp-json\/wp\/v2\/posts\/43555\/revisions"}],"predecessor-version":[{"id":43559,"href":"https:\/\/fuentesfidedignas.com.mx\/index.php\/wp-json\/wp\/v2\/posts\/43555\/revisions\/43559"}],"wp:featuredmedia":[{"embeddable":true,"href":"https:\/\/fuentesfidedignas.com.mx\/index.php\/wp-json\/wp\/v2\/media\/43558"}],"wp:attachment":[{"href":"https:\/\/fuentesfidedignas.com.mx\/index.php\/wp-json\/wp\/v2\/media?parent=43555"}],"wp:term":[{"taxonomy":"category","embeddable":true,"href":"https:\/\/fuentesfidedignas.com.mx\/index.php\/wp-json\/wp\/v2\/categories?post=43555"},{"taxonomy":"post_tag","embeddable":true,"href":"https:\/\/fuentesfidedignas.com.mx\/index.php\/wp-json\/wp\/v2\/tags?post=43555"}],"curies":[{"name":"wp","href":"https:\/\/api.w.org\/{rel}","templated":true}]}}