{"id":43544,"date":"2022-09-29T16:46:59","date_gmt":"2022-09-29T22:46:59","guid":{"rendered":"https:\/\/fuentesfidedignas.com.mx\/?p=43544"},"modified":"2022-09-29T16:47:01","modified_gmt":"2022-09-29T22:47:01","slug":"en-alerta-proteccion-civil-elota-por-tormenta-orlene","status":"publish","type":"post","link":"https:\/\/fuentesfidedignas.com.mx\/index.php\/2022\/09\/29\/en-alerta-proteccion-civil-elota-por-tormenta-orlene\/","title":{"rendered":"En alerta, Protecci\u00f3n Civil Elota por tormenta \u201cOrlene\u201d"},"content":{"rendered":"\n<p><strong><em>Se tienen listos 8 albergues en caso de que se requieran<\/em><\/strong><\/p>\n\n\n\n<p>La Cruz, Elota, Sinaloa.- Debido a la formaci\u00f3n de la tormenta tropical \u201cOrlene\u201d, que se pronostica toque tierra en Sinaloa el lunes 03 de octubre, Protecci\u00f3n Civil de Elota se mantiene en alerta y listo ante cualquier posible emergencia.<\/p>\n\n\n\n<p>El coordinador municipal de Protecci\u00f3n Civil, Juan Manuel V\u00e1zquez Cebreros, inform\u00f3 que el fen\u00f3meno meteorol\u00f3gico se localiza a 440 kil\u00f3metros al suroeste de Punta San Telmo, Michoac\u00e1n, y a 450 kil\u00f3metros al sur-suroeste de Manzanillo, Colima, de acuerdo con el \u00faltimo reporte de la Comisi\u00f3n Nacional del Agua (CONAGUA).<\/p>\n\n\n\n<p>La circulaci\u00f3n de este sistema refuerza el potencial de chubascos y lluvias puntuales fuertes en Michoac\u00e1n, Colima y Jalisco, as\u00ed como vientos con rachas de 40 a 50 kil\u00f3metros por hora en las costas de las entidades mencionadas.<\/p>\n\n\n\n<p>V\u00e1zquez Cebreros indic\u00f3 que est\u00e1n preparados con 8 albergues en el municipio en caso de que se requieran.<\/p>\n\n\n\n<p>\u201cSEDENA ya est\u00e1 lista para los albergues con los insumos en caso de que se abran, vamos a ir a recabar m\u00e1s informaci\u00f3n con alg\u00fan responsable (de las comunidades) para que nos est\u00e9 informando de cualquier detalle de niveles de arroyo o cualquier tipo de problema que tengan\u201c, dijo.<\/p>\n\n\n\n<p>Por su parte, el director de Desarrollo Urbano, Obras y Servicios P\u00fablicos del Ayuntamiento, Alberto P\u00e9rez Salazar, se\u00f1al\u00f3 que se ha estado trabajando en el desazolve de drenes, arroyos, y desag\u00fces de las comunidades para evitar inundaciones.<\/p>\n\n\n\n<p>Hizo hincapi\u00e9 en que ya se desazolv\u00f3 el dren de Ceuta, donde recientemente varias familias resultaron con inundaci\u00f3n en sus viviendas.<\/p>\n\n\n\n<p>Protecci\u00f3n Civil de Elota exhort\u00f3 a la poblaci\u00f3n a mantenerse informada y en caso de lluvias evitar cruzar r\u00edos y arroyos.<\/p>\n","protected":false},"excerpt":{"rendered":"<p>Se tienen listos 8 albergues en caso de que se requieran La Cruz, Elota, Sinaloa.- Debido a la formaci\u00f3n de la tormenta tropical \u201cOrlene\u201d, que se pronostica toque tierra en Sinaloa el lunes 03 de octubre, Protecci\u00f3n Civil de Elota se mantiene en alerta y listo ante cualquier posible emergencia. El coordinador municipal de Protecci\u00f3n [&hellip;]<\/p>\n","protected":false},"author":4,"featured_media":43545,"comment_status":"open","ping_status":"open","sticky":false,"template":"","format":"standard","meta":{"tdm_status":"","tdm_grid_status":"","footnotes":""},"categories":[38],"tags":[],"class_list":{"0":"post-43544","1":"post","2":"type-post","3":"status-publish","4":"format-standard","5":"has-post-thumbnail","7":"category-noticias-locales"},"yoast_head":"<!-- This site is optimized with the Yoast SEO plugin v27.5 - https:\/\/yoast.com\/product\/yoast-seo-wordpress\/ -->\n<title>En alerta, Protecci\u00f3n Civil Elota por tormenta \u201cOrlene\u201d - Fuentes Fidedignas<\/title>\n<meta name=\"robots\" content=\"index, follow, max-snippet:-1, max-image-preview:large, max-video-preview:-1\" \/>\n<link rel=\"canonical\" href=\"https:\/\/fuentesfidedignas.com.mx\/index.php\/2022\/09\/29\/en-alerta-proteccion-civil-elota-por-tormenta-orlene\/\" \/>\n<meta property=\"og:locale\" content=\"es_MX\" \/>\n<meta property=\"og:type\" content=\"article\" \/>\n<meta property=\"og:title\" content=\"En alerta, Protecci\u00f3n Civil Elota por tormenta \u201cOrlene\u201d - Fuentes Fidedignas\" \/>\n<meta property=\"og:description\" content=\"Se tienen listos 8 albergues en caso de que se requieran La Cruz, Elota, Sinaloa.- Debido a la formaci\u00f3n de la tormenta tropical \u201cOrlene\u201d, que se pronostica toque tierra en Sinaloa el lunes 03 de octubre, Protecci\u00f3n Civil de Elota se mantiene en alerta y listo ante cualquier posible emergencia. El coordinador municipal de Protecci\u00f3n [&hellip;]\" \/>\n<meta property=\"og:url\" content=\"https:\/\/fuentesfidedignas.com.mx\/index.php\/2022\/09\/29\/en-alerta-proteccion-civil-elota-por-tormenta-orlene\/\" \/>\n<meta property=\"og:site_name\" content=\"Fuentes Fidedignas\" \/>\n<meta property=\"article:publisher\" content=\"https:\/\/www.facebook.com\/Fuentes-Fidedignas-368234489921644\" \/>\n<meta property=\"article:published_time\" content=\"2022-09-29T22:46:59+00:00\" \/>\n<meta property=\"article:modified_time\" content=\"2022-09-29T22:47:01+00:00\" \/>\n<meta property=\"og:image\" content=\"https:\/\/fuentesfidedignas.com.mx\/wp-content\/uploads\/2022\/09\/ORLENE.jpeg\" \/>\n\t<meta property=\"og:image:width\" content=\"1058\" \/>\n\t<meta property=\"og:image:height\" content=\"567\" \/>\n\t<meta property=\"og:image:type\" content=\"image\/jpeg\" \/>\n<meta name=\"author\" content=\"Redacci\u00f3n\" \/>\n<meta name=\"twitter:card\" content=\"summary_large_image\" \/>\n<meta name=\"twitter:creator\" content=\"@fidedignas\" \/>\n<meta name=\"twitter:site\" content=\"@fidedignas\" \/>\n<meta name=\"twitter:label1\" content=\"Escrito por\" \/>\n\t<meta name=\"twitter:data1\" content=\"Redacci\u00f3n\" \/>\n\t<meta name=\"twitter:label2\" content=\"Tiempo de lectura\" \/>\n\t<meta name=\"twitter:data2\" content=\"2 minutos\" \/>\n<script type=\"application\/ld+json\" class=\"yoast-schema-graph\">{\"@context\":\"https:\\\/\\\/schema.org\",\"@graph\":[{\"@type\":\"Article\",\"@id\":\"https:\\\/\\\/fuentesfidedignas.com.mx\\\/index.php\\\/2022\\\/09\\\/29\\\/en-alerta-proteccion-civil-elota-por-tormenta-orlene\\\/#article\",\"isPartOf\":{\"@id\":\"https:\\\/\\\/fuentesfidedignas.com.mx\\\/index.php\\\/2022\\\/09\\\/29\\\/en-alerta-proteccion-civil-elota-por-tormenta-orlene\\\/\"},\"author\":{\"name\":\"Redacci\u00f3n\",\"@id\":\"https:\\\/\\\/fuentesfidedignas.com.mx\\\/#\\\/schema\\\/person\\\/331be9283d37198e2acd5750279085b0\"},\"headline\":\"En alerta, Protecci\u00f3n Civil Elota por tormenta \u201cOrlene\u201d\",\"datePublished\":\"2022-09-29T22:46:59+00:00\",\"dateModified\":\"2022-09-29T22:47:01+00:00\",\"mainEntityOfPage\":{\"@id\":\"https:\\\/\\\/fuentesfidedignas.com.mx\\\/index.php\\\/2022\\\/09\\\/29\\\/en-alerta-proteccion-civil-elota-por-tormenta-orlene\\\/\"},\"wordCount\":312,\"commentCount\":0,\"publisher\":{\"@id\":\"https:\\\/\\\/fuentesfidedignas.com.mx\\\/#organization\"},\"image\":{\"@id\":\"https:\\\/\\\/fuentesfidedignas.com.mx\\\/index.php\\\/2022\\\/09\\\/29\\\/en-alerta-proteccion-civil-elota-por-tormenta-orlene\\\/#primaryimage\"},\"thumbnailUrl\":\"https:\\\/\\\/fuentesfidedignas.com.mx\\\/wp-content\\\/uploads\\\/2022\\\/09\\\/ORLENE.jpeg\",\"articleSection\":[\"NOTICIAS LOCALES\"],\"inLanguage\":\"es\",\"potentialAction\":[{\"@type\":\"CommentAction\",\"name\":\"Comment\",\"target\":[\"https:\\\/\\\/fuentesfidedignas.com.mx\\\/index.php\\\/2022\\\/09\\\/29\\\/en-alerta-proteccion-civil-elota-por-tormenta-orlene\\\/#respond\"]}]},{\"@type\":\"WebPage\",\"@id\":\"https:\\\/\\\/fuentesfidedignas.com.mx\\\/index.php\\\/2022\\\/09\\\/29\\\/en-alerta-proteccion-civil-elota-por-tormenta-orlene\\\/\",\"url\":\"https:\\\/\\\/fuentesfidedignas.com.mx\\\/index.php\\\/2022\\\/09\\\/29\\\/en-alerta-proteccion-civil-elota-por-tormenta-orlene\\\/\",\"name\":\"En alerta, Protecci\u00f3n Civil Elota por tormenta \u201cOrlene\u201d - Fuentes Fidedignas\",\"isPartOf\":{\"@id\":\"https:\\\/\\\/fuentesfidedignas.com.mx\\\/#website\"},\"primaryImageOfPage\":{\"@id\":\"https:\\\/\\\/fuentesfidedignas.com.mx\\\/index.php\\\/2022\\\/09\\\/29\\\/en-alerta-proteccion-civil-elota-por-tormenta-orlene\\\/#primaryimage\"},\"image\":{\"@id\":\"https:\\\/\\\/fuentesfidedignas.com.mx\\\/index.php\\\/2022\\\/09\\\/29\\\/en-alerta-proteccion-civil-elota-por-tormenta-orlene\\\/#primaryimage\"},\"thumbnailUrl\":\"https:\\\/\\\/fuentesfidedignas.com.mx\\\/wp-content\\\/uploads\\\/2022\\\/09\\\/ORLENE.jpeg\",\"datePublished\":\"2022-09-29T22:46:59+00:00\",\"dateModified\":\"2022-09-29T22:47:01+00:00\",\"breadcrumb\":{\"@id\":\"https:\\\/\\\/fuentesfidedignas.com.mx\\\/index.php\\\/2022\\\/09\\\/29\\\/en-alerta-proteccion-civil-elota-por-tormenta-orlene\\\/#breadcrumb\"},\"inLanguage\":\"es\",\"potentialAction\":[{\"@type\":\"ReadAction\",\"target\":[\"https:\\\/\\\/fuentesfidedignas.com.mx\\\/index.php\\\/2022\\\/09\\\/29\\\/en-alerta-proteccion-civil-elota-por-tormenta-orlene\\\/\"]}]},{\"@type\":\"ImageObject\",\"inLanguage\":\"es\",\"@id\":\"https:\\\/\\\/fuentesfidedignas.com.mx\\\/index.php\\\/2022\\\/09\\\/29\\\/en-alerta-proteccion-civil-elota-por-tormenta-orlene\\\/#primaryimage\",\"url\":\"https:\\\/\\\/fuentesfidedignas.com.mx\\\/wp-content\\\/uploads\\\/2022\\\/09\\\/ORLENE.jpeg\",\"contentUrl\":\"https:\\\/\\\/fuentesfidedignas.com.mx\\\/wp-content\\\/uploads\\\/2022\\\/09\\\/ORLENE.jpeg\",\"width\":1058,\"height\":567},{\"@type\":\"BreadcrumbList\",\"@id\":\"https:\\\/\\\/fuentesfidedignas.com.mx\\\/index.php\\\/2022\\\/09\\\/29\\\/en-alerta-proteccion-civil-elota-por-tormenta-orlene\\\/#breadcrumb\",\"itemListElement\":[{\"@type\":\"ListItem\",\"position\":1,\"name\":\"Inicio\",\"item\":\"https:\\\/\\\/fuentesfidedignas.com.mx\\\/\"},{\"@type\":\"ListItem\",\"position\":2,\"name\":\"En alerta, Protecci\u00f3n Civil Elota por tormenta \u201cOrlene\u201d\"}]},{\"@type\":\"WebSite\",\"@id\":\"https:\\\/\\\/fuentesfidedignas.com.mx\\\/#website\",\"url\":\"https:\\\/\\\/fuentesfidedignas.com.mx\\\/\",\"name\":\"Fuentes Fidedignas\",\"description\":\"Otro sitio realizado con WordPress\",\"publisher\":{\"@id\":\"https:\\\/\\\/fuentesfidedignas.com.mx\\\/#organization\"},\"potentialAction\":[{\"@type\":\"SearchAction\",\"target\":{\"@type\":\"EntryPoint\",\"urlTemplate\":\"https:\\\/\\\/fuentesfidedignas.com.mx\\\/?s={search_term_string}\"},\"query-input\":{\"@type\":\"PropertyValueSpecification\",\"valueRequired\":true,\"valueName\":\"search_term_string\"}}],\"inLanguage\":\"es\"},{\"@type\":\"Organization\",\"@id\":\"https:\\\/\\\/fuentesfidedignas.com.mx\\\/#organization\",\"name\":\"Fuentes Fidedignas\",\"url\":\"https:\\\/\\\/fuentesfidedignas.com.mx\\\/\",\"logo\":{\"@type\":\"ImageObject\",\"inLanguage\":\"es\",\"@id\":\"https:\\\/\\\/fuentesfidedignas.com.mx\\\/#\\\/schema\\\/logo\\\/image\\\/\",\"url\":\"https:\\\/\\\/fuentesfidedignas.com.mx\\\/wp-content\\\/uploads\\\/2021\\\/04\\\/logo-retina.png\",\"contentUrl\":\"https:\\\/\\\/fuentesfidedignas.com.mx\\\/wp-content\\\/uploads\\\/2021\\\/04\\\/logo-retina.png\",\"width\":280,\"height\":51,\"caption\":\"Fuentes Fidedignas\"},\"image\":{\"@id\":\"https:\\\/\\\/fuentesfidedignas.com.mx\\\/#\\\/schema\\\/logo\\\/image\\\/\"},\"sameAs\":[\"https:\\\/\\\/www.facebook.com\\\/Fuentes-Fidedignas-368234489921644\",\"https:\\\/\\\/x.com\\\/fidedignas\"]},{\"@type\":\"Person\",\"@id\":\"https:\\\/\\\/fuentesfidedignas.com.mx\\\/#\\\/schema\\\/person\\\/331be9283d37198e2acd5750279085b0\",\"name\":\"Redacci\u00f3n\",\"image\":{\"@type\":\"ImageObject\",\"inLanguage\":\"es\",\"@id\":\"https:\\\/\\\/secure.gravatar.com\\\/avatar\\\/f6d8782c11d12b2d4ad3fbb6931aeab5309937a4d6cd2fc9cfaa28a6396a5aec?s=96&d=mm&r=g\",\"url\":\"https:\\\/\\\/secure.gravatar.com\\\/avatar\\\/f6d8782c11d12b2d4ad3fbb6931aeab5309937a4d6cd2fc9cfaa28a6396a5aec?s=96&d=mm&r=g\",\"contentUrl\":\"https:\\\/\\\/secure.gravatar.com\\\/avatar\\\/f6d8782c11d12b2d4ad3fbb6931aeab5309937a4d6cd2fc9cfaa28a6396a5aec?s=96&d=mm&r=g\",\"caption\":\"Redacci\u00f3n\"},\"url\":\"https:\\\/\\\/fuentesfidedignas.com.mx\\\/index.php\\\/author\\\/redaccion\\\/\"}]}<\/script>\n<!-- \/ Yoast SEO plugin. -->","yoast_head_json":{"title":"En alerta, Protecci\u00f3n Civil Elota por tormenta \u201cOrlene\u201d - Fuentes Fidedignas","robots":{"index":"index","follow":"follow","max-snippet":"max-snippet:-1","max-image-preview":"max-image-preview:large","max-video-preview":"max-video-preview:-1"},"canonical":"https:\/\/fuentesfidedignas.com.mx\/index.php\/2022\/09\/29\/en-alerta-proteccion-civil-elota-por-tormenta-orlene\/","og_locale":"es_MX","og_type":"article","og_title":"En alerta, Protecci\u00f3n Civil Elota por tormenta \u201cOrlene\u201d - Fuentes Fidedignas","og_description":"Se tienen listos 8 albergues en caso de que se requieran La Cruz, Elota, Sinaloa.- Debido a la formaci\u00f3n de la tormenta tropical \u201cOrlene\u201d, que se pronostica toque tierra en Sinaloa el lunes 03 de octubre, Protecci\u00f3n Civil de Elota se mantiene en alerta y listo ante cualquier posible emergencia. El coordinador municipal de Protecci\u00f3n [&hellip;]","og_url":"https:\/\/fuentesfidedignas.com.mx\/index.php\/2022\/09\/29\/en-alerta-proteccion-civil-elota-por-tormenta-orlene\/","og_site_name":"Fuentes Fidedignas","article_publisher":"https:\/\/www.facebook.com\/Fuentes-Fidedignas-368234489921644","article_published_time":"2022-09-29T22:46:59+00:00","article_modified_time":"2022-09-29T22:47:01+00:00","og_image":[{"width":1058,"height":567,"url":"https:\/\/fuentesfidedignas.com.mx\/wp-content\/uploads\/2022\/09\/ORLENE.jpeg","type":"image\/jpeg"}],"author":"Redacci\u00f3n","twitter_card":"summary_large_image","twitter_creator":"@fidedignas","twitter_site":"@fidedignas","twitter_misc":{"Escrito por":"Redacci\u00f3n","Tiempo de lectura":"2 minutos"},"schema":{"@context":"https:\/\/schema.org","@graph":[{"@type":"Article","@id":"https:\/\/fuentesfidedignas.com.mx\/index.php\/2022\/09\/29\/en-alerta-proteccion-civil-elota-por-tormenta-orlene\/#article","isPartOf":{"@id":"https:\/\/fuentesfidedignas.com.mx\/index.php\/2022\/09\/29\/en-alerta-proteccion-civil-elota-por-tormenta-orlene\/"},"author":{"name":"Redacci\u00f3n","@id":"https:\/\/fuentesfidedignas.com.mx\/#\/schema\/person\/331be9283d37198e2acd5750279085b0"},"headline":"En alerta, Protecci\u00f3n Civil Elota por tormenta \u201cOrlene\u201d","datePublished":"2022-09-29T22:46:59+00:00","dateModified":"2022-09-29T22:47:01+00:00","mainEntityOfPage":{"@id":"https:\/\/fuentesfidedignas.com.mx\/index.php\/2022\/09\/29\/en-alerta-proteccion-civil-elota-por-tormenta-orlene\/"},"wordCount":312,"commentCount":0,"publisher":{"@id":"https:\/\/fuentesfidedignas.com.mx\/#organization"},"image":{"@id":"https:\/\/fuentesfidedignas.com.mx\/index.php\/2022\/09\/29\/en-alerta-proteccion-civil-elota-por-tormenta-orlene\/#primaryimage"},"thumbnailUrl":"https:\/\/fuentesfidedignas.com.mx\/wp-content\/uploads\/2022\/09\/ORLENE.jpeg","articleSection":["NOTICIAS LOCALES"],"inLanguage":"es","potentialAction":[{"@type":"CommentAction","name":"Comment","target":["https:\/\/fuentesfidedignas.com.mx\/index.php\/2022\/09\/29\/en-alerta-proteccion-civil-elota-por-tormenta-orlene\/#respond"]}]},{"@type":"WebPage","@id":"https:\/\/fuentesfidedignas.com.mx\/index.php\/2022\/09\/29\/en-alerta-proteccion-civil-elota-por-tormenta-orlene\/","url":"https:\/\/fuentesfidedignas.com.mx\/index.php\/2022\/09\/29\/en-alerta-proteccion-civil-elota-por-tormenta-orlene\/","name":"En alerta, Protecci\u00f3n Civil Elota por tormenta \u201cOrlene\u201d - Fuentes Fidedignas","isPartOf":{"@id":"https:\/\/fuentesfidedignas.com.mx\/#website"},"primaryImageOfPage":{"@id":"https:\/\/fuentesfidedignas.com.mx\/index.php\/2022\/09\/29\/en-alerta-proteccion-civil-elota-por-tormenta-orlene\/#primaryimage"},"image":{"@id":"https:\/\/fuentesfidedignas.com.mx\/index.php\/2022\/09\/29\/en-alerta-proteccion-civil-elota-por-tormenta-orlene\/#primaryimage"},"thumbnailUrl":"https:\/\/fuentesfidedignas.com.mx\/wp-content\/uploads\/2022\/09\/ORLENE.jpeg","datePublished":"2022-09-29T22:46:59+00:00","dateModified":"2022-09-29T22:47:01+00:00","breadcrumb":{"@id":"https:\/\/fuentesfidedignas.com.mx\/index.php\/2022\/09\/29\/en-alerta-proteccion-civil-elota-por-tormenta-orlene\/#breadcrumb"},"inLanguage":"es","potentialAction":[{"@type":"ReadAction","target":["https:\/\/fuentesfidedignas.com.mx\/index.php\/2022\/09\/29\/en-alerta-proteccion-civil-elota-por-tormenta-orlene\/"]}]},{"@type":"ImageObject","inLanguage":"es","@id":"https:\/\/fuentesfidedignas.com.mx\/index.php\/2022\/09\/29\/en-alerta-proteccion-civil-elota-por-tormenta-orlene\/#primaryimage","url":"https:\/\/fuentesfidedignas.com.mx\/wp-content\/uploads\/2022\/09\/ORLENE.jpeg","contentUrl":"https:\/\/fuentesfidedignas.com.mx\/wp-content\/uploads\/2022\/09\/ORLENE.jpeg","width":1058,"height":567},{"@type":"BreadcrumbList","@id":"https:\/\/fuentesfidedignas.com.mx\/index.php\/2022\/09\/29\/en-alerta-proteccion-civil-elota-por-tormenta-orlene\/#breadcrumb","itemListElement":[{"@type":"ListItem","position":1,"name":"Inicio","item":"https:\/\/fuentesfidedignas.com.mx\/"},{"@type":"ListItem","position":2,"name":"En alerta, Protecci\u00f3n Civil Elota por tormenta \u201cOrlene\u201d"}]},{"@type":"WebSite","@id":"https:\/\/fuentesfidedignas.com.mx\/#website","url":"https:\/\/fuentesfidedignas.com.mx\/","name":"Fuentes Fidedignas","description":"Otro sitio realizado con WordPress","publisher":{"@id":"https:\/\/fuentesfidedignas.com.mx\/#organization"},"potentialAction":[{"@type":"SearchAction","target":{"@type":"EntryPoint","urlTemplate":"https:\/\/fuentesfidedignas.com.mx\/?s={search_term_string}"},"query-input":{"@type":"PropertyValueSpecification","valueRequired":true,"valueName":"search_term_string"}}],"inLanguage":"es"},{"@type":"Organization","@id":"https:\/\/fuentesfidedignas.com.mx\/#organization","name":"Fuentes Fidedignas","url":"https:\/\/fuentesfidedignas.com.mx\/","logo":{"@type":"ImageObject","inLanguage":"es","@id":"https:\/\/fuentesfidedignas.com.mx\/#\/schema\/logo\/image\/","url":"https:\/\/fuentesfidedignas.com.mx\/wp-content\/uploads\/2021\/04\/logo-retina.png","contentUrl":"https:\/\/fuentesfidedignas.com.mx\/wp-content\/uploads\/2021\/04\/logo-retina.png","width":280,"height":51,"caption":"Fuentes Fidedignas"},"image":{"@id":"https:\/\/fuentesfidedignas.com.mx\/#\/schema\/logo\/image\/"},"sameAs":["https:\/\/www.facebook.com\/Fuentes-Fidedignas-368234489921644","https:\/\/x.com\/fidedignas"]},{"@type":"Person","@id":"https:\/\/fuentesfidedignas.com.mx\/#\/schema\/person\/331be9283d37198e2acd5750279085b0","name":"Redacci\u00f3n","image":{"@type":"ImageObject","inLanguage":"es","@id":"https:\/\/secure.gravatar.com\/avatar\/f6d8782c11d12b2d4ad3fbb6931aeab5309937a4d6cd2fc9cfaa28a6396a5aec?s=96&d=mm&r=g","url":"https:\/\/secure.gravatar.com\/avatar\/f6d8782c11d12b2d4ad3fbb6931aeab5309937a4d6cd2fc9cfaa28a6396a5aec?s=96&d=mm&r=g","contentUrl":"https:\/\/secure.gravatar.com\/avatar\/f6d8782c11d12b2d4ad3fbb6931aeab5309937a4d6cd2fc9cfaa28a6396a5aec?s=96&d=mm&r=g","caption":"Redacci\u00f3n"},"url":"https:\/\/fuentesfidedignas.com.mx\/index.php\/author\/redaccion\/"}]}},"_links":{"self":[{"href":"https:\/\/fuentesfidedignas.com.mx\/index.php\/wp-json\/wp\/v2\/posts\/43544","targetHints":{"allow":["GET"]}}],"collection":[{"href":"https:\/\/fuentesfidedignas.com.mx\/index.php\/wp-json\/wp\/v2\/posts"}],"about":[{"href":"https:\/\/fuentesfidedignas.com.mx\/index.php\/wp-json\/wp\/v2\/types\/post"}],"author":[{"embeddable":true,"href":"https:\/\/fuentesfidedignas.com.mx\/index.php\/wp-json\/wp\/v2\/users\/4"}],"replies":[{"embeddable":true,"href":"https:\/\/fuentesfidedignas.com.mx\/index.php\/wp-json\/wp\/v2\/comments?post=43544"}],"version-history":[{"count":1,"href":"https:\/\/fuentesfidedignas.com.mx\/index.php\/wp-json\/wp\/v2\/posts\/43544\/revisions"}],"predecessor-version":[{"id":43546,"href":"https:\/\/fuentesfidedignas.com.mx\/index.php\/wp-json\/wp\/v2\/posts\/43544\/revisions\/43546"}],"wp:featuredmedia":[{"embeddable":true,"href":"https:\/\/fuentesfidedignas.com.mx\/index.php\/wp-json\/wp\/v2\/media\/43545"}],"wp:attachment":[{"href":"https:\/\/fuentesfidedignas.com.mx\/index.php\/wp-json\/wp\/v2\/media?parent=43544"}],"wp:term":[{"taxonomy":"category","embeddable":true,"href":"https:\/\/fuentesfidedignas.com.mx\/index.php\/wp-json\/wp\/v2\/categories?post=43544"},{"taxonomy":"post_tag","embeddable":true,"href":"https:\/\/fuentesfidedignas.com.mx\/index.php\/wp-json\/wp\/v2\/tags?post=43544"}],"curies":[{"name":"wp","href":"https:\/\/api.w.org\/{rel}","templated":true}]}}