{"id":43541,"date":"2022-09-29T16:42:08","date_gmt":"2022-09-29T22:42:08","guid":{"rendered":"https:\/\/fuentesfidedignas.com.mx\/?p=43541"},"modified":"2022-09-29T16:43:12","modified_gmt":"2022-09-29T22:43:12","slug":"culichi-es-sentenciado-a-24-anos-5-meses-de-prision-por-homicidio","status":"publish","type":"post","link":"https:\/\/fuentesfidedignas.com.mx\/index.php\/2022\/09\/29\/culichi-es-sentenciado-a-24-anos-5-meses-de-prision-por-homicidio\/","title":{"rendered":"&#8216;Culichi&#8217; es sentenciado a 24 a\u00f1os 5 meses de prisi\u00f3n por homicidio"},"content":{"rendered":"\n<p><strong><em>La FGE obtuvo las pruebas que acreditaron la responsabilidad del imputado en la privaci\u00f3n de la vida de Carlos Jovany \u201cC\u201d en el interior de una vivienda abandonada en un fraccionamiento de Culiac\u00e1n.<\/em><\/strong><\/p>\n\n\n\n<p>Culiac\u00e1n, Sinaloa.- La Fiscal\u00eda General del Estado de Sinaloa logr\u00f3 una condena de 24 a\u00f1os y 5 meses de prisi\u00f3n contra Guillermo Enrique \u201cL\u201d, al ser declarado responsable del homicidio de Carlos Jovany \u201cC\u201d, en hechos ocurridos el 7 de marzo de 2018 en la capital del estado.<\/p>\n\n\n\n<p>De acuerdo a la carpeta de investigaci\u00f3n, radicada en la causa penal 549\/2018, el hoy sentenciado y dos acompa\u00f1antes atacaron a balazos a Carlos Jovany y a Hugo \u201cA\u201d, ocasionando la privaci\u00f3n de la vida del primero y lesiones en el segundo, cuando \u00e9stos se encontraban en el interior de una vivienda abandonada en el fraccionamiento Prados Residencial.<\/p>\n\n\n\n<p>Personal de la FGE realiz\u00f3 diversas diligencias obteniendo las pruebas que fueron suficientes para judicializar la carpeta de investigaci\u00f3n librando orden de aprehensi\u00f3n el uno de junio de 2018, por el delito de homicidio calificado y homicidio calificado en grado de tentativa.<\/p>\n\n\n\n<p>Fue el 30 de julio de 2020 cuando se celebr\u00f3 audiencia inicial en la que se formul\u00f3 imputaci\u00f3n y se le vincul\u00f3 a proceso, dict\u00e1ndose prisi\u00f3n preventiva oficiosa. El 12 de septiembre de 2022 se celebr\u00f3 audiencia de solicitud de procedimiento abreviado, en la que se dict\u00f3 condena y reparaci\u00f3n del da\u00f1o por 407 mil 836 pesos, que son 5 mil 60 veces la Unidad de Medida y Actualizaci\u00f3n (UMA) vigente en la fecha de los hechos.<\/p>\n\n\n\n<p>&#8212;<\/p>\n","protected":false},"excerpt":{"rendered":"<p>La FGE obtuvo las pruebas que acreditaron la responsabilidad del imputado en la privaci\u00f3n de la vida de Carlos Jovany \u201cC\u201d en el interior de una vivienda abandonada en un fraccionamiento de Culiac\u00e1n. Culiac\u00e1n, Sinaloa.- La Fiscal\u00eda General del Estado de Sinaloa logr\u00f3 una condena de 24 a\u00f1os y 5 meses de prisi\u00f3n contra Guillermo [&hellip;]<\/p>\n","protected":false},"author":4,"featured_media":16975,"comment_status":"open","ping_status":"open","sticky":false,"template":"","format":"standard","meta":{"tdm_status":"","tdm_grid_status":"","footnotes":""},"categories":[38],"tags":[],"class_list":{"0":"post-43541","1":"post","2":"type-post","3":"status-publish","4":"format-standard","5":"has-post-thumbnail","7":"category-noticias-locales"},"yoast_head":"<!-- This site is optimized with the Yoast SEO plugin v27.5 - https:\/\/yoast.com\/product\/yoast-seo-wordpress\/ -->\n<title>&#039;Culichi&#039; es sentenciado a 24 a\u00f1os 5 meses de prisi\u00f3n por homicidio - Fuentes Fidedignas<\/title>\n<meta name=\"robots\" content=\"index, follow, max-snippet:-1, max-image-preview:large, max-video-preview:-1\" \/>\n<link rel=\"canonical\" href=\"https:\/\/fuentesfidedignas.com.mx\/index.php\/2022\/09\/29\/culichi-es-sentenciado-a-24-anos-5-meses-de-prision-por-homicidio\/\" \/>\n<meta property=\"og:locale\" content=\"es_MX\" \/>\n<meta property=\"og:type\" content=\"article\" \/>\n<meta property=\"og:title\" content=\"&#039;Culichi&#039; es sentenciado a 24 a\u00f1os 5 meses de prisi\u00f3n por homicidio - Fuentes Fidedignas\" \/>\n<meta property=\"og:description\" content=\"La FGE obtuvo las pruebas que acreditaron la responsabilidad del imputado en la privaci\u00f3n de la vida de Carlos Jovany \u201cC\u201d en el interior de una vivienda abandonada en un fraccionamiento de Culiac\u00e1n. Culiac\u00e1n, Sinaloa.- La Fiscal\u00eda General del Estado de Sinaloa logr\u00f3 una condena de 24 a\u00f1os y 5 meses de prisi\u00f3n contra Guillermo [&hellip;]\" \/>\n<meta property=\"og:url\" content=\"https:\/\/fuentesfidedignas.com.mx\/index.php\/2022\/09\/29\/culichi-es-sentenciado-a-24-anos-5-meses-de-prision-por-homicidio\/\" \/>\n<meta property=\"og:site_name\" content=\"Fuentes Fidedignas\" \/>\n<meta property=\"article:publisher\" content=\"https:\/\/www.facebook.com\/Fuentes-Fidedignas-368234489921644\" \/>\n<meta property=\"article:published_time\" content=\"2022-09-29T22:42:08+00:00\" \/>\n<meta property=\"article:modified_time\" content=\"2022-09-29T22:43:12+00:00\" \/>\n<meta property=\"og:image\" content=\"https:\/\/fuentesfidedignas.com.mx\/wp-content\/uploads\/2021\/11\/DETENIDO_CELDA.jpg\" \/>\n\t<meta property=\"og:image:width\" content=\"800\" \/>\n\t<meta property=\"og:image:height\" content=\"600\" \/>\n\t<meta property=\"og:image:type\" content=\"image\/jpeg\" \/>\n<meta name=\"author\" content=\"Redacci\u00f3n\" \/>\n<meta name=\"twitter:card\" content=\"summary_large_image\" \/>\n<meta name=\"twitter:creator\" content=\"@fidedignas\" \/>\n<meta name=\"twitter:site\" content=\"@fidedignas\" \/>\n<meta name=\"twitter:label1\" content=\"Escrito por\" \/>\n\t<meta name=\"twitter:data1\" content=\"Redacci\u00f3n\" \/>\n\t<meta name=\"twitter:label2\" content=\"Tiempo de lectura\" \/>\n\t<meta name=\"twitter:data2\" content=\"2 minutos\" \/>\n<script type=\"application\/ld+json\" class=\"yoast-schema-graph\">{\"@context\":\"https:\\\/\\\/schema.org\",\"@graph\":[{\"@type\":\"Article\",\"@id\":\"https:\\\/\\\/fuentesfidedignas.com.mx\\\/index.php\\\/2022\\\/09\\\/29\\\/culichi-es-sentenciado-a-24-anos-5-meses-de-prision-por-homicidio\\\/#article\",\"isPartOf\":{\"@id\":\"https:\\\/\\\/fuentesfidedignas.com.mx\\\/index.php\\\/2022\\\/09\\\/29\\\/culichi-es-sentenciado-a-24-anos-5-meses-de-prision-por-homicidio\\\/\"},\"author\":{\"name\":\"Redacci\u00f3n\",\"@id\":\"https:\\\/\\\/fuentesfidedignas.com.mx\\\/#\\\/schema\\\/person\\\/331be9283d37198e2acd5750279085b0\"},\"headline\":\"&#8216;Culichi&#8217; es sentenciado a 24 a\u00f1os 5 meses de prisi\u00f3n por homicidio\",\"datePublished\":\"2022-09-29T22:42:08+00:00\",\"dateModified\":\"2022-09-29T22:43:12+00:00\",\"mainEntityOfPage\":{\"@id\":\"https:\\\/\\\/fuentesfidedignas.com.mx\\\/index.php\\\/2022\\\/09\\\/29\\\/culichi-es-sentenciado-a-24-anos-5-meses-de-prision-por-homicidio\\\/\"},\"wordCount\":275,\"commentCount\":0,\"publisher\":{\"@id\":\"https:\\\/\\\/fuentesfidedignas.com.mx\\\/#organization\"},\"image\":{\"@id\":\"https:\\\/\\\/fuentesfidedignas.com.mx\\\/index.php\\\/2022\\\/09\\\/29\\\/culichi-es-sentenciado-a-24-anos-5-meses-de-prision-por-homicidio\\\/#primaryimage\"},\"thumbnailUrl\":\"https:\\\/\\\/fuentesfidedignas.com.mx\\\/wp-content\\\/uploads\\\/2021\\\/11\\\/DETENIDO_CELDA.jpg\",\"articleSection\":[\"NOTICIAS LOCALES\"],\"inLanguage\":\"es\",\"potentialAction\":[{\"@type\":\"CommentAction\",\"name\":\"Comment\",\"target\":[\"https:\\\/\\\/fuentesfidedignas.com.mx\\\/index.php\\\/2022\\\/09\\\/29\\\/culichi-es-sentenciado-a-24-anos-5-meses-de-prision-por-homicidio\\\/#respond\"]}]},{\"@type\":\"WebPage\",\"@id\":\"https:\\\/\\\/fuentesfidedignas.com.mx\\\/index.php\\\/2022\\\/09\\\/29\\\/culichi-es-sentenciado-a-24-anos-5-meses-de-prision-por-homicidio\\\/\",\"url\":\"https:\\\/\\\/fuentesfidedignas.com.mx\\\/index.php\\\/2022\\\/09\\\/29\\\/culichi-es-sentenciado-a-24-anos-5-meses-de-prision-por-homicidio\\\/\",\"name\":\"'Culichi' es sentenciado a 24 a\u00f1os 5 meses de prisi\u00f3n por homicidio - Fuentes Fidedignas\",\"isPartOf\":{\"@id\":\"https:\\\/\\\/fuentesfidedignas.com.mx\\\/#website\"},\"primaryImageOfPage\":{\"@id\":\"https:\\\/\\\/fuentesfidedignas.com.mx\\\/index.php\\\/2022\\\/09\\\/29\\\/culichi-es-sentenciado-a-24-anos-5-meses-de-prision-por-homicidio\\\/#primaryimage\"},\"image\":{\"@id\":\"https:\\\/\\\/fuentesfidedignas.com.mx\\\/index.php\\\/2022\\\/09\\\/29\\\/culichi-es-sentenciado-a-24-anos-5-meses-de-prision-por-homicidio\\\/#primaryimage\"},\"thumbnailUrl\":\"https:\\\/\\\/fuentesfidedignas.com.mx\\\/wp-content\\\/uploads\\\/2021\\\/11\\\/DETENIDO_CELDA.jpg\",\"datePublished\":\"2022-09-29T22:42:08+00:00\",\"dateModified\":\"2022-09-29T22:43:12+00:00\",\"breadcrumb\":{\"@id\":\"https:\\\/\\\/fuentesfidedignas.com.mx\\\/index.php\\\/2022\\\/09\\\/29\\\/culichi-es-sentenciado-a-24-anos-5-meses-de-prision-por-homicidio\\\/#breadcrumb\"},\"inLanguage\":\"es\",\"potentialAction\":[{\"@type\":\"ReadAction\",\"target\":[\"https:\\\/\\\/fuentesfidedignas.com.mx\\\/index.php\\\/2022\\\/09\\\/29\\\/culichi-es-sentenciado-a-24-anos-5-meses-de-prision-por-homicidio\\\/\"]}]},{\"@type\":\"ImageObject\",\"inLanguage\":\"es\",\"@id\":\"https:\\\/\\\/fuentesfidedignas.com.mx\\\/index.php\\\/2022\\\/09\\\/29\\\/culichi-es-sentenciado-a-24-anos-5-meses-de-prision-por-homicidio\\\/#primaryimage\",\"url\":\"https:\\\/\\\/fuentesfidedignas.com.mx\\\/wp-content\\\/uploads\\\/2021\\\/11\\\/DETENIDO_CELDA.jpg\",\"contentUrl\":\"https:\\\/\\\/fuentesfidedignas.com.mx\\\/wp-content\\\/uploads\\\/2021\\\/11\\\/DETENIDO_CELDA.jpg\",\"width\":800,\"height\":600},{\"@type\":\"BreadcrumbList\",\"@id\":\"https:\\\/\\\/fuentesfidedignas.com.mx\\\/index.php\\\/2022\\\/09\\\/29\\\/culichi-es-sentenciado-a-24-anos-5-meses-de-prision-por-homicidio\\\/#breadcrumb\",\"itemListElement\":[{\"@type\":\"ListItem\",\"position\":1,\"name\":\"Inicio\",\"item\":\"https:\\\/\\\/fuentesfidedignas.com.mx\\\/\"},{\"@type\":\"ListItem\",\"position\":2,\"name\":\"&#8216;Culichi&#8217; es sentenciado a 24 a\u00f1os 5 meses de prisi\u00f3n por homicidio\"}]},{\"@type\":\"WebSite\",\"@id\":\"https:\\\/\\\/fuentesfidedignas.com.mx\\\/#website\",\"url\":\"https:\\\/\\\/fuentesfidedignas.com.mx\\\/\",\"name\":\"Fuentes Fidedignas\",\"description\":\"Otro sitio realizado con WordPress\",\"publisher\":{\"@id\":\"https:\\\/\\\/fuentesfidedignas.com.mx\\\/#organization\"},\"potentialAction\":[{\"@type\":\"SearchAction\",\"target\":{\"@type\":\"EntryPoint\",\"urlTemplate\":\"https:\\\/\\\/fuentesfidedignas.com.mx\\\/?s={search_term_string}\"},\"query-input\":{\"@type\":\"PropertyValueSpecification\",\"valueRequired\":true,\"valueName\":\"search_term_string\"}}],\"inLanguage\":\"es\"},{\"@type\":\"Organization\",\"@id\":\"https:\\\/\\\/fuentesfidedignas.com.mx\\\/#organization\",\"name\":\"Fuentes Fidedignas\",\"url\":\"https:\\\/\\\/fuentesfidedignas.com.mx\\\/\",\"logo\":{\"@type\":\"ImageObject\",\"inLanguage\":\"es\",\"@id\":\"https:\\\/\\\/fuentesfidedignas.com.mx\\\/#\\\/schema\\\/logo\\\/image\\\/\",\"url\":\"https:\\\/\\\/fuentesfidedignas.com.mx\\\/wp-content\\\/uploads\\\/2021\\\/04\\\/logo-retina.png\",\"contentUrl\":\"https:\\\/\\\/fuentesfidedignas.com.mx\\\/wp-content\\\/uploads\\\/2021\\\/04\\\/logo-retina.png\",\"width\":280,\"height\":51,\"caption\":\"Fuentes Fidedignas\"},\"image\":{\"@id\":\"https:\\\/\\\/fuentesfidedignas.com.mx\\\/#\\\/schema\\\/logo\\\/image\\\/\"},\"sameAs\":[\"https:\\\/\\\/www.facebook.com\\\/Fuentes-Fidedignas-368234489921644\",\"https:\\\/\\\/x.com\\\/fidedignas\"]},{\"@type\":\"Person\",\"@id\":\"https:\\\/\\\/fuentesfidedignas.com.mx\\\/#\\\/schema\\\/person\\\/331be9283d37198e2acd5750279085b0\",\"name\":\"Redacci\u00f3n\",\"image\":{\"@type\":\"ImageObject\",\"inLanguage\":\"es\",\"@id\":\"https:\\\/\\\/secure.gravatar.com\\\/avatar\\\/f6d8782c11d12b2d4ad3fbb6931aeab5309937a4d6cd2fc9cfaa28a6396a5aec?s=96&d=mm&r=g\",\"url\":\"https:\\\/\\\/secure.gravatar.com\\\/avatar\\\/f6d8782c11d12b2d4ad3fbb6931aeab5309937a4d6cd2fc9cfaa28a6396a5aec?s=96&d=mm&r=g\",\"contentUrl\":\"https:\\\/\\\/secure.gravatar.com\\\/avatar\\\/f6d8782c11d12b2d4ad3fbb6931aeab5309937a4d6cd2fc9cfaa28a6396a5aec?s=96&d=mm&r=g\",\"caption\":\"Redacci\u00f3n\"},\"url\":\"https:\\\/\\\/fuentesfidedignas.com.mx\\\/index.php\\\/author\\\/redaccion\\\/\"}]}<\/script>\n<!-- \/ Yoast SEO plugin. -->","yoast_head_json":{"title":"'Culichi' es sentenciado a 24 a\u00f1os 5 meses de prisi\u00f3n por homicidio - Fuentes Fidedignas","robots":{"index":"index","follow":"follow","max-snippet":"max-snippet:-1","max-image-preview":"max-image-preview:large","max-video-preview":"max-video-preview:-1"},"canonical":"https:\/\/fuentesfidedignas.com.mx\/index.php\/2022\/09\/29\/culichi-es-sentenciado-a-24-anos-5-meses-de-prision-por-homicidio\/","og_locale":"es_MX","og_type":"article","og_title":"'Culichi' es sentenciado a 24 a\u00f1os 5 meses de prisi\u00f3n por homicidio - Fuentes Fidedignas","og_description":"La FGE obtuvo las pruebas que acreditaron la responsabilidad del imputado en la privaci\u00f3n de la vida de Carlos Jovany \u201cC\u201d en el interior de una vivienda abandonada en un fraccionamiento de Culiac\u00e1n. Culiac\u00e1n, Sinaloa.- La Fiscal\u00eda General del Estado de Sinaloa logr\u00f3 una condena de 24 a\u00f1os y 5 meses de prisi\u00f3n contra Guillermo [&hellip;]","og_url":"https:\/\/fuentesfidedignas.com.mx\/index.php\/2022\/09\/29\/culichi-es-sentenciado-a-24-anos-5-meses-de-prision-por-homicidio\/","og_site_name":"Fuentes Fidedignas","article_publisher":"https:\/\/www.facebook.com\/Fuentes-Fidedignas-368234489921644","article_published_time":"2022-09-29T22:42:08+00:00","article_modified_time":"2022-09-29T22:43:12+00:00","og_image":[{"width":800,"height":600,"url":"https:\/\/fuentesfidedignas.com.mx\/wp-content\/uploads\/2021\/11\/DETENIDO_CELDA.jpg","type":"image\/jpeg"}],"author":"Redacci\u00f3n","twitter_card":"summary_large_image","twitter_creator":"@fidedignas","twitter_site":"@fidedignas","twitter_misc":{"Escrito por":"Redacci\u00f3n","Tiempo de lectura":"2 minutos"},"schema":{"@context":"https:\/\/schema.org","@graph":[{"@type":"Article","@id":"https:\/\/fuentesfidedignas.com.mx\/index.php\/2022\/09\/29\/culichi-es-sentenciado-a-24-anos-5-meses-de-prision-por-homicidio\/#article","isPartOf":{"@id":"https:\/\/fuentesfidedignas.com.mx\/index.php\/2022\/09\/29\/culichi-es-sentenciado-a-24-anos-5-meses-de-prision-por-homicidio\/"},"author":{"name":"Redacci\u00f3n","@id":"https:\/\/fuentesfidedignas.com.mx\/#\/schema\/person\/331be9283d37198e2acd5750279085b0"},"headline":"&#8216;Culichi&#8217; es sentenciado a 24 a\u00f1os 5 meses de prisi\u00f3n por homicidio","datePublished":"2022-09-29T22:42:08+00:00","dateModified":"2022-09-29T22:43:12+00:00","mainEntityOfPage":{"@id":"https:\/\/fuentesfidedignas.com.mx\/index.php\/2022\/09\/29\/culichi-es-sentenciado-a-24-anos-5-meses-de-prision-por-homicidio\/"},"wordCount":275,"commentCount":0,"publisher":{"@id":"https:\/\/fuentesfidedignas.com.mx\/#organization"},"image":{"@id":"https:\/\/fuentesfidedignas.com.mx\/index.php\/2022\/09\/29\/culichi-es-sentenciado-a-24-anos-5-meses-de-prision-por-homicidio\/#primaryimage"},"thumbnailUrl":"https:\/\/fuentesfidedignas.com.mx\/wp-content\/uploads\/2021\/11\/DETENIDO_CELDA.jpg","articleSection":["NOTICIAS LOCALES"],"inLanguage":"es","potentialAction":[{"@type":"CommentAction","name":"Comment","target":["https:\/\/fuentesfidedignas.com.mx\/index.php\/2022\/09\/29\/culichi-es-sentenciado-a-24-anos-5-meses-de-prision-por-homicidio\/#respond"]}]},{"@type":"WebPage","@id":"https:\/\/fuentesfidedignas.com.mx\/index.php\/2022\/09\/29\/culichi-es-sentenciado-a-24-anos-5-meses-de-prision-por-homicidio\/","url":"https:\/\/fuentesfidedignas.com.mx\/index.php\/2022\/09\/29\/culichi-es-sentenciado-a-24-anos-5-meses-de-prision-por-homicidio\/","name":"'Culichi' es sentenciado a 24 a\u00f1os 5 meses de prisi\u00f3n por homicidio - Fuentes Fidedignas","isPartOf":{"@id":"https:\/\/fuentesfidedignas.com.mx\/#website"},"primaryImageOfPage":{"@id":"https:\/\/fuentesfidedignas.com.mx\/index.php\/2022\/09\/29\/culichi-es-sentenciado-a-24-anos-5-meses-de-prision-por-homicidio\/#primaryimage"},"image":{"@id":"https:\/\/fuentesfidedignas.com.mx\/index.php\/2022\/09\/29\/culichi-es-sentenciado-a-24-anos-5-meses-de-prision-por-homicidio\/#primaryimage"},"thumbnailUrl":"https:\/\/fuentesfidedignas.com.mx\/wp-content\/uploads\/2021\/11\/DETENIDO_CELDA.jpg","datePublished":"2022-09-29T22:42:08+00:00","dateModified":"2022-09-29T22:43:12+00:00","breadcrumb":{"@id":"https:\/\/fuentesfidedignas.com.mx\/index.php\/2022\/09\/29\/culichi-es-sentenciado-a-24-anos-5-meses-de-prision-por-homicidio\/#breadcrumb"},"inLanguage":"es","potentialAction":[{"@type":"ReadAction","target":["https:\/\/fuentesfidedignas.com.mx\/index.php\/2022\/09\/29\/culichi-es-sentenciado-a-24-anos-5-meses-de-prision-por-homicidio\/"]}]},{"@type":"ImageObject","inLanguage":"es","@id":"https:\/\/fuentesfidedignas.com.mx\/index.php\/2022\/09\/29\/culichi-es-sentenciado-a-24-anos-5-meses-de-prision-por-homicidio\/#primaryimage","url":"https:\/\/fuentesfidedignas.com.mx\/wp-content\/uploads\/2021\/11\/DETENIDO_CELDA.jpg","contentUrl":"https:\/\/fuentesfidedignas.com.mx\/wp-content\/uploads\/2021\/11\/DETENIDO_CELDA.jpg","width":800,"height":600},{"@type":"BreadcrumbList","@id":"https:\/\/fuentesfidedignas.com.mx\/index.php\/2022\/09\/29\/culichi-es-sentenciado-a-24-anos-5-meses-de-prision-por-homicidio\/#breadcrumb","itemListElement":[{"@type":"ListItem","position":1,"name":"Inicio","item":"https:\/\/fuentesfidedignas.com.mx\/"},{"@type":"ListItem","position":2,"name":"&#8216;Culichi&#8217; es sentenciado a 24 a\u00f1os 5 meses de prisi\u00f3n por homicidio"}]},{"@type":"WebSite","@id":"https:\/\/fuentesfidedignas.com.mx\/#website","url":"https:\/\/fuentesfidedignas.com.mx\/","name":"Fuentes Fidedignas","description":"Otro sitio realizado con WordPress","publisher":{"@id":"https:\/\/fuentesfidedignas.com.mx\/#organization"},"potentialAction":[{"@type":"SearchAction","target":{"@type":"EntryPoint","urlTemplate":"https:\/\/fuentesfidedignas.com.mx\/?s={search_term_string}"},"query-input":{"@type":"PropertyValueSpecification","valueRequired":true,"valueName":"search_term_string"}}],"inLanguage":"es"},{"@type":"Organization","@id":"https:\/\/fuentesfidedignas.com.mx\/#organization","name":"Fuentes Fidedignas","url":"https:\/\/fuentesfidedignas.com.mx\/","logo":{"@type":"ImageObject","inLanguage":"es","@id":"https:\/\/fuentesfidedignas.com.mx\/#\/schema\/logo\/image\/","url":"https:\/\/fuentesfidedignas.com.mx\/wp-content\/uploads\/2021\/04\/logo-retina.png","contentUrl":"https:\/\/fuentesfidedignas.com.mx\/wp-content\/uploads\/2021\/04\/logo-retina.png","width":280,"height":51,"caption":"Fuentes Fidedignas"},"image":{"@id":"https:\/\/fuentesfidedignas.com.mx\/#\/schema\/logo\/image\/"},"sameAs":["https:\/\/www.facebook.com\/Fuentes-Fidedignas-368234489921644","https:\/\/x.com\/fidedignas"]},{"@type":"Person","@id":"https:\/\/fuentesfidedignas.com.mx\/#\/schema\/person\/331be9283d37198e2acd5750279085b0","name":"Redacci\u00f3n","image":{"@type":"ImageObject","inLanguage":"es","@id":"https:\/\/secure.gravatar.com\/avatar\/f6d8782c11d12b2d4ad3fbb6931aeab5309937a4d6cd2fc9cfaa28a6396a5aec?s=96&d=mm&r=g","url":"https:\/\/secure.gravatar.com\/avatar\/f6d8782c11d12b2d4ad3fbb6931aeab5309937a4d6cd2fc9cfaa28a6396a5aec?s=96&d=mm&r=g","contentUrl":"https:\/\/secure.gravatar.com\/avatar\/f6d8782c11d12b2d4ad3fbb6931aeab5309937a4d6cd2fc9cfaa28a6396a5aec?s=96&d=mm&r=g","caption":"Redacci\u00f3n"},"url":"https:\/\/fuentesfidedignas.com.mx\/index.php\/author\/redaccion\/"}]}},"_links":{"self":[{"href":"https:\/\/fuentesfidedignas.com.mx\/index.php\/wp-json\/wp\/v2\/posts\/43541","targetHints":{"allow":["GET"]}}],"collection":[{"href":"https:\/\/fuentesfidedignas.com.mx\/index.php\/wp-json\/wp\/v2\/posts"}],"about":[{"href":"https:\/\/fuentesfidedignas.com.mx\/index.php\/wp-json\/wp\/v2\/types\/post"}],"author":[{"embeddable":true,"href":"https:\/\/fuentesfidedignas.com.mx\/index.php\/wp-json\/wp\/v2\/users\/4"}],"replies":[{"embeddable":true,"href":"https:\/\/fuentesfidedignas.com.mx\/index.php\/wp-json\/wp\/v2\/comments?post=43541"}],"version-history":[{"count":2,"href":"https:\/\/fuentesfidedignas.com.mx\/index.php\/wp-json\/wp\/v2\/posts\/43541\/revisions"}],"predecessor-version":[{"id":43543,"href":"https:\/\/fuentesfidedignas.com.mx\/index.php\/wp-json\/wp\/v2\/posts\/43541\/revisions\/43543"}],"wp:featuredmedia":[{"embeddable":true,"href":"https:\/\/fuentesfidedignas.com.mx\/index.php\/wp-json\/wp\/v2\/media\/16975"}],"wp:attachment":[{"href":"https:\/\/fuentesfidedignas.com.mx\/index.php\/wp-json\/wp\/v2\/media?parent=43541"}],"wp:term":[{"taxonomy":"category","embeddable":true,"href":"https:\/\/fuentesfidedignas.com.mx\/index.php\/wp-json\/wp\/v2\/categories?post=43541"},{"taxonomy":"post_tag","embeddable":true,"href":"https:\/\/fuentesfidedignas.com.mx\/index.php\/wp-json\/wp\/v2\/tags?post=43541"}],"curies":[{"name":"wp","href":"https:\/\/api.w.org\/{rel}","templated":true}]}}