{"id":43535,"date":"2022-09-29T14:09:35","date_gmt":"2022-09-29T20:09:35","guid":{"rendered":"https:\/\/fuentesfidedignas.com.mx\/?p=43535"},"modified":"2022-09-29T16:11:20","modified_gmt":"2022-09-29T22:11:20","slug":"se-gano-una-lucha-de-los-sinaloenses-ya-no-habra-horario-de-verano","status":"publish","type":"post","link":"https:\/\/fuentesfidedignas.com.mx\/index.php\/2022\/09\/29\/se-gano-una-lucha-de-los-sinaloenses-ya-no-habra-horario-de-verano\/","title":{"rendered":"Se gan\u00f3 una lucha de los sinaloenses, \u00a1Ya no habr\u00e1 Horario de Verano!"},"content":{"rendered":"\n<p><em><strong>\u201cEl 14 de noviembre del 2016 participaron 262,876 sinaloenses y el 10 de octubre del 2018 lo hicieron 221 mil 281\u201d: H\u00e9ctor Melesio Cu\u00e9n Ojeda<\/strong><\/em><\/p>\n\n\n\n<p>Culiac\u00e1n, Sin.- Aprueba el pleno de los diputados en la C\u00e1mara Federal el Dictamen de la Comisi\u00f3n de Energ\u00eda donde abroga el Horario de Verano lo cual tiene una gran importancia para los ciudadanos de nuestra entidad ya que la lucha que emprendieron los sinaloenses para que en nuestro pa\u00eds NO SE APLIQUE EL HORARIO DE VERANO es una realidad, as\u00ed lo coment\u00f3 <strong>H\u00e9ctor Melesio Cu\u00e9n Ojeda<\/strong>.<\/p>\n\n\n\n<p>La iniciativa aprobada hoy la present\u00f3 el presidente Andr\u00e9s Manuel L\u00f3pez Obrador, y ser\u00e1 una realidad en nuestro pa\u00eds a partir del 30 de octubre, donde atrasaremos el reloj una hora para quedar con el horario normal, expres\u00f3 el fundador del Partido Sinaloense, H\u00e9ctor Melesio Cu\u00e9n Ojeda.<\/p>\n\n\n\n<p>Este Dictamen con proyecto de Decreto por el que se expide la <strong>Ley de los Husos Horarios en los Estados Unidos Mexicanos<\/strong>, y a la vez se abroga la <strong>Ley del Sistema de Horario en los Estados Unidos Mexicanos<\/strong>, le\u00eddo y aprobado este d\u00eda, se\u00f1ala que \u00fanicamente la zona fronteriza norte del territorio nacional aplicar\u00e1 un horario estacional a partir del segundo domingo marzo del 2023 y concluir\u00e1 el primer domingo de noviembre del 2023.<\/p>\n\n\n\n<p>Las iniciativas ciudadanas es un ejemplo de la verdadera participaci\u00f3n ciudadana y desde el 2016 los ciudadanos nos hicieron saber que no quer\u00edan el horario de verano, nos abocamos a recoger firmas para presentar esta iniciativa para que en Sinaloa no se aplique el Horario de Verano, 216,876 sinaloense suscribieron esta iniciativa, nos la rechazaron en el Senado con 2 votos de diferencia, y en el a\u00f1o 2018 la volvimos a presentar, &nbsp;fue apoyada por m\u00e1s de 221 mil 281 sinaloenses y hoy vemos el fruto de esta insistencia.<\/p>\n\n\n\n<p>\u201c<em>El Dictamen se\u00f1ala que en el territorio mexicano habr\u00e1 un horario est\u00e1ndar que se establecer\u00e1 de acuerdo con las zonas horario que correspondan, a Sinaloa le ata\u00f1e la Zona Pacifico, referida al meridiano 105 grados al oeste de Greenwich y que por \u00faltima vez atrasar\u00e1 el reloj una hora este 31 de octubre para quedar con su horario normal, con esta aprobaci\u00f3n de los diputados se ve coronado el esfuerzo de los ciudadanos sinaloenses por quitar el Horario de verano que tanto da\u00f1o caus\u00f3 en la salud de las personas<\/em>\u201d, manifest\u00f3 H\u00e9ctor Melesio Cu\u00e9n Ojeda.<\/p>\n\n\n\n<p>Este Decreto pasar\u00e1 al senado para su ratificaci\u00f3n, donde la mayor\u00eda de los senadores ya se manifestaron que la aprobar\u00e1n ya que es en beneficio de los ciudadanos de nuestro pa\u00eds, despu\u00e9s entrar\u00e1 en vigor el primero de noviembre de 2022 y a partir de esta fecha se abroga la <strong>Ley del Sistema de Horario en los Estados Unidos Mexicanos<\/strong>, publicada el 29 de diciembre de 2001 y abroga el Decreto por el que se establece el Horario Estacional del 1 de marzo del 2002 y las subsecuentes reformas publicadas en el Diario Oficial de la Federaci\u00f3n.<\/p>\n\n\n\n<p>Nosotros, como ciudadanos, estamos muy contentos porque el fruto de m\u00e1s de medio mill\u00f3n de ciudadanos sinaloenses est\u00e1 dando fruto, en comisiones se aval\u00f3 por los 22 diputados de Morena, los del PAN se abstuvieron los 11 diputados y uno en contra del PRI, hoy fue aprobada por el pleno y 445 diputados votaron a favor, pasa al Senado y en los pr\u00f3ximos d\u00edas se votar\u00e1, confiamos en que se apruebe a favor.<\/p>\n","protected":false},"excerpt":{"rendered":"<p>\u201cEl 14 de noviembre del 2016 participaron 262,876 sinaloenses y el 10 de octubre del 2018 lo hicieron 221 mil 281\u201d: H\u00e9ctor Melesio Cu\u00e9n Ojeda Culiac\u00e1n, Sin.- Aprueba el pleno de los diputados en la C\u00e1mara Federal el Dictamen de la Comisi\u00f3n de Energ\u00eda donde abroga el Horario de Verano lo cual tiene una gran [&hellip;]<\/p>\n","protected":false},"author":4,"featured_media":43536,"comment_status":"open","ping_status":"open","sticky":false,"template":"","format":"standard","meta":{"tdm_status":"","tdm_grid_status":"","footnotes":""},"categories":[38],"tags":[],"class_list":{"0":"post-43535","1":"post","2":"type-post","3":"status-publish","4":"format-standard","5":"has-post-thumbnail","7":"category-noticias-locales"},"yoast_head":"<!-- This site is optimized with the Yoast SEO plugin v27.5 - https:\/\/yoast.com\/product\/yoast-seo-wordpress\/ -->\n<title>Se gan\u00f3 una lucha de los sinaloenses, \u00a1Ya no habr\u00e1 Horario de Verano! - Fuentes Fidedignas<\/title>\n<meta name=\"robots\" content=\"index, follow, max-snippet:-1, max-image-preview:large, max-video-preview:-1\" \/>\n<link rel=\"canonical\" href=\"https:\/\/fuentesfidedignas.com.mx\/index.php\/2022\/09\/29\/se-gano-una-lucha-de-los-sinaloenses-ya-no-habra-horario-de-verano\/\" \/>\n<meta property=\"og:locale\" content=\"es_MX\" \/>\n<meta property=\"og:type\" content=\"article\" \/>\n<meta property=\"og:title\" content=\"Se gan\u00f3 una lucha de los sinaloenses, \u00a1Ya no habr\u00e1 Horario de Verano! - Fuentes Fidedignas\" \/>\n<meta property=\"og:description\" content=\"\u201cEl 14 de noviembre del 2016 participaron 262,876 sinaloenses y el 10 de octubre del 2018 lo hicieron 221 mil 281\u201d: H\u00e9ctor Melesio Cu\u00e9n Ojeda Culiac\u00e1n, Sin.- Aprueba el pleno de los diputados en la C\u00e1mara Federal el Dictamen de la Comisi\u00f3n de Energ\u00eda donde abroga el Horario de Verano lo cual tiene una gran [&hellip;]\" \/>\n<meta property=\"og:url\" content=\"https:\/\/fuentesfidedignas.com.mx\/index.php\/2022\/09\/29\/se-gano-una-lucha-de-los-sinaloenses-ya-no-habra-horario-de-verano\/\" \/>\n<meta property=\"og:site_name\" content=\"Fuentes Fidedignas\" \/>\n<meta property=\"article:publisher\" content=\"https:\/\/www.facebook.com\/Fuentes-Fidedignas-368234489921644\" \/>\n<meta property=\"article:published_time\" content=\"2022-09-29T20:09:35+00:00\" \/>\n<meta property=\"article:modified_time\" content=\"2022-09-29T22:11:20+00:00\" \/>\n<meta property=\"og:image\" content=\"https:\/\/fuentesfidedignas.com.mx\/wp-content\/uploads\/2022\/09\/cuenhorario.jpg\" \/>\n\t<meta property=\"og:image:width\" content=\"862\" \/>\n\t<meta property=\"og:image:height\" content=\"745\" \/>\n\t<meta property=\"og:image:type\" content=\"image\/jpeg\" \/>\n<meta name=\"author\" content=\"Redacci\u00f3n\" \/>\n<meta name=\"twitter:card\" content=\"summary_large_image\" \/>\n<meta name=\"twitter:creator\" content=\"@fidedignas\" \/>\n<meta name=\"twitter:site\" content=\"@fidedignas\" \/>\n<meta name=\"twitter:label1\" content=\"Escrito por\" \/>\n\t<meta name=\"twitter:data1\" content=\"Redacci\u00f3n\" \/>\n\t<meta name=\"twitter:label2\" content=\"Tiempo de lectura\" \/>\n\t<meta name=\"twitter:data2\" content=\"3 minutos\" \/>\n<script type=\"application\/ld+json\" class=\"yoast-schema-graph\">{\"@context\":\"https:\\\/\\\/schema.org\",\"@graph\":[{\"@type\":\"Article\",\"@id\":\"https:\\\/\\\/fuentesfidedignas.com.mx\\\/index.php\\\/2022\\\/09\\\/29\\\/se-gano-una-lucha-de-los-sinaloenses-ya-no-habra-horario-de-verano\\\/#article\",\"isPartOf\":{\"@id\":\"https:\\\/\\\/fuentesfidedignas.com.mx\\\/index.php\\\/2022\\\/09\\\/29\\\/se-gano-una-lucha-de-los-sinaloenses-ya-no-habra-horario-de-verano\\\/\"},\"author\":{\"name\":\"Redacci\u00f3n\",\"@id\":\"https:\\\/\\\/fuentesfidedignas.com.mx\\\/#\\\/schema\\\/person\\\/331be9283d37198e2acd5750279085b0\"},\"headline\":\"Se gan\u00f3 una lucha de los sinaloenses, \u00a1Ya no habr\u00e1 Horario de Verano!\",\"datePublished\":\"2022-09-29T20:09:35+00:00\",\"dateModified\":\"2022-09-29T22:11:20+00:00\",\"mainEntityOfPage\":{\"@id\":\"https:\\\/\\\/fuentesfidedignas.com.mx\\\/index.php\\\/2022\\\/09\\\/29\\\/se-gano-una-lucha-de-los-sinaloenses-ya-no-habra-horario-de-verano\\\/\"},\"wordCount\":595,\"commentCount\":0,\"publisher\":{\"@id\":\"https:\\\/\\\/fuentesfidedignas.com.mx\\\/#organization\"},\"image\":{\"@id\":\"https:\\\/\\\/fuentesfidedignas.com.mx\\\/index.php\\\/2022\\\/09\\\/29\\\/se-gano-una-lucha-de-los-sinaloenses-ya-no-habra-horario-de-verano\\\/#primaryimage\"},\"thumbnailUrl\":\"https:\\\/\\\/fuentesfidedignas.com.mx\\\/wp-content\\\/uploads\\\/2022\\\/09\\\/cuenhorario.jpg\",\"articleSection\":[\"NOTICIAS LOCALES\"],\"inLanguage\":\"es\",\"potentialAction\":[{\"@type\":\"CommentAction\",\"name\":\"Comment\",\"target\":[\"https:\\\/\\\/fuentesfidedignas.com.mx\\\/index.php\\\/2022\\\/09\\\/29\\\/se-gano-una-lucha-de-los-sinaloenses-ya-no-habra-horario-de-verano\\\/#respond\"]}]},{\"@type\":\"WebPage\",\"@id\":\"https:\\\/\\\/fuentesfidedignas.com.mx\\\/index.php\\\/2022\\\/09\\\/29\\\/se-gano-una-lucha-de-los-sinaloenses-ya-no-habra-horario-de-verano\\\/\",\"url\":\"https:\\\/\\\/fuentesfidedignas.com.mx\\\/index.php\\\/2022\\\/09\\\/29\\\/se-gano-una-lucha-de-los-sinaloenses-ya-no-habra-horario-de-verano\\\/\",\"name\":\"Se gan\u00f3 una lucha de los sinaloenses, \u00a1Ya no habr\u00e1 Horario de Verano! - Fuentes Fidedignas\",\"isPartOf\":{\"@id\":\"https:\\\/\\\/fuentesfidedignas.com.mx\\\/#website\"},\"primaryImageOfPage\":{\"@id\":\"https:\\\/\\\/fuentesfidedignas.com.mx\\\/index.php\\\/2022\\\/09\\\/29\\\/se-gano-una-lucha-de-los-sinaloenses-ya-no-habra-horario-de-verano\\\/#primaryimage\"},\"image\":{\"@id\":\"https:\\\/\\\/fuentesfidedignas.com.mx\\\/index.php\\\/2022\\\/09\\\/29\\\/se-gano-una-lucha-de-los-sinaloenses-ya-no-habra-horario-de-verano\\\/#primaryimage\"},\"thumbnailUrl\":\"https:\\\/\\\/fuentesfidedignas.com.mx\\\/wp-content\\\/uploads\\\/2022\\\/09\\\/cuenhorario.jpg\",\"datePublished\":\"2022-09-29T20:09:35+00:00\",\"dateModified\":\"2022-09-29T22:11:20+00:00\",\"breadcrumb\":{\"@id\":\"https:\\\/\\\/fuentesfidedignas.com.mx\\\/index.php\\\/2022\\\/09\\\/29\\\/se-gano-una-lucha-de-los-sinaloenses-ya-no-habra-horario-de-verano\\\/#breadcrumb\"},\"inLanguage\":\"es\",\"potentialAction\":[{\"@type\":\"ReadAction\",\"target\":[\"https:\\\/\\\/fuentesfidedignas.com.mx\\\/index.php\\\/2022\\\/09\\\/29\\\/se-gano-una-lucha-de-los-sinaloenses-ya-no-habra-horario-de-verano\\\/\"]}]},{\"@type\":\"ImageObject\",\"inLanguage\":\"es\",\"@id\":\"https:\\\/\\\/fuentesfidedignas.com.mx\\\/index.php\\\/2022\\\/09\\\/29\\\/se-gano-una-lucha-de-los-sinaloenses-ya-no-habra-horario-de-verano\\\/#primaryimage\",\"url\":\"https:\\\/\\\/fuentesfidedignas.com.mx\\\/wp-content\\\/uploads\\\/2022\\\/09\\\/cuenhorario.jpg\",\"contentUrl\":\"https:\\\/\\\/fuentesfidedignas.com.mx\\\/wp-content\\\/uploads\\\/2022\\\/09\\\/cuenhorario.jpg\",\"width\":862,\"height\":745},{\"@type\":\"BreadcrumbList\",\"@id\":\"https:\\\/\\\/fuentesfidedignas.com.mx\\\/index.php\\\/2022\\\/09\\\/29\\\/se-gano-una-lucha-de-los-sinaloenses-ya-no-habra-horario-de-verano\\\/#breadcrumb\",\"itemListElement\":[{\"@type\":\"ListItem\",\"position\":1,\"name\":\"Inicio\",\"item\":\"https:\\\/\\\/fuentesfidedignas.com.mx\\\/\"},{\"@type\":\"ListItem\",\"position\":2,\"name\":\"Se gan\u00f3 una lucha de los sinaloenses, \u00a1Ya no habr\u00e1 Horario de Verano!\"}]},{\"@type\":\"WebSite\",\"@id\":\"https:\\\/\\\/fuentesfidedignas.com.mx\\\/#website\",\"url\":\"https:\\\/\\\/fuentesfidedignas.com.mx\\\/\",\"name\":\"Fuentes Fidedignas\",\"description\":\"Otro sitio realizado con WordPress\",\"publisher\":{\"@id\":\"https:\\\/\\\/fuentesfidedignas.com.mx\\\/#organization\"},\"potentialAction\":[{\"@type\":\"SearchAction\",\"target\":{\"@type\":\"EntryPoint\",\"urlTemplate\":\"https:\\\/\\\/fuentesfidedignas.com.mx\\\/?s={search_term_string}\"},\"query-input\":{\"@type\":\"PropertyValueSpecification\",\"valueRequired\":true,\"valueName\":\"search_term_string\"}}],\"inLanguage\":\"es\"},{\"@type\":\"Organization\",\"@id\":\"https:\\\/\\\/fuentesfidedignas.com.mx\\\/#organization\",\"name\":\"Fuentes Fidedignas\",\"url\":\"https:\\\/\\\/fuentesfidedignas.com.mx\\\/\",\"logo\":{\"@type\":\"ImageObject\",\"inLanguage\":\"es\",\"@id\":\"https:\\\/\\\/fuentesfidedignas.com.mx\\\/#\\\/schema\\\/logo\\\/image\\\/\",\"url\":\"https:\\\/\\\/fuentesfidedignas.com.mx\\\/wp-content\\\/uploads\\\/2021\\\/04\\\/logo-retina.png\",\"contentUrl\":\"https:\\\/\\\/fuentesfidedignas.com.mx\\\/wp-content\\\/uploads\\\/2021\\\/04\\\/logo-retina.png\",\"width\":280,\"height\":51,\"caption\":\"Fuentes Fidedignas\"},\"image\":{\"@id\":\"https:\\\/\\\/fuentesfidedignas.com.mx\\\/#\\\/schema\\\/logo\\\/image\\\/\"},\"sameAs\":[\"https:\\\/\\\/www.facebook.com\\\/Fuentes-Fidedignas-368234489921644\",\"https:\\\/\\\/x.com\\\/fidedignas\"]},{\"@type\":\"Person\",\"@id\":\"https:\\\/\\\/fuentesfidedignas.com.mx\\\/#\\\/schema\\\/person\\\/331be9283d37198e2acd5750279085b0\",\"name\":\"Redacci\u00f3n\",\"image\":{\"@type\":\"ImageObject\",\"inLanguage\":\"es\",\"@id\":\"https:\\\/\\\/secure.gravatar.com\\\/avatar\\\/f6d8782c11d12b2d4ad3fbb6931aeab5309937a4d6cd2fc9cfaa28a6396a5aec?s=96&d=mm&r=g\",\"url\":\"https:\\\/\\\/secure.gravatar.com\\\/avatar\\\/f6d8782c11d12b2d4ad3fbb6931aeab5309937a4d6cd2fc9cfaa28a6396a5aec?s=96&d=mm&r=g\",\"contentUrl\":\"https:\\\/\\\/secure.gravatar.com\\\/avatar\\\/f6d8782c11d12b2d4ad3fbb6931aeab5309937a4d6cd2fc9cfaa28a6396a5aec?s=96&d=mm&r=g\",\"caption\":\"Redacci\u00f3n\"},\"url\":\"https:\\\/\\\/fuentesfidedignas.com.mx\\\/index.php\\\/author\\\/redaccion\\\/\"}]}<\/script>\n<!-- \/ Yoast SEO plugin. -->","yoast_head_json":{"title":"Se gan\u00f3 una lucha de los sinaloenses, \u00a1Ya no habr\u00e1 Horario de Verano! - Fuentes Fidedignas","robots":{"index":"index","follow":"follow","max-snippet":"max-snippet:-1","max-image-preview":"max-image-preview:large","max-video-preview":"max-video-preview:-1"},"canonical":"https:\/\/fuentesfidedignas.com.mx\/index.php\/2022\/09\/29\/se-gano-una-lucha-de-los-sinaloenses-ya-no-habra-horario-de-verano\/","og_locale":"es_MX","og_type":"article","og_title":"Se gan\u00f3 una lucha de los sinaloenses, \u00a1Ya no habr\u00e1 Horario de Verano! - Fuentes Fidedignas","og_description":"\u201cEl 14 de noviembre del 2016 participaron 262,876 sinaloenses y el 10 de octubre del 2018 lo hicieron 221 mil 281\u201d: H\u00e9ctor Melesio Cu\u00e9n Ojeda Culiac\u00e1n, Sin.- Aprueba el pleno de los diputados en la C\u00e1mara Federal el Dictamen de la Comisi\u00f3n de Energ\u00eda donde abroga el Horario de Verano lo cual tiene una gran [&hellip;]","og_url":"https:\/\/fuentesfidedignas.com.mx\/index.php\/2022\/09\/29\/se-gano-una-lucha-de-los-sinaloenses-ya-no-habra-horario-de-verano\/","og_site_name":"Fuentes Fidedignas","article_publisher":"https:\/\/www.facebook.com\/Fuentes-Fidedignas-368234489921644","article_published_time":"2022-09-29T20:09:35+00:00","article_modified_time":"2022-09-29T22:11:20+00:00","og_image":[{"width":862,"height":745,"url":"https:\/\/fuentesfidedignas.com.mx\/wp-content\/uploads\/2022\/09\/cuenhorario.jpg","type":"image\/jpeg"}],"author":"Redacci\u00f3n","twitter_card":"summary_large_image","twitter_creator":"@fidedignas","twitter_site":"@fidedignas","twitter_misc":{"Escrito por":"Redacci\u00f3n","Tiempo de lectura":"3 minutos"},"schema":{"@context":"https:\/\/schema.org","@graph":[{"@type":"Article","@id":"https:\/\/fuentesfidedignas.com.mx\/index.php\/2022\/09\/29\/se-gano-una-lucha-de-los-sinaloenses-ya-no-habra-horario-de-verano\/#article","isPartOf":{"@id":"https:\/\/fuentesfidedignas.com.mx\/index.php\/2022\/09\/29\/se-gano-una-lucha-de-los-sinaloenses-ya-no-habra-horario-de-verano\/"},"author":{"name":"Redacci\u00f3n","@id":"https:\/\/fuentesfidedignas.com.mx\/#\/schema\/person\/331be9283d37198e2acd5750279085b0"},"headline":"Se gan\u00f3 una lucha de los sinaloenses, \u00a1Ya no habr\u00e1 Horario de Verano!","datePublished":"2022-09-29T20:09:35+00:00","dateModified":"2022-09-29T22:11:20+00:00","mainEntityOfPage":{"@id":"https:\/\/fuentesfidedignas.com.mx\/index.php\/2022\/09\/29\/se-gano-una-lucha-de-los-sinaloenses-ya-no-habra-horario-de-verano\/"},"wordCount":595,"commentCount":0,"publisher":{"@id":"https:\/\/fuentesfidedignas.com.mx\/#organization"},"image":{"@id":"https:\/\/fuentesfidedignas.com.mx\/index.php\/2022\/09\/29\/se-gano-una-lucha-de-los-sinaloenses-ya-no-habra-horario-de-verano\/#primaryimage"},"thumbnailUrl":"https:\/\/fuentesfidedignas.com.mx\/wp-content\/uploads\/2022\/09\/cuenhorario.jpg","articleSection":["NOTICIAS LOCALES"],"inLanguage":"es","potentialAction":[{"@type":"CommentAction","name":"Comment","target":["https:\/\/fuentesfidedignas.com.mx\/index.php\/2022\/09\/29\/se-gano-una-lucha-de-los-sinaloenses-ya-no-habra-horario-de-verano\/#respond"]}]},{"@type":"WebPage","@id":"https:\/\/fuentesfidedignas.com.mx\/index.php\/2022\/09\/29\/se-gano-una-lucha-de-los-sinaloenses-ya-no-habra-horario-de-verano\/","url":"https:\/\/fuentesfidedignas.com.mx\/index.php\/2022\/09\/29\/se-gano-una-lucha-de-los-sinaloenses-ya-no-habra-horario-de-verano\/","name":"Se gan\u00f3 una lucha de los sinaloenses, \u00a1Ya no habr\u00e1 Horario de Verano! - Fuentes Fidedignas","isPartOf":{"@id":"https:\/\/fuentesfidedignas.com.mx\/#website"},"primaryImageOfPage":{"@id":"https:\/\/fuentesfidedignas.com.mx\/index.php\/2022\/09\/29\/se-gano-una-lucha-de-los-sinaloenses-ya-no-habra-horario-de-verano\/#primaryimage"},"image":{"@id":"https:\/\/fuentesfidedignas.com.mx\/index.php\/2022\/09\/29\/se-gano-una-lucha-de-los-sinaloenses-ya-no-habra-horario-de-verano\/#primaryimage"},"thumbnailUrl":"https:\/\/fuentesfidedignas.com.mx\/wp-content\/uploads\/2022\/09\/cuenhorario.jpg","datePublished":"2022-09-29T20:09:35+00:00","dateModified":"2022-09-29T22:11:20+00:00","breadcrumb":{"@id":"https:\/\/fuentesfidedignas.com.mx\/index.php\/2022\/09\/29\/se-gano-una-lucha-de-los-sinaloenses-ya-no-habra-horario-de-verano\/#breadcrumb"},"inLanguage":"es","potentialAction":[{"@type":"ReadAction","target":["https:\/\/fuentesfidedignas.com.mx\/index.php\/2022\/09\/29\/se-gano-una-lucha-de-los-sinaloenses-ya-no-habra-horario-de-verano\/"]}]},{"@type":"ImageObject","inLanguage":"es","@id":"https:\/\/fuentesfidedignas.com.mx\/index.php\/2022\/09\/29\/se-gano-una-lucha-de-los-sinaloenses-ya-no-habra-horario-de-verano\/#primaryimage","url":"https:\/\/fuentesfidedignas.com.mx\/wp-content\/uploads\/2022\/09\/cuenhorario.jpg","contentUrl":"https:\/\/fuentesfidedignas.com.mx\/wp-content\/uploads\/2022\/09\/cuenhorario.jpg","width":862,"height":745},{"@type":"BreadcrumbList","@id":"https:\/\/fuentesfidedignas.com.mx\/index.php\/2022\/09\/29\/se-gano-una-lucha-de-los-sinaloenses-ya-no-habra-horario-de-verano\/#breadcrumb","itemListElement":[{"@type":"ListItem","position":1,"name":"Inicio","item":"https:\/\/fuentesfidedignas.com.mx\/"},{"@type":"ListItem","position":2,"name":"Se gan\u00f3 una lucha de los sinaloenses, \u00a1Ya no habr\u00e1 Horario de Verano!"}]},{"@type":"WebSite","@id":"https:\/\/fuentesfidedignas.com.mx\/#website","url":"https:\/\/fuentesfidedignas.com.mx\/","name":"Fuentes Fidedignas","description":"Otro sitio realizado con WordPress","publisher":{"@id":"https:\/\/fuentesfidedignas.com.mx\/#organization"},"potentialAction":[{"@type":"SearchAction","target":{"@type":"EntryPoint","urlTemplate":"https:\/\/fuentesfidedignas.com.mx\/?s={search_term_string}"},"query-input":{"@type":"PropertyValueSpecification","valueRequired":true,"valueName":"search_term_string"}}],"inLanguage":"es"},{"@type":"Organization","@id":"https:\/\/fuentesfidedignas.com.mx\/#organization","name":"Fuentes Fidedignas","url":"https:\/\/fuentesfidedignas.com.mx\/","logo":{"@type":"ImageObject","inLanguage":"es","@id":"https:\/\/fuentesfidedignas.com.mx\/#\/schema\/logo\/image\/","url":"https:\/\/fuentesfidedignas.com.mx\/wp-content\/uploads\/2021\/04\/logo-retina.png","contentUrl":"https:\/\/fuentesfidedignas.com.mx\/wp-content\/uploads\/2021\/04\/logo-retina.png","width":280,"height":51,"caption":"Fuentes Fidedignas"},"image":{"@id":"https:\/\/fuentesfidedignas.com.mx\/#\/schema\/logo\/image\/"},"sameAs":["https:\/\/www.facebook.com\/Fuentes-Fidedignas-368234489921644","https:\/\/x.com\/fidedignas"]},{"@type":"Person","@id":"https:\/\/fuentesfidedignas.com.mx\/#\/schema\/person\/331be9283d37198e2acd5750279085b0","name":"Redacci\u00f3n","image":{"@type":"ImageObject","inLanguage":"es","@id":"https:\/\/secure.gravatar.com\/avatar\/f6d8782c11d12b2d4ad3fbb6931aeab5309937a4d6cd2fc9cfaa28a6396a5aec?s=96&d=mm&r=g","url":"https:\/\/secure.gravatar.com\/avatar\/f6d8782c11d12b2d4ad3fbb6931aeab5309937a4d6cd2fc9cfaa28a6396a5aec?s=96&d=mm&r=g","contentUrl":"https:\/\/secure.gravatar.com\/avatar\/f6d8782c11d12b2d4ad3fbb6931aeab5309937a4d6cd2fc9cfaa28a6396a5aec?s=96&d=mm&r=g","caption":"Redacci\u00f3n"},"url":"https:\/\/fuentesfidedignas.com.mx\/index.php\/author\/redaccion\/"}]}},"_links":{"self":[{"href":"https:\/\/fuentesfidedignas.com.mx\/index.php\/wp-json\/wp\/v2\/posts\/43535","targetHints":{"allow":["GET"]}}],"collection":[{"href":"https:\/\/fuentesfidedignas.com.mx\/index.php\/wp-json\/wp\/v2\/posts"}],"about":[{"href":"https:\/\/fuentesfidedignas.com.mx\/index.php\/wp-json\/wp\/v2\/types\/post"}],"author":[{"embeddable":true,"href":"https:\/\/fuentesfidedignas.com.mx\/index.php\/wp-json\/wp\/v2\/users\/4"}],"replies":[{"embeddable":true,"href":"https:\/\/fuentesfidedignas.com.mx\/index.php\/wp-json\/wp\/v2\/comments?post=43535"}],"version-history":[{"count":2,"href":"https:\/\/fuentesfidedignas.com.mx\/index.php\/wp-json\/wp\/v2\/posts\/43535\/revisions"}],"predecessor-version":[{"id":43540,"href":"https:\/\/fuentesfidedignas.com.mx\/index.php\/wp-json\/wp\/v2\/posts\/43535\/revisions\/43540"}],"wp:featuredmedia":[{"embeddable":true,"href":"https:\/\/fuentesfidedignas.com.mx\/index.php\/wp-json\/wp\/v2\/media\/43536"}],"wp:attachment":[{"href":"https:\/\/fuentesfidedignas.com.mx\/index.php\/wp-json\/wp\/v2\/media?parent=43535"}],"wp:term":[{"taxonomy":"category","embeddable":true,"href":"https:\/\/fuentesfidedignas.com.mx\/index.php\/wp-json\/wp\/v2\/categories?post=43535"},{"taxonomy":"post_tag","embeddable":true,"href":"https:\/\/fuentesfidedignas.com.mx\/index.php\/wp-json\/wp\/v2\/tags?post=43535"}],"curies":[{"name":"wp","href":"https:\/\/api.w.org\/{rel}","templated":true}]}}