{"id":43509,"date":"2022-09-29T10:10:54","date_gmt":"2022-09-29T16:10:54","guid":{"rendered":"https:\/\/fuentesfidedignas.com.mx\/?p=43509"},"modified":"2022-09-29T10:11:25","modified_gmt":"2022-09-29T16:11:25","slug":"amlo-confirma-desaparicion-de-dos-marinos-acompanantes-de-jose-narro-fgr-ya-investiga","status":"publish","type":"post","link":"https:\/\/fuentesfidedignas.com.mx\/index.php\/2022\/09\/29\/amlo-confirma-desaparicion-de-dos-marinos-acompanantes-de-jose-narro-fgr-ya-investiga\/","title":{"rendered":"AMLO confirma desaparici\u00f3n de dos marinos, acompa\u00f1antes de Jos\u00e9 Narro; FGR ya investiga"},"content":{"rendered":"\n<p><em><strong>El pasado 4 de agosto del 2022, el senador Jos\u00e9 Narro neg\u00f3 estar involucrado en la desaparici\u00f3n de los marinos<\/strong><\/em><\/p>\n\n\n\n<p>Ciudad de M\u00e9xico. El presidente,\u00a0<strong>Andr\u00e9s Manuel L\u00f3pez Obrador\u00a0<\/strong>(<strong><a href=\"https:\/\/noticieros.televisa.com\/politica\/\" target=\"_blank\" rel=\"noreferrer noopener\">AMLO<\/a><\/strong>), confirm\u00f3 la desaparici\u00f3n de dos\u00a0<a href=\"https:\/\/noticieros.televisa.com\/tag\/marinos\/\" target=\"_blank\" rel=\"noreferrer noopener\"><strong>marinos<\/strong><\/a>, que acompa\u00f1aron al senador<strong>\u00a0Jos\u00e9 Narro C\u00e9spedes<\/strong>, en su traslado del estado de Guerrero a la Ciudad de M\u00e9xico; por lo que\u00a0<a href=\"https:\/\/noticieros.televisa.com\/tag\/fiscalia-general-de-la-republica-fgr\/\" target=\"_blank\" rel=\"noreferrer noopener\"><strong>Fiscal\u00eda General de la Rep\u00fablica (FGR)<\/strong><\/a>\u00a0investiga que sucedi\u00f3.<\/p>\n\n\n\n<p><em>\u201cS\u00ed, hay dos marinos desparecidos que estaban trabajando en\u00a0<\/em><strong>Acapulco,<\/strong><em>\u00a0vinieron aqu\u00ed, no estaban, tengo entendido, como vigilantes permanentes del senador Narro, sino lo acompa\u00f1aron de Guerrero a la Ciudad de M\u00e9xico y est\u00e1 investigando, como debe de ser la FGR\u201d, declar\u00f3\u00a0<\/em><a href=\"https:\/\/noticieros.televisa.com\/tag\/amlo\/\" target=\"_blank\" rel=\"noreferrer noopener\"><strong>AMLO<\/strong><\/a><em>\u00a0en su\u00a0<\/em><a href=\"https:\/\/noticieros.televisa.com\/ultimas-noticias\/amlo-hoy-conferencia-mananera-29-septiembre-2022\/\" target=\"_blank\" rel=\"noreferrer noopener\">conferencia\u00a0<strong>ma\u00f1anera<\/strong><\/a><em>\u00a0desde Palacio Nacional.<\/em><\/p>\n\n\n\n<p>Finalmente, L\u00f3pez Obrador adelant\u00f3 que en los pr\u00f3ximos d\u00edas dar\u00e1 a conocer m\u00e1s informaci\u00f3n sobre la desaparici\u00f3n de los marinos.<\/p>\n\n\n\n<p>De acuerdo con algunos medios de informaci\u00f3n, los&nbsp;<strong>marinos<\/strong>&nbsp;se encuentran desaparecidos desde el mes de marzo, luego de ser asignados por la&nbsp;<strong>alcaldesa de Acapulco<\/strong>, Abelina L\u00f3pez, para proteger al senador de Morena, Jos\u00e9 Narro.<\/p>\n\n\n\n<p>El pasado 4 de agosto el senador\u00a0<strong>Jos\u00e9 Narro<\/strong>\u00a0neg\u00f3 estar involucrado en su desaparici\u00f3n.<\/p>\n\n\n\n<p>Incluso aclar\u00f3 que todo lo que sabe respecto a los dos\u00a0<strong>marinos desaparecidos<\/strong>\u00a0ya lo declar\u00f3 a la FGR, a la Secretar\u00eda de Marina (Semar) y a la Fiscal\u00eda General de Justicia de la Ciudad de M\u00e9xico (FGJCDMX).<\/p>\n","protected":false},"excerpt":{"rendered":"<p>El pasado 4 de agosto del 2022, el senador Jos\u00e9 Narro neg\u00f3 estar involucrado en la desaparici\u00f3n de los marinos Ciudad de M\u00e9xico. El presidente,\u00a0Andr\u00e9s Manuel L\u00f3pez Obrador\u00a0(AMLO), confirm\u00f3 la desaparici\u00f3n de dos\u00a0marinos, que acompa\u00f1aron al senador\u00a0Jos\u00e9 Narro C\u00e9spedes, en su traslado del estado de Guerrero a la Ciudad de M\u00e9xico; por lo que\u00a0Fiscal\u00eda General [&hellip;]<\/p>\n","protected":false},"author":46,"featured_media":43511,"comment_status":"open","ping_status":"open","sticky":false,"template":"","format":"standard","meta":{"tdm_status":"","tdm_grid_status":"","footnotes":""},"categories":[39],"tags":[297,2794],"class_list":{"0":"post-43509","1":"post","2":"type-post","3":"status-publish","4":"format-standard","5":"has-post-thumbnail","7":"category-noticias-nacionales","8":"tag-andres-manuel-lopez-obrador","9":"tag-secretaria-de-marina"},"yoast_head":"<!-- This site is optimized with the Yoast SEO plugin v27.4 - https:\/\/yoast.com\/product\/yoast-seo-wordpress\/ -->\n<title>AMLO confirma desaparici\u00f3n de dos marinos, acompa\u00f1antes de Jos\u00e9 Narro; FGR ya investiga - Fuentes Fidedignas<\/title>\n<meta name=\"robots\" content=\"index, follow, max-snippet:-1, max-image-preview:large, max-video-preview:-1\" \/>\n<link rel=\"canonical\" href=\"https:\/\/fuentesfidedignas.com.mx\/index.php\/2022\/09\/29\/amlo-confirma-desaparicion-de-dos-marinos-acompanantes-de-jose-narro-fgr-ya-investiga\/\" \/>\n<meta property=\"og:locale\" content=\"es_MX\" \/>\n<meta property=\"og:type\" content=\"article\" \/>\n<meta property=\"og:title\" content=\"AMLO confirma desaparici\u00f3n de dos marinos, acompa\u00f1antes de Jos\u00e9 Narro; FGR ya investiga - Fuentes Fidedignas\" \/>\n<meta property=\"og:description\" content=\"El pasado 4 de agosto del 2022, el senador Jos\u00e9 Narro neg\u00f3 estar involucrado en la desaparici\u00f3n de los marinos Ciudad de M\u00e9xico. El presidente,\u00a0Andr\u00e9s Manuel L\u00f3pez Obrador\u00a0(AMLO), confirm\u00f3 la desaparici\u00f3n de dos\u00a0marinos, que acompa\u00f1aron al senador\u00a0Jos\u00e9 Narro C\u00e9spedes, en su traslado del estado de Guerrero a la Ciudad de M\u00e9xico; por lo que\u00a0Fiscal\u00eda General [&hellip;]\" \/>\n<meta property=\"og:url\" content=\"https:\/\/fuentesfidedignas.com.mx\/index.php\/2022\/09\/29\/amlo-confirma-desaparicion-de-dos-marinos-acompanantes-de-jose-narro-fgr-ya-investiga\/\" \/>\n<meta property=\"og:site_name\" content=\"Fuentes Fidedignas\" \/>\n<meta property=\"article:publisher\" content=\"https:\/\/www.facebook.com\/Fuentes-Fidedignas-368234489921644\" \/>\n<meta property=\"article:published_time\" content=\"2022-09-29T16:10:54+00:00\" \/>\n<meta property=\"article:modified_time\" content=\"2022-09-29T16:11:25+00:00\" \/>\n<meta property=\"og:image\" content=\"https:\/\/fuentesfidedignas.com.mx\/wp-content\/uploads\/2022\/09\/images-24.jpeg\" \/>\n\t<meta property=\"og:image:width\" content=\"701\" \/>\n\t<meta property=\"og:image:height\" content=\"437\" \/>\n\t<meta property=\"og:image:type\" content=\"image\/jpeg\" \/>\n<meta name=\"author\" content=\"Noticieros Televisa\" \/>\n<meta name=\"twitter:card\" content=\"summary_large_image\" \/>\n<meta name=\"twitter:creator\" content=\"@fidedignas\" \/>\n<meta name=\"twitter:site\" content=\"@fidedignas\" \/>\n<meta name=\"twitter:label1\" content=\"Escrito por\" \/>\n\t<meta name=\"twitter:data1\" content=\"Noticieros Televisa\" \/>\n\t<meta name=\"twitter:label2\" content=\"Tiempo de lectura\" \/>\n\t<meta name=\"twitter:data2\" content=\"2 minutos\" \/>\n<script type=\"application\/ld+json\" class=\"yoast-schema-graph\">{\"@context\":\"https:\\\/\\\/schema.org\",\"@graph\":[{\"@type\":\"Article\",\"@id\":\"https:\\\/\\\/fuentesfidedignas.com.mx\\\/index.php\\\/2022\\\/09\\\/29\\\/amlo-confirma-desaparicion-de-dos-marinos-acompanantes-de-jose-narro-fgr-ya-investiga\\\/#article\",\"isPartOf\":{\"@id\":\"https:\\\/\\\/fuentesfidedignas.com.mx\\\/index.php\\\/2022\\\/09\\\/29\\\/amlo-confirma-desaparicion-de-dos-marinos-acompanantes-de-jose-narro-fgr-ya-investiga\\\/\"},\"author\":{\"name\":\"Noticieros Televisa\",\"@id\":\"https:\\\/\\\/fuentesfidedignas.com.mx\\\/#\\\/schema\\\/person\\\/f030e42657a5a464a8bbd891b1aab6ee\"},\"headline\":\"AMLO confirma desaparici\u00f3n de dos marinos, acompa\u00f1antes de Jos\u00e9 Narro; FGR ya investiga\",\"datePublished\":\"2022-09-29T16:10:54+00:00\",\"dateModified\":\"2022-09-29T16:11:25+00:00\",\"mainEntityOfPage\":{\"@id\":\"https:\\\/\\\/fuentesfidedignas.com.mx\\\/index.php\\\/2022\\\/09\\\/29\\\/amlo-confirma-desaparicion-de-dos-marinos-acompanantes-de-jose-narro-fgr-ya-investiga\\\/\"},\"wordCount\":266,\"commentCount\":0,\"publisher\":{\"@id\":\"https:\\\/\\\/fuentesfidedignas.com.mx\\\/#organization\"},\"image\":{\"@id\":\"https:\\\/\\\/fuentesfidedignas.com.mx\\\/index.php\\\/2022\\\/09\\\/29\\\/amlo-confirma-desaparicion-de-dos-marinos-acompanantes-de-jose-narro-fgr-ya-investiga\\\/#primaryimage\"},\"thumbnailUrl\":\"https:\\\/\\\/fuentesfidedignas.com.mx\\\/wp-content\\\/uploads\\\/2022\\\/09\\\/images-24.jpeg\",\"keywords\":[\"Andr\u00e9s Manuel L\u00f3pez Obrador\",\"Secretar\u00eda de Marina\"],\"articleSection\":[\"NOTICIAS NACIONALES\"],\"inLanguage\":\"es\",\"potentialAction\":[{\"@type\":\"CommentAction\",\"name\":\"Comment\",\"target\":[\"https:\\\/\\\/fuentesfidedignas.com.mx\\\/index.php\\\/2022\\\/09\\\/29\\\/amlo-confirma-desaparicion-de-dos-marinos-acompanantes-de-jose-narro-fgr-ya-investiga\\\/#respond\"]}]},{\"@type\":\"WebPage\",\"@id\":\"https:\\\/\\\/fuentesfidedignas.com.mx\\\/index.php\\\/2022\\\/09\\\/29\\\/amlo-confirma-desaparicion-de-dos-marinos-acompanantes-de-jose-narro-fgr-ya-investiga\\\/\",\"url\":\"https:\\\/\\\/fuentesfidedignas.com.mx\\\/index.php\\\/2022\\\/09\\\/29\\\/amlo-confirma-desaparicion-de-dos-marinos-acompanantes-de-jose-narro-fgr-ya-investiga\\\/\",\"name\":\"AMLO confirma desaparici\u00f3n de dos marinos, acompa\u00f1antes de Jos\u00e9 Narro; FGR ya investiga - Fuentes Fidedignas\",\"isPartOf\":{\"@id\":\"https:\\\/\\\/fuentesfidedignas.com.mx\\\/#website\"},\"primaryImageOfPage\":{\"@id\":\"https:\\\/\\\/fuentesfidedignas.com.mx\\\/index.php\\\/2022\\\/09\\\/29\\\/amlo-confirma-desaparicion-de-dos-marinos-acompanantes-de-jose-narro-fgr-ya-investiga\\\/#primaryimage\"},\"image\":{\"@id\":\"https:\\\/\\\/fuentesfidedignas.com.mx\\\/index.php\\\/2022\\\/09\\\/29\\\/amlo-confirma-desaparicion-de-dos-marinos-acompanantes-de-jose-narro-fgr-ya-investiga\\\/#primaryimage\"},\"thumbnailUrl\":\"https:\\\/\\\/fuentesfidedignas.com.mx\\\/wp-content\\\/uploads\\\/2022\\\/09\\\/images-24.jpeg\",\"datePublished\":\"2022-09-29T16:10:54+00:00\",\"dateModified\":\"2022-09-29T16:11:25+00:00\",\"breadcrumb\":{\"@id\":\"https:\\\/\\\/fuentesfidedignas.com.mx\\\/index.php\\\/2022\\\/09\\\/29\\\/amlo-confirma-desaparicion-de-dos-marinos-acompanantes-de-jose-narro-fgr-ya-investiga\\\/#breadcrumb\"},\"inLanguage\":\"es\",\"potentialAction\":[{\"@type\":\"ReadAction\",\"target\":[\"https:\\\/\\\/fuentesfidedignas.com.mx\\\/index.php\\\/2022\\\/09\\\/29\\\/amlo-confirma-desaparicion-de-dos-marinos-acompanantes-de-jose-narro-fgr-ya-investiga\\\/\"]}]},{\"@type\":\"ImageObject\",\"inLanguage\":\"es\",\"@id\":\"https:\\\/\\\/fuentesfidedignas.com.mx\\\/index.php\\\/2022\\\/09\\\/29\\\/amlo-confirma-desaparicion-de-dos-marinos-acompanantes-de-jose-narro-fgr-ya-investiga\\\/#primaryimage\",\"url\":\"https:\\\/\\\/fuentesfidedignas.com.mx\\\/wp-content\\\/uploads\\\/2022\\\/09\\\/images-24.jpeg\",\"contentUrl\":\"https:\\\/\\\/fuentesfidedignas.com.mx\\\/wp-content\\\/uploads\\\/2022\\\/09\\\/images-24.jpeg\",\"width\":701,\"height\":437},{\"@type\":\"BreadcrumbList\",\"@id\":\"https:\\\/\\\/fuentesfidedignas.com.mx\\\/index.php\\\/2022\\\/09\\\/29\\\/amlo-confirma-desaparicion-de-dos-marinos-acompanantes-de-jose-narro-fgr-ya-investiga\\\/#breadcrumb\",\"itemListElement\":[{\"@type\":\"ListItem\",\"position\":1,\"name\":\"Inicio\",\"item\":\"https:\\\/\\\/fuentesfidedignas.com.mx\\\/\"},{\"@type\":\"ListItem\",\"position\":2,\"name\":\"AMLO confirma desaparici\u00f3n de dos marinos, acompa\u00f1antes de Jos\u00e9 Narro; FGR ya investiga\"}]},{\"@type\":\"WebSite\",\"@id\":\"https:\\\/\\\/fuentesfidedignas.com.mx\\\/#website\",\"url\":\"https:\\\/\\\/fuentesfidedignas.com.mx\\\/\",\"name\":\"Fuentes Fidedignas\",\"description\":\"Otro sitio realizado con WordPress\",\"publisher\":{\"@id\":\"https:\\\/\\\/fuentesfidedignas.com.mx\\\/#organization\"},\"potentialAction\":[{\"@type\":\"SearchAction\",\"target\":{\"@type\":\"EntryPoint\",\"urlTemplate\":\"https:\\\/\\\/fuentesfidedignas.com.mx\\\/?s={search_term_string}\"},\"query-input\":{\"@type\":\"PropertyValueSpecification\",\"valueRequired\":true,\"valueName\":\"search_term_string\"}}],\"inLanguage\":\"es\"},{\"@type\":\"Organization\",\"@id\":\"https:\\\/\\\/fuentesfidedignas.com.mx\\\/#organization\",\"name\":\"Fuentes Fidedignas\",\"url\":\"https:\\\/\\\/fuentesfidedignas.com.mx\\\/\",\"logo\":{\"@type\":\"ImageObject\",\"inLanguage\":\"es\",\"@id\":\"https:\\\/\\\/fuentesfidedignas.com.mx\\\/#\\\/schema\\\/logo\\\/image\\\/\",\"url\":\"https:\\\/\\\/fuentesfidedignas.com.mx\\\/wp-content\\\/uploads\\\/2021\\\/04\\\/logo-retina.png\",\"contentUrl\":\"https:\\\/\\\/fuentesfidedignas.com.mx\\\/wp-content\\\/uploads\\\/2021\\\/04\\\/logo-retina.png\",\"width\":280,\"height\":51,\"caption\":\"Fuentes Fidedignas\"},\"image\":{\"@id\":\"https:\\\/\\\/fuentesfidedignas.com.mx\\\/#\\\/schema\\\/logo\\\/image\\\/\"},\"sameAs\":[\"https:\\\/\\\/www.facebook.com\\\/Fuentes-Fidedignas-368234489921644\",\"https:\\\/\\\/x.com\\\/fidedignas\"]},{\"@type\":\"Person\",\"@id\":\"https:\\\/\\\/fuentesfidedignas.com.mx\\\/#\\\/schema\\\/person\\\/f030e42657a5a464a8bbd891b1aab6ee\",\"name\":\"Noticieros Televisa\",\"image\":{\"@type\":\"ImageObject\",\"inLanguage\":\"es\",\"@id\":\"https:\\\/\\\/secure.gravatar.com\\\/avatar\\\/0e47b9e785a628831b8fd9eaf15e090e106760a879abbd4a3306f128ef5d43a9?s=96&d=mm&r=g\",\"url\":\"https:\\\/\\\/secure.gravatar.com\\\/avatar\\\/0e47b9e785a628831b8fd9eaf15e090e106760a879abbd4a3306f128ef5d43a9?s=96&d=mm&r=g\",\"contentUrl\":\"https:\\\/\\\/secure.gravatar.com\\\/avatar\\\/0e47b9e785a628831b8fd9eaf15e090e106760a879abbd4a3306f128ef5d43a9?s=96&d=mm&r=g\",\"caption\":\"Noticieros Televisa\"},\"url\":\"https:\\\/\\\/fuentesfidedignas.com.mx\\\/index.php\\\/author\\\/noticieros-televisa\\\/\"}]}<\/script>\n<!-- \/ Yoast SEO plugin. -->","yoast_head_json":{"title":"AMLO confirma desaparici\u00f3n de dos marinos, acompa\u00f1antes de Jos\u00e9 Narro; FGR ya investiga - Fuentes Fidedignas","robots":{"index":"index","follow":"follow","max-snippet":"max-snippet:-1","max-image-preview":"max-image-preview:large","max-video-preview":"max-video-preview:-1"},"canonical":"https:\/\/fuentesfidedignas.com.mx\/index.php\/2022\/09\/29\/amlo-confirma-desaparicion-de-dos-marinos-acompanantes-de-jose-narro-fgr-ya-investiga\/","og_locale":"es_MX","og_type":"article","og_title":"AMLO confirma desaparici\u00f3n de dos marinos, acompa\u00f1antes de Jos\u00e9 Narro; FGR ya investiga - Fuentes Fidedignas","og_description":"El pasado 4 de agosto del 2022, el senador Jos\u00e9 Narro neg\u00f3 estar involucrado en la desaparici\u00f3n de los marinos Ciudad de M\u00e9xico. El presidente,\u00a0Andr\u00e9s Manuel L\u00f3pez Obrador\u00a0(AMLO), confirm\u00f3 la desaparici\u00f3n de dos\u00a0marinos, que acompa\u00f1aron al senador\u00a0Jos\u00e9 Narro C\u00e9spedes, en su traslado del estado de Guerrero a la Ciudad de M\u00e9xico; por lo que\u00a0Fiscal\u00eda General [&hellip;]","og_url":"https:\/\/fuentesfidedignas.com.mx\/index.php\/2022\/09\/29\/amlo-confirma-desaparicion-de-dos-marinos-acompanantes-de-jose-narro-fgr-ya-investiga\/","og_site_name":"Fuentes Fidedignas","article_publisher":"https:\/\/www.facebook.com\/Fuentes-Fidedignas-368234489921644","article_published_time":"2022-09-29T16:10:54+00:00","article_modified_time":"2022-09-29T16:11:25+00:00","og_image":[{"width":701,"height":437,"url":"https:\/\/fuentesfidedignas.com.mx\/wp-content\/uploads\/2022\/09\/images-24.jpeg","type":"image\/jpeg"}],"author":"Noticieros Televisa","twitter_card":"summary_large_image","twitter_creator":"@fidedignas","twitter_site":"@fidedignas","twitter_misc":{"Escrito por":"Noticieros Televisa","Tiempo de lectura":"2 minutos"},"schema":{"@context":"https:\/\/schema.org","@graph":[{"@type":"Article","@id":"https:\/\/fuentesfidedignas.com.mx\/index.php\/2022\/09\/29\/amlo-confirma-desaparicion-de-dos-marinos-acompanantes-de-jose-narro-fgr-ya-investiga\/#article","isPartOf":{"@id":"https:\/\/fuentesfidedignas.com.mx\/index.php\/2022\/09\/29\/amlo-confirma-desaparicion-de-dos-marinos-acompanantes-de-jose-narro-fgr-ya-investiga\/"},"author":{"name":"Noticieros Televisa","@id":"https:\/\/fuentesfidedignas.com.mx\/#\/schema\/person\/f030e42657a5a464a8bbd891b1aab6ee"},"headline":"AMLO confirma desaparici\u00f3n de dos marinos, acompa\u00f1antes de Jos\u00e9 Narro; FGR ya investiga","datePublished":"2022-09-29T16:10:54+00:00","dateModified":"2022-09-29T16:11:25+00:00","mainEntityOfPage":{"@id":"https:\/\/fuentesfidedignas.com.mx\/index.php\/2022\/09\/29\/amlo-confirma-desaparicion-de-dos-marinos-acompanantes-de-jose-narro-fgr-ya-investiga\/"},"wordCount":266,"commentCount":0,"publisher":{"@id":"https:\/\/fuentesfidedignas.com.mx\/#organization"},"image":{"@id":"https:\/\/fuentesfidedignas.com.mx\/index.php\/2022\/09\/29\/amlo-confirma-desaparicion-de-dos-marinos-acompanantes-de-jose-narro-fgr-ya-investiga\/#primaryimage"},"thumbnailUrl":"https:\/\/fuentesfidedignas.com.mx\/wp-content\/uploads\/2022\/09\/images-24.jpeg","keywords":["Andr\u00e9s Manuel L\u00f3pez Obrador","Secretar\u00eda de Marina"],"articleSection":["NOTICIAS NACIONALES"],"inLanguage":"es","potentialAction":[{"@type":"CommentAction","name":"Comment","target":["https:\/\/fuentesfidedignas.com.mx\/index.php\/2022\/09\/29\/amlo-confirma-desaparicion-de-dos-marinos-acompanantes-de-jose-narro-fgr-ya-investiga\/#respond"]}]},{"@type":"WebPage","@id":"https:\/\/fuentesfidedignas.com.mx\/index.php\/2022\/09\/29\/amlo-confirma-desaparicion-de-dos-marinos-acompanantes-de-jose-narro-fgr-ya-investiga\/","url":"https:\/\/fuentesfidedignas.com.mx\/index.php\/2022\/09\/29\/amlo-confirma-desaparicion-de-dos-marinos-acompanantes-de-jose-narro-fgr-ya-investiga\/","name":"AMLO confirma desaparici\u00f3n de dos marinos, acompa\u00f1antes de Jos\u00e9 Narro; FGR ya investiga - Fuentes Fidedignas","isPartOf":{"@id":"https:\/\/fuentesfidedignas.com.mx\/#website"},"primaryImageOfPage":{"@id":"https:\/\/fuentesfidedignas.com.mx\/index.php\/2022\/09\/29\/amlo-confirma-desaparicion-de-dos-marinos-acompanantes-de-jose-narro-fgr-ya-investiga\/#primaryimage"},"image":{"@id":"https:\/\/fuentesfidedignas.com.mx\/index.php\/2022\/09\/29\/amlo-confirma-desaparicion-de-dos-marinos-acompanantes-de-jose-narro-fgr-ya-investiga\/#primaryimage"},"thumbnailUrl":"https:\/\/fuentesfidedignas.com.mx\/wp-content\/uploads\/2022\/09\/images-24.jpeg","datePublished":"2022-09-29T16:10:54+00:00","dateModified":"2022-09-29T16:11:25+00:00","breadcrumb":{"@id":"https:\/\/fuentesfidedignas.com.mx\/index.php\/2022\/09\/29\/amlo-confirma-desaparicion-de-dos-marinos-acompanantes-de-jose-narro-fgr-ya-investiga\/#breadcrumb"},"inLanguage":"es","potentialAction":[{"@type":"ReadAction","target":["https:\/\/fuentesfidedignas.com.mx\/index.php\/2022\/09\/29\/amlo-confirma-desaparicion-de-dos-marinos-acompanantes-de-jose-narro-fgr-ya-investiga\/"]}]},{"@type":"ImageObject","inLanguage":"es","@id":"https:\/\/fuentesfidedignas.com.mx\/index.php\/2022\/09\/29\/amlo-confirma-desaparicion-de-dos-marinos-acompanantes-de-jose-narro-fgr-ya-investiga\/#primaryimage","url":"https:\/\/fuentesfidedignas.com.mx\/wp-content\/uploads\/2022\/09\/images-24.jpeg","contentUrl":"https:\/\/fuentesfidedignas.com.mx\/wp-content\/uploads\/2022\/09\/images-24.jpeg","width":701,"height":437},{"@type":"BreadcrumbList","@id":"https:\/\/fuentesfidedignas.com.mx\/index.php\/2022\/09\/29\/amlo-confirma-desaparicion-de-dos-marinos-acompanantes-de-jose-narro-fgr-ya-investiga\/#breadcrumb","itemListElement":[{"@type":"ListItem","position":1,"name":"Inicio","item":"https:\/\/fuentesfidedignas.com.mx\/"},{"@type":"ListItem","position":2,"name":"AMLO confirma desaparici\u00f3n de dos marinos, acompa\u00f1antes de Jos\u00e9 Narro; FGR ya investiga"}]},{"@type":"WebSite","@id":"https:\/\/fuentesfidedignas.com.mx\/#website","url":"https:\/\/fuentesfidedignas.com.mx\/","name":"Fuentes Fidedignas","description":"Otro sitio realizado con WordPress","publisher":{"@id":"https:\/\/fuentesfidedignas.com.mx\/#organization"},"potentialAction":[{"@type":"SearchAction","target":{"@type":"EntryPoint","urlTemplate":"https:\/\/fuentesfidedignas.com.mx\/?s={search_term_string}"},"query-input":{"@type":"PropertyValueSpecification","valueRequired":true,"valueName":"search_term_string"}}],"inLanguage":"es"},{"@type":"Organization","@id":"https:\/\/fuentesfidedignas.com.mx\/#organization","name":"Fuentes Fidedignas","url":"https:\/\/fuentesfidedignas.com.mx\/","logo":{"@type":"ImageObject","inLanguage":"es","@id":"https:\/\/fuentesfidedignas.com.mx\/#\/schema\/logo\/image\/","url":"https:\/\/fuentesfidedignas.com.mx\/wp-content\/uploads\/2021\/04\/logo-retina.png","contentUrl":"https:\/\/fuentesfidedignas.com.mx\/wp-content\/uploads\/2021\/04\/logo-retina.png","width":280,"height":51,"caption":"Fuentes Fidedignas"},"image":{"@id":"https:\/\/fuentesfidedignas.com.mx\/#\/schema\/logo\/image\/"},"sameAs":["https:\/\/www.facebook.com\/Fuentes-Fidedignas-368234489921644","https:\/\/x.com\/fidedignas"]},{"@type":"Person","@id":"https:\/\/fuentesfidedignas.com.mx\/#\/schema\/person\/f030e42657a5a464a8bbd891b1aab6ee","name":"Noticieros Televisa","image":{"@type":"ImageObject","inLanguage":"es","@id":"https:\/\/secure.gravatar.com\/avatar\/0e47b9e785a628831b8fd9eaf15e090e106760a879abbd4a3306f128ef5d43a9?s=96&d=mm&r=g","url":"https:\/\/secure.gravatar.com\/avatar\/0e47b9e785a628831b8fd9eaf15e090e106760a879abbd4a3306f128ef5d43a9?s=96&d=mm&r=g","contentUrl":"https:\/\/secure.gravatar.com\/avatar\/0e47b9e785a628831b8fd9eaf15e090e106760a879abbd4a3306f128ef5d43a9?s=96&d=mm&r=g","caption":"Noticieros Televisa"},"url":"https:\/\/fuentesfidedignas.com.mx\/index.php\/author\/noticieros-televisa\/"}]}},"_links":{"self":[{"href":"https:\/\/fuentesfidedignas.com.mx\/index.php\/wp-json\/wp\/v2\/posts\/43509","targetHints":{"allow":["GET"]}}],"collection":[{"href":"https:\/\/fuentesfidedignas.com.mx\/index.php\/wp-json\/wp\/v2\/posts"}],"about":[{"href":"https:\/\/fuentesfidedignas.com.mx\/index.php\/wp-json\/wp\/v2\/types\/post"}],"author":[{"embeddable":true,"href":"https:\/\/fuentesfidedignas.com.mx\/index.php\/wp-json\/wp\/v2\/users\/46"}],"replies":[{"embeddable":true,"href":"https:\/\/fuentesfidedignas.com.mx\/index.php\/wp-json\/wp\/v2\/comments?post=43509"}],"version-history":[{"count":1,"href":"https:\/\/fuentesfidedignas.com.mx\/index.php\/wp-json\/wp\/v2\/posts\/43509\/revisions"}],"predecessor-version":[{"id":43510,"href":"https:\/\/fuentesfidedignas.com.mx\/index.php\/wp-json\/wp\/v2\/posts\/43509\/revisions\/43510"}],"wp:featuredmedia":[{"embeddable":true,"href":"https:\/\/fuentesfidedignas.com.mx\/index.php\/wp-json\/wp\/v2\/media\/43511"}],"wp:attachment":[{"href":"https:\/\/fuentesfidedignas.com.mx\/index.php\/wp-json\/wp\/v2\/media?parent=43509"}],"wp:term":[{"taxonomy":"category","embeddable":true,"href":"https:\/\/fuentesfidedignas.com.mx\/index.php\/wp-json\/wp\/v2\/categories?post=43509"},{"taxonomy":"post_tag","embeddable":true,"href":"https:\/\/fuentesfidedignas.com.mx\/index.php\/wp-json\/wp\/v2\/tags?post=43509"}],"curies":[{"name":"wp","href":"https:\/\/api.w.org\/{rel}","templated":true}]}}