{"id":43501,"date":"2022-09-29T07:39:43","date_gmt":"2022-09-29T13:39:43","guid":{"rendered":"https:\/\/fuentesfidedignas.com.mx\/?p=43501"},"modified":"2022-09-29T07:40:35","modified_gmt":"2022-09-29T13:40:35","slug":"de-mantener-trayectoria-orlene-impactara-sinaloa-el-fin-de-semana","status":"publish","type":"post","link":"https:\/\/fuentesfidedignas.com.mx\/index.php\/2022\/09\/29\/de-mantener-trayectoria-orlene-impactara-sinaloa-el-fin-de-semana\/","title":{"rendered":"De mantener trayectoria, &#8216;Orlene&#8217; impactar\u00e1 Sinaloa el fin de semana"},"content":{"rendered":"\n<p><em>Esta tormenta reci\u00e9n formada generar\u00e1 lluvias en la entidad este d\u00eda.<\/em><\/p>\n\n\n\n<p><em>Culiac\u00e1n, Sin-<\/em> En seguimiento a las labores de monitoreo que realiza el Instituto Estatal de Protecci\u00f3n Civil de Sinaloa que dirige Aurelio Roy Navarrete Cuevas, con fundamento en el reporte climatol\u00f3gico efectuado por la Comisi\u00f3n Nacional del Agua, se determin\u00f3 que la reci\u00e9n formada Tormenta Tropical &#8220;Orlene&#8221;, no representa peligro para Sinaloa, aunque se mantiene el pron\u00f3stico de lluvias fuertes de acuerdo a la \u00faltima informaci\u00f3n disponible.<\/p>\n\n\n\n<p>La tormenta se localiza frente a las costas de Jalisco y Michoac\u00e1n, reforzando la probabilidad de lluvias puntuales fuertes en el occidente y sur del pa\u00eds, as\u00ed como rachas fuertes de viento y oleaje elevado en las costas de Jalisco, Colima y Michoac\u00e1n. Si bien de acuerdo a su posible trayectoria con desplazamiento hacia el oeste &#8211; noroeste, impactar\u00eda a Sinaloa en los pr\u00f3ximos d\u00edas, en este momento no representa peligro para la entidad.<\/p>\n\n\n\n<p>En este sentido, el Instituto Estatal de Protecci\u00f3n Civil se encuentra atento a la evoluci\u00f3n de este fen\u00f3meno meteorol\u00f3gico, para tomar las medidas adecuadas en su oportunidad.<\/p>\n\n\n\n<p>Las precipitaciones generadas por este sistema podr\u00edan incrementar los niveles de r\u00edos y arroyos, por lo que se exhorta a la poblaci\u00f3n a atender los avisos preventivos de las autoridades y evitar introducirse en cuerpos de agua.<\/p>\n","protected":false},"excerpt":{"rendered":"<p>Esta tormenta reci\u00e9n formada generar\u00e1 lluvias en la entidad este d\u00eda. Culiac\u00e1n, Sin- En seguimiento a las labores de monitoreo que realiza el Instituto Estatal de Protecci\u00f3n Civil de Sinaloa que dirige Aurelio Roy Navarrete Cuevas, con fundamento en el reporte climatol\u00f3gico efectuado por la Comisi\u00f3n Nacional del Agua, se determin\u00f3 que la reci\u00e9n formada [&hellip;]<\/p>\n","protected":false},"author":4,"featured_media":43503,"comment_status":"open","ping_status":"open","sticky":false,"template":"","format":"standard","meta":{"tdm_status":"","tdm_grid_status":"","footnotes":""},"categories":[38],"tags":[],"class_list":{"0":"post-43501","1":"post","2":"type-post","3":"status-publish","4":"format-standard","5":"has-post-thumbnail","7":"category-noticias-locales"},"yoast_head":"<!-- This site is optimized with the Yoast SEO plugin v27.5 - https:\/\/yoast.com\/product\/yoast-seo-wordpress\/ -->\n<title>De mantener trayectoria, &#039;Orlene&#039; impactar\u00e1 Sinaloa el fin de semana - Fuentes Fidedignas<\/title>\n<meta name=\"robots\" content=\"index, follow, max-snippet:-1, max-image-preview:large, max-video-preview:-1\" \/>\n<link rel=\"canonical\" href=\"https:\/\/fuentesfidedignas.com.mx\/index.php\/2022\/09\/29\/de-mantener-trayectoria-orlene-impactara-sinaloa-el-fin-de-semana\/\" \/>\n<meta property=\"og:locale\" content=\"es_MX\" \/>\n<meta property=\"og:type\" content=\"article\" \/>\n<meta property=\"og:title\" content=\"De mantener trayectoria, &#039;Orlene&#039; impactar\u00e1 Sinaloa el fin de semana - Fuentes Fidedignas\" \/>\n<meta property=\"og:description\" content=\"Esta tormenta reci\u00e9n formada generar\u00e1 lluvias en la entidad este d\u00eda. Culiac\u00e1n, Sin- En seguimiento a las labores de monitoreo que realiza el Instituto Estatal de Protecci\u00f3n Civil de Sinaloa que dirige Aurelio Roy Navarrete Cuevas, con fundamento en el reporte climatol\u00f3gico efectuado por la Comisi\u00f3n Nacional del Agua, se determin\u00f3 que la reci\u00e9n formada [&hellip;]\" \/>\n<meta property=\"og:url\" content=\"https:\/\/fuentesfidedignas.com.mx\/index.php\/2022\/09\/29\/de-mantener-trayectoria-orlene-impactara-sinaloa-el-fin-de-semana\/\" \/>\n<meta property=\"og:site_name\" content=\"Fuentes Fidedignas\" \/>\n<meta property=\"article:publisher\" content=\"https:\/\/www.facebook.com\/Fuentes-Fidedignas-368234489921644\" \/>\n<meta property=\"article:published_time\" content=\"2022-09-29T13:39:43+00:00\" \/>\n<meta property=\"article:modified_time\" content=\"2022-09-29T13:40:35+00:00\" \/>\n<meta property=\"og:image\" content=\"https:\/\/fuentesfidedignas.com.mx\/wp-content\/uploads\/2022\/09\/IMG-20220929-WA0017.jpg\" \/>\n\t<meta property=\"og:image:width\" content=\"1280\" \/>\n\t<meta property=\"og:image:height\" content=\"720\" \/>\n\t<meta property=\"og:image:type\" content=\"image\/jpeg\" \/>\n<meta name=\"author\" content=\"Redacci\u00f3n\" \/>\n<meta name=\"twitter:card\" content=\"summary_large_image\" \/>\n<meta name=\"twitter:creator\" content=\"@fidedignas\" \/>\n<meta name=\"twitter:site\" content=\"@fidedignas\" \/>\n<meta name=\"twitter:label1\" content=\"Escrito por\" \/>\n\t<meta name=\"twitter:data1\" content=\"Redacci\u00f3n\" \/>\n\t<meta name=\"twitter:label2\" content=\"Tiempo de lectura\" \/>\n\t<meta name=\"twitter:data2\" content=\"1 minuto\" \/>\n<script type=\"application\/ld+json\" class=\"yoast-schema-graph\">{\"@context\":\"https:\\\/\\\/schema.org\",\"@graph\":[{\"@type\":\"Article\",\"@id\":\"https:\\\/\\\/fuentesfidedignas.com.mx\\\/index.php\\\/2022\\\/09\\\/29\\\/de-mantener-trayectoria-orlene-impactara-sinaloa-el-fin-de-semana\\\/#article\",\"isPartOf\":{\"@id\":\"https:\\\/\\\/fuentesfidedignas.com.mx\\\/index.php\\\/2022\\\/09\\\/29\\\/de-mantener-trayectoria-orlene-impactara-sinaloa-el-fin-de-semana\\\/\"},\"author\":{\"name\":\"Redacci\u00f3n\",\"@id\":\"https:\\\/\\\/fuentesfidedignas.com.mx\\\/#\\\/schema\\\/person\\\/331be9283d37198e2acd5750279085b0\"},\"headline\":\"De mantener trayectoria, &#8216;Orlene&#8217; impactar\u00e1 Sinaloa el fin de semana\",\"datePublished\":\"2022-09-29T13:39:43+00:00\",\"dateModified\":\"2022-09-29T13:40:35+00:00\",\"mainEntityOfPage\":{\"@id\":\"https:\\\/\\\/fuentesfidedignas.com.mx\\\/index.php\\\/2022\\\/09\\\/29\\\/de-mantener-trayectoria-orlene-impactara-sinaloa-el-fin-de-semana\\\/\"},\"wordCount\":248,\"commentCount\":0,\"publisher\":{\"@id\":\"https:\\\/\\\/fuentesfidedignas.com.mx\\\/#organization\"},\"image\":{\"@id\":\"https:\\\/\\\/fuentesfidedignas.com.mx\\\/index.php\\\/2022\\\/09\\\/29\\\/de-mantener-trayectoria-orlene-impactara-sinaloa-el-fin-de-semana\\\/#primaryimage\"},\"thumbnailUrl\":\"https:\\\/\\\/fuentesfidedignas.com.mx\\\/wp-content\\\/uploads\\\/2022\\\/09\\\/IMG-20220929-WA0017.jpg\",\"articleSection\":[\"NOTICIAS LOCALES\"],\"inLanguage\":\"es\",\"potentialAction\":[{\"@type\":\"CommentAction\",\"name\":\"Comment\",\"target\":[\"https:\\\/\\\/fuentesfidedignas.com.mx\\\/index.php\\\/2022\\\/09\\\/29\\\/de-mantener-trayectoria-orlene-impactara-sinaloa-el-fin-de-semana\\\/#respond\"]}]},{\"@type\":\"WebPage\",\"@id\":\"https:\\\/\\\/fuentesfidedignas.com.mx\\\/index.php\\\/2022\\\/09\\\/29\\\/de-mantener-trayectoria-orlene-impactara-sinaloa-el-fin-de-semana\\\/\",\"url\":\"https:\\\/\\\/fuentesfidedignas.com.mx\\\/index.php\\\/2022\\\/09\\\/29\\\/de-mantener-trayectoria-orlene-impactara-sinaloa-el-fin-de-semana\\\/\",\"name\":\"De mantener trayectoria, 'Orlene' impactar\u00e1 Sinaloa el fin de semana - Fuentes Fidedignas\",\"isPartOf\":{\"@id\":\"https:\\\/\\\/fuentesfidedignas.com.mx\\\/#website\"},\"primaryImageOfPage\":{\"@id\":\"https:\\\/\\\/fuentesfidedignas.com.mx\\\/index.php\\\/2022\\\/09\\\/29\\\/de-mantener-trayectoria-orlene-impactara-sinaloa-el-fin-de-semana\\\/#primaryimage\"},\"image\":{\"@id\":\"https:\\\/\\\/fuentesfidedignas.com.mx\\\/index.php\\\/2022\\\/09\\\/29\\\/de-mantener-trayectoria-orlene-impactara-sinaloa-el-fin-de-semana\\\/#primaryimage\"},\"thumbnailUrl\":\"https:\\\/\\\/fuentesfidedignas.com.mx\\\/wp-content\\\/uploads\\\/2022\\\/09\\\/IMG-20220929-WA0017.jpg\",\"datePublished\":\"2022-09-29T13:39:43+00:00\",\"dateModified\":\"2022-09-29T13:40:35+00:00\",\"breadcrumb\":{\"@id\":\"https:\\\/\\\/fuentesfidedignas.com.mx\\\/index.php\\\/2022\\\/09\\\/29\\\/de-mantener-trayectoria-orlene-impactara-sinaloa-el-fin-de-semana\\\/#breadcrumb\"},\"inLanguage\":\"es\",\"potentialAction\":[{\"@type\":\"ReadAction\",\"target\":[\"https:\\\/\\\/fuentesfidedignas.com.mx\\\/index.php\\\/2022\\\/09\\\/29\\\/de-mantener-trayectoria-orlene-impactara-sinaloa-el-fin-de-semana\\\/\"]}]},{\"@type\":\"ImageObject\",\"inLanguage\":\"es\",\"@id\":\"https:\\\/\\\/fuentesfidedignas.com.mx\\\/index.php\\\/2022\\\/09\\\/29\\\/de-mantener-trayectoria-orlene-impactara-sinaloa-el-fin-de-semana\\\/#primaryimage\",\"url\":\"https:\\\/\\\/fuentesfidedignas.com.mx\\\/wp-content\\\/uploads\\\/2022\\\/09\\\/IMG-20220929-WA0017.jpg\",\"contentUrl\":\"https:\\\/\\\/fuentesfidedignas.com.mx\\\/wp-content\\\/uploads\\\/2022\\\/09\\\/IMG-20220929-WA0017.jpg\",\"width\":1280,\"height\":720},{\"@type\":\"BreadcrumbList\",\"@id\":\"https:\\\/\\\/fuentesfidedignas.com.mx\\\/index.php\\\/2022\\\/09\\\/29\\\/de-mantener-trayectoria-orlene-impactara-sinaloa-el-fin-de-semana\\\/#breadcrumb\",\"itemListElement\":[{\"@type\":\"ListItem\",\"position\":1,\"name\":\"Inicio\",\"item\":\"https:\\\/\\\/fuentesfidedignas.com.mx\\\/\"},{\"@type\":\"ListItem\",\"position\":2,\"name\":\"De mantener trayectoria, &#8216;Orlene&#8217; impactar\u00e1 Sinaloa el fin de semana\"}]},{\"@type\":\"WebSite\",\"@id\":\"https:\\\/\\\/fuentesfidedignas.com.mx\\\/#website\",\"url\":\"https:\\\/\\\/fuentesfidedignas.com.mx\\\/\",\"name\":\"Fuentes Fidedignas\",\"description\":\"Otro sitio realizado con WordPress\",\"publisher\":{\"@id\":\"https:\\\/\\\/fuentesfidedignas.com.mx\\\/#organization\"},\"potentialAction\":[{\"@type\":\"SearchAction\",\"target\":{\"@type\":\"EntryPoint\",\"urlTemplate\":\"https:\\\/\\\/fuentesfidedignas.com.mx\\\/?s={search_term_string}\"},\"query-input\":{\"@type\":\"PropertyValueSpecification\",\"valueRequired\":true,\"valueName\":\"search_term_string\"}}],\"inLanguage\":\"es\"},{\"@type\":\"Organization\",\"@id\":\"https:\\\/\\\/fuentesfidedignas.com.mx\\\/#organization\",\"name\":\"Fuentes Fidedignas\",\"url\":\"https:\\\/\\\/fuentesfidedignas.com.mx\\\/\",\"logo\":{\"@type\":\"ImageObject\",\"inLanguage\":\"es\",\"@id\":\"https:\\\/\\\/fuentesfidedignas.com.mx\\\/#\\\/schema\\\/logo\\\/image\\\/\",\"url\":\"https:\\\/\\\/fuentesfidedignas.com.mx\\\/wp-content\\\/uploads\\\/2021\\\/04\\\/logo-retina.png\",\"contentUrl\":\"https:\\\/\\\/fuentesfidedignas.com.mx\\\/wp-content\\\/uploads\\\/2021\\\/04\\\/logo-retina.png\",\"width\":280,\"height\":51,\"caption\":\"Fuentes Fidedignas\"},\"image\":{\"@id\":\"https:\\\/\\\/fuentesfidedignas.com.mx\\\/#\\\/schema\\\/logo\\\/image\\\/\"},\"sameAs\":[\"https:\\\/\\\/www.facebook.com\\\/Fuentes-Fidedignas-368234489921644\",\"https:\\\/\\\/x.com\\\/fidedignas\"]},{\"@type\":\"Person\",\"@id\":\"https:\\\/\\\/fuentesfidedignas.com.mx\\\/#\\\/schema\\\/person\\\/331be9283d37198e2acd5750279085b0\",\"name\":\"Redacci\u00f3n\",\"image\":{\"@type\":\"ImageObject\",\"inLanguage\":\"es\",\"@id\":\"https:\\\/\\\/secure.gravatar.com\\\/avatar\\\/f6d8782c11d12b2d4ad3fbb6931aeab5309937a4d6cd2fc9cfaa28a6396a5aec?s=96&d=mm&r=g\",\"url\":\"https:\\\/\\\/secure.gravatar.com\\\/avatar\\\/f6d8782c11d12b2d4ad3fbb6931aeab5309937a4d6cd2fc9cfaa28a6396a5aec?s=96&d=mm&r=g\",\"contentUrl\":\"https:\\\/\\\/secure.gravatar.com\\\/avatar\\\/f6d8782c11d12b2d4ad3fbb6931aeab5309937a4d6cd2fc9cfaa28a6396a5aec?s=96&d=mm&r=g\",\"caption\":\"Redacci\u00f3n\"},\"url\":\"https:\\\/\\\/fuentesfidedignas.com.mx\\\/index.php\\\/author\\\/redaccion\\\/\"}]}<\/script>\n<!-- \/ Yoast SEO plugin. -->","yoast_head_json":{"title":"De mantener trayectoria, 'Orlene' impactar\u00e1 Sinaloa el fin de semana - Fuentes Fidedignas","robots":{"index":"index","follow":"follow","max-snippet":"max-snippet:-1","max-image-preview":"max-image-preview:large","max-video-preview":"max-video-preview:-1"},"canonical":"https:\/\/fuentesfidedignas.com.mx\/index.php\/2022\/09\/29\/de-mantener-trayectoria-orlene-impactara-sinaloa-el-fin-de-semana\/","og_locale":"es_MX","og_type":"article","og_title":"De mantener trayectoria, 'Orlene' impactar\u00e1 Sinaloa el fin de semana - Fuentes Fidedignas","og_description":"Esta tormenta reci\u00e9n formada generar\u00e1 lluvias en la entidad este d\u00eda. Culiac\u00e1n, Sin- En seguimiento a las labores de monitoreo que realiza el Instituto Estatal de Protecci\u00f3n Civil de Sinaloa que dirige Aurelio Roy Navarrete Cuevas, con fundamento en el reporte climatol\u00f3gico efectuado por la Comisi\u00f3n Nacional del Agua, se determin\u00f3 que la reci\u00e9n formada [&hellip;]","og_url":"https:\/\/fuentesfidedignas.com.mx\/index.php\/2022\/09\/29\/de-mantener-trayectoria-orlene-impactara-sinaloa-el-fin-de-semana\/","og_site_name":"Fuentes Fidedignas","article_publisher":"https:\/\/www.facebook.com\/Fuentes-Fidedignas-368234489921644","article_published_time":"2022-09-29T13:39:43+00:00","article_modified_time":"2022-09-29T13:40:35+00:00","og_image":[{"width":1280,"height":720,"url":"https:\/\/fuentesfidedignas.com.mx\/wp-content\/uploads\/2022\/09\/IMG-20220929-WA0017.jpg","type":"image\/jpeg"}],"author":"Redacci\u00f3n","twitter_card":"summary_large_image","twitter_creator":"@fidedignas","twitter_site":"@fidedignas","twitter_misc":{"Escrito por":"Redacci\u00f3n","Tiempo de lectura":"1 minuto"},"schema":{"@context":"https:\/\/schema.org","@graph":[{"@type":"Article","@id":"https:\/\/fuentesfidedignas.com.mx\/index.php\/2022\/09\/29\/de-mantener-trayectoria-orlene-impactara-sinaloa-el-fin-de-semana\/#article","isPartOf":{"@id":"https:\/\/fuentesfidedignas.com.mx\/index.php\/2022\/09\/29\/de-mantener-trayectoria-orlene-impactara-sinaloa-el-fin-de-semana\/"},"author":{"name":"Redacci\u00f3n","@id":"https:\/\/fuentesfidedignas.com.mx\/#\/schema\/person\/331be9283d37198e2acd5750279085b0"},"headline":"De mantener trayectoria, &#8216;Orlene&#8217; impactar\u00e1 Sinaloa el fin de semana","datePublished":"2022-09-29T13:39:43+00:00","dateModified":"2022-09-29T13:40:35+00:00","mainEntityOfPage":{"@id":"https:\/\/fuentesfidedignas.com.mx\/index.php\/2022\/09\/29\/de-mantener-trayectoria-orlene-impactara-sinaloa-el-fin-de-semana\/"},"wordCount":248,"commentCount":0,"publisher":{"@id":"https:\/\/fuentesfidedignas.com.mx\/#organization"},"image":{"@id":"https:\/\/fuentesfidedignas.com.mx\/index.php\/2022\/09\/29\/de-mantener-trayectoria-orlene-impactara-sinaloa-el-fin-de-semana\/#primaryimage"},"thumbnailUrl":"https:\/\/fuentesfidedignas.com.mx\/wp-content\/uploads\/2022\/09\/IMG-20220929-WA0017.jpg","articleSection":["NOTICIAS LOCALES"],"inLanguage":"es","potentialAction":[{"@type":"CommentAction","name":"Comment","target":["https:\/\/fuentesfidedignas.com.mx\/index.php\/2022\/09\/29\/de-mantener-trayectoria-orlene-impactara-sinaloa-el-fin-de-semana\/#respond"]}]},{"@type":"WebPage","@id":"https:\/\/fuentesfidedignas.com.mx\/index.php\/2022\/09\/29\/de-mantener-trayectoria-orlene-impactara-sinaloa-el-fin-de-semana\/","url":"https:\/\/fuentesfidedignas.com.mx\/index.php\/2022\/09\/29\/de-mantener-trayectoria-orlene-impactara-sinaloa-el-fin-de-semana\/","name":"De mantener trayectoria, 'Orlene' impactar\u00e1 Sinaloa el fin de semana - Fuentes Fidedignas","isPartOf":{"@id":"https:\/\/fuentesfidedignas.com.mx\/#website"},"primaryImageOfPage":{"@id":"https:\/\/fuentesfidedignas.com.mx\/index.php\/2022\/09\/29\/de-mantener-trayectoria-orlene-impactara-sinaloa-el-fin-de-semana\/#primaryimage"},"image":{"@id":"https:\/\/fuentesfidedignas.com.mx\/index.php\/2022\/09\/29\/de-mantener-trayectoria-orlene-impactara-sinaloa-el-fin-de-semana\/#primaryimage"},"thumbnailUrl":"https:\/\/fuentesfidedignas.com.mx\/wp-content\/uploads\/2022\/09\/IMG-20220929-WA0017.jpg","datePublished":"2022-09-29T13:39:43+00:00","dateModified":"2022-09-29T13:40:35+00:00","breadcrumb":{"@id":"https:\/\/fuentesfidedignas.com.mx\/index.php\/2022\/09\/29\/de-mantener-trayectoria-orlene-impactara-sinaloa-el-fin-de-semana\/#breadcrumb"},"inLanguage":"es","potentialAction":[{"@type":"ReadAction","target":["https:\/\/fuentesfidedignas.com.mx\/index.php\/2022\/09\/29\/de-mantener-trayectoria-orlene-impactara-sinaloa-el-fin-de-semana\/"]}]},{"@type":"ImageObject","inLanguage":"es","@id":"https:\/\/fuentesfidedignas.com.mx\/index.php\/2022\/09\/29\/de-mantener-trayectoria-orlene-impactara-sinaloa-el-fin-de-semana\/#primaryimage","url":"https:\/\/fuentesfidedignas.com.mx\/wp-content\/uploads\/2022\/09\/IMG-20220929-WA0017.jpg","contentUrl":"https:\/\/fuentesfidedignas.com.mx\/wp-content\/uploads\/2022\/09\/IMG-20220929-WA0017.jpg","width":1280,"height":720},{"@type":"BreadcrumbList","@id":"https:\/\/fuentesfidedignas.com.mx\/index.php\/2022\/09\/29\/de-mantener-trayectoria-orlene-impactara-sinaloa-el-fin-de-semana\/#breadcrumb","itemListElement":[{"@type":"ListItem","position":1,"name":"Inicio","item":"https:\/\/fuentesfidedignas.com.mx\/"},{"@type":"ListItem","position":2,"name":"De mantener trayectoria, &#8216;Orlene&#8217; impactar\u00e1 Sinaloa el fin de semana"}]},{"@type":"WebSite","@id":"https:\/\/fuentesfidedignas.com.mx\/#website","url":"https:\/\/fuentesfidedignas.com.mx\/","name":"Fuentes Fidedignas","description":"Otro sitio realizado con WordPress","publisher":{"@id":"https:\/\/fuentesfidedignas.com.mx\/#organization"},"potentialAction":[{"@type":"SearchAction","target":{"@type":"EntryPoint","urlTemplate":"https:\/\/fuentesfidedignas.com.mx\/?s={search_term_string}"},"query-input":{"@type":"PropertyValueSpecification","valueRequired":true,"valueName":"search_term_string"}}],"inLanguage":"es"},{"@type":"Organization","@id":"https:\/\/fuentesfidedignas.com.mx\/#organization","name":"Fuentes Fidedignas","url":"https:\/\/fuentesfidedignas.com.mx\/","logo":{"@type":"ImageObject","inLanguage":"es","@id":"https:\/\/fuentesfidedignas.com.mx\/#\/schema\/logo\/image\/","url":"https:\/\/fuentesfidedignas.com.mx\/wp-content\/uploads\/2021\/04\/logo-retina.png","contentUrl":"https:\/\/fuentesfidedignas.com.mx\/wp-content\/uploads\/2021\/04\/logo-retina.png","width":280,"height":51,"caption":"Fuentes Fidedignas"},"image":{"@id":"https:\/\/fuentesfidedignas.com.mx\/#\/schema\/logo\/image\/"},"sameAs":["https:\/\/www.facebook.com\/Fuentes-Fidedignas-368234489921644","https:\/\/x.com\/fidedignas"]},{"@type":"Person","@id":"https:\/\/fuentesfidedignas.com.mx\/#\/schema\/person\/331be9283d37198e2acd5750279085b0","name":"Redacci\u00f3n","image":{"@type":"ImageObject","inLanguage":"es","@id":"https:\/\/secure.gravatar.com\/avatar\/f6d8782c11d12b2d4ad3fbb6931aeab5309937a4d6cd2fc9cfaa28a6396a5aec?s=96&d=mm&r=g","url":"https:\/\/secure.gravatar.com\/avatar\/f6d8782c11d12b2d4ad3fbb6931aeab5309937a4d6cd2fc9cfaa28a6396a5aec?s=96&d=mm&r=g","contentUrl":"https:\/\/secure.gravatar.com\/avatar\/f6d8782c11d12b2d4ad3fbb6931aeab5309937a4d6cd2fc9cfaa28a6396a5aec?s=96&d=mm&r=g","caption":"Redacci\u00f3n"},"url":"https:\/\/fuentesfidedignas.com.mx\/index.php\/author\/redaccion\/"}]}},"_links":{"self":[{"href":"https:\/\/fuentesfidedignas.com.mx\/index.php\/wp-json\/wp\/v2\/posts\/43501","targetHints":{"allow":["GET"]}}],"collection":[{"href":"https:\/\/fuentesfidedignas.com.mx\/index.php\/wp-json\/wp\/v2\/posts"}],"about":[{"href":"https:\/\/fuentesfidedignas.com.mx\/index.php\/wp-json\/wp\/v2\/types\/post"}],"author":[{"embeddable":true,"href":"https:\/\/fuentesfidedignas.com.mx\/index.php\/wp-json\/wp\/v2\/users\/4"}],"replies":[{"embeddable":true,"href":"https:\/\/fuentesfidedignas.com.mx\/index.php\/wp-json\/wp\/v2\/comments?post=43501"}],"version-history":[{"count":1,"href":"https:\/\/fuentesfidedignas.com.mx\/index.php\/wp-json\/wp\/v2\/posts\/43501\/revisions"}],"predecessor-version":[{"id":43502,"href":"https:\/\/fuentesfidedignas.com.mx\/index.php\/wp-json\/wp\/v2\/posts\/43501\/revisions\/43502"}],"wp:featuredmedia":[{"embeddable":true,"href":"https:\/\/fuentesfidedignas.com.mx\/index.php\/wp-json\/wp\/v2\/media\/43503"}],"wp:attachment":[{"href":"https:\/\/fuentesfidedignas.com.mx\/index.php\/wp-json\/wp\/v2\/media?parent=43501"}],"wp:term":[{"taxonomy":"category","embeddable":true,"href":"https:\/\/fuentesfidedignas.com.mx\/index.php\/wp-json\/wp\/v2\/categories?post=43501"},{"taxonomy":"post_tag","embeddable":true,"href":"https:\/\/fuentesfidedignas.com.mx\/index.php\/wp-json\/wp\/v2\/tags?post=43501"}],"curies":[{"name":"wp","href":"https:\/\/api.w.org\/{rel}","templated":true}]}}