{"id":43496,"date":"2022-09-29T07:30:51","date_gmt":"2022-09-29T13:30:51","guid":{"rendered":"https:\/\/fuentesfidedignas.com.mx\/?p=43496"},"modified":"2022-09-29T07:32:30","modified_gmt":"2022-09-29T13:32:30","slug":"productos-basicos-se-encarecen-al-doble-desde-mayo-mantienen-tendencia-al-alza","status":"publish","type":"post","link":"https:\/\/fuentesfidedignas.com.mx\/index.php\/2022\/09\/29\/productos-basicos-se-encarecen-al-doble-desde-mayo-mantienen-tendencia-al-alza\/","title":{"rendered":"Productos b\u00e1sicos se encarecen al doble; desde mayo, mantienen tendencia al alza"},"content":{"rendered":"\n<p><em><strong>El precio de los insumos del Paquete contra la Inflaci\u00f3n y la Carest\u00eda subi\u00f3 16.88% anual en la primera quincena de septiembre, mientras la inflaci\u00f3n lleg\u00f3 a 8.76<\/strong><\/em><\/p>\n\n\n\n<p>El incremento del costo en los 23 bienes que forman parte del<strong>&nbsp;Paquete contra la Inflaci\u00f3n y la Carest\u00eda (Pacic)<\/strong>&nbsp;duplic\u00f3 al incremento general de precios.<\/p>\n\n\n\n<p>Datos del Inegi indican que el conjunto de alimentos y productos del Pacic aument\u00f3 16.88% anual en la primera quincena de septiembre, mientras la inflaci\u00f3n general se ubic\u00f3 en 8.76 por ciento.<\/p>\n\n\n\n<p>Adem\u00e1s, desde que el plan se implement\u00f3 en mayo pasado la tendencia en el precio ha sido al alza.<\/p>\n\n\n\n<p>Los mayores incrementos anuales los presentaron la cebolla (87.26%), la papa (80.85%), la naranja (47.52%), el huevo (35.67%) y los aceites vegetales (26.73%).<\/p>\n\n\n\n<p>En cambio, los productos que tuvieron precios inferiores a los de hace un a\u00f1o fueron el jitomate (-14.54%), la manzana (-2.54%) y el frijol (-2.03%). Los productos con menor alza en el \u00faltimo a\u00f1o fueron az\u00facar, con 3.03%, y arroz, con 4.32 por ciento.<\/p>\n\n\n\n<p>Para el observatorio M\u00e9xico, \u00bfc\u00f3mo vamos? El Pacic no es una medida estructural que permita contener la inflaci\u00f3n.<\/p>\n\n\n\n<p>En un reporte, indic\u00f3 que una de sus principales limitaciones es estar configurado como un plan de corto plazo que no ofrece soluciones a fallas en la configuraci\u00f3n de precios, como el v\u00ednculo del crimen organizado con el sistema alimentario o el poder de mercado de las empresas.<\/p>\n\n\n\n<figure class=\"wp-block-image size-full\"><img decoding=\"async\" width=\"700\" height=\"489\" src=\"https:\/\/fuentesfidedignas.com.mx\/wp-content\/uploads\/2022\/09\/image-32.png\" alt=\"\" class=\"wp-image-43497\" srcset=\"https:\/\/fuentesfidedignas.com.mx\/wp-content\/uploads\/2022\/09\/image-32.png 700w, https:\/\/fuentesfidedignas.com.mx\/wp-content\/uploads\/2022\/09\/image-32-300x210.png 300w\" sizes=\"(max-width: 700px) 100vw, 700px\" \/><\/figure>\n\n\n\n<p><strong><em>Fuente: Elaborada con datos del Inegi \/ Gr\u00e1fico: Jes\u00fas S\u00e1nchez<\/em><\/strong><\/p>\n\n\n\n<h3 class=\"wp-block-heading\"><strong>EL PACIC ES INSUFICIENTE PARA CONTENER INFLACI\u00d3N<\/strong><\/h3>\n\n\n\n<p>El incremento de precios de los 23 bienes que forman parte del Paquete contra la Inflaci\u00f3n y la Carest\u00eda (Pacic) no s\u00f3lo ha sido superior a lo que registra la inflaci\u00f3n general, sino que su tendencia es ascendente desde que se implement\u00f3 el plan en mayo de este a\u00f1o.<\/p>\n\n\n\n<p>Datos del&nbsp;<strong>Instituto Nacional de Estad\u00edstica y Geograf\u00eda (Inegi)<\/strong>&nbsp;muestran que el conjunto de productos Pacic se increment\u00f3 16.88% anual en la primera quincena de septiembre, en contraste con la inflaci\u00f3n general que se ubic\u00f3 en 8.76% anual.<\/p>\n\n\n\n<p>As\u00ed, la tasa anual de la inflaci\u00f3n de los productos Pacic se ha elevado en 3.5 puntos porcentuales desde la primera quincena de mayo de este a\u00f1o, periodo en que el gobierno anunci\u00f3 la medida. En cambio, la tasa de inflaci\u00f3n anual se ha incrementado s\u00f3lo en 1.17 puntos porcentuales en el mismo periodo.<\/p>\n\n\n\n<p>Estos c\u00e1lculos se obtuvieron a partir del uso de los ponderadores del&nbsp;<strong>\u00cdndice Nacional de Precios al Consumidor<\/strong>.<\/p>\n\n\n\n<figure class=\"wp-block-image\"><img decoding=\"async\" src=\"https:\/\/cdn2.excelsior.com.mx\/media\/inside-the-note\/pictures\/2022\/09\/29\/05.jpg\" alt=\"\"\/><\/figure>\n\n\n\n<figure class=\"wp-block-image\"><img decoding=\"async\" src=\"https:\/\/cdn2.excelsior.com.mx\/media\/inside-the-note\/pictures\/2022\/09\/29\/06.jpg\" alt=\"\"\/><\/figure>\n\n\n\n<p><em><strong>Fuente: Elaborada con datos del Inegi<\/strong><\/em><\/p>\n\n\n\n<h3 class=\"wp-block-heading\"><strong>POR PRODUCTOS<\/strong><\/h3>\n\n\n\n<p>De los 23 bienes observables en los gen\u00e9ricos que publica el Inegi y que forman parte de la canasta Pacic, 16 tuvieron una tasa anual por encima de la inflaci\u00f3n general durante la primera quincena de septiembre de este a\u00f1o.<\/p>\n\n\n\n<p>Los mayores incrementos anuales los presentaron la cebolla (87.26%), la papa (80.85%), la naranja (47.52%), el huevo (35.67%) y los aceites vegetales (26.73%).<\/p>\n\n\n\n<p>En cambio, los productos que tuvieron precios inferiores a los de hace un a\u00f1o fueron el jitomate (-14.54%), la manzana (-2.54%) y el frijol (-2.03%).<\/p>\n\n\n\n<p>Por su parte, los productos con menor incremento en el \u00faltimo a\u00f1o fueron el az\u00facar, con 3.03%, y el arroz, con 4.32 por ciento.<\/p>\n\n\n\n<p><strong>LOS FACTORES<\/strong><\/p>\n\n\n\n<p>El observatorio M\u00e9xico \u00bfc\u00f3mo vamos? explic\u00f3 que el Pacic no es una medida estructural que permita contener la inflaci\u00f3n.<\/p>\n\n\n\n<p>En un reporte elaborado por el analista Axel Gonz\u00e1lez, coment\u00f3 que una de sus principales limitaciones es que est\u00e1 configurado como un plan de corto plazo que no ofrece soluciones a fallas estructurales en la configuraci\u00f3n de precios en los mercados del pa\u00eds, como el v\u00ednculo del crimen organizado con el sistema alimentario o la presencia de poder de mercado de las empresas.<\/p>\n\n\n\n<p>El observatorio expres\u00f3, por un lado, que ya hay reportes que se\u00f1alan el v\u00ednculo del crimen organizado con el sector alimentario, y que pr\u00e1cticas como extorsi\u00f3n y derecho de piso a productores y comerciantes, desplazamiento de mercanc\u00edas y control de puntos hacen que determinados bienes se encarezcan.<\/p>\n\n\n\n<p>Por otro lado, a\u00f1adi\u00f3 que estudios de la<strong>&nbsp;Comisi\u00f3n Federal de Competencia Econ\u00f3mica (Cofece)<\/strong>&nbsp;ya han se\u00f1alado del da\u00f1o a los consumidores el que determinadas empresas tengan poder de mercado en ciertos sectores, al pagar sobreprecios de hasta 98.2% y p\u00e9rdida por 15.7% en su ingreso promedio por esta situaci\u00f3n.<\/p>\n\n\n\n<p>El reporte de M\u00e9xico \u00bfc\u00f3mo vamos? da cuenta que para saber si el Pacic es una estrategia efectiva, es necesario conocer qu\u00e9 otras estrategias o programas se pudieron haber implementado para contrarrestar el incremento generalizado en los precios de los alimentos, o para contener la ca\u00edda del poder adquisitivo de los hogares.<\/p>\n","protected":false},"excerpt":{"rendered":"<p>El precio de los insumos del Paquete contra la Inflaci\u00f3n y la Carest\u00eda subi\u00f3 16.88% anual en la primera quincena de septiembre, mientras la inflaci\u00f3n lleg\u00f3 a 8.76 El incremento del costo en los 23 bienes que forman parte del&nbsp;Paquete contra la Inflaci\u00f3n y la Carest\u00eda (Pacic)&nbsp;duplic\u00f3 al incremento general de precios. Datos del Inegi [&hellip;]<\/p>\n","protected":false},"author":7,"featured_media":43499,"comment_status":"open","ping_status":"open","sticky":false,"template":"","format":"standard","meta":{"tdm_status":"","tdm_grid_status":"","footnotes":""},"categories":[37],"tags":[],"class_list":{"0":"post-43496","1":"post","2":"type-post","3":"status-publish","4":"format-standard","5":"has-post-thumbnail","7":"category-nota-principal"},"yoast_head":"<!-- This site is optimized with the Yoast SEO plugin v27.5 - https:\/\/yoast.com\/product\/yoast-seo-wordpress\/ -->\n<title>Productos b\u00e1sicos se encarecen al doble; desde mayo, mantienen tendencia al alza - Fuentes Fidedignas<\/title>\n<meta name=\"robots\" content=\"index, follow, max-snippet:-1, max-image-preview:large, max-video-preview:-1\" \/>\n<link rel=\"canonical\" href=\"https:\/\/fuentesfidedignas.com.mx\/index.php\/2022\/09\/29\/productos-basicos-se-encarecen-al-doble-desde-mayo-mantienen-tendencia-al-alza\/\" \/>\n<meta property=\"og:locale\" content=\"es_MX\" \/>\n<meta property=\"og:type\" content=\"article\" \/>\n<meta property=\"og:title\" content=\"Productos b\u00e1sicos se encarecen al doble; desde mayo, mantienen tendencia al alza - Fuentes Fidedignas\" \/>\n<meta property=\"og:description\" content=\"El precio de los insumos del Paquete contra la Inflaci\u00f3n y la Carest\u00eda subi\u00f3 16.88% anual en la primera quincena de septiembre, mientras la inflaci\u00f3n lleg\u00f3 a 8.76 El incremento del costo en los 23 bienes que forman parte del&nbsp;Paquete contra la Inflaci\u00f3n y la Carest\u00eda (Pacic)&nbsp;duplic\u00f3 al incremento general de precios. Datos del Inegi [&hellip;]\" \/>\n<meta property=\"og:url\" content=\"https:\/\/fuentesfidedignas.com.mx\/index.php\/2022\/09\/29\/productos-basicos-se-encarecen-al-doble-desde-mayo-mantienen-tendencia-al-alza\/\" \/>\n<meta property=\"og:site_name\" content=\"Fuentes Fidedignas\" \/>\n<meta property=\"article:publisher\" content=\"https:\/\/www.facebook.com\/Fuentes-Fidedignas-368234489921644\" \/>\n<meta property=\"article:published_time\" content=\"2022-09-29T13:30:51+00:00\" \/>\n<meta property=\"article:modified_time\" content=\"2022-09-29T13:32:30+00:00\" \/>\n<meta property=\"og:image\" content=\"https:\/\/fuentesfidedignas.com.mx\/wp-content\/uploads\/2022\/09\/2831015.jpg\" \/>\n\t<meta property=\"og:image:width\" content=\"800\" \/>\n\t<meta property=\"og:image:height\" content=\"600\" \/>\n\t<meta property=\"og:image:type\" content=\"image\/jpeg\" \/>\n<meta name=\"author\" content=\"Exc\u00e9lsior\" \/>\n<meta name=\"twitter:card\" content=\"summary_large_image\" \/>\n<meta name=\"twitter:creator\" content=\"@fidedignas\" \/>\n<meta name=\"twitter:site\" content=\"@fidedignas\" \/>\n<meta name=\"twitter:label1\" content=\"Escrito por\" \/>\n\t<meta name=\"twitter:data1\" content=\"Exc\u00e9lsior\" \/>\n<script type=\"application\/ld+json\" class=\"yoast-schema-graph\">{\"@context\":\"https:\\\/\\\/schema.org\",\"@graph\":[{\"@type\":\"Article\",\"@id\":\"https:\\\/\\\/fuentesfidedignas.com.mx\\\/index.php\\\/2022\\\/09\\\/29\\\/productos-basicos-se-encarecen-al-doble-desde-mayo-mantienen-tendencia-al-alza\\\/#article\",\"isPartOf\":{\"@id\":\"https:\\\/\\\/fuentesfidedignas.com.mx\\\/index.php\\\/2022\\\/09\\\/29\\\/productos-basicos-se-encarecen-al-doble-desde-mayo-mantienen-tendencia-al-alza\\\/\"},\"author\":{\"name\":\"Exc\u00e9lsior\",\"@id\":\"https:\\\/\\\/fuentesfidedignas.com.mx\\\/#\\\/schema\\\/person\\\/ec4edd1fbf5efa3e44fce34fe2787780\"},\"headline\":\"Productos b\u00e1sicos se encarecen al doble; desde mayo, mantienen tendencia al alza\",\"datePublished\":\"2022-09-29T13:30:51+00:00\",\"dateModified\":\"2022-09-29T13:32:30+00:00\",\"mainEntityOfPage\":{\"@id\":\"https:\\\/\\\/fuentesfidedignas.com.mx\\\/index.php\\\/2022\\\/09\\\/29\\\/productos-basicos-se-encarecen-al-doble-desde-mayo-mantienen-tendencia-al-alza\\\/\"},\"wordCount\":818,\"commentCount\":0,\"publisher\":{\"@id\":\"https:\\\/\\\/fuentesfidedignas.com.mx\\\/#organization\"},\"image\":{\"@id\":\"https:\\\/\\\/fuentesfidedignas.com.mx\\\/index.php\\\/2022\\\/09\\\/29\\\/productos-basicos-se-encarecen-al-doble-desde-mayo-mantienen-tendencia-al-alza\\\/#primaryimage\"},\"thumbnailUrl\":\"https:\\\/\\\/fuentesfidedignas.com.mx\\\/wp-content\\\/uploads\\\/2022\\\/09\\\/2831015.jpg\",\"articleSection\":[\"NOTA PRINCIPAL\"],\"inLanguage\":\"es\",\"potentialAction\":[{\"@type\":\"CommentAction\",\"name\":\"Comment\",\"target\":[\"https:\\\/\\\/fuentesfidedignas.com.mx\\\/index.php\\\/2022\\\/09\\\/29\\\/productos-basicos-se-encarecen-al-doble-desde-mayo-mantienen-tendencia-al-alza\\\/#respond\"]}]},{\"@type\":\"WebPage\",\"@id\":\"https:\\\/\\\/fuentesfidedignas.com.mx\\\/index.php\\\/2022\\\/09\\\/29\\\/productos-basicos-se-encarecen-al-doble-desde-mayo-mantienen-tendencia-al-alza\\\/\",\"url\":\"https:\\\/\\\/fuentesfidedignas.com.mx\\\/index.php\\\/2022\\\/09\\\/29\\\/productos-basicos-se-encarecen-al-doble-desde-mayo-mantienen-tendencia-al-alza\\\/\",\"name\":\"Productos b\u00e1sicos se encarecen al doble; desde mayo, mantienen tendencia al alza - Fuentes Fidedignas\",\"isPartOf\":{\"@id\":\"https:\\\/\\\/fuentesfidedignas.com.mx\\\/#website\"},\"primaryImageOfPage\":{\"@id\":\"https:\\\/\\\/fuentesfidedignas.com.mx\\\/index.php\\\/2022\\\/09\\\/29\\\/productos-basicos-se-encarecen-al-doble-desde-mayo-mantienen-tendencia-al-alza\\\/#primaryimage\"},\"image\":{\"@id\":\"https:\\\/\\\/fuentesfidedignas.com.mx\\\/index.php\\\/2022\\\/09\\\/29\\\/productos-basicos-se-encarecen-al-doble-desde-mayo-mantienen-tendencia-al-alza\\\/#primaryimage\"},\"thumbnailUrl\":\"https:\\\/\\\/fuentesfidedignas.com.mx\\\/wp-content\\\/uploads\\\/2022\\\/09\\\/2831015.jpg\",\"datePublished\":\"2022-09-29T13:30:51+00:00\",\"dateModified\":\"2022-09-29T13:32:30+00:00\",\"breadcrumb\":{\"@id\":\"https:\\\/\\\/fuentesfidedignas.com.mx\\\/index.php\\\/2022\\\/09\\\/29\\\/productos-basicos-se-encarecen-al-doble-desde-mayo-mantienen-tendencia-al-alza\\\/#breadcrumb\"},\"inLanguage\":\"es\",\"potentialAction\":[{\"@type\":\"ReadAction\",\"target\":[\"https:\\\/\\\/fuentesfidedignas.com.mx\\\/index.php\\\/2022\\\/09\\\/29\\\/productos-basicos-se-encarecen-al-doble-desde-mayo-mantienen-tendencia-al-alza\\\/\"]}]},{\"@type\":\"ImageObject\",\"inLanguage\":\"es\",\"@id\":\"https:\\\/\\\/fuentesfidedignas.com.mx\\\/index.php\\\/2022\\\/09\\\/29\\\/productos-basicos-se-encarecen-al-doble-desde-mayo-mantienen-tendencia-al-alza\\\/#primaryimage\",\"url\":\"https:\\\/\\\/fuentesfidedignas.com.mx\\\/wp-content\\\/uploads\\\/2022\\\/09\\\/2831015.jpg\",\"contentUrl\":\"https:\\\/\\\/fuentesfidedignas.com.mx\\\/wp-content\\\/uploads\\\/2022\\\/09\\\/2831015.jpg\",\"width\":800,\"height\":600},{\"@type\":\"BreadcrumbList\",\"@id\":\"https:\\\/\\\/fuentesfidedignas.com.mx\\\/index.php\\\/2022\\\/09\\\/29\\\/productos-basicos-se-encarecen-al-doble-desde-mayo-mantienen-tendencia-al-alza\\\/#breadcrumb\",\"itemListElement\":[{\"@type\":\"ListItem\",\"position\":1,\"name\":\"Inicio\",\"item\":\"https:\\\/\\\/fuentesfidedignas.com.mx\\\/\"},{\"@type\":\"ListItem\",\"position\":2,\"name\":\"Productos b\u00e1sicos se encarecen al doble; desde mayo, mantienen tendencia al alza\"}]},{\"@type\":\"WebSite\",\"@id\":\"https:\\\/\\\/fuentesfidedignas.com.mx\\\/#website\",\"url\":\"https:\\\/\\\/fuentesfidedignas.com.mx\\\/\",\"name\":\"Fuentes Fidedignas\",\"description\":\"Otro sitio realizado con WordPress\",\"publisher\":{\"@id\":\"https:\\\/\\\/fuentesfidedignas.com.mx\\\/#organization\"},\"potentialAction\":[{\"@type\":\"SearchAction\",\"target\":{\"@type\":\"EntryPoint\",\"urlTemplate\":\"https:\\\/\\\/fuentesfidedignas.com.mx\\\/?s={search_term_string}\"},\"query-input\":{\"@type\":\"PropertyValueSpecification\",\"valueRequired\":true,\"valueName\":\"search_term_string\"}}],\"inLanguage\":\"es\"},{\"@type\":\"Organization\",\"@id\":\"https:\\\/\\\/fuentesfidedignas.com.mx\\\/#organization\",\"name\":\"Fuentes Fidedignas\",\"url\":\"https:\\\/\\\/fuentesfidedignas.com.mx\\\/\",\"logo\":{\"@type\":\"ImageObject\",\"inLanguage\":\"es\",\"@id\":\"https:\\\/\\\/fuentesfidedignas.com.mx\\\/#\\\/schema\\\/logo\\\/image\\\/\",\"url\":\"https:\\\/\\\/fuentesfidedignas.com.mx\\\/wp-content\\\/uploads\\\/2021\\\/04\\\/logo-retina.png\",\"contentUrl\":\"https:\\\/\\\/fuentesfidedignas.com.mx\\\/wp-content\\\/uploads\\\/2021\\\/04\\\/logo-retina.png\",\"width\":280,\"height\":51,\"caption\":\"Fuentes Fidedignas\"},\"image\":{\"@id\":\"https:\\\/\\\/fuentesfidedignas.com.mx\\\/#\\\/schema\\\/logo\\\/image\\\/\"},\"sameAs\":[\"https:\\\/\\\/www.facebook.com\\\/Fuentes-Fidedignas-368234489921644\",\"https:\\\/\\\/x.com\\\/fidedignas\"]},{\"@type\":\"Person\",\"@id\":\"https:\\\/\\\/fuentesfidedignas.com.mx\\\/#\\\/schema\\\/person\\\/ec4edd1fbf5efa3e44fce34fe2787780\",\"name\":\"Exc\u00e9lsior\",\"image\":{\"@type\":\"ImageObject\",\"inLanguage\":\"es\",\"@id\":\"https:\\\/\\\/secure.gravatar.com\\\/avatar\\\/4b7ee9206b48be08447852b3f0814dbc7c0f3b51541b164f1464a2725614020b?s=96&d=mm&r=g\",\"url\":\"https:\\\/\\\/secure.gravatar.com\\\/avatar\\\/4b7ee9206b48be08447852b3f0814dbc7c0f3b51541b164f1464a2725614020b?s=96&d=mm&r=g\",\"contentUrl\":\"https:\\\/\\\/secure.gravatar.com\\\/avatar\\\/4b7ee9206b48be08447852b3f0814dbc7c0f3b51541b164f1464a2725614020b?s=96&d=mm&r=g\",\"caption\":\"Exc\u00e9lsior\"},\"url\":\"https:\\\/\\\/fuentesfidedignas.com.mx\\\/index.php\\\/author\\\/excelsior\\\/\"}]}<\/script>\n<!-- \/ Yoast SEO plugin. -->","yoast_head_json":{"title":"Productos b\u00e1sicos se encarecen al doble; desde mayo, mantienen tendencia al alza - Fuentes Fidedignas","robots":{"index":"index","follow":"follow","max-snippet":"max-snippet:-1","max-image-preview":"max-image-preview:large","max-video-preview":"max-video-preview:-1"},"canonical":"https:\/\/fuentesfidedignas.com.mx\/index.php\/2022\/09\/29\/productos-basicos-se-encarecen-al-doble-desde-mayo-mantienen-tendencia-al-alza\/","og_locale":"es_MX","og_type":"article","og_title":"Productos b\u00e1sicos se encarecen al doble; desde mayo, mantienen tendencia al alza - Fuentes Fidedignas","og_description":"El precio de los insumos del Paquete contra la Inflaci\u00f3n y la Carest\u00eda subi\u00f3 16.88% anual en la primera quincena de septiembre, mientras la inflaci\u00f3n lleg\u00f3 a 8.76 El incremento del costo en los 23 bienes que forman parte del&nbsp;Paquete contra la Inflaci\u00f3n y la Carest\u00eda (Pacic)&nbsp;duplic\u00f3 al incremento general de precios. Datos del Inegi [&hellip;]","og_url":"https:\/\/fuentesfidedignas.com.mx\/index.php\/2022\/09\/29\/productos-basicos-se-encarecen-al-doble-desde-mayo-mantienen-tendencia-al-alza\/","og_site_name":"Fuentes Fidedignas","article_publisher":"https:\/\/www.facebook.com\/Fuentes-Fidedignas-368234489921644","article_published_time":"2022-09-29T13:30:51+00:00","article_modified_time":"2022-09-29T13:32:30+00:00","og_image":[{"width":800,"height":600,"url":"https:\/\/fuentesfidedignas.com.mx\/wp-content\/uploads\/2022\/09\/2831015.jpg","type":"image\/jpeg"}],"author":"Exc\u00e9lsior","twitter_card":"summary_large_image","twitter_creator":"@fidedignas","twitter_site":"@fidedignas","twitter_misc":{"Escrito por":"Exc\u00e9lsior"},"schema":{"@context":"https:\/\/schema.org","@graph":[{"@type":"Article","@id":"https:\/\/fuentesfidedignas.com.mx\/index.php\/2022\/09\/29\/productos-basicos-se-encarecen-al-doble-desde-mayo-mantienen-tendencia-al-alza\/#article","isPartOf":{"@id":"https:\/\/fuentesfidedignas.com.mx\/index.php\/2022\/09\/29\/productos-basicos-se-encarecen-al-doble-desde-mayo-mantienen-tendencia-al-alza\/"},"author":{"name":"Exc\u00e9lsior","@id":"https:\/\/fuentesfidedignas.com.mx\/#\/schema\/person\/ec4edd1fbf5efa3e44fce34fe2787780"},"headline":"Productos b\u00e1sicos se encarecen al doble; desde mayo, mantienen tendencia al alza","datePublished":"2022-09-29T13:30:51+00:00","dateModified":"2022-09-29T13:32:30+00:00","mainEntityOfPage":{"@id":"https:\/\/fuentesfidedignas.com.mx\/index.php\/2022\/09\/29\/productos-basicos-se-encarecen-al-doble-desde-mayo-mantienen-tendencia-al-alza\/"},"wordCount":818,"commentCount":0,"publisher":{"@id":"https:\/\/fuentesfidedignas.com.mx\/#organization"},"image":{"@id":"https:\/\/fuentesfidedignas.com.mx\/index.php\/2022\/09\/29\/productos-basicos-se-encarecen-al-doble-desde-mayo-mantienen-tendencia-al-alza\/#primaryimage"},"thumbnailUrl":"https:\/\/fuentesfidedignas.com.mx\/wp-content\/uploads\/2022\/09\/2831015.jpg","articleSection":["NOTA PRINCIPAL"],"inLanguage":"es","potentialAction":[{"@type":"CommentAction","name":"Comment","target":["https:\/\/fuentesfidedignas.com.mx\/index.php\/2022\/09\/29\/productos-basicos-se-encarecen-al-doble-desde-mayo-mantienen-tendencia-al-alza\/#respond"]}]},{"@type":"WebPage","@id":"https:\/\/fuentesfidedignas.com.mx\/index.php\/2022\/09\/29\/productos-basicos-se-encarecen-al-doble-desde-mayo-mantienen-tendencia-al-alza\/","url":"https:\/\/fuentesfidedignas.com.mx\/index.php\/2022\/09\/29\/productos-basicos-se-encarecen-al-doble-desde-mayo-mantienen-tendencia-al-alza\/","name":"Productos b\u00e1sicos se encarecen al doble; desde mayo, mantienen tendencia al alza - Fuentes Fidedignas","isPartOf":{"@id":"https:\/\/fuentesfidedignas.com.mx\/#website"},"primaryImageOfPage":{"@id":"https:\/\/fuentesfidedignas.com.mx\/index.php\/2022\/09\/29\/productos-basicos-se-encarecen-al-doble-desde-mayo-mantienen-tendencia-al-alza\/#primaryimage"},"image":{"@id":"https:\/\/fuentesfidedignas.com.mx\/index.php\/2022\/09\/29\/productos-basicos-se-encarecen-al-doble-desde-mayo-mantienen-tendencia-al-alza\/#primaryimage"},"thumbnailUrl":"https:\/\/fuentesfidedignas.com.mx\/wp-content\/uploads\/2022\/09\/2831015.jpg","datePublished":"2022-09-29T13:30:51+00:00","dateModified":"2022-09-29T13:32:30+00:00","breadcrumb":{"@id":"https:\/\/fuentesfidedignas.com.mx\/index.php\/2022\/09\/29\/productos-basicos-se-encarecen-al-doble-desde-mayo-mantienen-tendencia-al-alza\/#breadcrumb"},"inLanguage":"es","potentialAction":[{"@type":"ReadAction","target":["https:\/\/fuentesfidedignas.com.mx\/index.php\/2022\/09\/29\/productos-basicos-se-encarecen-al-doble-desde-mayo-mantienen-tendencia-al-alza\/"]}]},{"@type":"ImageObject","inLanguage":"es","@id":"https:\/\/fuentesfidedignas.com.mx\/index.php\/2022\/09\/29\/productos-basicos-se-encarecen-al-doble-desde-mayo-mantienen-tendencia-al-alza\/#primaryimage","url":"https:\/\/fuentesfidedignas.com.mx\/wp-content\/uploads\/2022\/09\/2831015.jpg","contentUrl":"https:\/\/fuentesfidedignas.com.mx\/wp-content\/uploads\/2022\/09\/2831015.jpg","width":800,"height":600},{"@type":"BreadcrumbList","@id":"https:\/\/fuentesfidedignas.com.mx\/index.php\/2022\/09\/29\/productos-basicos-se-encarecen-al-doble-desde-mayo-mantienen-tendencia-al-alza\/#breadcrumb","itemListElement":[{"@type":"ListItem","position":1,"name":"Inicio","item":"https:\/\/fuentesfidedignas.com.mx\/"},{"@type":"ListItem","position":2,"name":"Productos b\u00e1sicos se encarecen al doble; desde mayo, mantienen tendencia al alza"}]},{"@type":"WebSite","@id":"https:\/\/fuentesfidedignas.com.mx\/#website","url":"https:\/\/fuentesfidedignas.com.mx\/","name":"Fuentes Fidedignas","description":"Otro sitio realizado con WordPress","publisher":{"@id":"https:\/\/fuentesfidedignas.com.mx\/#organization"},"potentialAction":[{"@type":"SearchAction","target":{"@type":"EntryPoint","urlTemplate":"https:\/\/fuentesfidedignas.com.mx\/?s={search_term_string}"},"query-input":{"@type":"PropertyValueSpecification","valueRequired":true,"valueName":"search_term_string"}}],"inLanguage":"es"},{"@type":"Organization","@id":"https:\/\/fuentesfidedignas.com.mx\/#organization","name":"Fuentes Fidedignas","url":"https:\/\/fuentesfidedignas.com.mx\/","logo":{"@type":"ImageObject","inLanguage":"es","@id":"https:\/\/fuentesfidedignas.com.mx\/#\/schema\/logo\/image\/","url":"https:\/\/fuentesfidedignas.com.mx\/wp-content\/uploads\/2021\/04\/logo-retina.png","contentUrl":"https:\/\/fuentesfidedignas.com.mx\/wp-content\/uploads\/2021\/04\/logo-retina.png","width":280,"height":51,"caption":"Fuentes Fidedignas"},"image":{"@id":"https:\/\/fuentesfidedignas.com.mx\/#\/schema\/logo\/image\/"},"sameAs":["https:\/\/www.facebook.com\/Fuentes-Fidedignas-368234489921644","https:\/\/x.com\/fidedignas"]},{"@type":"Person","@id":"https:\/\/fuentesfidedignas.com.mx\/#\/schema\/person\/ec4edd1fbf5efa3e44fce34fe2787780","name":"Exc\u00e9lsior","image":{"@type":"ImageObject","inLanguage":"es","@id":"https:\/\/secure.gravatar.com\/avatar\/4b7ee9206b48be08447852b3f0814dbc7c0f3b51541b164f1464a2725614020b?s=96&d=mm&r=g","url":"https:\/\/secure.gravatar.com\/avatar\/4b7ee9206b48be08447852b3f0814dbc7c0f3b51541b164f1464a2725614020b?s=96&d=mm&r=g","contentUrl":"https:\/\/secure.gravatar.com\/avatar\/4b7ee9206b48be08447852b3f0814dbc7c0f3b51541b164f1464a2725614020b?s=96&d=mm&r=g","caption":"Exc\u00e9lsior"},"url":"https:\/\/fuentesfidedignas.com.mx\/index.php\/author\/excelsior\/"}]}},"_links":{"self":[{"href":"https:\/\/fuentesfidedignas.com.mx\/index.php\/wp-json\/wp\/v2\/posts\/43496","targetHints":{"allow":["GET"]}}],"collection":[{"href":"https:\/\/fuentesfidedignas.com.mx\/index.php\/wp-json\/wp\/v2\/posts"}],"about":[{"href":"https:\/\/fuentesfidedignas.com.mx\/index.php\/wp-json\/wp\/v2\/types\/post"}],"author":[{"embeddable":true,"href":"https:\/\/fuentesfidedignas.com.mx\/index.php\/wp-json\/wp\/v2\/users\/7"}],"replies":[{"embeddable":true,"href":"https:\/\/fuentesfidedignas.com.mx\/index.php\/wp-json\/wp\/v2\/comments?post=43496"}],"version-history":[{"count":1,"href":"https:\/\/fuentesfidedignas.com.mx\/index.php\/wp-json\/wp\/v2\/posts\/43496\/revisions"}],"predecessor-version":[{"id":43498,"href":"https:\/\/fuentesfidedignas.com.mx\/index.php\/wp-json\/wp\/v2\/posts\/43496\/revisions\/43498"}],"wp:featuredmedia":[{"embeddable":true,"href":"https:\/\/fuentesfidedignas.com.mx\/index.php\/wp-json\/wp\/v2\/media\/43499"}],"wp:attachment":[{"href":"https:\/\/fuentesfidedignas.com.mx\/index.php\/wp-json\/wp\/v2\/media?parent=43496"}],"wp:term":[{"taxonomy":"category","embeddable":true,"href":"https:\/\/fuentesfidedignas.com.mx\/index.php\/wp-json\/wp\/v2\/categories?post=43496"},{"taxonomy":"post_tag","embeddable":true,"href":"https:\/\/fuentesfidedignas.com.mx\/index.php\/wp-json\/wp\/v2\/tags?post=43496"}],"curies":[{"name":"wp","href":"https:\/\/api.w.org\/{rel}","templated":true}]}}