{"id":43491,"date":"2022-09-29T06:17:21","date_gmt":"2022-09-29T12:17:21","guid":{"rendered":"https:\/\/fuentesfidedignas.com.mx\/?p=43491"},"modified":"2022-09-29T07:40:26","modified_gmt":"2022-09-29T13:40:26","slug":"posible-huracan-orlene-amenaza-sinaloa-ya-es-tormenta-tropical","status":"publish","type":"post","link":"https:\/\/fuentesfidedignas.com.mx\/index.php\/2022\/09\/29\/posible-huracan-orlene-amenaza-sinaloa-ya-es-tormenta-tropical\/","title":{"rendered":"Posible hurac\u00e1n Orlene amenaza Sinaloa; ya es tormenta tropical"},"content":{"rendered":"\n<p><strong><em>A\u00fan ubicada a una distancia considerable respecto al pa\u00eds, el pron\u00f3stico es que \u2018Orlene\u2019 mantenga una trayectoria hasta impactar en las costas del Pac\u00edfico<\/em><\/strong> <\/p>\n\n\n\n<p>Culiac\u00e1n, Sin. Durante las primeras horas de este jueves, se form\u00f3 la<strong>&nbsp;tormenta tropical&nbsp;<\/strong><em><strong>Orlene<\/strong><\/em>&nbsp;frente a las costas de M\u00e9xico en el Pac\u00edfico. De acuerdo con el&nbsp;<strong>Servicio Meteorol\u00f3gico Nacional<\/strong>, el cicl\u00f3n se intensific\u00f3 y prev\u00e9 que lo contin\u00fae haciendo hasta llegara a hurac\u00e1n categor\u00eda 1. Adem\u00e1s, el pron\u00f3stico indica que&nbsp;<strong>toque tierra&nbsp;<\/strong>en territorio nacional en los pr\u00f3ximos d\u00edas, siendo el cuarto de la temporada en hacerlo.<\/p>\n\n\n\n<p>Actualmente, el centro del sistema se ubica a unos 465 km al sur de Manzanillo, Colima, y a 600 km al sur-sureste de Cabo Corrientes, Jalisco. Su ruta de desplazamiento es hacia el oeste-noroeste (300\u00b0) a una velocidad aproximada de 20 km\/h. Registra vientos sostenidos de 65 km\/h, rachas de hasta 85 km\/h y reforzar\u00e1 la probabilidad de lluvias en las regiones occidente y sureste del pa\u00eds.<\/p>\n\n\n\n<p><strong>Lluvias fuertes con puntuales muy fuertes<\/strong>: Veracruz, Oaxaca y Chiapas.<\/p>\n\n\n\n<p><strong>Intervalos de chubascos con lluvias puntuales fuertes<\/strong>: Sonora, Chihuahua, Jalisco, Colima, Michoac\u00e1n, Guerrero y Tabasco.<\/p>\n\n\n\n<p><strong>Intervalos de chubascos<\/strong>: Baja California, Baja California Sur, Durango, Sinaloa, Nayarit, Estado de M\u00e9xico, Puebla, Campeche, Yucat\u00e1n y Quintana Roo.<\/p>\n\n\n\n<p><strong>Lluvias aisladas<\/strong>: San Luis Potos\u00ed, Guanajuato, Quer\u00e9taro, Hidalgo, Tlaxcala, Ciudad de M\u00e9xico y Morelos.<\/p>\n\n\n\n<p>M\u00e9xico registrar\u00e1&nbsp;<strong>temperaturas m\u00e1ximas de hasta 40\u00ba C<\/strong>&nbsp;en Baja California Sur, Baja California, Sonora, Sinaloa, Nayarit, Jalisco, Colima y Michoac\u00e1n. En contraste, las m\u00ednimas podr\u00edan ser de -5\u00ba C en el Estado de M\u00e9xico, Tlaxcala, Puebla e Hidalgo.<\/p>\n","protected":false},"excerpt":{"rendered":"<p>A\u00fan ubicada a una distancia considerable respecto al pa\u00eds, el pron\u00f3stico es que \u2018Orlene\u2019 mantenga una trayectoria hasta impactar en las costas del Pac\u00edfico Culiac\u00e1n, Sin. Durante las primeras horas de este jueves, se form\u00f3 la&nbsp;tormenta tropical&nbsp;Orlene&nbsp;frente a las costas de M\u00e9xico en el Pac\u00edfico. De acuerdo con el&nbsp;Servicio Meteorol\u00f3gico Nacional, el cicl\u00f3n se intensific\u00f3 [&hellip;]<\/p>\n","protected":false},"author":41,"featured_media":43493,"comment_status":"open","ping_status":"open","sticky":false,"template":"","format":"standard","meta":{"tdm_status":"","tdm_grid_status":"","footnotes":""},"categories":[37],"tags":[],"class_list":{"0":"post-43491","1":"post","2":"type-post","3":"status-publish","4":"format-standard","5":"has-post-thumbnail","7":"category-nota-principal"},"yoast_head":"<!-- This site is optimized with the Yoast SEO plugin v27.4 - https:\/\/yoast.com\/product\/yoast-seo-wordpress\/ -->\n<title>Posible hurac\u00e1n Orlene amenaza Sinaloa; ya es tormenta tropical - Fuentes Fidedignas<\/title>\n<meta name=\"robots\" content=\"index, follow, max-snippet:-1, max-image-preview:large, max-video-preview:-1\" \/>\n<link rel=\"canonical\" href=\"https:\/\/fuentesfidedignas.com.mx\/index.php\/2022\/09\/29\/posible-huracan-orlene-amenaza-sinaloa-ya-es-tormenta-tropical\/\" \/>\n<meta property=\"og:locale\" content=\"es_MX\" \/>\n<meta property=\"og:type\" content=\"article\" \/>\n<meta property=\"og:title\" content=\"Posible hurac\u00e1n Orlene amenaza Sinaloa; ya es tormenta tropical - Fuentes Fidedignas\" \/>\n<meta property=\"og:description\" content=\"A\u00fan ubicada a una distancia considerable respecto al pa\u00eds, el pron\u00f3stico es que \u2018Orlene\u2019 mantenga una trayectoria hasta impactar en las costas del Pac\u00edfico Culiac\u00e1n, Sin. Durante las primeras horas de este jueves, se form\u00f3 la&nbsp;tormenta tropical&nbsp;Orlene&nbsp;frente a las costas de M\u00e9xico en el Pac\u00edfico. De acuerdo con el&nbsp;Servicio Meteorol\u00f3gico Nacional, el cicl\u00f3n se intensific\u00f3 [&hellip;]\" \/>\n<meta property=\"og:url\" content=\"https:\/\/fuentesfidedignas.com.mx\/index.php\/2022\/09\/29\/posible-huracan-orlene-amenaza-sinaloa-ya-es-tormenta-tropical\/\" \/>\n<meta property=\"og:site_name\" content=\"Fuentes Fidedignas\" \/>\n<meta property=\"article:publisher\" content=\"https:\/\/www.facebook.com\/Fuentes-Fidedignas-368234489921644\" \/>\n<meta property=\"article:published_time\" content=\"2022-09-29T12:17:21+00:00\" \/>\n<meta property=\"article:modified_time\" content=\"2022-09-29T13:40:26+00:00\" \/>\n<meta property=\"og:image\" content=\"https:\/\/fuentesfidedignas.com.mx\/wp-content\/uploads\/2022\/09\/images-23.jpeg\" \/>\n\t<meta property=\"og:image:width\" content=\"664\" \/>\n\t<meta property=\"og:image:height\" content=\"462\" \/>\n\t<meta property=\"og:image:type\" content=\"image\/jpeg\" \/>\n<meta name=\"author\" content=\"Infobae\" \/>\n<meta name=\"twitter:card\" content=\"summary_large_image\" \/>\n<meta name=\"twitter:creator\" content=\"@fidedignas\" \/>\n<meta name=\"twitter:site\" content=\"@fidedignas\" \/>\n<meta name=\"twitter:label1\" content=\"Escrito por\" \/>\n\t<meta name=\"twitter:data1\" content=\"Infobae\" \/>\n\t<meta name=\"twitter:label2\" content=\"Tiempo de lectura\" \/>\n\t<meta name=\"twitter:data2\" content=\"2 minutos\" \/>\n<script type=\"application\/ld+json\" class=\"yoast-schema-graph\">{\"@context\":\"https:\\\/\\\/schema.org\",\"@graph\":[{\"@type\":\"Article\",\"@id\":\"https:\\\/\\\/fuentesfidedignas.com.mx\\\/index.php\\\/2022\\\/09\\\/29\\\/posible-huracan-orlene-amenaza-sinaloa-ya-es-tormenta-tropical\\\/#article\",\"isPartOf\":{\"@id\":\"https:\\\/\\\/fuentesfidedignas.com.mx\\\/index.php\\\/2022\\\/09\\\/29\\\/posible-huracan-orlene-amenaza-sinaloa-ya-es-tormenta-tropical\\\/\"},\"author\":{\"name\":\"Infobae\",\"@id\":\"https:\\\/\\\/fuentesfidedignas.com.mx\\\/#\\\/schema\\\/person\\\/8575896a7c1067d352f6c1cd6582c389\"},\"headline\":\"Posible hurac\u00e1n Orlene amenaza Sinaloa; ya es tormenta tropical\",\"datePublished\":\"2022-09-29T12:17:21+00:00\",\"dateModified\":\"2022-09-29T13:40:26+00:00\",\"mainEntityOfPage\":{\"@id\":\"https:\\\/\\\/fuentesfidedignas.com.mx\\\/index.php\\\/2022\\\/09\\\/29\\\/posible-huracan-orlene-amenaza-sinaloa-ya-es-tormenta-tropical\\\/\"},\"wordCount\":299,\"commentCount\":0,\"publisher\":{\"@id\":\"https:\\\/\\\/fuentesfidedignas.com.mx\\\/#organization\"},\"image\":{\"@id\":\"https:\\\/\\\/fuentesfidedignas.com.mx\\\/index.php\\\/2022\\\/09\\\/29\\\/posible-huracan-orlene-amenaza-sinaloa-ya-es-tormenta-tropical\\\/#primaryimage\"},\"thumbnailUrl\":\"https:\\\/\\\/fuentesfidedignas.com.mx\\\/wp-content\\\/uploads\\\/2022\\\/09\\\/images-23.jpeg\",\"articleSection\":[\"NOTA PRINCIPAL\"],\"inLanguage\":\"es\",\"potentialAction\":[{\"@type\":\"CommentAction\",\"name\":\"Comment\",\"target\":[\"https:\\\/\\\/fuentesfidedignas.com.mx\\\/index.php\\\/2022\\\/09\\\/29\\\/posible-huracan-orlene-amenaza-sinaloa-ya-es-tormenta-tropical\\\/#respond\"]}]},{\"@type\":\"WebPage\",\"@id\":\"https:\\\/\\\/fuentesfidedignas.com.mx\\\/index.php\\\/2022\\\/09\\\/29\\\/posible-huracan-orlene-amenaza-sinaloa-ya-es-tormenta-tropical\\\/\",\"url\":\"https:\\\/\\\/fuentesfidedignas.com.mx\\\/index.php\\\/2022\\\/09\\\/29\\\/posible-huracan-orlene-amenaza-sinaloa-ya-es-tormenta-tropical\\\/\",\"name\":\"Posible hurac\u00e1n Orlene amenaza Sinaloa; ya es tormenta tropical - Fuentes Fidedignas\",\"isPartOf\":{\"@id\":\"https:\\\/\\\/fuentesfidedignas.com.mx\\\/#website\"},\"primaryImageOfPage\":{\"@id\":\"https:\\\/\\\/fuentesfidedignas.com.mx\\\/index.php\\\/2022\\\/09\\\/29\\\/posible-huracan-orlene-amenaza-sinaloa-ya-es-tormenta-tropical\\\/#primaryimage\"},\"image\":{\"@id\":\"https:\\\/\\\/fuentesfidedignas.com.mx\\\/index.php\\\/2022\\\/09\\\/29\\\/posible-huracan-orlene-amenaza-sinaloa-ya-es-tormenta-tropical\\\/#primaryimage\"},\"thumbnailUrl\":\"https:\\\/\\\/fuentesfidedignas.com.mx\\\/wp-content\\\/uploads\\\/2022\\\/09\\\/images-23.jpeg\",\"datePublished\":\"2022-09-29T12:17:21+00:00\",\"dateModified\":\"2022-09-29T13:40:26+00:00\",\"breadcrumb\":{\"@id\":\"https:\\\/\\\/fuentesfidedignas.com.mx\\\/index.php\\\/2022\\\/09\\\/29\\\/posible-huracan-orlene-amenaza-sinaloa-ya-es-tormenta-tropical\\\/#breadcrumb\"},\"inLanguage\":\"es\",\"potentialAction\":[{\"@type\":\"ReadAction\",\"target\":[\"https:\\\/\\\/fuentesfidedignas.com.mx\\\/index.php\\\/2022\\\/09\\\/29\\\/posible-huracan-orlene-amenaza-sinaloa-ya-es-tormenta-tropical\\\/\"]}]},{\"@type\":\"ImageObject\",\"inLanguage\":\"es\",\"@id\":\"https:\\\/\\\/fuentesfidedignas.com.mx\\\/index.php\\\/2022\\\/09\\\/29\\\/posible-huracan-orlene-amenaza-sinaloa-ya-es-tormenta-tropical\\\/#primaryimage\",\"url\":\"https:\\\/\\\/fuentesfidedignas.com.mx\\\/wp-content\\\/uploads\\\/2022\\\/09\\\/images-23.jpeg\",\"contentUrl\":\"https:\\\/\\\/fuentesfidedignas.com.mx\\\/wp-content\\\/uploads\\\/2022\\\/09\\\/images-23.jpeg\",\"width\":664,\"height\":462},{\"@type\":\"BreadcrumbList\",\"@id\":\"https:\\\/\\\/fuentesfidedignas.com.mx\\\/index.php\\\/2022\\\/09\\\/29\\\/posible-huracan-orlene-amenaza-sinaloa-ya-es-tormenta-tropical\\\/#breadcrumb\",\"itemListElement\":[{\"@type\":\"ListItem\",\"position\":1,\"name\":\"Inicio\",\"item\":\"https:\\\/\\\/fuentesfidedignas.com.mx\\\/\"},{\"@type\":\"ListItem\",\"position\":2,\"name\":\"Posible hurac\u00e1n Orlene amenaza Sinaloa; ya es tormenta tropical\"}]},{\"@type\":\"WebSite\",\"@id\":\"https:\\\/\\\/fuentesfidedignas.com.mx\\\/#website\",\"url\":\"https:\\\/\\\/fuentesfidedignas.com.mx\\\/\",\"name\":\"Fuentes Fidedignas\",\"description\":\"Otro sitio realizado con WordPress\",\"publisher\":{\"@id\":\"https:\\\/\\\/fuentesfidedignas.com.mx\\\/#organization\"},\"potentialAction\":[{\"@type\":\"SearchAction\",\"target\":{\"@type\":\"EntryPoint\",\"urlTemplate\":\"https:\\\/\\\/fuentesfidedignas.com.mx\\\/?s={search_term_string}\"},\"query-input\":{\"@type\":\"PropertyValueSpecification\",\"valueRequired\":true,\"valueName\":\"search_term_string\"}}],\"inLanguage\":\"es\"},{\"@type\":\"Organization\",\"@id\":\"https:\\\/\\\/fuentesfidedignas.com.mx\\\/#organization\",\"name\":\"Fuentes Fidedignas\",\"url\":\"https:\\\/\\\/fuentesfidedignas.com.mx\\\/\",\"logo\":{\"@type\":\"ImageObject\",\"inLanguage\":\"es\",\"@id\":\"https:\\\/\\\/fuentesfidedignas.com.mx\\\/#\\\/schema\\\/logo\\\/image\\\/\",\"url\":\"https:\\\/\\\/fuentesfidedignas.com.mx\\\/wp-content\\\/uploads\\\/2021\\\/04\\\/logo-retina.png\",\"contentUrl\":\"https:\\\/\\\/fuentesfidedignas.com.mx\\\/wp-content\\\/uploads\\\/2021\\\/04\\\/logo-retina.png\",\"width\":280,\"height\":51,\"caption\":\"Fuentes Fidedignas\"},\"image\":{\"@id\":\"https:\\\/\\\/fuentesfidedignas.com.mx\\\/#\\\/schema\\\/logo\\\/image\\\/\"},\"sameAs\":[\"https:\\\/\\\/www.facebook.com\\\/Fuentes-Fidedignas-368234489921644\",\"https:\\\/\\\/x.com\\\/fidedignas\"]},{\"@type\":\"Person\",\"@id\":\"https:\\\/\\\/fuentesfidedignas.com.mx\\\/#\\\/schema\\\/person\\\/8575896a7c1067d352f6c1cd6582c389\",\"name\":\"Infobae\",\"image\":{\"@type\":\"ImageObject\",\"inLanguage\":\"es\",\"@id\":\"https:\\\/\\\/secure.gravatar.com\\\/avatar\\\/e4ec95706f8d1670343f6526fdcec45474bab17475a851434a64ca12b5acba1c?s=96&d=mm&r=g\",\"url\":\"https:\\\/\\\/secure.gravatar.com\\\/avatar\\\/e4ec95706f8d1670343f6526fdcec45474bab17475a851434a64ca12b5acba1c?s=96&d=mm&r=g\",\"contentUrl\":\"https:\\\/\\\/secure.gravatar.com\\\/avatar\\\/e4ec95706f8d1670343f6526fdcec45474bab17475a851434a64ca12b5acba1c?s=96&d=mm&r=g\",\"caption\":\"Infobae\"},\"url\":\"https:\\\/\\\/fuentesfidedignas.com.mx\\\/index.php\\\/author\\\/infobae\\\/\"}]}<\/script>\n<!-- \/ Yoast SEO plugin. -->","yoast_head_json":{"title":"Posible hurac\u00e1n Orlene amenaza Sinaloa; ya es tormenta tropical - Fuentes Fidedignas","robots":{"index":"index","follow":"follow","max-snippet":"max-snippet:-1","max-image-preview":"max-image-preview:large","max-video-preview":"max-video-preview:-1"},"canonical":"https:\/\/fuentesfidedignas.com.mx\/index.php\/2022\/09\/29\/posible-huracan-orlene-amenaza-sinaloa-ya-es-tormenta-tropical\/","og_locale":"es_MX","og_type":"article","og_title":"Posible hurac\u00e1n Orlene amenaza Sinaloa; ya es tormenta tropical - Fuentes Fidedignas","og_description":"A\u00fan ubicada a una distancia considerable respecto al pa\u00eds, el pron\u00f3stico es que \u2018Orlene\u2019 mantenga una trayectoria hasta impactar en las costas del Pac\u00edfico Culiac\u00e1n, Sin. Durante las primeras horas de este jueves, se form\u00f3 la&nbsp;tormenta tropical&nbsp;Orlene&nbsp;frente a las costas de M\u00e9xico en el Pac\u00edfico. De acuerdo con el&nbsp;Servicio Meteorol\u00f3gico Nacional, el cicl\u00f3n se intensific\u00f3 [&hellip;]","og_url":"https:\/\/fuentesfidedignas.com.mx\/index.php\/2022\/09\/29\/posible-huracan-orlene-amenaza-sinaloa-ya-es-tormenta-tropical\/","og_site_name":"Fuentes Fidedignas","article_publisher":"https:\/\/www.facebook.com\/Fuentes-Fidedignas-368234489921644","article_published_time":"2022-09-29T12:17:21+00:00","article_modified_time":"2022-09-29T13:40:26+00:00","og_image":[{"width":664,"height":462,"url":"https:\/\/fuentesfidedignas.com.mx\/wp-content\/uploads\/2022\/09\/images-23.jpeg","type":"image\/jpeg"}],"author":"Infobae","twitter_card":"summary_large_image","twitter_creator":"@fidedignas","twitter_site":"@fidedignas","twitter_misc":{"Escrito por":"Infobae","Tiempo de lectura":"2 minutos"},"schema":{"@context":"https:\/\/schema.org","@graph":[{"@type":"Article","@id":"https:\/\/fuentesfidedignas.com.mx\/index.php\/2022\/09\/29\/posible-huracan-orlene-amenaza-sinaloa-ya-es-tormenta-tropical\/#article","isPartOf":{"@id":"https:\/\/fuentesfidedignas.com.mx\/index.php\/2022\/09\/29\/posible-huracan-orlene-amenaza-sinaloa-ya-es-tormenta-tropical\/"},"author":{"name":"Infobae","@id":"https:\/\/fuentesfidedignas.com.mx\/#\/schema\/person\/8575896a7c1067d352f6c1cd6582c389"},"headline":"Posible hurac\u00e1n Orlene amenaza Sinaloa; ya es tormenta tropical","datePublished":"2022-09-29T12:17:21+00:00","dateModified":"2022-09-29T13:40:26+00:00","mainEntityOfPage":{"@id":"https:\/\/fuentesfidedignas.com.mx\/index.php\/2022\/09\/29\/posible-huracan-orlene-amenaza-sinaloa-ya-es-tormenta-tropical\/"},"wordCount":299,"commentCount":0,"publisher":{"@id":"https:\/\/fuentesfidedignas.com.mx\/#organization"},"image":{"@id":"https:\/\/fuentesfidedignas.com.mx\/index.php\/2022\/09\/29\/posible-huracan-orlene-amenaza-sinaloa-ya-es-tormenta-tropical\/#primaryimage"},"thumbnailUrl":"https:\/\/fuentesfidedignas.com.mx\/wp-content\/uploads\/2022\/09\/images-23.jpeg","articleSection":["NOTA PRINCIPAL"],"inLanguage":"es","potentialAction":[{"@type":"CommentAction","name":"Comment","target":["https:\/\/fuentesfidedignas.com.mx\/index.php\/2022\/09\/29\/posible-huracan-orlene-amenaza-sinaloa-ya-es-tormenta-tropical\/#respond"]}]},{"@type":"WebPage","@id":"https:\/\/fuentesfidedignas.com.mx\/index.php\/2022\/09\/29\/posible-huracan-orlene-amenaza-sinaloa-ya-es-tormenta-tropical\/","url":"https:\/\/fuentesfidedignas.com.mx\/index.php\/2022\/09\/29\/posible-huracan-orlene-amenaza-sinaloa-ya-es-tormenta-tropical\/","name":"Posible hurac\u00e1n Orlene amenaza Sinaloa; ya es tormenta tropical - Fuentes Fidedignas","isPartOf":{"@id":"https:\/\/fuentesfidedignas.com.mx\/#website"},"primaryImageOfPage":{"@id":"https:\/\/fuentesfidedignas.com.mx\/index.php\/2022\/09\/29\/posible-huracan-orlene-amenaza-sinaloa-ya-es-tormenta-tropical\/#primaryimage"},"image":{"@id":"https:\/\/fuentesfidedignas.com.mx\/index.php\/2022\/09\/29\/posible-huracan-orlene-amenaza-sinaloa-ya-es-tormenta-tropical\/#primaryimage"},"thumbnailUrl":"https:\/\/fuentesfidedignas.com.mx\/wp-content\/uploads\/2022\/09\/images-23.jpeg","datePublished":"2022-09-29T12:17:21+00:00","dateModified":"2022-09-29T13:40:26+00:00","breadcrumb":{"@id":"https:\/\/fuentesfidedignas.com.mx\/index.php\/2022\/09\/29\/posible-huracan-orlene-amenaza-sinaloa-ya-es-tormenta-tropical\/#breadcrumb"},"inLanguage":"es","potentialAction":[{"@type":"ReadAction","target":["https:\/\/fuentesfidedignas.com.mx\/index.php\/2022\/09\/29\/posible-huracan-orlene-amenaza-sinaloa-ya-es-tormenta-tropical\/"]}]},{"@type":"ImageObject","inLanguage":"es","@id":"https:\/\/fuentesfidedignas.com.mx\/index.php\/2022\/09\/29\/posible-huracan-orlene-amenaza-sinaloa-ya-es-tormenta-tropical\/#primaryimage","url":"https:\/\/fuentesfidedignas.com.mx\/wp-content\/uploads\/2022\/09\/images-23.jpeg","contentUrl":"https:\/\/fuentesfidedignas.com.mx\/wp-content\/uploads\/2022\/09\/images-23.jpeg","width":664,"height":462},{"@type":"BreadcrumbList","@id":"https:\/\/fuentesfidedignas.com.mx\/index.php\/2022\/09\/29\/posible-huracan-orlene-amenaza-sinaloa-ya-es-tormenta-tropical\/#breadcrumb","itemListElement":[{"@type":"ListItem","position":1,"name":"Inicio","item":"https:\/\/fuentesfidedignas.com.mx\/"},{"@type":"ListItem","position":2,"name":"Posible hurac\u00e1n Orlene amenaza Sinaloa; ya es tormenta tropical"}]},{"@type":"WebSite","@id":"https:\/\/fuentesfidedignas.com.mx\/#website","url":"https:\/\/fuentesfidedignas.com.mx\/","name":"Fuentes Fidedignas","description":"Otro sitio realizado con WordPress","publisher":{"@id":"https:\/\/fuentesfidedignas.com.mx\/#organization"},"potentialAction":[{"@type":"SearchAction","target":{"@type":"EntryPoint","urlTemplate":"https:\/\/fuentesfidedignas.com.mx\/?s={search_term_string}"},"query-input":{"@type":"PropertyValueSpecification","valueRequired":true,"valueName":"search_term_string"}}],"inLanguage":"es"},{"@type":"Organization","@id":"https:\/\/fuentesfidedignas.com.mx\/#organization","name":"Fuentes Fidedignas","url":"https:\/\/fuentesfidedignas.com.mx\/","logo":{"@type":"ImageObject","inLanguage":"es","@id":"https:\/\/fuentesfidedignas.com.mx\/#\/schema\/logo\/image\/","url":"https:\/\/fuentesfidedignas.com.mx\/wp-content\/uploads\/2021\/04\/logo-retina.png","contentUrl":"https:\/\/fuentesfidedignas.com.mx\/wp-content\/uploads\/2021\/04\/logo-retina.png","width":280,"height":51,"caption":"Fuentes Fidedignas"},"image":{"@id":"https:\/\/fuentesfidedignas.com.mx\/#\/schema\/logo\/image\/"},"sameAs":["https:\/\/www.facebook.com\/Fuentes-Fidedignas-368234489921644","https:\/\/x.com\/fidedignas"]},{"@type":"Person","@id":"https:\/\/fuentesfidedignas.com.mx\/#\/schema\/person\/8575896a7c1067d352f6c1cd6582c389","name":"Infobae","image":{"@type":"ImageObject","inLanguage":"es","@id":"https:\/\/secure.gravatar.com\/avatar\/e4ec95706f8d1670343f6526fdcec45474bab17475a851434a64ca12b5acba1c?s=96&d=mm&r=g","url":"https:\/\/secure.gravatar.com\/avatar\/e4ec95706f8d1670343f6526fdcec45474bab17475a851434a64ca12b5acba1c?s=96&d=mm&r=g","contentUrl":"https:\/\/secure.gravatar.com\/avatar\/e4ec95706f8d1670343f6526fdcec45474bab17475a851434a64ca12b5acba1c?s=96&d=mm&r=g","caption":"Infobae"},"url":"https:\/\/fuentesfidedignas.com.mx\/index.php\/author\/infobae\/"}]}},"_links":{"self":[{"href":"https:\/\/fuentesfidedignas.com.mx\/index.php\/wp-json\/wp\/v2\/posts\/43491","targetHints":{"allow":["GET"]}}],"collection":[{"href":"https:\/\/fuentesfidedignas.com.mx\/index.php\/wp-json\/wp\/v2\/posts"}],"about":[{"href":"https:\/\/fuentesfidedignas.com.mx\/index.php\/wp-json\/wp\/v2\/types\/post"}],"author":[{"embeddable":true,"href":"https:\/\/fuentesfidedignas.com.mx\/index.php\/wp-json\/wp\/v2\/users\/41"}],"replies":[{"embeddable":true,"href":"https:\/\/fuentesfidedignas.com.mx\/index.php\/wp-json\/wp\/v2\/comments?post=43491"}],"version-history":[{"count":3,"href":"https:\/\/fuentesfidedignas.com.mx\/index.php\/wp-json\/wp\/v2\/posts\/43491\/revisions"}],"predecessor-version":[{"id":43495,"href":"https:\/\/fuentesfidedignas.com.mx\/index.php\/wp-json\/wp\/v2\/posts\/43491\/revisions\/43495"}],"wp:featuredmedia":[{"embeddable":true,"href":"https:\/\/fuentesfidedignas.com.mx\/index.php\/wp-json\/wp\/v2\/media\/43493"}],"wp:attachment":[{"href":"https:\/\/fuentesfidedignas.com.mx\/index.php\/wp-json\/wp\/v2\/media?parent=43491"}],"wp:term":[{"taxonomy":"category","embeddable":true,"href":"https:\/\/fuentesfidedignas.com.mx\/index.php\/wp-json\/wp\/v2\/categories?post=43491"},{"taxonomy":"post_tag","embeddable":true,"href":"https:\/\/fuentesfidedignas.com.mx\/index.php\/wp-json\/wp\/v2\/tags?post=43491"}],"curies":[{"name":"wp","href":"https:\/\/api.w.org\/{rel}","templated":true}]}}