{"id":43482,"date":"2022-09-29T00:00:00","date_gmt":"2022-09-29T06:00:00","guid":{"rendered":"https:\/\/fuentesfidedignas.com.mx\/?p=43482"},"modified":"2022-09-28T22:03:15","modified_gmt":"2022-09-29T04:03:15","slug":"se-daran-el-si-bajo-la-mano-de-dios-la-iglesia-de-maradona-en-puebla-celebrara-su-primera-boda","status":"publish","type":"post","link":"https:\/\/fuentesfidedignas.com.mx\/index.php\/2022\/09\/29\/se-daran-el-si-bajo-la-mano-de-dios-la-iglesia-de-maradona-en-puebla-celebrara-su-primera-boda\/","title":{"rendered":"\u00a1Se dar\u00e1n el s\u00ed bajo la &#8216;mano de Dios&#8217;! La iglesia de Maradona en Puebla celebrar\u00e1 su primera boda"},"content":{"rendered":"\n<p><strong><em>En San Andr\u00e9s Cholula, Puebla, se ubica una iglesia del futbolista argentino Diego Armando Maradona y pr\u00f3ximamente se celebrar\u00e1 la primera boda.<\/em><\/strong><\/p>\n\n\n\n<p>Ciudad de M\u00e9xico.- El amor por el futbolista\u00a0<strong>Diego Armando Maradona<\/strong>\u00a0es tanto que hasta tiene iglesia, donde sus m\u00e1s fieles seguidores acuden para encomendarse ante \u00e9l.<\/p>\n\n\n\n<p>Pero no solo en Argentina tiene su iglesia, tambi\u00e9n en otros pa\u00edses como en\u00a0<strong>M\u00e9xico\u00a0<\/strong>pueden asistir sus fans a rezarle a su templo\u2019.<\/p>\n\n\n\n<p>En la comunidad de&nbsp;<strong>San Andr\u00e9s Cholula, Puebla<\/strong>, se encuentra la Iglesia maradoniana donde en los pr\u00f3ximos d\u00edas se llevar\u00e1 a cabo la primera boda.<\/p>\n\n\n\n<p>Los j\u00f3venes Jaziel y H\u00e9ctor aceptaron unirse en matrimonio en este recinto y se dar\u00e1n el s\u00ed el pr\u00f3ximo 1 de octubre, con lo que esperan ser\u00a0<strong>bendecidos por \u2018la mano de dios\u2019<\/strong>.<\/p>\n\n\n\n<p>Esta iglesia fue creada por el argentino nacionalizado mexicano Marcelo Buchet. En ella hay im\u00e1genes que evocan al viacrucis cat\u00f3lico, solo que en ellas\u00a0<strong>aparecen fotos de Maradona desde su infanci<\/strong>a hasta las ic\u00f3nicas, como donde aparece con Fidel Castro o el Papa Francisco.\u00a0<\/p>\n\n\n\n<h3 class=\"wp-block-heading\"><strong>Los 10 mandamientos de la Iglesia maradoniana<\/strong><\/h3>\n\n\n\n<p>Como cualquier religi\u00f3n, esta tambi\u00e9n tiene ciertas reglas y mandamientos que sus fans deben cumplir para quedar bien ante el 10 argentino.<\/p>\n\n\n\n<ul class=\"wp-block-list\"><li>La pelota no se mancha, como dijo D10S en su homenaje.<\/li><li>Amar al f\u00fatbol sobre todas las cosas.<\/li><li>Declarar tu amor incondicional por Diego y el buen f\u00fatbol.<\/li><li>Defender la camiseta de la Argentina, respetando a la gente.<\/li><li>Difundir los milagros de Diego en todo el universo.<\/li><li>Honrar los templos donde predic\u00f3 y sus mantos sagrados.<\/li><li>No proclamar a Diego en nombre de un \u00fanico club.<\/li><li>Predicar los principios de la iglesia maradoniana.<\/li><li>Llevar Diego como segundo nombre y pon\u00e9rselo a tu hijo.<\/li><li>No vivir alejado de la realidad y no ser un in\u00fatil<\/li><\/ul>\n","protected":false},"excerpt":{"rendered":"<p>En San Andr\u00e9s Cholula, Puebla, se ubica una iglesia del futbolista argentino Diego Armando Maradona y pr\u00f3ximamente se celebrar\u00e1 la primera boda. Ciudad de M\u00e9xico.- El amor por el futbolista\u00a0Diego Armando Maradona\u00a0es tanto que hasta tiene iglesia, donde sus m\u00e1s fieles seguidores acuden para encomendarse ante \u00e9l. Pero no solo en Argentina tiene su iglesia, [&hellip;]<\/p>\n","protected":false},"author":7,"featured_media":43483,"comment_status":"open","ping_status":"open","sticky":false,"template":"","format":"standard","meta":{"tdm_status":"","tdm_grid_status":"","footnotes":""},"categories":[40],"tags":[290,193],"class_list":{"0":"post-43482","1":"post","2":"type-post","3":"status-publish","4":"format-standard","5":"has-post-thumbnail","7":"category-las-asombrosas","8":"tag-asombrosa","9":"tag-viral"},"yoast_head":"<!-- This site is optimized with the Yoast SEO plugin v27.5 - https:\/\/yoast.com\/product\/yoast-seo-wordpress\/ -->\n<title>\u00a1Se dar\u00e1n el s\u00ed bajo la &#039;mano de Dios&#039;! La iglesia de Maradona en Puebla celebrar\u00e1 su primera boda - Fuentes Fidedignas<\/title>\n<meta name=\"robots\" content=\"index, follow, max-snippet:-1, max-image-preview:large, max-video-preview:-1\" \/>\n<link rel=\"canonical\" href=\"https:\/\/fuentesfidedignas.com.mx\/index.php\/2022\/09\/29\/se-daran-el-si-bajo-la-mano-de-dios-la-iglesia-de-maradona-en-puebla-celebrara-su-primera-boda\/\" \/>\n<meta property=\"og:locale\" content=\"es_MX\" \/>\n<meta property=\"og:type\" content=\"article\" \/>\n<meta property=\"og:title\" content=\"\u00a1Se dar\u00e1n el s\u00ed bajo la &#039;mano de Dios&#039;! La iglesia de Maradona en Puebla celebrar\u00e1 su primera boda - Fuentes Fidedignas\" \/>\n<meta property=\"og:description\" content=\"En San Andr\u00e9s Cholula, Puebla, se ubica una iglesia del futbolista argentino Diego Armando Maradona y pr\u00f3ximamente se celebrar\u00e1 la primera boda. Ciudad de M\u00e9xico.- El amor por el futbolista\u00a0Diego Armando Maradona\u00a0es tanto que hasta tiene iglesia, donde sus m\u00e1s fieles seguidores acuden para encomendarse ante \u00e9l. Pero no solo en Argentina tiene su iglesia, [&hellip;]\" \/>\n<meta property=\"og:url\" content=\"https:\/\/fuentesfidedignas.com.mx\/index.php\/2022\/09\/29\/se-daran-el-si-bajo-la-mano-de-dios-la-iglesia-de-maradona-en-puebla-celebrara-su-primera-boda\/\" \/>\n<meta property=\"og:site_name\" content=\"Fuentes Fidedignas\" \/>\n<meta property=\"article:publisher\" content=\"https:\/\/www.facebook.com\/Fuentes-Fidedignas-368234489921644\" \/>\n<meta property=\"article:published_time\" content=\"2022-09-29T06:00:00+00:00\" \/>\n<meta property=\"og:image\" content=\"https:\/\/fuentesfidedignas.com.mx\/wp-content\/uploads\/2022\/09\/MARADONIA_IGLESIA.jpg\" \/>\n\t<meta property=\"og:image:width\" content=\"800\" \/>\n\t<meta property=\"og:image:height\" content=\"600\" \/>\n\t<meta property=\"og:image:type\" content=\"image\/jpeg\" \/>\n<meta name=\"author\" content=\"Exc\u00e9lsior\" \/>\n<meta name=\"twitter:card\" content=\"summary_large_image\" \/>\n<meta name=\"twitter:creator\" content=\"@fidedignas\" \/>\n<meta name=\"twitter:site\" content=\"@fidedignas\" \/>\n<meta name=\"twitter:label1\" content=\"Escrito por\" \/>\n\t<meta name=\"twitter:data1\" content=\"Exc\u00e9lsior\" \/>\n\t<meta name=\"twitter:label2\" content=\"Tiempo de lectura\" \/>\n\t<meta name=\"twitter:data2\" content=\"2 minutos\" \/>\n<script type=\"application\/ld+json\" class=\"yoast-schema-graph\">{\"@context\":\"https:\\\/\\\/schema.org\",\"@graph\":[{\"@type\":\"Article\",\"@id\":\"https:\\\/\\\/fuentesfidedignas.com.mx\\\/index.php\\\/2022\\\/09\\\/29\\\/se-daran-el-si-bajo-la-mano-de-dios-la-iglesia-de-maradona-en-puebla-celebrara-su-primera-boda\\\/#article\",\"isPartOf\":{\"@id\":\"https:\\\/\\\/fuentesfidedignas.com.mx\\\/index.php\\\/2022\\\/09\\\/29\\\/se-daran-el-si-bajo-la-mano-de-dios-la-iglesia-de-maradona-en-puebla-celebrara-su-primera-boda\\\/\"},\"author\":{\"name\":\"Exc\u00e9lsior\",\"@id\":\"https:\\\/\\\/fuentesfidedignas.com.mx\\\/#\\\/schema\\\/person\\\/ec4edd1fbf5efa3e44fce34fe2787780\"},\"headline\":\"\u00a1Se dar\u00e1n el s\u00ed bajo la &#8216;mano de Dios&#8217;! La iglesia de Maradona en Puebla celebrar\u00e1 su primera boda\",\"datePublished\":\"2022-09-29T06:00:00+00:00\",\"mainEntityOfPage\":{\"@id\":\"https:\\\/\\\/fuentesfidedignas.com.mx\\\/index.php\\\/2022\\\/09\\\/29\\\/se-daran-el-si-bajo-la-mano-de-dios-la-iglesia-de-maradona-en-puebla-celebrara-su-primera-boda\\\/\"},\"wordCount\":341,\"commentCount\":0,\"publisher\":{\"@id\":\"https:\\\/\\\/fuentesfidedignas.com.mx\\\/#organization\"},\"image\":{\"@id\":\"https:\\\/\\\/fuentesfidedignas.com.mx\\\/index.php\\\/2022\\\/09\\\/29\\\/se-daran-el-si-bajo-la-mano-de-dios-la-iglesia-de-maradona-en-puebla-celebrara-su-primera-boda\\\/#primaryimage\"},\"thumbnailUrl\":\"https:\\\/\\\/fuentesfidedignas.com.mx\\\/wp-content\\\/uploads\\\/2022\\\/09\\\/MARADONIA_IGLESIA.jpg\",\"keywords\":[\"Asombrosa\",\"Viral\"],\"articleSection\":[\"LAS ASOMBROSAS\"],\"inLanguage\":\"es\",\"potentialAction\":[{\"@type\":\"CommentAction\",\"name\":\"Comment\",\"target\":[\"https:\\\/\\\/fuentesfidedignas.com.mx\\\/index.php\\\/2022\\\/09\\\/29\\\/se-daran-el-si-bajo-la-mano-de-dios-la-iglesia-de-maradona-en-puebla-celebrara-su-primera-boda\\\/#respond\"]}]},{\"@type\":\"WebPage\",\"@id\":\"https:\\\/\\\/fuentesfidedignas.com.mx\\\/index.php\\\/2022\\\/09\\\/29\\\/se-daran-el-si-bajo-la-mano-de-dios-la-iglesia-de-maradona-en-puebla-celebrara-su-primera-boda\\\/\",\"url\":\"https:\\\/\\\/fuentesfidedignas.com.mx\\\/index.php\\\/2022\\\/09\\\/29\\\/se-daran-el-si-bajo-la-mano-de-dios-la-iglesia-de-maradona-en-puebla-celebrara-su-primera-boda\\\/\",\"name\":\"\u00a1Se dar\u00e1n el s\u00ed bajo la 'mano de Dios'! La iglesia de Maradona en Puebla celebrar\u00e1 su primera boda - Fuentes Fidedignas\",\"isPartOf\":{\"@id\":\"https:\\\/\\\/fuentesfidedignas.com.mx\\\/#website\"},\"primaryImageOfPage\":{\"@id\":\"https:\\\/\\\/fuentesfidedignas.com.mx\\\/index.php\\\/2022\\\/09\\\/29\\\/se-daran-el-si-bajo-la-mano-de-dios-la-iglesia-de-maradona-en-puebla-celebrara-su-primera-boda\\\/#primaryimage\"},\"image\":{\"@id\":\"https:\\\/\\\/fuentesfidedignas.com.mx\\\/index.php\\\/2022\\\/09\\\/29\\\/se-daran-el-si-bajo-la-mano-de-dios-la-iglesia-de-maradona-en-puebla-celebrara-su-primera-boda\\\/#primaryimage\"},\"thumbnailUrl\":\"https:\\\/\\\/fuentesfidedignas.com.mx\\\/wp-content\\\/uploads\\\/2022\\\/09\\\/MARADONIA_IGLESIA.jpg\",\"datePublished\":\"2022-09-29T06:00:00+00:00\",\"breadcrumb\":{\"@id\":\"https:\\\/\\\/fuentesfidedignas.com.mx\\\/index.php\\\/2022\\\/09\\\/29\\\/se-daran-el-si-bajo-la-mano-de-dios-la-iglesia-de-maradona-en-puebla-celebrara-su-primera-boda\\\/#breadcrumb\"},\"inLanguage\":\"es\",\"potentialAction\":[{\"@type\":\"ReadAction\",\"target\":[\"https:\\\/\\\/fuentesfidedignas.com.mx\\\/index.php\\\/2022\\\/09\\\/29\\\/se-daran-el-si-bajo-la-mano-de-dios-la-iglesia-de-maradona-en-puebla-celebrara-su-primera-boda\\\/\"]}]},{\"@type\":\"ImageObject\",\"inLanguage\":\"es\",\"@id\":\"https:\\\/\\\/fuentesfidedignas.com.mx\\\/index.php\\\/2022\\\/09\\\/29\\\/se-daran-el-si-bajo-la-mano-de-dios-la-iglesia-de-maradona-en-puebla-celebrara-su-primera-boda\\\/#primaryimage\",\"url\":\"https:\\\/\\\/fuentesfidedignas.com.mx\\\/wp-content\\\/uploads\\\/2022\\\/09\\\/MARADONIA_IGLESIA.jpg\",\"contentUrl\":\"https:\\\/\\\/fuentesfidedignas.com.mx\\\/wp-content\\\/uploads\\\/2022\\\/09\\\/MARADONIA_IGLESIA.jpg\",\"width\":800,\"height\":600},{\"@type\":\"BreadcrumbList\",\"@id\":\"https:\\\/\\\/fuentesfidedignas.com.mx\\\/index.php\\\/2022\\\/09\\\/29\\\/se-daran-el-si-bajo-la-mano-de-dios-la-iglesia-de-maradona-en-puebla-celebrara-su-primera-boda\\\/#breadcrumb\",\"itemListElement\":[{\"@type\":\"ListItem\",\"position\":1,\"name\":\"Inicio\",\"item\":\"https:\\\/\\\/fuentesfidedignas.com.mx\\\/\"},{\"@type\":\"ListItem\",\"position\":2,\"name\":\"\u00a1Se dar\u00e1n el s\u00ed bajo la &#8216;mano de Dios&#8217;! La iglesia de Maradona en Puebla celebrar\u00e1 su primera boda\"}]},{\"@type\":\"WebSite\",\"@id\":\"https:\\\/\\\/fuentesfidedignas.com.mx\\\/#website\",\"url\":\"https:\\\/\\\/fuentesfidedignas.com.mx\\\/\",\"name\":\"Fuentes Fidedignas\",\"description\":\"Otro sitio realizado con WordPress\",\"publisher\":{\"@id\":\"https:\\\/\\\/fuentesfidedignas.com.mx\\\/#organization\"},\"potentialAction\":[{\"@type\":\"SearchAction\",\"target\":{\"@type\":\"EntryPoint\",\"urlTemplate\":\"https:\\\/\\\/fuentesfidedignas.com.mx\\\/?s={search_term_string}\"},\"query-input\":{\"@type\":\"PropertyValueSpecification\",\"valueRequired\":true,\"valueName\":\"search_term_string\"}}],\"inLanguage\":\"es\"},{\"@type\":\"Organization\",\"@id\":\"https:\\\/\\\/fuentesfidedignas.com.mx\\\/#organization\",\"name\":\"Fuentes Fidedignas\",\"url\":\"https:\\\/\\\/fuentesfidedignas.com.mx\\\/\",\"logo\":{\"@type\":\"ImageObject\",\"inLanguage\":\"es\",\"@id\":\"https:\\\/\\\/fuentesfidedignas.com.mx\\\/#\\\/schema\\\/logo\\\/image\\\/\",\"url\":\"https:\\\/\\\/fuentesfidedignas.com.mx\\\/wp-content\\\/uploads\\\/2021\\\/04\\\/logo-retina.png\",\"contentUrl\":\"https:\\\/\\\/fuentesfidedignas.com.mx\\\/wp-content\\\/uploads\\\/2021\\\/04\\\/logo-retina.png\",\"width\":280,\"height\":51,\"caption\":\"Fuentes Fidedignas\"},\"image\":{\"@id\":\"https:\\\/\\\/fuentesfidedignas.com.mx\\\/#\\\/schema\\\/logo\\\/image\\\/\"},\"sameAs\":[\"https:\\\/\\\/www.facebook.com\\\/Fuentes-Fidedignas-368234489921644\",\"https:\\\/\\\/x.com\\\/fidedignas\"]},{\"@type\":\"Person\",\"@id\":\"https:\\\/\\\/fuentesfidedignas.com.mx\\\/#\\\/schema\\\/person\\\/ec4edd1fbf5efa3e44fce34fe2787780\",\"name\":\"Exc\u00e9lsior\",\"image\":{\"@type\":\"ImageObject\",\"inLanguage\":\"es\",\"@id\":\"https:\\\/\\\/secure.gravatar.com\\\/avatar\\\/4b7ee9206b48be08447852b3f0814dbc7c0f3b51541b164f1464a2725614020b?s=96&d=mm&r=g\",\"url\":\"https:\\\/\\\/secure.gravatar.com\\\/avatar\\\/4b7ee9206b48be08447852b3f0814dbc7c0f3b51541b164f1464a2725614020b?s=96&d=mm&r=g\",\"contentUrl\":\"https:\\\/\\\/secure.gravatar.com\\\/avatar\\\/4b7ee9206b48be08447852b3f0814dbc7c0f3b51541b164f1464a2725614020b?s=96&d=mm&r=g\",\"caption\":\"Exc\u00e9lsior\"},\"url\":\"https:\\\/\\\/fuentesfidedignas.com.mx\\\/index.php\\\/author\\\/excelsior\\\/\"}]}<\/script>\n<!-- \/ Yoast SEO plugin. -->","yoast_head_json":{"title":"\u00a1Se dar\u00e1n el s\u00ed bajo la 'mano de Dios'! La iglesia de Maradona en Puebla celebrar\u00e1 su primera boda - Fuentes Fidedignas","robots":{"index":"index","follow":"follow","max-snippet":"max-snippet:-1","max-image-preview":"max-image-preview:large","max-video-preview":"max-video-preview:-1"},"canonical":"https:\/\/fuentesfidedignas.com.mx\/index.php\/2022\/09\/29\/se-daran-el-si-bajo-la-mano-de-dios-la-iglesia-de-maradona-en-puebla-celebrara-su-primera-boda\/","og_locale":"es_MX","og_type":"article","og_title":"\u00a1Se dar\u00e1n el s\u00ed bajo la 'mano de Dios'! La iglesia de Maradona en Puebla celebrar\u00e1 su primera boda - Fuentes Fidedignas","og_description":"En San Andr\u00e9s Cholula, Puebla, se ubica una iglesia del futbolista argentino Diego Armando Maradona y pr\u00f3ximamente se celebrar\u00e1 la primera boda. Ciudad de M\u00e9xico.- El amor por el futbolista\u00a0Diego Armando Maradona\u00a0es tanto que hasta tiene iglesia, donde sus m\u00e1s fieles seguidores acuden para encomendarse ante \u00e9l. Pero no solo en Argentina tiene su iglesia, [&hellip;]","og_url":"https:\/\/fuentesfidedignas.com.mx\/index.php\/2022\/09\/29\/se-daran-el-si-bajo-la-mano-de-dios-la-iglesia-de-maradona-en-puebla-celebrara-su-primera-boda\/","og_site_name":"Fuentes Fidedignas","article_publisher":"https:\/\/www.facebook.com\/Fuentes-Fidedignas-368234489921644","article_published_time":"2022-09-29T06:00:00+00:00","og_image":[{"width":800,"height":600,"url":"https:\/\/fuentesfidedignas.com.mx\/wp-content\/uploads\/2022\/09\/MARADONIA_IGLESIA.jpg","type":"image\/jpeg"}],"author":"Exc\u00e9lsior","twitter_card":"summary_large_image","twitter_creator":"@fidedignas","twitter_site":"@fidedignas","twitter_misc":{"Escrito por":"Exc\u00e9lsior","Tiempo de lectura":"2 minutos"},"schema":{"@context":"https:\/\/schema.org","@graph":[{"@type":"Article","@id":"https:\/\/fuentesfidedignas.com.mx\/index.php\/2022\/09\/29\/se-daran-el-si-bajo-la-mano-de-dios-la-iglesia-de-maradona-en-puebla-celebrara-su-primera-boda\/#article","isPartOf":{"@id":"https:\/\/fuentesfidedignas.com.mx\/index.php\/2022\/09\/29\/se-daran-el-si-bajo-la-mano-de-dios-la-iglesia-de-maradona-en-puebla-celebrara-su-primera-boda\/"},"author":{"name":"Exc\u00e9lsior","@id":"https:\/\/fuentesfidedignas.com.mx\/#\/schema\/person\/ec4edd1fbf5efa3e44fce34fe2787780"},"headline":"\u00a1Se dar\u00e1n el s\u00ed bajo la &#8216;mano de Dios&#8217;! La iglesia de Maradona en Puebla celebrar\u00e1 su primera boda","datePublished":"2022-09-29T06:00:00+00:00","mainEntityOfPage":{"@id":"https:\/\/fuentesfidedignas.com.mx\/index.php\/2022\/09\/29\/se-daran-el-si-bajo-la-mano-de-dios-la-iglesia-de-maradona-en-puebla-celebrara-su-primera-boda\/"},"wordCount":341,"commentCount":0,"publisher":{"@id":"https:\/\/fuentesfidedignas.com.mx\/#organization"},"image":{"@id":"https:\/\/fuentesfidedignas.com.mx\/index.php\/2022\/09\/29\/se-daran-el-si-bajo-la-mano-de-dios-la-iglesia-de-maradona-en-puebla-celebrara-su-primera-boda\/#primaryimage"},"thumbnailUrl":"https:\/\/fuentesfidedignas.com.mx\/wp-content\/uploads\/2022\/09\/MARADONIA_IGLESIA.jpg","keywords":["Asombrosa","Viral"],"articleSection":["LAS ASOMBROSAS"],"inLanguage":"es","potentialAction":[{"@type":"CommentAction","name":"Comment","target":["https:\/\/fuentesfidedignas.com.mx\/index.php\/2022\/09\/29\/se-daran-el-si-bajo-la-mano-de-dios-la-iglesia-de-maradona-en-puebla-celebrara-su-primera-boda\/#respond"]}]},{"@type":"WebPage","@id":"https:\/\/fuentesfidedignas.com.mx\/index.php\/2022\/09\/29\/se-daran-el-si-bajo-la-mano-de-dios-la-iglesia-de-maradona-en-puebla-celebrara-su-primera-boda\/","url":"https:\/\/fuentesfidedignas.com.mx\/index.php\/2022\/09\/29\/se-daran-el-si-bajo-la-mano-de-dios-la-iglesia-de-maradona-en-puebla-celebrara-su-primera-boda\/","name":"\u00a1Se dar\u00e1n el s\u00ed bajo la 'mano de Dios'! La iglesia de Maradona en Puebla celebrar\u00e1 su primera boda - Fuentes Fidedignas","isPartOf":{"@id":"https:\/\/fuentesfidedignas.com.mx\/#website"},"primaryImageOfPage":{"@id":"https:\/\/fuentesfidedignas.com.mx\/index.php\/2022\/09\/29\/se-daran-el-si-bajo-la-mano-de-dios-la-iglesia-de-maradona-en-puebla-celebrara-su-primera-boda\/#primaryimage"},"image":{"@id":"https:\/\/fuentesfidedignas.com.mx\/index.php\/2022\/09\/29\/se-daran-el-si-bajo-la-mano-de-dios-la-iglesia-de-maradona-en-puebla-celebrara-su-primera-boda\/#primaryimage"},"thumbnailUrl":"https:\/\/fuentesfidedignas.com.mx\/wp-content\/uploads\/2022\/09\/MARADONIA_IGLESIA.jpg","datePublished":"2022-09-29T06:00:00+00:00","breadcrumb":{"@id":"https:\/\/fuentesfidedignas.com.mx\/index.php\/2022\/09\/29\/se-daran-el-si-bajo-la-mano-de-dios-la-iglesia-de-maradona-en-puebla-celebrara-su-primera-boda\/#breadcrumb"},"inLanguage":"es","potentialAction":[{"@type":"ReadAction","target":["https:\/\/fuentesfidedignas.com.mx\/index.php\/2022\/09\/29\/se-daran-el-si-bajo-la-mano-de-dios-la-iglesia-de-maradona-en-puebla-celebrara-su-primera-boda\/"]}]},{"@type":"ImageObject","inLanguage":"es","@id":"https:\/\/fuentesfidedignas.com.mx\/index.php\/2022\/09\/29\/se-daran-el-si-bajo-la-mano-de-dios-la-iglesia-de-maradona-en-puebla-celebrara-su-primera-boda\/#primaryimage","url":"https:\/\/fuentesfidedignas.com.mx\/wp-content\/uploads\/2022\/09\/MARADONIA_IGLESIA.jpg","contentUrl":"https:\/\/fuentesfidedignas.com.mx\/wp-content\/uploads\/2022\/09\/MARADONIA_IGLESIA.jpg","width":800,"height":600},{"@type":"BreadcrumbList","@id":"https:\/\/fuentesfidedignas.com.mx\/index.php\/2022\/09\/29\/se-daran-el-si-bajo-la-mano-de-dios-la-iglesia-de-maradona-en-puebla-celebrara-su-primera-boda\/#breadcrumb","itemListElement":[{"@type":"ListItem","position":1,"name":"Inicio","item":"https:\/\/fuentesfidedignas.com.mx\/"},{"@type":"ListItem","position":2,"name":"\u00a1Se dar\u00e1n el s\u00ed bajo la &#8216;mano de Dios&#8217;! La iglesia de Maradona en Puebla celebrar\u00e1 su primera boda"}]},{"@type":"WebSite","@id":"https:\/\/fuentesfidedignas.com.mx\/#website","url":"https:\/\/fuentesfidedignas.com.mx\/","name":"Fuentes Fidedignas","description":"Otro sitio realizado con WordPress","publisher":{"@id":"https:\/\/fuentesfidedignas.com.mx\/#organization"},"potentialAction":[{"@type":"SearchAction","target":{"@type":"EntryPoint","urlTemplate":"https:\/\/fuentesfidedignas.com.mx\/?s={search_term_string}"},"query-input":{"@type":"PropertyValueSpecification","valueRequired":true,"valueName":"search_term_string"}}],"inLanguage":"es"},{"@type":"Organization","@id":"https:\/\/fuentesfidedignas.com.mx\/#organization","name":"Fuentes Fidedignas","url":"https:\/\/fuentesfidedignas.com.mx\/","logo":{"@type":"ImageObject","inLanguage":"es","@id":"https:\/\/fuentesfidedignas.com.mx\/#\/schema\/logo\/image\/","url":"https:\/\/fuentesfidedignas.com.mx\/wp-content\/uploads\/2021\/04\/logo-retina.png","contentUrl":"https:\/\/fuentesfidedignas.com.mx\/wp-content\/uploads\/2021\/04\/logo-retina.png","width":280,"height":51,"caption":"Fuentes Fidedignas"},"image":{"@id":"https:\/\/fuentesfidedignas.com.mx\/#\/schema\/logo\/image\/"},"sameAs":["https:\/\/www.facebook.com\/Fuentes-Fidedignas-368234489921644","https:\/\/x.com\/fidedignas"]},{"@type":"Person","@id":"https:\/\/fuentesfidedignas.com.mx\/#\/schema\/person\/ec4edd1fbf5efa3e44fce34fe2787780","name":"Exc\u00e9lsior","image":{"@type":"ImageObject","inLanguage":"es","@id":"https:\/\/secure.gravatar.com\/avatar\/4b7ee9206b48be08447852b3f0814dbc7c0f3b51541b164f1464a2725614020b?s=96&d=mm&r=g","url":"https:\/\/secure.gravatar.com\/avatar\/4b7ee9206b48be08447852b3f0814dbc7c0f3b51541b164f1464a2725614020b?s=96&d=mm&r=g","contentUrl":"https:\/\/secure.gravatar.com\/avatar\/4b7ee9206b48be08447852b3f0814dbc7c0f3b51541b164f1464a2725614020b?s=96&d=mm&r=g","caption":"Exc\u00e9lsior"},"url":"https:\/\/fuentesfidedignas.com.mx\/index.php\/author\/excelsior\/"}]}},"_links":{"self":[{"href":"https:\/\/fuentesfidedignas.com.mx\/index.php\/wp-json\/wp\/v2\/posts\/43482","targetHints":{"allow":["GET"]}}],"collection":[{"href":"https:\/\/fuentesfidedignas.com.mx\/index.php\/wp-json\/wp\/v2\/posts"}],"about":[{"href":"https:\/\/fuentesfidedignas.com.mx\/index.php\/wp-json\/wp\/v2\/types\/post"}],"author":[{"embeddable":true,"href":"https:\/\/fuentesfidedignas.com.mx\/index.php\/wp-json\/wp\/v2\/users\/7"}],"replies":[{"embeddable":true,"href":"https:\/\/fuentesfidedignas.com.mx\/index.php\/wp-json\/wp\/v2\/comments?post=43482"}],"version-history":[{"count":1,"href":"https:\/\/fuentesfidedignas.com.mx\/index.php\/wp-json\/wp\/v2\/posts\/43482\/revisions"}],"predecessor-version":[{"id":43484,"href":"https:\/\/fuentesfidedignas.com.mx\/index.php\/wp-json\/wp\/v2\/posts\/43482\/revisions\/43484"}],"wp:featuredmedia":[{"embeddable":true,"href":"https:\/\/fuentesfidedignas.com.mx\/index.php\/wp-json\/wp\/v2\/media\/43483"}],"wp:attachment":[{"href":"https:\/\/fuentesfidedignas.com.mx\/index.php\/wp-json\/wp\/v2\/media?parent=43482"}],"wp:term":[{"taxonomy":"category","embeddable":true,"href":"https:\/\/fuentesfidedignas.com.mx\/index.php\/wp-json\/wp\/v2\/categories?post=43482"},{"taxonomy":"post_tag","embeddable":true,"href":"https:\/\/fuentesfidedignas.com.mx\/index.php\/wp-json\/wp\/v2\/tags?post=43482"}],"curies":[{"name":"wp","href":"https:\/\/api.w.org\/{rel}","templated":true}]}}