{"id":43479,"date":"2022-09-28T21:58:41","date_gmt":"2022-09-29T03:58:41","guid":{"rendered":"https:\/\/fuentesfidedignas.com.mx\/?p=43479"},"modified":"2022-09-29T07:51:12","modified_gmt":"2022-09-29T13:51:12","slug":"de-avanzada-iniciativas-enviadas-por-ejecutivo-al-legislativo-semujeres","status":"publish","type":"post","link":"https:\/\/fuentesfidedignas.com.mx\/index.php\/2022\/09\/28\/de-avanzada-iniciativas-enviadas-por-ejecutivo-al-legislativo-semujeres\/","title":{"rendered":"De avanzada, iniciativas enviadas por Ejecutivo al Legislativo: SEMujeres"},"content":{"rendered":"\n<p><strong><em>Son muestra de la empat\u00eda y el inter\u00e9s por mejorar la seguridad de las sinaloenses<\/em><\/strong><\/p>\n\n\n\n<p>Culiac\u00e1n, Sinaloa. &#8211; Como reformas de avanzada que dan muestra del inter\u00e9s y la empat\u00eda que tiene el Gobernador, Rub\u00e9n Rocha Moya con las sinaloenses, calific\u00f3 la Secretaria de las Mujeres, Dra. Mar\u00eda Teresa Guerra Ochoa las iniciativas en materia de g\u00e9nero propuestas por el Ejecutivo ante el Congreso del Estado.<\/p>\n\n\n\n<p>Guerra Ochoa se\u00f1al\u00f3 que el trabajo que ha emprendido el Gobernador desde el primer d\u00eda de su administraci\u00f3n es muestra clara de que los temas de apoyo a la gente que m\u00e1s lo necesita y el brindar ambientes de paz y seguridad a las familias son y ser\u00e1n su trayectoria a seguir en b\u00fasqueda de ese sentido social que le distingue.<\/p>\n\n\n\n<p>Muestra de ello es que envi\u00f3 al Poder Legislativo reformas a la Ley de Acceso a las Mujeres a una Vida Libre de Violencia, Ley para la Igualdad entre Mujeres y Hombres del Estado de Sinaloa, Ley para la Protecci\u00f3n, Atenci\u00f3n y Asistencia a las V\u00edctimas de los Delitos en Materia de Trata de Personas del Estado de Sinaloa y al C\u00f3digo Penal.<\/p>\n\n\n\n<p>En \u00e9sta \u00faltima, explic\u00f3, se propone que el Sistema Estatal de Trata de Personas pase a la responsabilidad de la Secretar\u00eda de las Mujeres, porque es la instancia que desarrolla pol\u00edticas p\u00fablicas para prevenir la violencia en contra de las mujeres y para lograr la igualdad sustantiva.<\/p>\n\n\n\n<p>&#8220;En todas las iniciativas, la idea central es mejorar la seguridad de las mujeres y acercar la justicia social a ellas y sus familias. He le\u00eddo las iniciativas y veo con benepl\u00e1cito que se contempla la obligaci\u00f3n del Estado y municipios para implementar medidas presupuestales y administrativas para combatir la violencia de g\u00e9nero contra las mujeres, as\u00ed como la incorporaci\u00f3n de la violencia obst\u00e9trica, medi\u00e1tica, y digital como tipos de violencia.<\/p>\n\n\n\n<p>Adem\u00e1s, algo que resulta muy importante destacar es que establece la obligatoriedad para destinar recursos a la creaci\u00f3n y funcionamiento de los refugios para mujeres v\u00edctimas de violencia.<\/p>\n\n\n\n<p>En otra propuesta, se busca la expedici\u00f3n de los certificados de igualdad a las empresas, la verificaci\u00f3n de cumplimiento de paridad de g\u00e9nero y la prohibici\u00f3n de publicidad con estereotipos, lo que vemos desde la Secretar\u00eda de las Mujeres como un rengl\u00f3n fundamental en la b\u00fasqueda de garantizar los espacios p\u00fablicos que tanto hemos reclamado las mujeres&#8221;, dijo.<\/p>\n\n\n\n<p>Subray\u00f3 que otra buena noticia para las mujeres es la iniciativa que propone aumentar las penas para el delito de Violaci\u00f3n y Violaci\u00f3n Equiparada, lo que va en concordancia con la reciente reforma que se le hiciera al C\u00f3digo Penal, donde se aumenta la pena al delito de abuso sexual por considerar que la violaci\u00f3n lacera profundamente la integridad f\u00edsica y psicol\u00f3gica de las v\u00edctimas.<\/p>\n\n\n\n<p>\u201cEn el Estado de Sinaloa, en los \u00faltimos a\u00f1os se ha advertido el aumento del delito de violaci\u00f3n cometido en contra de las mujeres. Seg\u00fan datos estad\u00edsticos de la Fiscal\u00eda General del Estado de Sinaloa, hasta agosto del 2022 se han abierto 220 carpetas de investigaci\u00f3n por este delito, en contraste con el a\u00f1o anterior donde se registraron un total de 285, por lo que de seguir con estas tendencias se prev\u00e9 un aumento de 15.7%, y de ah\u00ed la importancia de esta iniciativa del Dr. Rocha en un delito que nos lastima tanto\u201d, concluy\u00f3 Guerra Ochoa.<\/p>\n","protected":false},"excerpt":{"rendered":"<p>Son muestra de la empat\u00eda y el inter\u00e9s por mejorar la seguridad de las sinaloenses Culiac\u00e1n, Sinaloa. &#8211; Como reformas de avanzada que dan muestra del inter\u00e9s y la empat\u00eda que tiene el Gobernador, Rub\u00e9n Rocha Moya con las sinaloenses, calific\u00f3 la Secretaria de las Mujeres, Dra. Mar\u00eda Teresa Guerra Ochoa las iniciativas en materia [&hellip;]<\/p>\n","protected":false},"author":4,"featured_media":43480,"comment_status":"open","ping_status":"open","sticky":false,"template":"","format":"standard","meta":{"tdm_status":"","tdm_grid_status":"","footnotes":""},"categories":[38],"tags":[],"class_list":{"0":"post-43479","1":"post","2":"type-post","3":"status-publish","4":"format-standard","5":"has-post-thumbnail","7":"category-noticias-locales"},"yoast_head":"<!-- This site is optimized with the Yoast SEO plugin v27.5 - https:\/\/yoast.com\/product\/yoast-seo-wordpress\/ -->\n<title>De avanzada, iniciativas enviadas por Ejecutivo al Legislativo: SEMujeres - Fuentes Fidedignas<\/title>\n<meta name=\"robots\" content=\"index, follow, max-snippet:-1, max-image-preview:large, max-video-preview:-1\" \/>\n<link rel=\"canonical\" href=\"https:\/\/fuentesfidedignas.com.mx\/index.php\/2022\/09\/28\/de-avanzada-iniciativas-enviadas-por-ejecutivo-al-legislativo-semujeres\/\" \/>\n<meta property=\"og:locale\" content=\"es_MX\" \/>\n<meta property=\"og:type\" content=\"article\" \/>\n<meta property=\"og:title\" content=\"De avanzada, iniciativas enviadas por Ejecutivo al Legislativo: SEMujeres - Fuentes Fidedignas\" \/>\n<meta property=\"og:description\" content=\"Son muestra de la empat\u00eda y el inter\u00e9s por mejorar la seguridad de las sinaloenses Culiac\u00e1n, Sinaloa. &#8211; Como reformas de avanzada que dan muestra del inter\u00e9s y la empat\u00eda que tiene el Gobernador, Rub\u00e9n Rocha Moya con las sinaloenses, calific\u00f3 la Secretaria de las Mujeres, Dra. Mar\u00eda Teresa Guerra Ochoa las iniciativas en materia [&hellip;]\" \/>\n<meta property=\"og:url\" content=\"https:\/\/fuentesfidedignas.com.mx\/index.php\/2022\/09\/28\/de-avanzada-iniciativas-enviadas-por-ejecutivo-al-legislativo-semujeres\/\" \/>\n<meta property=\"og:site_name\" content=\"Fuentes Fidedignas\" \/>\n<meta property=\"article:publisher\" content=\"https:\/\/www.facebook.com\/Fuentes-Fidedignas-368234489921644\" \/>\n<meta property=\"article:published_time\" content=\"2022-09-29T03:58:41+00:00\" \/>\n<meta property=\"article:modified_time\" content=\"2022-09-29T13:51:12+00:00\" \/>\n<meta property=\"og:image\" content=\"https:\/\/fuentesfidedignas.com.mx\/wp-content\/uploads\/2022\/09\/SE_MUJERES.jpg\" \/>\n\t<meta property=\"og:image:width\" content=\"1013\" \/>\n\t<meta property=\"og:image:height\" content=\"675\" \/>\n\t<meta property=\"og:image:type\" content=\"image\/jpeg\" \/>\n<meta name=\"author\" content=\"Redacci\u00f3n\" \/>\n<meta name=\"twitter:card\" content=\"summary_large_image\" \/>\n<meta name=\"twitter:creator\" content=\"@fidedignas\" \/>\n<meta name=\"twitter:site\" content=\"@fidedignas\" \/>\n<meta name=\"twitter:label1\" content=\"Escrito por\" \/>\n\t<meta name=\"twitter:data1\" content=\"Redacci\u00f3n\" \/>\n\t<meta name=\"twitter:label2\" content=\"Tiempo de lectura\" \/>\n\t<meta name=\"twitter:data2\" content=\"3 minutos\" \/>\n<script type=\"application\/ld+json\" class=\"yoast-schema-graph\">{\"@context\":\"https:\\\/\\\/schema.org\",\"@graph\":[{\"@type\":\"Article\",\"@id\":\"https:\\\/\\\/fuentesfidedignas.com.mx\\\/index.php\\\/2022\\\/09\\\/28\\\/de-avanzada-iniciativas-enviadas-por-ejecutivo-al-legislativo-semujeres\\\/#article\",\"isPartOf\":{\"@id\":\"https:\\\/\\\/fuentesfidedignas.com.mx\\\/index.php\\\/2022\\\/09\\\/28\\\/de-avanzada-iniciativas-enviadas-por-ejecutivo-al-legislativo-semujeres\\\/\"},\"author\":{\"name\":\"Redacci\u00f3n\",\"@id\":\"https:\\\/\\\/fuentesfidedignas.com.mx\\\/#\\\/schema\\\/person\\\/331be9283d37198e2acd5750279085b0\"},\"headline\":\"De avanzada, iniciativas enviadas por Ejecutivo al Legislativo: SEMujeres\",\"datePublished\":\"2022-09-29T03:58:41+00:00\",\"dateModified\":\"2022-09-29T13:51:12+00:00\",\"mainEntityOfPage\":{\"@id\":\"https:\\\/\\\/fuentesfidedignas.com.mx\\\/index.php\\\/2022\\\/09\\\/28\\\/de-avanzada-iniciativas-enviadas-por-ejecutivo-al-legislativo-semujeres\\\/\"},\"wordCount\":614,\"commentCount\":0,\"publisher\":{\"@id\":\"https:\\\/\\\/fuentesfidedignas.com.mx\\\/#organization\"},\"image\":{\"@id\":\"https:\\\/\\\/fuentesfidedignas.com.mx\\\/index.php\\\/2022\\\/09\\\/28\\\/de-avanzada-iniciativas-enviadas-por-ejecutivo-al-legislativo-semujeres\\\/#primaryimage\"},\"thumbnailUrl\":\"https:\\\/\\\/fuentesfidedignas.com.mx\\\/wp-content\\\/uploads\\\/2022\\\/09\\\/SE_MUJERES.jpg\",\"articleSection\":[\"NOTICIAS LOCALES\"],\"inLanguage\":\"es\",\"potentialAction\":[{\"@type\":\"CommentAction\",\"name\":\"Comment\",\"target\":[\"https:\\\/\\\/fuentesfidedignas.com.mx\\\/index.php\\\/2022\\\/09\\\/28\\\/de-avanzada-iniciativas-enviadas-por-ejecutivo-al-legislativo-semujeres\\\/#respond\"]}]},{\"@type\":\"WebPage\",\"@id\":\"https:\\\/\\\/fuentesfidedignas.com.mx\\\/index.php\\\/2022\\\/09\\\/28\\\/de-avanzada-iniciativas-enviadas-por-ejecutivo-al-legislativo-semujeres\\\/\",\"url\":\"https:\\\/\\\/fuentesfidedignas.com.mx\\\/index.php\\\/2022\\\/09\\\/28\\\/de-avanzada-iniciativas-enviadas-por-ejecutivo-al-legislativo-semujeres\\\/\",\"name\":\"De avanzada, iniciativas enviadas por Ejecutivo al Legislativo: SEMujeres - Fuentes Fidedignas\",\"isPartOf\":{\"@id\":\"https:\\\/\\\/fuentesfidedignas.com.mx\\\/#website\"},\"primaryImageOfPage\":{\"@id\":\"https:\\\/\\\/fuentesfidedignas.com.mx\\\/index.php\\\/2022\\\/09\\\/28\\\/de-avanzada-iniciativas-enviadas-por-ejecutivo-al-legislativo-semujeres\\\/#primaryimage\"},\"image\":{\"@id\":\"https:\\\/\\\/fuentesfidedignas.com.mx\\\/index.php\\\/2022\\\/09\\\/28\\\/de-avanzada-iniciativas-enviadas-por-ejecutivo-al-legislativo-semujeres\\\/#primaryimage\"},\"thumbnailUrl\":\"https:\\\/\\\/fuentesfidedignas.com.mx\\\/wp-content\\\/uploads\\\/2022\\\/09\\\/SE_MUJERES.jpg\",\"datePublished\":\"2022-09-29T03:58:41+00:00\",\"dateModified\":\"2022-09-29T13:51:12+00:00\",\"breadcrumb\":{\"@id\":\"https:\\\/\\\/fuentesfidedignas.com.mx\\\/index.php\\\/2022\\\/09\\\/28\\\/de-avanzada-iniciativas-enviadas-por-ejecutivo-al-legislativo-semujeres\\\/#breadcrumb\"},\"inLanguage\":\"es\",\"potentialAction\":[{\"@type\":\"ReadAction\",\"target\":[\"https:\\\/\\\/fuentesfidedignas.com.mx\\\/index.php\\\/2022\\\/09\\\/28\\\/de-avanzada-iniciativas-enviadas-por-ejecutivo-al-legislativo-semujeres\\\/\"]}]},{\"@type\":\"ImageObject\",\"inLanguage\":\"es\",\"@id\":\"https:\\\/\\\/fuentesfidedignas.com.mx\\\/index.php\\\/2022\\\/09\\\/28\\\/de-avanzada-iniciativas-enviadas-por-ejecutivo-al-legislativo-semujeres\\\/#primaryimage\",\"url\":\"https:\\\/\\\/fuentesfidedignas.com.mx\\\/wp-content\\\/uploads\\\/2022\\\/09\\\/SE_MUJERES.jpg\",\"contentUrl\":\"https:\\\/\\\/fuentesfidedignas.com.mx\\\/wp-content\\\/uploads\\\/2022\\\/09\\\/SE_MUJERES.jpg\",\"width\":1013,\"height\":675},{\"@type\":\"BreadcrumbList\",\"@id\":\"https:\\\/\\\/fuentesfidedignas.com.mx\\\/index.php\\\/2022\\\/09\\\/28\\\/de-avanzada-iniciativas-enviadas-por-ejecutivo-al-legislativo-semujeres\\\/#breadcrumb\",\"itemListElement\":[{\"@type\":\"ListItem\",\"position\":1,\"name\":\"Inicio\",\"item\":\"https:\\\/\\\/fuentesfidedignas.com.mx\\\/\"},{\"@type\":\"ListItem\",\"position\":2,\"name\":\"De avanzada, iniciativas enviadas por Ejecutivo al Legislativo: SEMujeres\"}]},{\"@type\":\"WebSite\",\"@id\":\"https:\\\/\\\/fuentesfidedignas.com.mx\\\/#website\",\"url\":\"https:\\\/\\\/fuentesfidedignas.com.mx\\\/\",\"name\":\"Fuentes Fidedignas\",\"description\":\"Otro sitio realizado con WordPress\",\"publisher\":{\"@id\":\"https:\\\/\\\/fuentesfidedignas.com.mx\\\/#organization\"},\"potentialAction\":[{\"@type\":\"SearchAction\",\"target\":{\"@type\":\"EntryPoint\",\"urlTemplate\":\"https:\\\/\\\/fuentesfidedignas.com.mx\\\/?s={search_term_string}\"},\"query-input\":{\"@type\":\"PropertyValueSpecification\",\"valueRequired\":true,\"valueName\":\"search_term_string\"}}],\"inLanguage\":\"es\"},{\"@type\":\"Organization\",\"@id\":\"https:\\\/\\\/fuentesfidedignas.com.mx\\\/#organization\",\"name\":\"Fuentes Fidedignas\",\"url\":\"https:\\\/\\\/fuentesfidedignas.com.mx\\\/\",\"logo\":{\"@type\":\"ImageObject\",\"inLanguage\":\"es\",\"@id\":\"https:\\\/\\\/fuentesfidedignas.com.mx\\\/#\\\/schema\\\/logo\\\/image\\\/\",\"url\":\"https:\\\/\\\/fuentesfidedignas.com.mx\\\/wp-content\\\/uploads\\\/2021\\\/04\\\/logo-retina.png\",\"contentUrl\":\"https:\\\/\\\/fuentesfidedignas.com.mx\\\/wp-content\\\/uploads\\\/2021\\\/04\\\/logo-retina.png\",\"width\":280,\"height\":51,\"caption\":\"Fuentes Fidedignas\"},\"image\":{\"@id\":\"https:\\\/\\\/fuentesfidedignas.com.mx\\\/#\\\/schema\\\/logo\\\/image\\\/\"},\"sameAs\":[\"https:\\\/\\\/www.facebook.com\\\/Fuentes-Fidedignas-368234489921644\",\"https:\\\/\\\/x.com\\\/fidedignas\"]},{\"@type\":\"Person\",\"@id\":\"https:\\\/\\\/fuentesfidedignas.com.mx\\\/#\\\/schema\\\/person\\\/331be9283d37198e2acd5750279085b0\",\"name\":\"Redacci\u00f3n\",\"image\":{\"@type\":\"ImageObject\",\"inLanguage\":\"es\",\"@id\":\"https:\\\/\\\/secure.gravatar.com\\\/avatar\\\/f6d8782c11d12b2d4ad3fbb6931aeab5309937a4d6cd2fc9cfaa28a6396a5aec?s=96&d=mm&r=g\",\"url\":\"https:\\\/\\\/secure.gravatar.com\\\/avatar\\\/f6d8782c11d12b2d4ad3fbb6931aeab5309937a4d6cd2fc9cfaa28a6396a5aec?s=96&d=mm&r=g\",\"contentUrl\":\"https:\\\/\\\/secure.gravatar.com\\\/avatar\\\/f6d8782c11d12b2d4ad3fbb6931aeab5309937a4d6cd2fc9cfaa28a6396a5aec?s=96&d=mm&r=g\",\"caption\":\"Redacci\u00f3n\"},\"url\":\"https:\\\/\\\/fuentesfidedignas.com.mx\\\/index.php\\\/author\\\/redaccion\\\/\"}]}<\/script>\n<!-- \/ Yoast SEO plugin. -->","yoast_head_json":{"title":"De avanzada, iniciativas enviadas por Ejecutivo al Legislativo: SEMujeres - Fuentes Fidedignas","robots":{"index":"index","follow":"follow","max-snippet":"max-snippet:-1","max-image-preview":"max-image-preview:large","max-video-preview":"max-video-preview:-1"},"canonical":"https:\/\/fuentesfidedignas.com.mx\/index.php\/2022\/09\/28\/de-avanzada-iniciativas-enviadas-por-ejecutivo-al-legislativo-semujeres\/","og_locale":"es_MX","og_type":"article","og_title":"De avanzada, iniciativas enviadas por Ejecutivo al Legislativo: SEMujeres - Fuentes Fidedignas","og_description":"Son muestra de la empat\u00eda y el inter\u00e9s por mejorar la seguridad de las sinaloenses Culiac\u00e1n, Sinaloa. &#8211; Como reformas de avanzada que dan muestra del inter\u00e9s y la empat\u00eda que tiene el Gobernador, Rub\u00e9n Rocha Moya con las sinaloenses, calific\u00f3 la Secretaria de las Mujeres, Dra. Mar\u00eda Teresa Guerra Ochoa las iniciativas en materia [&hellip;]","og_url":"https:\/\/fuentesfidedignas.com.mx\/index.php\/2022\/09\/28\/de-avanzada-iniciativas-enviadas-por-ejecutivo-al-legislativo-semujeres\/","og_site_name":"Fuentes Fidedignas","article_publisher":"https:\/\/www.facebook.com\/Fuentes-Fidedignas-368234489921644","article_published_time":"2022-09-29T03:58:41+00:00","article_modified_time":"2022-09-29T13:51:12+00:00","og_image":[{"width":1013,"height":675,"url":"https:\/\/fuentesfidedignas.com.mx\/wp-content\/uploads\/2022\/09\/SE_MUJERES.jpg","type":"image\/jpeg"}],"author":"Redacci\u00f3n","twitter_card":"summary_large_image","twitter_creator":"@fidedignas","twitter_site":"@fidedignas","twitter_misc":{"Escrito por":"Redacci\u00f3n","Tiempo de lectura":"3 minutos"},"schema":{"@context":"https:\/\/schema.org","@graph":[{"@type":"Article","@id":"https:\/\/fuentesfidedignas.com.mx\/index.php\/2022\/09\/28\/de-avanzada-iniciativas-enviadas-por-ejecutivo-al-legislativo-semujeres\/#article","isPartOf":{"@id":"https:\/\/fuentesfidedignas.com.mx\/index.php\/2022\/09\/28\/de-avanzada-iniciativas-enviadas-por-ejecutivo-al-legislativo-semujeres\/"},"author":{"name":"Redacci\u00f3n","@id":"https:\/\/fuentesfidedignas.com.mx\/#\/schema\/person\/331be9283d37198e2acd5750279085b0"},"headline":"De avanzada, iniciativas enviadas por Ejecutivo al Legislativo: SEMujeres","datePublished":"2022-09-29T03:58:41+00:00","dateModified":"2022-09-29T13:51:12+00:00","mainEntityOfPage":{"@id":"https:\/\/fuentesfidedignas.com.mx\/index.php\/2022\/09\/28\/de-avanzada-iniciativas-enviadas-por-ejecutivo-al-legislativo-semujeres\/"},"wordCount":614,"commentCount":0,"publisher":{"@id":"https:\/\/fuentesfidedignas.com.mx\/#organization"},"image":{"@id":"https:\/\/fuentesfidedignas.com.mx\/index.php\/2022\/09\/28\/de-avanzada-iniciativas-enviadas-por-ejecutivo-al-legislativo-semujeres\/#primaryimage"},"thumbnailUrl":"https:\/\/fuentesfidedignas.com.mx\/wp-content\/uploads\/2022\/09\/SE_MUJERES.jpg","articleSection":["NOTICIAS LOCALES"],"inLanguage":"es","potentialAction":[{"@type":"CommentAction","name":"Comment","target":["https:\/\/fuentesfidedignas.com.mx\/index.php\/2022\/09\/28\/de-avanzada-iniciativas-enviadas-por-ejecutivo-al-legislativo-semujeres\/#respond"]}]},{"@type":"WebPage","@id":"https:\/\/fuentesfidedignas.com.mx\/index.php\/2022\/09\/28\/de-avanzada-iniciativas-enviadas-por-ejecutivo-al-legislativo-semujeres\/","url":"https:\/\/fuentesfidedignas.com.mx\/index.php\/2022\/09\/28\/de-avanzada-iniciativas-enviadas-por-ejecutivo-al-legislativo-semujeres\/","name":"De avanzada, iniciativas enviadas por Ejecutivo al Legislativo: SEMujeres - Fuentes Fidedignas","isPartOf":{"@id":"https:\/\/fuentesfidedignas.com.mx\/#website"},"primaryImageOfPage":{"@id":"https:\/\/fuentesfidedignas.com.mx\/index.php\/2022\/09\/28\/de-avanzada-iniciativas-enviadas-por-ejecutivo-al-legislativo-semujeres\/#primaryimage"},"image":{"@id":"https:\/\/fuentesfidedignas.com.mx\/index.php\/2022\/09\/28\/de-avanzada-iniciativas-enviadas-por-ejecutivo-al-legislativo-semujeres\/#primaryimage"},"thumbnailUrl":"https:\/\/fuentesfidedignas.com.mx\/wp-content\/uploads\/2022\/09\/SE_MUJERES.jpg","datePublished":"2022-09-29T03:58:41+00:00","dateModified":"2022-09-29T13:51:12+00:00","breadcrumb":{"@id":"https:\/\/fuentesfidedignas.com.mx\/index.php\/2022\/09\/28\/de-avanzada-iniciativas-enviadas-por-ejecutivo-al-legislativo-semujeres\/#breadcrumb"},"inLanguage":"es","potentialAction":[{"@type":"ReadAction","target":["https:\/\/fuentesfidedignas.com.mx\/index.php\/2022\/09\/28\/de-avanzada-iniciativas-enviadas-por-ejecutivo-al-legislativo-semujeres\/"]}]},{"@type":"ImageObject","inLanguage":"es","@id":"https:\/\/fuentesfidedignas.com.mx\/index.php\/2022\/09\/28\/de-avanzada-iniciativas-enviadas-por-ejecutivo-al-legislativo-semujeres\/#primaryimage","url":"https:\/\/fuentesfidedignas.com.mx\/wp-content\/uploads\/2022\/09\/SE_MUJERES.jpg","contentUrl":"https:\/\/fuentesfidedignas.com.mx\/wp-content\/uploads\/2022\/09\/SE_MUJERES.jpg","width":1013,"height":675},{"@type":"BreadcrumbList","@id":"https:\/\/fuentesfidedignas.com.mx\/index.php\/2022\/09\/28\/de-avanzada-iniciativas-enviadas-por-ejecutivo-al-legislativo-semujeres\/#breadcrumb","itemListElement":[{"@type":"ListItem","position":1,"name":"Inicio","item":"https:\/\/fuentesfidedignas.com.mx\/"},{"@type":"ListItem","position":2,"name":"De avanzada, iniciativas enviadas por Ejecutivo al Legislativo: SEMujeres"}]},{"@type":"WebSite","@id":"https:\/\/fuentesfidedignas.com.mx\/#website","url":"https:\/\/fuentesfidedignas.com.mx\/","name":"Fuentes Fidedignas","description":"Otro sitio realizado con WordPress","publisher":{"@id":"https:\/\/fuentesfidedignas.com.mx\/#organization"},"potentialAction":[{"@type":"SearchAction","target":{"@type":"EntryPoint","urlTemplate":"https:\/\/fuentesfidedignas.com.mx\/?s={search_term_string}"},"query-input":{"@type":"PropertyValueSpecification","valueRequired":true,"valueName":"search_term_string"}}],"inLanguage":"es"},{"@type":"Organization","@id":"https:\/\/fuentesfidedignas.com.mx\/#organization","name":"Fuentes Fidedignas","url":"https:\/\/fuentesfidedignas.com.mx\/","logo":{"@type":"ImageObject","inLanguage":"es","@id":"https:\/\/fuentesfidedignas.com.mx\/#\/schema\/logo\/image\/","url":"https:\/\/fuentesfidedignas.com.mx\/wp-content\/uploads\/2021\/04\/logo-retina.png","contentUrl":"https:\/\/fuentesfidedignas.com.mx\/wp-content\/uploads\/2021\/04\/logo-retina.png","width":280,"height":51,"caption":"Fuentes Fidedignas"},"image":{"@id":"https:\/\/fuentesfidedignas.com.mx\/#\/schema\/logo\/image\/"},"sameAs":["https:\/\/www.facebook.com\/Fuentes-Fidedignas-368234489921644","https:\/\/x.com\/fidedignas"]},{"@type":"Person","@id":"https:\/\/fuentesfidedignas.com.mx\/#\/schema\/person\/331be9283d37198e2acd5750279085b0","name":"Redacci\u00f3n","image":{"@type":"ImageObject","inLanguage":"es","@id":"https:\/\/secure.gravatar.com\/avatar\/f6d8782c11d12b2d4ad3fbb6931aeab5309937a4d6cd2fc9cfaa28a6396a5aec?s=96&d=mm&r=g","url":"https:\/\/secure.gravatar.com\/avatar\/f6d8782c11d12b2d4ad3fbb6931aeab5309937a4d6cd2fc9cfaa28a6396a5aec?s=96&d=mm&r=g","contentUrl":"https:\/\/secure.gravatar.com\/avatar\/f6d8782c11d12b2d4ad3fbb6931aeab5309937a4d6cd2fc9cfaa28a6396a5aec?s=96&d=mm&r=g","caption":"Redacci\u00f3n"},"url":"https:\/\/fuentesfidedignas.com.mx\/index.php\/author\/redaccion\/"}]}},"_links":{"self":[{"href":"https:\/\/fuentesfidedignas.com.mx\/index.php\/wp-json\/wp\/v2\/posts\/43479","targetHints":{"allow":["GET"]}}],"collection":[{"href":"https:\/\/fuentesfidedignas.com.mx\/index.php\/wp-json\/wp\/v2\/posts"}],"about":[{"href":"https:\/\/fuentesfidedignas.com.mx\/index.php\/wp-json\/wp\/v2\/types\/post"}],"author":[{"embeddable":true,"href":"https:\/\/fuentesfidedignas.com.mx\/index.php\/wp-json\/wp\/v2\/users\/4"}],"replies":[{"embeddable":true,"href":"https:\/\/fuentesfidedignas.com.mx\/index.php\/wp-json\/wp\/v2\/comments?post=43479"}],"version-history":[{"count":1,"href":"https:\/\/fuentesfidedignas.com.mx\/index.php\/wp-json\/wp\/v2\/posts\/43479\/revisions"}],"predecessor-version":[{"id":43481,"href":"https:\/\/fuentesfidedignas.com.mx\/index.php\/wp-json\/wp\/v2\/posts\/43479\/revisions\/43481"}],"wp:featuredmedia":[{"embeddable":true,"href":"https:\/\/fuentesfidedignas.com.mx\/index.php\/wp-json\/wp\/v2\/media\/43480"}],"wp:attachment":[{"href":"https:\/\/fuentesfidedignas.com.mx\/index.php\/wp-json\/wp\/v2\/media?parent=43479"}],"wp:term":[{"taxonomy":"category","embeddable":true,"href":"https:\/\/fuentesfidedignas.com.mx\/index.php\/wp-json\/wp\/v2\/categories?post=43479"},{"taxonomy":"post_tag","embeddable":true,"href":"https:\/\/fuentesfidedignas.com.mx\/index.php\/wp-json\/wp\/v2\/tags?post=43479"}],"curies":[{"name":"wp","href":"https:\/\/api.w.org\/{rel}","templated":true}]}}