{"id":43462,"date":"2022-09-28T18:32:34","date_gmt":"2022-09-29T00:32:34","guid":{"rendered":"https:\/\/fuentesfidedignas.com.mx\/?p=43462"},"modified":"2022-09-28T18:32:36","modified_gmt":"2022-09-29T00:32:36","slug":"rocha-sostiene-reunion-con-su-gabinete-rumbo-al-primer-informe-de-gobierno","status":"publish","type":"post","link":"https:\/\/fuentesfidedignas.com.mx\/index.php\/2022\/09\/28\/rocha-sostiene-reunion-con-su-gabinete-rumbo-al-primer-informe-de-gobierno\/","title":{"rendered":"Rocha sostiene reuni\u00f3n con su gabinete rumbo  al Primer Informe de Gobierno"},"content":{"rendered":"\n<p><strong><em>El Primer Informe de Gobierno ser\u00e1 entregado a los diputados de la 64 Legislatura del Congreso del Estado, para su conocimiento y posterior glosa<\/em><\/strong><\/p>\n\n\n\n<p>Culiac\u00e1n, Sinaloa.- El gobernador Rub\u00e9n Rocha Moya sostuvo una amplia reuni\u00f3n con todos los y las secretarias que integran su gabinete, para revisar los resultados que se han obtenido en este primer a\u00f1o de la administraci\u00f3n, por cumplirse el 1 de noviembre pr\u00f3ximo, a fin de plasmarlos en el documento de su Primer Informe de Gobierno.<\/p>\n\n\n\n<p>Por m\u00e1s de dos horas, el mandatario estatal escuch\u00f3 el balance de resultados que cada uno de los secretarios present\u00f3 en su intervenci\u00f3n, y al respecto, el gobernador Rocha aclar\u00f3 que el documento final deber\u00e1 contener las acciones realizadas al corte del 31 de octubre de este a\u00f1o, previamente anunciadas en el Plan Estatal de Desarrollo que se dio a conocer durante la primera mitad del a\u00f1o, como lo indica la ley.<\/p>\n\n\n\n<p>Adem\u00e1s, coment\u00f3 a sus secretarios que este Primer Informe de Gobierno ser\u00e1 sencillamente la presentaci\u00f3n de los resultados obtenidos, no las proyecciones de algo que est\u00e9 por realizarse, y tampoco deber\u00e1 ser por ning\u00fan motivo, un documento de culto a la personalidad: \u201c\u00e9ste ser\u00e1 un documento de informaci\u00f3n real; de hecho, hay mucha informaci\u00f3n que dar a conocer a la ciudadan\u00eda de lo realizado en estos meses de gesti\u00f3n, principalmente en obra social y humana\u201d.<\/p>\n\n\n\n<p>Por otra parte, el gobernador Rocha coment\u00f3 a sus colaboradores que a \u00e9l en lo personal le toc\u00f3 participar en la elaboraci\u00f3n de seis Informes de Gobierno, durante su gesti\u00f3n como Coordinador de Asesores, y basado en esa experiencia decidi\u00f3 innovar en la din\u00e1mica para la elaboraci\u00f3n de su informe, pues es la primera ocasi\u00f3n que el gobernador en turno se re\u00fane con todos sus secretarios para que informen primero a \u00e9l lo realizado en sus dependencias, pues anteriormente cada secretario se limitaba a enviar un resumen a la Coordinaci\u00f3n de Asesores para incluirlo en el documento de Informe de Gobierno respectivo.<\/p>\n\n\n\n<p>Cabe destacar que tambi\u00e9n como lo establece la ley, el documento del Primer Informe de Gobierno ser\u00e1 entregado a los diputados de la 64 Legislatura del Congreso del Estado, para su conocimiento y posterior glosa, donde podr\u00e1n solicitar reuniones con los distintos secretarios de gabinete para abordar por separado lo relativo a sus \u00e1reas.<\/p>\n","protected":false},"excerpt":{"rendered":"<p>El Primer Informe de Gobierno ser\u00e1 entregado a los diputados de la 64 Legislatura del Congreso del Estado, para su conocimiento y posterior glosa Culiac\u00e1n, Sinaloa.- El gobernador Rub\u00e9n Rocha Moya sostuvo una amplia reuni\u00f3n con todos los y las secretarias que integran su gabinete, para revisar los resultados que se han obtenido en este [&hellip;]<\/p>\n","protected":false},"author":4,"featured_media":43463,"comment_status":"open","ping_status":"open","sticky":false,"template":"","format":"standard","meta":{"tdm_status":"","tdm_grid_status":"","footnotes":""},"categories":[37],"tags":[],"class_list":{"0":"post-43462","1":"post","2":"type-post","3":"status-publish","4":"format-standard","5":"has-post-thumbnail","7":"category-nota-principal"},"yoast_head":"<!-- This site is optimized with the Yoast SEO plugin v27.5 - https:\/\/yoast.com\/product\/yoast-seo-wordpress\/ -->\n<title>Rocha sostiene reuni\u00f3n con su gabinete rumbo al Primer Informe de Gobierno - Fuentes Fidedignas<\/title>\n<meta name=\"robots\" content=\"index, follow, max-snippet:-1, max-image-preview:large, max-video-preview:-1\" \/>\n<link rel=\"canonical\" href=\"https:\/\/fuentesfidedignas.com.mx\/index.php\/2022\/09\/28\/rocha-sostiene-reunion-con-su-gabinete-rumbo-al-primer-informe-de-gobierno\/\" \/>\n<meta property=\"og:locale\" content=\"es_MX\" \/>\n<meta property=\"og:type\" content=\"article\" \/>\n<meta property=\"og:title\" content=\"Rocha sostiene reuni\u00f3n con su gabinete rumbo al Primer Informe de Gobierno - Fuentes Fidedignas\" \/>\n<meta property=\"og:description\" content=\"El Primer Informe de Gobierno ser\u00e1 entregado a los diputados de la 64 Legislatura del Congreso del Estado, para su conocimiento y posterior glosa Culiac\u00e1n, Sinaloa.- El gobernador Rub\u00e9n Rocha Moya sostuvo una amplia reuni\u00f3n con todos los y las secretarias que integran su gabinete, para revisar los resultados que se han obtenido en este [&hellip;]\" \/>\n<meta property=\"og:url\" content=\"https:\/\/fuentesfidedignas.com.mx\/index.php\/2022\/09\/28\/rocha-sostiene-reunion-con-su-gabinete-rumbo-al-primer-informe-de-gobierno\/\" \/>\n<meta property=\"og:site_name\" content=\"Fuentes Fidedignas\" \/>\n<meta property=\"article:publisher\" content=\"https:\/\/www.facebook.com\/Fuentes-Fidedignas-368234489921644\" \/>\n<meta property=\"article:published_time\" content=\"2022-09-29T00:32:34+00:00\" \/>\n<meta property=\"article:modified_time\" content=\"2022-09-29T00:32:36+00:00\" \/>\n<meta property=\"og:image\" content=\"https:\/\/fuentesfidedignas.com.mx\/wp-content\/uploads\/2022\/09\/IMG-20220928-WA0042.jpg\" \/>\n\t<meta property=\"og:image:width\" content=\"1024\" \/>\n\t<meta property=\"og:image:height\" content=\"730\" \/>\n\t<meta property=\"og:image:type\" content=\"image\/jpeg\" \/>\n<meta name=\"author\" content=\"Redacci\u00f3n\" \/>\n<meta name=\"twitter:card\" content=\"summary_large_image\" \/>\n<meta name=\"twitter:creator\" content=\"@fidedignas\" \/>\n<meta name=\"twitter:site\" content=\"@fidedignas\" \/>\n<meta name=\"twitter:label1\" content=\"Escrito por\" \/>\n\t<meta name=\"twitter:data1\" content=\"Redacci\u00f3n\" \/>\n\t<meta name=\"twitter:label2\" content=\"Tiempo de lectura\" \/>\n\t<meta name=\"twitter:data2\" content=\"2 minutos\" \/>\n<script type=\"application\/ld+json\" class=\"yoast-schema-graph\">{\"@context\":\"https:\\\/\\\/schema.org\",\"@graph\":[{\"@type\":\"Article\",\"@id\":\"https:\\\/\\\/fuentesfidedignas.com.mx\\\/index.php\\\/2022\\\/09\\\/28\\\/rocha-sostiene-reunion-con-su-gabinete-rumbo-al-primer-informe-de-gobierno\\\/#article\",\"isPartOf\":{\"@id\":\"https:\\\/\\\/fuentesfidedignas.com.mx\\\/index.php\\\/2022\\\/09\\\/28\\\/rocha-sostiene-reunion-con-su-gabinete-rumbo-al-primer-informe-de-gobierno\\\/\"},\"author\":{\"name\":\"Redacci\u00f3n\",\"@id\":\"https:\\\/\\\/fuentesfidedignas.com.mx\\\/#\\\/schema\\\/person\\\/331be9283d37198e2acd5750279085b0\"},\"headline\":\"Rocha sostiene reuni\u00f3n con su gabinete rumbo al Primer Informe de Gobierno\",\"datePublished\":\"2022-09-29T00:32:34+00:00\",\"dateModified\":\"2022-09-29T00:32:36+00:00\",\"mainEntityOfPage\":{\"@id\":\"https:\\\/\\\/fuentesfidedignas.com.mx\\\/index.php\\\/2022\\\/09\\\/28\\\/rocha-sostiene-reunion-con-su-gabinete-rumbo-al-primer-informe-de-gobierno\\\/\"},\"wordCount\":419,\"commentCount\":0,\"publisher\":{\"@id\":\"https:\\\/\\\/fuentesfidedignas.com.mx\\\/#organization\"},\"image\":{\"@id\":\"https:\\\/\\\/fuentesfidedignas.com.mx\\\/index.php\\\/2022\\\/09\\\/28\\\/rocha-sostiene-reunion-con-su-gabinete-rumbo-al-primer-informe-de-gobierno\\\/#primaryimage\"},\"thumbnailUrl\":\"https:\\\/\\\/fuentesfidedignas.com.mx\\\/wp-content\\\/uploads\\\/2022\\\/09\\\/IMG-20220928-WA0042.jpg\",\"articleSection\":[\"NOTA PRINCIPAL\"],\"inLanguage\":\"es\",\"potentialAction\":[{\"@type\":\"CommentAction\",\"name\":\"Comment\",\"target\":[\"https:\\\/\\\/fuentesfidedignas.com.mx\\\/index.php\\\/2022\\\/09\\\/28\\\/rocha-sostiene-reunion-con-su-gabinete-rumbo-al-primer-informe-de-gobierno\\\/#respond\"]}]},{\"@type\":\"WebPage\",\"@id\":\"https:\\\/\\\/fuentesfidedignas.com.mx\\\/index.php\\\/2022\\\/09\\\/28\\\/rocha-sostiene-reunion-con-su-gabinete-rumbo-al-primer-informe-de-gobierno\\\/\",\"url\":\"https:\\\/\\\/fuentesfidedignas.com.mx\\\/index.php\\\/2022\\\/09\\\/28\\\/rocha-sostiene-reunion-con-su-gabinete-rumbo-al-primer-informe-de-gobierno\\\/\",\"name\":\"Rocha sostiene reuni\u00f3n con su gabinete rumbo al Primer Informe de Gobierno - Fuentes Fidedignas\",\"isPartOf\":{\"@id\":\"https:\\\/\\\/fuentesfidedignas.com.mx\\\/#website\"},\"primaryImageOfPage\":{\"@id\":\"https:\\\/\\\/fuentesfidedignas.com.mx\\\/index.php\\\/2022\\\/09\\\/28\\\/rocha-sostiene-reunion-con-su-gabinete-rumbo-al-primer-informe-de-gobierno\\\/#primaryimage\"},\"image\":{\"@id\":\"https:\\\/\\\/fuentesfidedignas.com.mx\\\/index.php\\\/2022\\\/09\\\/28\\\/rocha-sostiene-reunion-con-su-gabinete-rumbo-al-primer-informe-de-gobierno\\\/#primaryimage\"},\"thumbnailUrl\":\"https:\\\/\\\/fuentesfidedignas.com.mx\\\/wp-content\\\/uploads\\\/2022\\\/09\\\/IMG-20220928-WA0042.jpg\",\"datePublished\":\"2022-09-29T00:32:34+00:00\",\"dateModified\":\"2022-09-29T00:32:36+00:00\",\"breadcrumb\":{\"@id\":\"https:\\\/\\\/fuentesfidedignas.com.mx\\\/index.php\\\/2022\\\/09\\\/28\\\/rocha-sostiene-reunion-con-su-gabinete-rumbo-al-primer-informe-de-gobierno\\\/#breadcrumb\"},\"inLanguage\":\"es\",\"potentialAction\":[{\"@type\":\"ReadAction\",\"target\":[\"https:\\\/\\\/fuentesfidedignas.com.mx\\\/index.php\\\/2022\\\/09\\\/28\\\/rocha-sostiene-reunion-con-su-gabinete-rumbo-al-primer-informe-de-gobierno\\\/\"]}]},{\"@type\":\"ImageObject\",\"inLanguage\":\"es\",\"@id\":\"https:\\\/\\\/fuentesfidedignas.com.mx\\\/index.php\\\/2022\\\/09\\\/28\\\/rocha-sostiene-reunion-con-su-gabinete-rumbo-al-primer-informe-de-gobierno\\\/#primaryimage\",\"url\":\"https:\\\/\\\/fuentesfidedignas.com.mx\\\/wp-content\\\/uploads\\\/2022\\\/09\\\/IMG-20220928-WA0042.jpg\",\"contentUrl\":\"https:\\\/\\\/fuentesfidedignas.com.mx\\\/wp-content\\\/uploads\\\/2022\\\/09\\\/IMG-20220928-WA0042.jpg\",\"width\":1024,\"height\":730},{\"@type\":\"BreadcrumbList\",\"@id\":\"https:\\\/\\\/fuentesfidedignas.com.mx\\\/index.php\\\/2022\\\/09\\\/28\\\/rocha-sostiene-reunion-con-su-gabinete-rumbo-al-primer-informe-de-gobierno\\\/#breadcrumb\",\"itemListElement\":[{\"@type\":\"ListItem\",\"position\":1,\"name\":\"Inicio\",\"item\":\"https:\\\/\\\/fuentesfidedignas.com.mx\\\/\"},{\"@type\":\"ListItem\",\"position\":2,\"name\":\"Rocha sostiene reuni\u00f3n con su gabinete rumbo al Primer Informe de Gobierno\"}]},{\"@type\":\"WebSite\",\"@id\":\"https:\\\/\\\/fuentesfidedignas.com.mx\\\/#website\",\"url\":\"https:\\\/\\\/fuentesfidedignas.com.mx\\\/\",\"name\":\"Fuentes Fidedignas\",\"description\":\"Otro sitio realizado con WordPress\",\"publisher\":{\"@id\":\"https:\\\/\\\/fuentesfidedignas.com.mx\\\/#organization\"},\"potentialAction\":[{\"@type\":\"SearchAction\",\"target\":{\"@type\":\"EntryPoint\",\"urlTemplate\":\"https:\\\/\\\/fuentesfidedignas.com.mx\\\/?s={search_term_string}\"},\"query-input\":{\"@type\":\"PropertyValueSpecification\",\"valueRequired\":true,\"valueName\":\"search_term_string\"}}],\"inLanguage\":\"es\"},{\"@type\":\"Organization\",\"@id\":\"https:\\\/\\\/fuentesfidedignas.com.mx\\\/#organization\",\"name\":\"Fuentes Fidedignas\",\"url\":\"https:\\\/\\\/fuentesfidedignas.com.mx\\\/\",\"logo\":{\"@type\":\"ImageObject\",\"inLanguage\":\"es\",\"@id\":\"https:\\\/\\\/fuentesfidedignas.com.mx\\\/#\\\/schema\\\/logo\\\/image\\\/\",\"url\":\"https:\\\/\\\/fuentesfidedignas.com.mx\\\/wp-content\\\/uploads\\\/2021\\\/04\\\/logo-retina.png\",\"contentUrl\":\"https:\\\/\\\/fuentesfidedignas.com.mx\\\/wp-content\\\/uploads\\\/2021\\\/04\\\/logo-retina.png\",\"width\":280,\"height\":51,\"caption\":\"Fuentes Fidedignas\"},\"image\":{\"@id\":\"https:\\\/\\\/fuentesfidedignas.com.mx\\\/#\\\/schema\\\/logo\\\/image\\\/\"},\"sameAs\":[\"https:\\\/\\\/www.facebook.com\\\/Fuentes-Fidedignas-368234489921644\",\"https:\\\/\\\/x.com\\\/fidedignas\"]},{\"@type\":\"Person\",\"@id\":\"https:\\\/\\\/fuentesfidedignas.com.mx\\\/#\\\/schema\\\/person\\\/331be9283d37198e2acd5750279085b0\",\"name\":\"Redacci\u00f3n\",\"image\":{\"@type\":\"ImageObject\",\"inLanguage\":\"es\",\"@id\":\"https:\\\/\\\/secure.gravatar.com\\\/avatar\\\/f6d8782c11d12b2d4ad3fbb6931aeab5309937a4d6cd2fc9cfaa28a6396a5aec?s=96&d=mm&r=g\",\"url\":\"https:\\\/\\\/secure.gravatar.com\\\/avatar\\\/f6d8782c11d12b2d4ad3fbb6931aeab5309937a4d6cd2fc9cfaa28a6396a5aec?s=96&d=mm&r=g\",\"contentUrl\":\"https:\\\/\\\/secure.gravatar.com\\\/avatar\\\/f6d8782c11d12b2d4ad3fbb6931aeab5309937a4d6cd2fc9cfaa28a6396a5aec?s=96&d=mm&r=g\",\"caption\":\"Redacci\u00f3n\"},\"url\":\"https:\\\/\\\/fuentesfidedignas.com.mx\\\/index.php\\\/author\\\/redaccion\\\/\"}]}<\/script>\n<!-- \/ Yoast SEO plugin. -->","yoast_head_json":{"title":"Rocha sostiene reuni\u00f3n con su gabinete rumbo al Primer Informe de Gobierno - Fuentes Fidedignas","robots":{"index":"index","follow":"follow","max-snippet":"max-snippet:-1","max-image-preview":"max-image-preview:large","max-video-preview":"max-video-preview:-1"},"canonical":"https:\/\/fuentesfidedignas.com.mx\/index.php\/2022\/09\/28\/rocha-sostiene-reunion-con-su-gabinete-rumbo-al-primer-informe-de-gobierno\/","og_locale":"es_MX","og_type":"article","og_title":"Rocha sostiene reuni\u00f3n con su gabinete rumbo al Primer Informe de Gobierno - Fuentes Fidedignas","og_description":"El Primer Informe de Gobierno ser\u00e1 entregado a los diputados de la 64 Legislatura del Congreso del Estado, para su conocimiento y posterior glosa Culiac\u00e1n, Sinaloa.- El gobernador Rub\u00e9n Rocha Moya sostuvo una amplia reuni\u00f3n con todos los y las secretarias que integran su gabinete, para revisar los resultados que se han obtenido en este [&hellip;]","og_url":"https:\/\/fuentesfidedignas.com.mx\/index.php\/2022\/09\/28\/rocha-sostiene-reunion-con-su-gabinete-rumbo-al-primer-informe-de-gobierno\/","og_site_name":"Fuentes Fidedignas","article_publisher":"https:\/\/www.facebook.com\/Fuentes-Fidedignas-368234489921644","article_published_time":"2022-09-29T00:32:34+00:00","article_modified_time":"2022-09-29T00:32:36+00:00","og_image":[{"width":1024,"height":730,"url":"https:\/\/fuentesfidedignas.com.mx\/wp-content\/uploads\/2022\/09\/IMG-20220928-WA0042.jpg","type":"image\/jpeg"}],"author":"Redacci\u00f3n","twitter_card":"summary_large_image","twitter_creator":"@fidedignas","twitter_site":"@fidedignas","twitter_misc":{"Escrito por":"Redacci\u00f3n","Tiempo de lectura":"2 minutos"},"schema":{"@context":"https:\/\/schema.org","@graph":[{"@type":"Article","@id":"https:\/\/fuentesfidedignas.com.mx\/index.php\/2022\/09\/28\/rocha-sostiene-reunion-con-su-gabinete-rumbo-al-primer-informe-de-gobierno\/#article","isPartOf":{"@id":"https:\/\/fuentesfidedignas.com.mx\/index.php\/2022\/09\/28\/rocha-sostiene-reunion-con-su-gabinete-rumbo-al-primer-informe-de-gobierno\/"},"author":{"name":"Redacci\u00f3n","@id":"https:\/\/fuentesfidedignas.com.mx\/#\/schema\/person\/331be9283d37198e2acd5750279085b0"},"headline":"Rocha sostiene reuni\u00f3n con su gabinete rumbo al Primer Informe de Gobierno","datePublished":"2022-09-29T00:32:34+00:00","dateModified":"2022-09-29T00:32:36+00:00","mainEntityOfPage":{"@id":"https:\/\/fuentesfidedignas.com.mx\/index.php\/2022\/09\/28\/rocha-sostiene-reunion-con-su-gabinete-rumbo-al-primer-informe-de-gobierno\/"},"wordCount":419,"commentCount":0,"publisher":{"@id":"https:\/\/fuentesfidedignas.com.mx\/#organization"},"image":{"@id":"https:\/\/fuentesfidedignas.com.mx\/index.php\/2022\/09\/28\/rocha-sostiene-reunion-con-su-gabinete-rumbo-al-primer-informe-de-gobierno\/#primaryimage"},"thumbnailUrl":"https:\/\/fuentesfidedignas.com.mx\/wp-content\/uploads\/2022\/09\/IMG-20220928-WA0042.jpg","articleSection":["NOTA PRINCIPAL"],"inLanguage":"es","potentialAction":[{"@type":"CommentAction","name":"Comment","target":["https:\/\/fuentesfidedignas.com.mx\/index.php\/2022\/09\/28\/rocha-sostiene-reunion-con-su-gabinete-rumbo-al-primer-informe-de-gobierno\/#respond"]}]},{"@type":"WebPage","@id":"https:\/\/fuentesfidedignas.com.mx\/index.php\/2022\/09\/28\/rocha-sostiene-reunion-con-su-gabinete-rumbo-al-primer-informe-de-gobierno\/","url":"https:\/\/fuentesfidedignas.com.mx\/index.php\/2022\/09\/28\/rocha-sostiene-reunion-con-su-gabinete-rumbo-al-primer-informe-de-gobierno\/","name":"Rocha sostiene reuni\u00f3n con su gabinete rumbo al Primer Informe de Gobierno - Fuentes Fidedignas","isPartOf":{"@id":"https:\/\/fuentesfidedignas.com.mx\/#website"},"primaryImageOfPage":{"@id":"https:\/\/fuentesfidedignas.com.mx\/index.php\/2022\/09\/28\/rocha-sostiene-reunion-con-su-gabinete-rumbo-al-primer-informe-de-gobierno\/#primaryimage"},"image":{"@id":"https:\/\/fuentesfidedignas.com.mx\/index.php\/2022\/09\/28\/rocha-sostiene-reunion-con-su-gabinete-rumbo-al-primer-informe-de-gobierno\/#primaryimage"},"thumbnailUrl":"https:\/\/fuentesfidedignas.com.mx\/wp-content\/uploads\/2022\/09\/IMG-20220928-WA0042.jpg","datePublished":"2022-09-29T00:32:34+00:00","dateModified":"2022-09-29T00:32:36+00:00","breadcrumb":{"@id":"https:\/\/fuentesfidedignas.com.mx\/index.php\/2022\/09\/28\/rocha-sostiene-reunion-con-su-gabinete-rumbo-al-primer-informe-de-gobierno\/#breadcrumb"},"inLanguage":"es","potentialAction":[{"@type":"ReadAction","target":["https:\/\/fuentesfidedignas.com.mx\/index.php\/2022\/09\/28\/rocha-sostiene-reunion-con-su-gabinete-rumbo-al-primer-informe-de-gobierno\/"]}]},{"@type":"ImageObject","inLanguage":"es","@id":"https:\/\/fuentesfidedignas.com.mx\/index.php\/2022\/09\/28\/rocha-sostiene-reunion-con-su-gabinete-rumbo-al-primer-informe-de-gobierno\/#primaryimage","url":"https:\/\/fuentesfidedignas.com.mx\/wp-content\/uploads\/2022\/09\/IMG-20220928-WA0042.jpg","contentUrl":"https:\/\/fuentesfidedignas.com.mx\/wp-content\/uploads\/2022\/09\/IMG-20220928-WA0042.jpg","width":1024,"height":730},{"@type":"BreadcrumbList","@id":"https:\/\/fuentesfidedignas.com.mx\/index.php\/2022\/09\/28\/rocha-sostiene-reunion-con-su-gabinete-rumbo-al-primer-informe-de-gobierno\/#breadcrumb","itemListElement":[{"@type":"ListItem","position":1,"name":"Inicio","item":"https:\/\/fuentesfidedignas.com.mx\/"},{"@type":"ListItem","position":2,"name":"Rocha sostiene reuni\u00f3n con su gabinete rumbo al Primer Informe de Gobierno"}]},{"@type":"WebSite","@id":"https:\/\/fuentesfidedignas.com.mx\/#website","url":"https:\/\/fuentesfidedignas.com.mx\/","name":"Fuentes Fidedignas","description":"Otro sitio realizado con WordPress","publisher":{"@id":"https:\/\/fuentesfidedignas.com.mx\/#organization"},"potentialAction":[{"@type":"SearchAction","target":{"@type":"EntryPoint","urlTemplate":"https:\/\/fuentesfidedignas.com.mx\/?s={search_term_string}"},"query-input":{"@type":"PropertyValueSpecification","valueRequired":true,"valueName":"search_term_string"}}],"inLanguage":"es"},{"@type":"Organization","@id":"https:\/\/fuentesfidedignas.com.mx\/#organization","name":"Fuentes Fidedignas","url":"https:\/\/fuentesfidedignas.com.mx\/","logo":{"@type":"ImageObject","inLanguage":"es","@id":"https:\/\/fuentesfidedignas.com.mx\/#\/schema\/logo\/image\/","url":"https:\/\/fuentesfidedignas.com.mx\/wp-content\/uploads\/2021\/04\/logo-retina.png","contentUrl":"https:\/\/fuentesfidedignas.com.mx\/wp-content\/uploads\/2021\/04\/logo-retina.png","width":280,"height":51,"caption":"Fuentes Fidedignas"},"image":{"@id":"https:\/\/fuentesfidedignas.com.mx\/#\/schema\/logo\/image\/"},"sameAs":["https:\/\/www.facebook.com\/Fuentes-Fidedignas-368234489921644","https:\/\/x.com\/fidedignas"]},{"@type":"Person","@id":"https:\/\/fuentesfidedignas.com.mx\/#\/schema\/person\/331be9283d37198e2acd5750279085b0","name":"Redacci\u00f3n","image":{"@type":"ImageObject","inLanguage":"es","@id":"https:\/\/secure.gravatar.com\/avatar\/f6d8782c11d12b2d4ad3fbb6931aeab5309937a4d6cd2fc9cfaa28a6396a5aec?s=96&d=mm&r=g","url":"https:\/\/secure.gravatar.com\/avatar\/f6d8782c11d12b2d4ad3fbb6931aeab5309937a4d6cd2fc9cfaa28a6396a5aec?s=96&d=mm&r=g","contentUrl":"https:\/\/secure.gravatar.com\/avatar\/f6d8782c11d12b2d4ad3fbb6931aeab5309937a4d6cd2fc9cfaa28a6396a5aec?s=96&d=mm&r=g","caption":"Redacci\u00f3n"},"url":"https:\/\/fuentesfidedignas.com.mx\/index.php\/author\/redaccion\/"}]}},"_links":{"self":[{"href":"https:\/\/fuentesfidedignas.com.mx\/index.php\/wp-json\/wp\/v2\/posts\/43462","targetHints":{"allow":["GET"]}}],"collection":[{"href":"https:\/\/fuentesfidedignas.com.mx\/index.php\/wp-json\/wp\/v2\/posts"}],"about":[{"href":"https:\/\/fuentesfidedignas.com.mx\/index.php\/wp-json\/wp\/v2\/types\/post"}],"author":[{"embeddable":true,"href":"https:\/\/fuentesfidedignas.com.mx\/index.php\/wp-json\/wp\/v2\/users\/4"}],"replies":[{"embeddable":true,"href":"https:\/\/fuentesfidedignas.com.mx\/index.php\/wp-json\/wp\/v2\/comments?post=43462"}],"version-history":[{"count":1,"href":"https:\/\/fuentesfidedignas.com.mx\/index.php\/wp-json\/wp\/v2\/posts\/43462\/revisions"}],"predecessor-version":[{"id":43464,"href":"https:\/\/fuentesfidedignas.com.mx\/index.php\/wp-json\/wp\/v2\/posts\/43462\/revisions\/43464"}],"wp:featuredmedia":[{"embeddable":true,"href":"https:\/\/fuentesfidedignas.com.mx\/index.php\/wp-json\/wp\/v2\/media\/43463"}],"wp:attachment":[{"href":"https:\/\/fuentesfidedignas.com.mx\/index.php\/wp-json\/wp\/v2\/media?parent=43462"}],"wp:term":[{"taxonomy":"category","embeddable":true,"href":"https:\/\/fuentesfidedignas.com.mx\/index.php\/wp-json\/wp\/v2\/categories?post=43462"},{"taxonomy":"post_tag","embeddable":true,"href":"https:\/\/fuentesfidedignas.com.mx\/index.php\/wp-json\/wp\/v2\/tags?post=43462"}],"curies":[{"name":"wp","href":"https:\/\/api.w.org\/{rel}","templated":true}]}}