{"id":43453,"date":"2022-09-28T16:49:00","date_gmt":"2022-09-28T22:49:00","guid":{"rendered":"https:\/\/fuentesfidedignas.com.mx\/?p=43453"},"modified":"2022-09-28T17:52:59","modified_gmt":"2022-09-28T23:52:59","slug":"reconocen-el-trabajo-de-la-uas-en-pro-del-medio-ambiente","status":"publish","type":"post","link":"https:\/\/fuentesfidedignas.com.mx\/index.php\/2022\/09\/28\/reconocen-el-trabajo-de-la-uas-en-pro-del-medio-ambiente\/","title":{"rendered":"Reconocen el trabajo de la UAS en pro del medio ambiente"},"content":{"rendered":"\n<p><strong><em>La instituci\u00f3n evit\u00f3 la tala de 119 \u00e1rboles y el gasto de 220 mil litros de agua.<\/em><\/strong><\/p>\n\n\n\n<p>Culiac\u00e1n, Sinaloa.- La Universidad Aut\u00f3noma de Sinaloa (UAS), a trav\u00e9s de la Unidad de Bienestar Universitario (UBU), en coordinaci\u00f3n con Recicladora Culiac\u00e1n S.A. de C.V. llev\u00f3 a cabo la entrega de reconocimientos a las doce unidades acad\u00e9micas que participaron en la convocatoria \u201cDona un libro, ayuda al medio ambiente\u201d, mismas que recaudaron m\u00e1s de 7 mil 340 kilos de papel reciclado.<\/p>\n\n\n\n<p>Durante la ceremonia, que cont\u00f3 con la presencia de directores, coordinadores y alumnos de los diferentes plantes participantes, la maestra Sof\u00eda Angulo de Madue\u00f1a, directora de Bienestar Universitario, recibi\u00f3 un reconocimiento por parte de la representante de la Recicladora Culiac\u00e1n, por su arduo trabajo en la coordinaci\u00f3n del proyecto, con lo cual se evit\u00f3 la tala de 119 \u00e1rboles y el gasto de 220 mil litros de agua.<\/p>\n\n\n\n<p>Angulo de Madue\u00f1a destac\u00f3 que el compromiso de la comunidad Rosalina por continuar la jornada de reciclaje es permanente, ya que es importante darle un seguimiento y reflexionar sobre las diferentes maneras en las que se puede apoyar al medio ambiente dentro y fuera de la instituci\u00f3n.<\/p>\n\n\n\n<p>\u201cEl el cuidar la madre tierra, como lo dice el maestro Mateo Ceja, es de todos los d\u00edas, no es \u00fanicamente un d\u00eda, en donde se hizo un evento y ah\u00ed termin\u00f3 todo, sino que lo importante es estarle dando seguimiento y todos los d\u00edas estar pensando qu\u00e9 podemos hacer para cuidar nuestro planeta, nuestro medio ambiente\u201d, expres\u00f3.<\/p>\n\n\n\n<p>Por su parte, la ingeniera Rub\u00ed Mariana Romero Hern\u00e1ndez, representante de la empresa aliada Recicladora Culiac\u00e1n, felicit\u00f3 a la Universidad por apostarle a estas pr\u00e1cticas que aportan al bienestar colectivo de la sociedad.<\/p>\n\n\n\n<p>\u201cSon pocas las escuelas que han adoptado este tipo de esquemas permanente, y est\u00e1 muy padre porque tuvieron unos resultados bastante buenos para ser su primer programa (\u2026) si\u00e9ntanse orgullosos y orgullosas de ustedes mismos\u201d, resalt\u00f3.<\/p>\n\n\n\n<p>Posteriormente, se dio paso a una entrega simb\u00f3lica de donaci\u00f3n de libros reciclados por parte de la Preparatoria Central Diurna, presentados por la directora Marisol Mendoza Flores, la coordinadora Dulce Meraz y alumnos del plantel educativo, asimismo se continu\u00f3 con la entrega de reconocimientos a los participantes de las doce unidades acad\u00e9micas.<\/p>\n\n\n\n<p>La maestra Sof\u00eda Angulo realiz\u00f3 una invitaci\u00f3n a los directores de la M\u00e1xima Casa de Estudios a sumarse a esta iniciativa, recordando que si con las primeras doce unidades acad\u00e9micas que se incorporaron se recaud\u00f3 una alta cantidad de libros reciclados, esa suma puede superarse si se contin\u00faa el trabajo en equipo por el medio ambiente.<\/p>\n","protected":false},"excerpt":{"rendered":"<p>La instituci\u00f3n evit\u00f3 la tala de 119 \u00e1rboles y el gasto de 220 mil litros de agua. Culiac\u00e1n, Sinaloa.- La Universidad Aut\u00f3noma de Sinaloa (UAS), a trav\u00e9s de la Unidad de Bienestar Universitario (UBU), en coordinaci\u00f3n con Recicladora Culiac\u00e1n S.A. de C.V. llev\u00f3 a cabo la entrega de reconocimientos a las doce unidades acad\u00e9micas que [&hellip;]<\/p>\n","protected":false},"author":4,"featured_media":43454,"comment_status":"open","ping_status":"open","sticky":false,"template":"","format":"standard","meta":{"tdm_status":"","tdm_grid_status":"","footnotes":""},"categories":[38],"tags":[],"class_list":{"0":"post-43453","1":"post","2":"type-post","3":"status-publish","4":"format-standard","5":"has-post-thumbnail","7":"category-noticias-locales"},"yoast_head":"<!-- This site is optimized with the Yoast SEO plugin v27.5 - https:\/\/yoast.com\/product\/yoast-seo-wordpress\/ -->\n<title>Reconocen el trabajo de la UAS en pro del medio ambiente - Fuentes Fidedignas<\/title>\n<meta name=\"robots\" content=\"index, follow, max-snippet:-1, max-image-preview:large, max-video-preview:-1\" \/>\n<link rel=\"canonical\" href=\"https:\/\/fuentesfidedignas.com.mx\/index.php\/2022\/09\/28\/reconocen-el-trabajo-de-la-uas-en-pro-del-medio-ambiente\/\" \/>\n<meta property=\"og:locale\" content=\"es_MX\" \/>\n<meta property=\"og:type\" content=\"article\" \/>\n<meta property=\"og:title\" content=\"Reconocen el trabajo de la UAS en pro del medio ambiente - Fuentes Fidedignas\" \/>\n<meta property=\"og:description\" content=\"La instituci\u00f3n evit\u00f3 la tala de 119 \u00e1rboles y el gasto de 220 mil litros de agua. Culiac\u00e1n, Sinaloa.- La Universidad Aut\u00f3noma de Sinaloa (UAS), a trav\u00e9s de la Unidad de Bienestar Universitario (UBU), en coordinaci\u00f3n con Recicladora Culiac\u00e1n S.A. de C.V. llev\u00f3 a cabo la entrega de reconocimientos a las doce unidades acad\u00e9micas que [&hellip;]\" \/>\n<meta property=\"og:url\" content=\"https:\/\/fuentesfidedignas.com.mx\/index.php\/2022\/09\/28\/reconocen-el-trabajo-de-la-uas-en-pro-del-medio-ambiente\/\" \/>\n<meta property=\"og:site_name\" content=\"Fuentes Fidedignas\" \/>\n<meta property=\"article:publisher\" content=\"https:\/\/www.facebook.com\/Fuentes-Fidedignas-368234489921644\" \/>\n<meta property=\"article:published_time\" content=\"2022-09-28T22:49:00+00:00\" \/>\n<meta property=\"article:modified_time\" content=\"2022-09-28T23:52:59+00:00\" \/>\n<meta property=\"og:image\" content=\"https:\/\/fuentesfidedignas.com.mx\/wp-content\/uploads\/2022\/09\/Reconocen-trabajo-en-pro-del-medio-ambiente-1.jpg\" \/>\n\t<meta property=\"og:image:width\" content=\"1280\" \/>\n\t<meta property=\"og:image:height\" content=\"577\" \/>\n\t<meta property=\"og:image:type\" content=\"image\/jpeg\" \/>\n<meta name=\"author\" content=\"Redacci\u00f3n\" \/>\n<meta name=\"twitter:card\" content=\"summary_large_image\" \/>\n<meta name=\"twitter:creator\" content=\"@fidedignas\" \/>\n<meta name=\"twitter:site\" content=\"@fidedignas\" \/>\n<meta name=\"twitter:label1\" content=\"Escrito por\" \/>\n\t<meta name=\"twitter:data1\" content=\"Redacci\u00f3n\" \/>\n\t<meta name=\"twitter:label2\" content=\"Tiempo de lectura\" \/>\n\t<meta name=\"twitter:data2\" content=\"2 minutos\" \/>\n<script type=\"application\/ld+json\" class=\"yoast-schema-graph\">{\"@context\":\"https:\\\/\\\/schema.org\",\"@graph\":[{\"@type\":\"Article\",\"@id\":\"https:\\\/\\\/fuentesfidedignas.com.mx\\\/index.php\\\/2022\\\/09\\\/28\\\/reconocen-el-trabajo-de-la-uas-en-pro-del-medio-ambiente\\\/#article\",\"isPartOf\":{\"@id\":\"https:\\\/\\\/fuentesfidedignas.com.mx\\\/index.php\\\/2022\\\/09\\\/28\\\/reconocen-el-trabajo-de-la-uas-en-pro-del-medio-ambiente\\\/\"},\"author\":{\"name\":\"Redacci\u00f3n\",\"@id\":\"https:\\\/\\\/fuentesfidedignas.com.mx\\\/#\\\/schema\\\/person\\\/331be9283d37198e2acd5750279085b0\"},\"headline\":\"Reconocen el trabajo de la UAS en pro del medio ambiente\",\"datePublished\":\"2022-09-28T22:49:00+00:00\",\"dateModified\":\"2022-09-28T23:52:59+00:00\",\"mainEntityOfPage\":{\"@id\":\"https:\\\/\\\/fuentesfidedignas.com.mx\\\/index.php\\\/2022\\\/09\\\/28\\\/reconocen-el-trabajo-de-la-uas-en-pro-del-medio-ambiente\\\/\"},\"wordCount\":464,\"commentCount\":0,\"publisher\":{\"@id\":\"https:\\\/\\\/fuentesfidedignas.com.mx\\\/#organization\"},\"image\":{\"@id\":\"https:\\\/\\\/fuentesfidedignas.com.mx\\\/index.php\\\/2022\\\/09\\\/28\\\/reconocen-el-trabajo-de-la-uas-en-pro-del-medio-ambiente\\\/#primaryimage\"},\"thumbnailUrl\":\"https:\\\/\\\/fuentesfidedignas.com.mx\\\/wp-content\\\/uploads\\\/2022\\\/09\\\/Reconocen-trabajo-en-pro-del-medio-ambiente-1.jpg\",\"articleSection\":[\"NOTICIAS LOCALES\"],\"inLanguage\":\"es\",\"potentialAction\":[{\"@type\":\"CommentAction\",\"name\":\"Comment\",\"target\":[\"https:\\\/\\\/fuentesfidedignas.com.mx\\\/index.php\\\/2022\\\/09\\\/28\\\/reconocen-el-trabajo-de-la-uas-en-pro-del-medio-ambiente\\\/#respond\"]}]},{\"@type\":\"WebPage\",\"@id\":\"https:\\\/\\\/fuentesfidedignas.com.mx\\\/index.php\\\/2022\\\/09\\\/28\\\/reconocen-el-trabajo-de-la-uas-en-pro-del-medio-ambiente\\\/\",\"url\":\"https:\\\/\\\/fuentesfidedignas.com.mx\\\/index.php\\\/2022\\\/09\\\/28\\\/reconocen-el-trabajo-de-la-uas-en-pro-del-medio-ambiente\\\/\",\"name\":\"Reconocen el trabajo de la UAS en pro del medio ambiente - Fuentes Fidedignas\",\"isPartOf\":{\"@id\":\"https:\\\/\\\/fuentesfidedignas.com.mx\\\/#website\"},\"primaryImageOfPage\":{\"@id\":\"https:\\\/\\\/fuentesfidedignas.com.mx\\\/index.php\\\/2022\\\/09\\\/28\\\/reconocen-el-trabajo-de-la-uas-en-pro-del-medio-ambiente\\\/#primaryimage\"},\"image\":{\"@id\":\"https:\\\/\\\/fuentesfidedignas.com.mx\\\/index.php\\\/2022\\\/09\\\/28\\\/reconocen-el-trabajo-de-la-uas-en-pro-del-medio-ambiente\\\/#primaryimage\"},\"thumbnailUrl\":\"https:\\\/\\\/fuentesfidedignas.com.mx\\\/wp-content\\\/uploads\\\/2022\\\/09\\\/Reconocen-trabajo-en-pro-del-medio-ambiente-1.jpg\",\"datePublished\":\"2022-09-28T22:49:00+00:00\",\"dateModified\":\"2022-09-28T23:52:59+00:00\",\"breadcrumb\":{\"@id\":\"https:\\\/\\\/fuentesfidedignas.com.mx\\\/index.php\\\/2022\\\/09\\\/28\\\/reconocen-el-trabajo-de-la-uas-en-pro-del-medio-ambiente\\\/#breadcrumb\"},\"inLanguage\":\"es\",\"potentialAction\":[{\"@type\":\"ReadAction\",\"target\":[\"https:\\\/\\\/fuentesfidedignas.com.mx\\\/index.php\\\/2022\\\/09\\\/28\\\/reconocen-el-trabajo-de-la-uas-en-pro-del-medio-ambiente\\\/\"]}]},{\"@type\":\"ImageObject\",\"inLanguage\":\"es\",\"@id\":\"https:\\\/\\\/fuentesfidedignas.com.mx\\\/index.php\\\/2022\\\/09\\\/28\\\/reconocen-el-trabajo-de-la-uas-en-pro-del-medio-ambiente\\\/#primaryimage\",\"url\":\"https:\\\/\\\/fuentesfidedignas.com.mx\\\/wp-content\\\/uploads\\\/2022\\\/09\\\/Reconocen-trabajo-en-pro-del-medio-ambiente-1.jpg\",\"contentUrl\":\"https:\\\/\\\/fuentesfidedignas.com.mx\\\/wp-content\\\/uploads\\\/2022\\\/09\\\/Reconocen-trabajo-en-pro-del-medio-ambiente-1.jpg\",\"width\":1280,\"height\":577},{\"@type\":\"BreadcrumbList\",\"@id\":\"https:\\\/\\\/fuentesfidedignas.com.mx\\\/index.php\\\/2022\\\/09\\\/28\\\/reconocen-el-trabajo-de-la-uas-en-pro-del-medio-ambiente\\\/#breadcrumb\",\"itemListElement\":[{\"@type\":\"ListItem\",\"position\":1,\"name\":\"Inicio\",\"item\":\"https:\\\/\\\/fuentesfidedignas.com.mx\\\/\"},{\"@type\":\"ListItem\",\"position\":2,\"name\":\"Reconocen el trabajo de la UAS en pro del medio ambiente\"}]},{\"@type\":\"WebSite\",\"@id\":\"https:\\\/\\\/fuentesfidedignas.com.mx\\\/#website\",\"url\":\"https:\\\/\\\/fuentesfidedignas.com.mx\\\/\",\"name\":\"Fuentes Fidedignas\",\"description\":\"Otro sitio realizado con WordPress\",\"publisher\":{\"@id\":\"https:\\\/\\\/fuentesfidedignas.com.mx\\\/#organization\"},\"potentialAction\":[{\"@type\":\"SearchAction\",\"target\":{\"@type\":\"EntryPoint\",\"urlTemplate\":\"https:\\\/\\\/fuentesfidedignas.com.mx\\\/?s={search_term_string}\"},\"query-input\":{\"@type\":\"PropertyValueSpecification\",\"valueRequired\":true,\"valueName\":\"search_term_string\"}}],\"inLanguage\":\"es\"},{\"@type\":\"Organization\",\"@id\":\"https:\\\/\\\/fuentesfidedignas.com.mx\\\/#organization\",\"name\":\"Fuentes Fidedignas\",\"url\":\"https:\\\/\\\/fuentesfidedignas.com.mx\\\/\",\"logo\":{\"@type\":\"ImageObject\",\"inLanguage\":\"es\",\"@id\":\"https:\\\/\\\/fuentesfidedignas.com.mx\\\/#\\\/schema\\\/logo\\\/image\\\/\",\"url\":\"https:\\\/\\\/fuentesfidedignas.com.mx\\\/wp-content\\\/uploads\\\/2021\\\/04\\\/logo-retina.png\",\"contentUrl\":\"https:\\\/\\\/fuentesfidedignas.com.mx\\\/wp-content\\\/uploads\\\/2021\\\/04\\\/logo-retina.png\",\"width\":280,\"height\":51,\"caption\":\"Fuentes Fidedignas\"},\"image\":{\"@id\":\"https:\\\/\\\/fuentesfidedignas.com.mx\\\/#\\\/schema\\\/logo\\\/image\\\/\"},\"sameAs\":[\"https:\\\/\\\/www.facebook.com\\\/Fuentes-Fidedignas-368234489921644\",\"https:\\\/\\\/x.com\\\/fidedignas\"]},{\"@type\":\"Person\",\"@id\":\"https:\\\/\\\/fuentesfidedignas.com.mx\\\/#\\\/schema\\\/person\\\/331be9283d37198e2acd5750279085b0\",\"name\":\"Redacci\u00f3n\",\"image\":{\"@type\":\"ImageObject\",\"inLanguage\":\"es\",\"@id\":\"https:\\\/\\\/secure.gravatar.com\\\/avatar\\\/f6d8782c11d12b2d4ad3fbb6931aeab5309937a4d6cd2fc9cfaa28a6396a5aec?s=96&d=mm&r=g\",\"url\":\"https:\\\/\\\/secure.gravatar.com\\\/avatar\\\/f6d8782c11d12b2d4ad3fbb6931aeab5309937a4d6cd2fc9cfaa28a6396a5aec?s=96&d=mm&r=g\",\"contentUrl\":\"https:\\\/\\\/secure.gravatar.com\\\/avatar\\\/f6d8782c11d12b2d4ad3fbb6931aeab5309937a4d6cd2fc9cfaa28a6396a5aec?s=96&d=mm&r=g\",\"caption\":\"Redacci\u00f3n\"},\"url\":\"https:\\\/\\\/fuentesfidedignas.com.mx\\\/index.php\\\/author\\\/redaccion\\\/\"}]}<\/script>\n<!-- \/ Yoast SEO plugin. -->","yoast_head_json":{"title":"Reconocen el trabajo de la UAS en pro del medio ambiente - Fuentes Fidedignas","robots":{"index":"index","follow":"follow","max-snippet":"max-snippet:-1","max-image-preview":"max-image-preview:large","max-video-preview":"max-video-preview:-1"},"canonical":"https:\/\/fuentesfidedignas.com.mx\/index.php\/2022\/09\/28\/reconocen-el-trabajo-de-la-uas-en-pro-del-medio-ambiente\/","og_locale":"es_MX","og_type":"article","og_title":"Reconocen el trabajo de la UAS en pro del medio ambiente - Fuentes Fidedignas","og_description":"La instituci\u00f3n evit\u00f3 la tala de 119 \u00e1rboles y el gasto de 220 mil litros de agua. Culiac\u00e1n, Sinaloa.- La Universidad Aut\u00f3noma de Sinaloa (UAS), a trav\u00e9s de la Unidad de Bienestar Universitario (UBU), en coordinaci\u00f3n con Recicladora Culiac\u00e1n S.A. de C.V. llev\u00f3 a cabo la entrega de reconocimientos a las doce unidades acad\u00e9micas que [&hellip;]","og_url":"https:\/\/fuentesfidedignas.com.mx\/index.php\/2022\/09\/28\/reconocen-el-trabajo-de-la-uas-en-pro-del-medio-ambiente\/","og_site_name":"Fuentes Fidedignas","article_publisher":"https:\/\/www.facebook.com\/Fuentes-Fidedignas-368234489921644","article_published_time":"2022-09-28T22:49:00+00:00","article_modified_time":"2022-09-28T23:52:59+00:00","og_image":[{"width":1280,"height":577,"url":"https:\/\/fuentesfidedignas.com.mx\/wp-content\/uploads\/2022\/09\/Reconocen-trabajo-en-pro-del-medio-ambiente-1.jpg","type":"image\/jpeg"}],"author":"Redacci\u00f3n","twitter_card":"summary_large_image","twitter_creator":"@fidedignas","twitter_site":"@fidedignas","twitter_misc":{"Escrito por":"Redacci\u00f3n","Tiempo de lectura":"2 minutos"},"schema":{"@context":"https:\/\/schema.org","@graph":[{"@type":"Article","@id":"https:\/\/fuentesfidedignas.com.mx\/index.php\/2022\/09\/28\/reconocen-el-trabajo-de-la-uas-en-pro-del-medio-ambiente\/#article","isPartOf":{"@id":"https:\/\/fuentesfidedignas.com.mx\/index.php\/2022\/09\/28\/reconocen-el-trabajo-de-la-uas-en-pro-del-medio-ambiente\/"},"author":{"name":"Redacci\u00f3n","@id":"https:\/\/fuentesfidedignas.com.mx\/#\/schema\/person\/331be9283d37198e2acd5750279085b0"},"headline":"Reconocen el trabajo de la UAS en pro del medio ambiente","datePublished":"2022-09-28T22:49:00+00:00","dateModified":"2022-09-28T23:52:59+00:00","mainEntityOfPage":{"@id":"https:\/\/fuentesfidedignas.com.mx\/index.php\/2022\/09\/28\/reconocen-el-trabajo-de-la-uas-en-pro-del-medio-ambiente\/"},"wordCount":464,"commentCount":0,"publisher":{"@id":"https:\/\/fuentesfidedignas.com.mx\/#organization"},"image":{"@id":"https:\/\/fuentesfidedignas.com.mx\/index.php\/2022\/09\/28\/reconocen-el-trabajo-de-la-uas-en-pro-del-medio-ambiente\/#primaryimage"},"thumbnailUrl":"https:\/\/fuentesfidedignas.com.mx\/wp-content\/uploads\/2022\/09\/Reconocen-trabajo-en-pro-del-medio-ambiente-1.jpg","articleSection":["NOTICIAS LOCALES"],"inLanguage":"es","potentialAction":[{"@type":"CommentAction","name":"Comment","target":["https:\/\/fuentesfidedignas.com.mx\/index.php\/2022\/09\/28\/reconocen-el-trabajo-de-la-uas-en-pro-del-medio-ambiente\/#respond"]}]},{"@type":"WebPage","@id":"https:\/\/fuentesfidedignas.com.mx\/index.php\/2022\/09\/28\/reconocen-el-trabajo-de-la-uas-en-pro-del-medio-ambiente\/","url":"https:\/\/fuentesfidedignas.com.mx\/index.php\/2022\/09\/28\/reconocen-el-trabajo-de-la-uas-en-pro-del-medio-ambiente\/","name":"Reconocen el trabajo de la UAS en pro del medio ambiente - Fuentes Fidedignas","isPartOf":{"@id":"https:\/\/fuentesfidedignas.com.mx\/#website"},"primaryImageOfPage":{"@id":"https:\/\/fuentesfidedignas.com.mx\/index.php\/2022\/09\/28\/reconocen-el-trabajo-de-la-uas-en-pro-del-medio-ambiente\/#primaryimage"},"image":{"@id":"https:\/\/fuentesfidedignas.com.mx\/index.php\/2022\/09\/28\/reconocen-el-trabajo-de-la-uas-en-pro-del-medio-ambiente\/#primaryimage"},"thumbnailUrl":"https:\/\/fuentesfidedignas.com.mx\/wp-content\/uploads\/2022\/09\/Reconocen-trabajo-en-pro-del-medio-ambiente-1.jpg","datePublished":"2022-09-28T22:49:00+00:00","dateModified":"2022-09-28T23:52:59+00:00","breadcrumb":{"@id":"https:\/\/fuentesfidedignas.com.mx\/index.php\/2022\/09\/28\/reconocen-el-trabajo-de-la-uas-en-pro-del-medio-ambiente\/#breadcrumb"},"inLanguage":"es","potentialAction":[{"@type":"ReadAction","target":["https:\/\/fuentesfidedignas.com.mx\/index.php\/2022\/09\/28\/reconocen-el-trabajo-de-la-uas-en-pro-del-medio-ambiente\/"]}]},{"@type":"ImageObject","inLanguage":"es","@id":"https:\/\/fuentesfidedignas.com.mx\/index.php\/2022\/09\/28\/reconocen-el-trabajo-de-la-uas-en-pro-del-medio-ambiente\/#primaryimage","url":"https:\/\/fuentesfidedignas.com.mx\/wp-content\/uploads\/2022\/09\/Reconocen-trabajo-en-pro-del-medio-ambiente-1.jpg","contentUrl":"https:\/\/fuentesfidedignas.com.mx\/wp-content\/uploads\/2022\/09\/Reconocen-trabajo-en-pro-del-medio-ambiente-1.jpg","width":1280,"height":577},{"@type":"BreadcrumbList","@id":"https:\/\/fuentesfidedignas.com.mx\/index.php\/2022\/09\/28\/reconocen-el-trabajo-de-la-uas-en-pro-del-medio-ambiente\/#breadcrumb","itemListElement":[{"@type":"ListItem","position":1,"name":"Inicio","item":"https:\/\/fuentesfidedignas.com.mx\/"},{"@type":"ListItem","position":2,"name":"Reconocen el trabajo de la UAS en pro del medio ambiente"}]},{"@type":"WebSite","@id":"https:\/\/fuentesfidedignas.com.mx\/#website","url":"https:\/\/fuentesfidedignas.com.mx\/","name":"Fuentes Fidedignas","description":"Otro sitio realizado con WordPress","publisher":{"@id":"https:\/\/fuentesfidedignas.com.mx\/#organization"},"potentialAction":[{"@type":"SearchAction","target":{"@type":"EntryPoint","urlTemplate":"https:\/\/fuentesfidedignas.com.mx\/?s={search_term_string}"},"query-input":{"@type":"PropertyValueSpecification","valueRequired":true,"valueName":"search_term_string"}}],"inLanguage":"es"},{"@type":"Organization","@id":"https:\/\/fuentesfidedignas.com.mx\/#organization","name":"Fuentes Fidedignas","url":"https:\/\/fuentesfidedignas.com.mx\/","logo":{"@type":"ImageObject","inLanguage":"es","@id":"https:\/\/fuentesfidedignas.com.mx\/#\/schema\/logo\/image\/","url":"https:\/\/fuentesfidedignas.com.mx\/wp-content\/uploads\/2021\/04\/logo-retina.png","contentUrl":"https:\/\/fuentesfidedignas.com.mx\/wp-content\/uploads\/2021\/04\/logo-retina.png","width":280,"height":51,"caption":"Fuentes Fidedignas"},"image":{"@id":"https:\/\/fuentesfidedignas.com.mx\/#\/schema\/logo\/image\/"},"sameAs":["https:\/\/www.facebook.com\/Fuentes-Fidedignas-368234489921644","https:\/\/x.com\/fidedignas"]},{"@type":"Person","@id":"https:\/\/fuentesfidedignas.com.mx\/#\/schema\/person\/331be9283d37198e2acd5750279085b0","name":"Redacci\u00f3n","image":{"@type":"ImageObject","inLanguage":"es","@id":"https:\/\/secure.gravatar.com\/avatar\/f6d8782c11d12b2d4ad3fbb6931aeab5309937a4d6cd2fc9cfaa28a6396a5aec?s=96&d=mm&r=g","url":"https:\/\/secure.gravatar.com\/avatar\/f6d8782c11d12b2d4ad3fbb6931aeab5309937a4d6cd2fc9cfaa28a6396a5aec?s=96&d=mm&r=g","contentUrl":"https:\/\/secure.gravatar.com\/avatar\/f6d8782c11d12b2d4ad3fbb6931aeab5309937a4d6cd2fc9cfaa28a6396a5aec?s=96&d=mm&r=g","caption":"Redacci\u00f3n"},"url":"https:\/\/fuentesfidedignas.com.mx\/index.php\/author\/redaccion\/"}]}},"_links":{"self":[{"href":"https:\/\/fuentesfidedignas.com.mx\/index.php\/wp-json\/wp\/v2\/posts\/43453","targetHints":{"allow":["GET"]}}],"collection":[{"href":"https:\/\/fuentesfidedignas.com.mx\/index.php\/wp-json\/wp\/v2\/posts"}],"about":[{"href":"https:\/\/fuentesfidedignas.com.mx\/index.php\/wp-json\/wp\/v2\/types\/post"}],"author":[{"embeddable":true,"href":"https:\/\/fuentesfidedignas.com.mx\/index.php\/wp-json\/wp\/v2\/users\/4"}],"replies":[{"embeddable":true,"href":"https:\/\/fuentesfidedignas.com.mx\/index.php\/wp-json\/wp\/v2\/comments?post=43453"}],"version-history":[{"count":1,"href":"https:\/\/fuentesfidedignas.com.mx\/index.php\/wp-json\/wp\/v2\/posts\/43453\/revisions"}],"predecessor-version":[{"id":43455,"href":"https:\/\/fuentesfidedignas.com.mx\/index.php\/wp-json\/wp\/v2\/posts\/43453\/revisions\/43455"}],"wp:featuredmedia":[{"embeddable":true,"href":"https:\/\/fuentesfidedignas.com.mx\/index.php\/wp-json\/wp\/v2\/media\/43454"}],"wp:attachment":[{"href":"https:\/\/fuentesfidedignas.com.mx\/index.php\/wp-json\/wp\/v2\/media?parent=43453"}],"wp:term":[{"taxonomy":"category","embeddable":true,"href":"https:\/\/fuentesfidedignas.com.mx\/index.php\/wp-json\/wp\/v2\/categories?post=43453"},{"taxonomy":"post_tag","embeddable":true,"href":"https:\/\/fuentesfidedignas.com.mx\/index.php\/wp-json\/wp\/v2\/tags?post=43453"}],"curies":[{"name":"wp","href":"https:\/\/api.w.org\/{rel}","templated":true}]}}