{"id":43445,"date":"2022-09-28T16:04:00","date_gmt":"2022-09-28T22:04:00","guid":{"rendered":"https:\/\/fuentesfidedignas.com.mx\/?p=43445"},"modified":"2022-09-28T17:08:39","modified_gmt":"2022-09-28T23:08:39","slug":"rinden-protesta-secretario-ejecutivo-titulares-de-coordinaciones-jefaturas-de-areas-y-unidades-tecnicas-del-iees","status":"publish","type":"post","link":"https:\/\/fuentesfidedignas.com.mx\/index.php\/2022\/09\/28\/rinden-protesta-secretario-ejecutivo-titulares-de-coordinaciones-jefaturas-de-areas-y-unidades-tecnicas-del-iees\/","title":{"rendered":"Rinden protesta secretario ejecutivo, titulares de coordinaciones, jefaturas de \u00e1reas y unidades t\u00e9cnicas del IEES"},"content":{"rendered":"\n<p><strong><em>De esta manera, el Consejo General aval\u00f3 la designaci\u00f3n de Jos\u00e9 Guadalupe Guicho Rojas como titular de la Secretar\u00eda Ejecutivo<\/em><\/strong><\/p>\n\n\n\n<p>Culiac\u00e1n, Sinaloa.- A propuesta del Consejero Presidente del Instituto Electoral del Estado de Sinaloa (IEES), Arturo Fajardo Mej\u00eda, con fundamento en la fracci\u00f3n II del art\u00edculo 148 de la Ley de Instituciones y Procedimientos Electorales del Estado de Sinaloa (LIPEES), y 24, numeral 6 del Reglamento de Elecciones, el Consejo General aprob\u00f3 en sesi\u00f3n extraordinaria la designaci\u00f3n y ratificaci\u00f3n de las y los servidores p\u00fablicos titulares de la Secretar\u00eda Ejecutiva, Coordinaciones, Jefaturas de \u00c1rea y Unidades t\u00e9cnicas.<\/p>\n\n\n\n<p>De esta manera, el Consejo General aval\u00f3 la designaci\u00f3n de Jos\u00e9 Guadalupe Guicho Rojas como titular de la Secretar\u00eda Ejecutiva, quien es Licenciado en Derecho, en Contadur\u00eda P\u00fablica y Maestr\u00eda en Derecho Electoral. En 2001, fue auxiliar de la Coordinaci\u00f3n de Organizaci\u00f3n Electoral, en el Consejo Estatal Electoral de Sinaloa; en 2001-2004 fue Director del Registro Estatal de Electores, en el Consejo Estatal Electoral de Sinaloa; en 2004-2015 fungi\u00f3 como Jefe del \u00c1rea T\u00e9cnica de Fiscalizaci\u00f3n a Partidos Pol\u00edticos, en el Consejo Estatal Electoral de Sinaloa; y desde septiembre del 2015 se desempe\u00f1\u00f3 como Coordinador de Prerrogativas a Partidos Pol\u00edticos del IEES.<\/p>\n\n\n\n<p>Tambi\u00e9n se efectuaron los nombramientos de Carmen Julieta Rodr\u00edguez Campos, como titular de la Coordinaci\u00f3n de Prerrogativas de Partidos Pol\u00edticos y Jennifer Sof\u00eda Ochoa Castro, como titular de la Jefatura del \u00c1rea de Comunicaci\u00f3n.<\/p>\n\n\n\n<p>Asimismo las ratificaciones de los cargos que ven\u00edan desempe\u00f1ando: Martha Beatriz I\u00f1iguez Mend\u00edvil como titular de la Coordinaci\u00f3n de Administraci\u00f3n, Jorge Iv\u00e1n Hern\u00e1ndez Ruiz como titular de la Coordinaci\u00f3n de Organizaci\u00f3n, Blanca Yadira Villegas Guzm\u00e1n como titular de la Coordinaci\u00f3n de Educaci\u00f3n C\u00edvica, Carmen Mar\u00eda G\u00f3mez Llanos Pe\u00f1a como titular de la jefatura del \u00c1rea de Sistemas Inform\u00e1ticos.<\/p>\n\n\n\n<p>De igual forma, Roberto Claudio Uriarte Mend\u00edvil como titular de la Jefatura del \u00c1rea Coordinadora de Archivos, Guadalupe Mendoza Padilla como titular de la Unidad de Trasparencia y. Melina Amilamia Le\u00f3n Verdugo como titular de la Unidad T\u00e9cnicas de Vinculaci\u00f3n con el INE y Servicio Profesional Electoral.<\/p>\n\n\n\n<p>Tras tomarles la protesta de ley, el Consejero Presidente se\u00f1al\u00f3 que la informaci\u00f3n curricular de las personas propuestas estuvo sujeta a la valoraci\u00f3n de las y los Consejeros Electorales, quienes les realizaron una entrevista cuya metodolog\u00eda permiti\u00f3 constatar las habilidades competenciales de las y los aspirantes en liderazgo, comunicaci\u00f3n, profesionalismo e integridad; competencias que resultan indispensables para ocupar los cargos mencionados.<\/p>\n\n\n\n<p>Destac\u00f3 que las personas propuestas para desempe\u00f1ar un nuevo cargo o bien para ser ratificadas en el que actualmente ocupan, cuentan con una reconocida trayectoria electoral, forman parte del equipo de profesionales de este Instituto y sin duda se conducir\u00e1n conforme a los principios constitucionales y legales del ejercicio de la funci\u00f3n electoral.<\/p>\n\n\n\n<p>A su vez, las Consejeras y Consejeros Electorales del IEES, Gloria Icela Garc\u00eda Cuadras, Marisol Quevedo Gonz\u00e1lez, \u00d3scar S\u00e1nchez F\u00e9lix y Mart\u00edn Gonz\u00e1lez Burgos externaron en sus intervenciones su voto de confianza a las personas designadas y ratificadas a desempe\u00f1arse bajo los principios rectores del \u00f3rgano electoral en beneficio de la ciudadan\u00eda y para el fortalecimiento de la democracia; adem\u00e1s reconocieron las trayectorias de todas y todos, quienes forman parte de este Instituto.<\/p>\n","protected":false},"excerpt":{"rendered":"<p>De esta manera, el Consejo General aval\u00f3 la designaci\u00f3n de Jos\u00e9 Guadalupe Guicho Rojas como titular de la Secretar\u00eda Ejecutivo Culiac\u00e1n, Sinaloa.- A propuesta del Consejero Presidente del Instituto Electoral del Estado de Sinaloa (IEES), Arturo Fajardo Mej\u00eda, con fundamento en la fracci\u00f3n II del art\u00edculo 148 de la Ley de Instituciones y Procedimientos Electorales [&hellip;]<\/p>\n","protected":false},"author":4,"featured_media":43446,"comment_status":"open","ping_status":"open","sticky":false,"template":"","format":"standard","meta":{"tdm_status":"","tdm_grid_status":"","footnotes":""},"categories":[38],"tags":[],"class_list":{"0":"post-43445","1":"post","2":"type-post","3":"status-publish","4":"format-standard","5":"has-post-thumbnail","7":"category-noticias-locales"},"yoast_head":"<!-- This site is optimized with the Yoast SEO plugin v27.5 - https:\/\/yoast.com\/product\/yoast-seo-wordpress\/ -->\n<title>Rinden protesta secretario ejecutivo, titulares de coordinaciones, jefaturas de \u00e1reas y unidades t\u00e9cnicas del IEES - Fuentes Fidedignas<\/title>\n<meta name=\"robots\" content=\"index, follow, max-snippet:-1, max-image-preview:large, max-video-preview:-1\" \/>\n<link rel=\"canonical\" href=\"https:\/\/fuentesfidedignas.com.mx\/index.php\/2022\/09\/28\/rinden-protesta-secretario-ejecutivo-titulares-de-coordinaciones-jefaturas-de-areas-y-unidades-tecnicas-del-iees\/\" \/>\n<meta property=\"og:locale\" content=\"es_MX\" \/>\n<meta property=\"og:type\" content=\"article\" \/>\n<meta property=\"og:title\" content=\"Rinden protesta secretario ejecutivo, titulares de coordinaciones, jefaturas de \u00e1reas y unidades t\u00e9cnicas del IEES - Fuentes Fidedignas\" \/>\n<meta property=\"og:description\" content=\"De esta manera, el Consejo General aval\u00f3 la designaci\u00f3n de Jos\u00e9 Guadalupe Guicho Rojas como titular de la Secretar\u00eda Ejecutivo Culiac\u00e1n, Sinaloa.- A propuesta del Consejero Presidente del Instituto Electoral del Estado de Sinaloa (IEES), Arturo Fajardo Mej\u00eda, con fundamento en la fracci\u00f3n II del art\u00edculo 148 de la Ley de Instituciones y Procedimientos Electorales [&hellip;]\" \/>\n<meta property=\"og:url\" content=\"https:\/\/fuentesfidedignas.com.mx\/index.php\/2022\/09\/28\/rinden-protesta-secretario-ejecutivo-titulares-de-coordinaciones-jefaturas-de-areas-y-unidades-tecnicas-del-iees\/\" \/>\n<meta property=\"og:site_name\" content=\"Fuentes Fidedignas\" \/>\n<meta property=\"article:publisher\" content=\"https:\/\/www.facebook.com\/Fuentes-Fidedignas-368234489921644\" \/>\n<meta property=\"article:published_time\" content=\"2022-09-28T22:04:00+00:00\" \/>\n<meta property=\"article:modified_time\" content=\"2022-09-28T23:08:39+00:00\" \/>\n<meta property=\"og:image\" content=\"https:\/\/fuentesfidedignas.com.mx\/wp-content\/uploads\/2022\/09\/IEES.jpeg\" \/>\n\t<meta property=\"og:image:width\" content=\"1280\" \/>\n\t<meta property=\"og:image:height\" content=\"960\" \/>\n\t<meta property=\"og:image:type\" content=\"image\/jpeg\" \/>\n<meta name=\"author\" content=\"Redacci\u00f3n\" \/>\n<meta name=\"twitter:card\" content=\"summary_large_image\" \/>\n<meta name=\"twitter:creator\" content=\"@fidedignas\" \/>\n<meta name=\"twitter:site\" content=\"@fidedignas\" \/>\n<meta name=\"twitter:label1\" content=\"Escrito por\" \/>\n\t<meta name=\"twitter:data1\" content=\"Redacci\u00f3n\" \/>\n\t<meta name=\"twitter:label2\" content=\"Tiempo de lectura\" \/>\n\t<meta name=\"twitter:data2\" content=\"3 minutos\" \/>\n<script type=\"application\/ld+json\" class=\"yoast-schema-graph\">{\"@context\":\"https:\\\/\\\/schema.org\",\"@graph\":[{\"@type\":\"Article\",\"@id\":\"https:\\\/\\\/fuentesfidedignas.com.mx\\\/index.php\\\/2022\\\/09\\\/28\\\/rinden-protesta-secretario-ejecutivo-titulares-de-coordinaciones-jefaturas-de-areas-y-unidades-tecnicas-del-iees\\\/#article\",\"isPartOf\":{\"@id\":\"https:\\\/\\\/fuentesfidedignas.com.mx\\\/index.php\\\/2022\\\/09\\\/28\\\/rinden-protesta-secretario-ejecutivo-titulares-de-coordinaciones-jefaturas-de-areas-y-unidades-tecnicas-del-iees\\\/\"},\"author\":{\"name\":\"Redacci\u00f3n\",\"@id\":\"https:\\\/\\\/fuentesfidedignas.com.mx\\\/#\\\/schema\\\/person\\\/331be9283d37198e2acd5750279085b0\"},\"headline\":\"Rinden protesta secretario ejecutivo, titulares de coordinaciones, jefaturas de \u00e1reas y unidades t\u00e9cnicas del IEES\",\"datePublished\":\"2022-09-28T22:04:00+00:00\",\"dateModified\":\"2022-09-28T23:08:39+00:00\",\"mainEntityOfPage\":{\"@id\":\"https:\\\/\\\/fuentesfidedignas.com.mx\\\/index.php\\\/2022\\\/09\\\/28\\\/rinden-protesta-secretario-ejecutivo-titulares-de-coordinaciones-jefaturas-de-areas-y-unidades-tecnicas-del-iees\\\/\"},\"wordCount\":605,\"commentCount\":0,\"publisher\":{\"@id\":\"https:\\\/\\\/fuentesfidedignas.com.mx\\\/#organization\"},\"image\":{\"@id\":\"https:\\\/\\\/fuentesfidedignas.com.mx\\\/index.php\\\/2022\\\/09\\\/28\\\/rinden-protesta-secretario-ejecutivo-titulares-de-coordinaciones-jefaturas-de-areas-y-unidades-tecnicas-del-iees\\\/#primaryimage\"},\"thumbnailUrl\":\"https:\\\/\\\/fuentesfidedignas.com.mx\\\/wp-content\\\/uploads\\\/2022\\\/09\\\/IEES.jpeg\",\"articleSection\":[\"NOTICIAS LOCALES\"],\"inLanguage\":\"es\",\"potentialAction\":[{\"@type\":\"CommentAction\",\"name\":\"Comment\",\"target\":[\"https:\\\/\\\/fuentesfidedignas.com.mx\\\/index.php\\\/2022\\\/09\\\/28\\\/rinden-protesta-secretario-ejecutivo-titulares-de-coordinaciones-jefaturas-de-areas-y-unidades-tecnicas-del-iees\\\/#respond\"]}]},{\"@type\":\"WebPage\",\"@id\":\"https:\\\/\\\/fuentesfidedignas.com.mx\\\/index.php\\\/2022\\\/09\\\/28\\\/rinden-protesta-secretario-ejecutivo-titulares-de-coordinaciones-jefaturas-de-areas-y-unidades-tecnicas-del-iees\\\/\",\"url\":\"https:\\\/\\\/fuentesfidedignas.com.mx\\\/index.php\\\/2022\\\/09\\\/28\\\/rinden-protesta-secretario-ejecutivo-titulares-de-coordinaciones-jefaturas-de-areas-y-unidades-tecnicas-del-iees\\\/\",\"name\":\"Rinden protesta secretario ejecutivo, titulares de coordinaciones, jefaturas de \u00e1reas y unidades t\u00e9cnicas del IEES - Fuentes Fidedignas\",\"isPartOf\":{\"@id\":\"https:\\\/\\\/fuentesfidedignas.com.mx\\\/#website\"},\"primaryImageOfPage\":{\"@id\":\"https:\\\/\\\/fuentesfidedignas.com.mx\\\/index.php\\\/2022\\\/09\\\/28\\\/rinden-protesta-secretario-ejecutivo-titulares-de-coordinaciones-jefaturas-de-areas-y-unidades-tecnicas-del-iees\\\/#primaryimage\"},\"image\":{\"@id\":\"https:\\\/\\\/fuentesfidedignas.com.mx\\\/index.php\\\/2022\\\/09\\\/28\\\/rinden-protesta-secretario-ejecutivo-titulares-de-coordinaciones-jefaturas-de-areas-y-unidades-tecnicas-del-iees\\\/#primaryimage\"},\"thumbnailUrl\":\"https:\\\/\\\/fuentesfidedignas.com.mx\\\/wp-content\\\/uploads\\\/2022\\\/09\\\/IEES.jpeg\",\"datePublished\":\"2022-09-28T22:04:00+00:00\",\"dateModified\":\"2022-09-28T23:08:39+00:00\",\"breadcrumb\":{\"@id\":\"https:\\\/\\\/fuentesfidedignas.com.mx\\\/index.php\\\/2022\\\/09\\\/28\\\/rinden-protesta-secretario-ejecutivo-titulares-de-coordinaciones-jefaturas-de-areas-y-unidades-tecnicas-del-iees\\\/#breadcrumb\"},\"inLanguage\":\"es\",\"potentialAction\":[{\"@type\":\"ReadAction\",\"target\":[\"https:\\\/\\\/fuentesfidedignas.com.mx\\\/index.php\\\/2022\\\/09\\\/28\\\/rinden-protesta-secretario-ejecutivo-titulares-de-coordinaciones-jefaturas-de-areas-y-unidades-tecnicas-del-iees\\\/\"]}]},{\"@type\":\"ImageObject\",\"inLanguage\":\"es\",\"@id\":\"https:\\\/\\\/fuentesfidedignas.com.mx\\\/index.php\\\/2022\\\/09\\\/28\\\/rinden-protesta-secretario-ejecutivo-titulares-de-coordinaciones-jefaturas-de-areas-y-unidades-tecnicas-del-iees\\\/#primaryimage\",\"url\":\"https:\\\/\\\/fuentesfidedignas.com.mx\\\/wp-content\\\/uploads\\\/2022\\\/09\\\/IEES.jpeg\",\"contentUrl\":\"https:\\\/\\\/fuentesfidedignas.com.mx\\\/wp-content\\\/uploads\\\/2022\\\/09\\\/IEES.jpeg\",\"width\":1280,\"height\":960},{\"@type\":\"BreadcrumbList\",\"@id\":\"https:\\\/\\\/fuentesfidedignas.com.mx\\\/index.php\\\/2022\\\/09\\\/28\\\/rinden-protesta-secretario-ejecutivo-titulares-de-coordinaciones-jefaturas-de-areas-y-unidades-tecnicas-del-iees\\\/#breadcrumb\",\"itemListElement\":[{\"@type\":\"ListItem\",\"position\":1,\"name\":\"Inicio\",\"item\":\"https:\\\/\\\/fuentesfidedignas.com.mx\\\/\"},{\"@type\":\"ListItem\",\"position\":2,\"name\":\"Rinden protesta secretario ejecutivo, titulares de coordinaciones, jefaturas de \u00e1reas y unidades t\u00e9cnicas del IEES\"}]},{\"@type\":\"WebSite\",\"@id\":\"https:\\\/\\\/fuentesfidedignas.com.mx\\\/#website\",\"url\":\"https:\\\/\\\/fuentesfidedignas.com.mx\\\/\",\"name\":\"Fuentes Fidedignas\",\"description\":\"Otro sitio realizado con WordPress\",\"publisher\":{\"@id\":\"https:\\\/\\\/fuentesfidedignas.com.mx\\\/#organization\"},\"potentialAction\":[{\"@type\":\"SearchAction\",\"target\":{\"@type\":\"EntryPoint\",\"urlTemplate\":\"https:\\\/\\\/fuentesfidedignas.com.mx\\\/?s={search_term_string}\"},\"query-input\":{\"@type\":\"PropertyValueSpecification\",\"valueRequired\":true,\"valueName\":\"search_term_string\"}}],\"inLanguage\":\"es\"},{\"@type\":\"Organization\",\"@id\":\"https:\\\/\\\/fuentesfidedignas.com.mx\\\/#organization\",\"name\":\"Fuentes Fidedignas\",\"url\":\"https:\\\/\\\/fuentesfidedignas.com.mx\\\/\",\"logo\":{\"@type\":\"ImageObject\",\"inLanguage\":\"es\",\"@id\":\"https:\\\/\\\/fuentesfidedignas.com.mx\\\/#\\\/schema\\\/logo\\\/image\\\/\",\"url\":\"https:\\\/\\\/fuentesfidedignas.com.mx\\\/wp-content\\\/uploads\\\/2021\\\/04\\\/logo-retina.png\",\"contentUrl\":\"https:\\\/\\\/fuentesfidedignas.com.mx\\\/wp-content\\\/uploads\\\/2021\\\/04\\\/logo-retina.png\",\"width\":280,\"height\":51,\"caption\":\"Fuentes Fidedignas\"},\"image\":{\"@id\":\"https:\\\/\\\/fuentesfidedignas.com.mx\\\/#\\\/schema\\\/logo\\\/image\\\/\"},\"sameAs\":[\"https:\\\/\\\/www.facebook.com\\\/Fuentes-Fidedignas-368234489921644\",\"https:\\\/\\\/x.com\\\/fidedignas\"]},{\"@type\":\"Person\",\"@id\":\"https:\\\/\\\/fuentesfidedignas.com.mx\\\/#\\\/schema\\\/person\\\/331be9283d37198e2acd5750279085b0\",\"name\":\"Redacci\u00f3n\",\"image\":{\"@type\":\"ImageObject\",\"inLanguage\":\"es\",\"@id\":\"https:\\\/\\\/secure.gravatar.com\\\/avatar\\\/f6d8782c11d12b2d4ad3fbb6931aeab5309937a4d6cd2fc9cfaa28a6396a5aec?s=96&d=mm&r=g\",\"url\":\"https:\\\/\\\/secure.gravatar.com\\\/avatar\\\/f6d8782c11d12b2d4ad3fbb6931aeab5309937a4d6cd2fc9cfaa28a6396a5aec?s=96&d=mm&r=g\",\"contentUrl\":\"https:\\\/\\\/secure.gravatar.com\\\/avatar\\\/f6d8782c11d12b2d4ad3fbb6931aeab5309937a4d6cd2fc9cfaa28a6396a5aec?s=96&d=mm&r=g\",\"caption\":\"Redacci\u00f3n\"},\"url\":\"https:\\\/\\\/fuentesfidedignas.com.mx\\\/index.php\\\/author\\\/redaccion\\\/\"}]}<\/script>\n<!-- \/ Yoast SEO plugin. -->","yoast_head_json":{"title":"Rinden protesta secretario ejecutivo, titulares de coordinaciones, jefaturas de \u00e1reas y unidades t\u00e9cnicas del IEES - Fuentes Fidedignas","robots":{"index":"index","follow":"follow","max-snippet":"max-snippet:-1","max-image-preview":"max-image-preview:large","max-video-preview":"max-video-preview:-1"},"canonical":"https:\/\/fuentesfidedignas.com.mx\/index.php\/2022\/09\/28\/rinden-protesta-secretario-ejecutivo-titulares-de-coordinaciones-jefaturas-de-areas-y-unidades-tecnicas-del-iees\/","og_locale":"es_MX","og_type":"article","og_title":"Rinden protesta secretario ejecutivo, titulares de coordinaciones, jefaturas de \u00e1reas y unidades t\u00e9cnicas del IEES - Fuentes Fidedignas","og_description":"De esta manera, el Consejo General aval\u00f3 la designaci\u00f3n de Jos\u00e9 Guadalupe Guicho Rojas como titular de la Secretar\u00eda Ejecutivo Culiac\u00e1n, Sinaloa.- A propuesta del Consejero Presidente del Instituto Electoral del Estado de Sinaloa (IEES), Arturo Fajardo Mej\u00eda, con fundamento en la fracci\u00f3n II del art\u00edculo 148 de la Ley de Instituciones y Procedimientos Electorales [&hellip;]","og_url":"https:\/\/fuentesfidedignas.com.mx\/index.php\/2022\/09\/28\/rinden-protesta-secretario-ejecutivo-titulares-de-coordinaciones-jefaturas-de-areas-y-unidades-tecnicas-del-iees\/","og_site_name":"Fuentes Fidedignas","article_publisher":"https:\/\/www.facebook.com\/Fuentes-Fidedignas-368234489921644","article_published_time":"2022-09-28T22:04:00+00:00","article_modified_time":"2022-09-28T23:08:39+00:00","og_image":[{"width":1280,"height":960,"url":"https:\/\/fuentesfidedignas.com.mx\/wp-content\/uploads\/2022\/09\/IEES.jpeg","type":"image\/jpeg"}],"author":"Redacci\u00f3n","twitter_card":"summary_large_image","twitter_creator":"@fidedignas","twitter_site":"@fidedignas","twitter_misc":{"Escrito por":"Redacci\u00f3n","Tiempo de lectura":"3 minutos"},"schema":{"@context":"https:\/\/schema.org","@graph":[{"@type":"Article","@id":"https:\/\/fuentesfidedignas.com.mx\/index.php\/2022\/09\/28\/rinden-protesta-secretario-ejecutivo-titulares-de-coordinaciones-jefaturas-de-areas-y-unidades-tecnicas-del-iees\/#article","isPartOf":{"@id":"https:\/\/fuentesfidedignas.com.mx\/index.php\/2022\/09\/28\/rinden-protesta-secretario-ejecutivo-titulares-de-coordinaciones-jefaturas-de-areas-y-unidades-tecnicas-del-iees\/"},"author":{"name":"Redacci\u00f3n","@id":"https:\/\/fuentesfidedignas.com.mx\/#\/schema\/person\/331be9283d37198e2acd5750279085b0"},"headline":"Rinden protesta secretario ejecutivo, titulares de coordinaciones, jefaturas de \u00e1reas y unidades t\u00e9cnicas del IEES","datePublished":"2022-09-28T22:04:00+00:00","dateModified":"2022-09-28T23:08:39+00:00","mainEntityOfPage":{"@id":"https:\/\/fuentesfidedignas.com.mx\/index.php\/2022\/09\/28\/rinden-protesta-secretario-ejecutivo-titulares-de-coordinaciones-jefaturas-de-areas-y-unidades-tecnicas-del-iees\/"},"wordCount":605,"commentCount":0,"publisher":{"@id":"https:\/\/fuentesfidedignas.com.mx\/#organization"},"image":{"@id":"https:\/\/fuentesfidedignas.com.mx\/index.php\/2022\/09\/28\/rinden-protesta-secretario-ejecutivo-titulares-de-coordinaciones-jefaturas-de-areas-y-unidades-tecnicas-del-iees\/#primaryimage"},"thumbnailUrl":"https:\/\/fuentesfidedignas.com.mx\/wp-content\/uploads\/2022\/09\/IEES.jpeg","articleSection":["NOTICIAS LOCALES"],"inLanguage":"es","potentialAction":[{"@type":"CommentAction","name":"Comment","target":["https:\/\/fuentesfidedignas.com.mx\/index.php\/2022\/09\/28\/rinden-protesta-secretario-ejecutivo-titulares-de-coordinaciones-jefaturas-de-areas-y-unidades-tecnicas-del-iees\/#respond"]}]},{"@type":"WebPage","@id":"https:\/\/fuentesfidedignas.com.mx\/index.php\/2022\/09\/28\/rinden-protesta-secretario-ejecutivo-titulares-de-coordinaciones-jefaturas-de-areas-y-unidades-tecnicas-del-iees\/","url":"https:\/\/fuentesfidedignas.com.mx\/index.php\/2022\/09\/28\/rinden-protesta-secretario-ejecutivo-titulares-de-coordinaciones-jefaturas-de-areas-y-unidades-tecnicas-del-iees\/","name":"Rinden protesta secretario ejecutivo, titulares de coordinaciones, jefaturas de \u00e1reas y unidades t\u00e9cnicas del IEES - Fuentes Fidedignas","isPartOf":{"@id":"https:\/\/fuentesfidedignas.com.mx\/#website"},"primaryImageOfPage":{"@id":"https:\/\/fuentesfidedignas.com.mx\/index.php\/2022\/09\/28\/rinden-protesta-secretario-ejecutivo-titulares-de-coordinaciones-jefaturas-de-areas-y-unidades-tecnicas-del-iees\/#primaryimage"},"image":{"@id":"https:\/\/fuentesfidedignas.com.mx\/index.php\/2022\/09\/28\/rinden-protesta-secretario-ejecutivo-titulares-de-coordinaciones-jefaturas-de-areas-y-unidades-tecnicas-del-iees\/#primaryimage"},"thumbnailUrl":"https:\/\/fuentesfidedignas.com.mx\/wp-content\/uploads\/2022\/09\/IEES.jpeg","datePublished":"2022-09-28T22:04:00+00:00","dateModified":"2022-09-28T23:08:39+00:00","breadcrumb":{"@id":"https:\/\/fuentesfidedignas.com.mx\/index.php\/2022\/09\/28\/rinden-protesta-secretario-ejecutivo-titulares-de-coordinaciones-jefaturas-de-areas-y-unidades-tecnicas-del-iees\/#breadcrumb"},"inLanguage":"es","potentialAction":[{"@type":"ReadAction","target":["https:\/\/fuentesfidedignas.com.mx\/index.php\/2022\/09\/28\/rinden-protesta-secretario-ejecutivo-titulares-de-coordinaciones-jefaturas-de-areas-y-unidades-tecnicas-del-iees\/"]}]},{"@type":"ImageObject","inLanguage":"es","@id":"https:\/\/fuentesfidedignas.com.mx\/index.php\/2022\/09\/28\/rinden-protesta-secretario-ejecutivo-titulares-de-coordinaciones-jefaturas-de-areas-y-unidades-tecnicas-del-iees\/#primaryimage","url":"https:\/\/fuentesfidedignas.com.mx\/wp-content\/uploads\/2022\/09\/IEES.jpeg","contentUrl":"https:\/\/fuentesfidedignas.com.mx\/wp-content\/uploads\/2022\/09\/IEES.jpeg","width":1280,"height":960},{"@type":"BreadcrumbList","@id":"https:\/\/fuentesfidedignas.com.mx\/index.php\/2022\/09\/28\/rinden-protesta-secretario-ejecutivo-titulares-de-coordinaciones-jefaturas-de-areas-y-unidades-tecnicas-del-iees\/#breadcrumb","itemListElement":[{"@type":"ListItem","position":1,"name":"Inicio","item":"https:\/\/fuentesfidedignas.com.mx\/"},{"@type":"ListItem","position":2,"name":"Rinden protesta secretario ejecutivo, titulares de coordinaciones, jefaturas de \u00e1reas y unidades t\u00e9cnicas del IEES"}]},{"@type":"WebSite","@id":"https:\/\/fuentesfidedignas.com.mx\/#website","url":"https:\/\/fuentesfidedignas.com.mx\/","name":"Fuentes Fidedignas","description":"Otro sitio realizado con WordPress","publisher":{"@id":"https:\/\/fuentesfidedignas.com.mx\/#organization"},"potentialAction":[{"@type":"SearchAction","target":{"@type":"EntryPoint","urlTemplate":"https:\/\/fuentesfidedignas.com.mx\/?s={search_term_string}"},"query-input":{"@type":"PropertyValueSpecification","valueRequired":true,"valueName":"search_term_string"}}],"inLanguage":"es"},{"@type":"Organization","@id":"https:\/\/fuentesfidedignas.com.mx\/#organization","name":"Fuentes Fidedignas","url":"https:\/\/fuentesfidedignas.com.mx\/","logo":{"@type":"ImageObject","inLanguage":"es","@id":"https:\/\/fuentesfidedignas.com.mx\/#\/schema\/logo\/image\/","url":"https:\/\/fuentesfidedignas.com.mx\/wp-content\/uploads\/2021\/04\/logo-retina.png","contentUrl":"https:\/\/fuentesfidedignas.com.mx\/wp-content\/uploads\/2021\/04\/logo-retina.png","width":280,"height":51,"caption":"Fuentes Fidedignas"},"image":{"@id":"https:\/\/fuentesfidedignas.com.mx\/#\/schema\/logo\/image\/"},"sameAs":["https:\/\/www.facebook.com\/Fuentes-Fidedignas-368234489921644","https:\/\/x.com\/fidedignas"]},{"@type":"Person","@id":"https:\/\/fuentesfidedignas.com.mx\/#\/schema\/person\/331be9283d37198e2acd5750279085b0","name":"Redacci\u00f3n","image":{"@type":"ImageObject","inLanguage":"es","@id":"https:\/\/secure.gravatar.com\/avatar\/f6d8782c11d12b2d4ad3fbb6931aeab5309937a4d6cd2fc9cfaa28a6396a5aec?s=96&d=mm&r=g","url":"https:\/\/secure.gravatar.com\/avatar\/f6d8782c11d12b2d4ad3fbb6931aeab5309937a4d6cd2fc9cfaa28a6396a5aec?s=96&d=mm&r=g","contentUrl":"https:\/\/secure.gravatar.com\/avatar\/f6d8782c11d12b2d4ad3fbb6931aeab5309937a4d6cd2fc9cfaa28a6396a5aec?s=96&d=mm&r=g","caption":"Redacci\u00f3n"},"url":"https:\/\/fuentesfidedignas.com.mx\/index.php\/author\/redaccion\/"}]}},"_links":{"self":[{"href":"https:\/\/fuentesfidedignas.com.mx\/index.php\/wp-json\/wp\/v2\/posts\/43445","targetHints":{"allow":["GET"]}}],"collection":[{"href":"https:\/\/fuentesfidedignas.com.mx\/index.php\/wp-json\/wp\/v2\/posts"}],"about":[{"href":"https:\/\/fuentesfidedignas.com.mx\/index.php\/wp-json\/wp\/v2\/types\/post"}],"author":[{"embeddable":true,"href":"https:\/\/fuentesfidedignas.com.mx\/index.php\/wp-json\/wp\/v2\/users\/4"}],"replies":[{"embeddable":true,"href":"https:\/\/fuentesfidedignas.com.mx\/index.php\/wp-json\/wp\/v2\/comments?post=43445"}],"version-history":[{"count":1,"href":"https:\/\/fuentesfidedignas.com.mx\/index.php\/wp-json\/wp\/v2\/posts\/43445\/revisions"}],"predecessor-version":[{"id":43447,"href":"https:\/\/fuentesfidedignas.com.mx\/index.php\/wp-json\/wp\/v2\/posts\/43445\/revisions\/43447"}],"wp:featuredmedia":[{"embeddable":true,"href":"https:\/\/fuentesfidedignas.com.mx\/index.php\/wp-json\/wp\/v2\/media\/43446"}],"wp:attachment":[{"href":"https:\/\/fuentesfidedignas.com.mx\/index.php\/wp-json\/wp\/v2\/media?parent=43445"}],"wp:term":[{"taxonomy":"category","embeddable":true,"href":"https:\/\/fuentesfidedignas.com.mx\/index.php\/wp-json\/wp\/v2\/categories?post=43445"},{"taxonomy":"post_tag","embeddable":true,"href":"https:\/\/fuentesfidedignas.com.mx\/index.php\/wp-json\/wp\/v2\/tags?post=43445"}],"curies":[{"name":"wp","href":"https:\/\/api.w.org\/{rel}","templated":true}]}}