{"id":43430,"date":"2022-09-28T07:16:00","date_gmt":"2022-09-28T13:16:00","guid":{"rendered":"https:\/\/fuentesfidedignas.com.mx\/?p=43430"},"modified":"2022-09-28T09:20:04","modified_gmt":"2022-09-28T15:20:04","slug":"expone-rector-logros-retos-y-proyectos-de-la-uas-a-la-asociacion-de-colegios-de-profesionistas","status":"publish","type":"post","link":"https:\/\/fuentesfidedignas.com.mx\/index.php\/2022\/09\/28\/expone-rector-logros-retos-y-proyectos-de-la-uas-a-la-asociacion-de-colegios-de-profesionistas\/","title":{"rendered":"Expone Rector\u00a0logros, retos y proyectos de la UAS a la Asociaci\u00f3n de Colegios de Profesionistas"},"content":{"rendered":"\n<p><\/p>\n\n\n\n<p>Culiac\u00e1n,  Sin. El Rector de la Universidad Aut\u00f3noma de Sinaloa (UAS), doctor <strong>Jes\u00fas Madue\u00f1a Molina<\/strong>, se reuni\u00f3 con la <strong>Asociaci\u00f3n de Colegios de Profesionistas de Sinaloa<\/strong> A.C. que preside la doctora Itza Mar\u00eda de la Cruz Beltr\u00e1n, para exponer el crecimiento de la instituci\u00f3n, sus indicadores, sus retos y proyectos, as\u00ed como para estrechar y fortalecer los lazos de colaboraci\u00f3n.<\/p>\n\n\n\n<p>Madue\u00f1a Molina se\u00f1al\u00f3 que la Universidad ha crecido en tama\u00f1o y en su desarrollo acad\u00e9mico, como ejemplo cit\u00f3 la nueva Ley Org\u00e1nica que modific\u00f3 el proceso de nombramiento de autoridades y gener\u00f3 estabilidad al interior de la instituci\u00f3n.<\/p>\n\n\n\n<p><em><strong>\u201cLa Universidad tiene cuatro funciones sustantivas: la academia, la investigaci\u00f3n, la cultura y el deporte, tenemos que velar por ellas y por las cuales estamos trabajando de manera muy intensa\u201d, expres\u00f3.<\/strong><\/em><\/p>\n\n\n\n<figure class=\"wp-block-image size-large\"><img decoding=\"async\" width=\"1024\" height=\"683\" src=\"https:\/\/fuentesfidedignas.com.mx\/wp-content\/uploads\/2022\/09\/Reunion-con-Asociacion-de-Colegios-de-Profesionistas-1-1024x683.jpg\" alt=\"\" class=\"wp-image-43431\" srcset=\"https:\/\/fuentesfidedignas.com.mx\/wp-content\/uploads\/2022\/09\/Reunion-con-Asociacion-de-Colegios-de-Profesionistas-1-1024x683.jpg 1024w, https:\/\/fuentesfidedignas.com.mx\/wp-content\/uploads\/2022\/09\/Reunion-con-Asociacion-de-Colegios-de-Profesionistas-1-300x200.jpg 300w, https:\/\/fuentesfidedignas.com.mx\/wp-content\/uploads\/2022\/09\/Reunion-con-Asociacion-de-Colegios-de-Profesionistas-1-768x512.jpg 768w, https:\/\/fuentesfidedignas.com.mx\/wp-content\/uploads\/2022\/09\/Reunion-con-Asociacion-de-Colegios-de-Profesionistas-1.jpg 1124w\" sizes=\"(max-width: 1024px) 100vw, 1024px\" \/><\/figure>\n\n\n\n<p>El Rector habl\u00f3 del reto que represent\u00f3 migrar a las clases virtuales con una matr\u00edcula de 160 mil estudiantes, de c\u00f3mo se sacaron adelante los ciclos escolares en la pandemia donde se detect\u00f3 deserci\u00f3n de alumnos y un gran rezago escolar, aspectos que fueron recuperados de manera positiva y del reto que implic\u00f3 regresar a las clases presenciales.<\/p>\n\n\n\n<p><em><strong>\u201cFuimos la primera universidad p\u00fablica en regresar a clases presenciales y no tuvimos que cerrar ninguna unidad acad\u00e9mica por alg\u00fan brote\u201d, precis\u00f3 y agradeci\u00f3 a los empresarios que con su apoyo permitieron a la UAS recuperar y rehabilitar los espacios para que los j\u00f3venes volvieran a las aulas, incluso apoyo para implementar los protocolos sanitarios.<\/strong><\/em><\/p>\n\n\n\n<p>Agreg\u00f3 que otro reto era el tema financiero, donde se comprometi\u00f3 a sacar a la Universidad del \u201choyo\u201d en que estaba y se logr\u00f3 salir el 2021 sin muchos problemas por el apoyo de funcionarios de la SEP y del Gobernador Rub\u00e9n Rocha Moya.<\/p>\n\n\n\n<p>Expuso las gestiones en la Ciudad de M\u00e9xico, el compromiso de incrementar la matr\u00edcula, que se recibi\u00f3 al 100 por ciento de aspirantes, de los 54 mil nuevos alumnos que se recibieron este a\u00f1o, de indicadores como el crecimiento en el Sistema Nacional de Investigadores y de maestros con perfil deseable, la evaluaci\u00f3n de programas educativos, y de manera especial present\u00f3 el Cat\u00e1logo de Servicios, el Parque de Innovaci\u00f3n Tecnol\u00f3gica, adem\u00e1s detall\u00f3 la participaci\u00f3n en el Plan Nacional de Vacunaci\u00f3n, y los logros en la \u00faltima Universiada Nacional.<\/p>\n\n\n\n<p>\u201c<em><strong>Pedirles el apoyo para que nos respalden porque lo que estamos haciendo es fortalecer las actividades sustantivas de la Universidad<\/strong><\/em>\u201d, enfatiz\u00f3 al subrayar que se apuesta al fortalecimiento acad\u00e9mico y se cumple con la transparencia y rendici\u00f3n de cuentas.<\/p>\n\n\n\n<p>Por su parte la presidenta del Colegio de Profesionistas, Itza Mar\u00eda de la Cruz Beltr\u00e1n, refrend\u00f3 su apoyo a la UAS, por lo que agradeci\u00f3 y valor\u00f3 este encuentro.<\/p>\n\n\n\n<p><em><strong>\u201cEstamos agradecidos porque en alg\u00fan momento fuimos universitarios y la mayor\u00eda de aqu\u00ed somos egresados de la UAS, que creo es el semillero de vidas mejores en todas las familias\u201d, extern\u00f3.<\/strong><\/em><\/p>\n\n\n\n<p>Los profesionistas entablaron un di\u00e1logo con el Rector quien respondi\u00f3 a todas sus inquietudes y recogi\u00f3 planteamientos diversos.<\/p>\n","protected":false},"excerpt":{"rendered":"<p>Culiac\u00e1n, Sin. El Rector de la Universidad Aut\u00f3noma de Sinaloa (UAS), doctor Jes\u00fas Madue\u00f1a Molina, se reuni\u00f3 con la Asociaci\u00f3n de Colegios de Profesionistas de Sinaloa A.C. que preside la doctora Itza Mar\u00eda de la Cruz Beltr\u00e1n, para exponer el crecimiento de la instituci\u00f3n, sus indicadores, sus retos y proyectos, as\u00ed como para estrechar y [&hellip;]<\/p>\n","protected":false},"author":4,"featured_media":43433,"comment_status":"open","ping_status":"open","sticky":false,"template":"","format":"standard","meta":{"tdm_status":"","tdm_grid_status":"","footnotes":""},"categories":[37],"tags":[],"class_list":{"0":"post-43430","1":"post","2":"type-post","3":"status-publish","4":"format-standard","5":"has-post-thumbnail","7":"category-nota-principal"},"yoast_head":"<!-- This site is optimized with the Yoast SEO plugin v27.5 - https:\/\/yoast.com\/product\/yoast-seo-wordpress\/ -->\n<title>Expone Rector\u00a0logros, retos y proyectos de la UAS a la Asociaci\u00f3n de Colegios de Profesionistas - Fuentes Fidedignas<\/title>\n<meta name=\"robots\" content=\"index, follow, max-snippet:-1, max-image-preview:large, max-video-preview:-1\" \/>\n<link rel=\"canonical\" href=\"https:\/\/fuentesfidedignas.com.mx\/index.php\/2022\/09\/28\/expone-rector-logros-retos-y-proyectos-de-la-uas-a-la-asociacion-de-colegios-de-profesionistas\/\" \/>\n<meta property=\"og:locale\" content=\"es_MX\" \/>\n<meta property=\"og:type\" content=\"article\" \/>\n<meta property=\"og:title\" content=\"Expone Rector\u00a0logros, retos y proyectos de la UAS a la Asociaci\u00f3n de Colegios de Profesionistas - Fuentes Fidedignas\" \/>\n<meta property=\"og:description\" content=\"Culiac\u00e1n, Sin. El Rector de la Universidad Aut\u00f3noma de Sinaloa (UAS), doctor Jes\u00fas Madue\u00f1a Molina, se reuni\u00f3 con la Asociaci\u00f3n de Colegios de Profesionistas de Sinaloa A.C. que preside la doctora Itza Mar\u00eda de la Cruz Beltr\u00e1n, para exponer el crecimiento de la instituci\u00f3n, sus indicadores, sus retos y proyectos, as\u00ed como para estrechar y [&hellip;]\" \/>\n<meta property=\"og:url\" content=\"https:\/\/fuentesfidedignas.com.mx\/index.php\/2022\/09\/28\/expone-rector-logros-retos-y-proyectos-de-la-uas-a-la-asociacion-de-colegios-de-profesionistas\/\" \/>\n<meta property=\"og:site_name\" content=\"Fuentes Fidedignas\" \/>\n<meta property=\"article:publisher\" content=\"https:\/\/www.facebook.com\/Fuentes-Fidedignas-368234489921644\" \/>\n<meta property=\"article:published_time\" content=\"2022-09-28T13:16:00+00:00\" \/>\n<meta property=\"article:modified_time\" content=\"2022-09-28T15:20:04+00:00\" \/>\n<meta property=\"og:image\" content=\"https:\/\/fuentesfidedignas.com.mx\/wp-content\/uploads\/2022\/09\/Reunion-con-Asociacion-de-Colegios-de-Profesionistas-2.jpg\" \/>\n\t<meta property=\"og:image:width\" content=\"1124\" \/>\n\t<meta property=\"og:image:height\" content=\"750\" \/>\n\t<meta property=\"og:image:type\" content=\"image\/jpeg\" \/>\n<meta name=\"author\" content=\"Redacci\u00f3n\" \/>\n<meta name=\"twitter:card\" content=\"summary_large_image\" \/>\n<meta name=\"twitter:creator\" content=\"@fidedignas\" \/>\n<meta name=\"twitter:site\" content=\"@fidedignas\" \/>\n<meta name=\"twitter:label1\" content=\"Escrito por\" \/>\n\t<meta name=\"twitter:data1\" content=\"Redacci\u00f3n\" \/>\n\t<meta name=\"twitter:label2\" content=\"Tiempo de lectura\" \/>\n\t<meta name=\"twitter:data2\" content=\"3 minutos\" \/>\n<script type=\"application\/ld+json\" class=\"yoast-schema-graph\">{\"@context\":\"https:\\\/\\\/schema.org\",\"@graph\":[{\"@type\":\"Article\",\"@id\":\"https:\\\/\\\/fuentesfidedignas.com.mx\\\/index.php\\\/2022\\\/09\\\/28\\\/expone-rector-logros-retos-y-proyectos-de-la-uas-a-la-asociacion-de-colegios-de-profesionistas\\\/#article\",\"isPartOf\":{\"@id\":\"https:\\\/\\\/fuentesfidedignas.com.mx\\\/index.php\\\/2022\\\/09\\\/28\\\/expone-rector-logros-retos-y-proyectos-de-la-uas-a-la-asociacion-de-colegios-de-profesionistas\\\/\"},\"author\":{\"name\":\"Redacci\u00f3n\",\"@id\":\"https:\\\/\\\/fuentesfidedignas.com.mx\\\/#\\\/schema\\\/person\\\/331be9283d37198e2acd5750279085b0\"},\"headline\":\"Expone Rector\u00a0logros, retos y proyectos de la UAS a la Asociaci\u00f3n de Colegios de Profesionistas\",\"datePublished\":\"2022-09-28T13:16:00+00:00\",\"dateModified\":\"2022-09-28T15:20:04+00:00\",\"mainEntityOfPage\":{\"@id\":\"https:\\\/\\\/fuentesfidedignas.com.mx\\\/index.php\\\/2022\\\/09\\\/28\\\/expone-rector-logros-retos-y-proyectos-de-la-uas-a-la-asociacion-de-colegios-de-profesionistas\\\/\"},\"wordCount\":546,\"commentCount\":0,\"publisher\":{\"@id\":\"https:\\\/\\\/fuentesfidedignas.com.mx\\\/#organization\"},\"image\":{\"@id\":\"https:\\\/\\\/fuentesfidedignas.com.mx\\\/index.php\\\/2022\\\/09\\\/28\\\/expone-rector-logros-retos-y-proyectos-de-la-uas-a-la-asociacion-de-colegios-de-profesionistas\\\/#primaryimage\"},\"thumbnailUrl\":\"https:\\\/\\\/fuentesfidedignas.com.mx\\\/wp-content\\\/uploads\\\/2022\\\/09\\\/Reunion-con-Asociacion-de-Colegios-de-Profesionistas-2.jpg\",\"articleSection\":[\"NOTA PRINCIPAL\"],\"inLanguage\":\"es\",\"potentialAction\":[{\"@type\":\"CommentAction\",\"name\":\"Comment\",\"target\":[\"https:\\\/\\\/fuentesfidedignas.com.mx\\\/index.php\\\/2022\\\/09\\\/28\\\/expone-rector-logros-retos-y-proyectos-de-la-uas-a-la-asociacion-de-colegios-de-profesionistas\\\/#respond\"]}]},{\"@type\":\"WebPage\",\"@id\":\"https:\\\/\\\/fuentesfidedignas.com.mx\\\/index.php\\\/2022\\\/09\\\/28\\\/expone-rector-logros-retos-y-proyectos-de-la-uas-a-la-asociacion-de-colegios-de-profesionistas\\\/\",\"url\":\"https:\\\/\\\/fuentesfidedignas.com.mx\\\/index.php\\\/2022\\\/09\\\/28\\\/expone-rector-logros-retos-y-proyectos-de-la-uas-a-la-asociacion-de-colegios-de-profesionistas\\\/\",\"name\":\"Expone Rector\u00a0logros, retos y proyectos de la UAS a la Asociaci\u00f3n de Colegios de Profesionistas - Fuentes Fidedignas\",\"isPartOf\":{\"@id\":\"https:\\\/\\\/fuentesfidedignas.com.mx\\\/#website\"},\"primaryImageOfPage\":{\"@id\":\"https:\\\/\\\/fuentesfidedignas.com.mx\\\/index.php\\\/2022\\\/09\\\/28\\\/expone-rector-logros-retos-y-proyectos-de-la-uas-a-la-asociacion-de-colegios-de-profesionistas\\\/#primaryimage\"},\"image\":{\"@id\":\"https:\\\/\\\/fuentesfidedignas.com.mx\\\/index.php\\\/2022\\\/09\\\/28\\\/expone-rector-logros-retos-y-proyectos-de-la-uas-a-la-asociacion-de-colegios-de-profesionistas\\\/#primaryimage\"},\"thumbnailUrl\":\"https:\\\/\\\/fuentesfidedignas.com.mx\\\/wp-content\\\/uploads\\\/2022\\\/09\\\/Reunion-con-Asociacion-de-Colegios-de-Profesionistas-2.jpg\",\"datePublished\":\"2022-09-28T13:16:00+00:00\",\"dateModified\":\"2022-09-28T15:20:04+00:00\",\"breadcrumb\":{\"@id\":\"https:\\\/\\\/fuentesfidedignas.com.mx\\\/index.php\\\/2022\\\/09\\\/28\\\/expone-rector-logros-retos-y-proyectos-de-la-uas-a-la-asociacion-de-colegios-de-profesionistas\\\/#breadcrumb\"},\"inLanguage\":\"es\",\"potentialAction\":[{\"@type\":\"ReadAction\",\"target\":[\"https:\\\/\\\/fuentesfidedignas.com.mx\\\/index.php\\\/2022\\\/09\\\/28\\\/expone-rector-logros-retos-y-proyectos-de-la-uas-a-la-asociacion-de-colegios-de-profesionistas\\\/\"]}]},{\"@type\":\"ImageObject\",\"inLanguage\":\"es\",\"@id\":\"https:\\\/\\\/fuentesfidedignas.com.mx\\\/index.php\\\/2022\\\/09\\\/28\\\/expone-rector-logros-retos-y-proyectos-de-la-uas-a-la-asociacion-de-colegios-de-profesionistas\\\/#primaryimage\",\"url\":\"https:\\\/\\\/fuentesfidedignas.com.mx\\\/wp-content\\\/uploads\\\/2022\\\/09\\\/Reunion-con-Asociacion-de-Colegios-de-Profesionistas-2.jpg\",\"contentUrl\":\"https:\\\/\\\/fuentesfidedignas.com.mx\\\/wp-content\\\/uploads\\\/2022\\\/09\\\/Reunion-con-Asociacion-de-Colegios-de-Profesionistas-2.jpg\",\"width\":1124,\"height\":750},{\"@type\":\"BreadcrumbList\",\"@id\":\"https:\\\/\\\/fuentesfidedignas.com.mx\\\/index.php\\\/2022\\\/09\\\/28\\\/expone-rector-logros-retos-y-proyectos-de-la-uas-a-la-asociacion-de-colegios-de-profesionistas\\\/#breadcrumb\",\"itemListElement\":[{\"@type\":\"ListItem\",\"position\":1,\"name\":\"Inicio\",\"item\":\"https:\\\/\\\/fuentesfidedignas.com.mx\\\/\"},{\"@type\":\"ListItem\",\"position\":2,\"name\":\"Expone Rector\u00a0logros, retos y proyectos de la UAS a la Asociaci\u00f3n de Colegios de Profesionistas\"}]},{\"@type\":\"WebSite\",\"@id\":\"https:\\\/\\\/fuentesfidedignas.com.mx\\\/#website\",\"url\":\"https:\\\/\\\/fuentesfidedignas.com.mx\\\/\",\"name\":\"Fuentes Fidedignas\",\"description\":\"Otro sitio realizado con WordPress\",\"publisher\":{\"@id\":\"https:\\\/\\\/fuentesfidedignas.com.mx\\\/#organization\"},\"potentialAction\":[{\"@type\":\"SearchAction\",\"target\":{\"@type\":\"EntryPoint\",\"urlTemplate\":\"https:\\\/\\\/fuentesfidedignas.com.mx\\\/?s={search_term_string}\"},\"query-input\":{\"@type\":\"PropertyValueSpecification\",\"valueRequired\":true,\"valueName\":\"search_term_string\"}}],\"inLanguage\":\"es\"},{\"@type\":\"Organization\",\"@id\":\"https:\\\/\\\/fuentesfidedignas.com.mx\\\/#organization\",\"name\":\"Fuentes Fidedignas\",\"url\":\"https:\\\/\\\/fuentesfidedignas.com.mx\\\/\",\"logo\":{\"@type\":\"ImageObject\",\"inLanguage\":\"es\",\"@id\":\"https:\\\/\\\/fuentesfidedignas.com.mx\\\/#\\\/schema\\\/logo\\\/image\\\/\",\"url\":\"https:\\\/\\\/fuentesfidedignas.com.mx\\\/wp-content\\\/uploads\\\/2021\\\/04\\\/logo-retina.png\",\"contentUrl\":\"https:\\\/\\\/fuentesfidedignas.com.mx\\\/wp-content\\\/uploads\\\/2021\\\/04\\\/logo-retina.png\",\"width\":280,\"height\":51,\"caption\":\"Fuentes Fidedignas\"},\"image\":{\"@id\":\"https:\\\/\\\/fuentesfidedignas.com.mx\\\/#\\\/schema\\\/logo\\\/image\\\/\"},\"sameAs\":[\"https:\\\/\\\/www.facebook.com\\\/Fuentes-Fidedignas-368234489921644\",\"https:\\\/\\\/x.com\\\/fidedignas\"]},{\"@type\":\"Person\",\"@id\":\"https:\\\/\\\/fuentesfidedignas.com.mx\\\/#\\\/schema\\\/person\\\/331be9283d37198e2acd5750279085b0\",\"name\":\"Redacci\u00f3n\",\"image\":{\"@type\":\"ImageObject\",\"inLanguage\":\"es\",\"@id\":\"https:\\\/\\\/secure.gravatar.com\\\/avatar\\\/f6d8782c11d12b2d4ad3fbb6931aeab5309937a4d6cd2fc9cfaa28a6396a5aec?s=96&d=mm&r=g\",\"url\":\"https:\\\/\\\/secure.gravatar.com\\\/avatar\\\/f6d8782c11d12b2d4ad3fbb6931aeab5309937a4d6cd2fc9cfaa28a6396a5aec?s=96&d=mm&r=g\",\"contentUrl\":\"https:\\\/\\\/secure.gravatar.com\\\/avatar\\\/f6d8782c11d12b2d4ad3fbb6931aeab5309937a4d6cd2fc9cfaa28a6396a5aec?s=96&d=mm&r=g\",\"caption\":\"Redacci\u00f3n\"},\"url\":\"https:\\\/\\\/fuentesfidedignas.com.mx\\\/index.php\\\/author\\\/redaccion\\\/\"}]}<\/script>\n<!-- \/ Yoast SEO plugin. -->","yoast_head_json":{"title":"Expone Rector\u00a0logros, retos y proyectos de la UAS a la Asociaci\u00f3n de Colegios de Profesionistas - Fuentes Fidedignas","robots":{"index":"index","follow":"follow","max-snippet":"max-snippet:-1","max-image-preview":"max-image-preview:large","max-video-preview":"max-video-preview:-1"},"canonical":"https:\/\/fuentesfidedignas.com.mx\/index.php\/2022\/09\/28\/expone-rector-logros-retos-y-proyectos-de-la-uas-a-la-asociacion-de-colegios-de-profesionistas\/","og_locale":"es_MX","og_type":"article","og_title":"Expone Rector\u00a0logros, retos y proyectos de la UAS a la Asociaci\u00f3n de Colegios de Profesionistas - Fuentes Fidedignas","og_description":"Culiac\u00e1n, Sin. El Rector de la Universidad Aut\u00f3noma de Sinaloa (UAS), doctor Jes\u00fas Madue\u00f1a Molina, se reuni\u00f3 con la Asociaci\u00f3n de Colegios de Profesionistas de Sinaloa A.C. que preside la doctora Itza Mar\u00eda de la Cruz Beltr\u00e1n, para exponer el crecimiento de la instituci\u00f3n, sus indicadores, sus retos y proyectos, as\u00ed como para estrechar y [&hellip;]","og_url":"https:\/\/fuentesfidedignas.com.mx\/index.php\/2022\/09\/28\/expone-rector-logros-retos-y-proyectos-de-la-uas-a-la-asociacion-de-colegios-de-profesionistas\/","og_site_name":"Fuentes Fidedignas","article_publisher":"https:\/\/www.facebook.com\/Fuentes-Fidedignas-368234489921644","article_published_time":"2022-09-28T13:16:00+00:00","article_modified_time":"2022-09-28T15:20:04+00:00","og_image":[{"width":1124,"height":750,"url":"https:\/\/fuentesfidedignas.com.mx\/wp-content\/uploads\/2022\/09\/Reunion-con-Asociacion-de-Colegios-de-Profesionistas-2.jpg","type":"image\/jpeg"}],"author":"Redacci\u00f3n","twitter_card":"summary_large_image","twitter_creator":"@fidedignas","twitter_site":"@fidedignas","twitter_misc":{"Escrito por":"Redacci\u00f3n","Tiempo de lectura":"3 minutos"},"schema":{"@context":"https:\/\/schema.org","@graph":[{"@type":"Article","@id":"https:\/\/fuentesfidedignas.com.mx\/index.php\/2022\/09\/28\/expone-rector-logros-retos-y-proyectos-de-la-uas-a-la-asociacion-de-colegios-de-profesionistas\/#article","isPartOf":{"@id":"https:\/\/fuentesfidedignas.com.mx\/index.php\/2022\/09\/28\/expone-rector-logros-retos-y-proyectos-de-la-uas-a-la-asociacion-de-colegios-de-profesionistas\/"},"author":{"name":"Redacci\u00f3n","@id":"https:\/\/fuentesfidedignas.com.mx\/#\/schema\/person\/331be9283d37198e2acd5750279085b0"},"headline":"Expone Rector\u00a0logros, retos y proyectos de la UAS a la Asociaci\u00f3n de Colegios de Profesionistas","datePublished":"2022-09-28T13:16:00+00:00","dateModified":"2022-09-28T15:20:04+00:00","mainEntityOfPage":{"@id":"https:\/\/fuentesfidedignas.com.mx\/index.php\/2022\/09\/28\/expone-rector-logros-retos-y-proyectos-de-la-uas-a-la-asociacion-de-colegios-de-profesionistas\/"},"wordCount":546,"commentCount":0,"publisher":{"@id":"https:\/\/fuentesfidedignas.com.mx\/#organization"},"image":{"@id":"https:\/\/fuentesfidedignas.com.mx\/index.php\/2022\/09\/28\/expone-rector-logros-retos-y-proyectos-de-la-uas-a-la-asociacion-de-colegios-de-profesionistas\/#primaryimage"},"thumbnailUrl":"https:\/\/fuentesfidedignas.com.mx\/wp-content\/uploads\/2022\/09\/Reunion-con-Asociacion-de-Colegios-de-Profesionistas-2.jpg","articleSection":["NOTA PRINCIPAL"],"inLanguage":"es","potentialAction":[{"@type":"CommentAction","name":"Comment","target":["https:\/\/fuentesfidedignas.com.mx\/index.php\/2022\/09\/28\/expone-rector-logros-retos-y-proyectos-de-la-uas-a-la-asociacion-de-colegios-de-profesionistas\/#respond"]}]},{"@type":"WebPage","@id":"https:\/\/fuentesfidedignas.com.mx\/index.php\/2022\/09\/28\/expone-rector-logros-retos-y-proyectos-de-la-uas-a-la-asociacion-de-colegios-de-profesionistas\/","url":"https:\/\/fuentesfidedignas.com.mx\/index.php\/2022\/09\/28\/expone-rector-logros-retos-y-proyectos-de-la-uas-a-la-asociacion-de-colegios-de-profesionistas\/","name":"Expone Rector\u00a0logros, retos y proyectos de la UAS a la Asociaci\u00f3n de Colegios de Profesionistas - Fuentes Fidedignas","isPartOf":{"@id":"https:\/\/fuentesfidedignas.com.mx\/#website"},"primaryImageOfPage":{"@id":"https:\/\/fuentesfidedignas.com.mx\/index.php\/2022\/09\/28\/expone-rector-logros-retos-y-proyectos-de-la-uas-a-la-asociacion-de-colegios-de-profesionistas\/#primaryimage"},"image":{"@id":"https:\/\/fuentesfidedignas.com.mx\/index.php\/2022\/09\/28\/expone-rector-logros-retos-y-proyectos-de-la-uas-a-la-asociacion-de-colegios-de-profesionistas\/#primaryimage"},"thumbnailUrl":"https:\/\/fuentesfidedignas.com.mx\/wp-content\/uploads\/2022\/09\/Reunion-con-Asociacion-de-Colegios-de-Profesionistas-2.jpg","datePublished":"2022-09-28T13:16:00+00:00","dateModified":"2022-09-28T15:20:04+00:00","breadcrumb":{"@id":"https:\/\/fuentesfidedignas.com.mx\/index.php\/2022\/09\/28\/expone-rector-logros-retos-y-proyectos-de-la-uas-a-la-asociacion-de-colegios-de-profesionistas\/#breadcrumb"},"inLanguage":"es","potentialAction":[{"@type":"ReadAction","target":["https:\/\/fuentesfidedignas.com.mx\/index.php\/2022\/09\/28\/expone-rector-logros-retos-y-proyectos-de-la-uas-a-la-asociacion-de-colegios-de-profesionistas\/"]}]},{"@type":"ImageObject","inLanguage":"es","@id":"https:\/\/fuentesfidedignas.com.mx\/index.php\/2022\/09\/28\/expone-rector-logros-retos-y-proyectos-de-la-uas-a-la-asociacion-de-colegios-de-profesionistas\/#primaryimage","url":"https:\/\/fuentesfidedignas.com.mx\/wp-content\/uploads\/2022\/09\/Reunion-con-Asociacion-de-Colegios-de-Profesionistas-2.jpg","contentUrl":"https:\/\/fuentesfidedignas.com.mx\/wp-content\/uploads\/2022\/09\/Reunion-con-Asociacion-de-Colegios-de-Profesionistas-2.jpg","width":1124,"height":750},{"@type":"BreadcrumbList","@id":"https:\/\/fuentesfidedignas.com.mx\/index.php\/2022\/09\/28\/expone-rector-logros-retos-y-proyectos-de-la-uas-a-la-asociacion-de-colegios-de-profesionistas\/#breadcrumb","itemListElement":[{"@type":"ListItem","position":1,"name":"Inicio","item":"https:\/\/fuentesfidedignas.com.mx\/"},{"@type":"ListItem","position":2,"name":"Expone Rector\u00a0logros, retos y proyectos de la UAS a la Asociaci\u00f3n de Colegios de Profesionistas"}]},{"@type":"WebSite","@id":"https:\/\/fuentesfidedignas.com.mx\/#website","url":"https:\/\/fuentesfidedignas.com.mx\/","name":"Fuentes Fidedignas","description":"Otro sitio realizado con WordPress","publisher":{"@id":"https:\/\/fuentesfidedignas.com.mx\/#organization"},"potentialAction":[{"@type":"SearchAction","target":{"@type":"EntryPoint","urlTemplate":"https:\/\/fuentesfidedignas.com.mx\/?s={search_term_string}"},"query-input":{"@type":"PropertyValueSpecification","valueRequired":true,"valueName":"search_term_string"}}],"inLanguage":"es"},{"@type":"Organization","@id":"https:\/\/fuentesfidedignas.com.mx\/#organization","name":"Fuentes Fidedignas","url":"https:\/\/fuentesfidedignas.com.mx\/","logo":{"@type":"ImageObject","inLanguage":"es","@id":"https:\/\/fuentesfidedignas.com.mx\/#\/schema\/logo\/image\/","url":"https:\/\/fuentesfidedignas.com.mx\/wp-content\/uploads\/2021\/04\/logo-retina.png","contentUrl":"https:\/\/fuentesfidedignas.com.mx\/wp-content\/uploads\/2021\/04\/logo-retina.png","width":280,"height":51,"caption":"Fuentes Fidedignas"},"image":{"@id":"https:\/\/fuentesfidedignas.com.mx\/#\/schema\/logo\/image\/"},"sameAs":["https:\/\/www.facebook.com\/Fuentes-Fidedignas-368234489921644","https:\/\/x.com\/fidedignas"]},{"@type":"Person","@id":"https:\/\/fuentesfidedignas.com.mx\/#\/schema\/person\/331be9283d37198e2acd5750279085b0","name":"Redacci\u00f3n","image":{"@type":"ImageObject","inLanguage":"es","@id":"https:\/\/secure.gravatar.com\/avatar\/f6d8782c11d12b2d4ad3fbb6931aeab5309937a4d6cd2fc9cfaa28a6396a5aec?s=96&d=mm&r=g","url":"https:\/\/secure.gravatar.com\/avatar\/f6d8782c11d12b2d4ad3fbb6931aeab5309937a4d6cd2fc9cfaa28a6396a5aec?s=96&d=mm&r=g","contentUrl":"https:\/\/secure.gravatar.com\/avatar\/f6d8782c11d12b2d4ad3fbb6931aeab5309937a4d6cd2fc9cfaa28a6396a5aec?s=96&d=mm&r=g","caption":"Redacci\u00f3n"},"url":"https:\/\/fuentesfidedignas.com.mx\/index.php\/author\/redaccion\/"}]}},"_links":{"self":[{"href":"https:\/\/fuentesfidedignas.com.mx\/index.php\/wp-json\/wp\/v2\/posts\/43430","targetHints":{"allow":["GET"]}}],"collection":[{"href":"https:\/\/fuentesfidedignas.com.mx\/index.php\/wp-json\/wp\/v2\/posts"}],"about":[{"href":"https:\/\/fuentesfidedignas.com.mx\/index.php\/wp-json\/wp\/v2\/types\/post"}],"author":[{"embeddable":true,"href":"https:\/\/fuentesfidedignas.com.mx\/index.php\/wp-json\/wp\/v2\/users\/4"}],"replies":[{"embeddable":true,"href":"https:\/\/fuentesfidedignas.com.mx\/index.php\/wp-json\/wp\/v2\/comments?post=43430"}],"version-history":[{"count":1,"href":"https:\/\/fuentesfidedignas.com.mx\/index.php\/wp-json\/wp\/v2\/posts\/43430\/revisions"}],"predecessor-version":[{"id":43432,"href":"https:\/\/fuentesfidedignas.com.mx\/index.php\/wp-json\/wp\/v2\/posts\/43430\/revisions\/43432"}],"wp:featuredmedia":[{"embeddable":true,"href":"https:\/\/fuentesfidedignas.com.mx\/index.php\/wp-json\/wp\/v2\/media\/43433"}],"wp:attachment":[{"href":"https:\/\/fuentesfidedignas.com.mx\/index.php\/wp-json\/wp\/v2\/media?parent=43430"}],"wp:term":[{"taxonomy":"category","embeddable":true,"href":"https:\/\/fuentesfidedignas.com.mx\/index.php\/wp-json\/wp\/v2\/categories?post=43430"},{"taxonomy":"post_tag","embeddable":true,"href":"https:\/\/fuentesfidedignas.com.mx\/index.php\/wp-json\/wp\/v2\/tags?post=43430"}],"curies":[{"name":"wp","href":"https:\/\/api.w.org\/{rel}","templated":true}]}}