{"id":43403,"date":"2022-09-27T21:54:44","date_gmt":"2022-09-28T03:54:44","guid":{"rendered":"https:\/\/fuentesfidedignas.com.mx\/?p=43403"},"modified":"2022-09-27T21:55:03","modified_gmt":"2022-09-28T03:55:03","slug":"la-vida-es-de-actitud-y-los-jovenes-del-pas-se-estan-forjando-con-caracter-y-valores-cuen-ojeda","status":"publish","type":"post","link":"https:\/\/fuentesfidedignas.com.mx\/index.php\/2022\/09\/27\/la-vida-es-de-actitud-y-los-jovenes-del-pas-se-estan-forjando-con-caracter-y-valores-cuen-ojeda\/","title":{"rendered":"La vida es de actitud y los j\u00f3venes del PAS se est\u00e1n forjando con car\u00e1cter y valores: Cu\u00e9n Ojeda"},"content":{"rendered":"\n<p><strong><em>Toma protesta la estructura juvenil del PAS en Culiac\u00e1n<\/em><\/strong><\/p>\n\n\n\n<p>Culiac\u00e1n Sin.- Frente a decenas de j\u00f3venes que conforman la estructura m\u00e1s din\u00e1mica del Partido Sinaloense, el l\u00edder pol\u00edtico del PAS H\u00e9ctor Melesio Cu\u00e9n Ojeda, expres\u00f3 el gran entusiasmo que siente por la incorporaci\u00f3n de m\u00e1s j\u00f3venes al proyecto del Partido Sinaloense, a quienes los convoc\u00f3 a formarse y prepararse para lo que viene en el futuro pr\u00f3ximo.<\/p>\n\n\n\n<p><em>&#8220;Ustedes son el relevo generacional que dar\u00e1 forma a la pol\u00edtica en Sinaloa, desde el Partido Sinaloense le estamos apostando fuerte a la preparaci\u00f3n de los j\u00f3venes porque confiamos en ustedes, sabemos el potencial que tienen y lo est\u00e1n demostrando con sus acciones, hoy tenemos diputados j\u00f3venes, regidores j\u00f3venes, que se han formado en la escuela de pol\u00edtica y gobierno del PAS y estoy seguro que ser\u00e1n muchos m\u00e1s los que destaquen en el futuro inmediato, porque vienen empujando fuerte, hoy el PAS es el semillero de j\u00f3venes en la pol\u00edtica y eso nos enorgullece&#8221;.<\/em><\/p>\n\n\n\n<figure class=\"wp-block-image size-large\"><img decoding=\"async\" width=\"1024\" height=\"682\" src=\"https:\/\/fuentesfidedignas.com.mx\/wp-content\/uploads\/2022\/09\/IMG-20220927-WA0051-1024x682.jpg\" alt=\"\" class=\"wp-image-43404\" srcset=\"https:\/\/fuentesfidedignas.com.mx\/wp-content\/uploads\/2022\/09\/IMG-20220927-WA0051-1024x682.jpg 1024w, https:\/\/fuentesfidedignas.com.mx\/wp-content\/uploads\/2022\/09\/IMG-20220927-WA0051-300x200.jpg 300w, https:\/\/fuentesfidedignas.com.mx\/wp-content\/uploads\/2022\/09\/IMG-20220927-WA0051-768x512.jpg 768w, https:\/\/fuentesfidedignas.com.mx\/wp-content\/uploads\/2022\/09\/IMG-20220927-WA0051.jpg 1280w\" sizes=\"(max-width: 1024px) 100vw, 1024px\" \/><\/figure>\n\n\n\n<p>Cu\u00e9n Ojeda, plante\u00f3 a los j\u00f3venes que para obtener resultados positivos en cualquier proyecto se necesita trabajar con planeaci\u00f3n estrat\u00e9gica, con objetivos claros y en la medida que as\u00ed lo hagan ser\u00e1n los resultados que obtengan.<\/p>\n\n\n\n<p><em>&#8220;Eso aplica para todos los renglones de su vida, planear su futuro les permitir\u00e1 ser hombres y mujeres exitosos, esa es la mejor f\u00f3rmula que les puedo dar, porque a nosotros nos ha funcionado, nos ha dado buenos resultados y estoy seguro de que a ustedes tambi\u00e9n, todo se puede lograr en esta vida con actitud, con dedicaci\u00f3n y con esfuerzo&#8221;.<\/em><\/p>\n\n\n\n<figure class=\"wp-block-image size-large\"><img decoding=\"async\" width=\"1024\" height=\"682\" src=\"https:\/\/fuentesfidedignas.com.mx\/wp-content\/uploads\/2022\/09\/IMG-20220927-WA0052-1024x682.jpg\" alt=\"\" class=\"wp-image-43405\" srcset=\"https:\/\/fuentesfidedignas.com.mx\/wp-content\/uploads\/2022\/09\/IMG-20220927-WA0052-1024x682.jpg 1024w, https:\/\/fuentesfidedignas.com.mx\/wp-content\/uploads\/2022\/09\/IMG-20220927-WA0052-300x200.jpg 300w, https:\/\/fuentesfidedignas.com.mx\/wp-content\/uploads\/2022\/09\/IMG-20220927-WA0052-768x512.jpg 768w, https:\/\/fuentesfidedignas.com.mx\/wp-content\/uploads\/2022\/09\/IMG-20220927-WA0052.jpg 1280w\" sizes=\"(max-width: 1024px) 100vw, 1024px\" \/><\/figure>\n\n\n\n<p>El l\u00edder pol\u00edtico del PAS reconoci\u00f3 el esfuerzo que est\u00e1 imprimiendo el Secretario de Asuntos Juveniles del Comit\u00e9 Ejecutivo Estatal del PAS Carlos Valdez, en la movilizaci\u00f3n de los j\u00f3venes, sumarlos a un proyecto que tiene la finalidad de conformar la mejor estructura juvenil de Sinaloa y que esto se traduzca en beneficio para la sociedad y tambi\u00e9n en su formaci\u00f3n profesional y personal de cada uno de ellos.<\/p>\n\n\n\n<p>Por su parte el presidente del Comit\u00e9 Ejecutivo jecutivo Estatal del Partido Sinaloense Dr. V\u00edctor Antonio Corrales Burgue\u00f1o, fue el encargado de tomar protesta los integrantes de la estructura juvenil del comit\u00e9 municipal de Culiac\u00e1n.<\/p>\n","protected":false},"excerpt":{"rendered":"<p>Toma protesta la estructura juvenil del PAS en Culiac\u00e1n Culiac\u00e1n Sin.- Frente a decenas de j\u00f3venes que conforman la estructura m\u00e1s din\u00e1mica del Partido Sinaloense, el l\u00edder pol\u00edtico del PAS H\u00e9ctor Melesio Cu\u00e9n Ojeda, expres\u00f3 el gran entusiasmo que siente por la incorporaci\u00f3n de m\u00e1s j\u00f3venes al proyecto del Partido Sinaloense, a quienes los convoc\u00f3 [&hellip;]<\/p>\n","protected":false},"author":4,"featured_media":43407,"comment_status":"open","ping_status":"open","sticky":false,"template":"","format":"standard","meta":{"tdm_status":"","tdm_grid_status":"","footnotes":""},"categories":[38],"tags":[],"class_list":{"0":"post-43403","1":"post","2":"type-post","3":"status-publish","4":"format-standard","5":"has-post-thumbnail","7":"category-noticias-locales"},"yoast_head":"<!-- This site is optimized with the Yoast SEO plugin v27.5 - https:\/\/yoast.com\/product\/yoast-seo-wordpress\/ -->\n<title>La vida es de actitud y los j\u00f3venes del PAS se est\u00e1n forjando con car\u00e1cter y valores: Cu\u00e9n Ojeda - Fuentes Fidedignas<\/title>\n<meta name=\"robots\" content=\"index, follow, max-snippet:-1, max-image-preview:large, max-video-preview:-1\" \/>\n<link rel=\"canonical\" href=\"https:\/\/fuentesfidedignas.com.mx\/index.php\/2022\/09\/27\/la-vida-es-de-actitud-y-los-jovenes-del-pas-se-estan-forjando-con-caracter-y-valores-cuen-ojeda\/\" \/>\n<meta property=\"og:locale\" content=\"es_MX\" \/>\n<meta property=\"og:type\" content=\"article\" \/>\n<meta property=\"og:title\" content=\"La vida es de actitud y los j\u00f3venes del PAS se est\u00e1n forjando con car\u00e1cter y valores: Cu\u00e9n Ojeda - Fuentes Fidedignas\" \/>\n<meta property=\"og:description\" content=\"Toma protesta la estructura juvenil del PAS en Culiac\u00e1n Culiac\u00e1n Sin.- Frente a decenas de j\u00f3venes que conforman la estructura m\u00e1s din\u00e1mica del Partido Sinaloense, el l\u00edder pol\u00edtico del PAS H\u00e9ctor Melesio Cu\u00e9n Ojeda, expres\u00f3 el gran entusiasmo que siente por la incorporaci\u00f3n de m\u00e1s j\u00f3venes al proyecto del Partido Sinaloense, a quienes los convoc\u00f3 [&hellip;]\" \/>\n<meta property=\"og:url\" content=\"https:\/\/fuentesfidedignas.com.mx\/index.php\/2022\/09\/27\/la-vida-es-de-actitud-y-los-jovenes-del-pas-se-estan-forjando-con-caracter-y-valores-cuen-ojeda\/\" \/>\n<meta property=\"og:site_name\" content=\"Fuentes Fidedignas\" \/>\n<meta property=\"article:publisher\" content=\"https:\/\/www.facebook.com\/Fuentes-Fidedignas-368234489921644\" \/>\n<meta property=\"article:published_time\" content=\"2022-09-28T03:54:44+00:00\" \/>\n<meta property=\"article:modified_time\" content=\"2022-09-28T03:55:03+00:00\" \/>\n<meta property=\"og:image\" content=\"https:\/\/fuentesfidedignas.com.mx\/wp-content\/uploads\/2022\/09\/IMG-20220927-WA0053.jpg\" \/>\n\t<meta property=\"og:image:width\" content=\"1280\" \/>\n\t<meta property=\"og:image:height\" content=\"853\" \/>\n\t<meta property=\"og:image:type\" content=\"image\/jpeg\" \/>\n<meta name=\"author\" content=\"Redacci\u00f3n\" \/>\n<meta name=\"twitter:card\" content=\"summary_large_image\" \/>\n<meta name=\"twitter:creator\" content=\"@fidedignas\" \/>\n<meta name=\"twitter:site\" content=\"@fidedignas\" \/>\n<meta name=\"twitter:label1\" content=\"Escrito por\" \/>\n\t<meta name=\"twitter:data1\" content=\"Redacci\u00f3n\" \/>\n\t<meta name=\"twitter:label2\" content=\"Tiempo de lectura\" \/>\n\t<meta name=\"twitter:data2\" content=\"3 minutos\" \/>\n<script type=\"application\/ld+json\" class=\"yoast-schema-graph\">{\"@context\":\"https:\\\/\\\/schema.org\",\"@graph\":[{\"@type\":\"Article\",\"@id\":\"https:\\\/\\\/fuentesfidedignas.com.mx\\\/index.php\\\/2022\\\/09\\\/27\\\/la-vida-es-de-actitud-y-los-jovenes-del-pas-se-estan-forjando-con-caracter-y-valores-cuen-ojeda\\\/#article\",\"isPartOf\":{\"@id\":\"https:\\\/\\\/fuentesfidedignas.com.mx\\\/index.php\\\/2022\\\/09\\\/27\\\/la-vida-es-de-actitud-y-los-jovenes-del-pas-se-estan-forjando-con-caracter-y-valores-cuen-ojeda\\\/\"},\"author\":{\"name\":\"Redacci\u00f3n\",\"@id\":\"https:\\\/\\\/fuentesfidedignas.com.mx\\\/#\\\/schema\\\/person\\\/331be9283d37198e2acd5750279085b0\"},\"headline\":\"La vida es de actitud y los j\u00f3venes del PAS se est\u00e1n forjando con car\u00e1cter y valores: Cu\u00e9n Ojeda\",\"datePublished\":\"2022-09-28T03:54:44+00:00\",\"dateModified\":\"2022-09-28T03:55:03+00:00\",\"mainEntityOfPage\":{\"@id\":\"https:\\\/\\\/fuentesfidedignas.com.mx\\\/index.php\\\/2022\\\/09\\\/27\\\/la-vida-es-de-actitud-y-los-jovenes-del-pas-se-estan-forjando-con-caracter-y-valores-cuen-ojeda\\\/\"},\"wordCount\":428,\"commentCount\":0,\"publisher\":{\"@id\":\"https:\\\/\\\/fuentesfidedignas.com.mx\\\/#organization\"},\"image\":{\"@id\":\"https:\\\/\\\/fuentesfidedignas.com.mx\\\/index.php\\\/2022\\\/09\\\/27\\\/la-vida-es-de-actitud-y-los-jovenes-del-pas-se-estan-forjando-con-caracter-y-valores-cuen-ojeda\\\/#primaryimage\"},\"thumbnailUrl\":\"https:\\\/\\\/fuentesfidedignas.com.mx\\\/wp-content\\\/uploads\\\/2022\\\/09\\\/IMG-20220927-WA0053.jpg\",\"articleSection\":[\"NOTICIAS LOCALES\"],\"inLanguage\":\"es\",\"potentialAction\":[{\"@type\":\"CommentAction\",\"name\":\"Comment\",\"target\":[\"https:\\\/\\\/fuentesfidedignas.com.mx\\\/index.php\\\/2022\\\/09\\\/27\\\/la-vida-es-de-actitud-y-los-jovenes-del-pas-se-estan-forjando-con-caracter-y-valores-cuen-ojeda\\\/#respond\"]}]},{\"@type\":\"WebPage\",\"@id\":\"https:\\\/\\\/fuentesfidedignas.com.mx\\\/index.php\\\/2022\\\/09\\\/27\\\/la-vida-es-de-actitud-y-los-jovenes-del-pas-se-estan-forjando-con-caracter-y-valores-cuen-ojeda\\\/\",\"url\":\"https:\\\/\\\/fuentesfidedignas.com.mx\\\/index.php\\\/2022\\\/09\\\/27\\\/la-vida-es-de-actitud-y-los-jovenes-del-pas-se-estan-forjando-con-caracter-y-valores-cuen-ojeda\\\/\",\"name\":\"La vida es de actitud y los j\u00f3venes del PAS se est\u00e1n forjando con car\u00e1cter y valores: Cu\u00e9n Ojeda - Fuentes Fidedignas\",\"isPartOf\":{\"@id\":\"https:\\\/\\\/fuentesfidedignas.com.mx\\\/#website\"},\"primaryImageOfPage\":{\"@id\":\"https:\\\/\\\/fuentesfidedignas.com.mx\\\/index.php\\\/2022\\\/09\\\/27\\\/la-vida-es-de-actitud-y-los-jovenes-del-pas-se-estan-forjando-con-caracter-y-valores-cuen-ojeda\\\/#primaryimage\"},\"image\":{\"@id\":\"https:\\\/\\\/fuentesfidedignas.com.mx\\\/index.php\\\/2022\\\/09\\\/27\\\/la-vida-es-de-actitud-y-los-jovenes-del-pas-se-estan-forjando-con-caracter-y-valores-cuen-ojeda\\\/#primaryimage\"},\"thumbnailUrl\":\"https:\\\/\\\/fuentesfidedignas.com.mx\\\/wp-content\\\/uploads\\\/2022\\\/09\\\/IMG-20220927-WA0053.jpg\",\"datePublished\":\"2022-09-28T03:54:44+00:00\",\"dateModified\":\"2022-09-28T03:55:03+00:00\",\"breadcrumb\":{\"@id\":\"https:\\\/\\\/fuentesfidedignas.com.mx\\\/index.php\\\/2022\\\/09\\\/27\\\/la-vida-es-de-actitud-y-los-jovenes-del-pas-se-estan-forjando-con-caracter-y-valores-cuen-ojeda\\\/#breadcrumb\"},\"inLanguage\":\"es\",\"potentialAction\":[{\"@type\":\"ReadAction\",\"target\":[\"https:\\\/\\\/fuentesfidedignas.com.mx\\\/index.php\\\/2022\\\/09\\\/27\\\/la-vida-es-de-actitud-y-los-jovenes-del-pas-se-estan-forjando-con-caracter-y-valores-cuen-ojeda\\\/\"]}]},{\"@type\":\"ImageObject\",\"inLanguage\":\"es\",\"@id\":\"https:\\\/\\\/fuentesfidedignas.com.mx\\\/index.php\\\/2022\\\/09\\\/27\\\/la-vida-es-de-actitud-y-los-jovenes-del-pas-se-estan-forjando-con-caracter-y-valores-cuen-ojeda\\\/#primaryimage\",\"url\":\"https:\\\/\\\/fuentesfidedignas.com.mx\\\/wp-content\\\/uploads\\\/2022\\\/09\\\/IMG-20220927-WA0053.jpg\",\"contentUrl\":\"https:\\\/\\\/fuentesfidedignas.com.mx\\\/wp-content\\\/uploads\\\/2022\\\/09\\\/IMG-20220927-WA0053.jpg\",\"width\":1280,\"height\":853},{\"@type\":\"BreadcrumbList\",\"@id\":\"https:\\\/\\\/fuentesfidedignas.com.mx\\\/index.php\\\/2022\\\/09\\\/27\\\/la-vida-es-de-actitud-y-los-jovenes-del-pas-se-estan-forjando-con-caracter-y-valores-cuen-ojeda\\\/#breadcrumb\",\"itemListElement\":[{\"@type\":\"ListItem\",\"position\":1,\"name\":\"Inicio\",\"item\":\"https:\\\/\\\/fuentesfidedignas.com.mx\\\/\"},{\"@type\":\"ListItem\",\"position\":2,\"name\":\"La vida es de actitud y los j\u00f3venes del PAS se est\u00e1n forjando con car\u00e1cter y valores: Cu\u00e9n Ojeda\"}]},{\"@type\":\"WebSite\",\"@id\":\"https:\\\/\\\/fuentesfidedignas.com.mx\\\/#website\",\"url\":\"https:\\\/\\\/fuentesfidedignas.com.mx\\\/\",\"name\":\"Fuentes Fidedignas\",\"description\":\"Otro sitio realizado con WordPress\",\"publisher\":{\"@id\":\"https:\\\/\\\/fuentesfidedignas.com.mx\\\/#organization\"},\"potentialAction\":[{\"@type\":\"SearchAction\",\"target\":{\"@type\":\"EntryPoint\",\"urlTemplate\":\"https:\\\/\\\/fuentesfidedignas.com.mx\\\/?s={search_term_string}\"},\"query-input\":{\"@type\":\"PropertyValueSpecification\",\"valueRequired\":true,\"valueName\":\"search_term_string\"}}],\"inLanguage\":\"es\"},{\"@type\":\"Organization\",\"@id\":\"https:\\\/\\\/fuentesfidedignas.com.mx\\\/#organization\",\"name\":\"Fuentes Fidedignas\",\"url\":\"https:\\\/\\\/fuentesfidedignas.com.mx\\\/\",\"logo\":{\"@type\":\"ImageObject\",\"inLanguage\":\"es\",\"@id\":\"https:\\\/\\\/fuentesfidedignas.com.mx\\\/#\\\/schema\\\/logo\\\/image\\\/\",\"url\":\"https:\\\/\\\/fuentesfidedignas.com.mx\\\/wp-content\\\/uploads\\\/2021\\\/04\\\/logo-retina.png\",\"contentUrl\":\"https:\\\/\\\/fuentesfidedignas.com.mx\\\/wp-content\\\/uploads\\\/2021\\\/04\\\/logo-retina.png\",\"width\":280,\"height\":51,\"caption\":\"Fuentes Fidedignas\"},\"image\":{\"@id\":\"https:\\\/\\\/fuentesfidedignas.com.mx\\\/#\\\/schema\\\/logo\\\/image\\\/\"},\"sameAs\":[\"https:\\\/\\\/www.facebook.com\\\/Fuentes-Fidedignas-368234489921644\",\"https:\\\/\\\/x.com\\\/fidedignas\"]},{\"@type\":\"Person\",\"@id\":\"https:\\\/\\\/fuentesfidedignas.com.mx\\\/#\\\/schema\\\/person\\\/331be9283d37198e2acd5750279085b0\",\"name\":\"Redacci\u00f3n\",\"image\":{\"@type\":\"ImageObject\",\"inLanguage\":\"es\",\"@id\":\"https:\\\/\\\/secure.gravatar.com\\\/avatar\\\/f6d8782c11d12b2d4ad3fbb6931aeab5309937a4d6cd2fc9cfaa28a6396a5aec?s=96&d=mm&r=g\",\"url\":\"https:\\\/\\\/secure.gravatar.com\\\/avatar\\\/f6d8782c11d12b2d4ad3fbb6931aeab5309937a4d6cd2fc9cfaa28a6396a5aec?s=96&d=mm&r=g\",\"contentUrl\":\"https:\\\/\\\/secure.gravatar.com\\\/avatar\\\/f6d8782c11d12b2d4ad3fbb6931aeab5309937a4d6cd2fc9cfaa28a6396a5aec?s=96&d=mm&r=g\",\"caption\":\"Redacci\u00f3n\"},\"url\":\"https:\\\/\\\/fuentesfidedignas.com.mx\\\/index.php\\\/author\\\/redaccion\\\/\"}]}<\/script>\n<!-- \/ Yoast SEO plugin. -->","yoast_head_json":{"title":"La vida es de actitud y los j\u00f3venes del PAS se est\u00e1n forjando con car\u00e1cter y valores: Cu\u00e9n Ojeda - Fuentes Fidedignas","robots":{"index":"index","follow":"follow","max-snippet":"max-snippet:-1","max-image-preview":"max-image-preview:large","max-video-preview":"max-video-preview:-1"},"canonical":"https:\/\/fuentesfidedignas.com.mx\/index.php\/2022\/09\/27\/la-vida-es-de-actitud-y-los-jovenes-del-pas-se-estan-forjando-con-caracter-y-valores-cuen-ojeda\/","og_locale":"es_MX","og_type":"article","og_title":"La vida es de actitud y los j\u00f3venes del PAS se est\u00e1n forjando con car\u00e1cter y valores: Cu\u00e9n Ojeda - Fuentes Fidedignas","og_description":"Toma protesta la estructura juvenil del PAS en Culiac\u00e1n Culiac\u00e1n Sin.- Frente a decenas de j\u00f3venes que conforman la estructura m\u00e1s din\u00e1mica del Partido Sinaloense, el l\u00edder pol\u00edtico del PAS H\u00e9ctor Melesio Cu\u00e9n Ojeda, expres\u00f3 el gran entusiasmo que siente por la incorporaci\u00f3n de m\u00e1s j\u00f3venes al proyecto del Partido Sinaloense, a quienes los convoc\u00f3 [&hellip;]","og_url":"https:\/\/fuentesfidedignas.com.mx\/index.php\/2022\/09\/27\/la-vida-es-de-actitud-y-los-jovenes-del-pas-se-estan-forjando-con-caracter-y-valores-cuen-ojeda\/","og_site_name":"Fuentes Fidedignas","article_publisher":"https:\/\/www.facebook.com\/Fuentes-Fidedignas-368234489921644","article_published_time":"2022-09-28T03:54:44+00:00","article_modified_time":"2022-09-28T03:55:03+00:00","og_image":[{"width":1280,"height":853,"url":"https:\/\/fuentesfidedignas.com.mx\/wp-content\/uploads\/2022\/09\/IMG-20220927-WA0053.jpg","type":"image\/jpeg"}],"author":"Redacci\u00f3n","twitter_card":"summary_large_image","twitter_creator":"@fidedignas","twitter_site":"@fidedignas","twitter_misc":{"Escrito por":"Redacci\u00f3n","Tiempo de lectura":"3 minutos"},"schema":{"@context":"https:\/\/schema.org","@graph":[{"@type":"Article","@id":"https:\/\/fuentesfidedignas.com.mx\/index.php\/2022\/09\/27\/la-vida-es-de-actitud-y-los-jovenes-del-pas-se-estan-forjando-con-caracter-y-valores-cuen-ojeda\/#article","isPartOf":{"@id":"https:\/\/fuentesfidedignas.com.mx\/index.php\/2022\/09\/27\/la-vida-es-de-actitud-y-los-jovenes-del-pas-se-estan-forjando-con-caracter-y-valores-cuen-ojeda\/"},"author":{"name":"Redacci\u00f3n","@id":"https:\/\/fuentesfidedignas.com.mx\/#\/schema\/person\/331be9283d37198e2acd5750279085b0"},"headline":"La vida es de actitud y los j\u00f3venes del PAS se est\u00e1n forjando con car\u00e1cter y valores: Cu\u00e9n Ojeda","datePublished":"2022-09-28T03:54:44+00:00","dateModified":"2022-09-28T03:55:03+00:00","mainEntityOfPage":{"@id":"https:\/\/fuentesfidedignas.com.mx\/index.php\/2022\/09\/27\/la-vida-es-de-actitud-y-los-jovenes-del-pas-se-estan-forjando-con-caracter-y-valores-cuen-ojeda\/"},"wordCount":428,"commentCount":0,"publisher":{"@id":"https:\/\/fuentesfidedignas.com.mx\/#organization"},"image":{"@id":"https:\/\/fuentesfidedignas.com.mx\/index.php\/2022\/09\/27\/la-vida-es-de-actitud-y-los-jovenes-del-pas-se-estan-forjando-con-caracter-y-valores-cuen-ojeda\/#primaryimage"},"thumbnailUrl":"https:\/\/fuentesfidedignas.com.mx\/wp-content\/uploads\/2022\/09\/IMG-20220927-WA0053.jpg","articleSection":["NOTICIAS LOCALES"],"inLanguage":"es","potentialAction":[{"@type":"CommentAction","name":"Comment","target":["https:\/\/fuentesfidedignas.com.mx\/index.php\/2022\/09\/27\/la-vida-es-de-actitud-y-los-jovenes-del-pas-se-estan-forjando-con-caracter-y-valores-cuen-ojeda\/#respond"]}]},{"@type":"WebPage","@id":"https:\/\/fuentesfidedignas.com.mx\/index.php\/2022\/09\/27\/la-vida-es-de-actitud-y-los-jovenes-del-pas-se-estan-forjando-con-caracter-y-valores-cuen-ojeda\/","url":"https:\/\/fuentesfidedignas.com.mx\/index.php\/2022\/09\/27\/la-vida-es-de-actitud-y-los-jovenes-del-pas-se-estan-forjando-con-caracter-y-valores-cuen-ojeda\/","name":"La vida es de actitud y los j\u00f3venes del PAS se est\u00e1n forjando con car\u00e1cter y valores: Cu\u00e9n Ojeda - Fuentes Fidedignas","isPartOf":{"@id":"https:\/\/fuentesfidedignas.com.mx\/#website"},"primaryImageOfPage":{"@id":"https:\/\/fuentesfidedignas.com.mx\/index.php\/2022\/09\/27\/la-vida-es-de-actitud-y-los-jovenes-del-pas-se-estan-forjando-con-caracter-y-valores-cuen-ojeda\/#primaryimage"},"image":{"@id":"https:\/\/fuentesfidedignas.com.mx\/index.php\/2022\/09\/27\/la-vida-es-de-actitud-y-los-jovenes-del-pas-se-estan-forjando-con-caracter-y-valores-cuen-ojeda\/#primaryimage"},"thumbnailUrl":"https:\/\/fuentesfidedignas.com.mx\/wp-content\/uploads\/2022\/09\/IMG-20220927-WA0053.jpg","datePublished":"2022-09-28T03:54:44+00:00","dateModified":"2022-09-28T03:55:03+00:00","breadcrumb":{"@id":"https:\/\/fuentesfidedignas.com.mx\/index.php\/2022\/09\/27\/la-vida-es-de-actitud-y-los-jovenes-del-pas-se-estan-forjando-con-caracter-y-valores-cuen-ojeda\/#breadcrumb"},"inLanguage":"es","potentialAction":[{"@type":"ReadAction","target":["https:\/\/fuentesfidedignas.com.mx\/index.php\/2022\/09\/27\/la-vida-es-de-actitud-y-los-jovenes-del-pas-se-estan-forjando-con-caracter-y-valores-cuen-ojeda\/"]}]},{"@type":"ImageObject","inLanguage":"es","@id":"https:\/\/fuentesfidedignas.com.mx\/index.php\/2022\/09\/27\/la-vida-es-de-actitud-y-los-jovenes-del-pas-se-estan-forjando-con-caracter-y-valores-cuen-ojeda\/#primaryimage","url":"https:\/\/fuentesfidedignas.com.mx\/wp-content\/uploads\/2022\/09\/IMG-20220927-WA0053.jpg","contentUrl":"https:\/\/fuentesfidedignas.com.mx\/wp-content\/uploads\/2022\/09\/IMG-20220927-WA0053.jpg","width":1280,"height":853},{"@type":"BreadcrumbList","@id":"https:\/\/fuentesfidedignas.com.mx\/index.php\/2022\/09\/27\/la-vida-es-de-actitud-y-los-jovenes-del-pas-se-estan-forjando-con-caracter-y-valores-cuen-ojeda\/#breadcrumb","itemListElement":[{"@type":"ListItem","position":1,"name":"Inicio","item":"https:\/\/fuentesfidedignas.com.mx\/"},{"@type":"ListItem","position":2,"name":"La vida es de actitud y los j\u00f3venes del PAS se est\u00e1n forjando con car\u00e1cter y valores: Cu\u00e9n Ojeda"}]},{"@type":"WebSite","@id":"https:\/\/fuentesfidedignas.com.mx\/#website","url":"https:\/\/fuentesfidedignas.com.mx\/","name":"Fuentes Fidedignas","description":"Otro sitio realizado con WordPress","publisher":{"@id":"https:\/\/fuentesfidedignas.com.mx\/#organization"},"potentialAction":[{"@type":"SearchAction","target":{"@type":"EntryPoint","urlTemplate":"https:\/\/fuentesfidedignas.com.mx\/?s={search_term_string}"},"query-input":{"@type":"PropertyValueSpecification","valueRequired":true,"valueName":"search_term_string"}}],"inLanguage":"es"},{"@type":"Organization","@id":"https:\/\/fuentesfidedignas.com.mx\/#organization","name":"Fuentes Fidedignas","url":"https:\/\/fuentesfidedignas.com.mx\/","logo":{"@type":"ImageObject","inLanguage":"es","@id":"https:\/\/fuentesfidedignas.com.mx\/#\/schema\/logo\/image\/","url":"https:\/\/fuentesfidedignas.com.mx\/wp-content\/uploads\/2021\/04\/logo-retina.png","contentUrl":"https:\/\/fuentesfidedignas.com.mx\/wp-content\/uploads\/2021\/04\/logo-retina.png","width":280,"height":51,"caption":"Fuentes Fidedignas"},"image":{"@id":"https:\/\/fuentesfidedignas.com.mx\/#\/schema\/logo\/image\/"},"sameAs":["https:\/\/www.facebook.com\/Fuentes-Fidedignas-368234489921644","https:\/\/x.com\/fidedignas"]},{"@type":"Person","@id":"https:\/\/fuentesfidedignas.com.mx\/#\/schema\/person\/331be9283d37198e2acd5750279085b0","name":"Redacci\u00f3n","image":{"@type":"ImageObject","inLanguage":"es","@id":"https:\/\/secure.gravatar.com\/avatar\/f6d8782c11d12b2d4ad3fbb6931aeab5309937a4d6cd2fc9cfaa28a6396a5aec?s=96&d=mm&r=g","url":"https:\/\/secure.gravatar.com\/avatar\/f6d8782c11d12b2d4ad3fbb6931aeab5309937a4d6cd2fc9cfaa28a6396a5aec?s=96&d=mm&r=g","contentUrl":"https:\/\/secure.gravatar.com\/avatar\/f6d8782c11d12b2d4ad3fbb6931aeab5309937a4d6cd2fc9cfaa28a6396a5aec?s=96&d=mm&r=g","caption":"Redacci\u00f3n"},"url":"https:\/\/fuentesfidedignas.com.mx\/index.php\/author\/redaccion\/"}]}},"_links":{"self":[{"href":"https:\/\/fuentesfidedignas.com.mx\/index.php\/wp-json\/wp\/v2\/posts\/43403","targetHints":{"allow":["GET"]}}],"collection":[{"href":"https:\/\/fuentesfidedignas.com.mx\/index.php\/wp-json\/wp\/v2\/posts"}],"about":[{"href":"https:\/\/fuentesfidedignas.com.mx\/index.php\/wp-json\/wp\/v2\/types\/post"}],"author":[{"embeddable":true,"href":"https:\/\/fuentesfidedignas.com.mx\/index.php\/wp-json\/wp\/v2\/users\/4"}],"replies":[{"embeddable":true,"href":"https:\/\/fuentesfidedignas.com.mx\/index.php\/wp-json\/wp\/v2\/comments?post=43403"}],"version-history":[{"count":1,"href":"https:\/\/fuentesfidedignas.com.mx\/index.php\/wp-json\/wp\/v2\/posts\/43403\/revisions"}],"predecessor-version":[{"id":43406,"href":"https:\/\/fuentesfidedignas.com.mx\/index.php\/wp-json\/wp\/v2\/posts\/43403\/revisions\/43406"}],"wp:featuredmedia":[{"embeddable":true,"href":"https:\/\/fuentesfidedignas.com.mx\/index.php\/wp-json\/wp\/v2\/media\/43407"}],"wp:attachment":[{"href":"https:\/\/fuentesfidedignas.com.mx\/index.php\/wp-json\/wp\/v2\/media?parent=43403"}],"wp:term":[{"taxonomy":"category","embeddable":true,"href":"https:\/\/fuentesfidedignas.com.mx\/index.php\/wp-json\/wp\/v2\/categories?post=43403"},{"taxonomy":"post_tag","embeddable":true,"href":"https:\/\/fuentesfidedignas.com.mx\/index.php\/wp-json\/wp\/v2\/tags?post=43403"}],"curies":[{"name":"wp","href":"https:\/\/api.w.org\/{rel}","templated":true}]}}