{"id":43394,"date":"2022-09-27T18:12:55","date_gmt":"2022-09-28T00:12:55","guid":{"rendered":"https:\/\/fuentesfidedignas.com.mx\/?p=43394"},"modified":"2022-09-27T18:12:56","modified_gmt":"2022-09-28T00:12:56","slug":"no-hay-primor-alito-moreno-llama-a-pan-y-prd-para-reactivar-alianza-va-por-mexico","status":"publish","type":"post","link":"https:\/\/fuentesfidedignas.com.mx\/index.php\/2022\/09\/27\/no-hay-primor-alito-moreno-llama-a-pan-y-prd-para-reactivar-alianza-va-por-mexico\/","title":{"rendered":"No hay PRIMOR: \u2018Alito\u2019 Moreno llama a PAN y PRD para reactivar alianza Va por M\u00e9xico"},"content":{"rendered":"\n<p><strong><em>El presidente nacional del PRI, Alejandro Moreno C\u00e1rdenas, expres\u00f3 que los partidos no pueden coincidir en todo pero, que sin alianza, podr\u00edan perder las elecciones de 2023 y 2024.<\/em><\/strong><\/p>\n\n\n\n<p>Ciudad de M\u00e9xico.- El dirigente nacional del PRI, Alejandro Moreno C\u00e1rdenas, llam\u00f3 al PAN y PRD a reactivar el di\u00e1logo y los acuerdos de la coalici\u00f3n opositora Va por M\u00e9xico, porque admiti\u00f3 que \u201csolos ning\u00fan partido podr\u00e1 ganar una elecci\u00f3n\u201d.<\/p>\n\n\n\n<p>Les asegur\u00f3 que \u201cno hay ning\u00fan pacto ni ning\u00fan acuerdo\u201d de impunidad con el gobierno del presidente Andr\u00e9s Manuel L\u00f3pez Obrador.<\/p>\n\n\n\n<p>\u201cPueden seguir con cualquier show medi\u00e1tico que hagan, yo no tengo nada que esconder, me asiste la raz\u00f3n, lo dem\u00e1s es el efecto corruptor, el efecto de querer hacer un linchamiento pol\u00edtico y medi\u00e1tico, mediante montajes, mentiras y calumnias para ponernos ante la opini\u00f3n p\u00fablica como culpables, que somos lo peor, atacar y denigrar al partido, a mi persona y a mi familia\u201d, sostuvo.<\/p>\n\n\n\n<p>Inform\u00f3 que no ha tenido comunicaci\u00f3n desde hace varios d\u00edas con las dirigencias que encabezan el panista Marko Cort\u00e9s y el perredista Jes\u00fas Zambrano.<\/p>\n\n\n\n<p>En conferencia en la sede nacional tricolor, Moreno C\u00e1rdenas explic\u00f3 que si hubo diferencias del PRI con el PAN y PRD por el tema de la reforma para ampliar la temporalidad de la presencia del Ej\u00e9rcito en tareas de seguridad p\u00fablica, se debe a que \u201cla alianza Va por M\u00e9xico no debe ser una camisa de fuerza\u201d y que \u201ccada partido tiene su agenda, tiene sus temas y sus prioridades\u201d.<\/p>\n\n\n\n<p>\u201cNo podemos coincidir en todo\u201d, precis\u00f3 y les se\u00f1al\u00f3 que \u201cno es un tema de militarizaci\u00f3n, ese es un discurso que traen. Nosotros votamos por un tema de temporalidad, nosotros votamos en contra de la militarizaci\u00f3n. No hay que confundir la gimnasia con la magnesia\u201d, dijo.<\/p>\n\n\n\n<p>Resalt\u00f3 que el PRI est\u00e1 por \u201cla construcci\u00f3n de acuerdos, de di\u00e1logo en favor de la coalici\u00f3n; no hemos tenido comunicaci\u00f3n, estamos trabajando para lograr y fortalecer esa comunicaci\u00f3n para ir juntos en el 2023 para las elecciones en el Estado de M\u00e9xico y en Coahuila\u201d.<\/p>\n\n\n\n<p>\u201cPor parte del PRI nunca habr\u00e1 un \u00e1nimo de no dialogar y de no construir la coalici\u00f3n, que dio muy buenos resultados en las pasadas elecciones y que nos hace ser m\u00e1s competitivos\u201d, dijo, y admiti\u00f3 que \u201csiempre est\u00e1 latente la eventual ruptura\u201d, pero \u201cnosotros insistimos en que la alianza es el elemento que tiene el ciudadano para contar con una opci\u00f3n distinta al partido oficial\u201d.<\/p>\n\n\n\n<p>\u201cSeparados es muy dif\u00edcil la competencia electoral y pol\u00edtica\u201d, \u201cla forma de ganar es ir juntos\u201d, porque \u201csolos ning\u00fan partido gana una elecci\u00f3n\u201d, remarc\u00f3. \u201cEl PRI cuenta con un 18 por ciento de la votaci\u00f3n, el PAN tiene lo mismo y el PRD tiene un tres por ciento; pero juntos tendr\u00edamos un 40 por ciento, con lo que ganar\u00edamos en el 2023 y en el 2024\u2033, estim\u00f3.<\/p>\n","protected":false},"excerpt":{"rendered":"<p>El presidente nacional del PRI, Alejandro Moreno C\u00e1rdenas, expres\u00f3 que los partidos no pueden coincidir en todo pero, que sin alianza, podr\u00edan perder las elecciones de 2023 y 2024. Ciudad de M\u00e9xico.- El dirigente nacional del PRI, Alejandro Moreno C\u00e1rdenas, llam\u00f3 al PAN y PRD a reactivar el di\u00e1logo y los acuerdos de la coalici\u00f3n [&hellip;]<\/p>\n","protected":false},"author":21,"featured_media":14314,"comment_status":"open","ping_status":"open","sticky":false,"template":"","format":"standard","meta":{"tdm_status":"","tdm_grid_status":"","footnotes":""},"categories":[37],"tags":[],"class_list":{"0":"post-43394","1":"post","2":"type-post","3":"status-publish","4":"format-standard","5":"has-post-thumbnail","7":"category-nota-principal"},"yoast_head":"<!-- This site is optimized with the Yoast SEO plugin v27.5 - https:\/\/yoast.com\/product\/yoast-seo-wordpress\/ -->\n<title>No hay PRIMOR: \u2018Alito\u2019 Moreno llama a PAN y PRD para reactivar alianza Va por M\u00e9xico - Fuentes Fidedignas<\/title>\n<meta name=\"robots\" content=\"index, follow, max-snippet:-1, max-image-preview:large, max-video-preview:-1\" \/>\n<link rel=\"canonical\" href=\"https:\/\/fuentesfidedignas.com.mx\/index.php\/2022\/09\/27\/no-hay-primor-alito-moreno-llama-a-pan-y-prd-para-reactivar-alianza-va-por-mexico\/\" \/>\n<meta property=\"og:locale\" content=\"es_MX\" \/>\n<meta property=\"og:type\" content=\"article\" \/>\n<meta property=\"og:title\" content=\"No hay PRIMOR: \u2018Alito\u2019 Moreno llama a PAN y PRD para reactivar alianza Va por M\u00e9xico - Fuentes Fidedignas\" \/>\n<meta property=\"og:description\" content=\"El presidente nacional del PRI, Alejandro Moreno C\u00e1rdenas, expres\u00f3 que los partidos no pueden coincidir en todo pero, que sin alianza, podr\u00edan perder las elecciones de 2023 y 2024. Ciudad de M\u00e9xico.- El dirigente nacional del PRI, Alejandro Moreno C\u00e1rdenas, llam\u00f3 al PAN y PRD a reactivar el di\u00e1logo y los acuerdos de la coalici\u00f3n [&hellip;]\" \/>\n<meta property=\"og:url\" content=\"https:\/\/fuentesfidedignas.com.mx\/index.php\/2022\/09\/27\/no-hay-primor-alito-moreno-llama-a-pan-y-prd-para-reactivar-alianza-va-por-mexico\/\" \/>\n<meta property=\"og:site_name\" content=\"Fuentes Fidedignas\" \/>\n<meta property=\"article:publisher\" content=\"https:\/\/www.facebook.com\/Fuentes-Fidedignas-368234489921644\" \/>\n<meta property=\"article:published_time\" content=\"2022-09-28T00:12:55+00:00\" \/>\n<meta property=\"article:modified_time\" content=\"2022-09-28T00:12:56+00:00\" \/>\n<meta property=\"og:image\" content=\"https:\/\/fuentesfidedignas.com.mx\/wp-content\/uploads\/2021\/10\/ALITO_PRI.jpg\" \/>\n\t<meta property=\"og:image:width\" content=\"1280\" \/>\n\t<meta property=\"og:image:height\" content=\"720\" \/>\n\t<meta property=\"og:image:type\" content=\"image\/jpeg\" \/>\n<meta name=\"author\" content=\"El Financiero\" \/>\n<meta name=\"twitter:card\" content=\"summary_large_image\" \/>\n<meta name=\"twitter:creator\" content=\"@fidedignas\" \/>\n<meta name=\"twitter:site\" content=\"@fidedignas\" \/>\n<meta name=\"twitter:label1\" content=\"Escrito por\" \/>\n\t<meta name=\"twitter:data1\" content=\"El Financiero\" \/>\n\t<meta name=\"twitter:label2\" content=\"Tiempo de lectura\" \/>\n\t<meta name=\"twitter:data2\" content=\"3 minutos\" \/>\n<script type=\"application\/ld+json\" class=\"yoast-schema-graph\">{\"@context\":\"https:\\\/\\\/schema.org\",\"@graph\":[{\"@type\":\"Article\",\"@id\":\"https:\\\/\\\/fuentesfidedignas.com.mx\\\/index.php\\\/2022\\\/09\\\/27\\\/no-hay-primor-alito-moreno-llama-a-pan-y-prd-para-reactivar-alianza-va-por-mexico\\\/#article\",\"isPartOf\":{\"@id\":\"https:\\\/\\\/fuentesfidedignas.com.mx\\\/index.php\\\/2022\\\/09\\\/27\\\/no-hay-primor-alito-moreno-llama-a-pan-y-prd-para-reactivar-alianza-va-por-mexico\\\/\"},\"author\":{\"name\":\"El Financiero\",\"@id\":\"https:\\\/\\\/fuentesfidedignas.com.mx\\\/#\\\/schema\\\/person\\\/494f7e0dce8dfaaec5b64f16615b78e9\"},\"headline\":\"No hay PRIMOR: \u2018Alito\u2019 Moreno llama a PAN y PRD para reactivar alianza Va por M\u00e9xico\",\"datePublished\":\"2022-09-28T00:12:55+00:00\",\"dateModified\":\"2022-09-28T00:12:56+00:00\",\"mainEntityOfPage\":{\"@id\":\"https:\\\/\\\/fuentesfidedignas.com.mx\\\/index.php\\\/2022\\\/09\\\/27\\\/no-hay-primor-alito-moreno-llama-a-pan-y-prd-para-reactivar-alianza-va-por-mexico\\\/\"},\"wordCount\":531,\"commentCount\":0,\"publisher\":{\"@id\":\"https:\\\/\\\/fuentesfidedignas.com.mx\\\/#organization\"},\"image\":{\"@id\":\"https:\\\/\\\/fuentesfidedignas.com.mx\\\/index.php\\\/2022\\\/09\\\/27\\\/no-hay-primor-alito-moreno-llama-a-pan-y-prd-para-reactivar-alianza-va-por-mexico\\\/#primaryimage\"},\"thumbnailUrl\":\"https:\\\/\\\/fuentesfidedignas.com.mx\\\/wp-content\\\/uploads\\\/2021\\\/10\\\/ALITO_PRI.jpg\",\"articleSection\":[\"NOTA PRINCIPAL\"],\"inLanguage\":\"es\",\"potentialAction\":[{\"@type\":\"CommentAction\",\"name\":\"Comment\",\"target\":[\"https:\\\/\\\/fuentesfidedignas.com.mx\\\/index.php\\\/2022\\\/09\\\/27\\\/no-hay-primor-alito-moreno-llama-a-pan-y-prd-para-reactivar-alianza-va-por-mexico\\\/#respond\"]}]},{\"@type\":\"WebPage\",\"@id\":\"https:\\\/\\\/fuentesfidedignas.com.mx\\\/index.php\\\/2022\\\/09\\\/27\\\/no-hay-primor-alito-moreno-llama-a-pan-y-prd-para-reactivar-alianza-va-por-mexico\\\/\",\"url\":\"https:\\\/\\\/fuentesfidedignas.com.mx\\\/index.php\\\/2022\\\/09\\\/27\\\/no-hay-primor-alito-moreno-llama-a-pan-y-prd-para-reactivar-alianza-va-por-mexico\\\/\",\"name\":\"No hay PRIMOR: \u2018Alito\u2019 Moreno llama a PAN y PRD para reactivar alianza Va por M\u00e9xico - Fuentes Fidedignas\",\"isPartOf\":{\"@id\":\"https:\\\/\\\/fuentesfidedignas.com.mx\\\/#website\"},\"primaryImageOfPage\":{\"@id\":\"https:\\\/\\\/fuentesfidedignas.com.mx\\\/index.php\\\/2022\\\/09\\\/27\\\/no-hay-primor-alito-moreno-llama-a-pan-y-prd-para-reactivar-alianza-va-por-mexico\\\/#primaryimage\"},\"image\":{\"@id\":\"https:\\\/\\\/fuentesfidedignas.com.mx\\\/index.php\\\/2022\\\/09\\\/27\\\/no-hay-primor-alito-moreno-llama-a-pan-y-prd-para-reactivar-alianza-va-por-mexico\\\/#primaryimage\"},\"thumbnailUrl\":\"https:\\\/\\\/fuentesfidedignas.com.mx\\\/wp-content\\\/uploads\\\/2021\\\/10\\\/ALITO_PRI.jpg\",\"datePublished\":\"2022-09-28T00:12:55+00:00\",\"dateModified\":\"2022-09-28T00:12:56+00:00\",\"breadcrumb\":{\"@id\":\"https:\\\/\\\/fuentesfidedignas.com.mx\\\/index.php\\\/2022\\\/09\\\/27\\\/no-hay-primor-alito-moreno-llama-a-pan-y-prd-para-reactivar-alianza-va-por-mexico\\\/#breadcrumb\"},\"inLanguage\":\"es\",\"potentialAction\":[{\"@type\":\"ReadAction\",\"target\":[\"https:\\\/\\\/fuentesfidedignas.com.mx\\\/index.php\\\/2022\\\/09\\\/27\\\/no-hay-primor-alito-moreno-llama-a-pan-y-prd-para-reactivar-alianza-va-por-mexico\\\/\"]}]},{\"@type\":\"ImageObject\",\"inLanguage\":\"es\",\"@id\":\"https:\\\/\\\/fuentesfidedignas.com.mx\\\/index.php\\\/2022\\\/09\\\/27\\\/no-hay-primor-alito-moreno-llama-a-pan-y-prd-para-reactivar-alianza-va-por-mexico\\\/#primaryimage\",\"url\":\"https:\\\/\\\/fuentesfidedignas.com.mx\\\/wp-content\\\/uploads\\\/2021\\\/10\\\/ALITO_PRI.jpg\",\"contentUrl\":\"https:\\\/\\\/fuentesfidedignas.com.mx\\\/wp-content\\\/uploads\\\/2021\\\/10\\\/ALITO_PRI.jpg\",\"width\":1280,\"height\":720},{\"@type\":\"BreadcrumbList\",\"@id\":\"https:\\\/\\\/fuentesfidedignas.com.mx\\\/index.php\\\/2022\\\/09\\\/27\\\/no-hay-primor-alito-moreno-llama-a-pan-y-prd-para-reactivar-alianza-va-por-mexico\\\/#breadcrumb\",\"itemListElement\":[{\"@type\":\"ListItem\",\"position\":1,\"name\":\"Inicio\",\"item\":\"https:\\\/\\\/fuentesfidedignas.com.mx\\\/\"},{\"@type\":\"ListItem\",\"position\":2,\"name\":\"No hay PRIMOR: \u2018Alito\u2019 Moreno llama a PAN y PRD para reactivar alianza Va por M\u00e9xico\"}]},{\"@type\":\"WebSite\",\"@id\":\"https:\\\/\\\/fuentesfidedignas.com.mx\\\/#website\",\"url\":\"https:\\\/\\\/fuentesfidedignas.com.mx\\\/\",\"name\":\"Fuentes Fidedignas\",\"description\":\"Otro sitio realizado con WordPress\",\"publisher\":{\"@id\":\"https:\\\/\\\/fuentesfidedignas.com.mx\\\/#organization\"},\"potentialAction\":[{\"@type\":\"SearchAction\",\"target\":{\"@type\":\"EntryPoint\",\"urlTemplate\":\"https:\\\/\\\/fuentesfidedignas.com.mx\\\/?s={search_term_string}\"},\"query-input\":{\"@type\":\"PropertyValueSpecification\",\"valueRequired\":true,\"valueName\":\"search_term_string\"}}],\"inLanguage\":\"es\"},{\"@type\":\"Organization\",\"@id\":\"https:\\\/\\\/fuentesfidedignas.com.mx\\\/#organization\",\"name\":\"Fuentes Fidedignas\",\"url\":\"https:\\\/\\\/fuentesfidedignas.com.mx\\\/\",\"logo\":{\"@type\":\"ImageObject\",\"inLanguage\":\"es\",\"@id\":\"https:\\\/\\\/fuentesfidedignas.com.mx\\\/#\\\/schema\\\/logo\\\/image\\\/\",\"url\":\"https:\\\/\\\/fuentesfidedignas.com.mx\\\/wp-content\\\/uploads\\\/2021\\\/04\\\/logo-retina.png\",\"contentUrl\":\"https:\\\/\\\/fuentesfidedignas.com.mx\\\/wp-content\\\/uploads\\\/2021\\\/04\\\/logo-retina.png\",\"width\":280,\"height\":51,\"caption\":\"Fuentes Fidedignas\"},\"image\":{\"@id\":\"https:\\\/\\\/fuentesfidedignas.com.mx\\\/#\\\/schema\\\/logo\\\/image\\\/\"},\"sameAs\":[\"https:\\\/\\\/www.facebook.com\\\/Fuentes-Fidedignas-368234489921644\",\"https:\\\/\\\/x.com\\\/fidedignas\"]},{\"@type\":\"Person\",\"@id\":\"https:\\\/\\\/fuentesfidedignas.com.mx\\\/#\\\/schema\\\/person\\\/494f7e0dce8dfaaec5b64f16615b78e9\",\"name\":\"El Financiero\",\"image\":{\"@type\":\"ImageObject\",\"inLanguage\":\"es\",\"@id\":\"https:\\\/\\\/secure.gravatar.com\\\/avatar\\\/88c0f3f2079389318ef8dd35c22cb997212aa89646e357ba59b318db26ed91a9?s=96&d=mm&r=g\",\"url\":\"https:\\\/\\\/secure.gravatar.com\\\/avatar\\\/88c0f3f2079389318ef8dd35c22cb997212aa89646e357ba59b318db26ed91a9?s=96&d=mm&r=g\",\"contentUrl\":\"https:\\\/\\\/secure.gravatar.com\\\/avatar\\\/88c0f3f2079389318ef8dd35c22cb997212aa89646e357ba59b318db26ed91a9?s=96&d=mm&r=g\",\"caption\":\"El Financiero\"},\"url\":\"https:\\\/\\\/fuentesfidedignas.com.mx\\\/index.php\\\/author\\\/financiero\\\/\"}]}<\/script>\n<!-- \/ Yoast SEO plugin. -->","yoast_head_json":{"title":"No hay PRIMOR: \u2018Alito\u2019 Moreno llama a PAN y PRD para reactivar alianza Va por M\u00e9xico - Fuentes Fidedignas","robots":{"index":"index","follow":"follow","max-snippet":"max-snippet:-1","max-image-preview":"max-image-preview:large","max-video-preview":"max-video-preview:-1"},"canonical":"https:\/\/fuentesfidedignas.com.mx\/index.php\/2022\/09\/27\/no-hay-primor-alito-moreno-llama-a-pan-y-prd-para-reactivar-alianza-va-por-mexico\/","og_locale":"es_MX","og_type":"article","og_title":"No hay PRIMOR: \u2018Alito\u2019 Moreno llama a PAN y PRD para reactivar alianza Va por M\u00e9xico - Fuentes Fidedignas","og_description":"El presidente nacional del PRI, Alejandro Moreno C\u00e1rdenas, expres\u00f3 que los partidos no pueden coincidir en todo pero, que sin alianza, podr\u00edan perder las elecciones de 2023 y 2024. Ciudad de M\u00e9xico.- El dirigente nacional del PRI, Alejandro Moreno C\u00e1rdenas, llam\u00f3 al PAN y PRD a reactivar el di\u00e1logo y los acuerdos de la coalici\u00f3n [&hellip;]","og_url":"https:\/\/fuentesfidedignas.com.mx\/index.php\/2022\/09\/27\/no-hay-primor-alito-moreno-llama-a-pan-y-prd-para-reactivar-alianza-va-por-mexico\/","og_site_name":"Fuentes Fidedignas","article_publisher":"https:\/\/www.facebook.com\/Fuentes-Fidedignas-368234489921644","article_published_time":"2022-09-28T00:12:55+00:00","article_modified_time":"2022-09-28T00:12:56+00:00","og_image":[{"width":1280,"height":720,"url":"https:\/\/fuentesfidedignas.com.mx\/wp-content\/uploads\/2021\/10\/ALITO_PRI.jpg","type":"image\/jpeg"}],"author":"El Financiero","twitter_card":"summary_large_image","twitter_creator":"@fidedignas","twitter_site":"@fidedignas","twitter_misc":{"Escrito por":"El Financiero","Tiempo de lectura":"3 minutos"},"schema":{"@context":"https:\/\/schema.org","@graph":[{"@type":"Article","@id":"https:\/\/fuentesfidedignas.com.mx\/index.php\/2022\/09\/27\/no-hay-primor-alito-moreno-llama-a-pan-y-prd-para-reactivar-alianza-va-por-mexico\/#article","isPartOf":{"@id":"https:\/\/fuentesfidedignas.com.mx\/index.php\/2022\/09\/27\/no-hay-primor-alito-moreno-llama-a-pan-y-prd-para-reactivar-alianza-va-por-mexico\/"},"author":{"name":"El Financiero","@id":"https:\/\/fuentesfidedignas.com.mx\/#\/schema\/person\/494f7e0dce8dfaaec5b64f16615b78e9"},"headline":"No hay PRIMOR: \u2018Alito\u2019 Moreno llama a PAN y PRD para reactivar alianza Va por M\u00e9xico","datePublished":"2022-09-28T00:12:55+00:00","dateModified":"2022-09-28T00:12:56+00:00","mainEntityOfPage":{"@id":"https:\/\/fuentesfidedignas.com.mx\/index.php\/2022\/09\/27\/no-hay-primor-alito-moreno-llama-a-pan-y-prd-para-reactivar-alianza-va-por-mexico\/"},"wordCount":531,"commentCount":0,"publisher":{"@id":"https:\/\/fuentesfidedignas.com.mx\/#organization"},"image":{"@id":"https:\/\/fuentesfidedignas.com.mx\/index.php\/2022\/09\/27\/no-hay-primor-alito-moreno-llama-a-pan-y-prd-para-reactivar-alianza-va-por-mexico\/#primaryimage"},"thumbnailUrl":"https:\/\/fuentesfidedignas.com.mx\/wp-content\/uploads\/2021\/10\/ALITO_PRI.jpg","articleSection":["NOTA PRINCIPAL"],"inLanguage":"es","potentialAction":[{"@type":"CommentAction","name":"Comment","target":["https:\/\/fuentesfidedignas.com.mx\/index.php\/2022\/09\/27\/no-hay-primor-alito-moreno-llama-a-pan-y-prd-para-reactivar-alianza-va-por-mexico\/#respond"]}]},{"@type":"WebPage","@id":"https:\/\/fuentesfidedignas.com.mx\/index.php\/2022\/09\/27\/no-hay-primor-alito-moreno-llama-a-pan-y-prd-para-reactivar-alianza-va-por-mexico\/","url":"https:\/\/fuentesfidedignas.com.mx\/index.php\/2022\/09\/27\/no-hay-primor-alito-moreno-llama-a-pan-y-prd-para-reactivar-alianza-va-por-mexico\/","name":"No hay PRIMOR: \u2018Alito\u2019 Moreno llama a PAN y PRD para reactivar alianza Va por M\u00e9xico - Fuentes Fidedignas","isPartOf":{"@id":"https:\/\/fuentesfidedignas.com.mx\/#website"},"primaryImageOfPage":{"@id":"https:\/\/fuentesfidedignas.com.mx\/index.php\/2022\/09\/27\/no-hay-primor-alito-moreno-llama-a-pan-y-prd-para-reactivar-alianza-va-por-mexico\/#primaryimage"},"image":{"@id":"https:\/\/fuentesfidedignas.com.mx\/index.php\/2022\/09\/27\/no-hay-primor-alito-moreno-llama-a-pan-y-prd-para-reactivar-alianza-va-por-mexico\/#primaryimage"},"thumbnailUrl":"https:\/\/fuentesfidedignas.com.mx\/wp-content\/uploads\/2021\/10\/ALITO_PRI.jpg","datePublished":"2022-09-28T00:12:55+00:00","dateModified":"2022-09-28T00:12:56+00:00","breadcrumb":{"@id":"https:\/\/fuentesfidedignas.com.mx\/index.php\/2022\/09\/27\/no-hay-primor-alito-moreno-llama-a-pan-y-prd-para-reactivar-alianza-va-por-mexico\/#breadcrumb"},"inLanguage":"es","potentialAction":[{"@type":"ReadAction","target":["https:\/\/fuentesfidedignas.com.mx\/index.php\/2022\/09\/27\/no-hay-primor-alito-moreno-llama-a-pan-y-prd-para-reactivar-alianza-va-por-mexico\/"]}]},{"@type":"ImageObject","inLanguage":"es","@id":"https:\/\/fuentesfidedignas.com.mx\/index.php\/2022\/09\/27\/no-hay-primor-alito-moreno-llama-a-pan-y-prd-para-reactivar-alianza-va-por-mexico\/#primaryimage","url":"https:\/\/fuentesfidedignas.com.mx\/wp-content\/uploads\/2021\/10\/ALITO_PRI.jpg","contentUrl":"https:\/\/fuentesfidedignas.com.mx\/wp-content\/uploads\/2021\/10\/ALITO_PRI.jpg","width":1280,"height":720},{"@type":"BreadcrumbList","@id":"https:\/\/fuentesfidedignas.com.mx\/index.php\/2022\/09\/27\/no-hay-primor-alito-moreno-llama-a-pan-y-prd-para-reactivar-alianza-va-por-mexico\/#breadcrumb","itemListElement":[{"@type":"ListItem","position":1,"name":"Inicio","item":"https:\/\/fuentesfidedignas.com.mx\/"},{"@type":"ListItem","position":2,"name":"No hay PRIMOR: \u2018Alito\u2019 Moreno llama a PAN y PRD para reactivar alianza Va por M\u00e9xico"}]},{"@type":"WebSite","@id":"https:\/\/fuentesfidedignas.com.mx\/#website","url":"https:\/\/fuentesfidedignas.com.mx\/","name":"Fuentes Fidedignas","description":"Otro sitio realizado con WordPress","publisher":{"@id":"https:\/\/fuentesfidedignas.com.mx\/#organization"},"potentialAction":[{"@type":"SearchAction","target":{"@type":"EntryPoint","urlTemplate":"https:\/\/fuentesfidedignas.com.mx\/?s={search_term_string}"},"query-input":{"@type":"PropertyValueSpecification","valueRequired":true,"valueName":"search_term_string"}}],"inLanguage":"es"},{"@type":"Organization","@id":"https:\/\/fuentesfidedignas.com.mx\/#organization","name":"Fuentes Fidedignas","url":"https:\/\/fuentesfidedignas.com.mx\/","logo":{"@type":"ImageObject","inLanguage":"es","@id":"https:\/\/fuentesfidedignas.com.mx\/#\/schema\/logo\/image\/","url":"https:\/\/fuentesfidedignas.com.mx\/wp-content\/uploads\/2021\/04\/logo-retina.png","contentUrl":"https:\/\/fuentesfidedignas.com.mx\/wp-content\/uploads\/2021\/04\/logo-retina.png","width":280,"height":51,"caption":"Fuentes Fidedignas"},"image":{"@id":"https:\/\/fuentesfidedignas.com.mx\/#\/schema\/logo\/image\/"},"sameAs":["https:\/\/www.facebook.com\/Fuentes-Fidedignas-368234489921644","https:\/\/x.com\/fidedignas"]},{"@type":"Person","@id":"https:\/\/fuentesfidedignas.com.mx\/#\/schema\/person\/494f7e0dce8dfaaec5b64f16615b78e9","name":"El Financiero","image":{"@type":"ImageObject","inLanguage":"es","@id":"https:\/\/secure.gravatar.com\/avatar\/88c0f3f2079389318ef8dd35c22cb997212aa89646e357ba59b318db26ed91a9?s=96&d=mm&r=g","url":"https:\/\/secure.gravatar.com\/avatar\/88c0f3f2079389318ef8dd35c22cb997212aa89646e357ba59b318db26ed91a9?s=96&d=mm&r=g","contentUrl":"https:\/\/secure.gravatar.com\/avatar\/88c0f3f2079389318ef8dd35c22cb997212aa89646e357ba59b318db26ed91a9?s=96&d=mm&r=g","caption":"El Financiero"},"url":"https:\/\/fuentesfidedignas.com.mx\/index.php\/author\/financiero\/"}]}},"_links":{"self":[{"href":"https:\/\/fuentesfidedignas.com.mx\/index.php\/wp-json\/wp\/v2\/posts\/43394","targetHints":{"allow":["GET"]}}],"collection":[{"href":"https:\/\/fuentesfidedignas.com.mx\/index.php\/wp-json\/wp\/v2\/posts"}],"about":[{"href":"https:\/\/fuentesfidedignas.com.mx\/index.php\/wp-json\/wp\/v2\/types\/post"}],"author":[{"embeddable":true,"href":"https:\/\/fuentesfidedignas.com.mx\/index.php\/wp-json\/wp\/v2\/users\/21"}],"replies":[{"embeddable":true,"href":"https:\/\/fuentesfidedignas.com.mx\/index.php\/wp-json\/wp\/v2\/comments?post=43394"}],"version-history":[{"count":1,"href":"https:\/\/fuentesfidedignas.com.mx\/index.php\/wp-json\/wp\/v2\/posts\/43394\/revisions"}],"predecessor-version":[{"id":43395,"href":"https:\/\/fuentesfidedignas.com.mx\/index.php\/wp-json\/wp\/v2\/posts\/43394\/revisions\/43395"}],"wp:featuredmedia":[{"embeddable":true,"href":"https:\/\/fuentesfidedignas.com.mx\/index.php\/wp-json\/wp\/v2\/media\/14314"}],"wp:attachment":[{"href":"https:\/\/fuentesfidedignas.com.mx\/index.php\/wp-json\/wp\/v2\/media?parent=43394"}],"wp:term":[{"taxonomy":"category","embeddable":true,"href":"https:\/\/fuentesfidedignas.com.mx\/index.php\/wp-json\/wp\/v2\/categories?post=43394"},{"taxonomy":"post_tag","embeddable":true,"href":"https:\/\/fuentesfidedignas.com.mx\/index.php\/wp-json\/wp\/v2\/tags?post=43394"}],"curies":[{"name":"wp","href":"https:\/\/api.w.org\/{rel}","templated":true}]}}