{"id":43382,"date":"2022-09-27T17:31:05","date_gmt":"2022-09-27T23:31:05","guid":{"rendered":"https:\/\/fuentesfidedignas.com.mx\/?p=43382"},"modified":"2022-09-27T17:31:06","modified_gmt":"2022-09-27T23:31:06","slug":"aprueba-cabildo-solicitar-traslado-provisional-de-poderes-a-la-sindicatura-de-san-pedro","status":"publish","type":"post","link":"https:\/\/fuentesfidedignas.com.mx\/index.php\/2022\/09\/27\/aprueba-cabildo-solicitar-traslado-provisional-de-poderes-a-la-sindicatura-de-san-pedro\/","title":{"rendered":"Aprueba Cabildo solicitar traslado provisional de poderes a la sindicatura de San Pedro"},"content":{"rendered":"\n<p><strong><em>La Presidenta Municipal de Navolato enviar\u00e1 una iniciativa de Decreto al H. Congreso del Estado de Sinaloa, con la finalidad de que los legisladores aprueben trasladar los poderes de la entidad a San Pedro el d\u00eda 22 de diciembre.<\/em><\/strong><\/p>\n\n\n\n<p>Navolato, Sinaloa.- Este martes el H. Ayuntamiento de Navolato llev\u00f3 a cabo la sesi\u00f3n ordinaria de cabildo n\u00famero 37, donde se aprob\u00f3 el acuerdo que emite la alcaldesa Margoth Urrea P\u00e9rez respecto del proyecto de decreto para que el Congreso del Estado de Sinaloa apruebe el traslado provisional de los poderes del Estado de Sinaloa, fuera de la ciudad de Culiac\u00e1n, Rosales, para celebrar sesi\u00f3n solemne en conmemoraci\u00f3n del 158 Aniversario de la Batalla de San Pedro.<\/p>\n\n\n\n<p>La Presidenta Municipal de Navolato argument\u00f3 que la Batalla de San Pedro, librada el 22 de diciembre de 1864, por las fuerzas de Antonio Rosales, es junto a la de Puebla, una de las m\u00e1s honrosas para los mexicanos, por lo que reiter\u00f3 la importancia de celebrar a lo grande esta fecha con un acto c\u00edvico y cultural.<\/p>\n\n\n\n<p>\u201cEnviaremos una iniciativa de decreto al H. Congreso del Estado de Sinaloa con la finalidad de que los legisladores aprueben trasladar los poderes de la entidad a San Pedro el d\u00eda 22 de diciembre para conmemorar esta importante fecha\u201d.<\/p>\n\n\n\n<p>Los poderes del estado ya se han trasladado a otros municipios como: A la Ciudad de El Fuerte para conmemorar el 190 aniversario de la Instalaci\u00f3n del Congreso Constituyente del 12 de Octubre de 1821 el cual se aprob\u00f3 por Decreto N\u00famero 185 el d\u00eda 2 de octubre de 2014; De igual forma el 2 de mayo de 2017 por Decreto N\u00famero 123 el Congreso del Estado aprob\u00f3 el traslado provisional de los poderes a la Ciudad de La Cruz para conmemorar el centenario de la creaci\u00f3n del municipio de Elota. As\u00ed mismo el d\u00eda 27 de enero de 2022, el Congreso del Estado a trav\u00e9s del Decreto N\u00famero 73 aprob\u00f3 el traslado provisional de los poderes del estado para realizar sesi\u00f3n solemne en Guam\u00fachil municipio de Salvador Alvarado, para realizar el Sexag\u00e9simo Aniversario de la creaci\u00f3n del municipio de Salvador Alvarado el d\u00eda 27 de febrero de 2022.<\/p>\n","protected":false},"excerpt":{"rendered":"<p>La Presidenta Municipal de Navolato enviar\u00e1 una iniciativa de Decreto al H. Congreso del Estado de Sinaloa, con la finalidad de que los legisladores aprueben trasladar los poderes de la entidad a San Pedro el d\u00eda 22 de diciembre. Navolato, Sinaloa.- Este martes el H. Ayuntamiento de Navolato llev\u00f3 a cabo la sesi\u00f3n ordinaria de [&hellip;]<\/p>\n","protected":false},"author":4,"featured_media":43383,"comment_status":"open","ping_status":"open","sticky":false,"template":"","format":"standard","meta":{"tdm_status":"","tdm_grid_status":"","footnotes":""},"categories":[38],"tags":[],"class_list":{"0":"post-43382","1":"post","2":"type-post","3":"status-publish","4":"format-standard","5":"has-post-thumbnail","7":"category-noticias-locales"},"yoast_head":"<!-- This site is optimized with the Yoast SEO plugin v27.5 - https:\/\/yoast.com\/product\/yoast-seo-wordpress\/ -->\n<title>Aprueba Cabildo solicitar traslado provisional de poderes a la sindicatura de San Pedro - Fuentes Fidedignas<\/title>\n<meta name=\"robots\" content=\"index, follow, max-snippet:-1, max-image-preview:large, max-video-preview:-1\" \/>\n<link rel=\"canonical\" href=\"https:\/\/fuentesfidedignas.com.mx\/index.php\/2022\/09\/27\/aprueba-cabildo-solicitar-traslado-provisional-de-poderes-a-la-sindicatura-de-san-pedro\/\" \/>\n<meta property=\"og:locale\" content=\"es_MX\" \/>\n<meta property=\"og:type\" content=\"article\" \/>\n<meta property=\"og:title\" content=\"Aprueba Cabildo solicitar traslado provisional de poderes a la sindicatura de San Pedro - Fuentes Fidedignas\" \/>\n<meta property=\"og:description\" content=\"La Presidenta Municipal de Navolato enviar\u00e1 una iniciativa de Decreto al H. Congreso del Estado de Sinaloa, con la finalidad de que los legisladores aprueben trasladar los poderes de la entidad a San Pedro el d\u00eda 22 de diciembre. Navolato, Sinaloa.- Este martes el H. Ayuntamiento de Navolato llev\u00f3 a cabo la sesi\u00f3n ordinaria de [&hellip;]\" \/>\n<meta property=\"og:url\" content=\"https:\/\/fuentesfidedignas.com.mx\/index.php\/2022\/09\/27\/aprueba-cabildo-solicitar-traslado-provisional-de-poderes-a-la-sindicatura-de-san-pedro\/\" \/>\n<meta property=\"og:site_name\" content=\"Fuentes Fidedignas\" \/>\n<meta property=\"article:publisher\" content=\"https:\/\/www.facebook.com\/Fuentes-Fidedignas-368234489921644\" \/>\n<meta property=\"article:published_time\" content=\"2022-09-27T23:31:05+00:00\" \/>\n<meta property=\"article:modified_time\" content=\"2022-09-27T23:31:06+00:00\" \/>\n<meta property=\"og:image\" content=\"https:\/\/fuentesfidedignas.com.mx\/wp-content\/uploads\/2022\/09\/CABILDO_NAVOLATO.jpeg\" \/>\n\t<meta property=\"og:image:width\" content=\"1560\" \/>\n\t<meta property=\"og:image:height\" content=\"1040\" \/>\n\t<meta property=\"og:image:type\" content=\"image\/jpeg\" \/>\n<meta name=\"author\" content=\"Redacci\u00f3n\" \/>\n<meta name=\"twitter:card\" content=\"summary_large_image\" \/>\n<meta name=\"twitter:creator\" content=\"@fidedignas\" \/>\n<meta name=\"twitter:site\" content=\"@fidedignas\" \/>\n<meta name=\"twitter:label1\" content=\"Escrito por\" \/>\n\t<meta name=\"twitter:data1\" content=\"Redacci\u00f3n\" \/>\n\t<meta name=\"twitter:label2\" content=\"Tiempo de lectura\" \/>\n\t<meta name=\"twitter:data2\" content=\"2 minutos\" \/>\n<script type=\"application\/ld+json\" class=\"yoast-schema-graph\">{\"@context\":\"https:\\\/\\\/schema.org\",\"@graph\":[{\"@type\":\"Article\",\"@id\":\"https:\\\/\\\/fuentesfidedignas.com.mx\\\/index.php\\\/2022\\\/09\\\/27\\\/aprueba-cabildo-solicitar-traslado-provisional-de-poderes-a-la-sindicatura-de-san-pedro\\\/#article\",\"isPartOf\":{\"@id\":\"https:\\\/\\\/fuentesfidedignas.com.mx\\\/index.php\\\/2022\\\/09\\\/27\\\/aprueba-cabildo-solicitar-traslado-provisional-de-poderes-a-la-sindicatura-de-san-pedro\\\/\"},\"author\":{\"name\":\"Redacci\u00f3n\",\"@id\":\"https:\\\/\\\/fuentesfidedignas.com.mx\\\/#\\\/schema\\\/person\\\/331be9283d37198e2acd5750279085b0\"},\"headline\":\"Aprueba Cabildo solicitar traslado provisional de poderes a la sindicatura de San Pedro\",\"datePublished\":\"2022-09-27T23:31:05+00:00\",\"dateModified\":\"2022-09-27T23:31:06+00:00\",\"mainEntityOfPage\":{\"@id\":\"https:\\\/\\\/fuentesfidedignas.com.mx\\\/index.php\\\/2022\\\/09\\\/27\\\/aprueba-cabildo-solicitar-traslado-provisional-de-poderes-a-la-sindicatura-de-san-pedro\\\/\"},\"wordCount\":379,\"commentCount\":0,\"publisher\":{\"@id\":\"https:\\\/\\\/fuentesfidedignas.com.mx\\\/#organization\"},\"image\":{\"@id\":\"https:\\\/\\\/fuentesfidedignas.com.mx\\\/index.php\\\/2022\\\/09\\\/27\\\/aprueba-cabildo-solicitar-traslado-provisional-de-poderes-a-la-sindicatura-de-san-pedro\\\/#primaryimage\"},\"thumbnailUrl\":\"https:\\\/\\\/fuentesfidedignas.com.mx\\\/wp-content\\\/uploads\\\/2022\\\/09\\\/CABILDO_NAVOLATO.jpeg\",\"articleSection\":[\"NOTICIAS LOCALES\"],\"inLanguage\":\"es\",\"potentialAction\":[{\"@type\":\"CommentAction\",\"name\":\"Comment\",\"target\":[\"https:\\\/\\\/fuentesfidedignas.com.mx\\\/index.php\\\/2022\\\/09\\\/27\\\/aprueba-cabildo-solicitar-traslado-provisional-de-poderes-a-la-sindicatura-de-san-pedro\\\/#respond\"]}]},{\"@type\":\"WebPage\",\"@id\":\"https:\\\/\\\/fuentesfidedignas.com.mx\\\/index.php\\\/2022\\\/09\\\/27\\\/aprueba-cabildo-solicitar-traslado-provisional-de-poderes-a-la-sindicatura-de-san-pedro\\\/\",\"url\":\"https:\\\/\\\/fuentesfidedignas.com.mx\\\/index.php\\\/2022\\\/09\\\/27\\\/aprueba-cabildo-solicitar-traslado-provisional-de-poderes-a-la-sindicatura-de-san-pedro\\\/\",\"name\":\"Aprueba Cabildo solicitar traslado provisional de poderes a la sindicatura de San Pedro - Fuentes Fidedignas\",\"isPartOf\":{\"@id\":\"https:\\\/\\\/fuentesfidedignas.com.mx\\\/#website\"},\"primaryImageOfPage\":{\"@id\":\"https:\\\/\\\/fuentesfidedignas.com.mx\\\/index.php\\\/2022\\\/09\\\/27\\\/aprueba-cabildo-solicitar-traslado-provisional-de-poderes-a-la-sindicatura-de-san-pedro\\\/#primaryimage\"},\"image\":{\"@id\":\"https:\\\/\\\/fuentesfidedignas.com.mx\\\/index.php\\\/2022\\\/09\\\/27\\\/aprueba-cabildo-solicitar-traslado-provisional-de-poderes-a-la-sindicatura-de-san-pedro\\\/#primaryimage\"},\"thumbnailUrl\":\"https:\\\/\\\/fuentesfidedignas.com.mx\\\/wp-content\\\/uploads\\\/2022\\\/09\\\/CABILDO_NAVOLATO.jpeg\",\"datePublished\":\"2022-09-27T23:31:05+00:00\",\"dateModified\":\"2022-09-27T23:31:06+00:00\",\"breadcrumb\":{\"@id\":\"https:\\\/\\\/fuentesfidedignas.com.mx\\\/index.php\\\/2022\\\/09\\\/27\\\/aprueba-cabildo-solicitar-traslado-provisional-de-poderes-a-la-sindicatura-de-san-pedro\\\/#breadcrumb\"},\"inLanguage\":\"es\",\"potentialAction\":[{\"@type\":\"ReadAction\",\"target\":[\"https:\\\/\\\/fuentesfidedignas.com.mx\\\/index.php\\\/2022\\\/09\\\/27\\\/aprueba-cabildo-solicitar-traslado-provisional-de-poderes-a-la-sindicatura-de-san-pedro\\\/\"]}]},{\"@type\":\"ImageObject\",\"inLanguage\":\"es\",\"@id\":\"https:\\\/\\\/fuentesfidedignas.com.mx\\\/index.php\\\/2022\\\/09\\\/27\\\/aprueba-cabildo-solicitar-traslado-provisional-de-poderes-a-la-sindicatura-de-san-pedro\\\/#primaryimage\",\"url\":\"https:\\\/\\\/fuentesfidedignas.com.mx\\\/wp-content\\\/uploads\\\/2022\\\/09\\\/CABILDO_NAVOLATO.jpeg\",\"contentUrl\":\"https:\\\/\\\/fuentesfidedignas.com.mx\\\/wp-content\\\/uploads\\\/2022\\\/09\\\/CABILDO_NAVOLATO.jpeg\",\"width\":1560,\"height\":1040},{\"@type\":\"BreadcrumbList\",\"@id\":\"https:\\\/\\\/fuentesfidedignas.com.mx\\\/index.php\\\/2022\\\/09\\\/27\\\/aprueba-cabildo-solicitar-traslado-provisional-de-poderes-a-la-sindicatura-de-san-pedro\\\/#breadcrumb\",\"itemListElement\":[{\"@type\":\"ListItem\",\"position\":1,\"name\":\"Inicio\",\"item\":\"https:\\\/\\\/fuentesfidedignas.com.mx\\\/\"},{\"@type\":\"ListItem\",\"position\":2,\"name\":\"Aprueba Cabildo solicitar traslado provisional de poderes a la sindicatura de San Pedro\"}]},{\"@type\":\"WebSite\",\"@id\":\"https:\\\/\\\/fuentesfidedignas.com.mx\\\/#website\",\"url\":\"https:\\\/\\\/fuentesfidedignas.com.mx\\\/\",\"name\":\"Fuentes Fidedignas\",\"description\":\"Otro sitio realizado con WordPress\",\"publisher\":{\"@id\":\"https:\\\/\\\/fuentesfidedignas.com.mx\\\/#organization\"},\"potentialAction\":[{\"@type\":\"SearchAction\",\"target\":{\"@type\":\"EntryPoint\",\"urlTemplate\":\"https:\\\/\\\/fuentesfidedignas.com.mx\\\/?s={search_term_string}\"},\"query-input\":{\"@type\":\"PropertyValueSpecification\",\"valueRequired\":true,\"valueName\":\"search_term_string\"}}],\"inLanguage\":\"es\"},{\"@type\":\"Organization\",\"@id\":\"https:\\\/\\\/fuentesfidedignas.com.mx\\\/#organization\",\"name\":\"Fuentes Fidedignas\",\"url\":\"https:\\\/\\\/fuentesfidedignas.com.mx\\\/\",\"logo\":{\"@type\":\"ImageObject\",\"inLanguage\":\"es\",\"@id\":\"https:\\\/\\\/fuentesfidedignas.com.mx\\\/#\\\/schema\\\/logo\\\/image\\\/\",\"url\":\"https:\\\/\\\/fuentesfidedignas.com.mx\\\/wp-content\\\/uploads\\\/2021\\\/04\\\/logo-retina.png\",\"contentUrl\":\"https:\\\/\\\/fuentesfidedignas.com.mx\\\/wp-content\\\/uploads\\\/2021\\\/04\\\/logo-retina.png\",\"width\":280,\"height\":51,\"caption\":\"Fuentes Fidedignas\"},\"image\":{\"@id\":\"https:\\\/\\\/fuentesfidedignas.com.mx\\\/#\\\/schema\\\/logo\\\/image\\\/\"},\"sameAs\":[\"https:\\\/\\\/www.facebook.com\\\/Fuentes-Fidedignas-368234489921644\",\"https:\\\/\\\/x.com\\\/fidedignas\"]},{\"@type\":\"Person\",\"@id\":\"https:\\\/\\\/fuentesfidedignas.com.mx\\\/#\\\/schema\\\/person\\\/331be9283d37198e2acd5750279085b0\",\"name\":\"Redacci\u00f3n\",\"image\":{\"@type\":\"ImageObject\",\"inLanguage\":\"es\",\"@id\":\"https:\\\/\\\/secure.gravatar.com\\\/avatar\\\/f6d8782c11d12b2d4ad3fbb6931aeab5309937a4d6cd2fc9cfaa28a6396a5aec?s=96&d=mm&r=g\",\"url\":\"https:\\\/\\\/secure.gravatar.com\\\/avatar\\\/f6d8782c11d12b2d4ad3fbb6931aeab5309937a4d6cd2fc9cfaa28a6396a5aec?s=96&d=mm&r=g\",\"contentUrl\":\"https:\\\/\\\/secure.gravatar.com\\\/avatar\\\/f6d8782c11d12b2d4ad3fbb6931aeab5309937a4d6cd2fc9cfaa28a6396a5aec?s=96&d=mm&r=g\",\"caption\":\"Redacci\u00f3n\"},\"url\":\"https:\\\/\\\/fuentesfidedignas.com.mx\\\/index.php\\\/author\\\/redaccion\\\/\"}]}<\/script>\n<!-- \/ Yoast SEO plugin. -->","yoast_head_json":{"title":"Aprueba Cabildo solicitar traslado provisional de poderes a la sindicatura de San Pedro - Fuentes Fidedignas","robots":{"index":"index","follow":"follow","max-snippet":"max-snippet:-1","max-image-preview":"max-image-preview:large","max-video-preview":"max-video-preview:-1"},"canonical":"https:\/\/fuentesfidedignas.com.mx\/index.php\/2022\/09\/27\/aprueba-cabildo-solicitar-traslado-provisional-de-poderes-a-la-sindicatura-de-san-pedro\/","og_locale":"es_MX","og_type":"article","og_title":"Aprueba Cabildo solicitar traslado provisional de poderes a la sindicatura de San Pedro - Fuentes Fidedignas","og_description":"La Presidenta Municipal de Navolato enviar\u00e1 una iniciativa de Decreto al H. Congreso del Estado de Sinaloa, con la finalidad de que los legisladores aprueben trasladar los poderes de la entidad a San Pedro el d\u00eda 22 de diciembre. Navolato, Sinaloa.- Este martes el H. Ayuntamiento de Navolato llev\u00f3 a cabo la sesi\u00f3n ordinaria de [&hellip;]","og_url":"https:\/\/fuentesfidedignas.com.mx\/index.php\/2022\/09\/27\/aprueba-cabildo-solicitar-traslado-provisional-de-poderes-a-la-sindicatura-de-san-pedro\/","og_site_name":"Fuentes Fidedignas","article_publisher":"https:\/\/www.facebook.com\/Fuentes-Fidedignas-368234489921644","article_published_time":"2022-09-27T23:31:05+00:00","article_modified_time":"2022-09-27T23:31:06+00:00","og_image":[{"width":1560,"height":1040,"url":"https:\/\/fuentesfidedignas.com.mx\/wp-content\/uploads\/2022\/09\/CABILDO_NAVOLATO.jpeg","type":"image\/jpeg"}],"author":"Redacci\u00f3n","twitter_card":"summary_large_image","twitter_creator":"@fidedignas","twitter_site":"@fidedignas","twitter_misc":{"Escrito por":"Redacci\u00f3n","Tiempo de lectura":"2 minutos"},"schema":{"@context":"https:\/\/schema.org","@graph":[{"@type":"Article","@id":"https:\/\/fuentesfidedignas.com.mx\/index.php\/2022\/09\/27\/aprueba-cabildo-solicitar-traslado-provisional-de-poderes-a-la-sindicatura-de-san-pedro\/#article","isPartOf":{"@id":"https:\/\/fuentesfidedignas.com.mx\/index.php\/2022\/09\/27\/aprueba-cabildo-solicitar-traslado-provisional-de-poderes-a-la-sindicatura-de-san-pedro\/"},"author":{"name":"Redacci\u00f3n","@id":"https:\/\/fuentesfidedignas.com.mx\/#\/schema\/person\/331be9283d37198e2acd5750279085b0"},"headline":"Aprueba Cabildo solicitar traslado provisional de poderes a la sindicatura de San Pedro","datePublished":"2022-09-27T23:31:05+00:00","dateModified":"2022-09-27T23:31:06+00:00","mainEntityOfPage":{"@id":"https:\/\/fuentesfidedignas.com.mx\/index.php\/2022\/09\/27\/aprueba-cabildo-solicitar-traslado-provisional-de-poderes-a-la-sindicatura-de-san-pedro\/"},"wordCount":379,"commentCount":0,"publisher":{"@id":"https:\/\/fuentesfidedignas.com.mx\/#organization"},"image":{"@id":"https:\/\/fuentesfidedignas.com.mx\/index.php\/2022\/09\/27\/aprueba-cabildo-solicitar-traslado-provisional-de-poderes-a-la-sindicatura-de-san-pedro\/#primaryimage"},"thumbnailUrl":"https:\/\/fuentesfidedignas.com.mx\/wp-content\/uploads\/2022\/09\/CABILDO_NAVOLATO.jpeg","articleSection":["NOTICIAS LOCALES"],"inLanguage":"es","potentialAction":[{"@type":"CommentAction","name":"Comment","target":["https:\/\/fuentesfidedignas.com.mx\/index.php\/2022\/09\/27\/aprueba-cabildo-solicitar-traslado-provisional-de-poderes-a-la-sindicatura-de-san-pedro\/#respond"]}]},{"@type":"WebPage","@id":"https:\/\/fuentesfidedignas.com.mx\/index.php\/2022\/09\/27\/aprueba-cabildo-solicitar-traslado-provisional-de-poderes-a-la-sindicatura-de-san-pedro\/","url":"https:\/\/fuentesfidedignas.com.mx\/index.php\/2022\/09\/27\/aprueba-cabildo-solicitar-traslado-provisional-de-poderes-a-la-sindicatura-de-san-pedro\/","name":"Aprueba Cabildo solicitar traslado provisional de poderes a la sindicatura de San Pedro - Fuentes Fidedignas","isPartOf":{"@id":"https:\/\/fuentesfidedignas.com.mx\/#website"},"primaryImageOfPage":{"@id":"https:\/\/fuentesfidedignas.com.mx\/index.php\/2022\/09\/27\/aprueba-cabildo-solicitar-traslado-provisional-de-poderes-a-la-sindicatura-de-san-pedro\/#primaryimage"},"image":{"@id":"https:\/\/fuentesfidedignas.com.mx\/index.php\/2022\/09\/27\/aprueba-cabildo-solicitar-traslado-provisional-de-poderes-a-la-sindicatura-de-san-pedro\/#primaryimage"},"thumbnailUrl":"https:\/\/fuentesfidedignas.com.mx\/wp-content\/uploads\/2022\/09\/CABILDO_NAVOLATO.jpeg","datePublished":"2022-09-27T23:31:05+00:00","dateModified":"2022-09-27T23:31:06+00:00","breadcrumb":{"@id":"https:\/\/fuentesfidedignas.com.mx\/index.php\/2022\/09\/27\/aprueba-cabildo-solicitar-traslado-provisional-de-poderes-a-la-sindicatura-de-san-pedro\/#breadcrumb"},"inLanguage":"es","potentialAction":[{"@type":"ReadAction","target":["https:\/\/fuentesfidedignas.com.mx\/index.php\/2022\/09\/27\/aprueba-cabildo-solicitar-traslado-provisional-de-poderes-a-la-sindicatura-de-san-pedro\/"]}]},{"@type":"ImageObject","inLanguage":"es","@id":"https:\/\/fuentesfidedignas.com.mx\/index.php\/2022\/09\/27\/aprueba-cabildo-solicitar-traslado-provisional-de-poderes-a-la-sindicatura-de-san-pedro\/#primaryimage","url":"https:\/\/fuentesfidedignas.com.mx\/wp-content\/uploads\/2022\/09\/CABILDO_NAVOLATO.jpeg","contentUrl":"https:\/\/fuentesfidedignas.com.mx\/wp-content\/uploads\/2022\/09\/CABILDO_NAVOLATO.jpeg","width":1560,"height":1040},{"@type":"BreadcrumbList","@id":"https:\/\/fuentesfidedignas.com.mx\/index.php\/2022\/09\/27\/aprueba-cabildo-solicitar-traslado-provisional-de-poderes-a-la-sindicatura-de-san-pedro\/#breadcrumb","itemListElement":[{"@type":"ListItem","position":1,"name":"Inicio","item":"https:\/\/fuentesfidedignas.com.mx\/"},{"@type":"ListItem","position":2,"name":"Aprueba Cabildo solicitar traslado provisional de poderes a la sindicatura de San Pedro"}]},{"@type":"WebSite","@id":"https:\/\/fuentesfidedignas.com.mx\/#website","url":"https:\/\/fuentesfidedignas.com.mx\/","name":"Fuentes Fidedignas","description":"Otro sitio realizado con WordPress","publisher":{"@id":"https:\/\/fuentesfidedignas.com.mx\/#organization"},"potentialAction":[{"@type":"SearchAction","target":{"@type":"EntryPoint","urlTemplate":"https:\/\/fuentesfidedignas.com.mx\/?s={search_term_string}"},"query-input":{"@type":"PropertyValueSpecification","valueRequired":true,"valueName":"search_term_string"}}],"inLanguage":"es"},{"@type":"Organization","@id":"https:\/\/fuentesfidedignas.com.mx\/#organization","name":"Fuentes Fidedignas","url":"https:\/\/fuentesfidedignas.com.mx\/","logo":{"@type":"ImageObject","inLanguage":"es","@id":"https:\/\/fuentesfidedignas.com.mx\/#\/schema\/logo\/image\/","url":"https:\/\/fuentesfidedignas.com.mx\/wp-content\/uploads\/2021\/04\/logo-retina.png","contentUrl":"https:\/\/fuentesfidedignas.com.mx\/wp-content\/uploads\/2021\/04\/logo-retina.png","width":280,"height":51,"caption":"Fuentes Fidedignas"},"image":{"@id":"https:\/\/fuentesfidedignas.com.mx\/#\/schema\/logo\/image\/"},"sameAs":["https:\/\/www.facebook.com\/Fuentes-Fidedignas-368234489921644","https:\/\/x.com\/fidedignas"]},{"@type":"Person","@id":"https:\/\/fuentesfidedignas.com.mx\/#\/schema\/person\/331be9283d37198e2acd5750279085b0","name":"Redacci\u00f3n","image":{"@type":"ImageObject","inLanguage":"es","@id":"https:\/\/secure.gravatar.com\/avatar\/f6d8782c11d12b2d4ad3fbb6931aeab5309937a4d6cd2fc9cfaa28a6396a5aec?s=96&d=mm&r=g","url":"https:\/\/secure.gravatar.com\/avatar\/f6d8782c11d12b2d4ad3fbb6931aeab5309937a4d6cd2fc9cfaa28a6396a5aec?s=96&d=mm&r=g","contentUrl":"https:\/\/secure.gravatar.com\/avatar\/f6d8782c11d12b2d4ad3fbb6931aeab5309937a4d6cd2fc9cfaa28a6396a5aec?s=96&d=mm&r=g","caption":"Redacci\u00f3n"},"url":"https:\/\/fuentesfidedignas.com.mx\/index.php\/author\/redaccion\/"}]}},"_links":{"self":[{"href":"https:\/\/fuentesfidedignas.com.mx\/index.php\/wp-json\/wp\/v2\/posts\/43382","targetHints":{"allow":["GET"]}}],"collection":[{"href":"https:\/\/fuentesfidedignas.com.mx\/index.php\/wp-json\/wp\/v2\/posts"}],"about":[{"href":"https:\/\/fuentesfidedignas.com.mx\/index.php\/wp-json\/wp\/v2\/types\/post"}],"author":[{"embeddable":true,"href":"https:\/\/fuentesfidedignas.com.mx\/index.php\/wp-json\/wp\/v2\/users\/4"}],"replies":[{"embeddable":true,"href":"https:\/\/fuentesfidedignas.com.mx\/index.php\/wp-json\/wp\/v2\/comments?post=43382"}],"version-history":[{"count":1,"href":"https:\/\/fuentesfidedignas.com.mx\/index.php\/wp-json\/wp\/v2\/posts\/43382\/revisions"}],"predecessor-version":[{"id":43384,"href":"https:\/\/fuentesfidedignas.com.mx\/index.php\/wp-json\/wp\/v2\/posts\/43382\/revisions\/43384"}],"wp:featuredmedia":[{"embeddable":true,"href":"https:\/\/fuentesfidedignas.com.mx\/index.php\/wp-json\/wp\/v2\/media\/43383"}],"wp:attachment":[{"href":"https:\/\/fuentesfidedignas.com.mx\/index.php\/wp-json\/wp\/v2\/media?parent=43382"}],"wp:term":[{"taxonomy":"category","embeddable":true,"href":"https:\/\/fuentesfidedignas.com.mx\/index.php\/wp-json\/wp\/v2\/categories?post=43382"},{"taxonomy":"post_tag","embeddable":true,"href":"https:\/\/fuentesfidedignas.com.mx\/index.php\/wp-json\/wp\/v2\/tags?post=43382"}],"curies":[{"name":"wp","href":"https:\/\/api.w.org\/{rel}","templated":true}]}}