{"id":43372,"date":"2022-09-27T16:52:32","date_gmt":"2022-09-27T22:52:32","guid":{"rendered":"https:\/\/fuentesfidedignas.com.mx\/?p=43372"},"modified":"2022-09-27T16:54:16","modified_gmt":"2022-09-27T22:54:16","slug":"individuo-de-los-mochis-fue-sentenciado-a-2-anos-6-meses-por-robar-un-celular","status":"publish","type":"post","link":"https:\/\/fuentesfidedignas.com.mx\/index.php\/2022\/09\/27\/individuo-de-los-mochis-fue-sentenciado-a-2-anos-6-meses-por-robar-un-celular\/","title":{"rendered":"Individuo de Los Mochis fue sentenciado a 2 a\u00f1os 6 meses por robar un celular"},"content":{"rendered":"\n<p><strong><em>La FGE acredit\u00f3 ante el Juez de Control y Enjuiciamiento la responsabilidad del acusado de robo en una vivienda.<\/em><\/strong><\/p>\n\n\n\n<p>Los Mochis, Ahome, Sinaloa.- A 2 a\u00f1os 6 meses de prisi\u00f3n y el pago de 40 d\u00edas de multa se conden\u00f3 a Leonardo \u201cG\u201d, al declar\u00e1rsele responsable del delito de robo agravado en lugar habitado, cometido el 13 de febrero de 2022.<\/p>\n\n\n\n<p>A trav\u00e9s de la Agencia del Ministerio P\u00fablico de lo Penal Especializada en Delito de Robo, regi\u00f3n Norte, de la FGE, se inici\u00f3 carpeta de investigaci\u00f3n en la cual se obtuvieron las pruebas suficientes para formular imputaci\u00f3n y su posterior vinculaci\u00f3n a proceso.<\/p>\n\n\n\n<p>Radicada en la causa penal 247\/2022, la carpeta de investigaci\u00f3n indica que el hoy sentenciado ingres\u00f3 al domicilio particular de la v\u00edctima en el Fraccionamiento Las Fuentes, donde esper\u00f3 a que \u00e9sta llegara y dejara su celular cargando cerca de una ventana el cual fue tomado por Leonardo \u201cG\u201d, quien huy\u00f3 del lugar.<\/p>\n\n\n\n<p>Por estos hechos se present\u00f3 denuncia y el 18 de mayo se solicit\u00f3 audiencia inicial por citaci\u00f3n en contra de Leonardo \u201cG\u201d, la cual se celebr\u00f3 el 8 de junio de 2022 en la que el imputado se abstuvo de declarar, mientras que la defensa solicit\u00f3 la duplicidad del t\u00e9rmino; quedando en prisi\u00f3n preventiva oficiosa.<\/p>\n\n\n\n<p>En continuaci\u00f3n de audiencia inicial, se vincul\u00f3 a proceso el 12 de septiembre y se celebr\u00f3 audiencia de procedimiento abreviado en la que se dict\u00f3 sentencia y multa; as\u00ed tambi\u00e9n se le obliga a la asistencia a cursos sobre respeto a derechos humanos, sobre todo de respeto al patrimonio de la personas y como medida de satisfacci\u00f3n, disculpas p\u00fablicas.<\/p>\n","protected":false},"excerpt":{"rendered":"<p>La FGE acredit\u00f3 ante el Juez de Control y Enjuiciamiento la responsabilidad del acusado de robo en una vivienda. Los Mochis, Ahome, Sinaloa.- A 2 a\u00f1os 6 meses de prisi\u00f3n y el pago de 40 d\u00edas de multa se conden\u00f3 a Leonardo \u201cG\u201d, al declar\u00e1rsele responsable del delito de robo agravado en lugar habitado, cometido [&hellip;]<\/p>\n","protected":false},"author":4,"featured_media":16975,"comment_status":"open","ping_status":"open","sticky":false,"template":"","format":"standard","meta":{"tdm_status":"","tdm_grid_status":"","footnotes":""},"categories":[38],"tags":[],"class_list":{"0":"post-43372","1":"post","2":"type-post","3":"status-publish","4":"format-standard","5":"has-post-thumbnail","7":"category-noticias-locales"},"yoast_head":"<!-- This site is optimized with the Yoast SEO plugin v27.5 - https:\/\/yoast.com\/product\/yoast-seo-wordpress\/ -->\n<title>Individuo de Los Mochis fue sentenciado a 2 a\u00f1os 6 meses por robar un celular - Fuentes Fidedignas<\/title>\n<meta name=\"robots\" content=\"index, follow, max-snippet:-1, max-image-preview:large, max-video-preview:-1\" \/>\n<link rel=\"canonical\" href=\"https:\/\/fuentesfidedignas.com.mx\/index.php\/2022\/09\/27\/individuo-de-los-mochis-fue-sentenciado-a-2-anos-6-meses-por-robar-un-celular\/\" \/>\n<meta property=\"og:locale\" content=\"es_MX\" \/>\n<meta property=\"og:type\" content=\"article\" \/>\n<meta property=\"og:title\" content=\"Individuo de Los Mochis fue sentenciado a 2 a\u00f1os 6 meses por robar un celular - Fuentes Fidedignas\" \/>\n<meta property=\"og:description\" content=\"La FGE acredit\u00f3 ante el Juez de Control y Enjuiciamiento la responsabilidad del acusado de robo en una vivienda. Los Mochis, Ahome, Sinaloa.- A 2 a\u00f1os 6 meses de prisi\u00f3n y el pago de 40 d\u00edas de multa se conden\u00f3 a Leonardo \u201cG\u201d, al declar\u00e1rsele responsable del delito de robo agravado en lugar habitado, cometido [&hellip;]\" \/>\n<meta property=\"og:url\" content=\"https:\/\/fuentesfidedignas.com.mx\/index.php\/2022\/09\/27\/individuo-de-los-mochis-fue-sentenciado-a-2-anos-6-meses-por-robar-un-celular\/\" \/>\n<meta property=\"og:site_name\" content=\"Fuentes Fidedignas\" \/>\n<meta property=\"article:publisher\" content=\"https:\/\/www.facebook.com\/Fuentes-Fidedignas-368234489921644\" \/>\n<meta property=\"article:published_time\" content=\"2022-09-27T22:52:32+00:00\" \/>\n<meta property=\"article:modified_time\" content=\"2022-09-27T22:54:16+00:00\" \/>\n<meta property=\"og:image\" content=\"https:\/\/fuentesfidedignas.com.mx\/wp-content\/uploads\/2021\/11\/DETENIDO_CELDA.jpg\" \/>\n\t<meta property=\"og:image:width\" content=\"800\" \/>\n\t<meta property=\"og:image:height\" content=\"600\" \/>\n\t<meta property=\"og:image:type\" content=\"image\/jpeg\" \/>\n<meta name=\"author\" content=\"Redacci\u00f3n\" \/>\n<meta name=\"twitter:card\" content=\"summary_large_image\" \/>\n<meta name=\"twitter:creator\" content=\"@fidedignas\" \/>\n<meta name=\"twitter:site\" content=\"@fidedignas\" \/>\n<meta name=\"twitter:label1\" content=\"Escrito por\" \/>\n\t<meta name=\"twitter:data1\" content=\"Redacci\u00f3n\" \/>\n\t<meta name=\"twitter:label2\" content=\"Tiempo de lectura\" \/>\n\t<meta name=\"twitter:data2\" content=\"2 minutos\" \/>\n<script type=\"application\/ld+json\" class=\"yoast-schema-graph\">{\"@context\":\"https:\\\/\\\/schema.org\",\"@graph\":[{\"@type\":\"Article\",\"@id\":\"https:\\\/\\\/fuentesfidedignas.com.mx\\\/index.php\\\/2022\\\/09\\\/27\\\/individuo-de-los-mochis-fue-sentenciado-a-2-anos-6-meses-por-robar-un-celular\\\/#article\",\"isPartOf\":{\"@id\":\"https:\\\/\\\/fuentesfidedignas.com.mx\\\/index.php\\\/2022\\\/09\\\/27\\\/individuo-de-los-mochis-fue-sentenciado-a-2-anos-6-meses-por-robar-un-celular\\\/\"},\"author\":{\"name\":\"Redacci\u00f3n\",\"@id\":\"https:\\\/\\\/fuentesfidedignas.com.mx\\\/#\\\/schema\\\/person\\\/331be9283d37198e2acd5750279085b0\"},\"headline\":\"Individuo de Los Mochis fue sentenciado a 2 a\u00f1os 6 meses por robar un celular\",\"datePublished\":\"2022-09-27T22:52:32+00:00\",\"dateModified\":\"2022-09-27T22:54:16+00:00\",\"mainEntityOfPage\":{\"@id\":\"https:\\\/\\\/fuentesfidedignas.com.mx\\\/index.php\\\/2022\\\/09\\\/27\\\/individuo-de-los-mochis-fue-sentenciado-a-2-anos-6-meses-por-robar-un-celular\\\/\"},\"wordCount\":295,\"commentCount\":0,\"publisher\":{\"@id\":\"https:\\\/\\\/fuentesfidedignas.com.mx\\\/#organization\"},\"image\":{\"@id\":\"https:\\\/\\\/fuentesfidedignas.com.mx\\\/index.php\\\/2022\\\/09\\\/27\\\/individuo-de-los-mochis-fue-sentenciado-a-2-anos-6-meses-por-robar-un-celular\\\/#primaryimage\"},\"thumbnailUrl\":\"https:\\\/\\\/fuentesfidedignas.com.mx\\\/wp-content\\\/uploads\\\/2021\\\/11\\\/DETENIDO_CELDA.jpg\",\"articleSection\":[\"NOTICIAS LOCALES\"],\"inLanguage\":\"es\",\"potentialAction\":[{\"@type\":\"CommentAction\",\"name\":\"Comment\",\"target\":[\"https:\\\/\\\/fuentesfidedignas.com.mx\\\/index.php\\\/2022\\\/09\\\/27\\\/individuo-de-los-mochis-fue-sentenciado-a-2-anos-6-meses-por-robar-un-celular\\\/#respond\"]}]},{\"@type\":\"WebPage\",\"@id\":\"https:\\\/\\\/fuentesfidedignas.com.mx\\\/index.php\\\/2022\\\/09\\\/27\\\/individuo-de-los-mochis-fue-sentenciado-a-2-anos-6-meses-por-robar-un-celular\\\/\",\"url\":\"https:\\\/\\\/fuentesfidedignas.com.mx\\\/index.php\\\/2022\\\/09\\\/27\\\/individuo-de-los-mochis-fue-sentenciado-a-2-anos-6-meses-por-robar-un-celular\\\/\",\"name\":\"Individuo de Los Mochis fue sentenciado a 2 a\u00f1os 6 meses por robar un celular - Fuentes Fidedignas\",\"isPartOf\":{\"@id\":\"https:\\\/\\\/fuentesfidedignas.com.mx\\\/#website\"},\"primaryImageOfPage\":{\"@id\":\"https:\\\/\\\/fuentesfidedignas.com.mx\\\/index.php\\\/2022\\\/09\\\/27\\\/individuo-de-los-mochis-fue-sentenciado-a-2-anos-6-meses-por-robar-un-celular\\\/#primaryimage\"},\"image\":{\"@id\":\"https:\\\/\\\/fuentesfidedignas.com.mx\\\/index.php\\\/2022\\\/09\\\/27\\\/individuo-de-los-mochis-fue-sentenciado-a-2-anos-6-meses-por-robar-un-celular\\\/#primaryimage\"},\"thumbnailUrl\":\"https:\\\/\\\/fuentesfidedignas.com.mx\\\/wp-content\\\/uploads\\\/2021\\\/11\\\/DETENIDO_CELDA.jpg\",\"datePublished\":\"2022-09-27T22:52:32+00:00\",\"dateModified\":\"2022-09-27T22:54:16+00:00\",\"breadcrumb\":{\"@id\":\"https:\\\/\\\/fuentesfidedignas.com.mx\\\/index.php\\\/2022\\\/09\\\/27\\\/individuo-de-los-mochis-fue-sentenciado-a-2-anos-6-meses-por-robar-un-celular\\\/#breadcrumb\"},\"inLanguage\":\"es\",\"potentialAction\":[{\"@type\":\"ReadAction\",\"target\":[\"https:\\\/\\\/fuentesfidedignas.com.mx\\\/index.php\\\/2022\\\/09\\\/27\\\/individuo-de-los-mochis-fue-sentenciado-a-2-anos-6-meses-por-robar-un-celular\\\/\"]}]},{\"@type\":\"ImageObject\",\"inLanguage\":\"es\",\"@id\":\"https:\\\/\\\/fuentesfidedignas.com.mx\\\/index.php\\\/2022\\\/09\\\/27\\\/individuo-de-los-mochis-fue-sentenciado-a-2-anos-6-meses-por-robar-un-celular\\\/#primaryimage\",\"url\":\"https:\\\/\\\/fuentesfidedignas.com.mx\\\/wp-content\\\/uploads\\\/2021\\\/11\\\/DETENIDO_CELDA.jpg\",\"contentUrl\":\"https:\\\/\\\/fuentesfidedignas.com.mx\\\/wp-content\\\/uploads\\\/2021\\\/11\\\/DETENIDO_CELDA.jpg\",\"width\":800,\"height\":600},{\"@type\":\"BreadcrumbList\",\"@id\":\"https:\\\/\\\/fuentesfidedignas.com.mx\\\/index.php\\\/2022\\\/09\\\/27\\\/individuo-de-los-mochis-fue-sentenciado-a-2-anos-6-meses-por-robar-un-celular\\\/#breadcrumb\",\"itemListElement\":[{\"@type\":\"ListItem\",\"position\":1,\"name\":\"Inicio\",\"item\":\"https:\\\/\\\/fuentesfidedignas.com.mx\\\/\"},{\"@type\":\"ListItem\",\"position\":2,\"name\":\"Individuo de Los Mochis fue sentenciado a 2 a\u00f1os 6 meses por robar un celular\"}]},{\"@type\":\"WebSite\",\"@id\":\"https:\\\/\\\/fuentesfidedignas.com.mx\\\/#website\",\"url\":\"https:\\\/\\\/fuentesfidedignas.com.mx\\\/\",\"name\":\"Fuentes Fidedignas\",\"description\":\"Otro sitio realizado con WordPress\",\"publisher\":{\"@id\":\"https:\\\/\\\/fuentesfidedignas.com.mx\\\/#organization\"},\"potentialAction\":[{\"@type\":\"SearchAction\",\"target\":{\"@type\":\"EntryPoint\",\"urlTemplate\":\"https:\\\/\\\/fuentesfidedignas.com.mx\\\/?s={search_term_string}\"},\"query-input\":{\"@type\":\"PropertyValueSpecification\",\"valueRequired\":true,\"valueName\":\"search_term_string\"}}],\"inLanguage\":\"es\"},{\"@type\":\"Organization\",\"@id\":\"https:\\\/\\\/fuentesfidedignas.com.mx\\\/#organization\",\"name\":\"Fuentes Fidedignas\",\"url\":\"https:\\\/\\\/fuentesfidedignas.com.mx\\\/\",\"logo\":{\"@type\":\"ImageObject\",\"inLanguage\":\"es\",\"@id\":\"https:\\\/\\\/fuentesfidedignas.com.mx\\\/#\\\/schema\\\/logo\\\/image\\\/\",\"url\":\"https:\\\/\\\/fuentesfidedignas.com.mx\\\/wp-content\\\/uploads\\\/2021\\\/04\\\/logo-retina.png\",\"contentUrl\":\"https:\\\/\\\/fuentesfidedignas.com.mx\\\/wp-content\\\/uploads\\\/2021\\\/04\\\/logo-retina.png\",\"width\":280,\"height\":51,\"caption\":\"Fuentes Fidedignas\"},\"image\":{\"@id\":\"https:\\\/\\\/fuentesfidedignas.com.mx\\\/#\\\/schema\\\/logo\\\/image\\\/\"},\"sameAs\":[\"https:\\\/\\\/www.facebook.com\\\/Fuentes-Fidedignas-368234489921644\",\"https:\\\/\\\/x.com\\\/fidedignas\"]},{\"@type\":\"Person\",\"@id\":\"https:\\\/\\\/fuentesfidedignas.com.mx\\\/#\\\/schema\\\/person\\\/331be9283d37198e2acd5750279085b0\",\"name\":\"Redacci\u00f3n\",\"image\":{\"@type\":\"ImageObject\",\"inLanguage\":\"es\",\"@id\":\"https:\\\/\\\/secure.gravatar.com\\\/avatar\\\/f6d8782c11d12b2d4ad3fbb6931aeab5309937a4d6cd2fc9cfaa28a6396a5aec?s=96&d=mm&r=g\",\"url\":\"https:\\\/\\\/secure.gravatar.com\\\/avatar\\\/f6d8782c11d12b2d4ad3fbb6931aeab5309937a4d6cd2fc9cfaa28a6396a5aec?s=96&d=mm&r=g\",\"contentUrl\":\"https:\\\/\\\/secure.gravatar.com\\\/avatar\\\/f6d8782c11d12b2d4ad3fbb6931aeab5309937a4d6cd2fc9cfaa28a6396a5aec?s=96&d=mm&r=g\",\"caption\":\"Redacci\u00f3n\"},\"url\":\"https:\\\/\\\/fuentesfidedignas.com.mx\\\/index.php\\\/author\\\/redaccion\\\/\"}]}<\/script>\n<!-- \/ Yoast SEO plugin. -->","yoast_head_json":{"title":"Individuo de Los Mochis fue sentenciado a 2 a\u00f1os 6 meses por robar un celular - Fuentes Fidedignas","robots":{"index":"index","follow":"follow","max-snippet":"max-snippet:-1","max-image-preview":"max-image-preview:large","max-video-preview":"max-video-preview:-1"},"canonical":"https:\/\/fuentesfidedignas.com.mx\/index.php\/2022\/09\/27\/individuo-de-los-mochis-fue-sentenciado-a-2-anos-6-meses-por-robar-un-celular\/","og_locale":"es_MX","og_type":"article","og_title":"Individuo de Los Mochis fue sentenciado a 2 a\u00f1os 6 meses por robar un celular - Fuentes Fidedignas","og_description":"La FGE acredit\u00f3 ante el Juez de Control y Enjuiciamiento la responsabilidad del acusado de robo en una vivienda. Los Mochis, Ahome, Sinaloa.- A 2 a\u00f1os 6 meses de prisi\u00f3n y el pago de 40 d\u00edas de multa se conden\u00f3 a Leonardo \u201cG\u201d, al declar\u00e1rsele responsable del delito de robo agravado en lugar habitado, cometido [&hellip;]","og_url":"https:\/\/fuentesfidedignas.com.mx\/index.php\/2022\/09\/27\/individuo-de-los-mochis-fue-sentenciado-a-2-anos-6-meses-por-robar-un-celular\/","og_site_name":"Fuentes Fidedignas","article_publisher":"https:\/\/www.facebook.com\/Fuentes-Fidedignas-368234489921644","article_published_time":"2022-09-27T22:52:32+00:00","article_modified_time":"2022-09-27T22:54:16+00:00","og_image":[{"width":800,"height":600,"url":"https:\/\/fuentesfidedignas.com.mx\/wp-content\/uploads\/2021\/11\/DETENIDO_CELDA.jpg","type":"image\/jpeg"}],"author":"Redacci\u00f3n","twitter_card":"summary_large_image","twitter_creator":"@fidedignas","twitter_site":"@fidedignas","twitter_misc":{"Escrito por":"Redacci\u00f3n","Tiempo de lectura":"2 minutos"},"schema":{"@context":"https:\/\/schema.org","@graph":[{"@type":"Article","@id":"https:\/\/fuentesfidedignas.com.mx\/index.php\/2022\/09\/27\/individuo-de-los-mochis-fue-sentenciado-a-2-anos-6-meses-por-robar-un-celular\/#article","isPartOf":{"@id":"https:\/\/fuentesfidedignas.com.mx\/index.php\/2022\/09\/27\/individuo-de-los-mochis-fue-sentenciado-a-2-anos-6-meses-por-robar-un-celular\/"},"author":{"name":"Redacci\u00f3n","@id":"https:\/\/fuentesfidedignas.com.mx\/#\/schema\/person\/331be9283d37198e2acd5750279085b0"},"headline":"Individuo de Los Mochis fue sentenciado a 2 a\u00f1os 6 meses por robar un celular","datePublished":"2022-09-27T22:52:32+00:00","dateModified":"2022-09-27T22:54:16+00:00","mainEntityOfPage":{"@id":"https:\/\/fuentesfidedignas.com.mx\/index.php\/2022\/09\/27\/individuo-de-los-mochis-fue-sentenciado-a-2-anos-6-meses-por-robar-un-celular\/"},"wordCount":295,"commentCount":0,"publisher":{"@id":"https:\/\/fuentesfidedignas.com.mx\/#organization"},"image":{"@id":"https:\/\/fuentesfidedignas.com.mx\/index.php\/2022\/09\/27\/individuo-de-los-mochis-fue-sentenciado-a-2-anos-6-meses-por-robar-un-celular\/#primaryimage"},"thumbnailUrl":"https:\/\/fuentesfidedignas.com.mx\/wp-content\/uploads\/2021\/11\/DETENIDO_CELDA.jpg","articleSection":["NOTICIAS LOCALES"],"inLanguage":"es","potentialAction":[{"@type":"CommentAction","name":"Comment","target":["https:\/\/fuentesfidedignas.com.mx\/index.php\/2022\/09\/27\/individuo-de-los-mochis-fue-sentenciado-a-2-anos-6-meses-por-robar-un-celular\/#respond"]}]},{"@type":"WebPage","@id":"https:\/\/fuentesfidedignas.com.mx\/index.php\/2022\/09\/27\/individuo-de-los-mochis-fue-sentenciado-a-2-anos-6-meses-por-robar-un-celular\/","url":"https:\/\/fuentesfidedignas.com.mx\/index.php\/2022\/09\/27\/individuo-de-los-mochis-fue-sentenciado-a-2-anos-6-meses-por-robar-un-celular\/","name":"Individuo de Los Mochis fue sentenciado a 2 a\u00f1os 6 meses por robar un celular - Fuentes Fidedignas","isPartOf":{"@id":"https:\/\/fuentesfidedignas.com.mx\/#website"},"primaryImageOfPage":{"@id":"https:\/\/fuentesfidedignas.com.mx\/index.php\/2022\/09\/27\/individuo-de-los-mochis-fue-sentenciado-a-2-anos-6-meses-por-robar-un-celular\/#primaryimage"},"image":{"@id":"https:\/\/fuentesfidedignas.com.mx\/index.php\/2022\/09\/27\/individuo-de-los-mochis-fue-sentenciado-a-2-anos-6-meses-por-robar-un-celular\/#primaryimage"},"thumbnailUrl":"https:\/\/fuentesfidedignas.com.mx\/wp-content\/uploads\/2021\/11\/DETENIDO_CELDA.jpg","datePublished":"2022-09-27T22:52:32+00:00","dateModified":"2022-09-27T22:54:16+00:00","breadcrumb":{"@id":"https:\/\/fuentesfidedignas.com.mx\/index.php\/2022\/09\/27\/individuo-de-los-mochis-fue-sentenciado-a-2-anos-6-meses-por-robar-un-celular\/#breadcrumb"},"inLanguage":"es","potentialAction":[{"@type":"ReadAction","target":["https:\/\/fuentesfidedignas.com.mx\/index.php\/2022\/09\/27\/individuo-de-los-mochis-fue-sentenciado-a-2-anos-6-meses-por-robar-un-celular\/"]}]},{"@type":"ImageObject","inLanguage":"es","@id":"https:\/\/fuentesfidedignas.com.mx\/index.php\/2022\/09\/27\/individuo-de-los-mochis-fue-sentenciado-a-2-anos-6-meses-por-robar-un-celular\/#primaryimage","url":"https:\/\/fuentesfidedignas.com.mx\/wp-content\/uploads\/2021\/11\/DETENIDO_CELDA.jpg","contentUrl":"https:\/\/fuentesfidedignas.com.mx\/wp-content\/uploads\/2021\/11\/DETENIDO_CELDA.jpg","width":800,"height":600},{"@type":"BreadcrumbList","@id":"https:\/\/fuentesfidedignas.com.mx\/index.php\/2022\/09\/27\/individuo-de-los-mochis-fue-sentenciado-a-2-anos-6-meses-por-robar-un-celular\/#breadcrumb","itemListElement":[{"@type":"ListItem","position":1,"name":"Inicio","item":"https:\/\/fuentesfidedignas.com.mx\/"},{"@type":"ListItem","position":2,"name":"Individuo de Los Mochis fue sentenciado a 2 a\u00f1os 6 meses por robar un celular"}]},{"@type":"WebSite","@id":"https:\/\/fuentesfidedignas.com.mx\/#website","url":"https:\/\/fuentesfidedignas.com.mx\/","name":"Fuentes Fidedignas","description":"Otro sitio realizado con WordPress","publisher":{"@id":"https:\/\/fuentesfidedignas.com.mx\/#organization"},"potentialAction":[{"@type":"SearchAction","target":{"@type":"EntryPoint","urlTemplate":"https:\/\/fuentesfidedignas.com.mx\/?s={search_term_string}"},"query-input":{"@type":"PropertyValueSpecification","valueRequired":true,"valueName":"search_term_string"}}],"inLanguage":"es"},{"@type":"Organization","@id":"https:\/\/fuentesfidedignas.com.mx\/#organization","name":"Fuentes Fidedignas","url":"https:\/\/fuentesfidedignas.com.mx\/","logo":{"@type":"ImageObject","inLanguage":"es","@id":"https:\/\/fuentesfidedignas.com.mx\/#\/schema\/logo\/image\/","url":"https:\/\/fuentesfidedignas.com.mx\/wp-content\/uploads\/2021\/04\/logo-retina.png","contentUrl":"https:\/\/fuentesfidedignas.com.mx\/wp-content\/uploads\/2021\/04\/logo-retina.png","width":280,"height":51,"caption":"Fuentes Fidedignas"},"image":{"@id":"https:\/\/fuentesfidedignas.com.mx\/#\/schema\/logo\/image\/"},"sameAs":["https:\/\/www.facebook.com\/Fuentes-Fidedignas-368234489921644","https:\/\/x.com\/fidedignas"]},{"@type":"Person","@id":"https:\/\/fuentesfidedignas.com.mx\/#\/schema\/person\/331be9283d37198e2acd5750279085b0","name":"Redacci\u00f3n","image":{"@type":"ImageObject","inLanguage":"es","@id":"https:\/\/secure.gravatar.com\/avatar\/f6d8782c11d12b2d4ad3fbb6931aeab5309937a4d6cd2fc9cfaa28a6396a5aec?s=96&d=mm&r=g","url":"https:\/\/secure.gravatar.com\/avatar\/f6d8782c11d12b2d4ad3fbb6931aeab5309937a4d6cd2fc9cfaa28a6396a5aec?s=96&d=mm&r=g","contentUrl":"https:\/\/secure.gravatar.com\/avatar\/f6d8782c11d12b2d4ad3fbb6931aeab5309937a4d6cd2fc9cfaa28a6396a5aec?s=96&d=mm&r=g","caption":"Redacci\u00f3n"},"url":"https:\/\/fuentesfidedignas.com.mx\/index.php\/author\/redaccion\/"}]}},"_links":{"self":[{"href":"https:\/\/fuentesfidedignas.com.mx\/index.php\/wp-json\/wp\/v2\/posts\/43372","targetHints":{"allow":["GET"]}}],"collection":[{"href":"https:\/\/fuentesfidedignas.com.mx\/index.php\/wp-json\/wp\/v2\/posts"}],"about":[{"href":"https:\/\/fuentesfidedignas.com.mx\/index.php\/wp-json\/wp\/v2\/types\/post"}],"author":[{"embeddable":true,"href":"https:\/\/fuentesfidedignas.com.mx\/index.php\/wp-json\/wp\/v2\/users\/4"}],"replies":[{"embeddable":true,"href":"https:\/\/fuentesfidedignas.com.mx\/index.php\/wp-json\/wp\/v2\/comments?post=43372"}],"version-history":[{"count":2,"href":"https:\/\/fuentesfidedignas.com.mx\/index.php\/wp-json\/wp\/v2\/posts\/43372\/revisions"}],"predecessor-version":[{"id":43375,"href":"https:\/\/fuentesfidedignas.com.mx\/index.php\/wp-json\/wp\/v2\/posts\/43372\/revisions\/43375"}],"wp:featuredmedia":[{"embeddable":true,"href":"https:\/\/fuentesfidedignas.com.mx\/index.php\/wp-json\/wp\/v2\/media\/16975"}],"wp:attachment":[{"href":"https:\/\/fuentesfidedignas.com.mx\/index.php\/wp-json\/wp\/v2\/media?parent=43372"}],"wp:term":[{"taxonomy":"category","embeddable":true,"href":"https:\/\/fuentesfidedignas.com.mx\/index.php\/wp-json\/wp\/v2\/categories?post=43372"},{"taxonomy":"post_tag","embeddable":true,"href":"https:\/\/fuentesfidedignas.com.mx\/index.php\/wp-json\/wp\/v2\/tags?post=43372"}],"curies":[{"name":"wp","href":"https:\/\/api.w.org\/{rel}","templated":true}]}}