{"id":43359,"date":"2022-09-27T15:43:08","date_gmt":"2022-09-27T21:43:08","guid":{"rendered":"https:\/\/fuentesfidedignas.com.mx\/?p=43359"},"modified":"2022-09-27T15:44:58","modified_gmt":"2022-09-27T21:44:58","slug":"trabajamos-por-la-reduccion-en-los-costos-de-energia-sebides","status":"publish","type":"post","link":"https:\/\/fuentesfidedignas.com.mx\/index.php\/2022\/09\/27\/trabajamos-por-la-reduccion-en-los-costos-de-energia-sebides\/","title":{"rendered":"Trabajamos por la reducci\u00f3n en los costos de energ\u00eda: SEBIDES"},"content":{"rendered":"\n<p><em><strong>Realiz\u00f3 un taller para promover la eficiencia y el aprovechamiento sustentable de la energ\u00eda en las peque\u00f1as y medianas empresas<\/strong><\/em><\/p>\n\n\n\n<p>Culiac\u00e1n, Sin.- Promover la reducci\u00f3n en los costos por medio de la eficiencia energ\u00e9tica y el aprovechamiento sustentable en las peque\u00f1as y medianas empresas (MIPYME) de Sinaloa fue el objetivo del Taller: \u201c<em>Eficiencia energ\u00e9tica, gesti\u00f3n de la energ\u00eda y financiamiento para las micro, peque\u00f1as y medianas empresas del sector servicios\u201d <\/em>realizado por SEBIDES y la colaboraci\u00f3n de Secretar\u00eda de Econom\u00eda.<\/p>\n\n\n\n<p>La Secretaria Mar\u00eda In\u00e9s P\u00e9rez Corral fue la encargada de dar las palabras de bienvenida a los empresarios, docentes y estudiantes que tomaron el taller en busca de fortalecer las capacidades de las instituciones p\u00fablicas y privadas de car\u00e1cter local y regional, para que apoyen el desarrollo de programas y proyectos de eficiencia energ\u00e9tica.<\/p>\n\n\n\n<figure class=\"wp-block-image size-full\"><img decoding=\"async\" width=\"1024\" height=\"682\" src=\"https:\/\/fuentesfidedignas.com.mx\/wp-content\/uploads\/2022\/09\/IMG-20220927-WA0029.jpg\" alt=\"\" class=\"wp-image-43363\" srcset=\"https:\/\/fuentesfidedignas.com.mx\/wp-content\/uploads\/2022\/09\/IMG-20220927-WA0029.jpg 1024w, https:\/\/fuentesfidedignas.com.mx\/wp-content\/uploads\/2022\/09\/IMG-20220927-WA0029-300x200.jpg 300w, https:\/\/fuentesfidedignas.com.mx\/wp-content\/uploads\/2022\/09\/IMG-20220927-WA0029-768x512.jpg 768w\" sizes=\"(max-width: 1024px) 100vw, 1024px\" \/><\/figure>\n\n\n\n\n\n<p>P\u00e9rez Corral record\u00f3 que en Sinaloa, de acuerdo a la <strong>Encuesta Nacional sobre Consumo de Energ\u00e9ticos en Viviendas Particulares<\/strong> (ENCEVI) 2018, hab\u00eda 614,790 viviendas con al menos un aire acondicionado, y ocupaba a nivel nacional el n\u00famero 3, despu\u00e9s de Sonora y Nuevo Le\u00f3n.<\/p>\n\n\n\n<p>En el caso de Viviendas con ventilador, un total se tiene un total de 791,685 viviendas, ocupando a nivel nacional el n\u00famero 5, despu\u00e9s de Veracruz, Nuevo Le\u00f3n, Tamaulipas y Jalisco.<\/p>\n\n\n\n<p><em>\u201cEsto nos habla de la gran necesidad que tiene el estado de contar con un mejor confort t\u00e9rmico y eficiencia energ\u00e9tica. Yo creo que deben coincidir que entramos a nuestros trabajos al aire y no queremos salir de ah\u00ed. El que estemos as\u00ed, para las pymes es importante saber c\u00f3mo vamos mejorar el uso de energ\u00eda\u201d<\/em>.<\/p>\n\n\n\n<figure class=\"wp-block-image size-full\"><img decoding=\"async\" width=\"1024\" height=\"682\" src=\"https:\/\/fuentesfidedignas.com.mx\/wp-content\/uploads\/2022\/09\/IMG-20220927-WA0027.jpg\" alt=\"\" class=\"wp-image-43362\" srcset=\"https:\/\/fuentesfidedignas.com.mx\/wp-content\/uploads\/2022\/09\/IMG-20220927-WA0027.jpg 1024w, https:\/\/fuentesfidedignas.com.mx\/wp-content\/uploads\/2022\/09\/IMG-20220927-WA0027-300x200.jpg 300w, https:\/\/fuentesfidedignas.com.mx\/wp-content\/uploads\/2022\/09\/IMG-20220927-WA0027-768x512.jpg 768w\" sizes=\"(max-width: 1024px) 100vw, 1024px\" \/><\/figure>\n\n\n\n<p>En este taller, se les brindar\u00e1 informaci\u00f3n sobre c\u00f3mo pueden reducir estos consumos, sin que eso afecte la productividad de la empresa, al contrario. Debemos cuidar nuestro consumo de energ\u00eda, as\u00ed como cuidar del agua y otros recursos.<\/p>\n\n\n\n<p>En representaci\u00f3n de la Secretar\u00eda de Econom\u00eda estuvo la Directora de MiPymes, Carolina Barraza Zambada, quien record\u00f3 que es la primera vez que se realiza un evento de esta \u00edndole, que tiene que ver con los costos intangibles para las empresas pero que impactan en las posibilidades de competencia que tienen.<\/p>\n\n\n\n<p><em>\u201cSe que hay instaladores, integradores, estudiantes que este tema tiene que ver tambi\u00e9n desde la formaci\u00f3n, la profesionalizaci\u00f3n, pero tambi\u00e9n la implementaci\u00f3n de energ\u00edas limpias, por que tenemos todo para aplicarlas.&#8221;<\/em><\/p>\n\n\n\n<p>Durante este taller tambi\u00e9n se presentaron distintas opciones de financiamiento a las cuales las empresas pueden acceder para la instalaci\u00f3n de sistemas de generaci\u00f3n de energ\u00eda limpia y para la adquisici\u00f3n de equipos eficientes y ahorradores.<\/p>\n\n\n\n<p>Entre las autoridades presentes destacaron la subsecretaria de Desarrollo Sustentable, Nict\u00e9 Loi Cece\u00f1a Romero; Jorge Inzunza, Director de Agua y Energ\u00eda de SEBIDES; Gloria Z\u00e1rate Guti\u00e9rrez, Directora de Estados y Municipios de la Conuee; Jorge Soriano Mu\u00f1oz, Director Innovaci\u00f3n de la Conue; Mar\u00eda del Pilar Valencia Montes, Jefa de Departamento de la Conuee; Andr\u00e9s Cruz Melgarejo, presidente de la Asociaci\u00f3n Nacional de Fabricantes para la Industria de la Refrigeraci\u00f3n, A.C. (ANFIR); Jaime Hern\u00e1ndez, Delegado FIDE Culiac\u00e1n, entre otros empresarios y acad\u00e9micos reconocidos.<\/p>\n","protected":false},"excerpt":{"rendered":"<p>Realiz\u00f3 un taller para promover la eficiencia y el aprovechamiento sustentable de la energ\u00eda en las peque\u00f1as y medianas empresas Culiac\u00e1n, Sin.- Promover la reducci\u00f3n en los costos por medio de la eficiencia energ\u00e9tica y el aprovechamiento sustentable en las peque\u00f1as y medianas empresas (MIPYME) de Sinaloa fue el objetivo del Taller: \u201cEficiencia energ\u00e9tica, gesti\u00f3n [&hellip;]<\/p>\n","protected":false},"author":4,"featured_media":43361,"comment_status":"open","ping_status":"open","sticky":false,"template":"","format":"standard","meta":{"tdm_status":"","tdm_grid_status":"","footnotes":""},"categories":[38],"tags":[],"class_list":{"0":"post-43359","1":"post","2":"type-post","3":"status-publish","4":"format-standard","5":"has-post-thumbnail","7":"category-noticias-locales"},"yoast_head":"<!-- This site is optimized with the Yoast SEO plugin v27.5 - https:\/\/yoast.com\/product\/yoast-seo-wordpress\/ -->\n<title>Trabajamos por la reducci\u00f3n en los costos de energ\u00eda: SEBIDES - Fuentes Fidedignas<\/title>\n<meta name=\"robots\" content=\"index, follow, max-snippet:-1, max-image-preview:large, max-video-preview:-1\" \/>\n<link rel=\"canonical\" href=\"https:\/\/fuentesfidedignas.com.mx\/index.php\/2022\/09\/27\/trabajamos-por-la-reduccion-en-los-costos-de-energia-sebides\/\" \/>\n<meta property=\"og:locale\" content=\"es_MX\" \/>\n<meta property=\"og:type\" content=\"article\" \/>\n<meta property=\"og:title\" content=\"Trabajamos por la reducci\u00f3n en los costos de energ\u00eda: SEBIDES - Fuentes Fidedignas\" \/>\n<meta property=\"og:description\" content=\"Realiz\u00f3 un taller para promover la eficiencia y el aprovechamiento sustentable de la energ\u00eda en las peque\u00f1as y medianas empresas Culiac\u00e1n, Sin.- Promover la reducci\u00f3n en los costos por medio de la eficiencia energ\u00e9tica y el aprovechamiento sustentable en las peque\u00f1as y medianas empresas (MIPYME) de Sinaloa fue el objetivo del Taller: \u201cEficiencia energ\u00e9tica, gesti\u00f3n [&hellip;]\" \/>\n<meta property=\"og:url\" content=\"https:\/\/fuentesfidedignas.com.mx\/index.php\/2022\/09\/27\/trabajamos-por-la-reduccion-en-los-costos-de-energia-sebides\/\" \/>\n<meta property=\"og:site_name\" content=\"Fuentes Fidedignas\" \/>\n<meta property=\"article:publisher\" content=\"https:\/\/www.facebook.com\/Fuentes-Fidedignas-368234489921644\" \/>\n<meta property=\"article:published_time\" content=\"2022-09-27T21:43:08+00:00\" \/>\n<meta property=\"article:modified_time\" content=\"2022-09-27T21:44:58+00:00\" \/>\n<meta property=\"og:image\" content=\"https:\/\/fuentesfidedignas.com.mx\/wp-content\/uploads\/2022\/09\/IMG-20220927-WA0030.jpg\" \/>\n\t<meta property=\"og:image:width\" content=\"1024\" \/>\n\t<meta property=\"og:image:height\" content=\"682\" \/>\n\t<meta property=\"og:image:type\" content=\"image\/jpeg\" \/>\n<meta name=\"author\" content=\"Redacci\u00f3n\" \/>\n<meta name=\"twitter:card\" content=\"summary_large_image\" \/>\n<meta name=\"twitter:creator\" content=\"@fidedignas\" \/>\n<meta name=\"twitter:site\" content=\"@fidedignas\" \/>\n<meta name=\"twitter:label1\" content=\"Escrito por\" \/>\n\t<meta name=\"twitter:data1\" content=\"Redacci\u00f3n\" \/>\n\t<meta name=\"twitter:label2\" content=\"Tiempo de lectura\" \/>\n\t<meta name=\"twitter:data2\" content=\"3 minutos\" \/>\n<script type=\"application\/ld+json\" class=\"yoast-schema-graph\">{\"@context\":\"https:\\\/\\\/schema.org\",\"@graph\":[{\"@type\":\"Article\",\"@id\":\"https:\\\/\\\/fuentesfidedignas.com.mx\\\/index.php\\\/2022\\\/09\\\/27\\\/trabajamos-por-la-reduccion-en-los-costos-de-energia-sebides\\\/#article\",\"isPartOf\":{\"@id\":\"https:\\\/\\\/fuentesfidedignas.com.mx\\\/index.php\\\/2022\\\/09\\\/27\\\/trabajamos-por-la-reduccion-en-los-costos-de-energia-sebides\\\/\"},\"author\":{\"name\":\"Redacci\u00f3n\",\"@id\":\"https:\\\/\\\/fuentesfidedignas.com.mx\\\/#\\\/schema\\\/person\\\/331be9283d37198e2acd5750279085b0\"},\"headline\":\"Trabajamos por la reducci\u00f3n en los costos de energ\u00eda: SEBIDES\",\"datePublished\":\"2022-09-27T21:43:08+00:00\",\"dateModified\":\"2022-09-27T21:44:58+00:00\",\"mainEntityOfPage\":{\"@id\":\"https:\\\/\\\/fuentesfidedignas.com.mx\\\/index.php\\\/2022\\\/09\\\/27\\\/trabajamos-por-la-reduccion-en-los-costos-de-energia-sebides\\\/\"},\"wordCount\":574,\"commentCount\":0,\"publisher\":{\"@id\":\"https:\\\/\\\/fuentesfidedignas.com.mx\\\/#organization\"},\"image\":{\"@id\":\"https:\\\/\\\/fuentesfidedignas.com.mx\\\/index.php\\\/2022\\\/09\\\/27\\\/trabajamos-por-la-reduccion-en-los-costos-de-energia-sebides\\\/#primaryimage\"},\"thumbnailUrl\":\"https:\\\/\\\/fuentesfidedignas.com.mx\\\/wp-content\\\/uploads\\\/2022\\\/09\\\/IMG-20220927-WA0030.jpg\",\"articleSection\":[\"NOTICIAS LOCALES\"],\"inLanguage\":\"es\",\"potentialAction\":[{\"@type\":\"CommentAction\",\"name\":\"Comment\",\"target\":[\"https:\\\/\\\/fuentesfidedignas.com.mx\\\/index.php\\\/2022\\\/09\\\/27\\\/trabajamos-por-la-reduccion-en-los-costos-de-energia-sebides\\\/#respond\"]}]},{\"@type\":\"WebPage\",\"@id\":\"https:\\\/\\\/fuentesfidedignas.com.mx\\\/index.php\\\/2022\\\/09\\\/27\\\/trabajamos-por-la-reduccion-en-los-costos-de-energia-sebides\\\/\",\"url\":\"https:\\\/\\\/fuentesfidedignas.com.mx\\\/index.php\\\/2022\\\/09\\\/27\\\/trabajamos-por-la-reduccion-en-los-costos-de-energia-sebides\\\/\",\"name\":\"Trabajamos por la reducci\u00f3n en los costos de energ\u00eda: SEBIDES - Fuentes Fidedignas\",\"isPartOf\":{\"@id\":\"https:\\\/\\\/fuentesfidedignas.com.mx\\\/#website\"},\"primaryImageOfPage\":{\"@id\":\"https:\\\/\\\/fuentesfidedignas.com.mx\\\/index.php\\\/2022\\\/09\\\/27\\\/trabajamos-por-la-reduccion-en-los-costos-de-energia-sebides\\\/#primaryimage\"},\"image\":{\"@id\":\"https:\\\/\\\/fuentesfidedignas.com.mx\\\/index.php\\\/2022\\\/09\\\/27\\\/trabajamos-por-la-reduccion-en-los-costos-de-energia-sebides\\\/#primaryimage\"},\"thumbnailUrl\":\"https:\\\/\\\/fuentesfidedignas.com.mx\\\/wp-content\\\/uploads\\\/2022\\\/09\\\/IMG-20220927-WA0030.jpg\",\"datePublished\":\"2022-09-27T21:43:08+00:00\",\"dateModified\":\"2022-09-27T21:44:58+00:00\",\"breadcrumb\":{\"@id\":\"https:\\\/\\\/fuentesfidedignas.com.mx\\\/index.php\\\/2022\\\/09\\\/27\\\/trabajamos-por-la-reduccion-en-los-costos-de-energia-sebides\\\/#breadcrumb\"},\"inLanguage\":\"es\",\"potentialAction\":[{\"@type\":\"ReadAction\",\"target\":[\"https:\\\/\\\/fuentesfidedignas.com.mx\\\/index.php\\\/2022\\\/09\\\/27\\\/trabajamos-por-la-reduccion-en-los-costos-de-energia-sebides\\\/\"]}]},{\"@type\":\"ImageObject\",\"inLanguage\":\"es\",\"@id\":\"https:\\\/\\\/fuentesfidedignas.com.mx\\\/index.php\\\/2022\\\/09\\\/27\\\/trabajamos-por-la-reduccion-en-los-costos-de-energia-sebides\\\/#primaryimage\",\"url\":\"https:\\\/\\\/fuentesfidedignas.com.mx\\\/wp-content\\\/uploads\\\/2022\\\/09\\\/IMG-20220927-WA0030.jpg\",\"contentUrl\":\"https:\\\/\\\/fuentesfidedignas.com.mx\\\/wp-content\\\/uploads\\\/2022\\\/09\\\/IMG-20220927-WA0030.jpg\",\"width\":1024,\"height\":682},{\"@type\":\"BreadcrumbList\",\"@id\":\"https:\\\/\\\/fuentesfidedignas.com.mx\\\/index.php\\\/2022\\\/09\\\/27\\\/trabajamos-por-la-reduccion-en-los-costos-de-energia-sebides\\\/#breadcrumb\",\"itemListElement\":[{\"@type\":\"ListItem\",\"position\":1,\"name\":\"Inicio\",\"item\":\"https:\\\/\\\/fuentesfidedignas.com.mx\\\/\"},{\"@type\":\"ListItem\",\"position\":2,\"name\":\"Trabajamos por la reducci\u00f3n en los costos de energ\u00eda: SEBIDES\"}]},{\"@type\":\"WebSite\",\"@id\":\"https:\\\/\\\/fuentesfidedignas.com.mx\\\/#website\",\"url\":\"https:\\\/\\\/fuentesfidedignas.com.mx\\\/\",\"name\":\"Fuentes Fidedignas\",\"description\":\"Otro sitio realizado con WordPress\",\"publisher\":{\"@id\":\"https:\\\/\\\/fuentesfidedignas.com.mx\\\/#organization\"},\"potentialAction\":[{\"@type\":\"SearchAction\",\"target\":{\"@type\":\"EntryPoint\",\"urlTemplate\":\"https:\\\/\\\/fuentesfidedignas.com.mx\\\/?s={search_term_string}\"},\"query-input\":{\"@type\":\"PropertyValueSpecification\",\"valueRequired\":true,\"valueName\":\"search_term_string\"}}],\"inLanguage\":\"es\"},{\"@type\":\"Organization\",\"@id\":\"https:\\\/\\\/fuentesfidedignas.com.mx\\\/#organization\",\"name\":\"Fuentes Fidedignas\",\"url\":\"https:\\\/\\\/fuentesfidedignas.com.mx\\\/\",\"logo\":{\"@type\":\"ImageObject\",\"inLanguage\":\"es\",\"@id\":\"https:\\\/\\\/fuentesfidedignas.com.mx\\\/#\\\/schema\\\/logo\\\/image\\\/\",\"url\":\"https:\\\/\\\/fuentesfidedignas.com.mx\\\/wp-content\\\/uploads\\\/2021\\\/04\\\/logo-retina.png\",\"contentUrl\":\"https:\\\/\\\/fuentesfidedignas.com.mx\\\/wp-content\\\/uploads\\\/2021\\\/04\\\/logo-retina.png\",\"width\":280,\"height\":51,\"caption\":\"Fuentes Fidedignas\"},\"image\":{\"@id\":\"https:\\\/\\\/fuentesfidedignas.com.mx\\\/#\\\/schema\\\/logo\\\/image\\\/\"},\"sameAs\":[\"https:\\\/\\\/www.facebook.com\\\/Fuentes-Fidedignas-368234489921644\",\"https:\\\/\\\/x.com\\\/fidedignas\"]},{\"@type\":\"Person\",\"@id\":\"https:\\\/\\\/fuentesfidedignas.com.mx\\\/#\\\/schema\\\/person\\\/331be9283d37198e2acd5750279085b0\",\"name\":\"Redacci\u00f3n\",\"image\":{\"@type\":\"ImageObject\",\"inLanguage\":\"es\",\"@id\":\"https:\\\/\\\/secure.gravatar.com\\\/avatar\\\/f6d8782c11d12b2d4ad3fbb6931aeab5309937a4d6cd2fc9cfaa28a6396a5aec?s=96&d=mm&r=g\",\"url\":\"https:\\\/\\\/secure.gravatar.com\\\/avatar\\\/f6d8782c11d12b2d4ad3fbb6931aeab5309937a4d6cd2fc9cfaa28a6396a5aec?s=96&d=mm&r=g\",\"contentUrl\":\"https:\\\/\\\/secure.gravatar.com\\\/avatar\\\/f6d8782c11d12b2d4ad3fbb6931aeab5309937a4d6cd2fc9cfaa28a6396a5aec?s=96&d=mm&r=g\",\"caption\":\"Redacci\u00f3n\"},\"url\":\"https:\\\/\\\/fuentesfidedignas.com.mx\\\/index.php\\\/author\\\/redaccion\\\/\"}]}<\/script>\n<!-- \/ Yoast SEO plugin. -->","yoast_head_json":{"title":"Trabajamos por la reducci\u00f3n en los costos de energ\u00eda: SEBIDES - Fuentes Fidedignas","robots":{"index":"index","follow":"follow","max-snippet":"max-snippet:-1","max-image-preview":"max-image-preview:large","max-video-preview":"max-video-preview:-1"},"canonical":"https:\/\/fuentesfidedignas.com.mx\/index.php\/2022\/09\/27\/trabajamos-por-la-reduccion-en-los-costos-de-energia-sebides\/","og_locale":"es_MX","og_type":"article","og_title":"Trabajamos por la reducci\u00f3n en los costos de energ\u00eda: SEBIDES - Fuentes Fidedignas","og_description":"Realiz\u00f3 un taller para promover la eficiencia y el aprovechamiento sustentable de la energ\u00eda en las peque\u00f1as y medianas empresas Culiac\u00e1n, Sin.- Promover la reducci\u00f3n en los costos por medio de la eficiencia energ\u00e9tica y el aprovechamiento sustentable en las peque\u00f1as y medianas empresas (MIPYME) de Sinaloa fue el objetivo del Taller: \u201cEficiencia energ\u00e9tica, gesti\u00f3n [&hellip;]","og_url":"https:\/\/fuentesfidedignas.com.mx\/index.php\/2022\/09\/27\/trabajamos-por-la-reduccion-en-los-costos-de-energia-sebides\/","og_site_name":"Fuentes Fidedignas","article_publisher":"https:\/\/www.facebook.com\/Fuentes-Fidedignas-368234489921644","article_published_time":"2022-09-27T21:43:08+00:00","article_modified_time":"2022-09-27T21:44:58+00:00","og_image":[{"width":1024,"height":682,"url":"https:\/\/fuentesfidedignas.com.mx\/wp-content\/uploads\/2022\/09\/IMG-20220927-WA0030.jpg","type":"image\/jpeg"}],"author":"Redacci\u00f3n","twitter_card":"summary_large_image","twitter_creator":"@fidedignas","twitter_site":"@fidedignas","twitter_misc":{"Escrito por":"Redacci\u00f3n","Tiempo de lectura":"3 minutos"},"schema":{"@context":"https:\/\/schema.org","@graph":[{"@type":"Article","@id":"https:\/\/fuentesfidedignas.com.mx\/index.php\/2022\/09\/27\/trabajamos-por-la-reduccion-en-los-costos-de-energia-sebides\/#article","isPartOf":{"@id":"https:\/\/fuentesfidedignas.com.mx\/index.php\/2022\/09\/27\/trabajamos-por-la-reduccion-en-los-costos-de-energia-sebides\/"},"author":{"name":"Redacci\u00f3n","@id":"https:\/\/fuentesfidedignas.com.mx\/#\/schema\/person\/331be9283d37198e2acd5750279085b0"},"headline":"Trabajamos por la reducci\u00f3n en los costos de energ\u00eda: SEBIDES","datePublished":"2022-09-27T21:43:08+00:00","dateModified":"2022-09-27T21:44:58+00:00","mainEntityOfPage":{"@id":"https:\/\/fuentesfidedignas.com.mx\/index.php\/2022\/09\/27\/trabajamos-por-la-reduccion-en-los-costos-de-energia-sebides\/"},"wordCount":574,"commentCount":0,"publisher":{"@id":"https:\/\/fuentesfidedignas.com.mx\/#organization"},"image":{"@id":"https:\/\/fuentesfidedignas.com.mx\/index.php\/2022\/09\/27\/trabajamos-por-la-reduccion-en-los-costos-de-energia-sebides\/#primaryimage"},"thumbnailUrl":"https:\/\/fuentesfidedignas.com.mx\/wp-content\/uploads\/2022\/09\/IMG-20220927-WA0030.jpg","articleSection":["NOTICIAS LOCALES"],"inLanguage":"es","potentialAction":[{"@type":"CommentAction","name":"Comment","target":["https:\/\/fuentesfidedignas.com.mx\/index.php\/2022\/09\/27\/trabajamos-por-la-reduccion-en-los-costos-de-energia-sebides\/#respond"]}]},{"@type":"WebPage","@id":"https:\/\/fuentesfidedignas.com.mx\/index.php\/2022\/09\/27\/trabajamos-por-la-reduccion-en-los-costos-de-energia-sebides\/","url":"https:\/\/fuentesfidedignas.com.mx\/index.php\/2022\/09\/27\/trabajamos-por-la-reduccion-en-los-costos-de-energia-sebides\/","name":"Trabajamos por la reducci\u00f3n en los costos de energ\u00eda: SEBIDES - Fuentes Fidedignas","isPartOf":{"@id":"https:\/\/fuentesfidedignas.com.mx\/#website"},"primaryImageOfPage":{"@id":"https:\/\/fuentesfidedignas.com.mx\/index.php\/2022\/09\/27\/trabajamos-por-la-reduccion-en-los-costos-de-energia-sebides\/#primaryimage"},"image":{"@id":"https:\/\/fuentesfidedignas.com.mx\/index.php\/2022\/09\/27\/trabajamos-por-la-reduccion-en-los-costos-de-energia-sebides\/#primaryimage"},"thumbnailUrl":"https:\/\/fuentesfidedignas.com.mx\/wp-content\/uploads\/2022\/09\/IMG-20220927-WA0030.jpg","datePublished":"2022-09-27T21:43:08+00:00","dateModified":"2022-09-27T21:44:58+00:00","breadcrumb":{"@id":"https:\/\/fuentesfidedignas.com.mx\/index.php\/2022\/09\/27\/trabajamos-por-la-reduccion-en-los-costos-de-energia-sebides\/#breadcrumb"},"inLanguage":"es","potentialAction":[{"@type":"ReadAction","target":["https:\/\/fuentesfidedignas.com.mx\/index.php\/2022\/09\/27\/trabajamos-por-la-reduccion-en-los-costos-de-energia-sebides\/"]}]},{"@type":"ImageObject","inLanguage":"es","@id":"https:\/\/fuentesfidedignas.com.mx\/index.php\/2022\/09\/27\/trabajamos-por-la-reduccion-en-los-costos-de-energia-sebides\/#primaryimage","url":"https:\/\/fuentesfidedignas.com.mx\/wp-content\/uploads\/2022\/09\/IMG-20220927-WA0030.jpg","contentUrl":"https:\/\/fuentesfidedignas.com.mx\/wp-content\/uploads\/2022\/09\/IMG-20220927-WA0030.jpg","width":1024,"height":682},{"@type":"BreadcrumbList","@id":"https:\/\/fuentesfidedignas.com.mx\/index.php\/2022\/09\/27\/trabajamos-por-la-reduccion-en-los-costos-de-energia-sebides\/#breadcrumb","itemListElement":[{"@type":"ListItem","position":1,"name":"Inicio","item":"https:\/\/fuentesfidedignas.com.mx\/"},{"@type":"ListItem","position":2,"name":"Trabajamos por la reducci\u00f3n en los costos de energ\u00eda: SEBIDES"}]},{"@type":"WebSite","@id":"https:\/\/fuentesfidedignas.com.mx\/#website","url":"https:\/\/fuentesfidedignas.com.mx\/","name":"Fuentes Fidedignas","description":"Otro sitio realizado con WordPress","publisher":{"@id":"https:\/\/fuentesfidedignas.com.mx\/#organization"},"potentialAction":[{"@type":"SearchAction","target":{"@type":"EntryPoint","urlTemplate":"https:\/\/fuentesfidedignas.com.mx\/?s={search_term_string}"},"query-input":{"@type":"PropertyValueSpecification","valueRequired":true,"valueName":"search_term_string"}}],"inLanguage":"es"},{"@type":"Organization","@id":"https:\/\/fuentesfidedignas.com.mx\/#organization","name":"Fuentes Fidedignas","url":"https:\/\/fuentesfidedignas.com.mx\/","logo":{"@type":"ImageObject","inLanguage":"es","@id":"https:\/\/fuentesfidedignas.com.mx\/#\/schema\/logo\/image\/","url":"https:\/\/fuentesfidedignas.com.mx\/wp-content\/uploads\/2021\/04\/logo-retina.png","contentUrl":"https:\/\/fuentesfidedignas.com.mx\/wp-content\/uploads\/2021\/04\/logo-retina.png","width":280,"height":51,"caption":"Fuentes Fidedignas"},"image":{"@id":"https:\/\/fuentesfidedignas.com.mx\/#\/schema\/logo\/image\/"},"sameAs":["https:\/\/www.facebook.com\/Fuentes-Fidedignas-368234489921644","https:\/\/x.com\/fidedignas"]},{"@type":"Person","@id":"https:\/\/fuentesfidedignas.com.mx\/#\/schema\/person\/331be9283d37198e2acd5750279085b0","name":"Redacci\u00f3n","image":{"@type":"ImageObject","inLanguage":"es","@id":"https:\/\/secure.gravatar.com\/avatar\/f6d8782c11d12b2d4ad3fbb6931aeab5309937a4d6cd2fc9cfaa28a6396a5aec?s=96&d=mm&r=g","url":"https:\/\/secure.gravatar.com\/avatar\/f6d8782c11d12b2d4ad3fbb6931aeab5309937a4d6cd2fc9cfaa28a6396a5aec?s=96&d=mm&r=g","contentUrl":"https:\/\/secure.gravatar.com\/avatar\/f6d8782c11d12b2d4ad3fbb6931aeab5309937a4d6cd2fc9cfaa28a6396a5aec?s=96&d=mm&r=g","caption":"Redacci\u00f3n"},"url":"https:\/\/fuentesfidedignas.com.mx\/index.php\/author\/redaccion\/"}]}},"_links":{"self":[{"href":"https:\/\/fuentesfidedignas.com.mx\/index.php\/wp-json\/wp\/v2\/posts\/43359","targetHints":{"allow":["GET"]}}],"collection":[{"href":"https:\/\/fuentesfidedignas.com.mx\/index.php\/wp-json\/wp\/v2\/posts"}],"about":[{"href":"https:\/\/fuentesfidedignas.com.mx\/index.php\/wp-json\/wp\/v2\/types\/post"}],"author":[{"embeddable":true,"href":"https:\/\/fuentesfidedignas.com.mx\/index.php\/wp-json\/wp\/v2\/users\/4"}],"replies":[{"embeddable":true,"href":"https:\/\/fuentesfidedignas.com.mx\/index.php\/wp-json\/wp\/v2\/comments?post=43359"}],"version-history":[{"count":1,"href":"https:\/\/fuentesfidedignas.com.mx\/index.php\/wp-json\/wp\/v2\/posts\/43359\/revisions"}],"predecessor-version":[{"id":43364,"href":"https:\/\/fuentesfidedignas.com.mx\/index.php\/wp-json\/wp\/v2\/posts\/43359\/revisions\/43364"}],"wp:featuredmedia":[{"embeddable":true,"href":"https:\/\/fuentesfidedignas.com.mx\/index.php\/wp-json\/wp\/v2\/media\/43361"}],"wp:attachment":[{"href":"https:\/\/fuentesfidedignas.com.mx\/index.php\/wp-json\/wp\/v2\/media?parent=43359"}],"wp:term":[{"taxonomy":"category","embeddable":true,"href":"https:\/\/fuentesfidedignas.com.mx\/index.php\/wp-json\/wp\/v2\/categories?post=43359"},{"taxonomy":"post_tag","embeddable":true,"href":"https:\/\/fuentesfidedignas.com.mx\/index.php\/wp-json\/wp\/v2\/tags?post=43359"}],"curies":[{"name":"wp","href":"https:\/\/api.w.org\/{rel}","templated":true}]}}