{"id":43353,"date":"2022-09-27T13:07:09","date_gmt":"2022-09-27T19:07:09","guid":{"rendered":"https:\/\/fuentesfidedignas.com.mx\/?p=43353"},"modified":"2022-09-27T17:42:44","modified_gmt":"2022-09-27T23:42:44","slug":"rocha-moya-ejerce-violencia-politica-de-genero-contra-titular-de-sepyc-afirma-mc","status":"publish","type":"post","link":"https:\/\/fuentesfidedignas.com.mx\/index.php\/2022\/09\/27\/rocha-moya-ejerce-violencia-politica-de-genero-contra-titular-de-sepyc-afirma-mc\/","title":{"rendered":"Rocha ejerce violencia pol\u00edtica de g\u00e9nero contra titular de SEPyC, afirma MC"},"content":{"rendered":"\n<p><strong><em>Tambi\u00e9n que hay un evidente temor de integrantes del gabinete de llegar a ser humillados y se\u00f1alados p\u00fablicamente por el gobernador, se\u00f1al\u00f3 Sergio Torres<\/em><\/strong><\/p>\n\n\n\n<p>Culiac\u00e1n, Sin. En Sinaloa, afirma <strong>Sergio Torres<\/strong>, el panorama es preocupante, el propio gobernador ejerce violencia pol\u00edtica de g\u00e9nero contra la titular de la SEPyC, a quien <strong>por tres semanas continuas, en sus conferencias semaneras, la ha exhibido, rega\u00f1ado y denostado p\u00fablicamente<\/strong>, cuando debiera estar trabajando con ella, en reuniones de acuerdos, de apoyo y comunicaci\u00f3n para pedir resolver la problem\u00e1tica de escuelas no aptas para atender a estudiantes de forma presencial. Pero no prefiere demostrar, err\u00f3neamente, su poder y cargo sin respeto a su gabinete.<\/p>\n\n\n\n<p>El mismo Rocha Moya, admite pleitos al interior de su gobierno, patadas bajo la mesa, y que no tiene el control del mismo ni del gabinete ni del estado, que es un gobernante que s\u00f3lo sabe reaccionar a lo que surge, pero no sabe accionar planes, estrategias, ideas y visi\u00f3n para sacar a Sinaloa del estancamiento, afirma Sergio Torres.<\/p>\n\n\n\n<p>Dijo tambi\u00e9n que <strong>hay un evidente temor de integrantes del gabinete de llegar a ser humillados y se\u00f1alados p\u00fablicamente por el gobernador<\/strong>, lo que genera, que en lugar de buscar reuniones de trabajo para resolver problemas, se escondan del mandatario.<\/p>\n\n\n\n<p><strong>AMLO lleva a M\u00e9xico a una dictadura, peligran democracia y libertad<\/strong><\/p>\n\n\n\n<p>Un presidente autoritario y dictatorial, que viola las leyes, manipula los poderes legislativo y judicial, y quiere desaparecer al <strong>INE<\/strong> para acabar con la democracia, as\u00ed como un gobernador que ejerce violencia pol\u00edtica de g\u00e9nero contra la secretaria de educaci\u00f3n p\u00fablica y cultura; un estado ba\u00f1ado por la sangre de mujeres asesinadas, as\u00ed como un gabinete sin coordinaci\u00f3n ni comunicaci\u00f3n con el ejecutivo, es el grave panorama que sufrimos, asegur\u00f3 Sergio Torres.<\/p>\n\n\n\n<p>El l\u00edder de M<strong>ovimiento Ciudadano en Sinaloa<\/strong> se\u00f1al\u00f3 que hay claras muestras de que L\u00f3pez Obrador lleva a M\u00e9xico a una dictadura en un futuro pr\u00f3ximo, que urge se le ponga un alto desde el congreso federal, y de manera muy importante, que la sociedad civil levante la voz, para evitar que siga violando las leyes, reglamentos y la Constituci\u00f3n misma, para satisfacer sus apetitos pol\u00edticos.<\/p>\n\n\n\n<p>Har\u00e1, AMLO, una consulta manipulada, sin la participaci\u00f3n del INE, para sacar adelante su terquedad de militarizar al pa\u00eds, cuando la experiencia se\u00f1ala que sus estrategias no funcionan, que estamos ante el gobierno m\u00e1s violento de la historia.<\/p>\n\n\n\n<p><\/p>\n","protected":false},"excerpt":{"rendered":"<p>Tambi\u00e9n que hay un evidente temor de integrantes del gabinete de llegar a ser humillados y se\u00f1alados p\u00fablicamente por el gobernador, se\u00f1al\u00f3 Sergio Torres Culiac\u00e1n, Sin. En Sinaloa, afirma Sergio Torres, el panorama es preocupante, el propio gobernador ejerce violencia pol\u00edtica de g\u00e9nero contra la titular de la SEPyC, a quien por tres semanas continuas, [&hellip;]<\/p>\n","protected":false},"author":4,"featured_media":43354,"comment_status":"open","ping_status":"open","sticky":false,"template":"","format":"standard","meta":{"tdm_status":"","tdm_grid_status":"","footnotes":""},"categories":[37],"tags":[],"class_list":{"0":"post-43353","1":"post","2":"type-post","3":"status-publish","4":"format-standard","5":"has-post-thumbnail","7":"category-nota-principal"},"yoast_head":"<!-- This site is optimized with the Yoast SEO plugin v27.5 - https:\/\/yoast.com\/product\/yoast-seo-wordpress\/ -->\n<title>Rocha ejerce violencia pol\u00edtica de g\u00e9nero contra titular de SEPyC, afirma MC - Fuentes Fidedignas<\/title>\n<meta name=\"robots\" content=\"index, follow, max-snippet:-1, max-image-preview:large, max-video-preview:-1\" \/>\n<link rel=\"canonical\" href=\"https:\/\/fuentesfidedignas.com.mx\/index.php\/2022\/09\/27\/rocha-moya-ejerce-violencia-politica-de-genero-contra-titular-de-sepyc-afirma-mc\/\" \/>\n<meta property=\"og:locale\" content=\"es_MX\" \/>\n<meta property=\"og:type\" content=\"article\" \/>\n<meta property=\"og:title\" content=\"Rocha ejerce violencia pol\u00edtica de g\u00e9nero contra titular de SEPyC, afirma MC - Fuentes Fidedignas\" \/>\n<meta property=\"og:description\" content=\"Tambi\u00e9n que hay un evidente temor de integrantes del gabinete de llegar a ser humillados y se\u00f1alados p\u00fablicamente por el gobernador, se\u00f1al\u00f3 Sergio Torres Culiac\u00e1n, Sin. En Sinaloa, afirma Sergio Torres, el panorama es preocupante, el propio gobernador ejerce violencia pol\u00edtica de g\u00e9nero contra la titular de la SEPyC, a quien por tres semanas continuas, [&hellip;]\" \/>\n<meta property=\"og:url\" content=\"https:\/\/fuentesfidedignas.com.mx\/index.php\/2022\/09\/27\/rocha-moya-ejerce-violencia-politica-de-genero-contra-titular-de-sepyc-afirma-mc\/\" \/>\n<meta property=\"og:site_name\" content=\"Fuentes Fidedignas\" \/>\n<meta property=\"article:publisher\" content=\"https:\/\/www.facebook.com\/Fuentes-Fidedignas-368234489921644\" \/>\n<meta property=\"article:published_time\" content=\"2022-09-27T19:07:09+00:00\" \/>\n<meta property=\"article:modified_time\" content=\"2022-09-27T23:42:44+00:00\" \/>\n<meta property=\"og:image\" content=\"https:\/\/fuentesfidedignas.com.mx\/wp-content\/uploads\/2022\/09\/torres-3.jpg\" \/>\n\t<meta property=\"og:image:width\" content=\"1600\" \/>\n\t<meta property=\"og:image:height\" content=\"1063\" \/>\n\t<meta property=\"og:image:type\" content=\"image\/jpeg\" \/>\n<meta name=\"author\" content=\"Redacci\u00f3n\" \/>\n<meta name=\"twitter:card\" content=\"summary_large_image\" \/>\n<meta name=\"twitter:creator\" content=\"@fidedignas\" \/>\n<meta name=\"twitter:site\" content=\"@fidedignas\" \/>\n<meta name=\"twitter:label1\" content=\"Escrito por\" \/>\n\t<meta name=\"twitter:data1\" content=\"Redacci\u00f3n\" \/>\n\t<meta name=\"twitter:label2\" content=\"Tiempo de lectura\" \/>\n\t<meta name=\"twitter:data2\" content=\"2 minutos\" \/>\n<script type=\"application\/ld+json\" class=\"yoast-schema-graph\">{\"@context\":\"https:\\\/\\\/schema.org\",\"@graph\":[{\"@type\":\"Article\",\"@id\":\"https:\\\/\\\/fuentesfidedignas.com.mx\\\/index.php\\\/2022\\\/09\\\/27\\\/rocha-moya-ejerce-violencia-politica-de-genero-contra-titular-de-sepyc-afirma-mc\\\/#article\",\"isPartOf\":{\"@id\":\"https:\\\/\\\/fuentesfidedignas.com.mx\\\/index.php\\\/2022\\\/09\\\/27\\\/rocha-moya-ejerce-violencia-politica-de-genero-contra-titular-de-sepyc-afirma-mc\\\/\"},\"author\":{\"name\":\"Redacci\u00f3n\",\"@id\":\"https:\\\/\\\/fuentesfidedignas.com.mx\\\/#\\\/schema\\\/person\\\/331be9283d37198e2acd5750279085b0\"},\"headline\":\"Rocha ejerce violencia pol\u00edtica de g\u00e9nero contra titular de SEPyC, afirma MC\",\"datePublished\":\"2022-09-27T19:07:09+00:00\",\"dateModified\":\"2022-09-27T23:42:44+00:00\",\"mainEntityOfPage\":{\"@id\":\"https:\\\/\\\/fuentesfidedignas.com.mx\\\/index.php\\\/2022\\\/09\\\/27\\\/rocha-moya-ejerce-violencia-politica-de-genero-contra-titular-de-sepyc-afirma-mc\\\/\"},\"wordCount\":446,\"commentCount\":0,\"publisher\":{\"@id\":\"https:\\\/\\\/fuentesfidedignas.com.mx\\\/#organization\"},\"image\":{\"@id\":\"https:\\\/\\\/fuentesfidedignas.com.mx\\\/index.php\\\/2022\\\/09\\\/27\\\/rocha-moya-ejerce-violencia-politica-de-genero-contra-titular-de-sepyc-afirma-mc\\\/#primaryimage\"},\"thumbnailUrl\":\"https:\\\/\\\/fuentesfidedignas.com.mx\\\/wp-content\\\/uploads\\\/2022\\\/09\\\/torres-3.jpg\",\"articleSection\":[\"NOTA PRINCIPAL\"],\"inLanguage\":\"es\",\"potentialAction\":[{\"@type\":\"CommentAction\",\"name\":\"Comment\",\"target\":[\"https:\\\/\\\/fuentesfidedignas.com.mx\\\/index.php\\\/2022\\\/09\\\/27\\\/rocha-moya-ejerce-violencia-politica-de-genero-contra-titular-de-sepyc-afirma-mc\\\/#respond\"]}]},{\"@type\":\"WebPage\",\"@id\":\"https:\\\/\\\/fuentesfidedignas.com.mx\\\/index.php\\\/2022\\\/09\\\/27\\\/rocha-moya-ejerce-violencia-politica-de-genero-contra-titular-de-sepyc-afirma-mc\\\/\",\"url\":\"https:\\\/\\\/fuentesfidedignas.com.mx\\\/index.php\\\/2022\\\/09\\\/27\\\/rocha-moya-ejerce-violencia-politica-de-genero-contra-titular-de-sepyc-afirma-mc\\\/\",\"name\":\"Rocha ejerce violencia pol\u00edtica de g\u00e9nero contra titular de SEPyC, afirma MC - Fuentes Fidedignas\",\"isPartOf\":{\"@id\":\"https:\\\/\\\/fuentesfidedignas.com.mx\\\/#website\"},\"primaryImageOfPage\":{\"@id\":\"https:\\\/\\\/fuentesfidedignas.com.mx\\\/index.php\\\/2022\\\/09\\\/27\\\/rocha-moya-ejerce-violencia-politica-de-genero-contra-titular-de-sepyc-afirma-mc\\\/#primaryimage\"},\"image\":{\"@id\":\"https:\\\/\\\/fuentesfidedignas.com.mx\\\/index.php\\\/2022\\\/09\\\/27\\\/rocha-moya-ejerce-violencia-politica-de-genero-contra-titular-de-sepyc-afirma-mc\\\/#primaryimage\"},\"thumbnailUrl\":\"https:\\\/\\\/fuentesfidedignas.com.mx\\\/wp-content\\\/uploads\\\/2022\\\/09\\\/torres-3.jpg\",\"datePublished\":\"2022-09-27T19:07:09+00:00\",\"dateModified\":\"2022-09-27T23:42:44+00:00\",\"breadcrumb\":{\"@id\":\"https:\\\/\\\/fuentesfidedignas.com.mx\\\/index.php\\\/2022\\\/09\\\/27\\\/rocha-moya-ejerce-violencia-politica-de-genero-contra-titular-de-sepyc-afirma-mc\\\/#breadcrumb\"},\"inLanguage\":\"es\",\"potentialAction\":[{\"@type\":\"ReadAction\",\"target\":[\"https:\\\/\\\/fuentesfidedignas.com.mx\\\/index.php\\\/2022\\\/09\\\/27\\\/rocha-moya-ejerce-violencia-politica-de-genero-contra-titular-de-sepyc-afirma-mc\\\/\"]}]},{\"@type\":\"ImageObject\",\"inLanguage\":\"es\",\"@id\":\"https:\\\/\\\/fuentesfidedignas.com.mx\\\/index.php\\\/2022\\\/09\\\/27\\\/rocha-moya-ejerce-violencia-politica-de-genero-contra-titular-de-sepyc-afirma-mc\\\/#primaryimage\",\"url\":\"https:\\\/\\\/fuentesfidedignas.com.mx\\\/wp-content\\\/uploads\\\/2022\\\/09\\\/torres-3.jpg\",\"contentUrl\":\"https:\\\/\\\/fuentesfidedignas.com.mx\\\/wp-content\\\/uploads\\\/2022\\\/09\\\/torres-3.jpg\",\"width\":1600,\"height\":1063},{\"@type\":\"BreadcrumbList\",\"@id\":\"https:\\\/\\\/fuentesfidedignas.com.mx\\\/index.php\\\/2022\\\/09\\\/27\\\/rocha-moya-ejerce-violencia-politica-de-genero-contra-titular-de-sepyc-afirma-mc\\\/#breadcrumb\",\"itemListElement\":[{\"@type\":\"ListItem\",\"position\":1,\"name\":\"Inicio\",\"item\":\"https:\\\/\\\/fuentesfidedignas.com.mx\\\/\"},{\"@type\":\"ListItem\",\"position\":2,\"name\":\"Rocha ejerce violencia pol\u00edtica de g\u00e9nero contra titular de SEPyC, afirma MC\"}]},{\"@type\":\"WebSite\",\"@id\":\"https:\\\/\\\/fuentesfidedignas.com.mx\\\/#website\",\"url\":\"https:\\\/\\\/fuentesfidedignas.com.mx\\\/\",\"name\":\"Fuentes Fidedignas\",\"description\":\"Otro sitio realizado con WordPress\",\"publisher\":{\"@id\":\"https:\\\/\\\/fuentesfidedignas.com.mx\\\/#organization\"},\"potentialAction\":[{\"@type\":\"SearchAction\",\"target\":{\"@type\":\"EntryPoint\",\"urlTemplate\":\"https:\\\/\\\/fuentesfidedignas.com.mx\\\/?s={search_term_string}\"},\"query-input\":{\"@type\":\"PropertyValueSpecification\",\"valueRequired\":true,\"valueName\":\"search_term_string\"}}],\"inLanguage\":\"es\"},{\"@type\":\"Organization\",\"@id\":\"https:\\\/\\\/fuentesfidedignas.com.mx\\\/#organization\",\"name\":\"Fuentes Fidedignas\",\"url\":\"https:\\\/\\\/fuentesfidedignas.com.mx\\\/\",\"logo\":{\"@type\":\"ImageObject\",\"inLanguage\":\"es\",\"@id\":\"https:\\\/\\\/fuentesfidedignas.com.mx\\\/#\\\/schema\\\/logo\\\/image\\\/\",\"url\":\"https:\\\/\\\/fuentesfidedignas.com.mx\\\/wp-content\\\/uploads\\\/2021\\\/04\\\/logo-retina.png\",\"contentUrl\":\"https:\\\/\\\/fuentesfidedignas.com.mx\\\/wp-content\\\/uploads\\\/2021\\\/04\\\/logo-retina.png\",\"width\":280,\"height\":51,\"caption\":\"Fuentes Fidedignas\"},\"image\":{\"@id\":\"https:\\\/\\\/fuentesfidedignas.com.mx\\\/#\\\/schema\\\/logo\\\/image\\\/\"},\"sameAs\":[\"https:\\\/\\\/www.facebook.com\\\/Fuentes-Fidedignas-368234489921644\",\"https:\\\/\\\/x.com\\\/fidedignas\"]},{\"@type\":\"Person\",\"@id\":\"https:\\\/\\\/fuentesfidedignas.com.mx\\\/#\\\/schema\\\/person\\\/331be9283d37198e2acd5750279085b0\",\"name\":\"Redacci\u00f3n\",\"image\":{\"@type\":\"ImageObject\",\"inLanguage\":\"es\",\"@id\":\"https:\\\/\\\/secure.gravatar.com\\\/avatar\\\/f6d8782c11d12b2d4ad3fbb6931aeab5309937a4d6cd2fc9cfaa28a6396a5aec?s=96&d=mm&r=g\",\"url\":\"https:\\\/\\\/secure.gravatar.com\\\/avatar\\\/f6d8782c11d12b2d4ad3fbb6931aeab5309937a4d6cd2fc9cfaa28a6396a5aec?s=96&d=mm&r=g\",\"contentUrl\":\"https:\\\/\\\/secure.gravatar.com\\\/avatar\\\/f6d8782c11d12b2d4ad3fbb6931aeab5309937a4d6cd2fc9cfaa28a6396a5aec?s=96&d=mm&r=g\",\"caption\":\"Redacci\u00f3n\"},\"url\":\"https:\\\/\\\/fuentesfidedignas.com.mx\\\/index.php\\\/author\\\/redaccion\\\/\"}]}<\/script>\n<!-- \/ Yoast SEO plugin. -->","yoast_head_json":{"title":"Rocha ejerce violencia pol\u00edtica de g\u00e9nero contra titular de SEPyC, afirma MC - Fuentes Fidedignas","robots":{"index":"index","follow":"follow","max-snippet":"max-snippet:-1","max-image-preview":"max-image-preview:large","max-video-preview":"max-video-preview:-1"},"canonical":"https:\/\/fuentesfidedignas.com.mx\/index.php\/2022\/09\/27\/rocha-moya-ejerce-violencia-politica-de-genero-contra-titular-de-sepyc-afirma-mc\/","og_locale":"es_MX","og_type":"article","og_title":"Rocha ejerce violencia pol\u00edtica de g\u00e9nero contra titular de SEPyC, afirma MC - Fuentes Fidedignas","og_description":"Tambi\u00e9n que hay un evidente temor de integrantes del gabinete de llegar a ser humillados y se\u00f1alados p\u00fablicamente por el gobernador, se\u00f1al\u00f3 Sergio Torres Culiac\u00e1n, Sin. En Sinaloa, afirma Sergio Torres, el panorama es preocupante, el propio gobernador ejerce violencia pol\u00edtica de g\u00e9nero contra la titular de la SEPyC, a quien por tres semanas continuas, [&hellip;]","og_url":"https:\/\/fuentesfidedignas.com.mx\/index.php\/2022\/09\/27\/rocha-moya-ejerce-violencia-politica-de-genero-contra-titular-de-sepyc-afirma-mc\/","og_site_name":"Fuentes Fidedignas","article_publisher":"https:\/\/www.facebook.com\/Fuentes-Fidedignas-368234489921644","article_published_time":"2022-09-27T19:07:09+00:00","article_modified_time":"2022-09-27T23:42:44+00:00","og_image":[{"width":1600,"height":1063,"url":"https:\/\/fuentesfidedignas.com.mx\/wp-content\/uploads\/2022\/09\/torres-3.jpg","type":"image\/jpeg"}],"author":"Redacci\u00f3n","twitter_card":"summary_large_image","twitter_creator":"@fidedignas","twitter_site":"@fidedignas","twitter_misc":{"Escrito por":"Redacci\u00f3n","Tiempo de lectura":"2 minutos"},"schema":{"@context":"https:\/\/schema.org","@graph":[{"@type":"Article","@id":"https:\/\/fuentesfidedignas.com.mx\/index.php\/2022\/09\/27\/rocha-moya-ejerce-violencia-politica-de-genero-contra-titular-de-sepyc-afirma-mc\/#article","isPartOf":{"@id":"https:\/\/fuentesfidedignas.com.mx\/index.php\/2022\/09\/27\/rocha-moya-ejerce-violencia-politica-de-genero-contra-titular-de-sepyc-afirma-mc\/"},"author":{"name":"Redacci\u00f3n","@id":"https:\/\/fuentesfidedignas.com.mx\/#\/schema\/person\/331be9283d37198e2acd5750279085b0"},"headline":"Rocha ejerce violencia pol\u00edtica de g\u00e9nero contra titular de SEPyC, afirma MC","datePublished":"2022-09-27T19:07:09+00:00","dateModified":"2022-09-27T23:42:44+00:00","mainEntityOfPage":{"@id":"https:\/\/fuentesfidedignas.com.mx\/index.php\/2022\/09\/27\/rocha-moya-ejerce-violencia-politica-de-genero-contra-titular-de-sepyc-afirma-mc\/"},"wordCount":446,"commentCount":0,"publisher":{"@id":"https:\/\/fuentesfidedignas.com.mx\/#organization"},"image":{"@id":"https:\/\/fuentesfidedignas.com.mx\/index.php\/2022\/09\/27\/rocha-moya-ejerce-violencia-politica-de-genero-contra-titular-de-sepyc-afirma-mc\/#primaryimage"},"thumbnailUrl":"https:\/\/fuentesfidedignas.com.mx\/wp-content\/uploads\/2022\/09\/torres-3.jpg","articleSection":["NOTA PRINCIPAL"],"inLanguage":"es","potentialAction":[{"@type":"CommentAction","name":"Comment","target":["https:\/\/fuentesfidedignas.com.mx\/index.php\/2022\/09\/27\/rocha-moya-ejerce-violencia-politica-de-genero-contra-titular-de-sepyc-afirma-mc\/#respond"]}]},{"@type":"WebPage","@id":"https:\/\/fuentesfidedignas.com.mx\/index.php\/2022\/09\/27\/rocha-moya-ejerce-violencia-politica-de-genero-contra-titular-de-sepyc-afirma-mc\/","url":"https:\/\/fuentesfidedignas.com.mx\/index.php\/2022\/09\/27\/rocha-moya-ejerce-violencia-politica-de-genero-contra-titular-de-sepyc-afirma-mc\/","name":"Rocha ejerce violencia pol\u00edtica de g\u00e9nero contra titular de SEPyC, afirma MC - Fuentes Fidedignas","isPartOf":{"@id":"https:\/\/fuentesfidedignas.com.mx\/#website"},"primaryImageOfPage":{"@id":"https:\/\/fuentesfidedignas.com.mx\/index.php\/2022\/09\/27\/rocha-moya-ejerce-violencia-politica-de-genero-contra-titular-de-sepyc-afirma-mc\/#primaryimage"},"image":{"@id":"https:\/\/fuentesfidedignas.com.mx\/index.php\/2022\/09\/27\/rocha-moya-ejerce-violencia-politica-de-genero-contra-titular-de-sepyc-afirma-mc\/#primaryimage"},"thumbnailUrl":"https:\/\/fuentesfidedignas.com.mx\/wp-content\/uploads\/2022\/09\/torres-3.jpg","datePublished":"2022-09-27T19:07:09+00:00","dateModified":"2022-09-27T23:42:44+00:00","breadcrumb":{"@id":"https:\/\/fuentesfidedignas.com.mx\/index.php\/2022\/09\/27\/rocha-moya-ejerce-violencia-politica-de-genero-contra-titular-de-sepyc-afirma-mc\/#breadcrumb"},"inLanguage":"es","potentialAction":[{"@type":"ReadAction","target":["https:\/\/fuentesfidedignas.com.mx\/index.php\/2022\/09\/27\/rocha-moya-ejerce-violencia-politica-de-genero-contra-titular-de-sepyc-afirma-mc\/"]}]},{"@type":"ImageObject","inLanguage":"es","@id":"https:\/\/fuentesfidedignas.com.mx\/index.php\/2022\/09\/27\/rocha-moya-ejerce-violencia-politica-de-genero-contra-titular-de-sepyc-afirma-mc\/#primaryimage","url":"https:\/\/fuentesfidedignas.com.mx\/wp-content\/uploads\/2022\/09\/torres-3.jpg","contentUrl":"https:\/\/fuentesfidedignas.com.mx\/wp-content\/uploads\/2022\/09\/torres-3.jpg","width":1600,"height":1063},{"@type":"BreadcrumbList","@id":"https:\/\/fuentesfidedignas.com.mx\/index.php\/2022\/09\/27\/rocha-moya-ejerce-violencia-politica-de-genero-contra-titular-de-sepyc-afirma-mc\/#breadcrumb","itemListElement":[{"@type":"ListItem","position":1,"name":"Inicio","item":"https:\/\/fuentesfidedignas.com.mx\/"},{"@type":"ListItem","position":2,"name":"Rocha ejerce violencia pol\u00edtica de g\u00e9nero contra titular de SEPyC, afirma MC"}]},{"@type":"WebSite","@id":"https:\/\/fuentesfidedignas.com.mx\/#website","url":"https:\/\/fuentesfidedignas.com.mx\/","name":"Fuentes Fidedignas","description":"Otro sitio realizado con WordPress","publisher":{"@id":"https:\/\/fuentesfidedignas.com.mx\/#organization"},"potentialAction":[{"@type":"SearchAction","target":{"@type":"EntryPoint","urlTemplate":"https:\/\/fuentesfidedignas.com.mx\/?s={search_term_string}"},"query-input":{"@type":"PropertyValueSpecification","valueRequired":true,"valueName":"search_term_string"}}],"inLanguage":"es"},{"@type":"Organization","@id":"https:\/\/fuentesfidedignas.com.mx\/#organization","name":"Fuentes Fidedignas","url":"https:\/\/fuentesfidedignas.com.mx\/","logo":{"@type":"ImageObject","inLanguage":"es","@id":"https:\/\/fuentesfidedignas.com.mx\/#\/schema\/logo\/image\/","url":"https:\/\/fuentesfidedignas.com.mx\/wp-content\/uploads\/2021\/04\/logo-retina.png","contentUrl":"https:\/\/fuentesfidedignas.com.mx\/wp-content\/uploads\/2021\/04\/logo-retina.png","width":280,"height":51,"caption":"Fuentes Fidedignas"},"image":{"@id":"https:\/\/fuentesfidedignas.com.mx\/#\/schema\/logo\/image\/"},"sameAs":["https:\/\/www.facebook.com\/Fuentes-Fidedignas-368234489921644","https:\/\/x.com\/fidedignas"]},{"@type":"Person","@id":"https:\/\/fuentesfidedignas.com.mx\/#\/schema\/person\/331be9283d37198e2acd5750279085b0","name":"Redacci\u00f3n","image":{"@type":"ImageObject","inLanguage":"es","@id":"https:\/\/secure.gravatar.com\/avatar\/f6d8782c11d12b2d4ad3fbb6931aeab5309937a4d6cd2fc9cfaa28a6396a5aec?s=96&d=mm&r=g","url":"https:\/\/secure.gravatar.com\/avatar\/f6d8782c11d12b2d4ad3fbb6931aeab5309937a4d6cd2fc9cfaa28a6396a5aec?s=96&d=mm&r=g","contentUrl":"https:\/\/secure.gravatar.com\/avatar\/f6d8782c11d12b2d4ad3fbb6931aeab5309937a4d6cd2fc9cfaa28a6396a5aec?s=96&d=mm&r=g","caption":"Redacci\u00f3n"},"url":"https:\/\/fuentesfidedignas.com.mx\/index.php\/author\/redaccion\/"}]}},"_links":{"self":[{"href":"https:\/\/fuentesfidedignas.com.mx\/index.php\/wp-json\/wp\/v2\/posts\/43353","targetHints":{"allow":["GET"]}}],"collection":[{"href":"https:\/\/fuentesfidedignas.com.mx\/index.php\/wp-json\/wp\/v2\/posts"}],"about":[{"href":"https:\/\/fuentesfidedignas.com.mx\/index.php\/wp-json\/wp\/v2\/types\/post"}],"author":[{"embeddable":true,"href":"https:\/\/fuentesfidedignas.com.mx\/index.php\/wp-json\/wp\/v2\/users\/4"}],"replies":[{"embeddable":true,"href":"https:\/\/fuentesfidedignas.com.mx\/index.php\/wp-json\/wp\/v2\/comments?post=43353"}],"version-history":[{"count":2,"href":"https:\/\/fuentesfidedignas.com.mx\/index.php\/wp-json\/wp\/v2\/posts\/43353\/revisions"}],"predecessor-version":[{"id":43387,"href":"https:\/\/fuentesfidedignas.com.mx\/index.php\/wp-json\/wp\/v2\/posts\/43353\/revisions\/43387"}],"wp:featuredmedia":[{"embeddable":true,"href":"https:\/\/fuentesfidedignas.com.mx\/index.php\/wp-json\/wp\/v2\/media\/43354"}],"wp:attachment":[{"href":"https:\/\/fuentesfidedignas.com.mx\/index.php\/wp-json\/wp\/v2\/media?parent=43353"}],"wp:term":[{"taxonomy":"category","embeddable":true,"href":"https:\/\/fuentesfidedignas.com.mx\/index.php\/wp-json\/wp\/v2\/categories?post=43353"},{"taxonomy":"post_tag","embeddable":true,"href":"https:\/\/fuentesfidedignas.com.mx\/index.php\/wp-json\/wp\/v2\/tags?post=43353"}],"curies":[{"name":"wp","href":"https:\/\/api.w.org\/{rel}","templated":true}]}}