{"id":43343,"date":"2022-09-27T11:12:15","date_gmt":"2022-09-27T17:12:15","guid":{"rendered":"https:\/\/fuentesfidedignas.com.mx\/?p=43343"},"modified":"2022-09-27T11:12:17","modified_gmt":"2022-09-27T17:12:17","slug":"mario-zamora-propone-que-no-se-paguen-las-coutas-de-peajes-en-carreteras-danadas","status":"publish","type":"post","link":"https:\/\/fuentesfidedignas.com.mx\/index.php\/2022\/09\/27\/mario-zamora-propone-que-no-se-paguen-las-coutas-de-peajes-en-carreteras-danadas\/","title":{"rendered":"Mario Zamora propone que no se paguen las coutas de peajes en carreteras da\u00f1adas"},"content":{"rendered":"\n<p><em><strong>El senador mochitense se\u00f1al\u00f3 que es importante que el Gobierno Federal invierta en el mantenimiento y reparaci\u00f3n de carreteras y autopistas; ya que las malas condiciones tambi\u00e9n generar accidentes, incluso mortales<\/strong><\/em><\/p>\n\n\n\n<p>Ciudad de M\u00e9xico.- Durante la sesi\u00f3n de este mi\u00e9rcoles, <strong>Mario Zamora<\/strong> destac\u00f3 la importancia de mantener la infraestructura carretera en \u00f3ptimas condiciones, ya que ello impulsa el desarrollo socioecon\u00f3mico e integraci\u00f3n regional, as\u00ed como previene accidentes en las mismas. Detall\u00f3 que, en Sinaloa la red carretera permite interconectar al estado con Nayarit, Sonora y Durango; en donde transitan miles de sinaloenses para realizar sus actividades o trasladar sus mercanc\u00edas.<\/p>\n\n\n\n<p>Se\u00f1al\u00f3 que la red de carreteras que circulan en el estado es de aproximadamente 17,009 kms, siendo las principales carreteras federales que recorren el estado la <strong>Carretera Federal 15, Carretera Federal 15D, Carretera Federal 24, Carretera Federal 40 y Carretera Federal 40D.<\/strong><\/p>\n\n\n\n<p>Expuso que los recursos asignados para el mantenimiento de la infraestructura carretera no son suficientes para lo que viven a diario los sinaloenses; en suma a la temporada de lluvias que agudizan las afectaciones de las carreteras como el caso de la autopista \u201cBenito Ju\u00e1rez\u201d, la carretera a <strong>Mojolo, la Guam\u00fachil-Angostura y la autopista Mazatl\u00e1n-Culiac\u00e1n<\/strong>.<\/p>\n\n\n\n<p>Este \u00faltimo tramo, despu\u00e9s del paso del fen\u00f3meno meteorol\u00f3gico Nora, usuarios se han manifestado por los da\u00f1os visibles y que demerita la seguridad de la carretera, as\u00ed como la velocidad de cruce; adem\u00e1s, consideran que es un tramo muy caro para la calidad de la autopista.<\/p>\n\n\n\n<p>Ante ello, el Senador Zamora present\u00f3 ante el pleno un Punto de Acuerdo para exhortar a la Secretar\u00eda de Comunicaciones y Transportes a que, en conjunto con Caminos y Puentes Federales, remitan a esta soberan\u00eda un informe detallado sobre el estado que guarda la Red de Carreteras en el Estado de Sinaloa; as\u00ed como para que emitan un programa emergente, que exente el pago de peaje en carreteras y autopistas del pa\u00eds que est\u00e9n da\u00f1adas hasta en tanto no sean reparadas y difundan la cobertura de los seguros a los que tienen derecho los usuarios,.<\/p>\n\n\n\n<p>Finalmente, el legislador sinaloense, pidi\u00f3 a la Comisi\u00f3n de Presupuesto y Cuenta P\u00fablica de la C\u00e1mara de Diputados, a que consideren un incremento en la partida presupuestal para el mantenimiento y conservaci\u00f3n de carreteras durante su an\u00e1lisis del Presupuesto de Egresos de la Federaci\u00f3n 2023.<\/p>\n","protected":false},"excerpt":{"rendered":"<p>El senador mochitense se\u00f1al\u00f3 que es importante que el Gobierno Federal invierta en el mantenimiento y reparaci\u00f3n de carreteras y autopistas; ya que las malas condiciones tambi\u00e9n generar accidentes, incluso mortales Ciudad de M\u00e9xico.- Durante la sesi\u00f3n de este mi\u00e9rcoles, Mario Zamora destac\u00f3 la importancia de mantener la infraestructura carretera en \u00f3ptimas condiciones, ya que [&hellip;]<\/p>\n","protected":false},"author":4,"featured_media":43344,"comment_status":"open","ping_status":"open","sticky":false,"template":"","format":"standard","meta":{"tdm_status":"","tdm_grid_status":"","footnotes":""},"categories":[37],"tags":[],"class_list":{"0":"post-43343","1":"post","2":"type-post","3":"status-publish","4":"format-standard","5":"has-post-thumbnail","7":"category-nota-principal"},"yoast_head":"<!-- This site is optimized with the Yoast SEO plugin v27.5 - https:\/\/yoast.com\/product\/yoast-seo-wordpress\/ -->\n<title>Mario Zamora propone que no se paguen las coutas de peajes en carreteras da\u00f1adas - Fuentes Fidedignas<\/title>\n<meta name=\"robots\" content=\"index, follow, max-snippet:-1, max-image-preview:large, max-video-preview:-1\" \/>\n<link rel=\"canonical\" href=\"https:\/\/fuentesfidedignas.com.mx\/index.php\/2022\/09\/27\/mario-zamora-propone-que-no-se-paguen-las-coutas-de-peajes-en-carreteras-danadas\/\" \/>\n<meta property=\"og:locale\" content=\"es_MX\" \/>\n<meta property=\"og:type\" content=\"article\" \/>\n<meta property=\"og:title\" content=\"Mario Zamora propone que no se paguen las coutas de peajes en carreteras da\u00f1adas - Fuentes Fidedignas\" \/>\n<meta property=\"og:description\" content=\"El senador mochitense se\u00f1al\u00f3 que es importante que el Gobierno Federal invierta en el mantenimiento y reparaci\u00f3n de carreteras y autopistas; ya que las malas condiciones tambi\u00e9n generar accidentes, incluso mortales Ciudad de M\u00e9xico.- Durante la sesi\u00f3n de este mi\u00e9rcoles, Mario Zamora destac\u00f3 la importancia de mantener la infraestructura carretera en \u00f3ptimas condiciones, ya que [&hellip;]\" \/>\n<meta property=\"og:url\" content=\"https:\/\/fuentesfidedignas.com.mx\/index.php\/2022\/09\/27\/mario-zamora-propone-que-no-se-paguen-las-coutas-de-peajes-en-carreteras-danadas\/\" \/>\n<meta property=\"og:site_name\" content=\"Fuentes Fidedignas\" \/>\n<meta property=\"article:publisher\" content=\"https:\/\/www.facebook.com\/Fuentes-Fidedignas-368234489921644\" \/>\n<meta property=\"article:published_time\" content=\"2022-09-27T17:12:15+00:00\" \/>\n<meta property=\"article:modified_time\" content=\"2022-09-27T17:12:17+00:00\" \/>\n<meta property=\"og:image\" content=\"https:\/\/fuentesfidedignas.com.mx\/wp-content\/uploads\/2022\/09\/zamora.jpg\" \/>\n\t<meta property=\"og:image:width\" content=\"892\" \/>\n\t<meta property=\"og:image:height\" content=\"666\" \/>\n\t<meta property=\"og:image:type\" content=\"image\/jpeg\" \/>\n<meta name=\"author\" content=\"Redacci\u00f3n\" \/>\n<meta name=\"twitter:card\" content=\"summary_large_image\" \/>\n<meta name=\"twitter:creator\" content=\"@fidedignas\" \/>\n<meta name=\"twitter:site\" content=\"@fidedignas\" \/>\n<meta name=\"twitter:label1\" content=\"Escrito por\" \/>\n\t<meta name=\"twitter:data1\" content=\"Redacci\u00f3n\" \/>\n\t<meta name=\"twitter:label2\" content=\"Tiempo de lectura\" \/>\n\t<meta name=\"twitter:data2\" content=\"2 minutos\" \/>\n<script type=\"application\/ld+json\" class=\"yoast-schema-graph\">{\"@context\":\"https:\\\/\\\/schema.org\",\"@graph\":[{\"@type\":\"Article\",\"@id\":\"https:\\\/\\\/fuentesfidedignas.com.mx\\\/index.php\\\/2022\\\/09\\\/27\\\/mario-zamora-propone-que-no-se-paguen-las-coutas-de-peajes-en-carreteras-danadas\\\/#article\",\"isPartOf\":{\"@id\":\"https:\\\/\\\/fuentesfidedignas.com.mx\\\/index.php\\\/2022\\\/09\\\/27\\\/mario-zamora-propone-que-no-se-paguen-las-coutas-de-peajes-en-carreteras-danadas\\\/\"},\"author\":{\"name\":\"Redacci\u00f3n\",\"@id\":\"https:\\\/\\\/fuentesfidedignas.com.mx\\\/#\\\/schema\\\/person\\\/331be9283d37198e2acd5750279085b0\"},\"headline\":\"Mario Zamora propone que no se paguen las coutas de peajes en carreteras da\u00f1adas\",\"datePublished\":\"2022-09-27T17:12:15+00:00\",\"dateModified\":\"2022-09-27T17:12:17+00:00\",\"mainEntityOfPage\":{\"@id\":\"https:\\\/\\\/fuentesfidedignas.com.mx\\\/index.php\\\/2022\\\/09\\\/27\\\/mario-zamora-propone-que-no-se-paguen-las-coutas-de-peajes-en-carreteras-danadas\\\/\"},\"wordCount\":424,\"commentCount\":0,\"publisher\":{\"@id\":\"https:\\\/\\\/fuentesfidedignas.com.mx\\\/#organization\"},\"image\":{\"@id\":\"https:\\\/\\\/fuentesfidedignas.com.mx\\\/index.php\\\/2022\\\/09\\\/27\\\/mario-zamora-propone-que-no-se-paguen-las-coutas-de-peajes-en-carreteras-danadas\\\/#primaryimage\"},\"thumbnailUrl\":\"https:\\\/\\\/fuentesfidedignas.com.mx\\\/wp-content\\\/uploads\\\/2022\\\/09\\\/zamora.jpg\",\"articleSection\":[\"NOTA PRINCIPAL\"],\"inLanguage\":\"es\",\"potentialAction\":[{\"@type\":\"CommentAction\",\"name\":\"Comment\",\"target\":[\"https:\\\/\\\/fuentesfidedignas.com.mx\\\/index.php\\\/2022\\\/09\\\/27\\\/mario-zamora-propone-que-no-se-paguen-las-coutas-de-peajes-en-carreteras-danadas\\\/#respond\"]}]},{\"@type\":\"WebPage\",\"@id\":\"https:\\\/\\\/fuentesfidedignas.com.mx\\\/index.php\\\/2022\\\/09\\\/27\\\/mario-zamora-propone-que-no-se-paguen-las-coutas-de-peajes-en-carreteras-danadas\\\/\",\"url\":\"https:\\\/\\\/fuentesfidedignas.com.mx\\\/index.php\\\/2022\\\/09\\\/27\\\/mario-zamora-propone-que-no-se-paguen-las-coutas-de-peajes-en-carreteras-danadas\\\/\",\"name\":\"Mario Zamora propone que no se paguen las coutas de peajes en carreteras da\u00f1adas - Fuentes Fidedignas\",\"isPartOf\":{\"@id\":\"https:\\\/\\\/fuentesfidedignas.com.mx\\\/#website\"},\"primaryImageOfPage\":{\"@id\":\"https:\\\/\\\/fuentesfidedignas.com.mx\\\/index.php\\\/2022\\\/09\\\/27\\\/mario-zamora-propone-que-no-se-paguen-las-coutas-de-peajes-en-carreteras-danadas\\\/#primaryimage\"},\"image\":{\"@id\":\"https:\\\/\\\/fuentesfidedignas.com.mx\\\/index.php\\\/2022\\\/09\\\/27\\\/mario-zamora-propone-que-no-se-paguen-las-coutas-de-peajes-en-carreteras-danadas\\\/#primaryimage\"},\"thumbnailUrl\":\"https:\\\/\\\/fuentesfidedignas.com.mx\\\/wp-content\\\/uploads\\\/2022\\\/09\\\/zamora.jpg\",\"datePublished\":\"2022-09-27T17:12:15+00:00\",\"dateModified\":\"2022-09-27T17:12:17+00:00\",\"breadcrumb\":{\"@id\":\"https:\\\/\\\/fuentesfidedignas.com.mx\\\/index.php\\\/2022\\\/09\\\/27\\\/mario-zamora-propone-que-no-se-paguen-las-coutas-de-peajes-en-carreteras-danadas\\\/#breadcrumb\"},\"inLanguage\":\"es\",\"potentialAction\":[{\"@type\":\"ReadAction\",\"target\":[\"https:\\\/\\\/fuentesfidedignas.com.mx\\\/index.php\\\/2022\\\/09\\\/27\\\/mario-zamora-propone-que-no-se-paguen-las-coutas-de-peajes-en-carreteras-danadas\\\/\"]}]},{\"@type\":\"ImageObject\",\"inLanguage\":\"es\",\"@id\":\"https:\\\/\\\/fuentesfidedignas.com.mx\\\/index.php\\\/2022\\\/09\\\/27\\\/mario-zamora-propone-que-no-se-paguen-las-coutas-de-peajes-en-carreteras-danadas\\\/#primaryimage\",\"url\":\"https:\\\/\\\/fuentesfidedignas.com.mx\\\/wp-content\\\/uploads\\\/2022\\\/09\\\/zamora.jpg\",\"contentUrl\":\"https:\\\/\\\/fuentesfidedignas.com.mx\\\/wp-content\\\/uploads\\\/2022\\\/09\\\/zamora.jpg\",\"width\":892,\"height\":666},{\"@type\":\"BreadcrumbList\",\"@id\":\"https:\\\/\\\/fuentesfidedignas.com.mx\\\/index.php\\\/2022\\\/09\\\/27\\\/mario-zamora-propone-que-no-se-paguen-las-coutas-de-peajes-en-carreteras-danadas\\\/#breadcrumb\",\"itemListElement\":[{\"@type\":\"ListItem\",\"position\":1,\"name\":\"Inicio\",\"item\":\"https:\\\/\\\/fuentesfidedignas.com.mx\\\/\"},{\"@type\":\"ListItem\",\"position\":2,\"name\":\"Mario Zamora propone que no se paguen las coutas de peajes en carreteras da\u00f1adas\"}]},{\"@type\":\"WebSite\",\"@id\":\"https:\\\/\\\/fuentesfidedignas.com.mx\\\/#website\",\"url\":\"https:\\\/\\\/fuentesfidedignas.com.mx\\\/\",\"name\":\"Fuentes Fidedignas\",\"description\":\"Otro sitio realizado con WordPress\",\"publisher\":{\"@id\":\"https:\\\/\\\/fuentesfidedignas.com.mx\\\/#organization\"},\"potentialAction\":[{\"@type\":\"SearchAction\",\"target\":{\"@type\":\"EntryPoint\",\"urlTemplate\":\"https:\\\/\\\/fuentesfidedignas.com.mx\\\/?s={search_term_string}\"},\"query-input\":{\"@type\":\"PropertyValueSpecification\",\"valueRequired\":true,\"valueName\":\"search_term_string\"}}],\"inLanguage\":\"es\"},{\"@type\":\"Organization\",\"@id\":\"https:\\\/\\\/fuentesfidedignas.com.mx\\\/#organization\",\"name\":\"Fuentes Fidedignas\",\"url\":\"https:\\\/\\\/fuentesfidedignas.com.mx\\\/\",\"logo\":{\"@type\":\"ImageObject\",\"inLanguage\":\"es\",\"@id\":\"https:\\\/\\\/fuentesfidedignas.com.mx\\\/#\\\/schema\\\/logo\\\/image\\\/\",\"url\":\"https:\\\/\\\/fuentesfidedignas.com.mx\\\/wp-content\\\/uploads\\\/2021\\\/04\\\/logo-retina.png\",\"contentUrl\":\"https:\\\/\\\/fuentesfidedignas.com.mx\\\/wp-content\\\/uploads\\\/2021\\\/04\\\/logo-retina.png\",\"width\":280,\"height\":51,\"caption\":\"Fuentes Fidedignas\"},\"image\":{\"@id\":\"https:\\\/\\\/fuentesfidedignas.com.mx\\\/#\\\/schema\\\/logo\\\/image\\\/\"},\"sameAs\":[\"https:\\\/\\\/www.facebook.com\\\/Fuentes-Fidedignas-368234489921644\",\"https:\\\/\\\/x.com\\\/fidedignas\"]},{\"@type\":\"Person\",\"@id\":\"https:\\\/\\\/fuentesfidedignas.com.mx\\\/#\\\/schema\\\/person\\\/331be9283d37198e2acd5750279085b0\",\"name\":\"Redacci\u00f3n\",\"image\":{\"@type\":\"ImageObject\",\"inLanguage\":\"es\",\"@id\":\"https:\\\/\\\/secure.gravatar.com\\\/avatar\\\/f6d8782c11d12b2d4ad3fbb6931aeab5309937a4d6cd2fc9cfaa28a6396a5aec?s=96&d=mm&r=g\",\"url\":\"https:\\\/\\\/secure.gravatar.com\\\/avatar\\\/f6d8782c11d12b2d4ad3fbb6931aeab5309937a4d6cd2fc9cfaa28a6396a5aec?s=96&d=mm&r=g\",\"contentUrl\":\"https:\\\/\\\/secure.gravatar.com\\\/avatar\\\/f6d8782c11d12b2d4ad3fbb6931aeab5309937a4d6cd2fc9cfaa28a6396a5aec?s=96&d=mm&r=g\",\"caption\":\"Redacci\u00f3n\"},\"url\":\"https:\\\/\\\/fuentesfidedignas.com.mx\\\/index.php\\\/author\\\/redaccion\\\/\"}]}<\/script>\n<!-- \/ Yoast SEO plugin. -->","yoast_head_json":{"title":"Mario Zamora propone que no se paguen las coutas de peajes en carreteras da\u00f1adas - Fuentes Fidedignas","robots":{"index":"index","follow":"follow","max-snippet":"max-snippet:-1","max-image-preview":"max-image-preview:large","max-video-preview":"max-video-preview:-1"},"canonical":"https:\/\/fuentesfidedignas.com.mx\/index.php\/2022\/09\/27\/mario-zamora-propone-que-no-se-paguen-las-coutas-de-peajes-en-carreteras-danadas\/","og_locale":"es_MX","og_type":"article","og_title":"Mario Zamora propone que no se paguen las coutas de peajes en carreteras da\u00f1adas - Fuentes Fidedignas","og_description":"El senador mochitense se\u00f1al\u00f3 que es importante que el Gobierno Federal invierta en el mantenimiento y reparaci\u00f3n de carreteras y autopistas; ya que las malas condiciones tambi\u00e9n generar accidentes, incluso mortales Ciudad de M\u00e9xico.- Durante la sesi\u00f3n de este mi\u00e9rcoles, Mario Zamora destac\u00f3 la importancia de mantener la infraestructura carretera en \u00f3ptimas condiciones, ya que [&hellip;]","og_url":"https:\/\/fuentesfidedignas.com.mx\/index.php\/2022\/09\/27\/mario-zamora-propone-que-no-se-paguen-las-coutas-de-peajes-en-carreteras-danadas\/","og_site_name":"Fuentes Fidedignas","article_publisher":"https:\/\/www.facebook.com\/Fuentes-Fidedignas-368234489921644","article_published_time":"2022-09-27T17:12:15+00:00","article_modified_time":"2022-09-27T17:12:17+00:00","og_image":[{"width":892,"height":666,"url":"https:\/\/fuentesfidedignas.com.mx\/wp-content\/uploads\/2022\/09\/zamora.jpg","type":"image\/jpeg"}],"author":"Redacci\u00f3n","twitter_card":"summary_large_image","twitter_creator":"@fidedignas","twitter_site":"@fidedignas","twitter_misc":{"Escrito por":"Redacci\u00f3n","Tiempo de lectura":"2 minutos"},"schema":{"@context":"https:\/\/schema.org","@graph":[{"@type":"Article","@id":"https:\/\/fuentesfidedignas.com.mx\/index.php\/2022\/09\/27\/mario-zamora-propone-que-no-se-paguen-las-coutas-de-peajes-en-carreteras-danadas\/#article","isPartOf":{"@id":"https:\/\/fuentesfidedignas.com.mx\/index.php\/2022\/09\/27\/mario-zamora-propone-que-no-se-paguen-las-coutas-de-peajes-en-carreteras-danadas\/"},"author":{"name":"Redacci\u00f3n","@id":"https:\/\/fuentesfidedignas.com.mx\/#\/schema\/person\/331be9283d37198e2acd5750279085b0"},"headline":"Mario Zamora propone que no se paguen las coutas de peajes en carreteras da\u00f1adas","datePublished":"2022-09-27T17:12:15+00:00","dateModified":"2022-09-27T17:12:17+00:00","mainEntityOfPage":{"@id":"https:\/\/fuentesfidedignas.com.mx\/index.php\/2022\/09\/27\/mario-zamora-propone-que-no-se-paguen-las-coutas-de-peajes-en-carreteras-danadas\/"},"wordCount":424,"commentCount":0,"publisher":{"@id":"https:\/\/fuentesfidedignas.com.mx\/#organization"},"image":{"@id":"https:\/\/fuentesfidedignas.com.mx\/index.php\/2022\/09\/27\/mario-zamora-propone-que-no-se-paguen-las-coutas-de-peajes-en-carreteras-danadas\/#primaryimage"},"thumbnailUrl":"https:\/\/fuentesfidedignas.com.mx\/wp-content\/uploads\/2022\/09\/zamora.jpg","articleSection":["NOTA PRINCIPAL"],"inLanguage":"es","potentialAction":[{"@type":"CommentAction","name":"Comment","target":["https:\/\/fuentesfidedignas.com.mx\/index.php\/2022\/09\/27\/mario-zamora-propone-que-no-se-paguen-las-coutas-de-peajes-en-carreteras-danadas\/#respond"]}]},{"@type":"WebPage","@id":"https:\/\/fuentesfidedignas.com.mx\/index.php\/2022\/09\/27\/mario-zamora-propone-que-no-se-paguen-las-coutas-de-peajes-en-carreteras-danadas\/","url":"https:\/\/fuentesfidedignas.com.mx\/index.php\/2022\/09\/27\/mario-zamora-propone-que-no-se-paguen-las-coutas-de-peajes-en-carreteras-danadas\/","name":"Mario Zamora propone que no se paguen las coutas de peajes en carreteras da\u00f1adas - Fuentes Fidedignas","isPartOf":{"@id":"https:\/\/fuentesfidedignas.com.mx\/#website"},"primaryImageOfPage":{"@id":"https:\/\/fuentesfidedignas.com.mx\/index.php\/2022\/09\/27\/mario-zamora-propone-que-no-se-paguen-las-coutas-de-peajes-en-carreteras-danadas\/#primaryimage"},"image":{"@id":"https:\/\/fuentesfidedignas.com.mx\/index.php\/2022\/09\/27\/mario-zamora-propone-que-no-se-paguen-las-coutas-de-peajes-en-carreteras-danadas\/#primaryimage"},"thumbnailUrl":"https:\/\/fuentesfidedignas.com.mx\/wp-content\/uploads\/2022\/09\/zamora.jpg","datePublished":"2022-09-27T17:12:15+00:00","dateModified":"2022-09-27T17:12:17+00:00","breadcrumb":{"@id":"https:\/\/fuentesfidedignas.com.mx\/index.php\/2022\/09\/27\/mario-zamora-propone-que-no-se-paguen-las-coutas-de-peajes-en-carreteras-danadas\/#breadcrumb"},"inLanguage":"es","potentialAction":[{"@type":"ReadAction","target":["https:\/\/fuentesfidedignas.com.mx\/index.php\/2022\/09\/27\/mario-zamora-propone-que-no-se-paguen-las-coutas-de-peajes-en-carreteras-danadas\/"]}]},{"@type":"ImageObject","inLanguage":"es","@id":"https:\/\/fuentesfidedignas.com.mx\/index.php\/2022\/09\/27\/mario-zamora-propone-que-no-se-paguen-las-coutas-de-peajes-en-carreteras-danadas\/#primaryimage","url":"https:\/\/fuentesfidedignas.com.mx\/wp-content\/uploads\/2022\/09\/zamora.jpg","contentUrl":"https:\/\/fuentesfidedignas.com.mx\/wp-content\/uploads\/2022\/09\/zamora.jpg","width":892,"height":666},{"@type":"BreadcrumbList","@id":"https:\/\/fuentesfidedignas.com.mx\/index.php\/2022\/09\/27\/mario-zamora-propone-que-no-se-paguen-las-coutas-de-peajes-en-carreteras-danadas\/#breadcrumb","itemListElement":[{"@type":"ListItem","position":1,"name":"Inicio","item":"https:\/\/fuentesfidedignas.com.mx\/"},{"@type":"ListItem","position":2,"name":"Mario Zamora propone que no se paguen las coutas de peajes en carreteras da\u00f1adas"}]},{"@type":"WebSite","@id":"https:\/\/fuentesfidedignas.com.mx\/#website","url":"https:\/\/fuentesfidedignas.com.mx\/","name":"Fuentes Fidedignas","description":"Otro sitio realizado con WordPress","publisher":{"@id":"https:\/\/fuentesfidedignas.com.mx\/#organization"},"potentialAction":[{"@type":"SearchAction","target":{"@type":"EntryPoint","urlTemplate":"https:\/\/fuentesfidedignas.com.mx\/?s={search_term_string}"},"query-input":{"@type":"PropertyValueSpecification","valueRequired":true,"valueName":"search_term_string"}}],"inLanguage":"es"},{"@type":"Organization","@id":"https:\/\/fuentesfidedignas.com.mx\/#organization","name":"Fuentes Fidedignas","url":"https:\/\/fuentesfidedignas.com.mx\/","logo":{"@type":"ImageObject","inLanguage":"es","@id":"https:\/\/fuentesfidedignas.com.mx\/#\/schema\/logo\/image\/","url":"https:\/\/fuentesfidedignas.com.mx\/wp-content\/uploads\/2021\/04\/logo-retina.png","contentUrl":"https:\/\/fuentesfidedignas.com.mx\/wp-content\/uploads\/2021\/04\/logo-retina.png","width":280,"height":51,"caption":"Fuentes Fidedignas"},"image":{"@id":"https:\/\/fuentesfidedignas.com.mx\/#\/schema\/logo\/image\/"},"sameAs":["https:\/\/www.facebook.com\/Fuentes-Fidedignas-368234489921644","https:\/\/x.com\/fidedignas"]},{"@type":"Person","@id":"https:\/\/fuentesfidedignas.com.mx\/#\/schema\/person\/331be9283d37198e2acd5750279085b0","name":"Redacci\u00f3n","image":{"@type":"ImageObject","inLanguage":"es","@id":"https:\/\/secure.gravatar.com\/avatar\/f6d8782c11d12b2d4ad3fbb6931aeab5309937a4d6cd2fc9cfaa28a6396a5aec?s=96&d=mm&r=g","url":"https:\/\/secure.gravatar.com\/avatar\/f6d8782c11d12b2d4ad3fbb6931aeab5309937a4d6cd2fc9cfaa28a6396a5aec?s=96&d=mm&r=g","contentUrl":"https:\/\/secure.gravatar.com\/avatar\/f6d8782c11d12b2d4ad3fbb6931aeab5309937a4d6cd2fc9cfaa28a6396a5aec?s=96&d=mm&r=g","caption":"Redacci\u00f3n"},"url":"https:\/\/fuentesfidedignas.com.mx\/index.php\/author\/redaccion\/"}]}},"_links":{"self":[{"href":"https:\/\/fuentesfidedignas.com.mx\/index.php\/wp-json\/wp\/v2\/posts\/43343","targetHints":{"allow":["GET"]}}],"collection":[{"href":"https:\/\/fuentesfidedignas.com.mx\/index.php\/wp-json\/wp\/v2\/posts"}],"about":[{"href":"https:\/\/fuentesfidedignas.com.mx\/index.php\/wp-json\/wp\/v2\/types\/post"}],"author":[{"embeddable":true,"href":"https:\/\/fuentesfidedignas.com.mx\/index.php\/wp-json\/wp\/v2\/users\/4"}],"replies":[{"embeddable":true,"href":"https:\/\/fuentesfidedignas.com.mx\/index.php\/wp-json\/wp\/v2\/comments?post=43343"}],"version-history":[{"count":1,"href":"https:\/\/fuentesfidedignas.com.mx\/index.php\/wp-json\/wp\/v2\/posts\/43343\/revisions"}],"predecessor-version":[{"id":43345,"href":"https:\/\/fuentesfidedignas.com.mx\/index.php\/wp-json\/wp\/v2\/posts\/43343\/revisions\/43345"}],"wp:featuredmedia":[{"embeddable":true,"href":"https:\/\/fuentesfidedignas.com.mx\/index.php\/wp-json\/wp\/v2\/media\/43344"}],"wp:attachment":[{"href":"https:\/\/fuentesfidedignas.com.mx\/index.php\/wp-json\/wp\/v2\/media?parent=43343"}],"wp:term":[{"taxonomy":"category","embeddable":true,"href":"https:\/\/fuentesfidedignas.com.mx\/index.php\/wp-json\/wp\/v2\/categories?post=43343"},{"taxonomy":"post_tag","embeddable":true,"href":"https:\/\/fuentesfidedignas.com.mx\/index.php\/wp-json\/wp\/v2\/tags?post=43343"}],"curies":[{"name":"wp","href":"https:\/\/api.w.org\/{rel}","templated":true}]}}