{"id":43339,"date":"2022-09-27T10:26:40","date_gmt":"2022-09-27T16:26:40","guid":{"rendered":"https:\/\/fuentesfidedignas.com.mx\/?p=43339"},"modified":"2022-09-27T10:28:40","modified_gmt":"2022-09-27T16:28:40","slug":"fiscal-para-el-caso-ayotzinapa-omar-gomez-presento-su-renuncia","status":"publish","type":"post","link":"https:\/\/fuentesfidedignas.com.mx\/index.php\/2022\/09\/27\/fiscal-para-el-caso-ayotzinapa-omar-gomez-presento-su-renuncia\/","title":{"rendered":"El fiscal para el caso Ayotzinapa, Omar G\u00f3mez, presenta su renuncia"},"content":{"rendered":"\n<p><strong><em>Fuentes federales confirmaron que fue presentada el pasado 15 de septiembre y ocurri\u00f3 luego de que fueron solicitadas diversas \u00f3rdenes de aprehensi\u00f3n sin su conocimiento<\/em><\/strong><\/p>\n\n\n\n<p>Guerrero.- Omar G\u00f3mez Trejo, titular de la Unidad Especial de Investigaci\u00f3n y Litigaci\u00f3n para el Caso Ayotzinapa, present\u00f3 su renuncia al cargo para ser efectiva a partir del pr\u00f3ximo 1 de octubre.<\/p>\n\n\n\n<p>Fuentes federales confirmaron que la renuncia del fiscal, presentada el pasado 15 de septiembre, ocurri\u00f3 luego de que fueron solicitadas diversas \u00f3rdenes de aprehensi\u00f3n sin su conocimiento.<\/p>\n\n\n\n<p>Ayer, se cumplieron ocho a\u00f1os de la desaparici\u00f3n de los 43 normalistas de Ayotzinapa en medio de reclamos por parte de los padres de los j\u00f3venes por el desistimiento de la Fiscal\u00eda General de la Rep\u00fablica (FGR) de 21 \u00f3rdenes de aprehensi\u00f3n contra elementos militares de los batallones 27 y 41 de Iguala, Guerrero y contra el exprocurador estatal, I\u00f1aki Blanco; la expresidenta del Tribunal Superior de Justicia y el ex secretario de Seguridad Estatal, Leonardo V\u00e1zquez P\u00e9rez.<\/p>\n\n\n\n<p><strong>AMLO confirma renuncia de fiscal especial del caso Ayotzinapa: &#8220;hubo diferencias&#8221;<\/strong><\/p>\n\n\n\n<p>El mandatario afirm\u00f3 que apoya que hayan sacado las \u00f3rdenes de aprehensi\u00f3n de acuerdo con lo que establece el informe de la Comisi\u00f3n para la Verdad y Acceso a la Justicia en el caso Ayotzinapa (Covaj-Ayotzinapa), resultado del trabajo del subsecretario de Derechos Humanos.<\/p>\n\n\n\n<p>El fiscal especial para el caso Ayotzinapa se va porque no estuvo de acuerdo con los procedimientos que se hicieron para aprobar las ordenes de aprehensi\u00f3n, hubo diferencias en eso\u201d, asegur\u00f3 el presidente Andr\u00e9s Manuel L\u00f3pez Obrador sobre la renuncia de Omar G\u00f3mez Trejo.<\/p>\n\n\n\n<p>El mandatario afirm\u00f3 que apoya que hayan sacado las \u00f3rdenes de aprehensi\u00f3n de acuerdo con lo que establece el informe de la Comisi\u00f3n para la Verdad y Acceso a la Justicia en el caso Ayotzinapa (Covaj-Ayotzinapa), resultado del trabajo del subsecretario de Derechos Humanos, Alejandro Encinas.&nbsp;<\/p>\n\n\n\n<p>Omar G\u00f3mez Trejo, titular de la Unidad Especial de Investigaci\u00f3n y Litigaci\u00f3n para el Caso Ayotzinapa, present\u00f3 su renuncia al cargo para ser efectiva a partir del pr\u00f3ximo 1 de octubre.<\/p>\n\n\n\n<p>La renuncia del fiscal, presentada el pasado 15 de septiembre, ocurri\u00f3 luego de que fueron solicitadas diversas \u00f3rdenes de aprehensi\u00f3n sin su conocimiento.<\/p>\n","protected":false},"excerpt":{"rendered":"<p>Fuentes federales confirmaron que fue presentada el pasado 15 de septiembre y ocurri\u00f3 luego de que fueron solicitadas diversas \u00f3rdenes de aprehensi\u00f3n sin su conocimiento Guerrero.- Omar G\u00f3mez Trejo, titular de la Unidad Especial de Investigaci\u00f3n y Litigaci\u00f3n para el Caso Ayotzinapa, present\u00f3 su renuncia al cargo para ser efectiva a partir del pr\u00f3ximo 1 [&hellip;]<\/p>\n","protected":false},"author":50,"featured_media":43340,"comment_status":"open","ping_status":"open","sticky":false,"template":"","format":"standard","meta":{"tdm_status":"","tdm_grid_status":"","footnotes":""},"categories":[39],"tags":[],"class_list":{"0":"post-43339","1":"post","2":"type-post","3":"status-publish","4":"format-standard","5":"has-post-thumbnail","7":"category-noticias-nacionales"},"yoast_head":"<!-- This site is optimized with the Yoast SEO plugin v27.4 - https:\/\/yoast.com\/product\/yoast-seo-wordpress\/ -->\n<title>El fiscal para el caso Ayotzinapa, Omar G\u00f3mez, presenta su renuncia - Fuentes Fidedignas<\/title>\n<meta name=\"robots\" content=\"index, follow, max-snippet:-1, max-image-preview:large, max-video-preview:-1\" \/>\n<link rel=\"canonical\" href=\"https:\/\/fuentesfidedignas.com.mx\/index.php\/2022\/09\/27\/fiscal-para-el-caso-ayotzinapa-omar-gomez-presento-su-renuncia\/\" \/>\n<meta property=\"og:locale\" content=\"es_MX\" \/>\n<meta property=\"og:type\" content=\"article\" \/>\n<meta property=\"og:title\" content=\"El fiscal para el caso Ayotzinapa, Omar G\u00f3mez, presenta su renuncia - Fuentes Fidedignas\" \/>\n<meta property=\"og:description\" content=\"Fuentes federales confirmaron que fue presentada el pasado 15 de septiembre y ocurri\u00f3 luego de que fueron solicitadas diversas \u00f3rdenes de aprehensi\u00f3n sin su conocimiento Guerrero.- Omar G\u00f3mez Trejo, titular de la Unidad Especial de Investigaci\u00f3n y Litigaci\u00f3n para el Caso Ayotzinapa, present\u00f3 su renuncia al cargo para ser efectiva a partir del pr\u00f3ximo 1 [&hellip;]\" \/>\n<meta property=\"og:url\" content=\"https:\/\/fuentesfidedignas.com.mx\/index.php\/2022\/09\/27\/fiscal-para-el-caso-ayotzinapa-omar-gomez-presento-su-renuncia\/\" \/>\n<meta property=\"og:site_name\" content=\"Fuentes Fidedignas\" \/>\n<meta property=\"article:publisher\" content=\"https:\/\/www.facebook.com\/Fuentes-Fidedignas-368234489921644\" \/>\n<meta property=\"article:published_time\" content=\"2022-09-27T16:26:40+00:00\" \/>\n<meta property=\"article:modified_time\" content=\"2022-09-27T16:28:40+00:00\" \/>\n<meta property=\"og:image\" content=\"https:\/\/fuentesfidedignas.com.mx\/wp-content\/uploads\/2022\/09\/fiscal-1.jpg\" \/>\n\t<meta property=\"og:image:width\" content=\"800\" \/>\n\t<meta property=\"og:image:height\" content=\"450\" \/>\n\t<meta property=\"og:image:type\" content=\"image\/jpeg\" \/>\n<meta name=\"author\" content=\"Proceso\" \/>\n<meta name=\"twitter:card\" content=\"summary_large_image\" \/>\n<meta name=\"twitter:creator\" content=\"@fidedignas\" \/>\n<meta name=\"twitter:site\" content=\"@fidedignas\" \/>\n<meta name=\"twitter:label1\" content=\"Escrito por\" \/>\n\t<meta name=\"twitter:data1\" content=\"Proceso\" \/>\n\t<meta name=\"twitter:label2\" content=\"Tiempo de lectura\" \/>\n\t<meta name=\"twitter:data2\" content=\"2 minutos\" \/>\n<script type=\"application\/ld+json\" class=\"yoast-schema-graph\">{\"@context\":\"https:\\\/\\\/schema.org\",\"@graph\":[{\"@type\":\"Article\",\"@id\":\"https:\\\/\\\/fuentesfidedignas.com.mx\\\/index.php\\\/2022\\\/09\\\/27\\\/fiscal-para-el-caso-ayotzinapa-omar-gomez-presento-su-renuncia\\\/#article\",\"isPartOf\":{\"@id\":\"https:\\\/\\\/fuentesfidedignas.com.mx\\\/index.php\\\/2022\\\/09\\\/27\\\/fiscal-para-el-caso-ayotzinapa-omar-gomez-presento-su-renuncia\\\/\"},\"author\":{\"name\":\"Proceso\",\"@id\":\"https:\\\/\\\/fuentesfidedignas.com.mx\\\/#\\\/schema\\\/person\\\/eb72247ff123b3ce5e4cadc7f50ae372\"},\"headline\":\"El fiscal para el caso Ayotzinapa, Omar G\u00f3mez, presenta su renuncia\",\"datePublished\":\"2022-09-27T16:26:40+00:00\",\"dateModified\":\"2022-09-27T16:28:40+00:00\",\"mainEntityOfPage\":{\"@id\":\"https:\\\/\\\/fuentesfidedignas.com.mx\\\/index.php\\\/2022\\\/09\\\/27\\\/fiscal-para-el-caso-ayotzinapa-omar-gomez-presento-su-renuncia\\\/\"},\"wordCount\":394,\"commentCount\":0,\"publisher\":{\"@id\":\"https:\\\/\\\/fuentesfidedignas.com.mx\\\/#organization\"},\"image\":{\"@id\":\"https:\\\/\\\/fuentesfidedignas.com.mx\\\/index.php\\\/2022\\\/09\\\/27\\\/fiscal-para-el-caso-ayotzinapa-omar-gomez-presento-su-renuncia\\\/#primaryimage\"},\"thumbnailUrl\":\"https:\\\/\\\/fuentesfidedignas.com.mx\\\/wp-content\\\/uploads\\\/2022\\\/09\\\/fiscal-1.jpg\",\"articleSection\":[\"NOTICIAS NACIONALES\"],\"inLanguage\":\"es\",\"potentialAction\":[{\"@type\":\"CommentAction\",\"name\":\"Comment\",\"target\":[\"https:\\\/\\\/fuentesfidedignas.com.mx\\\/index.php\\\/2022\\\/09\\\/27\\\/fiscal-para-el-caso-ayotzinapa-omar-gomez-presento-su-renuncia\\\/#respond\"]}]},{\"@type\":\"WebPage\",\"@id\":\"https:\\\/\\\/fuentesfidedignas.com.mx\\\/index.php\\\/2022\\\/09\\\/27\\\/fiscal-para-el-caso-ayotzinapa-omar-gomez-presento-su-renuncia\\\/\",\"url\":\"https:\\\/\\\/fuentesfidedignas.com.mx\\\/index.php\\\/2022\\\/09\\\/27\\\/fiscal-para-el-caso-ayotzinapa-omar-gomez-presento-su-renuncia\\\/\",\"name\":\"El fiscal para el caso Ayotzinapa, Omar G\u00f3mez, presenta su renuncia - Fuentes Fidedignas\",\"isPartOf\":{\"@id\":\"https:\\\/\\\/fuentesfidedignas.com.mx\\\/#website\"},\"primaryImageOfPage\":{\"@id\":\"https:\\\/\\\/fuentesfidedignas.com.mx\\\/index.php\\\/2022\\\/09\\\/27\\\/fiscal-para-el-caso-ayotzinapa-omar-gomez-presento-su-renuncia\\\/#primaryimage\"},\"image\":{\"@id\":\"https:\\\/\\\/fuentesfidedignas.com.mx\\\/index.php\\\/2022\\\/09\\\/27\\\/fiscal-para-el-caso-ayotzinapa-omar-gomez-presento-su-renuncia\\\/#primaryimage\"},\"thumbnailUrl\":\"https:\\\/\\\/fuentesfidedignas.com.mx\\\/wp-content\\\/uploads\\\/2022\\\/09\\\/fiscal-1.jpg\",\"datePublished\":\"2022-09-27T16:26:40+00:00\",\"dateModified\":\"2022-09-27T16:28:40+00:00\",\"breadcrumb\":{\"@id\":\"https:\\\/\\\/fuentesfidedignas.com.mx\\\/index.php\\\/2022\\\/09\\\/27\\\/fiscal-para-el-caso-ayotzinapa-omar-gomez-presento-su-renuncia\\\/#breadcrumb\"},\"inLanguage\":\"es\",\"potentialAction\":[{\"@type\":\"ReadAction\",\"target\":[\"https:\\\/\\\/fuentesfidedignas.com.mx\\\/index.php\\\/2022\\\/09\\\/27\\\/fiscal-para-el-caso-ayotzinapa-omar-gomez-presento-su-renuncia\\\/\"]}]},{\"@type\":\"ImageObject\",\"inLanguage\":\"es\",\"@id\":\"https:\\\/\\\/fuentesfidedignas.com.mx\\\/index.php\\\/2022\\\/09\\\/27\\\/fiscal-para-el-caso-ayotzinapa-omar-gomez-presento-su-renuncia\\\/#primaryimage\",\"url\":\"https:\\\/\\\/fuentesfidedignas.com.mx\\\/wp-content\\\/uploads\\\/2022\\\/09\\\/fiscal-1.jpg\",\"contentUrl\":\"https:\\\/\\\/fuentesfidedignas.com.mx\\\/wp-content\\\/uploads\\\/2022\\\/09\\\/fiscal-1.jpg\",\"width\":800,\"height\":450},{\"@type\":\"BreadcrumbList\",\"@id\":\"https:\\\/\\\/fuentesfidedignas.com.mx\\\/index.php\\\/2022\\\/09\\\/27\\\/fiscal-para-el-caso-ayotzinapa-omar-gomez-presento-su-renuncia\\\/#breadcrumb\",\"itemListElement\":[{\"@type\":\"ListItem\",\"position\":1,\"name\":\"Inicio\",\"item\":\"https:\\\/\\\/fuentesfidedignas.com.mx\\\/\"},{\"@type\":\"ListItem\",\"position\":2,\"name\":\"El fiscal para el caso Ayotzinapa, Omar G\u00f3mez, presenta su renuncia\"}]},{\"@type\":\"WebSite\",\"@id\":\"https:\\\/\\\/fuentesfidedignas.com.mx\\\/#website\",\"url\":\"https:\\\/\\\/fuentesfidedignas.com.mx\\\/\",\"name\":\"Fuentes Fidedignas\",\"description\":\"Otro sitio realizado con WordPress\",\"publisher\":{\"@id\":\"https:\\\/\\\/fuentesfidedignas.com.mx\\\/#organization\"},\"potentialAction\":[{\"@type\":\"SearchAction\",\"target\":{\"@type\":\"EntryPoint\",\"urlTemplate\":\"https:\\\/\\\/fuentesfidedignas.com.mx\\\/?s={search_term_string}\"},\"query-input\":{\"@type\":\"PropertyValueSpecification\",\"valueRequired\":true,\"valueName\":\"search_term_string\"}}],\"inLanguage\":\"es\"},{\"@type\":\"Organization\",\"@id\":\"https:\\\/\\\/fuentesfidedignas.com.mx\\\/#organization\",\"name\":\"Fuentes Fidedignas\",\"url\":\"https:\\\/\\\/fuentesfidedignas.com.mx\\\/\",\"logo\":{\"@type\":\"ImageObject\",\"inLanguage\":\"es\",\"@id\":\"https:\\\/\\\/fuentesfidedignas.com.mx\\\/#\\\/schema\\\/logo\\\/image\\\/\",\"url\":\"https:\\\/\\\/fuentesfidedignas.com.mx\\\/wp-content\\\/uploads\\\/2021\\\/04\\\/logo-retina.png\",\"contentUrl\":\"https:\\\/\\\/fuentesfidedignas.com.mx\\\/wp-content\\\/uploads\\\/2021\\\/04\\\/logo-retina.png\",\"width\":280,\"height\":51,\"caption\":\"Fuentes Fidedignas\"},\"image\":{\"@id\":\"https:\\\/\\\/fuentesfidedignas.com.mx\\\/#\\\/schema\\\/logo\\\/image\\\/\"},\"sameAs\":[\"https:\\\/\\\/www.facebook.com\\\/Fuentes-Fidedignas-368234489921644\",\"https:\\\/\\\/x.com\\\/fidedignas\"]},{\"@type\":\"Person\",\"@id\":\"https:\\\/\\\/fuentesfidedignas.com.mx\\\/#\\\/schema\\\/person\\\/eb72247ff123b3ce5e4cadc7f50ae372\",\"name\":\"Proceso\",\"image\":{\"@type\":\"ImageObject\",\"inLanguage\":\"es\",\"@id\":\"https:\\\/\\\/secure.gravatar.com\\\/avatar\\\/0bb01ecb091d50a46122cbe5cc32ffea15a000f83628f1e40458e669d38ff2cd?s=96&d=mm&r=g\",\"url\":\"https:\\\/\\\/secure.gravatar.com\\\/avatar\\\/0bb01ecb091d50a46122cbe5cc32ffea15a000f83628f1e40458e669d38ff2cd?s=96&d=mm&r=g\",\"contentUrl\":\"https:\\\/\\\/secure.gravatar.com\\\/avatar\\\/0bb01ecb091d50a46122cbe5cc32ffea15a000f83628f1e40458e669d38ff2cd?s=96&d=mm&r=g\",\"caption\":\"Proceso\"},\"url\":\"https:\\\/\\\/fuentesfidedignas.com.mx\\\/index.php\\\/author\\\/proceso\\\/\"}]}<\/script>\n<!-- \/ Yoast SEO plugin. -->","yoast_head_json":{"title":"El fiscal para el caso Ayotzinapa, Omar G\u00f3mez, presenta su renuncia - Fuentes Fidedignas","robots":{"index":"index","follow":"follow","max-snippet":"max-snippet:-1","max-image-preview":"max-image-preview:large","max-video-preview":"max-video-preview:-1"},"canonical":"https:\/\/fuentesfidedignas.com.mx\/index.php\/2022\/09\/27\/fiscal-para-el-caso-ayotzinapa-omar-gomez-presento-su-renuncia\/","og_locale":"es_MX","og_type":"article","og_title":"El fiscal para el caso Ayotzinapa, Omar G\u00f3mez, presenta su renuncia - Fuentes Fidedignas","og_description":"Fuentes federales confirmaron que fue presentada el pasado 15 de septiembre y ocurri\u00f3 luego de que fueron solicitadas diversas \u00f3rdenes de aprehensi\u00f3n sin su conocimiento Guerrero.- Omar G\u00f3mez Trejo, titular de la Unidad Especial de Investigaci\u00f3n y Litigaci\u00f3n para el Caso Ayotzinapa, present\u00f3 su renuncia al cargo para ser efectiva a partir del pr\u00f3ximo 1 [&hellip;]","og_url":"https:\/\/fuentesfidedignas.com.mx\/index.php\/2022\/09\/27\/fiscal-para-el-caso-ayotzinapa-omar-gomez-presento-su-renuncia\/","og_site_name":"Fuentes Fidedignas","article_publisher":"https:\/\/www.facebook.com\/Fuentes-Fidedignas-368234489921644","article_published_time":"2022-09-27T16:26:40+00:00","article_modified_time":"2022-09-27T16:28:40+00:00","og_image":[{"width":800,"height":450,"url":"https:\/\/fuentesfidedignas.com.mx\/wp-content\/uploads\/2022\/09\/fiscal-1.jpg","type":"image\/jpeg"}],"author":"Proceso","twitter_card":"summary_large_image","twitter_creator":"@fidedignas","twitter_site":"@fidedignas","twitter_misc":{"Escrito por":"Proceso","Tiempo de lectura":"2 minutos"},"schema":{"@context":"https:\/\/schema.org","@graph":[{"@type":"Article","@id":"https:\/\/fuentesfidedignas.com.mx\/index.php\/2022\/09\/27\/fiscal-para-el-caso-ayotzinapa-omar-gomez-presento-su-renuncia\/#article","isPartOf":{"@id":"https:\/\/fuentesfidedignas.com.mx\/index.php\/2022\/09\/27\/fiscal-para-el-caso-ayotzinapa-omar-gomez-presento-su-renuncia\/"},"author":{"name":"Proceso","@id":"https:\/\/fuentesfidedignas.com.mx\/#\/schema\/person\/eb72247ff123b3ce5e4cadc7f50ae372"},"headline":"El fiscal para el caso Ayotzinapa, Omar G\u00f3mez, presenta su renuncia","datePublished":"2022-09-27T16:26:40+00:00","dateModified":"2022-09-27T16:28:40+00:00","mainEntityOfPage":{"@id":"https:\/\/fuentesfidedignas.com.mx\/index.php\/2022\/09\/27\/fiscal-para-el-caso-ayotzinapa-omar-gomez-presento-su-renuncia\/"},"wordCount":394,"commentCount":0,"publisher":{"@id":"https:\/\/fuentesfidedignas.com.mx\/#organization"},"image":{"@id":"https:\/\/fuentesfidedignas.com.mx\/index.php\/2022\/09\/27\/fiscal-para-el-caso-ayotzinapa-omar-gomez-presento-su-renuncia\/#primaryimage"},"thumbnailUrl":"https:\/\/fuentesfidedignas.com.mx\/wp-content\/uploads\/2022\/09\/fiscal-1.jpg","articleSection":["NOTICIAS NACIONALES"],"inLanguage":"es","potentialAction":[{"@type":"CommentAction","name":"Comment","target":["https:\/\/fuentesfidedignas.com.mx\/index.php\/2022\/09\/27\/fiscal-para-el-caso-ayotzinapa-omar-gomez-presento-su-renuncia\/#respond"]}]},{"@type":"WebPage","@id":"https:\/\/fuentesfidedignas.com.mx\/index.php\/2022\/09\/27\/fiscal-para-el-caso-ayotzinapa-omar-gomez-presento-su-renuncia\/","url":"https:\/\/fuentesfidedignas.com.mx\/index.php\/2022\/09\/27\/fiscal-para-el-caso-ayotzinapa-omar-gomez-presento-su-renuncia\/","name":"El fiscal para el caso Ayotzinapa, Omar G\u00f3mez, presenta su renuncia - Fuentes Fidedignas","isPartOf":{"@id":"https:\/\/fuentesfidedignas.com.mx\/#website"},"primaryImageOfPage":{"@id":"https:\/\/fuentesfidedignas.com.mx\/index.php\/2022\/09\/27\/fiscal-para-el-caso-ayotzinapa-omar-gomez-presento-su-renuncia\/#primaryimage"},"image":{"@id":"https:\/\/fuentesfidedignas.com.mx\/index.php\/2022\/09\/27\/fiscal-para-el-caso-ayotzinapa-omar-gomez-presento-su-renuncia\/#primaryimage"},"thumbnailUrl":"https:\/\/fuentesfidedignas.com.mx\/wp-content\/uploads\/2022\/09\/fiscal-1.jpg","datePublished":"2022-09-27T16:26:40+00:00","dateModified":"2022-09-27T16:28:40+00:00","breadcrumb":{"@id":"https:\/\/fuentesfidedignas.com.mx\/index.php\/2022\/09\/27\/fiscal-para-el-caso-ayotzinapa-omar-gomez-presento-su-renuncia\/#breadcrumb"},"inLanguage":"es","potentialAction":[{"@type":"ReadAction","target":["https:\/\/fuentesfidedignas.com.mx\/index.php\/2022\/09\/27\/fiscal-para-el-caso-ayotzinapa-omar-gomez-presento-su-renuncia\/"]}]},{"@type":"ImageObject","inLanguage":"es","@id":"https:\/\/fuentesfidedignas.com.mx\/index.php\/2022\/09\/27\/fiscal-para-el-caso-ayotzinapa-omar-gomez-presento-su-renuncia\/#primaryimage","url":"https:\/\/fuentesfidedignas.com.mx\/wp-content\/uploads\/2022\/09\/fiscal-1.jpg","contentUrl":"https:\/\/fuentesfidedignas.com.mx\/wp-content\/uploads\/2022\/09\/fiscal-1.jpg","width":800,"height":450},{"@type":"BreadcrumbList","@id":"https:\/\/fuentesfidedignas.com.mx\/index.php\/2022\/09\/27\/fiscal-para-el-caso-ayotzinapa-omar-gomez-presento-su-renuncia\/#breadcrumb","itemListElement":[{"@type":"ListItem","position":1,"name":"Inicio","item":"https:\/\/fuentesfidedignas.com.mx\/"},{"@type":"ListItem","position":2,"name":"El fiscal para el caso Ayotzinapa, Omar G\u00f3mez, presenta su renuncia"}]},{"@type":"WebSite","@id":"https:\/\/fuentesfidedignas.com.mx\/#website","url":"https:\/\/fuentesfidedignas.com.mx\/","name":"Fuentes Fidedignas","description":"Otro sitio realizado con WordPress","publisher":{"@id":"https:\/\/fuentesfidedignas.com.mx\/#organization"},"potentialAction":[{"@type":"SearchAction","target":{"@type":"EntryPoint","urlTemplate":"https:\/\/fuentesfidedignas.com.mx\/?s={search_term_string}"},"query-input":{"@type":"PropertyValueSpecification","valueRequired":true,"valueName":"search_term_string"}}],"inLanguage":"es"},{"@type":"Organization","@id":"https:\/\/fuentesfidedignas.com.mx\/#organization","name":"Fuentes Fidedignas","url":"https:\/\/fuentesfidedignas.com.mx\/","logo":{"@type":"ImageObject","inLanguage":"es","@id":"https:\/\/fuentesfidedignas.com.mx\/#\/schema\/logo\/image\/","url":"https:\/\/fuentesfidedignas.com.mx\/wp-content\/uploads\/2021\/04\/logo-retina.png","contentUrl":"https:\/\/fuentesfidedignas.com.mx\/wp-content\/uploads\/2021\/04\/logo-retina.png","width":280,"height":51,"caption":"Fuentes Fidedignas"},"image":{"@id":"https:\/\/fuentesfidedignas.com.mx\/#\/schema\/logo\/image\/"},"sameAs":["https:\/\/www.facebook.com\/Fuentes-Fidedignas-368234489921644","https:\/\/x.com\/fidedignas"]},{"@type":"Person","@id":"https:\/\/fuentesfidedignas.com.mx\/#\/schema\/person\/eb72247ff123b3ce5e4cadc7f50ae372","name":"Proceso","image":{"@type":"ImageObject","inLanguage":"es","@id":"https:\/\/secure.gravatar.com\/avatar\/0bb01ecb091d50a46122cbe5cc32ffea15a000f83628f1e40458e669d38ff2cd?s=96&d=mm&r=g","url":"https:\/\/secure.gravatar.com\/avatar\/0bb01ecb091d50a46122cbe5cc32ffea15a000f83628f1e40458e669d38ff2cd?s=96&d=mm&r=g","contentUrl":"https:\/\/secure.gravatar.com\/avatar\/0bb01ecb091d50a46122cbe5cc32ffea15a000f83628f1e40458e669d38ff2cd?s=96&d=mm&r=g","caption":"Proceso"},"url":"https:\/\/fuentesfidedignas.com.mx\/index.php\/author\/proceso\/"}]}},"_links":{"self":[{"href":"https:\/\/fuentesfidedignas.com.mx\/index.php\/wp-json\/wp\/v2\/posts\/43339","targetHints":{"allow":["GET"]}}],"collection":[{"href":"https:\/\/fuentesfidedignas.com.mx\/index.php\/wp-json\/wp\/v2\/posts"}],"about":[{"href":"https:\/\/fuentesfidedignas.com.mx\/index.php\/wp-json\/wp\/v2\/types\/post"}],"author":[{"embeddable":true,"href":"https:\/\/fuentesfidedignas.com.mx\/index.php\/wp-json\/wp\/v2\/users\/50"}],"replies":[{"embeddable":true,"href":"https:\/\/fuentesfidedignas.com.mx\/index.php\/wp-json\/wp\/v2\/comments?post=43339"}],"version-history":[{"count":2,"href":"https:\/\/fuentesfidedignas.com.mx\/index.php\/wp-json\/wp\/v2\/posts\/43339\/revisions"}],"predecessor-version":[{"id":43342,"href":"https:\/\/fuentesfidedignas.com.mx\/index.php\/wp-json\/wp\/v2\/posts\/43339\/revisions\/43342"}],"wp:featuredmedia":[{"embeddable":true,"href":"https:\/\/fuentesfidedignas.com.mx\/index.php\/wp-json\/wp\/v2\/media\/43340"}],"wp:attachment":[{"href":"https:\/\/fuentesfidedignas.com.mx\/index.php\/wp-json\/wp\/v2\/media?parent=43339"}],"wp:term":[{"taxonomy":"category","embeddable":true,"href":"https:\/\/fuentesfidedignas.com.mx\/index.php\/wp-json\/wp\/v2\/categories?post=43339"},{"taxonomy":"post_tag","embeddable":true,"href":"https:\/\/fuentesfidedignas.com.mx\/index.php\/wp-json\/wp\/v2\/tags?post=43339"}],"curies":[{"name":"wp","href":"https:\/\/api.w.org\/{rel}","templated":true}]}}