{"id":43289,"date":"2022-09-27T03:29:00","date_gmt":"2022-09-27T09:29:00","guid":{"rendered":"https:\/\/fuentesfidedignas.com.mx\/?p=43289"},"modified":"2022-09-27T07:02:50","modified_gmt":"2022-09-27T13:02:50","slug":"matan-a-balazos-a-oso-que-buscaba-comida-y-agua-en-sonora","status":"publish","type":"post","link":"https:\/\/fuentesfidedignas.com.mx\/index.php\/2022\/09\/27\/matan-a-balazos-a-oso-que-buscaba-comida-y-agua-en-sonora\/","title":{"rendered":"Matan a balazos a oso que buscaba comida y agua en Sonora"},"content":{"rendered":"\n<p><br><strong><em>En un video se aprecia c\u00f3mo el oso corre por calles de la comunidad de Cumpas hasta refugiarse en el patio de una vivienda<\/em><\/strong><\/p>\n\n\n\n<p>Sonora. Habitantes de Cumpas, Sonora,&nbsp;<strong>mataron a balazos a un oso negro<\/strong>&nbsp;(Ursus americanus), que horas antes se hab\u00eda reportado en redes sociales corriendo despavorido por el pueblo, despu\u00e9s de&nbsp;<strong>acercarse en busca de agua y comida<\/strong>, seg\u00fan qued\u00f3 documentado en un video que circula por redes sociales.&nbsp;<\/p>\n\n\n\n<p>Previamente, se puede apreciar otra grabaci\u00f3n, donde el ejemplar joven&nbsp;<strong>corre por su vida en calles de la comunidad<\/strong>&nbsp;y termina refugi\u00e1ndose en el patio de una vivienda.<\/p>\n\n\n\n<p>Lo anterior justo a un mes de que pobladores del municipio de Casta\u00f1os, Coahuila,&nbsp;<a href=\"https:\/\/www.excelsior.com.mx\/nacional\/torturan-y-matan-a-osezno-en-coahuila-policias-divertidos-por-ver-como-muere\/1535086\" target=\"_blank\" rel=\"noreferrer noopener\"><strong>asesinaron a un peque\u00f1o oso negro&nbsp;que capturaron y amarraron hasta la asfixia<\/strong><\/a>, lo que dio como resultado que a nivel estatal, un&nbsp;<a href=\"https:\/\/www.excelsior.com.mx\/nacional\/por-matar-a-osito-en-coahuila-vinculan-a-proceso-a-5-policias-y-dos-civiles\/1540758\" target=\"_blank\" rel=\"noreferrer noopener\"><strong>juez vinculara a proceso a siete personas<\/strong><\/a>, entre ellas, cinco polic\u00edas municipales, por &#8220;crueldad animal&#8221;, &#8220;encubrimiento y omisi\u00f3n&#8221;, delitos que no ameritan la prisi\u00f3n preventiva.<\/p>\n\n\n\n<p>Sobre este caso en particular del osezno hembra, no existe un seguimiento por parte de la&nbsp;<strong>Procuradur\u00eda Federal de Protecci\u00f3n al Ambient<\/strong>e (Profepa), y la Fiscal\u00eda General de la Rep\u00fablica (FGR), ya que los&nbsp;<strong>delitos contra la biodiversidad se castigan con una pena de uno a nueve a\u00f1os de prisi\u00f3n<\/strong>&nbsp;y por el equivalente de 300 a tres mil d\u00edas de multa, de acuerdo con la fracci\u00f3n III del art\u00edculo 420 del C\u00f3digo Penal Federal.<\/p>\n\n\n\n<p>El&nbsp;<strong>oso negro es una especie protegida<\/strong>&nbsp;no s\u00f3lo por la legislaci\u00f3n mexicana en la NOM-059, en la categor\u00eda de &#8220;Peligro de Extinci\u00f3n&#8221;, sino tambi\u00e9n por la Convenci\u00f3n sobre el Comercio Internacional de Especies Amenazadas de Fauna y Flora Silvestres (CITES).<\/p>\n\n\n\n<p>El alcalde de Cumpas, Sonora,&nbsp;<strong>Diego Urias Varela<\/strong>, aclar\u00f3 sobre este nuevo caso de muerte de un oso negro&nbsp;que&nbsp;<strong>\u00e9l no dio la orden de sacrificar al ejemplar juvenil y que la polic\u00eda ya est\u00e1 investigando<\/strong>.<\/p>\n\n\n\n<blockquote class=\"wp-block-quote is-layout-flow wp-block-quote-is-layout-flow\"><p>&#8220;Amigas y amigos de nuestro municipio, les quiero informar que est\u00e1n circulando videos del oso que entr\u00f3 a nuestra comunidad ya muerto y les quiero expresar que jam\u00e1s di orden que se sacrificara este animal.&nbsp;<\/p><\/blockquote>\n\n\n\n<blockquote class=\"wp-block-quote is-layout-flow wp-block-quote-is-layout-flow\"><p>&#8220;Tambi\u00e9n de esta manera les informo que desconocemos qui\u00e9n o quienes le dieron muerte a este animal y seguridad p\u00fablica ya lo est\u00e1 investigando, me da mucha tristeza que hay quienes ya est\u00e1n sacando hasta raja pol\u00edtica de este acto tan cruel y les repito jam\u00e1s di orden que se sacrificara este animal pues mi convicci\u00f3n es siempre y ser\u00e1 a favor de los seres vivos, estoy muy triste y consternado por este hecho y comparto el dolor y sentir general de nuestra gente&#8221;, escribi\u00f3 en su perfil de Facebook.<\/p><\/blockquote>\n\n\n\n<p>La Profepa no ha informado nada sobre alguna visita de inspecci\u00f3n o acta administrativa abierta para investigar el asesinato de este oso negro en Sonora, y castigar a los responsables de matarlo a balazos.<\/p>\n\n\n\n<figure class=\"wp-block-embed is-type-rich is-provider-twitter wp-block-embed-twitter\"><div class=\"wp-block-embed__wrapper\">\n<blockquote class=\"twitter-tweet\" data-width=\"550\" data-dnt=\"true\"><p lang=\"es\" dir=\"ltr\">\u26a0\ufe0f\u26a0\ufe0f\u26a0\ufe0f<br>Ahora ocurri\u00f3 en <a href=\"https:\/\/twitter.com\/hashtag\/Cumpas?src=hash&amp;ref_src=twsrc%5Etfw\">#Cumpas<\/a>, <a href=\"https:\/\/twitter.com\/hashtag\/Sonora?src=hash&amp;ref_src=twsrc%5Etfw\">#Sonora<\/a>, donde habitantes mataron a balazos a un <a href=\"https:\/\/twitter.com\/hashtag\/oso?src=hash&amp;ref_src=twsrc%5Etfw\">#oso<\/a> que momentos antes se hab\u00eda reportado en redes sociales corriendo despavorido por el pueblo, despu\u00e9s de acercarse en busca de agua y comida.<a href=\"https:\/\/twitter.com\/PROFEPA_Mx?ref_src=twsrc%5Etfw\">@PROFEPA_Mx<\/a> <a href=\"https:\/\/twitter.com\/SEMARNAT_mx?ref_src=twsrc%5Etfw\">@SEMARNAT_mx<\/a> <a href=\"https:\/\/twitter.com\/FGRMexico?ref_src=twsrc%5Etfw\">@FGRMexico<\/a> <a href=\"https:\/\/twitter.com\/gobiernosonora?ref_src=twsrc%5Etfw\">@gobiernosonora<\/a> <a href=\"https:\/\/t.co\/GiyqnexM2e\">pic.twitter.com\/GiyqnexM2e<\/a><\/p>&mdash; Ernesto M\u00e9ndez (@ernesto_mendez) <a href=\"https:\/\/twitter.com\/ernesto_mendez\/status\/1574280202339110912?ref_src=twsrc%5Etfw\">September 26, 2022<\/a><\/blockquote><script async src=\"https:\/\/platform.twitter.com\/widgets.js\" charset=\"utf-8\"><\/script>\n<\/div><\/figure>\n","protected":false},"excerpt":{"rendered":"<p>En un video se aprecia c\u00f3mo el oso corre por calles de la comunidad de Cumpas hasta refugiarse en el patio de una vivienda Sonora. Habitantes de Cumpas, Sonora,&nbsp;mataron a balazos a un oso negro&nbsp;(Ursus americanus), que horas antes se hab\u00eda reportado en redes sociales corriendo despavorido por el pueblo, despu\u00e9s de&nbsp;acercarse en busca de [&hellip;]<\/p>\n","protected":false},"author":7,"featured_media":43291,"comment_status":"open","ping_status":"open","sticky":false,"template":"","format":"standard","meta":{"tdm_status":"","tdm_grid_status":"","footnotes":""},"categories":[32,36],"tags":[],"class_list":{"0":"post-43289","1":"post","2":"type-post","3":"status-publish","4":"format-standard","5":"has-post-thumbnail","7":"category-derechos-animales","8":"category-semanales"},"yoast_head":"<!-- This site is optimized with the Yoast SEO plugin v27.5 - https:\/\/yoast.com\/product\/yoast-seo-wordpress\/ -->\n<title>Matan a balazos a oso que buscaba comida y agua en Sonora - Fuentes Fidedignas<\/title>\n<meta name=\"robots\" content=\"index, follow, max-snippet:-1, max-image-preview:large, max-video-preview:-1\" \/>\n<link rel=\"canonical\" href=\"https:\/\/fuentesfidedignas.com.mx\/index.php\/2022\/09\/27\/matan-a-balazos-a-oso-que-buscaba-comida-y-agua-en-sonora\/\" \/>\n<meta property=\"og:locale\" content=\"es_MX\" \/>\n<meta property=\"og:type\" content=\"article\" \/>\n<meta property=\"og:title\" content=\"Matan a balazos a oso que buscaba comida y agua en Sonora - Fuentes Fidedignas\" \/>\n<meta property=\"og:description\" content=\"En un video se aprecia c\u00f3mo el oso corre por calles de la comunidad de Cumpas hasta refugiarse en el patio de una vivienda Sonora. Habitantes de Cumpas, Sonora,&nbsp;mataron a balazos a un oso negro&nbsp;(Ursus americanus), que horas antes se hab\u00eda reportado en redes sociales corriendo despavorido por el pueblo, despu\u00e9s de&nbsp;acercarse en busca de [&hellip;]\" \/>\n<meta property=\"og:url\" content=\"https:\/\/fuentesfidedignas.com.mx\/index.php\/2022\/09\/27\/matan-a-balazos-a-oso-que-buscaba-comida-y-agua-en-sonora\/\" \/>\n<meta property=\"og:site_name\" content=\"Fuentes Fidedignas\" \/>\n<meta property=\"article:publisher\" content=\"https:\/\/www.facebook.com\/Fuentes-Fidedignas-368234489921644\" \/>\n<meta property=\"article:published_time\" content=\"2022-09-27T09:29:00+00:00\" \/>\n<meta property=\"article:modified_time\" content=\"2022-09-27T13:02:50+00:00\" \/>\n<meta property=\"og:image\" content=\"https:\/\/fuentesfidedignas.com.mx\/wp-content\/uploads\/2022\/09\/2829169.jpeg\" \/>\n\t<meta property=\"og:image:width\" content=\"800\" \/>\n\t<meta property=\"og:image:height\" content=\"600\" \/>\n\t<meta property=\"og:image:type\" content=\"image\/jpeg\" \/>\n<meta name=\"author\" content=\"Exc\u00e9lsior\" \/>\n<meta name=\"twitter:card\" content=\"summary_large_image\" \/>\n<meta name=\"twitter:creator\" content=\"@fidedignas\" \/>\n<meta name=\"twitter:site\" content=\"@fidedignas\" \/>\n<meta name=\"twitter:label1\" content=\"Escrito por\" \/>\n\t<meta name=\"twitter:data1\" content=\"Exc\u00e9lsior\" \/>\n\t<meta name=\"twitter:label2\" content=\"Tiempo de lectura\" \/>\n\t<meta name=\"twitter:data2\" content=\"3 minutos\" \/>\n<script type=\"application\/ld+json\" class=\"yoast-schema-graph\">{\"@context\":\"https:\\\/\\\/schema.org\",\"@graph\":[{\"@type\":\"Article\",\"@id\":\"https:\\\/\\\/fuentesfidedignas.com.mx\\\/index.php\\\/2022\\\/09\\\/27\\\/matan-a-balazos-a-oso-que-buscaba-comida-y-agua-en-sonora\\\/#article\",\"isPartOf\":{\"@id\":\"https:\\\/\\\/fuentesfidedignas.com.mx\\\/index.php\\\/2022\\\/09\\\/27\\\/matan-a-balazos-a-oso-que-buscaba-comida-y-agua-en-sonora\\\/\"},\"author\":{\"name\":\"Exc\u00e9lsior\",\"@id\":\"https:\\\/\\\/fuentesfidedignas.com.mx\\\/#\\\/schema\\\/person\\\/ec4edd1fbf5efa3e44fce34fe2787780\"},\"headline\":\"Matan a balazos a oso que buscaba comida y agua en Sonora\",\"datePublished\":\"2022-09-27T09:29:00+00:00\",\"dateModified\":\"2022-09-27T13:02:50+00:00\",\"mainEntityOfPage\":{\"@id\":\"https:\\\/\\\/fuentesfidedignas.com.mx\\\/index.php\\\/2022\\\/09\\\/27\\\/matan-a-balazos-a-oso-que-buscaba-comida-y-agua-en-sonora\\\/\"},\"wordCount\":576,\"commentCount\":0,\"publisher\":{\"@id\":\"https:\\\/\\\/fuentesfidedignas.com.mx\\\/#organization\"},\"image\":{\"@id\":\"https:\\\/\\\/fuentesfidedignas.com.mx\\\/index.php\\\/2022\\\/09\\\/27\\\/matan-a-balazos-a-oso-que-buscaba-comida-y-agua-en-sonora\\\/#primaryimage\"},\"thumbnailUrl\":\"https:\\\/\\\/fuentesfidedignas.com.mx\\\/wp-content\\\/uploads\\\/2022\\\/09\\\/2829169.jpeg\",\"articleSection\":[\"DERECHOS ANIMALES\",\"SEMANALES\"],\"inLanguage\":\"es\",\"potentialAction\":[{\"@type\":\"CommentAction\",\"name\":\"Comment\",\"target\":[\"https:\\\/\\\/fuentesfidedignas.com.mx\\\/index.php\\\/2022\\\/09\\\/27\\\/matan-a-balazos-a-oso-que-buscaba-comida-y-agua-en-sonora\\\/#respond\"]}]},{\"@type\":\"WebPage\",\"@id\":\"https:\\\/\\\/fuentesfidedignas.com.mx\\\/index.php\\\/2022\\\/09\\\/27\\\/matan-a-balazos-a-oso-que-buscaba-comida-y-agua-en-sonora\\\/\",\"url\":\"https:\\\/\\\/fuentesfidedignas.com.mx\\\/index.php\\\/2022\\\/09\\\/27\\\/matan-a-balazos-a-oso-que-buscaba-comida-y-agua-en-sonora\\\/\",\"name\":\"Matan a balazos a oso que buscaba comida y agua en Sonora - Fuentes Fidedignas\",\"isPartOf\":{\"@id\":\"https:\\\/\\\/fuentesfidedignas.com.mx\\\/#website\"},\"primaryImageOfPage\":{\"@id\":\"https:\\\/\\\/fuentesfidedignas.com.mx\\\/index.php\\\/2022\\\/09\\\/27\\\/matan-a-balazos-a-oso-que-buscaba-comida-y-agua-en-sonora\\\/#primaryimage\"},\"image\":{\"@id\":\"https:\\\/\\\/fuentesfidedignas.com.mx\\\/index.php\\\/2022\\\/09\\\/27\\\/matan-a-balazos-a-oso-que-buscaba-comida-y-agua-en-sonora\\\/#primaryimage\"},\"thumbnailUrl\":\"https:\\\/\\\/fuentesfidedignas.com.mx\\\/wp-content\\\/uploads\\\/2022\\\/09\\\/2829169.jpeg\",\"datePublished\":\"2022-09-27T09:29:00+00:00\",\"dateModified\":\"2022-09-27T13:02:50+00:00\",\"breadcrumb\":{\"@id\":\"https:\\\/\\\/fuentesfidedignas.com.mx\\\/index.php\\\/2022\\\/09\\\/27\\\/matan-a-balazos-a-oso-que-buscaba-comida-y-agua-en-sonora\\\/#breadcrumb\"},\"inLanguage\":\"es\",\"potentialAction\":[{\"@type\":\"ReadAction\",\"target\":[\"https:\\\/\\\/fuentesfidedignas.com.mx\\\/index.php\\\/2022\\\/09\\\/27\\\/matan-a-balazos-a-oso-que-buscaba-comida-y-agua-en-sonora\\\/\"]}]},{\"@type\":\"ImageObject\",\"inLanguage\":\"es\",\"@id\":\"https:\\\/\\\/fuentesfidedignas.com.mx\\\/index.php\\\/2022\\\/09\\\/27\\\/matan-a-balazos-a-oso-que-buscaba-comida-y-agua-en-sonora\\\/#primaryimage\",\"url\":\"https:\\\/\\\/fuentesfidedignas.com.mx\\\/wp-content\\\/uploads\\\/2022\\\/09\\\/2829169.jpeg\",\"contentUrl\":\"https:\\\/\\\/fuentesfidedignas.com.mx\\\/wp-content\\\/uploads\\\/2022\\\/09\\\/2829169.jpeg\",\"width\":800,\"height\":600},{\"@type\":\"BreadcrumbList\",\"@id\":\"https:\\\/\\\/fuentesfidedignas.com.mx\\\/index.php\\\/2022\\\/09\\\/27\\\/matan-a-balazos-a-oso-que-buscaba-comida-y-agua-en-sonora\\\/#breadcrumb\",\"itemListElement\":[{\"@type\":\"ListItem\",\"position\":1,\"name\":\"Inicio\",\"item\":\"https:\\\/\\\/fuentesfidedignas.com.mx\\\/\"},{\"@type\":\"ListItem\",\"position\":2,\"name\":\"Matan a balazos a oso que buscaba comida y agua en Sonora\"}]},{\"@type\":\"WebSite\",\"@id\":\"https:\\\/\\\/fuentesfidedignas.com.mx\\\/#website\",\"url\":\"https:\\\/\\\/fuentesfidedignas.com.mx\\\/\",\"name\":\"Fuentes Fidedignas\",\"description\":\"Otro sitio realizado con WordPress\",\"publisher\":{\"@id\":\"https:\\\/\\\/fuentesfidedignas.com.mx\\\/#organization\"},\"potentialAction\":[{\"@type\":\"SearchAction\",\"target\":{\"@type\":\"EntryPoint\",\"urlTemplate\":\"https:\\\/\\\/fuentesfidedignas.com.mx\\\/?s={search_term_string}\"},\"query-input\":{\"@type\":\"PropertyValueSpecification\",\"valueRequired\":true,\"valueName\":\"search_term_string\"}}],\"inLanguage\":\"es\"},{\"@type\":\"Organization\",\"@id\":\"https:\\\/\\\/fuentesfidedignas.com.mx\\\/#organization\",\"name\":\"Fuentes Fidedignas\",\"url\":\"https:\\\/\\\/fuentesfidedignas.com.mx\\\/\",\"logo\":{\"@type\":\"ImageObject\",\"inLanguage\":\"es\",\"@id\":\"https:\\\/\\\/fuentesfidedignas.com.mx\\\/#\\\/schema\\\/logo\\\/image\\\/\",\"url\":\"https:\\\/\\\/fuentesfidedignas.com.mx\\\/wp-content\\\/uploads\\\/2021\\\/04\\\/logo-retina.png\",\"contentUrl\":\"https:\\\/\\\/fuentesfidedignas.com.mx\\\/wp-content\\\/uploads\\\/2021\\\/04\\\/logo-retina.png\",\"width\":280,\"height\":51,\"caption\":\"Fuentes Fidedignas\"},\"image\":{\"@id\":\"https:\\\/\\\/fuentesfidedignas.com.mx\\\/#\\\/schema\\\/logo\\\/image\\\/\"},\"sameAs\":[\"https:\\\/\\\/www.facebook.com\\\/Fuentes-Fidedignas-368234489921644\",\"https:\\\/\\\/x.com\\\/fidedignas\"]},{\"@type\":\"Person\",\"@id\":\"https:\\\/\\\/fuentesfidedignas.com.mx\\\/#\\\/schema\\\/person\\\/ec4edd1fbf5efa3e44fce34fe2787780\",\"name\":\"Exc\u00e9lsior\",\"image\":{\"@type\":\"ImageObject\",\"inLanguage\":\"es\",\"@id\":\"https:\\\/\\\/secure.gravatar.com\\\/avatar\\\/4b7ee9206b48be08447852b3f0814dbc7c0f3b51541b164f1464a2725614020b?s=96&d=mm&r=g\",\"url\":\"https:\\\/\\\/secure.gravatar.com\\\/avatar\\\/4b7ee9206b48be08447852b3f0814dbc7c0f3b51541b164f1464a2725614020b?s=96&d=mm&r=g\",\"contentUrl\":\"https:\\\/\\\/secure.gravatar.com\\\/avatar\\\/4b7ee9206b48be08447852b3f0814dbc7c0f3b51541b164f1464a2725614020b?s=96&d=mm&r=g\",\"caption\":\"Exc\u00e9lsior\"},\"url\":\"https:\\\/\\\/fuentesfidedignas.com.mx\\\/index.php\\\/author\\\/excelsior\\\/\"}]}<\/script>\n<!-- \/ Yoast SEO plugin. -->","yoast_head_json":{"title":"Matan a balazos a oso que buscaba comida y agua en Sonora - Fuentes Fidedignas","robots":{"index":"index","follow":"follow","max-snippet":"max-snippet:-1","max-image-preview":"max-image-preview:large","max-video-preview":"max-video-preview:-1"},"canonical":"https:\/\/fuentesfidedignas.com.mx\/index.php\/2022\/09\/27\/matan-a-balazos-a-oso-que-buscaba-comida-y-agua-en-sonora\/","og_locale":"es_MX","og_type":"article","og_title":"Matan a balazos a oso que buscaba comida y agua en Sonora - Fuentes Fidedignas","og_description":"En un video se aprecia c\u00f3mo el oso corre por calles de la comunidad de Cumpas hasta refugiarse en el patio de una vivienda Sonora. Habitantes de Cumpas, Sonora,&nbsp;mataron a balazos a un oso negro&nbsp;(Ursus americanus), que horas antes se hab\u00eda reportado en redes sociales corriendo despavorido por el pueblo, despu\u00e9s de&nbsp;acercarse en busca de [&hellip;]","og_url":"https:\/\/fuentesfidedignas.com.mx\/index.php\/2022\/09\/27\/matan-a-balazos-a-oso-que-buscaba-comida-y-agua-en-sonora\/","og_site_name":"Fuentes Fidedignas","article_publisher":"https:\/\/www.facebook.com\/Fuentes-Fidedignas-368234489921644","article_published_time":"2022-09-27T09:29:00+00:00","article_modified_time":"2022-09-27T13:02:50+00:00","og_image":[{"width":800,"height":600,"url":"https:\/\/fuentesfidedignas.com.mx\/wp-content\/uploads\/2022\/09\/2829169.jpeg","type":"image\/jpeg"}],"author":"Exc\u00e9lsior","twitter_card":"summary_large_image","twitter_creator":"@fidedignas","twitter_site":"@fidedignas","twitter_misc":{"Escrito por":"Exc\u00e9lsior","Tiempo de lectura":"3 minutos"},"schema":{"@context":"https:\/\/schema.org","@graph":[{"@type":"Article","@id":"https:\/\/fuentesfidedignas.com.mx\/index.php\/2022\/09\/27\/matan-a-balazos-a-oso-que-buscaba-comida-y-agua-en-sonora\/#article","isPartOf":{"@id":"https:\/\/fuentesfidedignas.com.mx\/index.php\/2022\/09\/27\/matan-a-balazos-a-oso-que-buscaba-comida-y-agua-en-sonora\/"},"author":{"name":"Exc\u00e9lsior","@id":"https:\/\/fuentesfidedignas.com.mx\/#\/schema\/person\/ec4edd1fbf5efa3e44fce34fe2787780"},"headline":"Matan a balazos a oso que buscaba comida y agua en Sonora","datePublished":"2022-09-27T09:29:00+00:00","dateModified":"2022-09-27T13:02:50+00:00","mainEntityOfPage":{"@id":"https:\/\/fuentesfidedignas.com.mx\/index.php\/2022\/09\/27\/matan-a-balazos-a-oso-que-buscaba-comida-y-agua-en-sonora\/"},"wordCount":576,"commentCount":0,"publisher":{"@id":"https:\/\/fuentesfidedignas.com.mx\/#organization"},"image":{"@id":"https:\/\/fuentesfidedignas.com.mx\/index.php\/2022\/09\/27\/matan-a-balazos-a-oso-que-buscaba-comida-y-agua-en-sonora\/#primaryimage"},"thumbnailUrl":"https:\/\/fuentesfidedignas.com.mx\/wp-content\/uploads\/2022\/09\/2829169.jpeg","articleSection":["DERECHOS ANIMALES","SEMANALES"],"inLanguage":"es","potentialAction":[{"@type":"CommentAction","name":"Comment","target":["https:\/\/fuentesfidedignas.com.mx\/index.php\/2022\/09\/27\/matan-a-balazos-a-oso-que-buscaba-comida-y-agua-en-sonora\/#respond"]}]},{"@type":"WebPage","@id":"https:\/\/fuentesfidedignas.com.mx\/index.php\/2022\/09\/27\/matan-a-balazos-a-oso-que-buscaba-comida-y-agua-en-sonora\/","url":"https:\/\/fuentesfidedignas.com.mx\/index.php\/2022\/09\/27\/matan-a-balazos-a-oso-que-buscaba-comida-y-agua-en-sonora\/","name":"Matan a balazos a oso que buscaba comida y agua en Sonora - Fuentes Fidedignas","isPartOf":{"@id":"https:\/\/fuentesfidedignas.com.mx\/#website"},"primaryImageOfPage":{"@id":"https:\/\/fuentesfidedignas.com.mx\/index.php\/2022\/09\/27\/matan-a-balazos-a-oso-que-buscaba-comida-y-agua-en-sonora\/#primaryimage"},"image":{"@id":"https:\/\/fuentesfidedignas.com.mx\/index.php\/2022\/09\/27\/matan-a-balazos-a-oso-que-buscaba-comida-y-agua-en-sonora\/#primaryimage"},"thumbnailUrl":"https:\/\/fuentesfidedignas.com.mx\/wp-content\/uploads\/2022\/09\/2829169.jpeg","datePublished":"2022-09-27T09:29:00+00:00","dateModified":"2022-09-27T13:02:50+00:00","breadcrumb":{"@id":"https:\/\/fuentesfidedignas.com.mx\/index.php\/2022\/09\/27\/matan-a-balazos-a-oso-que-buscaba-comida-y-agua-en-sonora\/#breadcrumb"},"inLanguage":"es","potentialAction":[{"@type":"ReadAction","target":["https:\/\/fuentesfidedignas.com.mx\/index.php\/2022\/09\/27\/matan-a-balazos-a-oso-que-buscaba-comida-y-agua-en-sonora\/"]}]},{"@type":"ImageObject","inLanguage":"es","@id":"https:\/\/fuentesfidedignas.com.mx\/index.php\/2022\/09\/27\/matan-a-balazos-a-oso-que-buscaba-comida-y-agua-en-sonora\/#primaryimage","url":"https:\/\/fuentesfidedignas.com.mx\/wp-content\/uploads\/2022\/09\/2829169.jpeg","contentUrl":"https:\/\/fuentesfidedignas.com.mx\/wp-content\/uploads\/2022\/09\/2829169.jpeg","width":800,"height":600},{"@type":"BreadcrumbList","@id":"https:\/\/fuentesfidedignas.com.mx\/index.php\/2022\/09\/27\/matan-a-balazos-a-oso-que-buscaba-comida-y-agua-en-sonora\/#breadcrumb","itemListElement":[{"@type":"ListItem","position":1,"name":"Inicio","item":"https:\/\/fuentesfidedignas.com.mx\/"},{"@type":"ListItem","position":2,"name":"Matan a balazos a oso que buscaba comida y agua en Sonora"}]},{"@type":"WebSite","@id":"https:\/\/fuentesfidedignas.com.mx\/#website","url":"https:\/\/fuentesfidedignas.com.mx\/","name":"Fuentes Fidedignas","description":"Otro sitio realizado con WordPress","publisher":{"@id":"https:\/\/fuentesfidedignas.com.mx\/#organization"},"potentialAction":[{"@type":"SearchAction","target":{"@type":"EntryPoint","urlTemplate":"https:\/\/fuentesfidedignas.com.mx\/?s={search_term_string}"},"query-input":{"@type":"PropertyValueSpecification","valueRequired":true,"valueName":"search_term_string"}}],"inLanguage":"es"},{"@type":"Organization","@id":"https:\/\/fuentesfidedignas.com.mx\/#organization","name":"Fuentes Fidedignas","url":"https:\/\/fuentesfidedignas.com.mx\/","logo":{"@type":"ImageObject","inLanguage":"es","@id":"https:\/\/fuentesfidedignas.com.mx\/#\/schema\/logo\/image\/","url":"https:\/\/fuentesfidedignas.com.mx\/wp-content\/uploads\/2021\/04\/logo-retina.png","contentUrl":"https:\/\/fuentesfidedignas.com.mx\/wp-content\/uploads\/2021\/04\/logo-retina.png","width":280,"height":51,"caption":"Fuentes Fidedignas"},"image":{"@id":"https:\/\/fuentesfidedignas.com.mx\/#\/schema\/logo\/image\/"},"sameAs":["https:\/\/www.facebook.com\/Fuentes-Fidedignas-368234489921644","https:\/\/x.com\/fidedignas"]},{"@type":"Person","@id":"https:\/\/fuentesfidedignas.com.mx\/#\/schema\/person\/ec4edd1fbf5efa3e44fce34fe2787780","name":"Exc\u00e9lsior","image":{"@type":"ImageObject","inLanguage":"es","@id":"https:\/\/secure.gravatar.com\/avatar\/4b7ee9206b48be08447852b3f0814dbc7c0f3b51541b164f1464a2725614020b?s=96&d=mm&r=g","url":"https:\/\/secure.gravatar.com\/avatar\/4b7ee9206b48be08447852b3f0814dbc7c0f3b51541b164f1464a2725614020b?s=96&d=mm&r=g","contentUrl":"https:\/\/secure.gravatar.com\/avatar\/4b7ee9206b48be08447852b3f0814dbc7c0f3b51541b164f1464a2725614020b?s=96&d=mm&r=g","caption":"Exc\u00e9lsior"},"url":"https:\/\/fuentesfidedignas.com.mx\/index.php\/author\/excelsior\/"}]}},"_links":{"self":[{"href":"https:\/\/fuentesfidedignas.com.mx\/index.php\/wp-json\/wp\/v2\/posts\/43289","targetHints":{"allow":["GET"]}}],"collection":[{"href":"https:\/\/fuentesfidedignas.com.mx\/index.php\/wp-json\/wp\/v2\/posts"}],"about":[{"href":"https:\/\/fuentesfidedignas.com.mx\/index.php\/wp-json\/wp\/v2\/types\/post"}],"author":[{"embeddable":true,"href":"https:\/\/fuentesfidedignas.com.mx\/index.php\/wp-json\/wp\/v2\/users\/7"}],"replies":[{"embeddable":true,"href":"https:\/\/fuentesfidedignas.com.mx\/index.php\/wp-json\/wp\/v2\/comments?post=43289"}],"version-history":[{"count":2,"href":"https:\/\/fuentesfidedignas.com.mx\/index.php\/wp-json\/wp\/v2\/posts\/43289\/revisions"}],"predecessor-version":[{"id":43314,"href":"https:\/\/fuentesfidedignas.com.mx\/index.php\/wp-json\/wp\/v2\/posts\/43289\/revisions\/43314"}],"wp:featuredmedia":[{"embeddable":true,"href":"https:\/\/fuentesfidedignas.com.mx\/index.php\/wp-json\/wp\/v2\/media\/43291"}],"wp:attachment":[{"href":"https:\/\/fuentesfidedignas.com.mx\/index.php\/wp-json\/wp\/v2\/media?parent=43289"}],"wp:term":[{"taxonomy":"category","embeddable":true,"href":"https:\/\/fuentesfidedignas.com.mx\/index.php\/wp-json\/wp\/v2\/categories?post=43289"},{"taxonomy":"post_tag","embeddable":true,"href":"https:\/\/fuentesfidedignas.com.mx\/index.php\/wp-json\/wp\/v2\/tags?post=43289"}],"curies":[{"name":"wp","href":"https:\/\/api.w.org\/{rel}","templated":true}]}}