{"id":43286,"date":"2022-09-26T15:22:55","date_gmt":"2022-09-26T21:22:55","guid":{"rendered":"https:\/\/fuentesfidedignas.com.mx\/?p=43286"},"modified":"2022-09-26T15:23:13","modified_gmt":"2022-09-26T21:23:13","slug":"marchan-en-varios-estados-del-pais-por-8-anos-de-la-desaparicion-de-los-43-normalistas-de-ayotzinapa","status":"publish","type":"post","link":"https:\/\/fuentesfidedignas.com.mx\/index.php\/2022\/09\/26\/marchan-en-varios-estados-del-pais-por-8-anos-de-la-desaparicion-de-los-43-normalistas-de-ayotzinapa\/","title":{"rendered":"Marchan en varios estados del pa\u00eds por 8 a\u00f1os de la desaparici\u00f3n de los 43 normalistas de Ayotzinapa"},"content":{"rendered":"\n<p><br>En Guerrero, estudiantes de normales p\u00fablicas y organizaciones sociales realizaron un mitin en Chilpancingo para pedir el pleno esclarecimiento del caso<\/p>\n\n\n\n<p>Guerrero. Este lunes se cumplen ocho a\u00f1os de la<strong>\u00a0desaparici\u00f3n de los\u00a0<a href=\"https:\/\/noticieros.televisa.com\/ultimas-noticias\/padres-de-los-43-normalistas-de-ayotzinapa-piden-justicia-a-8-anos-del-caso\/\" target=\"_blank\" rel=\"noreferrer noopener\">43 normalistas de Ayotzinapa<\/a><\/strong>\u00a0durante la tr\u00e1gica noche del 26 de septiembre en Iguala, Guerrero. Existe una<strong>\u00a0jornada de movilizaciones<\/strong>\u00a0en varias entidades del pa\u00eds.<\/p>\n\n\n\n<p>En\u00a0<strong>Guerrero<\/strong>, estudiantes de normales p\u00fablicas y organizaciones sociales realizaron un mitin en Chilpancingo para pedir el pleno esclarecimiento del caso.<\/p>\n\n\n\n<p>Universitarios,&nbsp;<strong>normalistas<\/strong>&nbsp;e integrantes de organizaciones sociales se manifestaron en Acapulco para exigir justicia por el caso Ayotzinapa. Partieron de la Facultad de Psicolog\u00eda de la Universidad Aut\u00f3noma de Guerrero hacia el palacio del ayuntamiento, donde realizaron un mitin. Fue una movilizaci\u00f3n pac\u00edfica.<\/p>\n\n\n\n<p>En<strong>&nbsp;Chiapas<\/strong>, integrantes de la Coordinadora Nacional de Trabajadores de la Educaci\u00f3n marcharon en la capital y otros municipios.<\/p>\n\n\n\n<p>En la Ciudad de M\u00e9xico, se esperan al menos 15 movilizaciones esta tarde. La principal partir\u00e1 del \u00c1ngel de la Independencia al Z\u00f3calo.<\/p>\n\n\n\n<p><\/p>\n","protected":false},"excerpt":{"rendered":"<p>En Guerrero, estudiantes de normales p\u00fablicas y organizaciones sociales realizaron un mitin en Chilpancingo para pedir el pleno esclarecimiento del caso Guerrero. Este lunes se cumplen ocho a\u00f1os de la\u00a0desaparici\u00f3n de los\u00a043 normalistas de Ayotzinapa\u00a0durante la tr\u00e1gica noche del 26 de septiembre en Iguala, Guerrero. Existe una\u00a0jornada de movilizaciones\u00a0en varias entidades del pa\u00eds. En\u00a0Guerrero, estudiantes [&hellip;]<\/p>\n","protected":false},"author":46,"featured_media":43288,"comment_status":"open","ping_status":"open","sticky":false,"template":"","format":"standard","meta":{"tdm_status":"","tdm_grid_status":"","footnotes":""},"categories":[39],"tags":[],"class_list":{"0":"post-43286","1":"post","2":"type-post","3":"status-publish","4":"format-standard","5":"has-post-thumbnail","7":"category-noticias-nacionales"},"yoast_head":"<!-- This site is optimized with the Yoast SEO plugin v27.5 - https:\/\/yoast.com\/product\/yoast-seo-wordpress\/ -->\n<title>Marchan en varios estados del pa\u00eds por 8 a\u00f1os de la desaparici\u00f3n de los 43 normalistas de Ayotzinapa - Fuentes Fidedignas<\/title>\n<meta name=\"robots\" content=\"index, follow, max-snippet:-1, max-image-preview:large, max-video-preview:-1\" \/>\n<link rel=\"canonical\" href=\"https:\/\/fuentesfidedignas.com.mx\/index.php\/2022\/09\/26\/marchan-en-varios-estados-del-pais-por-8-anos-de-la-desaparicion-de-los-43-normalistas-de-ayotzinapa\/\" \/>\n<meta property=\"og:locale\" content=\"es_MX\" \/>\n<meta property=\"og:type\" content=\"article\" \/>\n<meta property=\"og:title\" content=\"Marchan en varios estados del pa\u00eds por 8 a\u00f1os de la desaparici\u00f3n de los 43 normalistas de Ayotzinapa - Fuentes Fidedignas\" \/>\n<meta property=\"og:description\" content=\"En Guerrero, estudiantes de normales p\u00fablicas y organizaciones sociales realizaron un mitin en Chilpancingo para pedir el pleno esclarecimiento del caso Guerrero. Este lunes se cumplen ocho a\u00f1os de la\u00a0desaparici\u00f3n de los\u00a043 normalistas de Ayotzinapa\u00a0durante la tr\u00e1gica noche del 26 de septiembre en Iguala, Guerrero. Existe una\u00a0jornada de movilizaciones\u00a0en varias entidades del pa\u00eds. En\u00a0Guerrero, estudiantes [&hellip;]\" \/>\n<meta property=\"og:url\" content=\"https:\/\/fuentesfidedignas.com.mx\/index.php\/2022\/09\/26\/marchan-en-varios-estados-del-pais-por-8-anos-de-la-desaparicion-de-los-43-normalistas-de-ayotzinapa\/\" \/>\n<meta property=\"og:site_name\" content=\"Fuentes Fidedignas\" \/>\n<meta property=\"article:publisher\" content=\"https:\/\/www.facebook.com\/Fuentes-Fidedignas-368234489921644\" \/>\n<meta property=\"article:published_time\" content=\"2022-09-26T21:22:55+00:00\" \/>\n<meta property=\"article:modified_time\" content=\"2022-09-26T21:23:13+00:00\" \/>\n<meta property=\"og:image\" content=\"https:\/\/fuentesfidedignas.com.mx\/wp-content\/uploads\/2022\/09\/guerrero.jpg\" \/>\n\t<meta property=\"og:image:width\" content=\"1276\" \/>\n\t<meta property=\"og:image:height\" content=\"684\" \/>\n\t<meta property=\"og:image:type\" content=\"image\/jpeg\" \/>\n<meta name=\"author\" content=\"Noticieros Televisa\" \/>\n<meta name=\"twitter:card\" content=\"summary_large_image\" \/>\n<meta name=\"twitter:creator\" content=\"@fidedignas\" \/>\n<meta name=\"twitter:site\" content=\"@fidedignas\" \/>\n<meta name=\"twitter:label1\" content=\"Escrito por\" \/>\n\t<meta name=\"twitter:data1\" content=\"Noticieros Televisa\" \/>\n\t<meta name=\"twitter:label2\" content=\"Tiempo de lectura\" \/>\n\t<meta name=\"twitter:data2\" content=\"1 minuto\" \/>\n<script type=\"application\/ld+json\" class=\"yoast-schema-graph\">{\"@context\":\"https:\\\/\\\/schema.org\",\"@graph\":[{\"@type\":\"Article\",\"@id\":\"https:\\\/\\\/fuentesfidedignas.com.mx\\\/index.php\\\/2022\\\/09\\\/26\\\/marchan-en-varios-estados-del-pais-por-8-anos-de-la-desaparicion-de-los-43-normalistas-de-ayotzinapa\\\/#article\",\"isPartOf\":{\"@id\":\"https:\\\/\\\/fuentesfidedignas.com.mx\\\/index.php\\\/2022\\\/09\\\/26\\\/marchan-en-varios-estados-del-pais-por-8-anos-de-la-desaparicion-de-los-43-normalistas-de-ayotzinapa\\\/\"},\"author\":{\"name\":\"Noticieros Televisa\",\"@id\":\"https:\\\/\\\/fuentesfidedignas.com.mx\\\/#\\\/schema\\\/person\\\/f030e42657a5a464a8bbd891b1aab6ee\"},\"headline\":\"Marchan en varios estados del pa\u00eds por 8 a\u00f1os de la desaparici\u00f3n de los 43 normalistas de Ayotzinapa\",\"datePublished\":\"2022-09-26T21:22:55+00:00\",\"dateModified\":\"2022-09-26T21:23:13+00:00\",\"mainEntityOfPage\":{\"@id\":\"https:\\\/\\\/fuentesfidedignas.com.mx\\\/index.php\\\/2022\\\/09\\\/26\\\/marchan-en-varios-estados-del-pais-por-8-anos-de-la-desaparicion-de-los-43-normalistas-de-ayotzinapa\\\/\"},\"wordCount\":196,\"commentCount\":0,\"publisher\":{\"@id\":\"https:\\\/\\\/fuentesfidedignas.com.mx\\\/#organization\"},\"image\":{\"@id\":\"https:\\\/\\\/fuentesfidedignas.com.mx\\\/index.php\\\/2022\\\/09\\\/26\\\/marchan-en-varios-estados-del-pais-por-8-anos-de-la-desaparicion-de-los-43-normalistas-de-ayotzinapa\\\/#primaryimage\"},\"thumbnailUrl\":\"https:\\\/\\\/fuentesfidedignas.com.mx\\\/wp-content\\\/uploads\\\/2022\\\/09\\\/guerrero.jpg\",\"articleSection\":[\"NOTICIAS NACIONALES\"],\"inLanguage\":\"es\",\"potentialAction\":[{\"@type\":\"CommentAction\",\"name\":\"Comment\",\"target\":[\"https:\\\/\\\/fuentesfidedignas.com.mx\\\/index.php\\\/2022\\\/09\\\/26\\\/marchan-en-varios-estados-del-pais-por-8-anos-de-la-desaparicion-de-los-43-normalistas-de-ayotzinapa\\\/#respond\"]}]},{\"@type\":\"WebPage\",\"@id\":\"https:\\\/\\\/fuentesfidedignas.com.mx\\\/index.php\\\/2022\\\/09\\\/26\\\/marchan-en-varios-estados-del-pais-por-8-anos-de-la-desaparicion-de-los-43-normalistas-de-ayotzinapa\\\/\",\"url\":\"https:\\\/\\\/fuentesfidedignas.com.mx\\\/index.php\\\/2022\\\/09\\\/26\\\/marchan-en-varios-estados-del-pais-por-8-anos-de-la-desaparicion-de-los-43-normalistas-de-ayotzinapa\\\/\",\"name\":\"Marchan en varios estados del pa\u00eds por 8 a\u00f1os de la desaparici\u00f3n de los 43 normalistas de Ayotzinapa - Fuentes Fidedignas\",\"isPartOf\":{\"@id\":\"https:\\\/\\\/fuentesfidedignas.com.mx\\\/#website\"},\"primaryImageOfPage\":{\"@id\":\"https:\\\/\\\/fuentesfidedignas.com.mx\\\/index.php\\\/2022\\\/09\\\/26\\\/marchan-en-varios-estados-del-pais-por-8-anos-de-la-desaparicion-de-los-43-normalistas-de-ayotzinapa\\\/#primaryimage\"},\"image\":{\"@id\":\"https:\\\/\\\/fuentesfidedignas.com.mx\\\/index.php\\\/2022\\\/09\\\/26\\\/marchan-en-varios-estados-del-pais-por-8-anos-de-la-desaparicion-de-los-43-normalistas-de-ayotzinapa\\\/#primaryimage\"},\"thumbnailUrl\":\"https:\\\/\\\/fuentesfidedignas.com.mx\\\/wp-content\\\/uploads\\\/2022\\\/09\\\/guerrero.jpg\",\"datePublished\":\"2022-09-26T21:22:55+00:00\",\"dateModified\":\"2022-09-26T21:23:13+00:00\",\"breadcrumb\":{\"@id\":\"https:\\\/\\\/fuentesfidedignas.com.mx\\\/index.php\\\/2022\\\/09\\\/26\\\/marchan-en-varios-estados-del-pais-por-8-anos-de-la-desaparicion-de-los-43-normalistas-de-ayotzinapa\\\/#breadcrumb\"},\"inLanguage\":\"es\",\"potentialAction\":[{\"@type\":\"ReadAction\",\"target\":[\"https:\\\/\\\/fuentesfidedignas.com.mx\\\/index.php\\\/2022\\\/09\\\/26\\\/marchan-en-varios-estados-del-pais-por-8-anos-de-la-desaparicion-de-los-43-normalistas-de-ayotzinapa\\\/\"]}]},{\"@type\":\"ImageObject\",\"inLanguage\":\"es\",\"@id\":\"https:\\\/\\\/fuentesfidedignas.com.mx\\\/index.php\\\/2022\\\/09\\\/26\\\/marchan-en-varios-estados-del-pais-por-8-anos-de-la-desaparicion-de-los-43-normalistas-de-ayotzinapa\\\/#primaryimage\",\"url\":\"https:\\\/\\\/fuentesfidedignas.com.mx\\\/wp-content\\\/uploads\\\/2022\\\/09\\\/guerrero.jpg\",\"contentUrl\":\"https:\\\/\\\/fuentesfidedignas.com.mx\\\/wp-content\\\/uploads\\\/2022\\\/09\\\/guerrero.jpg\",\"width\":1276,\"height\":684},{\"@type\":\"BreadcrumbList\",\"@id\":\"https:\\\/\\\/fuentesfidedignas.com.mx\\\/index.php\\\/2022\\\/09\\\/26\\\/marchan-en-varios-estados-del-pais-por-8-anos-de-la-desaparicion-de-los-43-normalistas-de-ayotzinapa\\\/#breadcrumb\",\"itemListElement\":[{\"@type\":\"ListItem\",\"position\":1,\"name\":\"Inicio\",\"item\":\"https:\\\/\\\/fuentesfidedignas.com.mx\\\/\"},{\"@type\":\"ListItem\",\"position\":2,\"name\":\"Marchan en varios estados del pa\u00eds por 8 a\u00f1os de la desaparici\u00f3n de los 43 normalistas de Ayotzinapa\"}]},{\"@type\":\"WebSite\",\"@id\":\"https:\\\/\\\/fuentesfidedignas.com.mx\\\/#website\",\"url\":\"https:\\\/\\\/fuentesfidedignas.com.mx\\\/\",\"name\":\"Fuentes Fidedignas\",\"description\":\"Otro sitio realizado con WordPress\",\"publisher\":{\"@id\":\"https:\\\/\\\/fuentesfidedignas.com.mx\\\/#organization\"},\"potentialAction\":[{\"@type\":\"SearchAction\",\"target\":{\"@type\":\"EntryPoint\",\"urlTemplate\":\"https:\\\/\\\/fuentesfidedignas.com.mx\\\/?s={search_term_string}\"},\"query-input\":{\"@type\":\"PropertyValueSpecification\",\"valueRequired\":true,\"valueName\":\"search_term_string\"}}],\"inLanguage\":\"es\"},{\"@type\":\"Organization\",\"@id\":\"https:\\\/\\\/fuentesfidedignas.com.mx\\\/#organization\",\"name\":\"Fuentes Fidedignas\",\"url\":\"https:\\\/\\\/fuentesfidedignas.com.mx\\\/\",\"logo\":{\"@type\":\"ImageObject\",\"inLanguage\":\"es\",\"@id\":\"https:\\\/\\\/fuentesfidedignas.com.mx\\\/#\\\/schema\\\/logo\\\/image\\\/\",\"url\":\"https:\\\/\\\/fuentesfidedignas.com.mx\\\/wp-content\\\/uploads\\\/2021\\\/04\\\/logo-retina.png\",\"contentUrl\":\"https:\\\/\\\/fuentesfidedignas.com.mx\\\/wp-content\\\/uploads\\\/2021\\\/04\\\/logo-retina.png\",\"width\":280,\"height\":51,\"caption\":\"Fuentes Fidedignas\"},\"image\":{\"@id\":\"https:\\\/\\\/fuentesfidedignas.com.mx\\\/#\\\/schema\\\/logo\\\/image\\\/\"},\"sameAs\":[\"https:\\\/\\\/www.facebook.com\\\/Fuentes-Fidedignas-368234489921644\",\"https:\\\/\\\/x.com\\\/fidedignas\"]},{\"@type\":\"Person\",\"@id\":\"https:\\\/\\\/fuentesfidedignas.com.mx\\\/#\\\/schema\\\/person\\\/f030e42657a5a464a8bbd891b1aab6ee\",\"name\":\"Noticieros Televisa\",\"image\":{\"@type\":\"ImageObject\",\"inLanguage\":\"es\",\"@id\":\"https:\\\/\\\/secure.gravatar.com\\\/avatar\\\/0e47b9e785a628831b8fd9eaf15e090e106760a879abbd4a3306f128ef5d43a9?s=96&d=mm&r=g\",\"url\":\"https:\\\/\\\/secure.gravatar.com\\\/avatar\\\/0e47b9e785a628831b8fd9eaf15e090e106760a879abbd4a3306f128ef5d43a9?s=96&d=mm&r=g\",\"contentUrl\":\"https:\\\/\\\/secure.gravatar.com\\\/avatar\\\/0e47b9e785a628831b8fd9eaf15e090e106760a879abbd4a3306f128ef5d43a9?s=96&d=mm&r=g\",\"caption\":\"Noticieros Televisa\"},\"url\":\"https:\\\/\\\/fuentesfidedignas.com.mx\\\/index.php\\\/author\\\/noticieros-televisa\\\/\"}]}<\/script>\n<!-- \/ Yoast SEO plugin. -->","yoast_head_json":{"title":"Marchan en varios estados del pa\u00eds por 8 a\u00f1os de la desaparici\u00f3n de los 43 normalistas de Ayotzinapa - Fuentes Fidedignas","robots":{"index":"index","follow":"follow","max-snippet":"max-snippet:-1","max-image-preview":"max-image-preview:large","max-video-preview":"max-video-preview:-1"},"canonical":"https:\/\/fuentesfidedignas.com.mx\/index.php\/2022\/09\/26\/marchan-en-varios-estados-del-pais-por-8-anos-de-la-desaparicion-de-los-43-normalistas-de-ayotzinapa\/","og_locale":"es_MX","og_type":"article","og_title":"Marchan en varios estados del pa\u00eds por 8 a\u00f1os de la desaparici\u00f3n de los 43 normalistas de Ayotzinapa - Fuentes Fidedignas","og_description":"En Guerrero, estudiantes de normales p\u00fablicas y organizaciones sociales realizaron un mitin en Chilpancingo para pedir el pleno esclarecimiento del caso Guerrero. Este lunes se cumplen ocho a\u00f1os de la\u00a0desaparici\u00f3n de los\u00a043 normalistas de Ayotzinapa\u00a0durante la tr\u00e1gica noche del 26 de septiembre en Iguala, Guerrero. Existe una\u00a0jornada de movilizaciones\u00a0en varias entidades del pa\u00eds. En\u00a0Guerrero, estudiantes [&hellip;]","og_url":"https:\/\/fuentesfidedignas.com.mx\/index.php\/2022\/09\/26\/marchan-en-varios-estados-del-pais-por-8-anos-de-la-desaparicion-de-los-43-normalistas-de-ayotzinapa\/","og_site_name":"Fuentes Fidedignas","article_publisher":"https:\/\/www.facebook.com\/Fuentes-Fidedignas-368234489921644","article_published_time":"2022-09-26T21:22:55+00:00","article_modified_time":"2022-09-26T21:23:13+00:00","og_image":[{"width":1276,"height":684,"url":"https:\/\/fuentesfidedignas.com.mx\/wp-content\/uploads\/2022\/09\/guerrero.jpg","type":"image\/jpeg"}],"author":"Noticieros Televisa","twitter_card":"summary_large_image","twitter_creator":"@fidedignas","twitter_site":"@fidedignas","twitter_misc":{"Escrito por":"Noticieros Televisa","Tiempo de lectura":"1 minuto"},"schema":{"@context":"https:\/\/schema.org","@graph":[{"@type":"Article","@id":"https:\/\/fuentesfidedignas.com.mx\/index.php\/2022\/09\/26\/marchan-en-varios-estados-del-pais-por-8-anos-de-la-desaparicion-de-los-43-normalistas-de-ayotzinapa\/#article","isPartOf":{"@id":"https:\/\/fuentesfidedignas.com.mx\/index.php\/2022\/09\/26\/marchan-en-varios-estados-del-pais-por-8-anos-de-la-desaparicion-de-los-43-normalistas-de-ayotzinapa\/"},"author":{"name":"Noticieros Televisa","@id":"https:\/\/fuentesfidedignas.com.mx\/#\/schema\/person\/f030e42657a5a464a8bbd891b1aab6ee"},"headline":"Marchan en varios estados del pa\u00eds por 8 a\u00f1os de la desaparici\u00f3n de los 43 normalistas de Ayotzinapa","datePublished":"2022-09-26T21:22:55+00:00","dateModified":"2022-09-26T21:23:13+00:00","mainEntityOfPage":{"@id":"https:\/\/fuentesfidedignas.com.mx\/index.php\/2022\/09\/26\/marchan-en-varios-estados-del-pais-por-8-anos-de-la-desaparicion-de-los-43-normalistas-de-ayotzinapa\/"},"wordCount":196,"commentCount":0,"publisher":{"@id":"https:\/\/fuentesfidedignas.com.mx\/#organization"},"image":{"@id":"https:\/\/fuentesfidedignas.com.mx\/index.php\/2022\/09\/26\/marchan-en-varios-estados-del-pais-por-8-anos-de-la-desaparicion-de-los-43-normalistas-de-ayotzinapa\/#primaryimage"},"thumbnailUrl":"https:\/\/fuentesfidedignas.com.mx\/wp-content\/uploads\/2022\/09\/guerrero.jpg","articleSection":["NOTICIAS NACIONALES"],"inLanguage":"es","potentialAction":[{"@type":"CommentAction","name":"Comment","target":["https:\/\/fuentesfidedignas.com.mx\/index.php\/2022\/09\/26\/marchan-en-varios-estados-del-pais-por-8-anos-de-la-desaparicion-de-los-43-normalistas-de-ayotzinapa\/#respond"]}]},{"@type":"WebPage","@id":"https:\/\/fuentesfidedignas.com.mx\/index.php\/2022\/09\/26\/marchan-en-varios-estados-del-pais-por-8-anos-de-la-desaparicion-de-los-43-normalistas-de-ayotzinapa\/","url":"https:\/\/fuentesfidedignas.com.mx\/index.php\/2022\/09\/26\/marchan-en-varios-estados-del-pais-por-8-anos-de-la-desaparicion-de-los-43-normalistas-de-ayotzinapa\/","name":"Marchan en varios estados del pa\u00eds por 8 a\u00f1os de la desaparici\u00f3n de los 43 normalistas de Ayotzinapa - Fuentes Fidedignas","isPartOf":{"@id":"https:\/\/fuentesfidedignas.com.mx\/#website"},"primaryImageOfPage":{"@id":"https:\/\/fuentesfidedignas.com.mx\/index.php\/2022\/09\/26\/marchan-en-varios-estados-del-pais-por-8-anos-de-la-desaparicion-de-los-43-normalistas-de-ayotzinapa\/#primaryimage"},"image":{"@id":"https:\/\/fuentesfidedignas.com.mx\/index.php\/2022\/09\/26\/marchan-en-varios-estados-del-pais-por-8-anos-de-la-desaparicion-de-los-43-normalistas-de-ayotzinapa\/#primaryimage"},"thumbnailUrl":"https:\/\/fuentesfidedignas.com.mx\/wp-content\/uploads\/2022\/09\/guerrero.jpg","datePublished":"2022-09-26T21:22:55+00:00","dateModified":"2022-09-26T21:23:13+00:00","breadcrumb":{"@id":"https:\/\/fuentesfidedignas.com.mx\/index.php\/2022\/09\/26\/marchan-en-varios-estados-del-pais-por-8-anos-de-la-desaparicion-de-los-43-normalistas-de-ayotzinapa\/#breadcrumb"},"inLanguage":"es","potentialAction":[{"@type":"ReadAction","target":["https:\/\/fuentesfidedignas.com.mx\/index.php\/2022\/09\/26\/marchan-en-varios-estados-del-pais-por-8-anos-de-la-desaparicion-de-los-43-normalistas-de-ayotzinapa\/"]}]},{"@type":"ImageObject","inLanguage":"es","@id":"https:\/\/fuentesfidedignas.com.mx\/index.php\/2022\/09\/26\/marchan-en-varios-estados-del-pais-por-8-anos-de-la-desaparicion-de-los-43-normalistas-de-ayotzinapa\/#primaryimage","url":"https:\/\/fuentesfidedignas.com.mx\/wp-content\/uploads\/2022\/09\/guerrero.jpg","contentUrl":"https:\/\/fuentesfidedignas.com.mx\/wp-content\/uploads\/2022\/09\/guerrero.jpg","width":1276,"height":684},{"@type":"BreadcrumbList","@id":"https:\/\/fuentesfidedignas.com.mx\/index.php\/2022\/09\/26\/marchan-en-varios-estados-del-pais-por-8-anos-de-la-desaparicion-de-los-43-normalistas-de-ayotzinapa\/#breadcrumb","itemListElement":[{"@type":"ListItem","position":1,"name":"Inicio","item":"https:\/\/fuentesfidedignas.com.mx\/"},{"@type":"ListItem","position":2,"name":"Marchan en varios estados del pa\u00eds por 8 a\u00f1os de la desaparici\u00f3n de los 43 normalistas de Ayotzinapa"}]},{"@type":"WebSite","@id":"https:\/\/fuentesfidedignas.com.mx\/#website","url":"https:\/\/fuentesfidedignas.com.mx\/","name":"Fuentes Fidedignas","description":"Otro sitio realizado con WordPress","publisher":{"@id":"https:\/\/fuentesfidedignas.com.mx\/#organization"},"potentialAction":[{"@type":"SearchAction","target":{"@type":"EntryPoint","urlTemplate":"https:\/\/fuentesfidedignas.com.mx\/?s={search_term_string}"},"query-input":{"@type":"PropertyValueSpecification","valueRequired":true,"valueName":"search_term_string"}}],"inLanguage":"es"},{"@type":"Organization","@id":"https:\/\/fuentesfidedignas.com.mx\/#organization","name":"Fuentes Fidedignas","url":"https:\/\/fuentesfidedignas.com.mx\/","logo":{"@type":"ImageObject","inLanguage":"es","@id":"https:\/\/fuentesfidedignas.com.mx\/#\/schema\/logo\/image\/","url":"https:\/\/fuentesfidedignas.com.mx\/wp-content\/uploads\/2021\/04\/logo-retina.png","contentUrl":"https:\/\/fuentesfidedignas.com.mx\/wp-content\/uploads\/2021\/04\/logo-retina.png","width":280,"height":51,"caption":"Fuentes Fidedignas"},"image":{"@id":"https:\/\/fuentesfidedignas.com.mx\/#\/schema\/logo\/image\/"},"sameAs":["https:\/\/www.facebook.com\/Fuentes-Fidedignas-368234489921644","https:\/\/x.com\/fidedignas"]},{"@type":"Person","@id":"https:\/\/fuentesfidedignas.com.mx\/#\/schema\/person\/f030e42657a5a464a8bbd891b1aab6ee","name":"Noticieros Televisa","image":{"@type":"ImageObject","inLanguage":"es","@id":"https:\/\/secure.gravatar.com\/avatar\/0e47b9e785a628831b8fd9eaf15e090e106760a879abbd4a3306f128ef5d43a9?s=96&d=mm&r=g","url":"https:\/\/secure.gravatar.com\/avatar\/0e47b9e785a628831b8fd9eaf15e090e106760a879abbd4a3306f128ef5d43a9?s=96&d=mm&r=g","contentUrl":"https:\/\/secure.gravatar.com\/avatar\/0e47b9e785a628831b8fd9eaf15e090e106760a879abbd4a3306f128ef5d43a9?s=96&d=mm&r=g","caption":"Noticieros Televisa"},"url":"https:\/\/fuentesfidedignas.com.mx\/index.php\/author\/noticieros-televisa\/"}]}},"_links":{"self":[{"href":"https:\/\/fuentesfidedignas.com.mx\/index.php\/wp-json\/wp\/v2\/posts\/43286","targetHints":{"allow":["GET"]}}],"collection":[{"href":"https:\/\/fuentesfidedignas.com.mx\/index.php\/wp-json\/wp\/v2\/posts"}],"about":[{"href":"https:\/\/fuentesfidedignas.com.mx\/index.php\/wp-json\/wp\/v2\/types\/post"}],"author":[{"embeddable":true,"href":"https:\/\/fuentesfidedignas.com.mx\/index.php\/wp-json\/wp\/v2\/users\/46"}],"replies":[{"embeddable":true,"href":"https:\/\/fuentesfidedignas.com.mx\/index.php\/wp-json\/wp\/v2\/comments?post=43286"}],"version-history":[{"count":1,"href":"https:\/\/fuentesfidedignas.com.mx\/index.php\/wp-json\/wp\/v2\/posts\/43286\/revisions"}],"predecessor-version":[{"id":43287,"href":"https:\/\/fuentesfidedignas.com.mx\/index.php\/wp-json\/wp\/v2\/posts\/43286\/revisions\/43287"}],"wp:featuredmedia":[{"embeddable":true,"href":"https:\/\/fuentesfidedignas.com.mx\/index.php\/wp-json\/wp\/v2\/media\/43288"}],"wp:attachment":[{"href":"https:\/\/fuentesfidedignas.com.mx\/index.php\/wp-json\/wp\/v2\/media?parent=43286"}],"wp:term":[{"taxonomy":"category","embeddable":true,"href":"https:\/\/fuentesfidedignas.com.mx\/index.php\/wp-json\/wp\/v2\/categories?post=43286"},{"taxonomy":"post_tag","embeddable":true,"href":"https:\/\/fuentesfidedignas.com.mx\/index.php\/wp-json\/wp\/v2\/tags?post=43286"}],"curies":[{"name":"wp","href":"https:\/\/api.w.org\/{rel}","templated":true}]}}