{"id":43274,"date":"2022-09-26T11:32:09","date_gmt":"2022-09-26T17:32:09","guid":{"rendered":"https:\/\/fuentesfidedignas.com.mx\/?p=43274"},"modified":"2022-09-26T11:32:10","modified_gmt":"2022-09-26T17:32:10","slug":"anuncia-el-pas-que-diputados-locales-presentaran-informe-de-su-primer-ano-como-legisladores","status":"publish","type":"post","link":"https:\/\/fuentesfidedignas.com.mx\/index.php\/2022\/09\/26\/anuncia-el-pas-que-diputados-locales-presentaran-informe-de-su-primer-ano-como-legisladores\/","title":{"rendered":"Anuncia el PAS que diputados locales presentar\u00e1n informe de su primer a\u00f1o como legisladores"},"content":{"rendered":"\n<p><strong><em>Ser\u00e1n legisladores representantes de los municipios de Mazatl\u00e1n, Culiac\u00e1n, Guasave y Ahome quienes den a conocer su trabajo<\/em><\/strong><\/p>\n\n\n\n<p>Culiac\u00e1n, Sin.- El presidente del Partido Sinaloense (PAS) a nivel estatal, V\u00edctor Antonio Corrales Burgue\u00f1o inform\u00f3 en rueda de prensa que ser\u00e1 a partir del pr\u00f3ximo jueves cuando los diputados locales den a conocer las acciones que han realizado en el Congreso del Estado.<\/p>\n\n\n\n<p>Detall\u00f3 que ser\u00e1n legisladores representantes de los municipios de Mazatl\u00e1n, Culiac\u00e1n, Guasave y Ahome, quienes informar\u00e1n a la ciudadan\u00eda las labores de su primer a\u00f1o en la actual legislatura.<\/p>\n\n\n\n<p> &#8220;Al menos de esas cuatro sedes vamos a tener informes puntuales de lo que el Partido Sinaloense ha venido realizando como trabajo legislativo en esta legislatura&#8221;, se\u00f1al\u00f3.<\/p>\n\n\n\n<p>Por otra parte, el fundador del PAS, H\u00e9ctor Melesio Cu\u00e9n Ojeda aplaudi\u00f3 el trabajo que los legisladores actuales han realizado, pues ha sido una agenda muy fruct\u00edfera que ha dado grandes resultados.<\/p>\n\n\n\n<p>&#8220;Ellos ratificaron 312 iniciativas que vienen del pasado, hay que decir que se pudieron haber ratificado m\u00e1s, pero son las que ellos consideraron y vieron que eran esenciales en este momento y que todav\u00eda ten\u00edan actualidad&#8221;, enfatiz\u00f3.<\/p>\n\n\n\n<p>Destac\u00f3 que actualmente el Grupo Parlamentario del PAS ha presentado durante esta legislatura 91 iniciativas.<\/p>\n\n\n\n<p> <\/p>\n","protected":false},"excerpt":{"rendered":"<p>Ser\u00e1n legisladores representantes de los municipios de Mazatl\u00e1n, Culiac\u00e1n, Guasave y Ahome quienes den a conocer su trabajo Culiac\u00e1n, Sin.- El presidente del Partido Sinaloense (PAS) a nivel estatal, V\u00edctor Antonio Corrales Burgue\u00f1o inform\u00f3 en rueda de prensa que ser\u00e1 a partir del pr\u00f3ximo jueves cuando los diputados locales den a conocer las acciones que [&hellip;]<\/p>\n","protected":false},"author":112,"featured_media":43275,"comment_status":"open","ping_status":"open","sticky":false,"template":"","format":"standard","meta":{"tdm_status":"","tdm_grid_status":"","footnotes":""},"categories":[38],"tags":[],"class_list":{"0":"post-43274","1":"post","2":"type-post","3":"status-publish","4":"format-standard","5":"has-post-thumbnail","7":"category-noticias-locales"},"yoast_head":"<!-- This site is optimized with the Yoast SEO plugin v27.4 - https:\/\/yoast.com\/product\/yoast-seo-wordpress\/ -->\n<title>Anuncia el PAS que diputados locales presentar\u00e1n informe de su primer a\u00f1o como legisladores - Fuentes Fidedignas<\/title>\n<meta name=\"robots\" content=\"index, follow, max-snippet:-1, max-image-preview:large, max-video-preview:-1\" \/>\n<link rel=\"canonical\" href=\"https:\/\/fuentesfidedignas.com.mx\/index.php\/2022\/09\/26\/anuncia-el-pas-que-diputados-locales-presentaran-informe-de-su-primer-ano-como-legisladores\/\" \/>\n<meta property=\"og:locale\" content=\"es_MX\" \/>\n<meta property=\"og:type\" content=\"article\" \/>\n<meta property=\"og:title\" content=\"Anuncia el PAS que diputados locales presentar\u00e1n informe de su primer a\u00f1o como legisladores - Fuentes Fidedignas\" \/>\n<meta property=\"og:description\" content=\"Ser\u00e1n legisladores representantes de los municipios de Mazatl\u00e1n, Culiac\u00e1n, Guasave y Ahome quienes den a conocer su trabajo Culiac\u00e1n, Sin.- El presidente del Partido Sinaloense (PAS) a nivel estatal, V\u00edctor Antonio Corrales Burgue\u00f1o inform\u00f3 en rueda de prensa que ser\u00e1 a partir del pr\u00f3ximo jueves cuando los diputados locales den a conocer las acciones que [&hellip;]\" \/>\n<meta property=\"og:url\" content=\"https:\/\/fuentesfidedignas.com.mx\/index.php\/2022\/09\/26\/anuncia-el-pas-que-diputados-locales-presentaran-informe-de-su-primer-ano-como-legisladores\/\" \/>\n<meta property=\"og:site_name\" content=\"Fuentes Fidedignas\" \/>\n<meta property=\"article:publisher\" content=\"https:\/\/www.facebook.com\/Fuentes-Fidedignas-368234489921644\" \/>\n<meta property=\"article:published_time\" content=\"2022-09-26T17:32:09+00:00\" \/>\n<meta property=\"article:modified_time\" content=\"2022-09-26T17:32:10+00:00\" \/>\n<meta property=\"og:image\" content=\"https:\/\/fuentesfidedignas.com.mx\/wp-content\/uploads\/2022\/09\/IMG-20220926-WA0012.jpg\" \/>\n\t<meta property=\"og:image:width\" content=\"1024\" \/>\n\t<meta property=\"og:image:height\" content=\"768\" \/>\n\t<meta property=\"og:image:type\" content=\"image\/jpeg\" \/>\n<meta name=\"author\" content=\"Leonardo Gutierrez\" \/>\n<meta name=\"twitter:card\" content=\"summary_large_image\" \/>\n<meta name=\"twitter:creator\" content=\"@fidedignas\" \/>\n<meta name=\"twitter:site\" content=\"@fidedignas\" \/>\n<meta name=\"twitter:label1\" content=\"Escrito por\" \/>\n\t<meta name=\"twitter:data1\" content=\"Leonardo Gutierrez\" \/>\n\t<meta name=\"twitter:label2\" content=\"Tiempo de lectura\" \/>\n\t<meta name=\"twitter:data2\" content=\"1 minuto\" \/>\n<script type=\"application\/ld+json\" class=\"yoast-schema-graph\">{\"@context\":\"https:\\\/\\\/schema.org\",\"@graph\":[{\"@type\":\"Article\",\"@id\":\"https:\\\/\\\/fuentesfidedignas.com.mx\\\/index.php\\\/2022\\\/09\\\/26\\\/anuncia-el-pas-que-diputados-locales-presentaran-informe-de-su-primer-ano-como-legisladores\\\/#article\",\"isPartOf\":{\"@id\":\"https:\\\/\\\/fuentesfidedignas.com.mx\\\/index.php\\\/2022\\\/09\\\/26\\\/anuncia-el-pas-que-diputados-locales-presentaran-informe-de-su-primer-ano-como-legisladores\\\/\"},\"author\":{\"name\":\"Leonardo Gutierrez\",\"@id\":\"https:\\\/\\\/fuentesfidedignas.com.mx\\\/#\\\/schema\\\/person\\\/c77df25c00baae1d4fdc0340db6f364c\"},\"headline\":\"Anuncia el PAS que diputados locales presentar\u00e1n informe de su primer a\u00f1o como legisladores\",\"datePublished\":\"2022-09-26T17:32:09+00:00\",\"dateModified\":\"2022-09-26T17:32:10+00:00\",\"mainEntityOfPage\":{\"@id\":\"https:\\\/\\\/fuentesfidedignas.com.mx\\\/index.php\\\/2022\\\/09\\\/26\\\/anuncia-el-pas-que-diputados-locales-presentaran-informe-de-su-primer-ano-como-legisladores\\\/\"},\"wordCount\":237,\"commentCount\":0,\"publisher\":{\"@id\":\"https:\\\/\\\/fuentesfidedignas.com.mx\\\/#organization\"},\"image\":{\"@id\":\"https:\\\/\\\/fuentesfidedignas.com.mx\\\/index.php\\\/2022\\\/09\\\/26\\\/anuncia-el-pas-que-diputados-locales-presentaran-informe-de-su-primer-ano-como-legisladores\\\/#primaryimage\"},\"thumbnailUrl\":\"https:\\\/\\\/fuentesfidedignas.com.mx\\\/wp-content\\\/uploads\\\/2022\\\/09\\\/IMG-20220926-WA0012.jpg\",\"articleSection\":[\"NOTICIAS LOCALES\"],\"inLanguage\":\"es\",\"potentialAction\":[{\"@type\":\"CommentAction\",\"name\":\"Comment\",\"target\":[\"https:\\\/\\\/fuentesfidedignas.com.mx\\\/index.php\\\/2022\\\/09\\\/26\\\/anuncia-el-pas-que-diputados-locales-presentaran-informe-de-su-primer-ano-como-legisladores\\\/#respond\"]}]},{\"@type\":\"WebPage\",\"@id\":\"https:\\\/\\\/fuentesfidedignas.com.mx\\\/index.php\\\/2022\\\/09\\\/26\\\/anuncia-el-pas-que-diputados-locales-presentaran-informe-de-su-primer-ano-como-legisladores\\\/\",\"url\":\"https:\\\/\\\/fuentesfidedignas.com.mx\\\/index.php\\\/2022\\\/09\\\/26\\\/anuncia-el-pas-que-diputados-locales-presentaran-informe-de-su-primer-ano-como-legisladores\\\/\",\"name\":\"Anuncia el PAS que diputados locales presentar\u00e1n informe de su primer a\u00f1o como legisladores - Fuentes Fidedignas\",\"isPartOf\":{\"@id\":\"https:\\\/\\\/fuentesfidedignas.com.mx\\\/#website\"},\"primaryImageOfPage\":{\"@id\":\"https:\\\/\\\/fuentesfidedignas.com.mx\\\/index.php\\\/2022\\\/09\\\/26\\\/anuncia-el-pas-que-diputados-locales-presentaran-informe-de-su-primer-ano-como-legisladores\\\/#primaryimage\"},\"image\":{\"@id\":\"https:\\\/\\\/fuentesfidedignas.com.mx\\\/index.php\\\/2022\\\/09\\\/26\\\/anuncia-el-pas-que-diputados-locales-presentaran-informe-de-su-primer-ano-como-legisladores\\\/#primaryimage\"},\"thumbnailUrl\":\"https:\\\/\\\/fuentesfidedignas.com.mx\\\/wp-content\\\/uploads\\\/2022\\\/09\\\/IMG-20220926-WA0012.jpg\",\"datePublished\":\"2022-09-26T17:32:09+00:00\",\"dateModified\":\"2022-09-26T17:32:10+00:00\",\"breadcrumb\":{\"@id\":\"https:\\\/\\\/fuentesfidedignas.com.mx\\\/index.php\\\/2022\\\/09\\\/26\\\/anuncia-el-pas-que-diputados-locales-presentaran-informe-de-su-primer-ano-como-legisladores\\\/#breadcrumb\"},\"inLanguage\":\"es\",\"potentialAction\":[{\"@type\":\"ReadAction\",\"target\":[\"https:\\\/\\\/fuentesfidedignas.com.mx\\\/index.php\\\/2022\\\/09\\\/26\\\/anuncia-el-pas-que-diputados-locales-presentaran-informe-de-su-primer-ano-como-legisladores\\\/\"]}]},{\"@type\":\"ImageObject\",\"inLanguage\":\"es\",\"@id\":\"https:\\\/\\\/fuentesfidedignas.com.mx\\\/index.php\\\/2022\\\/09\\\/26\\\/anuncia-el-pas-que-diputados-locales-presentaran-informe-de-su-primer-ano-como-legisladores\\\/#primaryimage\",\"url\":\"https:\\\/\\\/fuentesfidedignas.com.mx\\\/wp-content\\\/uploads\\\/2022\\\/09\\\/IMG-20220926-WA0012.jpg\",\"contentUrl\":\"https:\\\/\\\/fuentesfidedignas.com.mx\\\/wp-content\\\/uploads\\\/2022\\\/09\\\/IMG-20220926-WA0012.jpg\",\"width\":1024,\"height\":768},{\"@type\":\"BreadcrumbList\",\"@id\":\"https:\\\/\\\/fuentesfidedignas.com.mx\\\/index.php\\\/2022\\\/09\\\/26\\\/anuncia-el-pas-que-diputados-locales-presentaran-informe-de-su-primer-ano-como-legisladores\\\/#breadcrumb\",\"itemListElement\":[{\"@type\":\"ListItem\",\"position\":1,\"name\":\"Inicio\",\"item\":\"https:\\\/\\\/fuentesfidedignas.com.mx\\\/\"},{\"@type\":\"ListItem\",\"position\":2,\"name\":\"Anuncia el PAS que diputados locales presentar\u00e1n informe de su primer a\u00f1o como legisladores\"}]},{\"@type\":\"WebSite\",\"@id\":\"https:\\\/\\\/fuentesfidedignas.com.mx\\\/#website\",\"url\":\"https:\\\/\\\/fuentesfidedignas.com.mx\\\/\",\"name\":\"Fuentes Fidedignas\",\"description\":\"Otro sitio realizado con WordPress\",\"publisher\":{\"@id\":\"https:\\\/\\\/fuentesfidedignas.com.mx\\\/#organization\"},\"potentialAction\":[{\"@type\":\"SearchAction\",\"target\":{\"@type\":\"EntryPoint\",\"urlTemplate\":\"https:\\\/\\\/fuentesfidedignas.com.mx\\\/?s={search_term_string}\"},\"query-input\":{\"@type\":\"PropertyValueSpecification\",\"valueRequired\":true,\"valueName\":\"search_term_string\"}}],\"inLanguage\":\"es\"},{\"@type\":\"Organization\",\"@id\":\"https:\\\/\\\/fuentesfidedignas.com.mx\\\/#organization\",\"name\":\"Fuentes Fidedignas\",\"url\":\"https:\\\/\\\/fuentesfidedignas.com.mx\\\/\",\"logo\":{\"@type\":\"ImageObject\",\"inLanguage\":\"es\",\"@id\":\"https:\\\/\\\/fuentesfidedignas.com.mx\\\/#\\\/schema\\\/logo\\\/image\\\/\",\"url\":\"https:\\\/\\\/fuentesfidedignas.com.mx\\\/wp-content\\\/uploads\\\/2021\\\/04\\\/logo-retina.png\",\"contentUrl\":\"https:\\\/\\\/fuentesfidedignas.com.mx\\\/wp-content\\\/uploads\\\/2021\\\/04\\\/logo-retina.png\",\"width\":280,\"height\":51,\"caption\":\"Fuentes Fidedignas\"},\"image\":{\"@id\":\"https:\\\/\\\/fuentesfidedignas.com.mx\\\/#\\\/schema\\\/logo\\\/image\\\/\"},\"sameAs\":[\"https:\\\/\\\/www.facebook.com\\\/Fuentes-Fidedignas-368234489921644\",\"https:\\\/\\\/x.com\\\/fidedignas\"]},{\"@type\":\"Person\",\"@id\":\"https:\\\/\\\/fuentesfidedignas.com.mx\\\/#\\\/schema\\\/person\\\/c77df25c00baae1d4fdc0340db6f364c\",\"name\":\"Leonardo Gutierrez\",\"image\":{\"@type\":\"ImageObject\",\"inLanguage\":\"es\",\"@id\":\"https:\\\/\\\/secure.gravatar.com\\\/avatar\\\/17b13a7a986cc98ca4d7337340bcac5945cbae677961c354aefb3c7962c8cc1f?s=96&d=mm&r=g\",\"url\":\"https:\\\/\\\/secure.gravatar.com\\\/avatar\\\/17b13a7a986cc98ca4d7337340bcac5945cbae677961c354aefb3c7962c8cc1f?s=96&d=mm&r=g\",\"contentUrl\":\"https:\\\/\\\/secure.gravatar.com\\\/avatar\\\/17b13a7a986cc98ca4d7337340bcac5945cbae677961c354aefb3c7962c8cc1f?s=96&d=mm&r=g\",\"caption\":\"Leonardo Gutierrez\"},\"url\":\"https:\\\/\\\/fuentesfidedignas.com.mx\\\/index.php\\\/author\\\/leonardogut\\\/\"}]}<\/script>\n<!-- \/ Yoast SEO plugin. -->","yoast_head_json":{"title":"Anuncia el PAS que diputados locales presentar\u00e1n informe de su primer a\u00f1o como legisladores - Fuentes Fidedignas","robots":{"index":"index","follow":"follow","max-snippet":"max-snippet:-1","max-image-preview":"max-image-preview:large","max-video-preview":"max-video-preview:-1"},"canonical":"https:\/\/fuentesfidedignas.com.mx\/index.php\/2022\/09\/26\/anuncia-el-pas-que-diputados-locales-presentaran-informe-de-su-primer-ano-como-legisladores\/","og_locale":"es_MX","og_type":"article","og_title":"Anuncia el PAS que diputados locales presentar\u00e1n informe de su primer a\u00f1o como legisladores - Fuentes Fidedignas","og_description":"Ser\u00e1n legisladores representantes de los municipios de Mazatl\u00e1n, Culiac\u00e1n, Guasave y Ahome quienes den a conocer su trabajo Culiac\u00e1n, Sin.- El presidente del Partido Sinaloense (PAS) a nivel estatal, V\u00edctor Antonio Corrales Burgue\u00f1o inform\u00f3 en rueda de prensa que ser\u00e1 a partir del pr\u00f3ximo jueves cuando los diputados locales den a conocer las acciones que [&hellip;]","og_url":"https:\/\/fuentesfidedignas.com.mx\/index.php\/2022\/09\/26\/anuncia-el-pas-que-diputados-locales-presentaran-informe-de-su-primer-ano-como-legisladores\/","og_site_name":"Fuentes Fidedignas","article_publisher":"https:\/\/www.facebook.com\/Fuentes-Fidedignas-368234489921644","article_published_time":"2022-09-26T17:32:09+00:00","article_modified_time":"2022-09-26T17:32:10+00:00","og_image":[{"width":1024,"height":768,"url":"https:\/\/fuentesfidedignas.com.mx\/wp-content\/uploads\/2022\/09\/IMG-20220926-WA0012.jpg","type":"image\/jpeg"}],"author":"Leonardo Gutierrez","twitter_card":"summary_large_image","twitter_creator":"@fidedignas","twitter_site":"@fidedignas","twitter_misc":{"Escrito por":"Leonardo Gutierrez","Tiempo de lectura":"1 minuto"},"schema":{"@context":"https:\/\/schema.org","@graph":[{"@type":"Article","@id":"https:\/\/fuentesfidedignas.com.mx\/index.php\/2022\/09\/26\/anuncia-el-pas-que-diputados-locales-presentaran-informe-de-su-primer-ano-como-legisladores\/#article","isPartOf":{"@id":"https:\/\/fuentesfidedignas.com.mx\/index.php\/2022\/09\/26\/anuncia-el-pas-que-diputados-locales-presentaran-informe-de-su-primer-ano-como-legisladores\/"},"author":{"name":"Leonardo Gutierrez","@id":"https:\/\/fuentesfidedignas.com.mx\/#\/schema\/person\/c77df25c00baae1d4fdc0340db6f364c"},"headline":"Anuncia el PAS que diputados locales presentar\u00e1n informe de su primer a\u00f1o como legisladores","datePublished":"2022-09-26T17:32:09+00:00","dateModified":"2022-09-26T17:32:10+00:00","mainEntityOfPage":{"@id":"https:\/\/fuentesfidedignas.com.mx\/index.php\/2022\/09\/26\/anuncia-el-pas-que-diputados-locales-presentaran-informe-de-su-primer-ano-como-legisladores\/"},"wordCount":237,"commentCount":0,"publisher":{"@id":"https:\/\/fuentesfidedignas.com.mx\/#organization"},"image":{"@id":"https:\/\/fuentesfidedignas.com.mx\/index.php\/2022\/09\/26\/anuncia-el-pas-que-diputados-locales-presentaran-informe-de-su-primer-ano-como-legisladores\/#primaryimage"},"thumbnailUrl":"https:\/\/fuentesfidedignas.com.mx\/wp-content\/uploads\/2022\/09\/IMG-20220926-WA0012.jpg","articleSection":["NOTICIAS LOCALES"],"inLanguage":"es","potentialAction":[{"@type":"CommentAction","name":"Comment","target":["https:\/\/fuentesfidedignas.com.mx\/index.php\/2022\/09\/26\/anuncia-el-pas-que-diputados-locales-presentaran-informe-de-su-primer-ano-como-legisladores\/#respond"]}]},{"@type":"WebPage","@id":"https:\/\/fuentesfidedignas.com.mx\/index.php\/2022\/09\/26\/anuncia-el-pas-que-diputados-locales-presentaran-informe-de-su-primer-ano-como-legisladores\/","url":"https:\/\/fuentesfidedignas.com.mx\/index.php\/2022\/09\/26\/anuncia-el-pas-que-diputados-locales-presentaran-informe-de-su-primer-ano-como-legisladores\/","name":"Anuncia el PAS que diputados locales presentar\u00e1n informe de su primer a\u00f1o como legisladores - Fuentes Fidedignas","isPartOf":{"@id":"https:\/\/fuentesfidedignas.com.mx\/#website"},"primaryImageOfPage":{"@id":"https:\/\/fuentesfidedignas.com.mx\/index.php\/2022\/09\/26\/anuncia-el-pas-que-diputados-locales-presentaran-informe-de-su-primer-ano-como-legisladores\/#primaryimage"},"image":{"@id":"https:\/\/fuentesfidedignas.com.mx\/index.php\/2022\/09\/26\/anuncia-el-pas-que-diputados-locales-presentaran-informe-de-su-primer-ano-como-legisladores\/#primaryimage"},"thumbnailUrl":"https:\/\/fuentesfidedignas.com.mx\/wp-content\/uploads\/2022\/09\/IMG-20220926-WA0012.jpg","datePublished":"2022-09-26T17:32:09+00:00","dateModified":"2022-09-26T17:32:10+00:00","breadcrumb":{"@id":"https:\/\/fuentesfidedignas.com.mx\/index.php\/2022\/09\/26\/anuncia-el-pas-que-diputados-locales-presentaran-informe-de-su-primer-ano-como-legisladores\/#breadcrumb"},"inLanguage":"es","potentialAction":[{"@type":"ReadAction","target":["https:\/\/fuentesfidedignas.com.mx\/index.php\/2022\/09\/26\/anuncia-el-pas-que-diputados-locales-presentaran-informe-de-su-primer-ano-como-legisladores\/"]}]},{"@type":"ImageObject","inLanguage":"es","@id":"https:\/\/fuentesfidedignas.com.mx\/index.php\/2022\/09\/26\/anuncia-el-pas-que-diputados-locales-presentaran-informe-de-su-primer-ano-como-legisladores\/#primaryimage","url":"https:\/\/fuentesfidedignas.com.mx\/wp-content\/uploads\/2022\/09\/IMG-20220926-WA0012.jpg","contentUrl":"https:\/\/fuentesfidedignas.com.mx\/wp-content\/uploads\/2022\/09\/IMG-20220926-WA0012.jpg","width":1024,"height":768},{"@type":"BreadcrumbList","@id":"https:\/\/fuentesfidedignas.com.mx\/index.php\/2022\/09\/26\/anuncia-el-pas-que-diputados-locales-presentaran-informe-de-su-primer-ano-como-legisladores\/#breadcrumb","itemListElement":[{"@type":"ListItem","position":1,"name":"Inicio","item":"https:\/\/fuentesfidedignas.com.mx\/"},{"@type":"ListItem","position":2,"name":"Anuncia el PAS que diputados locales presentar\u00e1n informe de su primer a\u00f1o como legisladores"}]},{"@type":"WebSite","@id":"https:\/\/fuentesfidedignas.com.mx\/#website","url":"https:\/\/fuentesfidedignas.com.mx\/","name":"Fuentes Fidedignas","description":"Otro sitio realizado con WordPress","publisher":{"@id":"https:\/\/fuentesfidedignas.com.mx\/#organization"},"potentialAction":[{"@type":"SearchAction","target":{"@type":"EntryPoint","urlTemplate":"https:\/\/fuentesfidedignas.com.mx\/?s={search_term_string}"},"query-input":{"@type":"PropertyValueSpecification","valueRequired":true,"valueName":"search_term_string"}}],"inLanguage":"es"},{"@type":"Organization","@id":"https:\/\/fuentesfidedignas.com.mx\/#organization","name":"Fuentes Fidedignas","url":"https:\/\/fuentesfidedignas.com.mx\/","logo":{"@type":"ImageObject","inLanguage":"es","@id":"https:\/\/fuentesfidedignas.com.mx\/#\/schema\/logo\/image\/","url":"https:\/\/fuentesfidedignas.com.mx\/wp-content\/uploads\/2021\/04\/logo-retina.png","contentUrl":"https:\/\/fuentesfidedignas.com.mx\/wp-content\/uploads\/2021\/04\/logo-retina.png","width":280,"height":51,"caption":"Fuentes Fidedignas"},"image":{"@id":"https:\/\/fuentesfidedignas.com.mx\/#\/schema\/logo\/image\/"},"sameAs":["https:\/\/www.facebook.com\/Fuentes-Fidedignas-368234489921644","https:\/\/x.com\/fidedignas"]},{"@type":"Person","@id":"https:\/\/fuentesfidedignas.com.mx\/#\/schema\/person\/c77df25c00baae1d4fdc0340db6f364c","name":"Leonardo Gutierrez","image":{"@type":"ImageObject","inLanguage":"es","@id":"https:\/\/secure.gravatar.com\/avatar\/17b13a7a986cc98ca4d7337340bcac5945cbae677961c354aefb3c7962c8cc1f?s=96&d=mm&r=g","url":"https:\/\/secure.gravatar.com\/avatar\/17b13a7a986cc98ca4d7337340bcac5945cbae677961c354aefb3c7962c8cc1f?s=96&d=mm&r=g","contentUrl":"https:\/\/secure.gravatar.com\/avatar\/17b13a7a986cc98ca4d7337340bcac5945cbae677961c354aefb3c7962c8cc1f?s=96&d=mm&r=g","caption":"Leonardo Gutierrez"},"url":"https:\/\/fuentesfidedignas.com.mx\/index.php\/author\/leonardogut\/"}]}},"_links":{"self":[{"href":"https:\/\/fuentesfidedignas.com.mx\/index.php\/wp-json\/wp\/v2\/posts\/43274","targetHints":{"allow":["GET"]}}],"collection":[{"href":"https:\/\/fuentesfidedignas.com.mx\/index.php\/wp-json\/wp\/v2\/posts"}],"about":[{"href":"https:\/\/fuentesfidedignas.com.mx\/index.php\/wp-json\/wp\/v2\/types\/post"}],"author":[{"embeddable":true,"href":"https:\/\/fuentesfidedignas.com.mx\/index.php\/wp-json\/wp\/v2\/users\/112"}],"replies":[{"embeddable":true,"href":"https:\/\/fuentesfidedignas.com.mx\/index.php\/wp-json\/wp\/v2\/comments?post=43274"}],"version-history":[{"count":1,"href":"https:\/\/fuentesfidedignas.com.mx\/index.php\/wp-json\/wp\/v2\/posts\/43274\/revisions"}],"predecessor-version":[{"id":43276,"href":"https:\/\/fuentesfidedignas.com.mx\/index.php\/wp-json\/wp\/v2\/posts\/43274\/revisions\/43276"}],"wp:featuredmedia":[{"embeddable":true,"href":"https:\/\/fuentesfidedignas.com.mx\/index.php\/wp-json\/wp\/v2\/media\/43275"}],"wp:attachment":[{"href":"https:\/\/fuentesfidedignas.com.mx\/index.php\/wp-json\/wp\/v2\/media?parent=43274"}],"wp:term":[{"taxonomy":"category","embeddable":true,"href":"https:\/\/fuentesfidedignas.com.mx\/index.php\/wp-json\/wp\/v2\/categories?post=43274"},{"taxonomy":"post_tag","embeddable":true,"href":"https:\/\/fuentesfidedignas.com.mx\/index.php\/wp-json\/wp\/v2\/tags?post=43274"}],"curies":[{"name":"wp","href":"https:\/\/api.w.org\/{rel}","templated":true}]}}