{"id":43260,"date":"2022-09-26T09:33:44","date_gmt":"2022-09-26T15:33:44","guid":{"rendered":"https:\/\/fuentesfidedignas.com.mx\/?p=43260"},"modified":"2022-09-26T10:07:02","modified_gmt":"2022-09-26T16:07:02","slug":"ratifica-el-pas-su-apoyo-a-adan-augusto-como-el-candidato-de-morena-a-la-presidencia-de-la-republica","status":"publish","type":"post","link":"https:\/\/fuentesfidedignas.com.mx\/index.php\/2022\/09\/26\/ratifica-el-pas-su-apoyo-a-adan-augusto-como-el-candidato-de-morena-a-la-presidencia-de-la-republica\/","title":{"rendered":"Ratifica el PAS su apoyo a Ad\u00e1n Augusto como el candidato de morena a la presidencia de la Rep\u00fablica"},"content":{"rendered":"\n<p><strong><em>Adelant\u00f3 que como partido iniciaran actividades en pro de L\u00f3pez Hern\u00e1ndez para que los sinaloenses al igual que ellos como instituci\u00f3n pol\u00edtica se unan a brindarle el apoyo<\/em><\/strong><\/p>\n\n\n\n<p>Culiac\u00e1n, Sinaloa.- H\u00e9ctor Melesio Cu\u00e9n Ojeda inform\u00f3 que la semana pasada sostuvo reuni\u00f3n en la ciudad de M\u00e9xico en donde se trat\u00f3 el tema de los presidenciables de morena y ellos ratificaron su apoyo a Ad\u00e1n Augusto L\u00f3pez Hern\u00e1ndez para que \u00e9l sea el candidato que represente a morena.<\/p>\n\n\n\n<p>&#8220;Sostuve una reuni\u00f3n porque hay muchos rumores en lo que concierne a los posibles candidatos a la presidencia de la Rep\u00fablica por el partido morena, ya me ratific\u00f3 que va por la presidencia de la Rep\u00fablica, desde luego siempre salvaguardando lo que es el estado de derecho en el caso de Ad\u00e1n Augusto L\u00f3pez Hern\u00e1ndez, y nosotros ratificamos como Partido Sinaloense nuestro apoyo&#8221;, detall\u00f3.<\/p>\n\n\n\n<p>Adelant\u00f3 que como partido iniciaran actividades en pro de L\u00f3pez Hern\u00e1ndez para que los sinaloenses al igual que ellos como instituci\u00f3n pol\u00edtica se unan a brindar apoyo a L\u00f3pez Hern\u00e1ndez para que el sea el sucesor de Andr\u00e9s Manuel L\u00f3pez Obrador.<\/p>\n\n\n\n<p>&#8220;Ratificamos y ustedes van a empezar a ver ya el movimiento que vamos a tener como PAS a Ad\u00e1n Augusto, nosotros ya es un hecho, nosotros ya confirmamos, lo dijimos hace meses, nosotros no andamos en dos aguas, nosotros no tenemos metido un pie all\u00e1 y otro ac\u00e1&#8221;, sentenci\u00f3 Cu\u00e9n Ojeda.<\/p>\n\n\n\n<p><\/p>\n","protected":false},"excerpt":{"rendered":"<p>Adelant\u00f3 que como partido iniciaran actividades en pro de L\u00f3pez Hern\u00e1ndez para que los sinaloenses al igual que ellos como instituci\u00f3n pol\u00edtica se unan a brindarle el apoyo Culiac\u00e1n, Sinaloa.- H\u00e9ctor Melesio Cu\u00e9n Ojeda inform\u00f3 que la semana pasada sostuvo reuni\u00f3n en la ciudad de M\u00e9xico en donde se trat\u00f3 el tema de los presidenciables [&hellip;]<\/p>\n","protected":false},"author":112,"featured_media":43261,"comment_status":"open","ping_status":"open","sticky":false,"template":"","format":"standard","meta":{"tdm_status":"","tdm_grid_status":"","footnotes":""},"categories":[37],"tags":[],"class_list":{"0":"post-43260","1":"post","2":"type-post","3":"status-publish","4":"format-standard","5":"has-post-thumbnail","7":"category-nota-principal"},"yoast_head":"<!-- This site is optimized with the Yoast SEO plugin v27.4 - https:\/\/yoast.com\/product\/yoast-seo-wordpress\/ -->\n<title>Ratifica el PAS su apoyo a Ad\u00e1n Augusto como el candidato de morena a la presidencia de la Rep\u00fablica - Fuentes Fidedignas<\/title>\n<meta name=\"robots\" content=\"index, follow, max-snippet:-1, max-image-preview:large, max-video-preview:-1\" \/>\n<link rel=\"canonical\" href=\"https:\/\/fuentesfidedignas.com.mx\/index.php\/2022\/09\/26\/ratifica-el-pas-su-apoyo-a-adan-augusto-como-el-candidato-de-morena-a-la-presidencia-de-la-republica\/\" \/>\n<meta property=\"og:locale\" content=\"es_MX\" \/>\n<meta property=\"og:type\" content=\"article\" \/>\n<meta property=\"og:title\" content=\"Ratifica el PAS su apoyo a Ad\u00e1n Augusto como el candidato de morena a la presidencia de la Rep\u00fablica - Fuentes Fidedignas\" \/>\n<meta property=\"og:description\" content=\"Adelant\u00f3 que como partido iniciaran actividades en pro de L\u00f3pez Hern\u00e1ndez para que los sinaloenses al igual que ellos como instituci\u00f3n pol\u00edtica se unan a brindarle el apoyo Culiac\u00e1n, Sinaloa.- H\u00e9ctor Melesio Cu\u00e9n Ojeda inform\u00f3 que la semana pasada sostuvo reuni\u00f3n en la ciudad de M\u00e9xico en donde se trat\u00f3 el tema de los presidenciables [&hellip;]\" \/>\n<meta property=\"og:url\" content=\"https:\/\/fuentesfidedignas.com.mx\/index.php\/2022\/09\/26\/ratifica-el-pas-su-apoyo-a-adan-augusto-como-el-candidato-de-morena-a-la-presidencia-de-la-republica\/\" \/>\n<meta property=\"og:site_name\" content=\"Fuentes Fidedignas\" \/>\n<meta property=\"article:publisher\" content=\"https:\/\/www.facebook.com\/Fuentes-Fidedignas-368234489921644\" \/>\n<meta property=\"article:published_time\" content=\"2022-09-26T15:33:44+00:00\" \/>\n<meta property=\"article:modified_time\" content=\"2022-09-26T16:07:02+00:00\" \/>\n<meta property=\"og:image\" content=\"https:\/\/fuentesfidedignas.com.mx\/wp-content\/uploads\/2022\/09\/IMG-20220926-WA0025.jpg\" \/>\n\t<meta property=\"og:image:width\" content=\"1024\" \/>\n\t<meta property=\"og:image:height\" content=\"768\" \/>\n\t<meta property=\"og:image:type\" content=\"image\/jpeg\" \/>\n<meta name=\"author\" content=\"Leonardo Gutierrez\" \/>\n<meta name=\"twitter:card\" content=\"summary_large_image\" \/>\n<meta name=\"twitter:creator\" content=\"@fidedignas\" \/>\n<meta name=\"twitter:site\" content=\"@fidedignas\" \/>\n<meta name=\"twitter:label1\" content=\"Escrito por\" \/>\n\t<meta name=\"twitter:data1\" content=\"Leonardo Gutierrez\" \/>\n\t<meta name=\"twitter:label2\" content=\"Tiempo de lectura\" \/>\n\t<meta name=\"twitter:data2\" content=\"2 minutos\" \/>\n<script type=\"application\/ld+json\" class=\"yoast-schema-graph\">{\"@context\":\"https:\\\/\\\/schema.org\",\"@graph\":[{\"@type\":\"Article\",\"@id\":\"https:\\\/\\\/fuentesfidedignas.com.mx\\\/index.php\\\/2022\\\/09\\\/26\\\/ratifica-el-pas-su-apoyo-a-adan-augusto-como-el-candidato-de-morena-a-la-presidencia-de-la-republica\\\/#article\",\"isPartOf\":{\"@id\":\"https:\\\/\\\/fuentesfidedignas.com.mx\\\/index.php\\\/2022\\\/09\\\/26\\\/ratifica-el-pas-su-apoyo-a-adan-augusto-como-el-candidato-de-morena-a-la-presidencia-de-la-republica\\\/\"},\"author\":{\"name\":\"Leonardo Gutierrez\",\"@id\":\"https:\\\/\\\/fuentesfidedignas.com.mx\\\/#\\\/schema\\\/person\\\/c77df25c00baae1d4fdc0340db6f364c\"},\"headline\":\"Ratifica el PAS su apoyo a Ad\u00e1n Augusto como el candidato de morena a la presidencia de la Rep\u00fablica\",\"datePublished\":\"2022-09-26T15:33:44+00:00\",\"dateModified\":\"2022-09-26T16:07:02+00:00\",\"mainEntityOfPage\":{\"@id\":\"https:\\\/\\\/fuentesfidedignas.com.mx\\\/index.php\\\/2022\\\/09\\\/26\\\/ratifica-el-pas-su-apoyo-a-adan-augusto-como-el-candidato-de-morena-a-la-presidencia-de-la-republica\\\/\"},\"wordCount\":283,\"commentCount\":0,\"publisher\":{\"@id\":\"https:\\\/\\\/fuentesfidedignas.com.mx\\\/#organization\"},\"image\":{\"@id\":\"https:\\\/\\\/fuentesfidedignas.com.mx\\\/index.php\\\/2022\\\/09\\\/26\\\/ratifica-el-pas-su-apoyo-a-adan-augusto-como-el-candidato-de-morena-a-la-presidencia-de-la-republica\\\/#primaryimage\"},\"thumbnailUrl\":\"https:\\\/\\\/fuentesfidedignas.com.mx\\\/wp-content\\\/uploads\\\/2022\\\/09\\\/IMG-20220926-WA0025.jpg\",\"articleSection\":[\"NOTA PRINCIPAL\"],\"inLanguage\":\"es\",\"potentialAction\":[{\"@type\":\"CommentAction\",\"name\":\"Comment\",\"target\":[\"https:\\\/\\\/fuentesfidedignas.com.mx\\\/index.php\\\/2022\\\/09\\\/26\\\/ratifica-el-pas-su-apoyo-a-adan-augusto-como-el-candidato-de-morena-a-la-presidencia-de-la-republica\\\/#respond\"]}]},{\"@type\":\"WebPage\",\"@id\":\"https:\\\/\\\/fuentesfidedignas.com.mx\\\/index.php\\\/2022\\\/09\\\/26\\\/ratifica-el-pas-su-apoyo-a-adan-augusto-como-el-candidato-de-morena-a-la-presidencia-de-la-republica\\\/\",\"url\":\"https:\\\/\\\/fuentesfidedignas.com.mx\\\/index.php\\\/2022\\\/09\\\/26\\\/ratifica-el-pas-su-apoyo-a-adan-augusto-como-el-candidato-de-morena-a-la-presidencia-de-la-republica\\\/\",\"name\":\"Ratifica el PAS su apoyo a Ad\u00e1n Augusto como el candidato de morena a la presidencia de la Rep\u00fablica - Fuentes Fidedignas\",\"isPartOf\":{\"@id\":\"https:\\\/\\\/fuentesfidedignas.com.mx\\\/#website\"},\"primaryImageOfPage\":{\"@id\":\"https:\\\/\\\/fuentesfidedignas.com.mx\\\/index.php\\\/2022\\\/09\\\/26\\\/ratifica-el-pas-su-apoyo-a-adan-augusto-como-el-candidato-de-morena-a-la-presidencia-de-la-republica\\\/#primaryimage\"},\"image\":{\"@id\":\"https:\\\/\\\/fuentesfidedignas.com.mx\\\/index.php\\\/2022\\\/09\\\/26\\\/ratifica-el-pas-su-apoyo-a-adan-augusto-como-el-candidato-de-morena-a-la-presidencia-de-la-republica\\\/#primaryimage\"},\"thumbnailUrl\":\"https:\\\/\\\/fuentesfidedignas.com.mx\\\/wp-content\\\/uploads\\\/2022\\\/09\\\/IMG-20220926-WA0025.jpg\",\"datePublished\":\"2022-09-26T15:33:44+00:00\",\"dateModified\":\"2022-09-26T16:07:02+00:00\",\"breadcrumb\":{\"@id\":\"https:\\\/\\\/fuentesfidedignas.com.mx\\\/index.php\\\/2022\\\/09\\\/26\\\/ratifica-el-pas-su-apoyo-a-adan-augusto-como-el-candidato-de-morena-a-la-presidencia-de-la-republica\\\/#breadcrumb\"},\"inLanguage\":\"es\",\"potentialAction\":[{\"@type\":\"ReadAction\",\"target\":[\"https:\\\/\\\/fuentesfidedignas.com.mx\\\/index.php\\\/2022\\\/09\\\/26\\\/ratifica-el-pas-su-apoyo-a-adan-augusto-como-el-candidato-de-morena-a-la-presidencia-de-la-republica\\\/\"]}]},{\"@type\":\"ImageObject\",\"inLanguage\":\"es\",\"@id\":\"https:\\\/\\\/fuentesfidedignas.com.mx\\\/index.php\\\/2022\\\/09\\\/26\\\/ratifica-el-pas-su-apoyo-a-adan-augusto-como-el-candidato-de-morena-a-la-presidencia-de-la-republica\\\/#primaryimage\",\"url\":\"https:\\\/\\\/fuentesfidedignas.com.mx\\\/wp-content\\\/uploads\\\/2022\\\/09\\\/IMG-20220926-WA0025.jpg\",\"contentUrl\":\"https:\\\/\\\/fuentesfidedignas.com.mx\\\/wp-content\\\/uploads\\\/2022\\\/09\\\/IMG-20220926-WA0025.jpg\",\"width\":1024,\"height\":768},{\"@type\":\"BreadcrumbList\",\"@id\":\"https:\\\/\\\/fuentesfidedignas.com.mx\\\/index.php\\\/2022\\\/09\\\/26\\\/ratifica-el-pas-su-apoyo-a-adan-augusto-como-el-candidato-de-morena-a-la-presidencia-de-la-republica\\\/#breadcrumb\",\"itemListElement\":[{\"@type\":\"ListItem\",\"position\":1,\"name\":\"Inicio\",\"item\":\"https:\\\/\\\/fuentesfidedignas.com.mx\\\/\"},{\"@type\":\"ListItem\",\"position\":2,\"name\":\"Ratifica el PAS su apoyo a Ad\u00e1n Augusto como el candidato de morena a la presidencia de la Rep\u00fablica\"}]},{\"@type\":\"WebSite\",\"@id\":\"https:\\\/\\\/fuentesfidedignas.com.mx\\\/#website\",\"url\":\"https:\\\/\\\/fuentesfidedignas.com.mx\\\/\",\"name\":\"Fuentes Fidedignas\",\"description\":\"Otro sitio realizado con WordPress\",\"publisher\":{\"@id\":\"https:\\\/\\\/fuentesfidedignas.com.mx\\\/#organization\"},\"potentialAction\":[{\"@type\":\"SearchAction\",\"target\":{\"@type\":\"EntryPoint\",\"urlTemplate\":\"https:\\\/\\\/fuentesfidedignas.com.mx\\\/?s={search_term_string}\"},\"query-input\":{\"@type\":\"PropertyValueSpecification\",\"valueRequired\":true,\"valueName\":\"search_term_string\"}}],\"inLanguage\":\"es\"},{\"@type\":\"Organization\",\"@id\":\"https:\\\/\\\/fuentesfidedignas.com.mx\\\/#organization\",\"name\":\"Fuentes Fidedignas\",\"url\":\"https:\\\/\\\/fuentesfidedignas.com.mx\\\/\",\"logo\":{\"@type\":\"ImageObject\",\"inLanguage\":\"es\",\"@id\":\"https:\\\/\\\/fuentesfidedignas.com.mx\\\/#\\\/schema\\\/logo\\\/image\\\/\",\"url\":\"https:\\\/\\\/fuentesfidedignas.com.mx\\\/wp-content\\\/uploads\\\/2021\\\/04\\\/logo-retina.png\",\"contentUrl\":\"https:\\\/\\\/fuentesfidedignas.com.mx\\\/wp-content\\\/uploads\\\/2021\\\/04\\\/logo-retina.png\",\"width\":280,\"height\":51,\"caption\":\"Fuentes Fidedignas\"},\"image\":{\"@id\":\"https:\\\/\\\/fuentesfidedignas.com.mx\\\/#\\\/schema\\\/logo\\\/image\\\/\"},\"sameAs\":[\"https:\\\/\\\/www.facebook.com\\\/Fuentes-Fidedignas-368234489921644\",\"https:\\\/\\\/x.com\\\/fidedignas\"]},{\"@type\":\"Person\",\"@id\":\"https:\\\/\\\/fuentesfidedignas.com.mx\\\/#\\\/schema\\\/person\\\/c77df25c00baae1d4fdc0340db6f364c\",\"name\":\"Leonardo Gutierrez\",\"image\":{\"@type\":\"ImageObject\",\"inLanguage\":\"es\",\"@id\":\"https:\\\/\\\/secure.gravatar.com\\\/avatar\\\/17b13a7a986cc98ca4d7337340bcac5945cbae677961c354aefb3c7962c8cc1f?s=96&d=mm&r=g\",\"url\":\"https:\\\/\\\/secure.gravatar.com\\\/avatar\\\/17b13a7a986cc98ca4d7337340bcac5945cbae677961c354aefb3c7962c8cc1f?s=96&d=mm&r=g\",\"contentUrl\":\"https:\\\/\\\/secure.gravatar.com\\\/avatar\\\/17b13a7a986cc98ca4d7337340bcac5945cbae677961c354aefb3c7962c8cc1f?s=96&d=mm&r=g\",\"caption\":\"Leonardo Gutierrez\"},\"url\":\"https:\\\/\\\/fuentesfidedignas.com.mx\\\/index.php\\\/author\\\/leonardogut\\\/\"}]}<\/script>\n<!-- \/ Yoast SEO plugin. -->","yoast_head_json":{"title":"Ratifica el PAS su apoyo a Ad\u00e1n Augusto como el candidato de morena a la presidencia de la Rep\u00fablica - Fuentes Fidedignas","robots":{"index":"index","follow":"follow","max-snippet":"max-snippet:-1","max-image-preview":"max-image-preview:large","max-video-preview":"max-video-preview:-1"},"canonical":"https:\/\/fuentesfidedignas.com.mx\/index.php\/2022\/09\/26\/ratifica-el-pas-su-apoyo-a-adan-augusto-como-el-candidato-de-morena-a-la-presidencia-de-la-republica\/","og_locale":"es_MX","og_type":"article","og_title":"Ratifica el PAS su apoyo a Ad\u00e1n Augusto como el candidato de morena a la presidencia de la Rep\u00fablica - Fuentes Fidedignas","og_description":"Adelant\u00f3 que como partido iniciaran actividades en pro de L\u00f3pez Hern\u00e1ndez para que los sinaloenses al igual que ellos como instituci\u00f3n pol\u00edtica se unan a brindarle el apoyo Culiac\u00e1n, Sinaloa.- H\u00e9ctor Melesio Cu\u00e9n Ojeda inform\u00f3 que la semana pasada sostuvo reuni\u00f3n en la ciudad de M\u00e9xico en donde se trat\u00f3 el tema de los presidenciables [&hellip;]","og_url":"https:\/\/fuentesfidedignas.com.mx\/index.php\/2022\/09\/26\/ratifica-el-pas-su-apoyo-a-adan-augusto-como-el-candidato-de-morena-a-la-presidencia-de-la-republica\/","og_site_name":"Fuentes Fidedignas","article_publisher":"https:\/\/www.facebook.com\/Fuentes-Fidedignas-368234489921644","article_published_time":"2022-09-26T15:33:44+00:00","article_modified_time":"2022-09-26T16:07:02+00:00","og_image":[{"width":1024,"height":768,"url":"https:\/\/fuentesfidedignas.com.mx\/wp-content\/uploads\/2022\/09\/IMG-20220926-WA0025.jpg","type":"image\/jpeg"}],"author":"Leonardo Gutierrez","twitter_card":"summary_large_image","twitter_creator":"@fidedignas","twitter_site":"@fidedignas","twitter_misc":{"Escrito por":"Leonardo Gutierrez","Tiempo de lectura":"2 minutos"},"schema":{"@context":"https:\/\/schema.org","@graph":[{"@type":"Article","@id":"https:\/\/fuentesfidedignas.com.mx\/index.php\/2022\/09\/26\/ratifica-el-pas-su-apoyo-a-adan-augusto-como-el-candidato-de-morena-a-la-presidencia-de-la-republica\/#article","isPartOf":{"@id":"https:\/\/fuentesfidedignas.com.mx\/index.php\/2022\/09\/26\/ratifica-el-pas-su-apoyo-a-adan-augusto-como-el-candidato-de-morena-a-la-presidencia-de-la-republica\/"},"author":{"name":"Leonardo Gutierrez","@id":"https:\/\/fuentesfidedignas.com.mx\/#\/schema\/person\/c77df25c00baae1d4fdc0340db6f364c"},"headline":"Ratifica el PAS su apoyo a Ad\u00e1n Augusto como el candidato de morena a la presidencia de la Rep\u00fablica","datePublished":"2022-09-26T15:33:44+00:00","dateModified":"2022-09-26T16:07:02+00:00","mainEntityOfPage":{"@id":"https:\/\/fuentesfidedignas.com.mx\/index.php\/2022\/09\/26\/ratifica-el-pas-su-apoyo-a-adan-augusto-como-el-candidato-de-morena-a-la-presidencia-de-la-republica\/"},"wordCount":283,"commentCount":0,"publisher":{"@id":"https:\/\/fuentesfidedignas.com.mx\/#organization"},"image":{"@id":"https:\/\/fuentesfidedignas.com.mx\/index.php\/2022\/09\/26\/ratifica-el-pas-su-apoyo-a-adan-augusto-como-el-candidato-de-morena-a-la-presidencia-de-la-republica\/#primaryimage"},"thumbnailUrl":"https:\/\/fuentesfidedignas.com.mx\/wp-content\/uploads\/2022\/09\/IMG-20220926-WA0025.jpg","articleSection":["NOTA PRINCIPAL"],"inLanguage":"es","potentialAction":[{"@type":"CommentAction","name":"Comment","target":["https:\/\/fuentesfidedignas.com.mx\/index.php\/2022\/09\/26\/ratifica-el-pas-su-apoyo-a-adan-augusto-como-el-candidato-de-morena-a-la-presidencia-de-la-republica\/#respond"]}]},{"@type":"WebPage","@id":"https:\/\/fuentesfidedignas.com.mx\/index.php\/2022\/09\/26\/ratifica-el-pas-su-apoyo-a-adan-augusto-como-el-candidato-de-morena-a-la-presidencia-de-la-republica\/","url":"https:\/\/fuentesfidedignas.com.mx\/index.php\/2022\/09\/26\/ratifica-el-pas-su-apoyo-a-adan-augusto-como-el-candidato-de-morena-a-la-presidencia-de-la-republica\/","name":"Ratifica el PAS su apoyo a Ad\u00e1n Augusto como el candidato de morena a la presidencia de la Rep\u00fablica - Fuentes Fidedignas","isPartOf":{"@id":"https:\/\/fuentesfidedignas.com.mx\/#website"},"primaryImageOfPage":{"@id":"https:\/\/fuentesfidedignas.com.mx\/index.php\/2022\/09\/26\/ratifica-el-pas-su-apoyo-a-adan-augusto-como-el-candidato-de-morena-a-la-presidencia-de-la-republica\/#primaryimage"},"image":{"@id":"https:\/\/fuentesfidedignas.com.mx\/index.php\/2022\/09\/26\/ratifica-el-pas-su-apoyo-a-adan-augusto-como-el-candidato-de-morena-a-la-presidencia-de-la-republica\/#primaryimage"},"thumbnailUrl":"https:\/\/fuentesfidedignas.com.mx\/wp-content\/uploads\/2022\/09\/IMG-20220926-WA0025.jpg","datePublished":"2022-09-26T15:33:44+00:00","dateModified":"2022-09-26T16:07:02+00:00","breadcrumb":{"@id":"https:\/\/fuentesfidedignas.com.mx\/index.php\/2022\/09\/26\/ratifica-el-pas-su-apoyo-a-adan-augusto-como-el-candidato-de-morena-a-la-presidencia-de-la-republica\/#breadcrumb"},"inLanguage":"es","potentialAction":[{"@type":"ReadAction","target":["https:\/\/fuentesfidedignas.com.mx\/index.php\/2022\/09\/26\/ratifica-el-pas-su-apoyo-a-adan-augusto-como-el-candidato-de-morena-a-la-presidencia-de-la-republica\/"]}]},{"@type":"ImageObject","inLanguage":"es","@id":"https:\/\/fuentesfidedignas.com.mx\/index.php\/2022\/09\/26\/ratifica-el-pas-su-apoyo-a-adan-augusto-como-el-candidato-de-morena-a-la-presidencia-de-la-republica\/#primaryimage","url":"https:\/\/fuentesfidedignas.com.mx\/wp-content\/uploads\/2022\/09\/IMG-20220926-WA0025.jpg","contentUrl":"https:\/\/fuentesfidedignas.com.mx\/wp-content\/uploads\/2022\/09\/IMG-20220926-WA0025.jpg","width":1024,"height":768},{"@type":"BreadcrumbList","@id":"https:\/\/fuentesfidedignas.com.mx\/index.php\/2022\/09\/26\/ratifica-el-pas-su-apoyo-a-adan-augusto-como-el-candidato-de-morena-a-la-presidencia-de-la-republica\/#breadcrumb","itemListElement":[{"@type":"ListItem","position":1,"name":"Inicio","item":"https:\/\/fuentesfidedignas.com.mx\/"},{"@type":"ListItem","position":2,"name":"Ratifica el PAS su apoyo a Ad\u00e1n Augusto como el candidato de morena a la presidencia de la Rep\u00fablica"}]},{"@type":"WebSite","@id":"https:\/\/fuentesfidedignas.com.mx\/#website","url":"https:\/\/fuentesfidedignas.com.mx\/","name":"Fuentes Fidedignas","description":"Otro sitio realizado con WordPress","publisher":{"@id":"https:\/\/fuentesfidedignas.com.mx\/#organization"},"potentialAction":[{"@type":"SearchAction","target":{"@type":"EntryPoint","urlTemplate":"https:\/\/fuentesfidedignas.com.mx\/?s={search_term_string}"},"query-input":{"@type":"PropertyValueSpecification","valueRequired":true,"valueName":"search_term_string"}}],"inLanguage":"es"},{"@type":"Organization","@id":"https:\/\/fuentesfidedignas.com.mx\/#organization","name":"Fuentes Fidedignas","url":"https:\/\/fuentesfidedignas.com.mx\/","logo":{"@type":"ImageObject","inLanguage":"es","@id":"https:\/\/fuentesfidedignas.com.mx\/#\/schema\/logo\/image\/","url":"https:\/\/fuentesfidedignas.com.mx\/wp-content\/uploads\/2021\/04\/logo-retina.png","contentUrl":"https:\/\/fuentesfidedignas.com.mx\/wp-content\/uploads\/2021\/04\/logo-retina.png","width":280,"height":51,"caption":"Fuentes Fidedignas"},"image":{"@id":"https:\/\/fuentesfidedignas.com.mx\/#\/schema\/logo\/image\/"},"sameAs":["https:\/\/www.facebook.com\/Fuentes-Fidedignas-368234489921644","https:\/\/x.com\/fidedignas"]},{"@type":"Person","@id":"https:\/\/fuentesfidedignas.com.mx\/#\/schema\/person\/c77df25c00baae1d4fdc0340db6f364c","name":"Leonardo Gutierrez","image":{"@type":"ImageObject","inLanguage":"es","@id":"https:\/\/secure.gravatar.com\/avatar\/17b13a7a986cc98ca4d7337340bcac5945cbae677961c354aefb3c7962c8cc1f?s=96&d=mm&r=g","url":"https:\/\/secure.gravatar.com\/avatar\/17b13a7a986cc98ca4d7337340bcac5945cbae677961c354aefb3c7962c8cc1f?s=96&d=mm&r=g","contentUrl":"https:\/\/secure.gravatar.com\/avatar\/17b13a7a986cc98ca4d7337340bcac5945cbae677961c354aefb3c7962c8cc1f?s=96&d=mm&r=g","caption":"Leonardo Gutierrez"},"url":"https:\/\/fuentesfidedignas.com.mx\/index.php\/author\/leonardogut\/"}]}},"_links":{"self":[{"href":"https:\/\/fuentesfidedignas.com.mx\/index.php\/wp-json\/wp\/v2\/posts\/43260","targetHints":{"allow":["GET"]}}],"collection":[{"href":"https:\/\/fuentesfidedignas.com.mx\/index.php\/wp-json\/wp\/v2\/posts"}],"about":[{"href":"https:\/\/fuentesfidedignas.com.mx\/index.php\/wp-json\/wp\/v2\/types\/post"}],"author":[{"embeddable":true,"href":"https:\/\/fuentesfidedignas.com.mx\/index.php\/wp-json\/wp\/v2\/users\/112"}],"replies":[{"embeddable":true,"href":"https:\/\/fuentesfidedignas.com.mx\/index.php\/wp-json\/wp\/v2\/comments?post=43260"}],"version-history":[{"count":3,"href":"https:\/\/fuentesfidedignas.com.mx\/index.php\/wp-json\/wp\/v2\/posts\/43260\/revisions"}],"predecessor-version":[{"id":43265,"href":"https:\/\/fuentesfidedignas.com.mx\/index.php\/wp-json\/wp\/v2\/posts\/43260\/revisions\/43265"}],"wp:featuredmedia":[{"embeddable":true,"href":"https:\/\/fuentesfidedignas.com.mx\/index.php\/wp-json\/wp\/v2\/media\/43261"}],"wp:attachment":[{"href":"https:\/\/fuentesfidedignas.com.mx\/index.php\/wp-json\/wp\/v2\/media?parent=43260"}],"wp:term":[{"taxonomy":"category","embeddable":true,"href":"https:\/\/fuentesfidedignas.com.mx\/index.php\/wp-json\/wp\/v2\/categories?post=43260"},{"taxonomy":"post_tag","embeddable":true,"href":"https:\/\/fuentesfidedignas.com.mx\/index.php\/wp-json\/wp\/v2\/tags?post=43260"}],"curies":[{"name":"wp","href":"https:\/\/api.w.org\/{rel}","templated":true}]}}