{"id":43118,"date":"2022-09-23T16:00:00","date_gmt":"2022-09-23T22:00:00","guid":{"rendered":"https:\/\/fuentesfidedignas.com.mx\/?p=43118"},"modified":"2022-09-23T16:21:51","modified_gmt":"2022-09-23T22:21:51","slug":"entregan-reconocimientos-a-instituciones-del-sistema-sinaloense-de-investigadores","status":"publish","type":"post","link":"https:\/\/fuentesfidedignas.com.mx\/index.php\/2022\/09\/23\/entregan-reconocimientos-a-instituciones-del-sistema-sinaloense-de-investigadores\/","title":{"rendered":"Entregan reconocimientos a instituciones del Sistema Sinaloense de Investigadores"},"content":{"rendered":"\n<p><strong><em>El gobernador, Rub\u00e9n Rocha Moya reiter\u00f3 su compromiso con las instituciones generadoras de conocimiento.<\/em><\/strong><\/p>\n\n\n\n<p>Culiac\u00e1n, Sin.- En sinton\u00eda con la pol\u00edtica estatal de impulso a la ciencia, tecnolog\u00eda y generaci\u00f3n de conocimientos, el Gobernador Rub\u00e9n Rocha Moya, en conjunto con la Coordinaci\u00f3n General para el Fomento a la Investigaci\u00f3n Cient\u00edfica e Innovaci\u00f3n del Estado de Sinaloa (Confie) que dirige Carlos Karam Qui\u00f1\u00f3nez, encabez\u00f3 la ceremonia de entrega de reconocimientos a instituciones con integrantes en el Sistema Sinaloense de Investigadores y Tecn\u00f3logos (SSIT) 2022.<\/p>\n\n\n\n<p>Karam Qui\u00f1\u00f3nez refrend\u00f3 el compromiso de Gobierno del Estado con el sector de investigaci\u00f3n acad\u00e9mica local, representada en el Sistema y cuyo objetivo es estimular la pr\u00e1ctica cient\u00edfica en t\u00e9rminos generales y distinguir las potencialidades de Sinaloa en materia de ciencia, tecnolog\u00eda e innovaci\u00f3n, mencionando que su labor es poco difundida y por este motivo, resulta muy relevante realizar estos reconocimientos.<\/p>\n\n\n\n<p>&#8220;Este es un evento muy sencillo, yo dir\u00eda simb\u00f3lico, pero que entra\u00f1a un compromiso mutuo entre Gobierno del Estado, a trav\u00e9s de Confie y las instituciones que generan conocimiento. El compromiso que entra\u00f1a es continuar apoy\u00e1ndonos mutuamente, para no solamente crecer el n\u00famero de investigadores en Sinaloa, sino sobre todo, crecer en calidad y cantidad de producci\u00f3n cient\u00edfica en el estado&#8221;, se\u00f1al\u00f3 el Director de Confie.<\/p>\n\n\n\n<p>Rocha Moya reconoci\u00f3 la importancia de las instituciones en la generaci\u00f3n de conocimiento y la necesidad de apoyarlas, adem\u00e1s de tener convicci\u00f3n gubernamental para invertir en estos productos intangibles por su desempe\u00f1o, pero muy valiosos para el desarrollo estatal.<\/p>\n\n\n\n<p>&#8220;En general en las aulas, en las facultades, existe investigaci\u00f3n diversa y yo creo que es una buena tradici\u00f3n, hay que seguirla cultivando. Necesitamos que nuestras universidades, nuestros tecnol\u00f3gicos, nuestras instituciones de educaci\u00f3n superior, sigan acrecentando el bagaje producto de la investigaci\u00f3n, necesitamos, la vinculaci\u00f3n, pues que finalmente es la investigaci\u00f3n aplicada, pero sin lugar a dudas que nosotros tenemos rezagos en la ciencia pura y tambi\u00e9n en la aplicada, necesitamos ser m\u00e1s proactivos en el tema del desarrollo, con el producto acad\u00e9mico&#8221;, expres\u00f3 el Gobernador.<\/p>\n\n\n\n<p>El mandatario estatal entreg\u00f3 reconocimientos a representantes de m\u00faltiples instituciones como la Universidad Aut\u00f3noma de Sinaloa, Universidad Aut\u00f3noma de Occidente, Centro de Investigaci\u00f3n en Alimentaci\u00f3n y Desarrollo, Universidad Polit\u00e9cnica de Sinaloa, Universidad Pedag\u00f3gica del Estado de Sinaloa, Universidad Aut\u00f3noma de M\u00e9xico, Instituto Tecnol\u00f3gico Superior de Guasave, Instituto Tecnol\u00f3gico de Culiac\u00e1n, Universidad Polit\u00e9cnica del Mar y la Sierra, entre otras.<\/p>\n\n\n\n<p>En este importante evento destac\u00f3 la presencia de Juan de Dios G\u00e1mez Mend\u00edvil, Alcalde de Culiac\u00e1n, Cinthia Valenzuela Langarica, Presidente de la Comisi\u00f3n de Ciencia y Tecnolog\u00eda del H. Congreso del Estado y Graciela Dom\u00ednguez Nava, Secretaria de Educaci\u00f3n P\u00fablica y Cultura.<\/p>\n","protected":false},"excerpt":{"rendered":"<p>El gobernador, Rub\u00e9n Rocha Moya reiter\u00f3 su compromiso con las instituciones generadoras de conocimiento. Culiac\u00e1n, Sin.- En sinton\u00eda con la pol\u00edtica estatal de impulso a la ciencia, tecnolog\u00eda y generaci\u00f3n de conocimientos, el Gobernador Rub\u00e9n Rocha Moya, en conjunto con la Coordinaci\u00f3n General para el Fomento a la Investigaci\u00f3n Cient\u00edfica e Innovaci\u00f3n del Estado de [&hellip;]<\/p>\n","protected":false},"author":4,"featured_media":43119,"comment_status":"open","ping_status":"open","sticky":false,"template":"","format":"standard","meta":{"tdm_status":"","tdm_grid_status":"","footnotes":""},"categories":[38],"tags":[],"class_list":{"0":"post-43118","1":"post","2":"type-post","3":"status-publish","4":"format-standard","5":"has-post-thumbnail","7":"category-noticias-locales"},"yoast_head":"<!-- This site is optimized with the Yoast SEO plugin v27.5 - https:\/\/yoast.com\/product\/yoast-seo-wordpress\/ -->\n<title>Entregan reconocimientos a instituciones del Sistema Sinaloense de Investigadores - Fuentes Fidedignas<\/title>\n<meta name=\"robots\" content=\"index, follow, max-snippet:-1, max-image-preview:large, max-video-preview:-1\" \/>\n<link rel=\"canonical\" href=\"https:\/\/fuentesfidedignas.com.mx\/index.php\/2022\/09\/23\/entregan-reconocimientos-a-instituciones-del-sistema-sinaloense-de-investigadores\/\" \/>\n<meta property=\"og:locale\" content=\"es_MX\" \/>\n<meta property=\"og:type\" content=\"article\" \/>\n<meta property=\"og:title\" content=\"Entregan reconocimientos a instituciones del Sistema Sinaloense de Investigadores - Fuentes Fidedignas\" \/>\n<meta property=\"og:description\" content=\"El gobernador, Rub\u00e9n Rocha Moya reiter\u00f3 su compromiso con las instituciones generadoras de conocimiento. Culiac\u00e1n, Sin.- En sinton\u00eda con la pol\u00edtica estatal de impulso a la ciencia, tecnolog\u00eda y generaci\u00f3n de conocimientos, el Gobernador Rub\u00e9n Rocha Moya, en conjunto con la Coordinaci\u00f3n General para el Fomento a la Investigaci\u00f3n Cient\u00edfica e Innovaci\u00f3n del Estado de [&hellip;]\" \/>\n<meta property=\"og:url\" content=\"https:\/\/fuentesfidedignas.com.mx\/index.php\/2022\/09\/23\/entregan-reconocimientos-a-instituciones-del-sistema-sinaloense-de-investigadores\/\" \/>\n<meta property=\"og:site_name\" content=\"Fuentes Fidedignas\" \/>\n<meta property=\"article:publisher\" content=\"https:\/\/www.facebook.com\/Fuentes-Fidedignas-368234489921644\" \/>\n<meta property=\"article:published_time\" content=\"2022-09-23T22:00:00+00:00\" \/>\n<meta property=\"article:modified_time\" content=\"2022-09-23T22:21:51+00:00\" \/>\n<meta property=\"og:image\" content=\"https:\/\/fuentesfidedignas.com.mx\/wp-content\/uploads\/2022\/09\/01fefec8-2755-4594-b4ac-e2c13eac37d5.jpg\" \/>\n\t<meta property=\"og:image:width\" content=\"1024\" \/>\n\t<meta property=\"og:image:height\" content=\"682\" \/>\n\t<meta property=\"og:image:type\" content=\"image\/jpeg\" \/>\n<meta name=\"author\" content=\"Redacci\u00f3n\" \/>\n<meta name=\"twitter:card\" content=\"summary_large_image\" \/>\n<meta name=\"twitter:creator\" content=\"@fidedignas\" \/>\n<meta name=\"twitter:site\" content=\"@fidedignas\" \/>\n<meta name=\"twitter:label1\" content=\"Escrito por\" \/>\n\t<meta name=\"twitter:data1\" content=\"Redacci\u00f3n\" \/>\n\t<meta name=\"twitter:label2\" content=\"Tiempo de lectura\" \/>\n\t<meta name=\"twitter:data2\" content=\"2 minutos\" \/>\n<script type=\"application\/ld+json\" class=\"yoast-schema-graph\">{\"@context\":\"https:\\\/\\\/schema.org\",\"@graph\":[{\"@type\":\"Article\",\"@id\":\"https:\\\/\\\/fuentesfidedignas.com.mx\\\/index.php\\\/2022\\\/09\\\/23\\\/entregan-reconocimientos-a-instituciones-del-sistema-sinaloense-de-investigadores\\\/#article\",\"isPartOf\":{\"@id\":\"https:\\\/\\\/fuentesfidedignas.com.mx\\\/index.php\\\/2022\\\/09\\\/23\\\/entregan-reconocimientos-a-instituciones-del-sistema-sinaloense-de-investigadores\\\/\"},\"author\":{\"name\":\"Redacci\u00f3n\",\"@id\":\"https:\\\/\\\/fuentesfidedignas.com.mx\\\/#\\\/schema\\\/person\\\/331be9283d37198e2acd5750279085b0\"},\"headline\":\"Entregan reconocimientos a instituciones del Sistema Sinaloense de Investigadores\",\"datePublished\":\"2022-09-23T22:00:00+00:00\",\"dateModified\":\"2022-09-23T22:21:51+00:00\",\"mainEntityOfPage\":{\"@id\":\"https:\\\/\\\/fuentesfidedignas.com.mx\\\/index.php\\\/2022\\\/09\\\/23\\\/entregan-reconocimientos-a-instituciones-del-sistema-sinaloense-de-investigadores\\\/\"},\"wordCount\":511,\"commentCount\":0,\"publisher\":{\"@id\":\"https:\\\/\\\/fuentesfidedignas.com.mx\\\/#organization\"},\"image\":{\"@id\":\"https:\\\/\\\/fuentesfidedignas.com.mx\\\/index.php\\\/2022\\\/09\\\/23\\\/entregan-reconocimientos-a-instituciones-del-sistema-sinaloense-de-investigadores\\\/#primaryimage\"},\"thumbnailUrl\":\"https:\\\/\\\/fuentesfidedignas.com.mx\\\/wp-content\\\/uploads\\\/2022\\\/09\\\/01fefec8-2755-4594-b4ac-e2c13eac37d5.jpg\",\"articleSection\":[\"NOTICIAS LOCALES\"],\"inLanguage\":\"es\",\"potentialAction\":[{\"@type\":\"CommentAction\",\"name\":\"Comment\",\"target\":[\"https:\\\/\\\/fuentesfidedignas.com.mx\\\/index.php\\\/2022\\\/09\\\/23\\\/entregan-reconocimientos-a-instituciones-del-sistema-sinaloense-de-investigadores\\\/#respond\"]}]},{\"@type\":\"WebPage\",\"@id\":\"https:\\\/\\\/fuentesfidedignas.com.mx\\\/index.php\\\/2022\\\/09\\\/23\\\/entregan-reconocimientos-a-instituciones-del-sistema-sinaloense-de-investigadores\\\/\",\"url\":\"https:\\\/\\\/fuentesfidedignas.com.mx\\\/index.php\\\/2022\\\/09\\\/23\\\/entregan-reconocimientos-a-instituciones-del-sistema-sinaloense-de-investigadores\\\/\",\"name\":\"Entregan reconocimientos a instituciones del Sistema Sinaloense de Investigadores - Fuentes Fidedignas\",\"isPartOf\":{\"@id\":\"https:\\\/\\\/fuentesfidedignas.com.mx\\\/#website\"},\"primaryImageOfPage\":{\"@id\":\"https:\\\/\\\/fuentesfidedignas.com.mx\\\/index.php\\\/2022\\\/09\\\/23\\\/entregan-reconocimientos-a-instituciones-del-sistema-sinaloense-de-investigadores\\\/#primaryimage\"},\"image\":{\"@id\":\"https:\\\/\\\/fuentesfidedignas.com.mx\\\/index.php\\\/2022\\\/09\\\/23\\\/entregan-reconocimientos-a-instituciones-del-sistema-sinaloense-de-investigadores\\\/#primaryimage\"},\"thumbnailUrl\":\"https:\\\/\\\/fuentesfidedignas.com.mx\\\/wp-content\\\/uploads\\\/2022\\\/09\\\/01fefec8-2755-4594-b4ac-e2c13eac37d5.jpg\",\"datePublished\":\"2022-09-23T22:00:00+00:00\",\"dateModified\":\"2022-09-23T22:21:51+00:00\",\"breadcrumb\":{\"@id\":\"https:\\\/\\\/fuentesfidedignas.com.mx\\\/index.php\\\/2022\\\/09\\\/23\\\/entregan-reconocimientos-a-instituciones-del-sistema-sinaloense-de-investigadores\\\/#breadcrumb\"},\"inLanguage\":\"es\",\"potentialAction\":[{\"@type\":\"ReadAction\",\"target\":[\"https:\\\/\\\/fuentesfidedignas.com.mx\\\/index.php\\\/2022\\\/09\\\/23\\\/entregan-reconocimientos-a-instituciones-del-sistema-sinaloense-de-investigadores\\\/\"]}]},{\"@type\":\"ImageObject\",\"inLanguage\":\"es\",\"@id\":\"https:\\\/\\\/fuentesfidedignas.com.mx\\\/index.php\\\/2022\\\/09\\\/23\\\/entregan-reconocimientos-a-instituciones-del-sistema-sinaloense-de-investigadores\\\/#primaryimage\",\"url\":\"https:\\\/\\\/fuentesfidedignas.com.mx\\\/wp-content\\\/uploads\\\/2022\\\/09\\\/01fefec8-2755-4594-b4ac-e2c13eac37d5.jpg\",\"contentUrl\":\"https:\\\/\\\/fuentesfidedignas.com.mx\\\/wp-content\\\/uploads\\\/2022\\\/09\\\/01fefec8-2755-4594-b4ac-e2c13eac37d5.jpg\",\"width\":1024,\"height\":682},{\"@type\":\"BreadcrumbList\",\"@id\":\"https:\\\/\\\/fuentesfidedignas.com.mx\\\/index.php\\\/2022\\\/09\\\/23\\\/entregan-reconocimientos-a-instituciones-del-sistema-sinaloense-de-investigadores\\\/#breadcrumb\",\"itemListElement\":[{\"@type\":\"ListItem\",\"position\":1,\"name\":\"Inicio\",\"item\":\"https:\\\/\\\/fuentesfidedignas.com.mx\\\/\"},{\"@type\":\"ListItem\",\"position\":2,\"name\":\"Entregan reconocimientos a instituciones del Sistema Sinaloense de Investigadores\"}]},{\"@type\":\"WebSite\",\"@id\":\"https:\\\/\\\/fuentesfidedignas.com.mx\\\/#website\",\"url\":\"https:\\\/\\\/fuentesfidedignas.com.mx\\\/\",\"name\":\"Fuentes Fidedignas\",\"description\":\"Otro sitio realizado con WordPress\",\"publisher\":{\"@id\":\"https:\\\/\\\/fuentesfidedignas.com.mx\\\/#organization\"},\"potentialAction\":[{\"@type\":\"SearchAction\",\"target\":{\"@type\":\"EntryPoint\",\"urlTemplate\":\"https:\\\/\\\/fuentesfidedignas.com.mx\\\/?s={search_term_string}\"},\"query-input\":{\"@type\":\"PropertyValueSpecification\",\"valueRequired\":true,\"valueName\":\"search_term_string\"}}],\"inLanguage\":\"es\"},{\"@type\":\"Organization\",\"@id\":\"https:\\\/\\\/fuentesfidedignas.com.mx\\\/#organization\",\"name\":\"Fuentes Fidedignas\",\"url\":\"https:\\\/\\\/fuentesfidedignas.com.mx\\\/\",\"logo\":{\"@type\":\"ImageObject\",\"inLanguage\":\"es\",\"@id\":\"https:\\\/\\\/fuentesfidedignas.com.mx\\\/#\\\/schema\\\/logo\\\/image\\\/\",\"url\":\"https:\\\/\\\/fuentesfidedignas.com.mx\\\/wp-content\\\/uploads\\\/2021\\\/04\\\/logo-retina.png\",\"contentUrl\":\"https:\\\/\\\/fuentesfidedignas.com.mx\\\/wp-content\\\/uploads\\\/2021\\\/04\\\/logo-retina.png\",\"width\":280,\"height\":51,\"caption\":\"Fuentes Fidedignas\"},\"image\":{\"@id\":\"https:\\\/\\\/fuentesfidedignas.com.mx\\\/#\\\/schema\\\/logo\\\/image\\\/\"},\"sameAs\":[\"https:\\\/\\\/www.facebook.com\\\/Fuentes-Fidedignas-368234489921644\",\"https:\\\/\\\/x.com\\\/fidedignas\"]},{\"@type\":\"Person\",\"@id\":\"https:\\\/\\\/fuentesfidedignas.com.mx\\\/#\\\/schema\\\/person\\\/331be9283d37198e2acd5750279085b0\",\"name\":\"Redacci\u00f3n\",\"image\":{\"@type\":\"ImageObject\",\"inLanguage\":\"es\",\"@id\":\"https:\\\/\\\/secure.gravatar.com\\\/avatar\\\/f6d8782c11d12b2d4ad3fbb6931aeab5309937a4d6cd2fc9cfaa28a6396a5aec?s=96&d=mm&r=g\",\"url\":\"https:\\\/\\\/secure.gravatar.com\\\/avatar\\\/f6d8782c11d12b2d4ad3fbb6931aeab5309937a4d6cd2fc9cfaa28a6396a5aec?s=96&d=mm&r=g\",\"contentUrl\":\"https:\\\/\\\/secure.gravatar.com\\\/avatar\\\/f6d8782c11d12b2d4ad3fbb6931aeab5309937a4d6cd2fc9cfaa28a6396a5aec?s=96&d=mm&r=g\",\"caption\":\"Redacci\u00f3n\"},\"url\":\"https:\\\/\\\/fuentesfidedignas.com.mx\\\/index.php\\\/author\\\/redaccion\\\/\"}]}<\/script>\n<!-- \/ Yoast SEO plugin. -->","yoast_head_json":{"title":"Entregan reconocimientos a instituciones del Sistema Sinaloense de Investigadores - Fuentes Fidedignas","robots":{"index":"index","follow":"follow","max-snippet":"max-snippet:-1","max-image-preview":"max-image-preview:large","max-video-preview":"max-video-preview:-1"},"canonical":"https:\/\/fuentesfidedignas.com.mx\/index.php\/2022\/09\/23\/entregan-reconocimientos-a-instituciones-del-sistema-sinaloense-de-investigadores\/","og_locale":"es_MX","og_type":"article","og_title":"Entregan reconocimientos a instituciones del Sistema Sinaloense de Investigadores - Fuentes Fidedignas","og_description":"El gobernador, Rub\u00e9n Rocha Moya reiter\u00f3 su compromiso con las instituciones generadoras de conocimiento. Culiac\u00e1n, Sin.- En sinton\u00eda con la pol\u00edtica estatal de impulso a la ciencia, tecnolog\u00eda y generaci\u00f3n de conocimientos, el Gobernador Rub\u00e9n Rocha Moya, en conjunto con la Coordinaci\u00f3n General para el Fomento a la Investigaci\u00f3n Cient\u00edfica e Innovaci\u00f3n del Estado de [&hellip;]","og_url":"https:\/\/fuentesfidedignas.com.mx\/index.php\/2022\/09\/23\/entregan-reconocimientos-a-instituciones-del-sistema-sinaloense-de-investigadores\/","og_site_name":"Fuentes Fidedignas","article_publisher":"https:\/\/www.facebook.com\/Fuentes-Fidedignas-368234489921644","article_published_time":"2022-09-23T22:00:00+00:00","article_modified_time":"2022-09-23T22:21:51+00:00","og_image":[{"width":1024,"height":682,"url":"https:\/\/fuentesfidedignas.com.mx\/wp-content\/uploads\/2022\/09\/01fefec8-2755-4594-b4ac-e2c13eac37d5.jpg","type":"image\/jpeg"}],"author":"Redacci\u00f3n","twitter_card":"summary_large_image","twitter_creator":"@fidedignas","twitter_site":"@fidedignas","twitter_misc":{"Escrito por":"Redacci\u00f3n","Tiempo de lectura":"2 minutos"},"schema":{"@context":"https:\/\/schema.org","@graph":[{"@type":"Article","@id":"https:\/\/fuentesfidedignas.com.mx\/index.php\/2022\/09\/23\/entregan-reconocimientos-a-instituciones-del-sistema-sinaloense-de-investigadores\/#article","isPartOf":{"@id":"https:\/\/fuentesfidedignas.com.mx\/index.php\/2022\/09\/23\/entregan-reconocimientos-a-instituciones-del-sistema-sinaloense-de-investigadores\/"},"author":{"name":"Redacci\u00f3n","@id":"https:\/\/fuentesfidedignas.com.mx\/#\/schema\/person\/331be9283d37198e2acd5750279085b0"},"headline":"Entregan reconocimientos a instituciones del Sistema Sinaloense de Investigadores","datePublished":"2022-09-23T22:00:00+00:00","dateModified":"2022-09-23T22:21:51+00:00","mainEntityOfPage":{"@id":"https:\/\/fuentesfidedignas.com.mx\/index.php\/2022\/09\/23\/entregan-reconocimientos-a-instituciones-del-sistema-sinaloense-de-investigadores\/"},"wordCount":511,"commentCount":0,"publisher":{"@id":"https:\/\/fuentesfidedignas.com.mx\/#organization"},"image":{"@id":"https:\/\/fuentesfidedignas.com.mx\/index.php\/2022\/09\/23\/entregan-reconocimientos-a-instituciones-del-sistema-sinaloense-de-investigadores\/#primaryimage"},"thumbnailUrl":"https:\/\/fuentesfidedignas.com.mx\/wp-content\/uploads\/2022\/09\/01fefec8-2755-4594-b4ac-e2c13eac37d5.jpg","articleSection":["NOTICIAS LOCALES"],"inLanguage":"es","potentialAction":[{"@type":"CommentAction","name":"Comment","target":["https:\/\/fuentesfidedignas.com.mx\/index.php\/2022\/09\/23\/entregan-reconocimientos-a-instituciones-del-sistema-sinaloense-de-investigadores\/#respond"]}]},{"@type":"WebPage","@id":"https:\/\/fuentesfidedignas.com.mx\/index.php\/2022\/09\/23\/entregan-reconocimientos-a-instituciones-del-sistema-sinaloense-de-investigadores\/","url":"https:\/\/fuentesfidedignas.com.mx\/index.php\/2022\/09\/23\/entregan-reconocimientos-a-instituciones-del-sistema-sinaloense-de-investigadores\/","name":"Entregan reconocimientos a instituciones del Sistema Sinaloense de Investigadores - Fuentes Fidedignas","isPartOf":{"@id":"https:\/\/fuentesfidedignas.com.mx\/#website"},"primaryImageOfPage":{"@id":"https:\/\/fuentesfidedignas.com.mx\/index.php\/2022\/09\/23\/entregan-reconocimientos-a-instituciones-del-sistema-sinaloense-de-investigadores\/#primaryimage"},"image":{"@id":"https:\/\/fuentesfidedignas.com.mx\/index.php\/2022\/09\/23\/entregan-reconocimientos-a-instituciones-del-sistema-sinaloense-de-investigadores\/#primaryimage"},"thumbnailUrl":"https:\/\/fuentesfidedignas.com.mx\/wp-content\/uploads\/2022\/09\/01fefec8-2755-4594-b4ac-e2c13eac37d5.jpg","datePublished":"2022-09-23T22:00:00+00:00","dateModified":"2022-09-23T22:21:51+00:00","breadcrumb":{"@id":"https:\/\/fuentesfidedignas.com.mx\/index.php\/2022\/09\/23\/entregan-reconocimientos-a-instituciones-del-sistema-sinaloense-de-investigadores\/#breadcrumb"},"inLanguage":"es","potentialAction":[{"@type":"ReadAction","target":["https:\/\/fuentesfidedignas.com.mx\/index.php\/2022\/09\/23\/entregan-reconocimientos-a-instituciones-del-sistema-sinaloense-de-investigadores\/"]}]},{"@type":"ImageObject","inLanguage":"es","@id":"https:\/\/fuentesfidedignas.com.mx\/index.php\/2022\/09\/23\/entregan-reconocimientos-a-instituciones-del-sistema-sinaloense-de-investigadores\/#primaryimage","url":"https:\/\/fuentesfidedignas.com.mx\/wp-content\/uploads\/2022\/09\/01fefec8-2755-4594-b4ac-e2c13eac37d5.jpg","contentUrl":"https:\/\/fuentesfidedignas.com.mx\/wp-content\/uploads\/2022\/09\/01fefec8-2755-4594-b4ac-e2c13eac37d5.jpg","width":1024,"height":682},{"@type":"BreadcrumbList","@id":"https:\/\/fuentesfidedignas.com.mx\/index.php\/2022\/09\/23\/entregan-reconocimientos-a-instituciones-del-sistema-sinaloense-de-investigadores\/#breadcrumb","itemListElement":[{"@type":"ListItem","position":1,"name":"Inicio","item":"https:\/\/fuentesfidedignas.com.mx\/"},{"@type":"ListItem","position":2,"name":"Entregan reconocimientos a instituciones del Sistema Sinaloense de Investigadores"}]},{"@type":"WebSite","@id":"https:\/\/fuentesfidedignas.com.mx\/#website","url":"https:\/\/fuentesfidedignas.com.mx\/","name":"Fuentes Fidedignas","description":"Otro sitio realizado con WordPress","publisher":{"@id":"https:\/\/fuentesfidedignas.com.mx\/#organization"},"potentialAction":[{"@type":"SearchAction","target":{"@type":"EntryPoint","urlTemplate":"https:\/\/fuentesfidedignas.com.mx\/?s={search_term_string}"},"query-input":{"@type":"PropertyValueSpecification","valueRequired":true,"valueName":"search_term_string"}}],"inLanguage":"es"},{"@type":"Organization","@id":"https:\/\/fuentesfidedignas.com.mx\/#organization","name":"Fuentes Fidedignas","url":"https:\/\/fuentesfidedignas.com.mx\/","logo":{"@type":"ImageObject","inLanguage":"es","@id":"https:\/\/fuentesfidedignas.com.mx\/#\/schema\/logo\/image\/","url":"https:\/\/fuentesfidedignas.com.mx\/wp-content\/uploads\/2021\/04\/logo-retina.png","contentUrl":"https:\/\/fuentesfidedignas.com.mx\/wp-content\/uploads\/2021\/04\/logo-retina.png","width":280,"height":51,"caption":"Fuentes Fidedignas"},"image":{"@id":"https:\/\/fuentesfidedignas.com.mx\/#\/schema\/logo\/image\/"},"sameAs":["https:\/\/www.facebook.com\/Fuentes-Fidedignas-368234489921644","https:\/\/x.com\/fidedignas"]},{"@type":"Person","@id":"https:\/\/fuentesfidedignas.com.mx\/#\/schema\/person\/331be9283d37198e2acd5750279085b0","name":"Redacci\u00f3n","image":{"@type":"ImageObject","inLanguage":"es","@id":"https:\/\/secure.gravatar.com\/avatar\/f6d8782c11d12b2d4ad3fbb6931aeab5309937a4d6cd2fc9cfaa28a6396a5aec?s=96&d=mm&r=g","url":"https:\/\/secure.gravatar.com\/avatar\/f6d8782c11d12b2d4ad3fbb6931aeab5309937a4d6cd2fc9cfaa28a6396a5aec?s=96&d=mm&r=g","contentUrl":"https:\/\/secure.gravatar.com\/avatar\/f6d8782c11d12b2d4ad3fbb6931aeab5309937a4d6cd2fc9cfaa28a6396a5aec?s=96&d=mm&r=g","caption":"Redacci\u00f3n"},"url":"https:\/\/fuentesfidedignas.com.mx\/index.php\/author\/redaccion\/"}]}},"_links":{"self":[{"href":"https:\/\/fuentesfidedignas.com.mx\/index.php\/wp-json\/wp\/v2\/posts\/43118","targetHints":{"allow":["GET"]}}],"collection":[{"href":"https:\/\/fuentesfidedignas.com.mx\/index.php\/wp-json\/wp\/v2\/posts"}],"about":[{"href":"https:\/\/fuentesfidedignas.com.mx\/index.php\/wp-json\/wp\/v2\/types\/post"}],"author":[{"embeddable":true,"href":"https:\/\/fuentesfidedignas.com.mx\/index.php\/wp-json\/wp\/v2\/users\/4"}],"replies":[{"embeddable":true,"href":"https:\/\/fuentesfidedignas.com.mx\/index.php\/wp-json\/wp\/v2\/comments?post=43118"}],"version-history":[{"count":1,"href":"https:\/\/fuentesfidedignas.com.mx\/index.php\/wp-json\/wp\/v2\/posts\/43118\/revisions"}],"predecessor-version":[{"id":43120,"href":"https:\/\/fuentesfidedignas.com.mx\/index.php\/wp-json\/wp\/v2\/posts\/43118\/revisions\/43120"}],"wp:featuredmedia":[{"embeddable":true,"href":"https:\/\/fuentesfidedignas.com.mx\/index.php\/wp-json\/wp\/v2\/media\/43119"}],"wp:attachment":[{"href":"https:\/\/fuentesfidedignas.com.mx\/index.php\/wp-json\/wp\/v2\/media?parent=43118"}],"wp:term":[{"taxonomy":"category","embeddable":true,"href":"https:\/\/fuentesfidedignas.com.mx\/index.php\/wp-json\/wp\/v2\/categories?post=43118"},{"taxonomy":"post_tag","embeddable":true,"href":"https:\/\/fuentesfidedignas.com.mx\/index.php\/wp-json\/wp\/v2\/tags?post=43118"}],"curies":[{"name":"wp","href":"https:\/\/api.w.org\/{rel}","templated":true}]}}