{"id":43115,"date":"2022-09-23T14:33:23","date_gmt":"2022-09-23T20:33:23","guid":{"rendered":"https:\/\/fuentesfidedignas.com.mx\/?p=43115"},"modified":"2022-09-23T14:33:25","modified_gmt":"2022-09-23T20:33:25","slug":"se-que-tarde-o-temprano-van-a-caer-sus-asesinos-afirma-hermano-de-luis-enrique-ramirez","status":"publish","type":"post","link":"https:\/\/fuentesfidedignas.com.mx\/index.php\/2022\/09\/23\/se-que-tarde-o-temprano-van-a-caer-sus-asesinos-afirma-hermano-de-luis-enrique-ramirez\/","title":{"rendered":"S\u00e9 que tarde o temprano van a caer sus asesinos, afirma hermano de Luis Enrique Ram\u00edrez"},"content":{"rendered":"\n<p><strong><em>Hoy estuvo presente en la audiencia donde otorgaron pr\u00f3rroga a la Fiscal\u00eda para investigar m\u00e1s sobre el homicidio del comunicador<\/em><\/strong><\/p>\n\n\n\n<p>Culiac\u00e1n, Sin.- S\u00e9 y tengo confianza de que alg\u00fan d\u00eda van a detener a los asesinos de mi hermano, tarde o temprano van a caer, afirm\u00f3 el hermano del periodista <strong>Luis Enrique Ram\u00edrez.<\/strong><\/p>\n\n\n\n<p>Al darse cita en una nueva audiencia de <strong>Brisya Carolina &#8220;N&#8221;<\/strong>, la mujer implicada en el asesinato del comunicador, <strong>Juan Carlos Ram\u00edrez Ramos<\/strong> se\u00f1al\u00f3 que a pesar de que existe un l\u00f3gico desespero por la llegada de la justicia para su hermano, su familia conf\u00eda en que se hizo todo el trabajo para identificar a los presuntos homicidas y el m\u00f3vil. <\/p>\n\n\n\n<p>&#8220;<em>Tenemos la confianza de que las investigaciones van por buen camino. Tenemos la esperanza de que esto llegue pronto a un buen resultado, confiamos en las autoridades plenamente<\/em>&#8220;, a\u00f1adi\u00f3.<\/p>\n\n\n\n<p>En tanto, un juez otorg\u00f3 una pr\u00f3rroga en la investigaci\u00f3n del homicidio, ya que se deben analizar y dar seguimientos a diversas llamadas de <strong>Brisya Carolina \u201cN\u201d<\/strong> a 14 n\u00fameros diferentes tras el asesinato y en tiempos en los que aseguraba no tener su celular consigo.<\/p>\n\n\n\n<p><strong>La implicada en la muerte del comunicador tuvo contacto telef\u00f3nico con varias personas en el lapso de tiempo en el que asegur\u00f3 tener perdido su celular.<\/strong> Por lo que la Fiscal\u00eda General del Estado solicit\u00f3 ampliar el plazo de investigaci\u00f3n para determinar la finalidad de estas charlas y a las personas con las que se dieron.<\/p>\n\n\n\n<p>Al respecto, <strong>Juan Carlos Ram\u00edrez<\/strong> dijo que le parece un lapso de tiempo razonable para continuar con la investigaci\u00f3n de la muerte de su hermano y pueden sentar m\u00e1s bases e incluso poder tener pistas sobre el paradero de los dos presuntos homicidas que se encuentran pr\u00f3fugos.&#8221;<em>De las 14 llamadas, espero que sea la manera de comprobar el lazo que existe entre la propietaria del tel\u00e9fono  y las personas responsables del homicidio<\/em>&#8220;.<\/p>\n","protected":false},"excerpt":{"rendered":"<p>Hoy estuvo presente en la audiencia donde otorgaron pr\u00f3rroga a la Fiscal\u00eda para investigar m\u00e1s sobre el homicidio del comunicador Culiac\u00e1n, Sin.- S\u00e9 y tengo confianza de que alg\u00fan d\u00eda van a detener a los asesinos de mi hermano, tarde o temprano van a caer, afirm\u00f3 el hermano del periodista Luis Enrique Ram\u00edrez. Al darse [&hellip;]<\/p>\n","protected":false},"author":112,"featured_media":43116,"comment_status":"open","ping_status":"open","sticky":false,"template":"","format":"standard","meta":{"tdm_status":"","tdm_grid_status":"","footnotes":""},"categories":[37],"tags":[],"class_list":{"0":"post-43115","1":"post","2":"type-post","3":"status-publish","4":"format-standard","5":"has-post-thumbnail","7":"category-nota-principal"},"yoast_head":"<!-- This site is optimized with the Yoast SEO plugin v27.4 - https:\/\/yoast.com\/product\/yoast-seo-wordpress\/ -->\n<title>S\u00e9 que tarde o temprano van a caer sus asesinos, afirma hermano de Luis Enrique Ram\u00edrez - Fuentes Fidedignas<\/title>\n<meta name=\"robots\" content=\"index, follow, max-snippet:-1, max-image-preview:large, max-video-preview:-1\" \/>\n<link rel=\"canonical\" href=\"https:\/\/fuentesfidedignas.com.mx\/index.php\/2022\/09\/23\/se-que-tarde-o-temprano-van-a-caer-sus-asesinos-afirma-hermano-de-luis-enrique-ramirez\/\" \/>\n<meta property=\"og:locale\" content=\"es_MX\" \/>\n<meta property=\"og:type\" content=\"article\" \/>\n<meta property=\"og:title\" content=\"S\u00e9 que tarde o temprano van a caer sus asesinos, afirma hermano de Luis Enrique Ram\u00edrez - Fuentes Fidedignas\" \/>\n<meta property=\"og:description\" content=\"Hoy estuvo presente en la audiencia donde otorgaron pr\u00f3rroga a la Fiscal\u00eda para investigar m\u00e1s sobre el homicidio del comunicador Culiac\u00e1n, Sin.- S\u00e9 y tengo confianza de que alg\u00fan d\u00eda van a detener a los asesinos de mi hermano, tarde o temprano van a caer, afirm\u00f3 el hermano del periodista Luis Enrique Ram\u00edrez. Al darse [&hellip;]\" \/>\n<meta property=\"og:url\" content=\"https:\/\/fuentesfidedignas.com.mx\/index.php\/2022\/09\/23\/se-que-tarde-o-temprano-van-a-caer-sus-asesinos-afirma-hermano-de-luis-enrique-ramirez\/\" \/>\n<meta property=\"og:site_name\" content=\"Fuentes Fidedignas\" \/>\n<meta property=\"article:publisher\" content=\"https:\/\/www.facebook.com\/Fuentes-Fidedignas-368234489921644\" \/>\n<meta property=\"article:published_time\" content=\"2022-09-23T20:33:23+00:00\" \/>\n<meta property=\"article:modified_time\" content=\"2022-09-23T20:33:25+00:00\" \/>\n<meta property=\"og:image\" content=\"https:\/\/fuentesfidedignas.com.mx\/wp-content\/uploads\/2022\/09\/hermano-ler.jpg\" \/>\n\t<meta property=\"og:image:width\" content=\"1600\" \/>\n\t<meta property=\"og:image:height\" content=\"900\" \/>\n\t<meta property=\"og:image:type\" content=\"image\/jpeg\" \/>\n<meta name=\"author\" content=\"Leonardo Gutierrez\" \/>\n<meta name=\"twitter:card\" content=\"summary_large_image\" \/>\n<meta name=\"twitter:creator\" content=\"@fidedignas\" \/>\n<meta name=\"twitter:site\" content=\"@fidedignas\" \/>\n<meta name=\"twitter:label1\" content=\"Escrito por\" \/>\n\t<meta name=\"twitter:data1\" content=\"Leonardo Gutierrez\" \/>\n\t<meta name=\"twitter:label2\" content=\"Tiempo de lectura\" \/>\n\t<meta name=\"twitter:data2\" content=\"2 minutos\" \/>\n<script type=\"application\/ld+json\" class=\"yoast-schema-graph\">{\"@context\":\"https:\\\/\\\/schema.org\",\"@graph\":[{\"@type\":\"Article\",\"@id\":\"https:\\\/\\\/fuentesfidedignas.com.mx\\\/index.php\\\/2022\\\/09\\\/23\\\/se-que-tarde-o-temprano-van-a-caer-sus-asesinos-afirma-hermano-de-luis-enrique-ramirez\\\/#article\",\"isPartOf\":{\"@id\":\"https:\\\/\\\/fuentesfidedignas.com.mx\\\/index.php\\\/2022\\\/09\\\/23\\\/se-que-tarde-o-temprano-van-a-caer-sus-asesinos-afirma-hermano-de-luis-enrique-ramirez\\\/\"},\"author\":{\"name\":\"Leonardo Gutierrez\",\"@id\":\"https:\\\/\\\/fuentesfidedignas.com.mx\\\/#\\\/schema\\\/person\\\/c77df25c00baae1d4fdc0340db6f364c\"},\"headline\":\"S\u00e9 que tarde o temprano van a caer sus asesinos, afirma hermano de Luis Enrique Ram\u00edrez\",\"datePublished\":\"2022-09-23T20:33:23+00:00\",\"dateModified\":\"2022-09-23T20:33:25+00:00\",\"mainEntityOfPage\":{\"@id\":\"https:\\\/\\\/fuentesfidedignas.com.mx\\\/index.php\\\/2022\\\/09\\\/23\\\/se-que-tarde-o-temprano-van-a-caer-sus-asesinos-afirma-hermano-de-luis-enrique-ramirez\\\/\"},\"wordCount\":358,\"commentCount\":0,\"publisher\":{\"@id\":\"https:\\\/\\\/fuentesfidedignas.com.mx\\\/#organization\"},\"image\":{\"@id\":\"https:\\\/\\\/fuentesfidedignas.com.mx\\\/index.php\\\/2022\\\/09\\\/23\\\/se-que-tarde-o-temprano-van-a-caer-sus-asesinos-afirma-hermano-de-luis-enrique-ramirez\\\/#primaryimage\"},\"thumbnailUrl\":\"https:\\\/\\\/fuentesfidedignas.com.mx\\\/wp-content\\\/uploads\\\/2022\\\/09\\\/hermano-ler.jpg\",\"articleSection\":[\"NOTA PRINCIPAL\"],\"inLanguage\":\"es\",\"potentialAction\":[{\"@type\":\"CommentAction\",\"name\":\"Comment\",\"target\":[\"https:\\\/\\\/fuentesfidedignas.com.mx\\\/index.php\\\/2022\\\/09\\\/23\\\/se-que-tarde-o-temprano-van-a-caer-sus-asesinos-afirma-hermano-de-luis-enrique-ramirez\\\/#respond\"]}]},{\"@type\":\"WebPage\",\"@id\":\"https:\\\/\\\/fuentesfidedignas.com.mx\\\/index.php\\\/2022\\\/09\\\/23\\\/se-que-tarde-o-temprano-van-a-caer-sus-asesinos-afirma-hermano-de-luis-enrique-ramirez\\\/\",\"url\":\"https:\\\/\\\/fuentesfidedignas.com.mx\\\/index.php\\\/2022\\\/09\\\/23\\\/se-que-tarde-o-temprano-van-a-caer-sus-asesinos-afirma-hermano-de-luis-enrique-ramirez\\\/\",\"name\":\"S\u00e9 que tarde o temprano van a caer sus asesinos, afirma hermano de Luis Enrique Ram\u00edrez - Fuentes Fidedignas\",\"isPartOf\":{\"@id\":\"https:\\\/\\\/fuentesfidedignas.com.mx\\\/#website\"},\"primaryImageOfPage\":{\"@id\":\"https:\\\/\\\/fuentesfidedignas.com.mx\\\/index.php\\\/2022\\\/09\\\/23\\\/se-que-tarde-o-temprano-van-a-caer-sus-asesinos-afirma-hermano-de-luis-enrique-ramirez\\\/#primaryimage\"},\"image\":{\"@id\":\"https:\\\/\\\/fuentesfidedignas.com.mx\\\/index.php\\\/2022\\\/09\\\/23\\\/se-que-tarde-o-temprano-van-a-caer-sus-asesinos-afirma-hermano-de-luis-enrique-ramirez\\\/#primaryimage\"},\"thumbnailUrl\":\"https:\\\/\\\/fuentesfidedignas.com.mx\\\/wp-content\\\/uploads\\\/2022\\\/09\\\/hermano-ler.jpg\",\"datePublished\":\"2022-09-23T20:33:23+00:00\",\"dateModified\":\"2022-09-23T20:33:25+00:00\",\"breadcrumb\":{\"@id\":\"https:\\\/\\\/fuentesfidedignas.com.mx\\\/index.php\\\/2022\\\/09\\\/23\\\/se-que-tarde-o-temprano-van-a-caer-sus-asesinos-afirma-hermano-de-luis-enrique-ramirez\\\/#breadcrumb\"},\"inLanguage\":\"es\",\"potentialAction\":[{\"@type\":\"ReadAction\",\"target\":[\"https:\\\/\\\/fuentesfidedignas.com.mx\\\/index.php\\\/2022\\\/09\\\/23\\\/se-que-tarde-o-temprano-van-a-caer-sus-asesinos-afirma-hermano-de-luis-enrique-ramirez\\\/\"]}]},{\"@type\":\"ImageObject\",\"inLanguage\":\"es\",\"@id\":\"https:\\\/\\\/fuentesfidedignas.com.mx\\\/index.php\\\/2022\\\/09\\\/23\\\/se-que-tarde-o-temprano-van-a-caer-sus-asesinos-afirma-hermano-de-luis-enrique-ramirez\\\/#primaryimage\",\"url\":\"https:\\\/\\\/fuentesfidedignas.com.mx\\\/wp-content\\\/uploads\\\/2022\\\/09\\\/hermano-ler.jpg\",\"contentUrl\":\"https:\\\/\\\/fuentesfidedignas.com.mx\\\/wp-content\\\/uploads\\\/2022\\\/09\\\/hermano-ler.jpg\",\"width\":1600,\"height\":900},{\"@type\":\"BreadcrumbList\",\"@id\":\"https:\\\/\\\/fuentesfidedignas.com.mx\\\/index.php\\\/2022\\\/09\\\/23\\\/se-que-tarde-o-temprano-van-a-caer-sus-asesinos-afirma-hermano-de-luis-enrique-ramirez\\\/#breadcrumb\",\"itemListElement\":[{\"@type\":\"ListItem\",\"position\":1,\"name\":\"Inicio\",\"item\":\"https:\\\/\\\/fuentesfidedignas.com.mx\\\/\"},{\"@type\":\"ListItem\",\"position\":2,\"name\":\"S\u00e9 que tarde o temprano van a caer sus asesinos, afirma hermano de Luis Enrique Ram\u00edrez\"}]},{\"@type\":\"WebSite\",\"@id\":\"https:\\\/\\\/fuentesfidedignas.com.mx\\\/#website\",\"url\":\"https:\\\/\\\/fuentesfidedignas.com.mx\\\/\",\"name\":\"Fuentes Fidedignas\",\"description\":\"Otro sitio realizado con WordPress\",\"publisher\":{\"@id\":\"https:\\\/\\\/fuentesfidedignas.com.mx\\\/#organization\"},\"potentialAction\":[{\"@type\":\"SearchAction\",\"target\":{\"@type\":\"EntryPoint\",\"urlTemplate\":\"https:\\\/\\\/fuentesfidedignas.com.mx\\\/?s={search_term_string}\"},\"query-input\":{\"@type\":\"PropertyValueSpecification\",\"valueRequired\":true,\"valueName\":\"search_term_string\"}}],\"inLanguage\":\"es\"},{\"@type\":\"Organization\",\"@id\":\"https:\\\/\\\/fuentesfidedignas.com.mx\\\/#organization\",\"name\":\"Fuentes Fidedignas\",\"url\":\"https:\\\/\\\/fuentesfidedignas.com.mx\\\/\",\"logo\":{\"@type\":\"ImageObject\",\"inLanguage\":\"es\",\"@id\":\"https:\\\/\\\/fuentesfidedignas.com.mx\\\/#\\\/schema\\\/logo\\\/image\\\/\",\"url\":\"https:\\\/\\\/fuentesfidedignas.com.mx\\\/wp-content\\\/uploads\\\/2021\\\/04\\\/logo-retina.png\",\"contentUrl\":\"https:\\\/\\\/fuentesfidedignas.com.mx\\\/wp-content\\\/uploads\\\/2021\\\/04\\\/logo-retina.png\",\"width\":280,\"height\":51,\"caption\":\"Fuentes Fidedignas\"},\"image\":{\"@id\":\"https:\\\/\\\/fuentesfidedignas.com.mx\\\/#\\\/schema\\\/logo\\\/image\\\/\"},\"sameAs\":[\"https:\\\/\\\/www.facebook.com\\\/Fuentes-Fidedignas-368234489921644\",\"https:\\\/\\\/x.com\\\/fidedignas\"]},{\"@type\":\"Person\",\"@id\":\"https:\\\/\\\/fuentesfidedignas.com.mx\\\/#\\\/schema\\\/person\\\/c77df25c00baae1d4fdc0340db6f364c\",\"name\":\"Leonardo Gutierrez\",\"image\":{\"@type\":\"ImageObject\",\"inLanguage\":\"es\",\"@id\":\"https:\\\/\\\/secure.gravatar.com\\\/avatar\\\/17b13a7a986cc98ca4d7337340bcac5945cbae677961c354aefb3c7962c8cc1f?s=96&d=mm&r=g\",\"url\":\"https:\\\/\\\/secure.gravatar.com\\\/avatar\\\/17b13a7a986cc98ca4d7337340bcac5945cbae677961c354aefb3c7962c8cc1f?s=96&d=mm&r=g\",\"contentUrl\":\"https:\\\/\\\/secure.gravatar.com\\\/avatar\\\/17b13a7a986cc98ca4d7337340bcac5945cbae677961c354aefb3c7962c8cc1f?s=96&d=mm&r=g\",\"caption\":\"Leonardo Gutierrez\"},\"url\":\"https:\\\/\\\/fuentesfidedignas.com.mx\\\/index.php\\\/author\\\/leonardogut\\\/\"}]}<\/script>\n<!-- \/ Yoast SEO plugin. -->","yoast_head_json":{"title":"S\u00e9 que tarde o temprano van a caer sus asesinos, afirma hermano de Luis Enrique Ram\u00edrez - Fuentes Fidedignas","robots":{"index":"index","follow":"follow","max-snippet":"max-snippet:-1","max-image-preview":"max-image-preview:large","max-video-preview":"max-video-preview:-1"},"canonical":"https:\/\/fuentesfidedignas.com.mx\/index.php\/2022\/09\/23\/se-que-tarde-o-temprano-van-a-caer-sus-asesinos-afirma-hermano-de-luis-enrique-ramirez\/","og_locale":"es_MX","og_type":"article","og_title":"S\u00e9 que tarde o temprano van a caer sus asesinos, afirma hermano de Luis Enrique Ram\u00edrez - Fuentes Fidedignas","og_description":"Hoy estuvo presente en la audiencia donde otorgaron pr\u00f3rroga a la Fiscal\u00eda para investigar m\u00e1s sobre el homicidio del comunicador Culiac\u00e1n, Sin.- S\u00e9 y tengo confianza de que alg\u00fan d\u00eda van a detener a los asesinos de mi hermano, tarde o temprano van a caer, afirm\u00f3 el hermano del periodista Luis Enrique Ram\u00edrez. Al darse [&hellip;]","og_url":"https:\/\/fuentesfidedignas.com.mx\/index.php\/2022\/09\/23\/se-que-tarde-o-temprano-van-a-caer-sus-asesinos-afirma-hermano-de-luis-enrique-ramirez\/","og_site_name":"Fuentes Fidedignas","article_publisher":"https:\/\/www.facebook.com\/Fuentes-Fidedignas-368234489921644","article_published_time":"2022-09-23T20:33:23+00:00","article_modified_time":"2022-09-23T20:33:25+00:00","og_image":[{"width":1600,"height":900,"url":"https:\/\/fuentesfidedignas.com.mx\/wp-content\/uploads\/2022\/09\/hermano-ler.jpg","type":"image\/jpeg"}],"author":"Leonardo Gutierrez","twitter_card":"summary_large_image","twitter_creator":"@fidedignas","twitter_site":"@fidedignas","twitter_misc":{"Escrito por":"Leonardo Gutierrez","Tiempo de lectura":"2 minutos"},"schema":{"@context":"https:\/\/schema.org","@graph":[{"@type":"Article","@id":"https:\/\/fuentesfidedignas.com.mx\/index.php\/2022\/09\/23\/se-que-tarde-o-temprano-van-a-caer-sus-asesinos-afirma-hermano-de-luis-enrique-ramirez\/#article","isPartOf":{"@id":"https:\/\/fuentesfidedignas.com.mx\/index.php\/2022\/09\/23\/se-que-tarde-o-temprano-van-a-caer-sus-asesinos-afirma-hermano-de-luis-enrique-ramirez\/"},"author":{"name":"Leonardo Gutierrez","@id":"https:\/\/fuentesfidedignas.com.mx\/#\/schema\/person\/c77df25c00baae1d4fdc0340db6f364c"},"headline":"S\u00e9 que tarde o temprano van a caer sus asesinos, afirma hermano de Luis Enrique Ram\u00edrez","datePublished":"2022-09-23T20:33:23+00:00","dateModified":"2022-09-23T20:33:25+00:00","mainEntityOfPage":{"@id":"https:\/\/fuentesfidedignas.com.mx\/index.php\/2022\/09\/23\/se-que-tarde-o-temprano-van-a-caer-sus-asesinos-afirma-hermano-de-luis-enrique-ramirez\/"},"wordCount":358,"commentCount":0,"publisher":{"@id":"https:\/\/fuentesfidedignas.com.mx\/#organization"},"image":{"@id":"https:\/\/fuentesfidedignas.com.mx\/index.php\/2022\/09\/23\/se-que-tarde-o-temprano-van-a-caer-sus-asesinos-afirma-hermano-de-luis-enrique-ramirez\/#primaryimage"},"thumbnailUrl":"https:\/\/fuentesfidedignas.com.mx\/wp-content\/uploads\/2022\/09\/hermano-ler.jpg","articleSection":["NOTA PRINCIPAL"],"inLanguage":"es","potentialAction":[{"@type":"CommentAction","name":"Comment","target":["https:\/\/fuentesfidedignas.com.mx\/index.php\/2022\/09\/23\/se-que-tarde-o-temprano-van-a-caer-sus-asesinos-afirma-hermano-de-luis-enrique-ramirez\/#respond"]}]},{"@type":"WebPage","@id":"https:\/\/fuentesfidedignas.com.mx\/index.php\/2022\/09\/23\/se-que-tarde-o-temprano-van-a-caer-sus-asesinos-afirma-hermano-de-luis-enrique-ramirez\/","url":"https:\/\/fuentesfidedignas.com.mx\/index.php\/2022\/09\/23\/se-que-tarde-o-temprano-van-a-caer-sus-asesinos-afirma-hermano-de-luis-enrique-ramirez\/","name":"S\u00e9 que tarde o temprano van a caer sus asesinos, afirma hermano de Luis Enrique Ram\u00edrez - Fuentes Fidedignas","isPartOf":{"@id":"https:\/\/fuentesfidedignas.com.mx\/#website"},"primaryImageOfPage":{"@id":"https:\/\/fuentesfidedignas.com.mx\/index.php\/2022\/09\/23\/se-que-tarde-o-temprano-van-a-caer-sus-asesinos-afirma-hermano-de-luis-enrique-ramirez\/#primaryimage"},"image":{"@id":"https:\/\/fuentesfidedignas.com.mx\/index.php\/2022\/09\/23\/se-que-tarde-o-temprano-van-a-caer-sus-asesinos-afirma-hermano-de-luis-enrique-ramirez\/#primaryimage"},"thumbnailUrl":"https:\/\/fuentesfidedignas.com.mx\/wp-content\/uploads\/2022\/09\/hermano-ler.jpg","datePublished":"2022-09-23T20:33:23+00:00","dateModified":"2022-09-23T20:33:25+00:00","breadcrumb":{"@id":"https:\/\/fuentesfidedignas.com.mx\/index.php\/2022\/09\/23\/se-que-tarde-o-temprano-van-a-caer-sus-asesinos-afirma-hermano-de-luis-enrique-ramirez\/#breadcrumb"},"inLanguage":"es","potentialAction":[{"@type":"ReadAction","target":["https:\/\/fuentesfidedignas.com.mx\/index.php\/2022\/09\/23\/se-que-tarde-o-temprano-van-a-caer-sus-asesinos-afirma-hermano-de-luis-enrique-ramirez\/"]}]},{"@type":"ImageObject","inLanguage":"es","@id":"https:\/\/fuentesfidedignas.com.mx\/index.php\/2022\/09\/23\/se-que-tarde-o-temprano-van-a-caer-sus-asesinos-afirma-hermano-de-luis-enrique-ramirez\/#primaryimage","url":"https:\/\/fuentesfidedignas.com.mx\/wp-content\/uploads\/2022\/09\/hermano-ler.jpg","contentUrl":"https:\/\/fuentesfidedignas.com.mx\/wp-content\/uploads\/2022\/09\/hermano-ler.jpg","width":1600,"height":900},{"@type":"BreadcrumbList","@id":"https:\/\/fuentesfidedignas.com.mx\/index.php\/2022\/09\/23\/se-que-tarde-o-temprano-van-a-caer-sus-asesinos-afirma-hermano-de-luis-enrique-ramirez\/#breadcrumb","itemListElement":[{"@type":"ListItem","position":1,"name":"Inicio","item":"https:\/\/fuentesfidedignas.com.mx\/"},{"@type":"ListItem","position":2,"name":"S\u00e9 que tarde o temprano van a caer sus asesinos, afirma hermano de Luis Enrique Ram\u00edrez"}]},{"@type":"WebSite","@id":"https:\/\/fuentesfidedignas.com.mx\/#website","url":"https:\/\/fuentesfidedignas.com.mx\/","name":"Fuentes Fidedignas","description":"Otro sitio realizado con WordPress","publisher":{"@id":"https:\/\/fuentesfidedignas.com.mx\/#organization"},"potentialAction":[{"@type":"SearchAction","target":{"@type":"EntryPoint","urlTemplate":"https:\/\/fuentesfidedignas.com.mx\/?s={search_term_string}"},"query-input":{"@type":"PropertyValueSpecification","valueRequired":true,"valueName":"search_term_string"}}],"inLanguage":"es"},{"@type":"Organization","@id":"https:\/\/fuentesfidedignas.com.mx\/#organization","name":"Fuentes Fidedignas","url":"https:\/\/fuentesfidedignas.com.mx\/","logo":{"@type":"ImageObject","inLanguage":"es","@id":"https:\/\/fuentesfidedignas.com.mx\/#\/schema\/logo\/image\/","url":"https:\/\/fuentesfidedignas.com.mx\/wp-content\/uploads\/2021\/04\/logo-retina.png","contentUrl":"https:\/\/fuentesfidedignas.com.mx\/wp-content\/uploads\/2021\/04\/logo-retina.png","width":280,"height":51,"caption":"Fuentes Fidedignas"},"image":{"@id":"https:\/\/fuentesfidedignas.com.mx\/#\/schema\/logo\/image\/"},"sameAs":["https:\/\/www.facebook.com\/Fuentes-Fidedignas-368234489921644","https:\/\/x.com\/fidedignas"]},{"@type":"Person","@id":"https:\/\/fuentesfidedignas.com.mx\/#\/schema\/person\/c77df25c00baae1d4fdc0340db6f364c","name":"Leonardo Gutierrez","image":{"@type":"ImageObject","inLanguage":"es","@id":"https:\/\/secure.gravatar.com\/avatar\/17b13a7a986cc98ca4d7337340bcac5945cbae677961c354aefb3c7962c8cc1f?s=96&d=mm&r=g","url":"https:\/\/secure.gravatar.com\/avatar\/17b13a7a986cc98ca4d7337340bcac5945cbae677961c354aefb3c7962c8cc1f?s=96&d=mm&r=g","contentUrl":"https:\/\/secure.gravatar.com\/avatar\/17b13a7a986cc98ca4d7337340bcac5945cbae677961c354aefb3c7962c8cc1f?s=96&d=mm&r=g","caption":"Leonardo Gutierrez"},"url":"https:\/\/fuentesfidedignas.com.mx\/index.php\/author\/leonardogut\/"}]}},"_links":{"self":[{"href":"https:\/\/fuentesfidedignas.com.mx\/index.php\/wp-json\/wp\/v2\/posts\/43115","targetHints":{"allow":["GET"]}}],"collection":[{"href":"https:\/\/fuentesfidedignas.com.mx\/index.php\/wp-json\/wp\/v2\/posts"}],"about":[{"href":"https:\/\/fuentesfidedignas.com.mx\/index.php\/wp-json\/wp\/v2\/types\/post"}],"author":[{"embeddable":true,"href":"https:\/\/fuentesfidedignas.com.mx\/index.php\/wp-json\/wp\/v2\/users\/112"}],"replies":[{"embeddable":true,"href":"https:\/\/fuentesfidedignas.com.mx\/index.php\/wp-json\/wp\/v2\/comments?post=43115"}],"version-history":[{"count":1,"href":"https:\/\/fuentesfidedignas.com.mx\/index.php\/wp-json\/wp\/v2\/posts\/43115\/revisions"}],"predecessor-version":[{"id":43117,"href":"https:\/\/fuentesfidedignas.com.mx\/index.php\/wp-json\/wp\/v2\/posts\/43115\/revisions\/43117"}],"wp:featuredmedia":[{"embeddable":true,"href":"https:\/\/fuentesfidedignas.com.mx\/index.php\/wp-json\/wp\/v2\/media\/43116"}],"wp:attachment":[{"href":"https:\/\/fuentesfidedignas.com.mx\/index.php\/wp-json\/wp\/v2\/media?parent=43115"}],"wp:term":[{"taxonomy":"category","embeddable":true,"href":"https:\/\/fuentesfidedignas.com.mx\/index.php\/wp-json\/wp\/v2\/categories?post=43115"},{"taxonomy":"post_tag","embeddable":true,"href":"https:\/\/fuentesfidedignas.com.mx\/index.php\/wp-json\/wp\/v2\/tags?post=43115"}],"curies":[{"name":"wp","href":"https:\/\/api.w.org\/{rel}","templated":true}]}}