{"id":43091,"date":"2022-09-23T09:06:20","date_gmt":"2022-09-23T15:06:20","guid":{"rendered":"https:\/\/fuentesfidedignas.com.mx\/?p=43091"},"modified":"2022-09-23T09:06:37","modified_gmt":"2022-09-23T15:06:37","slug":"se-quedan-sin-servicio-de-agua-en-la-zona-loma-de-rodriguera","status":"publish","type":"post","link":"https:\/\/fuentesfidedignas.com.mx\/index.php\/2022\/09\/23\/se-quedan-sin-servicio-de-agua-en-la-zona-loma-de-rodriguera\/","title":{"rendered":"Se quedan sin servicio de agua en la zona Loma de Rodriguera"},"content":{"rendered":"\n<p><em><strong>De restablecerse la energ\u00eda temprano, les llegar\u00e1 el agua hasta la tarde-noche de hoy<\/strong><\/em><\/p>\n\n\n\n<p>Culic\u00e1n, Sin.- JAPAC informa que debido a la intensa lluvia de la madrugada dej\u00f3 fuera de servicio el sistema de la zona Loma de Rodriguera por falla de energ\u00eda CFE resultando afectadas con el suministro de agua las colonias <strong>Loma, San Fermin, Mirador, Bicentenario, Las Cerezas, la Pitayita entre otros.<\/strong><\/p>\n\n\n\n<p>Aunque la mayor\u00eda de la ciudad amaneci\u00f3 con servicio, los bajos niveles y afectaciones de producci\u00f3n provocar\u00e1n en el transcurso del d\u00eda bajas presiones y falta de servicio en diversos sectores de la ciudad.<\/p>\n\n\n\n<p><strong>De restablecerse la energ\u00eda temprano, les llegar\u00e1 el agua hasta la tarde-noche de hoy.<\/strong><\/p>\n\n\n\n<p>Por taponamiento ocasionado por exceso exagerado de basura, baj\u00f3 el gasto de aguas crudas en la Planta Juan de Dios Batiz; en estos momentos el nivel del R\u00edo Tamazula est\u00e1 muy alto y a\u00fan no permite al personal de la paramunicipal trabajar en la limpieza.<\/p>\n\n\n\n<p>En la misma situaci\u00f3n, por exceso de basura, la obra de toma de Planta Country, fue tapada, sin embargo ya est\u00e1 el personal trabajando en el desazolve.<\/p>\n\n\n\n<p>Adicionalmente, cay\u00f3 un \u00e1rbol en subestaci\u00f3n que energiza 2 pozos de Country, se est\u00e1 trabajando en retirarlo y restablecer su operaci\u00f3n.<\/p>\n\n\n\n<p>El llamado a la poblaci\u00f3n es a hacer un uso racional del agua, en tanto japac logra regularizar el servicio.<\/p>\n\n\n\n<p><strong>El Aquatel 073 y whatsapp 6671000406 est\u00e1n a disposici\u00f3n de la ciudadan\u00eda para resolver cualquier duda o comentario.<\/strong><\/p>\n","protected":false},"excerpt":{"rendered":"<p>De restablecerse la energ\u00eda temprano, les llegar\u00e1 el agua hasta la tarde-noche de hoy Culic\u00e1n, Sin.- JAPAC informa que debido a la intensa lluvia de la madrugada dej\u00f3 fuera de servicio el sistema de la zona Loma de Rodriguera por falla de energ\u00eda CFE resultando afectadas con el suministro de agua las colonias Loma, San [&hellip;]<\/p>\n","protected":false},"author":4,"featured_media":43093,"comment_status":"open","ping_status":"open","sticky":false,"template":"","format":"standard","meta":{"tdm_status":"","tdm_grid_status":"","footnotes":""},"categories":[37],"tags":[],"class_list":{"0":"post-43091","1":"post","2":"type-post","3":"status-publish","4":"format-standard","5":"has-post-thumbnail","7":"category-nota-principal"},"yoast_head":"<!-- This site is optimized with the Yoast SEO plugin v27.5 - https:\/\/yoast.com\/product\/yoast-seo-wordpress\/ -->\n<title>Se quedan sin servicio de agua en la zona Loma de Rodriguera - Fuentes Fidedignas<\/title>\n<meta name=\"robots\" content=\"index, follow, max-snippet:-1, max-image-preview:large, max-video-preview:-1\" \/>\n<link rel=\"canonical\" href=\"https:\/\/fuentesfidedignas.com.mx\/index.php\/2022\/09\/23\/se-quedan-sin-servicio-de-agua-en-la-zona-loma-de-rodriguera\/\" \/>\n<meta property=\"og:locale\" content=\"es_MX\" \/>\n<meta property=\"og:type\" content=\"article\" \/>\n<meta property=\"og:title\" content=\"Se quedan sin servicio de agua en la zona Loma de Rodriguera - Fuentes Fidedignas\" \/>\n<meta property=\"og:description\" content=\"De restablecerse la energ\u00eda temprano, les llegar\u00e1 el agua hasta la tarde-noche de hoy Culic\u00e1n, Sin.- JAPAC informa que debido a la intensa lluvia de la madrugada dej\u00f3 fuera de servicio el sistema de la zona Loma de Rodriguera por falla de energ\u00eda CFE resultando afectadas con el suministro de agua las colonias Loma, San [&hellip;]\" \/>\n<meta property=\"og:url\" content=\"https:\/\/fuentesfidedignas.com.mx\/index.php\/2022\/09\/23\/se-quedan-sin-servicio-de-agua-en-la-zona-loma-de-rodriguera\/\" \/>\n<meta property=\"og:site_name\" content=\"Fuentes Fidedignas\" \/>\n<meta property=\"article:publisher\" content=\"https:\/\/www.facebook.com\/Fuentes-Fidedignas-368234489921644\" \/>\n<meta property=\"article:published_time\" content=\"2022-09-23T15:06:20+00:00\" \/>\n<meta property=\"article:modified_time\" content=\"2022-09-23T15:06:37+00:00\" \/>\n<meta property=\"og:image\" content=\"https:\/\/fuentesfidedignas.com.mx\/wp-content\/uploads\/2022\/09\/IMG-20220923-WA0016.jpg\" \/>\n\t<meta property=\"og:image:width\" content=\"1280\" \/>\n\t<meta property=\"og:image:height\" content=\"853\" \/>\n\t<meta property=\"og:image:type\" content=\"image\/jpeg\" \/>\n<meta name=\"author\" content=\"Redacci\u00f3n\" \/>\n<meta name=\"twitter:card\" content=\"summary_large_image\" \/>\n<meta name=\"twitter:creator\" content=\"@fidedignas\" \/>\n<meta name=\"twitter:site\" content=\"@fidedignas\" \/>\n<meta name=\"twitter:label1\" content=\"Escrito por\" \/>\n\t<meta name=\"twitter:data1\" content=\"Redacci\u00f3n\" \/>\n\t<meta name=\"twitter:label2\" content=\"Tiempo de lectura\" \/>\n\t<meta name=\"twitter:data2\" content=\"2 minutos\" \/>\n<script type=\"application\/ld+json\" class=\"yoast-schema-graph\">{\"@context\":\"https:\\\/\\\/schema.org\",\"@graph\":[{\"@type\":\"Article\",\"@id\":\"https:\\\/\\\/fuentesfidedignas.com.mx\\\/index.php\\\/2022\\\/09\\\/23\\\/se-quedan-sin-servicio-de-agua-en-la-zona-loma-de-rodriguera\\\/#article\",\"isPartOf\":{\"@id\":\"https:\\\/\\\/fuentesfidedignas.com.mx\\\/index.php\\\/2022\\\/09\\\/23\\\/se-quedan-sin-servicio-de-agua-en-la-zona-loma-de-rodriguera\\\/\"},\"author\":{\"name\":\"Redacci\u00f3n\",\"@id\":\"https:\\\/\\\/fuentesfidedignas.com.mx\\\/#\\\/schema\\\/person\\\/331be9283d37198e2acd5750279085b0\"},\"headline\":\"Se quedan sin servicio de agua en la zona Loma de Rodriguera\",\"datePublished\":\"2022-09-23T15:06:20+00:00\",\"dateModified\":\"2022-09-23T15:06:37+00:00\",\"mainEntityOfPage\":{\"@id\":\"https:\\\/\\\/fuentesfidedignas.com.mx\\\/index.php\\\/2022\\\/09\\\/23\\\/se-quedan-sin-servicio-de-agua-en-la-zona-loma-de-rodriguera\\\/\"},\"wordCount\":270,\"commentCount\":0,\"publisher\":{\"@id\":\"https:\\\/\\\/fuentesfidedignas.com.mx\\\/#organization\"},\"image\":{\"@id\":\"https:\\\/\\\/fuentesfidedignas.com.mx\\\/index.php\\\/2022\\\/09\\\/23\\\/se-quedan-sin-servicio-de-agua-en-la-zona-loma-de-rodriguera\\\/#primaryimage\"},\"thumbnailUrl\":\"https:\\\/\\\/fuentesfidedignas.com.mx\\\/wp-content\\\/uploads\\\/2022\\\/09\\\/IMG-20220923-WA0016.jpg\",\"articleSection\":[\"NOTA PRINCIPAL\"],\"inLanguage\":\"es\",\"potentialAction\":[{\"@type\":\"CommentAction\",\"name\":\"Comment\",\"target\":[\"https:\\\/\\\/fuentesfidedignas.com.mx\\\/index.php\\\/2022\\\/09\\\/23\\\/se-quedan-sin-servicio-de-agua-en-la-zona-loma-de-rodriguera\\\/#respond\"]}]},{\"@type\":\"WebPage\",\"@id\":\"https:\\\/\\\/fuentesfidedignas.com.mx\\\/index.php\\\/2022\\\/09\\\/23\\\/se-quedan-sin-servicio-de-agua-en-la-zona-loma-de-rodriguera\\\/\",\"url\":\"https:\\\/\\\/fuentesfidedignas.com.mx\\\/index.php\\\/2022\\\/09\\\/23\\\/se-quedan-sin-servicio-de-agua-en-la-zona-loma-de-rodriguera\\\/\",\"name\":\"Se quedan sin servicio de agua en la zona Loma de Rodriguera - Fuentes Fidedignas\",\"isPartOf\":{\"@id\":\"https:\\\/\\\/fuentesfidedignas.com.mx\\\/#website\"},\"primaryImageOfPage\":{\"@id\":\"https:\\\/\\\/fuentesfidedignas.com.mx\\\/index.php\\\/2022\\\/09\\\/23\\\/se-quedan-sin-servicio-de-agua-en-la-zona-loma-de-rodriguera\\\/#primaryimage\"},\"image\":{\"@id\":\"https:\\\/\\\/fuentesfidedignas.com.mx\\\/index.php\\\/2022\\\/09\\\/23\\\/se-quedan-sin-servicio-de-agua-en-la-zona-loma-de-rodriguera\\\/#primaryimage\"},\"thumbnailUrl\":\"https:\\\/\\\/fuentesfidedignas.com.mx\\\/wp-content\\\/uploads\\\/2022\\\/09\\\/IMG-20220923-WA0016.jpg\",\"datePublished\":\"2022-09-23T15:06:20+00:00\",\"dateModified\":\"2022-09-23T15:06:37+00:00\",\"breadcrumb\":{\"@id\":\"https:\\\/\\\/fuentesfidedignas.com.mx\\\/index.php\\\/2022\\\/09\\\/23\\\/se-quedan-sin-servicio-de-agua-en-la-zona-loma-de-rodriguera\\\/#breadcrumb\"},\"inLanguage\":\"es\",\"potentialAction\":[{\"@type\":\"ReadAction\",\"target\":[\"https:\\\/\\\/fuentesfidedignas.com.mx\\\/index.php\\\/2022\\\/09\\\/23\\\/se-quedan-sin-servicio-de-agua-en-la-zona-loma-de-rodriguera\\\/\"]}]},{\"@type\":\"ImageObject\",\"inLanguage\":\"es\",\"@id\":\"https:\\\/\\\/fuentesfidedignas.com.mx\\\/index.php\\\/2022\\\/09\\\/23\\\/se-quedan-sin-servicio-de-agua-en-la-zona-loma-de-rodriguera\\\/#primaryimage\",\"url\":\"https:\\\/\\\/fuentesfidedignas.com.mx\\\/wp-content\\\/uploads\\\/2022\\\/09\\\/IMG-20220923-WA0016.jpg\",\"contentUrl\":\"https:\\\/\\\/fuentesfidedignas.com.mx\\\/wp-content\\\/uploads\\\/2022\\\/09\\\/IMG-20220923-WA0016.jpg\",\"width\":1280,\"height\":853},{\"@type\":\"BreadcrumbList\",\"@id\":\"https:\\\/\\\/fuentesfidedignas.com.mx\\\/index.php\\\/2022\\\/09\\\/23\\\/se-quedan-sin-servicio-de-agua-en-la-zona-loma-de-rodriguera\\\/#breadcrumb\",\"itemListElement\":[{\"@type\":\"ListItem\",\"position\":1,\"name\":\"Inicio\",\"item\":\"https:\\\/\\\/fuentesfidedignas.com.mx\\\/\"},{\"@type\":\"ListItem\",\"position\":2,\"name\":\"Se quedan sin servicio de agua en la zona Loma de Rodriguera\"}]},{\"@type\":\"WebSite\",\"@id\":\"https:\\\/\\\/fuentesfidedignas.com.mx\\\/#website\",\"url\":\"https:\\\/\\\/fuentesfidedignas.com.mx\\\/\",\"name\":\"Fuentes Fidedignas\",\"description\":\"Otro sitio realizado con WordPress\",\"publisher\":{\"@id\":\"https:\\\/\\\/fuentesfidedignas.com.mx\\\/#organization\"},\"potentialAction\":[{\"@type\":\"SearchAction\",\"target\":{\"@type\":\"EntryPoint\",\"urlTemplate\":\"https:\\\/\\\/fuentesfidedignas.com.mx\\\/?s={search_term_string}\"},\"query-input\":{\"@type\":\"PropertyValueSpecification\",\"valueRequired\":true,\"valueName\":\"search_term_string\"}}],\"inLanguage\":\"es\"},{\"@type\":\"Organization\",\"@id\":\"https:\\\/\\\/fuentesfidedignas.com.mx\\\/#organization\",\"name\":\"Fuentes Fidedignas\",\"url\":\"https:\\\/\\\/fuentesfidedignas.com.mx\\\/\",\"logo\":{\"@type\":\"ImageObject\",\"inLanguage\":\"es\",\"@id\":\"https:\\\/\\\/fuentesfidedignas.com.mx\\\/#\\\/schema\\\/logo\\\/image\\\/\",\"url\":\"https:\\\/\\\/fuentesfidedignas.com.mx\\\/wp-content\\\/uploads\\\/2021\\\/04\\\/logo-retina.png\",\"contentUrl\":\"https:\\\/\\\/fuentesfidedignas.com.mx\\\/wp-content\\\/uploads\\\/2021\\\/04\\\/logo-retina.png\",\"width\":280,\"height\":51,\"caption\":\"Fuentes Fidedignas\"},\"image\":{\"@id\":\"https:\\\/\\\/fuentesfidedignas.com.mx\\\/#\\\/schema\\\/logo\\\/image\\\/\"},\"sameAs\":[\"https:\\\/\\\/www.facebook.com\\\/Fuentes-Fidedignas-368234489921644\",\"https:\\\/\\\/x.com\\\/fidedignas\"]},{\"@type\":\"Person\",\"@id\":\"https:\\\/\\\/fuentesfidedignas.com.mx\\\/#\\\/schema\\\/person\\\/331be9283d37198e2acd5750279085b0\",\"name\":\"Redacci\u00f3n\",\"image\":{\"@type\":\"ImageObject\",\"inLanguage\":\"es\",\"@id\":\"https:\\\/\\\/secure.gravatar.com\\\/avatar\\\/f6d8782c11d12b2d4ad3fbb6931aeab5309937a4d6cd2fc9cfaa28a6396a5aec?s=96&d=mm&r=g\",\"url\":\"https:\\\/\\\/secure.gravatar.com\\\/avatar\\\/f6d8782c11d12b2d4ad3fbb6931aeab5309937a4d6cd2fc9cfaa28a6396a5aec?s=96&d=mm&r=g\",\"contentUrl\":\"https:\\\/\\\/secure.gravatar.com\\\/avatar\\\/f6d8782c11d12b2d4ad3fbb6931aeab5309937a4d6cd2fc9cfaa28a6396a5aec?s=96&d=mm&r=g\",\"caption\":\"Redacci\u00f3n\"},\"url\":\"https:\\\/\\\/fuentesfidedignas.com.mx\\\/index.php\\\/author\\\/redaccion\\\/\"}]}<\/script>\n<!-- \/ Yoast SEO plugin. -->","yoast_head_json":{"title":"Se quedan sin servicio de agua en la zona Loma de Rodriguera - Fuentes Fidedignas","robots":{"index":"index","follow":"follow","max-snippet":"max-snippet:-1","max-image-preview":"max-image-preview:large","max-video-preview":"max-video-preview:-1"},"canonical":"https:\/\/fuentesfidedignas.com.mx\/index.php\/2022\/09\/23\/se-quedan-sin-servicio-de-agua-en-la-zona-loma-de-rodriguera\/","og_locale":"es_MX","og_type":"article","og_title":"Se quedan sin servicio de agua en la zona Loma de Rodriguera - Fuentes Fidedignas","og_description":"De restablecerse la energ\u00eda temprano, les llegar\u00e1 el agua hasta la tarde-noche de hoy Culic\u00e1n, Sin.- JAPAC informa que debido a la intensa lluvia de la madrugada dej\u00f3 fuera de servicio el sistema de la zona Loma de Rodriguera por falla de energ\u00eda CFE resultando afectadas con el suministro de agua las colonias Loma, San [&hellip;]","og_url":"https:\/\/fuentesfidedignas.com.mx\/index.php\/2022\/09\/23\/se-quedan-sin-servicio-de-agua-en-la-zona-loma-de-rodriguera\/","og_site_name":"Fuentes Fidedignas","article_publisher":"https:\/\/www.facebook.com\/Fuentes-Fidedignas-368234489921644","article_published_time":"2022-09-23T15:06:20+00:00","article_modified_time":"2022-09-23T15:06:37+00:00","og_image":[{"width":1280,"height":853,"url":"https:\/\/fuentesfidedignas.com.mx\/wp-content\/uploads\/2022\/09\/IMG-20220923-WA0016.jpg","type":"image\/jpeg"}],"author":"Redacci\u00f3n","twitter_card":"summary_large_image","twitter_creator":"@fidedignas","twitter_site":"@fidedignas","twitter_misc":{"Escrito por":"Redacci\u00f3n","Tiempo de lectura":"2 minutos"},"schema":{"@context":"https:\/\/schema.org","@graph":[{"@type":"Article","@id":"https:\/\/fuentesfidedignas.com.mx\/index.php\/2022\/09\/23\/se-quedan-sin-servicio-de-agua-en-la-zona-loma-de-rodriguera\/#article","isPartOf":{"@id":"https:\/\/fuentesfidedignas.com.mx\/index.php\/2022\/09\/23\/se-quedan-sin-servicio-de-agua-en-la-zona-loma-de-rodriguera\/"},"author":{"name":"Redacci\u00f3n","@id":"https:\/\/fuentesfidedignas.com.mx\/#\/schema\/person\/331be9283d37198e2acd5750279085b0"},"headline":"Se quedan sin servicio de agua en la zona Loma de Rodriguera","datePublished":"2022-09-23T15:06:20+00:00","dateModified":"2022-09-23T15:06:37+00:00","mainEntityOfPage":{"@id":"https:\/\/fuentesfidedignas.com.mx\/index.php\/2022\/09\/23\/se-quedan-sin-servicio-de-agua-en-la-zona-loma-de-rodriguera\/"},"wordCount":270,"commentCount":0,"publisher":{"@id":"https:\/\/fuentesfidedignas.com.mx\/#organization"},"image":{"@id":"https:\/\/fuentesfidedignas.com.mx\/index.php\/2022\/09\/23\/se-quedan-sin-servicio-de-agua-en-la-zona-loma-de-rodriguera\/#primaryimage"},"thumbnailUrl":"https:\/\/fuentesfidedignas.com.mx\/wp-content\/uploads\/2022\/09\/IMG-20220923-WA0016.jpg","articleSection":["NOTA PRINCIPAL"],"inLanguage":"es","potentialAction":[{"@type":"CommentAction","name":"Comment","target":["https:\/\/fuentesfidedignas.com.mx\/index.php\/2022\/09\/23\/se-quedan-sin-servicio-de-agua-en-la-zona-loma-de-rodriguera\/#respond"]}]},{"@type":"WebPage","@id":"https:\/\/fuentesfidedignas.com.mx\/index.php\/2022\/09\/23\/se-quedan-sin-servicio-de-agua-en-la-zona-loma-de-rodriguera\/","url":"https:\/\/fuentesfidedignas.com.mx\/index.php\/2022\/09\/23\/se-quedan-sin-servicio-de-agua-en-la-zona-loma-de-rodriguera\/","name":"Se quedan sin servicio de agua en la zona Loma de Rodriguera - Fuentes Fidedignas","isPartOf":{"@id":"https:\/\/fuentesfidedignas.com.mx\/#website"},"primaryImageOfPage":{"@id":"https:\/\/fuentesfidedignas.com.mx\/index.php\/2022\/09\/23\/se-quedan-sin-servicio-de-agua-en-la-zona-loma-de-rodriguera\/#primaryimage"},"image":{"@id":"https:\/\/fuentesfidedignas.com.mx\/index.php\/2022\/09\/23\/se-quedan-sin-servicio-de-agua-en-la-zona-loma-de-rodriguera\/#primaryimage"},"thumbnailUrl":"https:\/\/fuentesfidedignas.com.mx\/wp-content\/uploads\/2022\/09\/IMG-20220923-WA0016.jpg","datePublished":"2022-09-23T15:06:20+00:00","dateModified":"2022-09-23T15:06:37+00:00","breadcrumb":{"@id":"https:\/\/fuentesfidedignas.com.mx\/index.php\/2022\/09\/23\/se-quedan-sin-servicio-de-agua-en-la-zona-loma-de-rodriguera\/#breadcrumb"},"inLanguage":"es","potentialAction":[{"@type":"ReadAction","target":["https:\/\/fuentesfidedignas.com.mx\/index.php\/2022\/09\/23\/se-quedan-sin-servicio-de-agua-en-la-zona-loma-de-rodriguera\/"]}]},{"@type":"ImageObject","inLanguage":"es","@id":"https:\/\/fuentesfidedignas.com.mx\/index.php\/2022\/09\/23\/se-quedan-sin-servicio-de-agua-en-la-zona-loma-de-rodriguera\/#primaryimage","url":"https:\/\/fuentesfidedignas.com.mx\/wp-content\/uploads\/2022\/09\/IMG-20220923-WA0016.jpg","contentUrl":"https:\/\/fuentesfidedignas.com.mx\/wp-content\/uploads\/2022\/09\/IMG-20220923-WA0016.jpg","width":1280,"height":853},{"@type":"BreadcrumbList","@id":"https:\/\/fuentesfidedignas.com.mx\/index.php\/2022\/09\/23\/se-quedan-sin-servicio-de-agua-en-la-zona-loma-de-rodriguera\/#breadcrumb","itemListElement":[{"@type":"ListItem","position":1,"name":"Inicio","item":"https:\/\/fuentesfidedignas.com.mx\/"},{"@type":"ListItem","position":2,"name":"Se quedan sin servicio de agua en la zona Loma de Rodriguera"}]},{"@type":"WebSite","@id":"https:\/\/fuentesfidedignas.com.mx\/#website","url":"https:\/\/fuentesfidedignas.com.mx\/","name":"Fuentes Fidedignas","description":"Otro sitio realizado con WordPress","publisher":{"@id":"https:\/\/fuentesfidedignas.com.mx\/#organization"},"potentialAction":[{"@type":"SearchAction","target":{"@type":"EntryPoint","urlTemplate":"https:\/\/fuentesfidedignas.com.mx\/?s={search_term_string}"},"query-input":{"@type":"PropertyValueSpecification","valueRequired":true,"valueName":"search_term_string"}}],"inLanguage":"es"},{"@type":"Organization","@id":"https:\/\/fuentesfidedignas.com.mx\/#organization","name":"Fuentes Fidedignas","url":"https:\/\/fuentesfidedignas.com.mx\/","logo":{"@type":"ImageObject","inLanguage":"es","@id":"https:\/\/fuentesfidedignas.com.mx\/#\/schema\/logo\/image\/","url":"https:\/\/fuentesfidedignas.com.mx\/wp-content\/uploads\/2021\/04\/logo-retina.png","contentUrl":"https:\/\/fuentesfidedignas.com.mx\/wp-content\/uploads\/2021\/04\/logo-retina.png","width":280,"height":51,"caption":"Fuentes Fidedignas"},"image":{"@id":"https:\/\/fuentesfidedignas.com.mx\/#\/schema\/logo\/image\/"},"sameAs":["https:\/\/www.facebook.com\/Fuentes-Fidedignas-368234489921644","https:\/\/x.com\/fidedignas"]},{"@type":"Person","@id":"https:\/\/fuentesfidedignas.com.mx\/#\/schema\/person\/331be9283d37198e2acd5750279085b0","name":"Redacci\u00f3n","image":{"@type":"ImageObject","inLanguage":"es","@id":"https:\/\/secure.gravatar.com\/avatar\/f6d8782c11d12b2d4ad3fbb6931aeab5309937a4d6cd2fc9cfaa28a6396a5aec?s=96&d=mm&r=g","url":"https:\/\/secure.gravatar.com\/avatar\/f6d8782c11d12b2d4ad3fbb6931aeab5309937a4d6cd2fc9cfaa28a6396a5aec?s=96&d=mm&r=g","contentUrl":"https:\/\/secure.gravatar.com\/avatar\/f6d8782c11d12b2d4ad3fbb6931aeab5309937a4d6cd2fc9cfaa28a6396a5aec?s=96&d=mm&r=g","caption":"Redacci\u00f3n"},"url":"https:\/\/fuentesfidedignas.com.mx\/index.php\/author\/redaccion\/"}]}},"_links":{"self":[{"href":"https:\/\/fuentesfidedignas.com.mx\/index.php\/wp-json\/wp\/v2\/posts\/43091","targetHints":{"allow":["GET"]}}],"collection":[{"href":"https:\/\/fuentesfidedignas.com.mx\/index.php\/wp-json\/wp\/v2\/posts"}],"about":[{"href":"https:\/\/fuentesfidedignas.com.mx\/index.php\/wp-json\/wp\/v2\/types\/post"}],"author":[{"embeddable":true,"href":"https:\/\/fuentesfidedignas.com.mx\/index.php\/wp-json\/wp\/v2\/users\/4"}],"replies":[{"embeddable":true,"href":"https:\/\/fuentesfidedignas.com.mx\/index.php\/wp-json\/wp\/v2\/comments?post=43091"}],"version-history":[{"count":1,"href":"https:\/\/fuentesfidedignas.com.mx\/index.php\/wp-json\/wp\/v2\/posts\/43091\/revisions"}],"predecessor-version":[{"id":43092,"href":"https:\/\/fuentesfidedignas.com.mx\/index.php\/wp-json\/wp\/v2\/posts\/43091\/revisions\/43092"}],"wp:featuredmedia":[{"embeddable":true,"href":"https:\/\/fuentesfidedignas.com.mx\/index.php\/wp-json\/wp\/v2\/media\/43093"}],"wp:attachment":[{"href":"https:\/\/fuentesfidedignas.com.mx\/index.php\/wp-json\/wp\/v2\/media?parent=43091"}],"wp:term":[{"taxonomy":"category","embeddable":true,"href":"https:\/\/fuentesfidedignas.com.mx\/index.php\/wp-json\/wp\/v2\/categories?post=43091"},{"taxonomy":"post_tag","embeddable":true,"href":"https:\/\/fuentesfidedignas.com.mx\/index.php\/wp-json\/wp\/v2\/tags?post=43091"}],"curies":[{"name":"wp","href":"https:\/\/api.w.org\/{rel}","templated":true}]}}