{"id":43040,"date":"2022-09-22T18:38:03","date_gmt":"2022-09-23T00:38:03","guid":{"rendered":"https:\/\/fuentesfidedignas.com.mx\/?p=43040"},"modified":"2022-09-22T18:38:04","modified_gmt":"2022-09-23T00:38:04","slug":"diputada-priista-que-promovio-reforma-sobre-ejercito-pide-licencia","status":"publish","type":"post","link":"https:\/\/fuentesfidedignas.com.mx\/index.php\/2022\/09\/22\/diputada-priista-que-promovio-reforma-sobre-ejercito-pide-licencia\/","title":{"rendered":"Diputada priista que promovi\u00f3 reforma sobre Ej\u00e9rcito pide licencia"},"content":{"rendered":"\n<p><strong><em>La diputada Yolanda de la Torre fue la autora de la iniciativa para prolongar la presencia del Ej\u00e9rcito en las calles, actualmente atorada en el Senado.<\/em><\/strong><\/p>\n\n\n\n<p>Ciudad de M\u00e9xico.- La diputada priista Yolanda de la Torre, quien present\u00f3 la propuesta de que el Ej\u00e9rcito contin\u00fae en tareas de seguridad p\u00fablica hasta 2028, pidi\u00f3 licencia.<\/p>\n\n\n\n<p>En conferencia, la legisladora mencion\u00f3 que pidi\u00f3 licencia porque ocupar\u00e1 un nuevo cargo en el gobierno de Durango, donde hace unos d\u00edas el priista Esteban Villegas tom\u00f3 protesta como gobernador.<\/p>\n\n\n\n<p>Esto ocurre luego de que el presidente Andr\u00e9s Manuel L\u00f3pez Obrador habl\u00f3 de la iniciativa como si fuera de su gobierno y no del PRI, pues el mandatario asegur\u00f3 que de no pasar en el Senado, la presentar\u00e1 nuevamente.<\/p>\n\n\n\n<p>Ante ello, Yolanda de la Torre respondi\u00f3 que ella no conoce al presidente y que la propuesta fue de ella y no del titular del Ejecutivo.<\/p>\n\n\n\n<p>\u201cNo fue lo que vi, soy muy respetuosa de las instituciones. Yo lo entend\u00eda de manera distinta\u201d, coment\u00f3 la diputada priista.<\/p>\n\n\n\n<p>Por la ma\u00f1ana, L\u00f3pez Obrador declar\u00f3: \u201cVoy a volver a presentarla, mientras yo est\u00e9 de presidente, como tengo la facultad de hacerlo, presentar iniciativas, voy a seguir insistiendo y no quiero que la Guardia Nacional termine como la Polic\u00eda Federal\u201d.<\/p>\n\n\n\n<p>Ayer, los senadores de Morena regresaron la reforma constitucional a comisiones, pues no contaban con los votos necesarios para que pasara en el pleno.<\/p>\n\n\n\n<p>Cuando la propuesta fue presentada, la priista Yolanda de la Torre se molest\u00f3 de que se cuestionara si la iniciativa fue un acuerdo con el gobierno federal para que no publicar\u00e1n m\u00e1s audios sobre Alejandro Moreno, dirigente nacional del PRI.<\/p>\n","protected":false},"excerpt":{"rendered":"<p>La diputada Yolanda de la Torre fue la autora de la iniciativa para prolongar la presencia del Ej\u00e9rcito en las calles, actualmente atorada en el Senado. Ciudad de M\u00e9xico.- La diputada priista Yolanda de la Torre, quien present\u00f3 la propuesta de que el Ej\u00e9rcito contin\u00fae en tareas de seguridad p\u00fablica hasta 2028, pidi\u00f3 licencia. En [&hellip;]<\/p>\n","protected":false},"author":5,"featured_media":43041,"comment_status":"open","ping_status":"open","sticky":false,"template":"","format":"standard","meta":{"tdm_status":"","tdm_grid_status":"","footnotes":""},"categories":[39],"tags":[],"class_list":{"0":"post-43040","1":"post","2":"type-post","3":"status-publish","4":"format-standard","5":"has-post-thumbnail","7":"category-noticias-nacionales"},"yoast_head":"<!-- This site is optimized with the Yoast SEO plugin v27.4 - https:\/\/yoast.com\/product\/yoast-seo-wordpress\/ -->\n<title>Diputada priista que promovi\u00f3 reforma sobre Ej\u00e9rcito pide licencia - Fuentes Fidedignas<\/title>\n<meta name=\"robots\" content=\"index, follow, max-snippet:-1, max-image-preview:large, max-video-preview:-1\" \/>\n<link rel=\"canonical\" href=\"https:\/\/fuentesfidedignas.com.mx\/index.php\/2022\/09\/22\/diputada-priista-que-promovio-reforma-sobre-ejercito-pide-licencia\/\" \/>\n<meta property=\"og:locale\" content=\"es_MX\" \/>\n<meta property=\"og:type\" content=\"article\" \/>\n<meta property=\"og:title\" content=\"Diputada priista que promovi\u00f3 reforma sobre Ej\u00e9rcito pide licencia - Fuentes Fidedignas\" \/>\n<meta property=\"og:description\" content=\"La diputada Yolanda de la Torre fue la autora de la iniciativa para prolongar la presencia del Ej\u00e9rcito en las calles, actualmente atorada en el Senado. Ciudad de M\u00e9xico.- La diputada priista Yolanda de la Torre, quien present\u00f3 la propuesta de que el Ej\u00e9rcito contin\u00fae en tareas de seguridad p\u00fablica hasta 2028, pidi\u00f3 licencia. En [&hellip;]\" \/>\n<meta property=\"og:url\" content=\"https:\/\/fuentesfidedignas.com.mx\/index.php\/2022\/09\/22\/diputada-priista-que-promovio-reforma-sobre-ejercito-pide-licencia\/\" \/>\n<meta property=\"og:site_name\" content=\"Fuentes Fidedignas\" \/>\n<meta property=\"article:publisher\" content=\"https:\/\/www.facebook.com\/Fuentes-Fidedignas-368234489921644\" \/>\n<meta property=\"article:published_time\" content=\"2022-09-23T00:38:03+00:00\" \/>\n<meta property=\"article:modified_time\" content=\"2022-09-23T00:38:04+00:00\" \/>\n<meta property=\"og:image\" content=\"https:\/\/fuentesfidedignas.com.mx\/wp-content\/uploads\/2022\/09\/YOLANDA_TORRE.jpg\" \/>\n\t<meta property=\"og:image:width\" content=\"640\" \/>\n\t<meta property=\"og:image:height\" content=\"360\" \/>\n\t<meta property=\"og:image:type\" content=\"image\/jpeg\" \/>\n<meta name=\"author\" content=\"Forbes\" \/>\n<meta name=\"twitter:card\" content=\"summary_large_image\" \/>\n<meta name=\"twitter:creator\" content=\"@fidedignas\" \/>\n<meta name=\"twitter:site\" content=\"@fidedignas\" \/>\n<meta name=\"twitter:label1\" content=\"Escrito por\" \/>\n\t<meta name=\"twitter:data1\" content=\"Forbes\" \/>\n\t<meta name=\"twitter:label2\" content=\"Tiempo de lectura\" \/>\n\t<meta name=\"twitter:data2\" content=\"2 minutos\" \/>\n<script type=\"application\/ld+json\" class=\"yoast-schema-graph\">{\"@context\":\"https:\\\/\\\/schema.org\",\"@graph\":[{\"@type\":\"Article\",\"@id\":\"https:\\\/\\\/fuentesfidedignas.com.mx\\\/index.php\\\/2022\\\/09\\\/22\\\/diputada-priista-que-promovio-reforma-sobre-ejercito-pide-licencia\\\/#article\",\"isPartOf\":{\"@id\":\"https:\\\/\\\/fuentesfidedignas.com.mx\\\/index.php\\\/2022\\\/09\\\/22\\\/diputada-priista-que-promovio-reforma-sobre-ejercito-pide-licencia\\\/\"},\"author\":{\"name\":\"Forbes\",\"@id\":\"https:\\\/\\\/fuentesfidedignas.com.mx\\\/#\\\/schema\\\/person\\\/5623d53fe2e579d825b1679734abcc44\"},\"headline\":\"Diputada priista que promovi\u00f3 reforma sobre Ej\u00e9rcito pide licencia\",\"datePublished\":\"2022-09-23T00:38:03+00:00\",\"dateModified\":\"2022-09-23T00:38:04+00:00\",\"mainEntityOfPage\":{\"@id\":\"https:\\\/\\\/fuentesfidedignas.com.mx\\\/index.php\\\/2022\\\/09\\\/22\\\/diputada-priista-que-promovio-reforma-sobre-ejercito-pide-licencia\\\/\"},\"wordCount\":298,\"commentCount\":0,\"publisher\":{\"@id\":\"https:\\\/\\\/fuentesfidedignas.com.mx\\\/#organization\"},\"image\":{\"@id\":\"https:\\\/\\\/fuentesfidedignas.com.mx\\\/index.php\\\/2022\\\/09\\\/22\\\/diputada-priista-que-promovio-reforma-sobre-ejercito-pide-licencia\\\/#primaryimage\"},\"thumbnailUrl\":\"https:\\\/\\\/fuentesfidedignas.com.mx\\\/wp-content\\\/uploads\\\/2022\\\/09\\\/YOLANDA_TORRE.jpg\",\"articleSection\":[\"NOTICIAS NACIONALES\"],\"inLanguage\":\"es\",\"potentialAction\":[{\"@type\":\"CommentAction\",\"name\":\"Comment\",\"target\":[\"https:\\\/\\\/fuentesfidedignas.com.mx\\\/index.php\\\/2022\\\/09\\\/22\\\/diputada-priista-que-promovio-reforma-sobre-ejercito-pide-licencia\\\/#respond\"]}]},{\"@type\":\"WebPage\",\"@id\":\"https:\\\/\\\/fuentesfidedignas.com.mx\\\/index.php\\\/2022\\\/09\\\/22\\\/diputada-priista-que-promovio-reforma-sobre-ejercito-pide-licencia\\\/\",\"url\":\"https:\\\/\\\/fuentesfidedignas.com.mx\\\/index.php\\\/2022\\\/09\\\/22\\\/diputada-priista-que-promovio-reforma-sobre-ejercito-pide-licencia\\\/\",\"name\":\"Diputada priista que promovi\u00f3 reforma sobre Ej\u00e9rcito pide licencia - Fuentes Fidedignas\",\"isPartOf\":{\"@id\":\"https:\\\/\\\/fuentesfidedignas.com.mx\\\/#website\"},\"primaryImageOfPage\":{\"@id\":\"https:\\\/\\\/fuentesfidedignas.com.mx\\\/index.php\\\/2022\\\/09\\\/22\\\/diputada-priista-que-promovio-reforma-sobre-ejercito-pide-licencia\\\/#primaryimage\"},\"image\":{\"@id\":\"https:\\\/\\\/fuentesfidedignas.com.mx\\\/index.php\\\/2022\\\/09\\\/22\\\/diputada-priista-que-promovio-reforma-sobre-ejercito-pide-licencia\\\/#primaryimage\"},\"thumbnailUrl\":\"https:\\\/\\\/fuentesfidedignas.com.mx\\\/wp-content\\\/uploads\\\/2022\\\/09\\\/YOLANDA_TORRE.jpg\",\"datePublished\":\"2022-09-23T00:38:03+00:00\",\"dateModified\":\"2022-09-23T00:38:04+00:00\",\"breadcrumb\":{\"@id\":\"https:\\\/\\\/fuentesfidedignas.com.mx\\\/index.php\\\/2022\\\/09\\\/22\\\/diputada-priista-que-promovio-reforma-sobre-ejercito-pide-licencia\\\/#breadcrumb\"},\"inLanguage\":\"es\",\"potentialAction\":[{\"@type\":\"ReadAction\",\"target\":[\"https:\\\/\\\/fuentesfidedignas.com.mx\\\/index.php\\\/2022\\\/09\\\/22\\\/diputada-priista-que-promovio-reforma-sobre-ejercito-pide-licencia\\\/\"]}]},{\"@type\":\"ImageObject\",\"inLanguage\":\"es\",\"@id\":\"https:\\\/\\\/fuentesfidedignas.com.mx\\\/index.php\\\/2022\\\/09\\\/22\\\/diputada-priista-que-promovio-reforma-sobre-ejercito-pide-licencia\\\/#primaryimage\",\"url\":\"https:\\\/\\\/fuentesfidedignas.com.mx\\\/wp-content\\\/uploads\\\/2022\\\/09\\\/YOLANDA_TORRE.jpg\",\"contentUrl\":\"https:\\\/\\\/fuentesfidedignas.com.mx\\\/wp-content\\\/uploads\\\/2022\\\/09\\\/YOLANDA_TORRE.jpg\",\"width\":640,\"height\":360},{\"@type\":\"BreadcrumbList\",\"@id\":\"https:\\\/\\\/fuentesfidedignas.com.mx\\\/index.php\\\/2022\\\/09\\\/22\\\/diputada-priista-que-promovio-reforma-sobre-ejercito-pide-licencia\\\/#breadcrumb\",\"itemListElement\":[{\"@type\":\"ListItem\",\"position\":1,\"name\":\"Inicio\",\"item\":\"https:\\\/\\\/fuentesfidedignas.com.mx\\\/\"},{\"@type\":\"ListItem\",\"position\":2,\"name\":\"Diputada priista que promovi\u00f3 reforma sobre Ej\u00e9rcito pide licencia\"}]},{\"@type\":\"WebSite\",\"@id\":\"https:\\\/\\\/fuentesfidedignas.com.mx\\\/#website\",\"url\":\"https:\\\/\\\/fuentesfidedignas.com.mx\\\/\",\"name\":\"Fuentes Fidedignas\",\"description\":\"Otro sitio realizado con WordPress\",\"publisher\":{\"@id\":\"https:\\\/\\\/fuentesfidedignas.com.mx\\\/#organization\"},\"potentialAction\":[{\"@type\":\"SearchAction\",\"target\":{\"@type\":\"EntryPoint\",\"urlTemplate\":\"https:\\\/\\\/fuentesfidedignas.com.mx\\\/?s={search_term_string}\"},\"query-input\":{\"@type\":\"PropertyValueSpecification\",\"valueRequired\":true,\"valueName\":\"search_term_string\"}}],\"inLanguage\":\"es\"},{\"@type\":\"Organization\",\"@id\":\"https:\\\/\\\/fuentesfidedignas.com.mx\\\/#organization\",\"name\":\"Fuentes Fidedignas\",\"url\":\"https:\\\/\\\/fuentesfidedignas.com.mx\\\/\",\"logo\":{\"@type\":\"ImageObject\",\"inLanguage\":\"es\",\"@id\":\"https:\\\/\\\/fuentesfidedignas.com.mx\\\/#\\\/schema\\\/logo\\\/image\\\/\",\"url\":\"https:\\\/\\\/fuentesfidedignas.com.mx\\\/wp-content\\\/uploads\\\/2021\\\/04\\\/logo-retina.png\",\"contentUrl\":\"https:\\\/\\\/fuentesfidedignas.com.mx\\\/wp-content\\\/uploads\\\/2021\\\/04\\\/logo-retina.png\",\"width\":280,\"height\":51,\"caption\":\"Fuentes Fidedignas\"},\"image\":{\"@id\":\"https:\\\/\\\/fuentesfidedignas.com.mx\\\/#\\\/schema\\\/logo\\\/image\\\/\"},\"sameAs\":[\"https:\\\/\\\/www.facebook.com\\\/Fuentes-Fidedignas-368234489921644\",\"https:\\\/\\\/x.com\\\/fidedignas\"]},{\"@type\":\"Person\",\"@id\":\"https:\\\/\\\/fuentesfidedignas.com.mx\\\/#\\\/schema\\\/person\\\/5623d53fe2e579d825b1679734abcc44\",\"name\":\"Forbes\",\"image\":{\"@type\":\"ImageObject\",\"inLanguage\":\"es\",\"@id\":\"https:\\\/\\\/secure.gravatar.com\\\/avatar\\\/87ce3dd4e41e60c22a79c758614f01a6bc2469255fc936ec7b15efb9bb5cb66f?s=96&d=mm&r=g\",\"url\":\"https:\\\/\\\/secure.gravatar.com\\\/avatar\\\/87ce3dd4e41e60c22a79c758614f01a6bc2469255fc936ec7b15efb9bb5cb66f?s=96&d=mm&r=g\",\"contentUrl\":\"https:\\\/\\\/secure.gravatar.com\\\/avatar\\\/87ce3dd4e41e60c22a79c758614f01a6bc2469255fc936ec7b15efb9bb5cb66f?s=96&d=mm&r=g\",\"caption\":\"Forbes\"},\"url\":\"https:\\\/\\\/fuentesfidedignas.com.mx\\\/index.php\\\/author\\\/forbes\\\/\"}]}<\/script>\n<!-- \/ Yoast SEO plugin. -->","yoast_head_json":{"title":"Diputada priista que promovi\u00f3 reforma sobre Ej\u00e9rcito pide licencia - Fuentes Fidedignas","robots":{"index":"index","follow":"follow","max-snippet":"max-snippet:-1","max-image-preview":"max-image-preview:large","max-video-preview":"max-video-preview:-1"},"canonical":"https:\/\/fuentesfidedignas.com.mx\/index.php\/2022\/09\/22\/diputada-priista-que-promovio-reforma-sobre-ejercito-pide-licencia\/","og_locale":"es_MX","og_type":"article","og_title":"Diputada priista que promovi\u00f3 reforma sobre Ej\u00e9rcito pide licencia - Fuentes Fidedignas","og_description":"La diputada Yolanda de la Torre fue la autora de la iniciativa para prolongar la presencia del Ej\u00e9rcito en las calles, actualmente atorada en el Senado. Ciudad de M\u00e9xico.- La diputada priista Yolanda de la Torre, quien present\u00f3 la propuesta de que el Ej\u00e9rcito contin\u00fae en tareas de seguridad p\u00fablica hasta 2028, pidi\u00f3 licencia. En [&hellip;]","og_url":"https:\/\/fuentesfidedignas.com.mx\/index.php\/2022\/09\/22\/diputada-priista-que-promovio-reforma-sobre-ejercito-pide-licencia\/","og_site_name":"Fuentes Fidedignas","article_publisher":"https:\/\/www.facebook.com\/Fuentes-Fidedignas-368234489921644","article_published_time":"2022-09-23T00:38:03+00:00","article_modified_time":"2022-09-23T00:38:04+00:00","og_image":[{"width":640,"height":360,"url":"https:\/\/fuentesfidedignas.com.mx\/wp-content\/uploads\/2022\/09\/YOLANDA_TORRE.jpg","type":"image\/jpeg"}],"author":"Forbes","twitter_card":"summary_large_image","twitter_creator":"@fidedignas","twitter_site":"@fidedignas","twitter_misc":{"Escrito por":"Forbes","Tiempo de lectura":"2 minutos"},"schema":{"@context":"https:\/\/schema.org","@graph":[{"@type":"Article","@id":"https:\/\/fuentesfidedignas.com.mx\/index.php\/2022\/09\/22\/diputada-priista-que-promovio-reforma-sobre-ejercito-pide-licencia\/#article","isPartOf":{"@id":"https:\/\/fuentesfidedignas.com.mx\/index.php\/2022\/09\/22\/diputada-priista-que-promovio-reforma-sobre-ejercito-pide-licencia\/"},"author":{"name":"Forbes","@id":"https:\/\/fuentesfidedignas.com.mx\/#\/schema\/person\/5623d53fe2e579d825b1679734abcc44"},"headline":"Diputada priista que promovi\u00f3 reforma sobre Ej\u00e9rcito pide licencia","datePublished":"2022-09-23T00:38:03+00:00","dateModified":"2022-09-23T00:38:04+00:00","mainEntityOfPage":{"@id":"https:\/\/fuentesfidedignas.com.mx\/index.php\/2022\/09\/22\/diputada-priista-que-promovio-reforma-sobre-ejercito-pide-licencia\/"},"wordCount":298,"commentCount":0,"publisher":{"@id":"https:\/\/fuentesfidedignas.com.mx\/#organization"},"image":{"@id":"https:\/\/fuentesfidedignas.com.mx\/index.php\/2022\/09\/22\/diputada-priista-que-promovio-reforma-sobre-ejercito-pide-licencia\/#primaryimage"},"thumbnailUrl":"https:\/\/fuentesfidedignas.com.mx\/wp-content\/uploads\/2022\/09\/YOLANDA_TORRE.jpg","articleSection":["NOTICIAS NACIONALES"],"inLanguage":"es","potentialAction":[{"@type":"CommentAction","name":"Comment","target":["https:\/\/fuentesfidedignas.com.mx\/index.php\/2022\/09\/22\/diputada-priista-que-promovio-reforma-sobre-ejercito-pide-licencia\/#respond"]}]},{"@type":"WebPage","@id":"https:\/\/fuentesfidedignas.com.mx\/index.php\/2022\/09\/22\/diputada-priista-que-promovio-reforma-sobre-ejercito-pide-licencia\/","url":"https:\/\/fuentesfidedignas.com.mx\/index.php\/2022\/09\/22\/diputada-priista-que-promovio-reforma-sobre-ejercito-pide-licencia\/","name":"Diputada priista que promovi\u00f3 reforma sobre Ej\u00e9rcito pide licencia - Fuentes Fidedignas","isPartOf":{"@id":"https:\/\/fuentesfidedignas.com.mx\/#website"},"primaryImageOfPage":{"@id":"https:\/\/fuentesfidedignas.com.mx\/index.php\/2022\/09\/22\/diputada-priista-que-promovio-reforma-sobre-ejercito-pide-licencia\/#primaryimage"},"image":{"@id":"https:\/\/fuentesfidedignas.com.mx\/index.php\/2022\/09\/22\/diputada-priista-que-promovio-reforma-sobre-ejercito-pide-licencia\/#primaryimage"},"thumbnailUrl":"https:\/\/fuentesfidedignas.com.mx\/wp-content\/uploads\/2022\/09\/YOLANDA_TORRE.jpg","datePublished":"2022-09-23T00:38:03+00:00","dateModified":"2022-09-23T00:38:04+00:00","breadcrumb":{"@id":"https:\/\/fuentesfidedignas.com.mx\/index.php\/2022\/09\/22\/diputada-priista-que-promovio-reforma-sobre-ejercito-pide-licencia\/#breadcrumb"},"inLanguage":"es","potentialAction":[{"@type":"ReadAction","target":["https:\/\/fuentesfidedignas.com.mx\/index.php\/2022\/09\/22\/diputada-priista-que-promovio-reforma-sobre-ejercito-pide-licencia\/"]}]},{"@type":"ImageObject","inLanguage":"es","@id":"https:\/\/fuentesfidedignas.com.mx\/index.php\/2022\/09\/22\/diputada-priista-que-promovio-reforma-sobre-ejercito-pide-licencia\/#primaryimage","url":"https:\/\/fuentesfidedignas.com.mx\/wp-content\/uploads\/2022\/09\/YOLANDA_TORRE.jpg","contentUrl":"https:\/\/fuentesfidedignas.com.mx\/wp-content\/uploads\/2022\/09\/YOLANDA_TORRE.jpg","width":640,"height":360},{"@type":"BreadcrumbList","@id":"https:\/\/fuentesfidedignas.com.mx\/index.php\/2022\/09\/22\/diputada-priista-que-promovio-reforma-sobre-ejercito-pide-licencia\/#breadcrumb","itemListElement":[{"@type":"ListItem","position":1,"name":"Inicio","item":"https:\/\/fuentesfidedignas.com.mx\/"},{"@type":"ListItem","position":2,"name":"Diputada priista que promovi\u00f3 reforma sobre Ej\u00e9rcito pide licencia"}]},{"@type":"WebSite","@id":"https:\/\/fuentesfidedignas.com.mx\/#website","url":"https:\/\/fuentesfidedignas.com.mx\/","name":"Fuentes Fidedignas","description":"Otro sitio realizado con WordPress","publisher":{"@id":"https:\/\/fuentesfidedignas.com.mx\/#organization"},"potentialAction":[{"@type":"SearchAction","target":{"@type":"EntryPoint","urlTemplate":"https:\/\/fuentesfidedignas.com.mx\/?s={search_term_string}"},"query-input":{"@type":"PropertyValueSpecification","valueRequired":true,"valueName":"search_term_string"}}],"inLanguage":"es"},{"@type":"Organization","@id":"https:\/\/fuentesfidedignas.com.mx\/#organization","name":"Fuentes Fidedignas","url":"https:\/\/fuentesfidedignas.com.mx\/","logo":{"@type":"ImageObject","inLanguage":"es","@id":"https:\/\/fuentesfidedignas.com.mx\/#\/schema\/logo\/image\/","url":"https:\/\/fuentesfidedignas.com.mx\/wp-content\/uploads\/2021\/04\/logo-retina.png","contentUrl":"https:\/\/fuentesfidedignas.com.mx\/wp-content\/uploads\/2021\/04\/logo-retina.png","width":280,"height":51,"caption":"Fuentes Fidedignas"},"image":{"@id":"https:\/\/fuentesfidedignas.com.mx\/#\/schema\/logo\/image\/"},"sameAs":["https:\/\/www.facebook.com\/Fuentes-Fidedignas-368234489921644","https:\/\/x.com\/fidedignas"]},{"@type":"Person","@id":"https:\/\/fuentesfidedignas.com.mx\/#\/schema\/person\/5623d53fe2e579d825b1679734abcc44","name":"Forbes","image":{"@type":"ImageObject","inLanguage":"es","@id":"https:\/\/secure.gravatar.com\/avatar\/87ce3dd4e41e60c22a79c758614f01a6bc2469255fc936ec7b15efb9bb5cb66f?s=96&d=mm&r=g","url":"https:\/\/secure.gravatar.com\/avatar\/87ce3dd4e41e60c22a79c758614f01a6bc2469255fc936ec7b15efb9bb5cb66f?s=96&d=mm&r=g","contentUrl":"https:\/\/secure.gravatar.com\/avatar\/87ce3dd4e41e60c22a79c758614f01a6bc2469255fc936ec7b15efb9bb5cb66f?s=96&d=mm&r=g","caption":"Forbes"},"url":"https:\/\/fuentesfidedignas.com.mx\/index.php\/author\/forbes\/"}]}},"_links":{"self":[{"href":"https:\/\/fuentesfidedignas.com.mx\/index.php\/wp-json\/wp\/v2\/posts\/43040","targetHints":{"allow":["GET"]}}],"collection":[{"href":"https:\/\/fuentesfidedignas.com.mx\/index.php\/wp-json\/wp\/v2\/posts"}],"about":[{"href":"https:\/\/fuentesfidedignas.com.mx\/index.php\/wp-json\/wp\/v2\/types\/post"}],"author":[{"embeddable":true,"href":"https:\/\/fuentesfidedignas.com.mx\/index.php\/wp-json\/wp\/v2\/users\/5"}],"replies":[{"embeddable":true,"href":"https:\/\/fuentesfidedignas.com.mx\/index.php\/wp-json\/wp\/v2\/comments?post=43040"}],"version-history":[{"count":1,"href":"https:\/\/fuentesfidedignas.com.mx\/index.php\/wp-json\/wp\/v2\/posts\/43040\/revisions"}],"predecessor-version":[{"id":43042,"href":"https:\/\/fuentesfidedignas.com.mx\/index.php\/wp-json\/wp\/v2\/posts\/43040\/revisions\/43042"}],"wp:featuredmedia":[{"embeddable":true,"href":"https:\/\/fuentesfidedignas.com.mx\/index.php\/wp-json\/wp\/v2\/media\/43041"}],"wp:attachment":[{"href":"https:\/\/fuentesfidedignas.com.mx\/index.php\/wp-json\/wp\/v2\/media?parent=43040"}],"wp:term":[{"taxonomy":"category","embeddable":true,"href":"https:\/\/fuentesfidedignas.com.mx\/index.php\/wp-json\/wp\/v2\/categories?post=43040"},{"taxonomy":"post_tag","embeddable":true,"href":"https:\/\/fuentesfidedignas.com.mx\/index.php\/wp-json\/wp\/v2\/tags?post=43040"}],"curies":[{"name":"wp","href":"https:\/\/api.w.org\/{rel}","templated":true}]}}