{"id":43031,"date":"2022-09-22T16:43:46","date_gmt":"2022-09-22T22:43:46","guid":{"rendered":"https:\/\/fuentesfidedignas.com.mx\/?p=43031"},"modified":"2022-09-22T16:43:47","modified_gmt":"2022-09-22T22:43:47","slug":"aseguran-a-civil-y-arma-de-fuego-en-la-loma-de-rodriguera-culiacan","status":"publish","type":"post","link":"https:\/\/fuentesfidedignas.com.mx\/index.php\/2022\/09\/22\/aseguran-a-civil-y-arma-de-fuego-en-la-loma-de-rodriguera-culiacan\/","title":{"rendered":"Aseguran a civil y arma de fuego en la Loma de Rodriguera, Culiac\u00e1n"},"content":{"rendered":"\n<p><strong><em>De acuerdo a un reporte ciudadano la persona consum\u00eda bebidas embriagantes y efectu\u00f3 disparos<\/em><\/strong><\/p>\n\n\n\n<p>Culiac\u00e1n, Sinaloa.- En trabajos de prevenci\u00f3n y vigilancia, y gracias a la denuncia ciudadana, Polic\u00edas Estatales lograron el aseguramiento de una persona y un arma de fuego en la capital del estado.<\/p>\n\n\n\n<p>Cuando se trasladaban a bordo de veh\u00edculos oficiales en recorridos por diferentes sectores fueron alertados v\u00eda C4i sobre una persona en Loma de Rodriguera, quien report\u00f3 que en las cercan\u00edas de su domicilio hab\u00eda personas que inger\u00edan bebidas alcoh\u00f3licas y realizaban disparos de arma de fuego.<\/p>\n\n\n\n<p>Debido al riesgo para vecinos, los uniformados acudieron a la calle que se\u00f1alaba el reporte de manera inmediata y al arriban encontraron a una persona de sexo masculino con un arma de fuego corta la cual arroj\u00f3 al notar la presencia policial.<\/p>\n\n\n\n<p>Ante tal acci\u00f3n los polic\u00edas descendieron de la unidad oficial en que viajaban y se aproximaron hasta donde estaba el civil, quien fue asegurado y turnado ante la instancia correspondiente que ser\u00e1 la encargada de deslindar responsabilidades en este caso.<\/p>\n\n\n\n<p>De igual manera, el arma de fuego qued\u00f3 asegurada por los elementos y tambi\u00e9n llevada ante la instancia correspondiente.<\/p>\n\n\n\n<p>Con estas acciones, y con el apoyo de la denuncia ciudadana, la Secretar\u00eda de Seguridad P\u00fablica de Sinaloa, trabaja por la seguridad y bienestar de todas y todos.<\/p>\n","protected":false},"excerpt":{"rendered":"<p>De acuerdo a un reporte ciudadano la persona consum\u00eda bebidas embriagantes y efectu\u00f3 disparos Culiac\u00e1n, Sinaloa.- En trabajos de prevenci\u00f3n y vigilancia, y gracias a la denuncia ciudadana, Polic\u00edas Estatales lograron el aseguramiento de una persona y un arma de fuego en la capital del estado. Cuando se trasladaban a bordo de veh\u00edculos oficiales en [&hellip;]<\/p>\n","protected":false},"author":4,"featured_media":43032,"comment_status":"open","ping_status":"open","sticky":false,"template":"","format":"standard","meta":{"tdm_status":"","tdm_grid_status":"","footnotes":""},"categories":[38],"tags":[],"class_list":{"0":"post-43031","1":"post","2":"type-post","3":"status-publish","4":"format-standard","5":"has-post-thumbnail","7":"category-noticias-locales"},"yoast_head":"<!-- This site is optimized with the Yoast SEO plugin v27.5 - https:\/\/yoast.com\/product\/yoast-seo-wordpress\/ -->\n<title>Aseguran a civil y arma de fuego en la Loma de Rodriguera, Culiac\u00e1n - Fuentes Fidedignas<\/title>\n<meta name=\"robots\" content=\"index, follow, max-snippet:-1, max-image-preview:large, max-video-preview:-1\" \/>\n<link rel=\"canonical\" href=\"https:\/\/fuentesfidedignas.com.mx\/index.php\/2022\/09\/22\/aseguran-a-civil-y-arma-de-fuego-en-la-loma-de-rodriguera-culiacan\/\" \/>\n<meta property=\"og:locale\" content=\"es_MX\" \/>\n<meta property=\"og:type\" content=\"article\" \/>\n<meta property=\"og:title\" content=\"Aseguran a civil y arma de fuego en la Loma de Rodriguera, Culiac\u00e1n - Fuentes Fidedignas\" \/>\n<meta property=\"og:description\" content=\"De acuerdo a un reporte ciudadano la persona consum\u00eda bebidas embriagantes y efectu\u00f3 disparos Culiac\u00e1n, Sinaloa.- En trabajos de prevenci\u00f3n y vigilancia, y gracias a la denuncia ciudadana, Polic\u00edas Estatales lograron el aseguramiento de una persona y un arma de fuego en la capital del estado. Cuando se trasladaban a bordo de veh\u00edculos oficiales en [&hellip;]\" \/>\n<meta property=\"og:url\" content=\"https:\/\/fuentesfidedignas.com.mx\/index.php\/2022\/09\/22\/aseguran-a-civil-y-arma-de-fuego-en-la-loma-de-rodriguera-culiacan\/\" \/>\n<meta property=\"og:site_name\" content=\"Fuentes Fidedignas\" \/>\n<meta property=\"article:publisher\" content=\"https:\/\/www.facebook.com\/Fuentes-Fidedignas-368234489921644\" \/>\n<meta property=\"article:published_time\" content=\"2022-09-22T22:43:46+00:00\" \/>\n<meta property=\"article:modified_time\" content=\"2022-09-22T22:43:47+00:00\" \/>\n<meta property=\"og:image\" content=\"https:\/\/fuentesfidedignas.com.mx\/wp-content\/uploads\/2022\/09\/ASEGURAMIENTO.jpg\" \/>\n\t<meta property=\"og:image:width\" content=\"963\" \/>\n\t<meta property=\"og:image:height\" content=\"511\" \/>\n\t<meta property=\"og:image:type\" content=\"image\/jpeg\" \/>\n<meta name=\"author\" content=\"Redacci\u00f3n\" \/>\n<meta name=\"twitter:card\" content=\"summary_large_image\" \/>\n<meta name=\"twitter:creator\" content=\"@fidedignas\" \/>\n<meta name=\"twitter:site\" content=\"@fidedignas\" \/>\n<meta name=\"twitter:label1\" content=\"Escrito por\" \/>\n\t<meta name=\"twitter:data1\" content=\"Redacci\u00f3n\" \/>\n\t<meta name=\"twitter:label2\" content=\"Tiempo de lectura\" \/>\n\t<meta name=\"twitter:data2\" content=\"2 minutos\" \/>\n<script type=\"application\/ld+json\" class=\"yoast-schema-graph\">{\"@context\":\"https:\\\/\\\/schema.org\",\"@graph\":[{\"@type\":\"Article\",\"@id\":\"https:\\\/\\\/fuentesfidedignas.com.mx\\\/index.php\\\/2022\\\/09\\\/22\\\/aseguran-a-civil-y-arma-de-fuego-en-la-loma-de-rodriguera-culiacan\\\/#article\",\"isPartOf\":{\"@id\":\"https:\\\/\\\/fuentesfidedignas.com.mx\\\/index.php\\\/2022\\\/09\\\/22\\\/aseguran-a-civil-y-arma-de-fuego-en-la-loma-de-rodriguera-culiacan\\\/\"},\"author\":{\"name\":\"Redacci\u00f3n\",\"@id\":\"https:\\\/\\\/fuentesfidedignas.com.mx\\\/#\\\/schema\\\/person\\\/331be9283d37198e2acd5750279085b0\"},\"headline\":\"Aseguran a civil y arma de fuego en la Loma de Rodriguera, Culiac\u00e1n\",\"datePublished\":\"2022-09-22T22:43:46+00:00\",\"dateModified\":\"2022-09-22T22:43:47+00:00\",\"mainEntityOfPage\":{\"@id\":\"https:\\\/\\\/fuentesfidedignas.com.mx\\\/index.php\\\/2022\\\/09\\\/22\\\/aseguran-a-civil-y-arma-de-fuego-en-la-loma-de-rodriguera-culiacan\\\/\"},\"wordCount\":253,\"commentCount\":0,\"publisher\":{\"@id\":\"https:\\\/\\\/fuentesfidedignas.com.mx\\\/#organization\"},\"image\":{\"@id\":\"https:\\\/\\\/fuentesfidedignas.com.mx\\\/index.php\\\/2022\\\/09\\\/22\\\/aseguran-a-civil-y-arma-de-fuego-en-la-loma-de-rodriguera-culiacan\\\/#primaryimage\"},\"thumbnailUrl\":\"https:\\\/\\\/fuentesfidedignas.com.mx\\\/wp-content\\\/uploads\\\/2022\\\/09\\\/ASEGURAMIENTO.jpg\",\"articleSection\":[\"NOTICIAS LOCALES\"],\"inLanguage\":\"es\",\"potentialAction\":[{\"@type\":\"CommentAction\",\"name\":\"Comment\",\"target\":[\"https:\\\/\\\/fuentesfidedignas.com.mx\\\/index.php\\\/2022\\\/09\\\/22\\\/aseguran-a-civil-y-arma-de-fuego-en-la-loma-de-rodriguera-culiacan\\\/#respond\"]}]},{\"@type\":\"WebPage\",\"@id\":\"https:\\\/\\\/fuentesfidedignas.com.mx\\\/index.php\\\/2022\\\/09\\\/22\\\/aseguran-a-civil-y-arma-de-fuego-en-la-loma-de-rodriguera-culiacan\\\/\",\"url\":\"https:\\\/\\\/fuentesfidedignas.com.mx\\\/index.php\\\/2022\\\/09\\\/22\\\/aseguran-a-civil-y-arma-de-fuego-en-la-loma-de-rodriguera-culiacan\\\/\",\"name\":\"Aseguran a civil y arma de fuego en la Loma de Rodriguera, Culiac\u00e1n - Fuentes Fidedignas\",\"isPartOf\":{\"@id\":\"https:\\\/\\\/fuentesfidedignas.com.mx\\\/#website\"},\"primaryImageOfPage\":{\"@id\":\"https:\\\/\\\/fuentesfidedignas.com.mx\\\/index.php\\\/2022\\\/09\\\/22\\\/aseguran-a-civil-y-arma-de-fuego-en-la-loma-de-rodriguera-culiacan\\\/#primaryimage\"},\"image\":{\"@id\":\"https:\\\/\\\/fuentesfidedignas.com.mx\\\/index.php\\\/2022\\\/09\\\/22\\\/aseguran-a-civil-y-arma-de-fuego-en-la-loma-de-rodriguera-culiacan\\\/#primaryimage\"},\"thumbnailUrl\":\"https:\\\/\\\/fuentesfidedignas.com.mx\\\/wp-content\\\/uploads\\\/2022\\\/09\\\/ASEGURAMIENTO.jpg\",\"datePublished\":\"2022-09-22T22:43:46+00:00\",\"dateModified\":\"2022-09-22T22:43:47+00:00\",\"breadcrumb\":{\"@id\":\"https:\\\/\\\/fuentesfidedignas.com.mx\\\/index.php\\\/2022\\\/09\\\/22\\\/aseguran-a-civil-y-arma-de-fuego-en-la-loma-de-rodriguera-culiacan\\\/#breadcrumb\"},\"inLanguage\":\"es\",\"potentialAction\":[{\"@type\":\"ReadAction\",\"target\":[\"https:\\\/\\\/fuentesfidedignas.com.mx\\\/index.php\\\/2022\\\/09\\\/22\\\/aseguran-a-civil-y-arma-de-fuego-en-la-loma-de-rodriguera-culiacan\\\/\"]}]},{\"@type\":\"ImageObject\",\"inLanguage\":\"es\",\"@id\":\"https:\\\/\\\/fuentesfidedignas.com.mx\\\/index.php\\\/2022\\\/09\\\/22\\\/aseguran-a-civil-y-arma-de-fuego-en-la-loma-de-rodriguera-culiacan\\\/#primaryimage\",\"url\":\"https:\\\/\\\/fuentesfidedignas.com.mx\\\/wp-content\\\/uploads\\\/2022\\\/09\\\/ASEGURAMIENTO.jpg\",\"contentUrl\":\"https:\\\/\\\/fuentesfidedignas.com.mx\\\/wp-content\\\/uploads\\\/2022\\\/09\\\/ASEGURAMIENTO.jpg\",\"width\":963,\"height\":511},{\"@type\":\"BreadcrumbList\",\"@id\":\"https:\\\/\\\/fuentesfidedignas.com.mx\\\/index.php\\\/2022\\\/09\\\/22\\\/aseguran-a-civil-y-arma-de-fuego-en-la-loma-de-rodriguera-culiacan\\\/#breadcrumb\",\"itemListElement\":[{\"@type\":\"ListItem\",\"position\":1,\"name\":\"Inicio\",\"item\":\"https:\\\/\\\/fuentesfidedignas.com.mx\\\/\"},{\"@type\":\"ListItem\",\"position\":2,\"name\":\"Aseguran a civil y arma de fuego en la Loma de Rodriguera, Culiac\u00e1n\"}]},{\"@type\":\"WebSite\",\"@id\":\"https:\\\/\\\/fuentesfidedignas.com.mx\\\/#website\",\"url\":\"https:\\\/\\\/fuentesfidedignas.com.mx\\\/\",\"name\":\"Fuentes Fidedignas\",\"description\":\"Otro sitio realizado con WordPress\",\"publisher\":{\"@id\":\"https:\\\/\\\/fuentesfidedignas.com.mx\\\/#organization\"},\"potentialAction\":[{\"@type\":\"SearchAction\",\"target\":{\"@type\":\"EntryPoint\",\"urlTemplate\":\"https:\\\/\\\/fuentesfidedignas.com.mx\\\/?s={search_term_string}\"},\"query-input\":{\"@type\":\"PropertyValueSpecification\",\"valueRequired\":true,\"valueName\":\"search_term_string\"}}],\"inLanguage\":\"es\"},{\"@type\":\"Organization\",\"@id\":\"https:\\\/\\\/fuentesfidedignas.com.mx\\\/#organization\",\"name\":\"Fuentes Fidedignas\",\"url\":\"https:\\\/\\\/fuentesfidedignas.com.mx\\\/\",\"logo\":{\"@type\":\"ImageObject\",\"inLanguage\":\"es\",\"@id\":\"https:\\\/\\\/fuentesfidedignas.com.mx\\\/#\\\/schema\\\/logo\\\/image\\\/\",\"url\":\"https:\\\/\\\/fuentesfidedignas.com.mx\\\/wp-content\\\/uploads\\\/2021\\\/04\\\/logo-retina.png\",\"contentUrl\":\"https:\\\/\\\/fuentesfidedignas.com.mx\\\/wp-content\\\/uploads\\\/2021\\\/04\\\/logo-retina.png\",\"width\":280,\"height\":51,\"caption\":\"Fuentes Fidedignas\"},\"image\":{\"@id\":\"https:\\\/\\\/fuentesfidedignas.com.mx\\\/#\\\/schema\\\/logo\\\/image\\\/\"},\"sameAs\":[\"https:\\\/\\\/www.facebook.com\\\/Fuentes-Fidedignas-368234489921644\",\"https:\\\/\\\/x.com\\\/fidedignas\"]},{\"@type\":\"Person\",\"@id\":\"https:\\\/\\\/fuentesfidedignas.com.mx\\\/#\\\/schema\\\/person\\\/331be9283d37198e2acd5750279085b0\",\"name\":\"Redacci\u00f3n\",\"image\":{\"@type\":\"ImageObject\",\"inLanguage\":\"es\",\"@id\":\"https:\\\/\\\/secure.gravatar.com\\\/avatar\\\/f6d8782c11d12b2d4ad3fbb6931aeab5309937a4d6cd2fc9cfaa28a6396a5aec?s=96&d=mm&r=g\",\"url\":\"https:\\\/\\\/secure.gravatar.com\\\/avatar\\\/f6d8782c11d12b2d4ad3fbb6931aeab5309937a4d6cd2fc9cfaa28a6396a5aec?s=96&d=mm&r=g\",\"contentUrl\":\"https:\\\/\\\/secure.gravatar.com\\\/avatar\\\/f6d8782c11d12b2d4ad3fbb6931aeab5309937a4d6cd2fc9cfaa28a6396a5aec?s=96&d=mm&r=g\",\"caption\":\"Redacci\u00f3n\"},\"url\":\"https:\\\/\\\/fuentesfidedignas.com.mx\\\/index.php\\\/author\\\/redaccion\\\/\"}]}<\/script>\n<!-- \/ Yoast SEO plugin. -->","yoast_head_json":{"title":"Aseguran a civil y arma de fuego en la Loma de Rodriguera, Culiac\u00e1n - Fuentes Fidedignas","robots":{"index":"index","follow":"follow","max-snippet":"max-snippet:-1","max-image-preview":"max-image-preview:large","max-video-preview":"max-video-preview:-1"},"canonical":"https:\/\/fuentesfidedignas.com.mx\/index.php\/2022\/09\/22\/aseguran-a-civil-y-arma-de-fuego-en-la-loma-de-rodriguera-culiacan\/","og_locale":"es_MX","og_type":"article","og_title":"Aseguran a civil y arma de fuego en la Loma de Rodriguera, Culiac\u00e1n - Fuentes Fidedignas","og_description":"De acuerdo a un reporte ciudadano la persona consum\u00eda bebidas embriagantes y efectu\u00f3 disparos Culiac\u00e1n, Sinaloa.- En trabajos de prevenci\u00f3n y vigilancia, y gracias a la denuncia ciudadana, Polic\u00edas Estatales lograron el aseguramiento de una persona y un arma de fuego en la capital del estado. Cuando se trasladaban a bordo de veh\u00edculos oficiales en [&hellip;]","og_url":"https:\/\/fuentesfidedignas.com.mx\/index.php\/2022\/09\/22\/aseguran-a-civil-y-arma-de-fuego-en-la-loma-de-rodriguera-culiacan\/","og_site_name":"Fuentes Fidedignas","article_publisher":"https:\/\/www.facebook.com\/Fuentes-Fidedignas-368234489921644","article_published_time":"2022-09-22T22:43:46+00:00","article_modified_time":"2022-09-22T22:43:47+00:00","og_image":[{"width":963,"height":511,"url":"https:\/\/fuentesfidedignas.com.mx\/wp-content\/uploads\/2022\/09\/ASEGURAMIENTO.jpg","type":"image\/jpeg"}],"author":"Redacci\u00f3n","twitter_card":"summary_large_image","twitter_creator":"@fidedignas","twitter_site":"@fidedignas","twitter_misc":{"Escrito por":"Redacci\u00f3n","Tiempo de lectura":"2 minutos"},"schema":{"@context":"https:\/\/schema.org","@graph":[{"@type":"Article","@id":"https:\/\/fuentesfidedignas.com.mx\/index.php\/2022\/09\/22\/aseguran-a-civil-y-arma-de-fuego-en-la-loma-de-rodriguera-culiacan\/#article","isPartOf":{"@id":"https:\/\/fuentesfidedignas.com.mx\/index.php\/2022\/09\/22\/aseguran-a-civil-y-arma-de-fuego-en-la-loma-de-rodriguera-culiacan\/"},"author":{"name":"Redacci\u00f3n","@id":"https:\/\/fuentesfidedignas.com.mx\/#\/schema\/person\/331be9283d37198e2acd5750279085b0"},"headline":"Aseguran a civil y arma de fuego en la Loma de Rodriguera, Culiac\u00e1n","datePublished":"2022-09-22T22:43:46+00:00","dateModified":"2022-09-22T22:43:47+00:00","mainEntityOfPage":{"@id":"https:\/\/fuentesfidedignas.com.mx\/index.php\/2022\/09\/22\/aseguran-a-civil-y-arma-de-fuego-en-la-loma-de-rodriguera-culiacan\/"},"wordCount":253,"commentCount":0,"publisher":{"@id":"https:\/\/fuentesfidedignas.com.mx\/#organization"},"image":{"@id":"https:\/\/fuentesfidedignas.com.mx\/index.php\/2022\/09\/22\/aseguran-a-civil-y-arma-de-fuego-en-la-loma-de-rodriguera-culiacan\/#primaryimage"},"thumbnailUrl":"https:\/\/fuentesfidedignas.com.mx\/wp-content\/uploads\/2022\/09\/ASEGURAMIENTO.jpg","articleSection":["NOTICIAS LOCALES"],"inLanguage":"es","potentialAction":[{"@type":"CommentAction","name":"Comment","target":["https:\/\/fuentesfidedignas.com.mx\/index.php\/2022\/09\/22\/aseguran-a-civil-y-arma-de-fuego-en-la-loma-de-rodriguera-culiacan\/#respond"]}]},{"@type":"WebPage","@id":"https:\/\/fuentesfidedignas.com.mx\/index.php\/2022\/09\/22\/aseguran-a-civil-y-arma-de-fuego-en-la-loma-de-rodriguera-culiacan\/","url":"https:\/\/fuentesfidedignas.com.mx\/index.php\/2022\/09\/22\/aseguran-a-civil-y-arma-de-fuego-en-la-loma-de-rodriguera-culiacan\/","name":"Aseguran a civil y arma de fuego en la Loma de Rodriguera, Culiac\u00e1n - Fuentes Fidedignas","isPartOf":{"@id":"https:\/\/fuentesfidedignas.com.mx\/#website"},"primaryImageOfPage":{"@id":"https:\/\/fuentesfidedignas.com.mx\/index.php\/2022\/09\/22\/aseguran-a-civil-y-arma-de-fuego-en-la-loma-de-rodriguera-culiacan\/#primaryimage"},"image":{"@id":"https:\/\/fuentesfidedignas.com.mx\/index.php\/2022\/09\/22\/aseguran-a-civil-y-arma-de-fuego-en-la-loma-de-rodriguera-culiacan\/#primaryimage"},"thumbnailUrl":"https:\/\/fuentesfidedignas.com.mx\/wp-content\/uploads\/2022\/09\/ASEGURAMIENTO.jpg","datePublished":"2022-09-22T22:43:46+00:00","dateModified":"2022-09-22T22:43:47+00:00","breadcrumb":{"@id":"https:\/\/fuentesfidedignas.com.mx\/index.php\/2022\/09\/22\/aseguran-a-civil-y-arma-de-fuego-en-la-loma-de-rodriguera-culiacan\/#breadcrumb"},"inLanguage":"es","potentialAction":[{"@type":"ReadAction","target":["https:\/\/fuentesfidedignas.com.mx\/index.php\/2022\/09\/22\/aseguran-a-civil-y-arma-de-fuego-en-la-loma-de-rodriguera-culiacan\/"]}]},{"@type":"ImageObject","inLanguage":"es","@id":"https:\/\/fuentesfidedignas.com.mx\/index.php\/2022\/09\/22\/aseguran-a-civil-y-arma-de-fuego-en-la-loma-de-rodriguera-culiacan\/#primaryimage","url":"https:\/\/fuentesfidedignas.com.mx\/wp-content\/uploads\/2022\/09\/ASEGURAMIENTO.jpg","contentUrl":"https:\/\/fuentesfidedignas.com.mx\/wp-content\/uploads\/2022\/09\/ASEGURAMIENTO.jpg","width":963,"height":511},{"@type":"BreadcrumbList","@id":"https:\/\/fuentesfidedignas.com.mx\/index.php\/2022\/09\/22\/aseguran-a-civil-y-arma-de-fuego-en-la-loma-de-rodriguera-culiacan\/#breadcrumb","itemListElement":[{"@type":"ListItem","position":1,"name":"Inicio","item":"https:\/\/fuentesfidedignas.com.mx\/"},{"@type":"ListItem","position":2,"name":"Aseguran a civil y arma de fuego en la Loma de Rodriguera, Culiac\u00e1n"}]},{"@type":"WebSite","@id":"https:\/\/fuentesfidedignas.com.mx\/#website","url":"https:\/\/fuentesfidedignas.com.mx\/","name":"Fuentes Fidedignas","description":"Otro sitio realizado con WordPress","publisher":{"@id":"https:\/\/fuentesfidedignas.com.mx\/#organization"},"potentialAction":[{"@type":"SearchAction","target":{"@type":"EntryPoint","urlTemplate":"https:\/\/fuentesfidedignas.com.mx\/?s={search_term_string}"},"query-input":{"@type":"PropertyValueSpecification","valueRequired":true,"valueName":"search_term_string"}}],"inLanguage":"es"},{"@type":"Organization","@id":"https:\/\/fuentesfidedignas.com.mx\/#organization","name":"Fuentes Fidedignas","url":"https:\/\/fuentesfidedignas.com.mx\/","logo":{"@type":"ImageObject","inLanguage":"es","@id":"https:\/\/fuentesfidedignas.com.mx\/#\/schema\/logo\/image\/","url":"https:\/\/fuentesfidedignas.com.mx\/wp-content\/uploads\/2021\/04\/logo-retina.png","contentUrl":"https:\/\/fuentesfidedignas.com.mx\/wp-content\/uploads\/2021\/04\/logo-retina.png","width":280,"height":51,"caption":"Fuentes Fidedignas"},"image":{"@id":"https:\/\/fuentesfidedignas.com.mx\/#\/schema\/logo\/image\/"},"sameAs":["https:\/\/www.facebook.com\/Fuentes-Fidedignas-368234489921644","https:\/\/x.com\/fidedignas"]},{"@type":"Person","@id":"https:\/\/fuentesfidedignas.com.mx\/#\/schema\/person\/331be9283d37198e2acd5750279085b0","name":"Redacci\u00f3n","image":{"@type":"ImageObject","inLanguage":"es","@id":"https:\/\/secure.gravatar.com\/avatar\/f6d8782c11d12b2d4ad3fbb6931aeab5309937a4d6cd2fc9cfaa28a6396a5aec?s=96&d=mm&r=g","url":"https:\/\/secure.gravatar.com\/avatar\/f6d8782c11d12b2d4ad3fbb6931aeab5309937a4d6cd2fc9cfaa28a6396a5aec?s=96&d=mm&r=g","contentUrl":"https:\/\/secure.gravatar.com\/avatar\/f6d8782c11d12b2d4ad3fbb6931aeab5309937a4d6cd2fc9cfaa28a6396a5aec?s=96&d=mm&r=g","caption":"Redacci\u00f3n"},"url":"https:\/\/fuentesfidedignas.com.mx\/index.php\/author\/redaccion\/"}]}},"_links":{"self":[{"href":"https:\/\/fuentesfidedignas.com.mx\/index.php\/wp-json\/wp\/v2\/posts\/43031","targetHints":{"allow":["GET"]}}],"collection":[{"href":"https:\/\/fuentesfidedignas.com.mx\/index.php\/wp-json\/wp\/v2\/posts"}],"about":[{"href":"https:\/\/fuentesfidedignas.com.mx\/index.php\/wp-json\/wp\/v2\/types\/post"}],"author":[{"embeddable":true,"href":"https:\/\/fuentesfidedignas.com.mx\/index.php\/wp-json\/wp\/v2\/users\/4"}],"replies":[{"embeddable":true,"href":"https:\/\/fuentesfidedignas.com.mx\/index.php\/wp-json\/wp\/v2\/comments?post=43031"}],"version-history":[{"count":1,"href":"https:\/\/fuentesfidedignas.com.mx\/index.php\/wp-json\/wp\/v2\/posts\/43031\/revisions"}],"predecessor-version":[{"id":43033,"href":"https:\/\/fuentesfidedignas.com.mx\/index.php\/wp-json\/wp\/v2\/posts\/43031\/revisions\/43033"}],"wp:featuredmedia":[{"embeddable":true,"href":"https:\/\/fuentesfidedignas.com.mx\/index.php\/wp-json\/wp\/v2\/media\/43032"}],"wp:attachment":[{"href":"https:\/\/fuentesfidedignas.com.mx\/index.php\/wp-json\/wp\/v2\/media?parent=43031"}],"wp:term":[{"taxonomy":"category","embeddable":true,"href":"https:\/\/fuentesfidedignas.com.mx\/index.php\/wp-json\/wp\/v2\/categories?post=43031"},{"taxonomy":"post_tag","embeddable":true,"href":"https:\/\/fuentesfidedignas.com.mx\/index.php\/wp-json\/wp\/v2\/tags?post=43031"}],"curies":[{"name":"wp","href":"https:\/\/api.w.org\/{rel}","templated":true}]}}