{"id":43024,"date":"2022-09-22T16:15:24","date_gmt":"2022-09-22T22:15:24","guid":{"rendered":"https:\/\/fuentesfidedignas.com.mx\/?p=43024"},"modified":"2022-09-22T16:15:42","modified_gmt":"2022-09-22T22:15:42","slug":"se-reune-dominguez-nava-con-empresarios-despeja-dudas-sobre-el-nuevo-marco-curricular","status":"publish","type":"post","link":"https:\/\/fuentesfidedignas.com.mx\/index.php\/2022\/09\/22\/se-reune-dominguez-nava-con-empresarios-despeja-dudas-sobre-el-nuevo-marco-curricular\/","title":{"rendered":"Se re\u00fane Dom\u00ednguez Nava con empresarios; despeja dudas sobre el nuevo marco curricular"},"content":{"rendered":"\n<p><strong><em><br>\u2022 Representantes de Coparmex Sinaloa manifestaron su inter\u00e9s de conocer la fase piloto que se realiza en diversos estados del pa\u00eds, entre ellos Sinaloa<\/em><\/strong><\/p>\n\n\n\n<pre class=\"wp-block-code\"><code>Culiac\u00e1n, Sin.- La secretaria de Educaci\u00f3n P\u00fablica y Cultura, Graciela Dom\u00ednguez Nava, se reuni\u00f3 hoy con el sector empresarial, que manifestaba algunas inc\u00f3gnitas acerca de la fase piloto del nuevo marco curricular para educaci\u00f3n b\u00e1sica, mismo que este ciclo escolar se aplica en algunas entidades del pa\u00eds, entre ellas Sinaloa.\n\nEl nuevo marco curricular hace \u00e9nfasis en el contexto que tiene cada plantel educativo y su comunidad, destac\u00f3 la titular de la<strong> Secretar\u00eda de Educaci\u00f3n P\u00fablica y Cultura<\/strong> (SEPyC), al explicar que adem\u00e1s ofrece libertad al docente en su c\u00e1tedra, para que no s\u00f3lo sean los libros de texto gratuitos los \u00fanicos referentes para la ense\u00f1anza a las ni\u00f1as, ni\u00f1os y adolescentes.\n\nDom\u00ednguez Nava se reuni\u00f3 con Luis Enrique Pun Hung, presidente de la Federaci\u00f3n Pac\u00edfico de COPARMEX Nacional; Guillermo Gast\u00e9lum Bon Bustamante, Presidente de Coparmex Sinaloa, y y Fernando Valdez Solano, presidente de Coparmex Mazatl\u00e1n. Dialogaron acerca de sus inquietudes sobre la reforma a la Ley General de Educaci\u00f3n y la implicaci\u00f3n que tendr\u00e1 este nuevo marco curricular para la educaci\u00f3n profesional, y si este se adapta a las condiciones de la entidad. \n\nLa secretaria de Educaci\u00f3n detall\u00f3 que estos nuevos planes de estudio obedecen a un an\u00e1lisis amplio del contexto que se vive en el pa\u00eds: de desarrollo, cultural, y econ\u00f3mico; partiendo adem\u00e1s de una demanda central del magisterio, que era sobre la revisi\u00f3n de los procesos de evaluaci\u00f3n.\n\n\u201c<em>Lo que se busca dentro de todo ese marco curricular es, un eje central es la comunidad, el entorno. En funci\u00f3n de eso, se plantea una libertad al docente para que no solamente sea un libro de texto estandarizado el \u00fanico referente para estar ense\u00f1ando a los ni\u00f1os, a las ni\u00f1as y a los adolescentes; sino que se le da la libertad al docente para que tengan libertad de c\u00e1tedra, en referencia a cu\u00e1les son los conocimientos que en ese nivel escolar tienen que estar recibiendo el ni\u00f1o y la ni\u00f1a. Incluso se plantea que al ni\u00f1o y la ni\u00f1a ya no se le vea como un depositario de datos, sino que tambi\u00e9n tiene que haber una mayor interacci\u00f3n, un mayor proceso de di\u00e1logo y reflexi\u00f3n de los alumnos con el docente\u201d, explic\u00f3.<\/em><\/code><\/pre>\n\n\n\n<figure class=\"wp-block-image size-large\"><img decoding=\"async\" width=\"1024\" height=\"682\" src=\"https:\/\/fuentesfidedignas.com.mx\/wp-content\/uploads\/2022\/09\/IMG-20220922-WA0101-1024x682.jpg\" alt=\"\" class=\"wp-image-43025\" srcset=\"https:\/\/fuentesfidedignas.com.mx\/wp-content\/uploads\/2022\/09\/IMG-20220922-WA0101-1024x682.jpg 1024w, https:\/\/fuentesfidedignas.com.mx\/wp-content\/uploads\/2022\/09\/IMG-20220922-WA0101-300x200.jpg 300w, https:\/\/fuentesfidedignas.com.mx\/wp-content\/uploads\/2022\/09\/IMG-20220922-WA0101-768x512.jpg 768w, https:\/\/fuentesfidedignas.com.mx\/wp-content\/uploads\/2022\/09\/IMG-20220922-WA0101.jpg 1280w\" sizes=\"(max-width: 1024px) 100vw, 1024px\" \/><\/figure>\n\n\n\n<p>El nuevo plan de estudios consiste b\u00e1sicamente, a\u00f1adi\u00f3, en poner a la educaci\u00f3n como elemento central, pues no debe estar al margen del contexto en el que las y los ni\u00f1os y adolescentes aprenden. Los procesos de ense\u00f1anza-aprendizaje deben ser acordes a cada regi\u00f3n.<\/p>\n\n\n\n<p>Agreg\u00f3 que el nuevo marco curricular incorpora ejes de igualdad de g\u00e9nero, interculturalidad e inclusi\u00f3n como parte de los procesos formativos, enfatizando la educaci\u00f3n como derecho.<\/p>\n","protected":false},"excerpt":{"rendered":"<p>\u2022 Representantes de Coparmex Sinaloa manifestaron su inter\u00e9s de conocer la fase piloto que se realiza en diversos estados del pa\u00eds, entre ellos Sinaloa El nuevo plan de estudios consiste b\u00e1sicamente, a\u00f1adi\u00f3, en poner a la educaci\u00f3n como elemento central, pues no debe estar al margen del contexto en el que las y los ni\u00f1os [&hellip;]<\/p>\n","protected":false},"author":4,"featured_media":43027,"comment_status":"open","ping_status":"open","sticky":false,"template":"","format":"standard","meta":{"tdm_status":"","tdm_grid_status":"","footnotes":""},"categories":[38],"tags":[],"class_list":{"0":"post-43024","1":"post","2":"type-post","3":"status-publish","4":"format-standard","5":"has-post-thumbnail","7":"category-noticias-locales"},"yoast_head":"<!-- This site is optimized with the Yoast SEO plugin v27.5 - https:\/\/yoast.com\/product\/yoast-seo-wordpress\/ -->\n<title>Se re\u00fane Dom\u00ednguez Nava con empresarios; despeja dudas sobre el nuevo marco curricular - Fuentes Fidedignas<\/title>\n<meta name=\"robots\" content=\"index, follow, max-snippet:-1, max-image-preview:large, max-video-preview:-1\" \/>\n<link rel=\"canonical\" href=\"https:\/\/fuentesfidedignas.com.mx\/index.php\/2022\/09\/22\/se-reune-dominguez-nava-con-empresarios-despeja-dudas-sobre-el-nuevo-marco-curricular\/\" \/>\n<meta property=\"og:locale\" content=\"es_MX\" \/>\n<meta property=\"og:type\" content=\"article\" \/>\n<meta property=\"og:title\" content=\"Se re\u00fane Dom\u00ednguez Nava con empresarios; despeja dudas sobre el nuevo marco curricular - Fuentes Fidedignas\" \/>\n<meta property=\"og:description\" content=\"\u2022 Representantes de Coparmex Sinaloa manifestaron su inter\u00e9s de conocer la fase piloto que se realiza en diversos estados del pa\u00eds, entre ellos Sinaloa El nuevo plan de estudios consiste b\u00e1sicamente, a\u00f1adi\u00f3, en poner a la educaci\u00f3n como elemento central, pues no debe estar al margen del contexto en el que las y los ni\u00f1os [&hellip;]\" \/>\n<meta property=\"og:url\" content=\"https:\/\/fuentesfidedignas.com.mx\/index.php\/2022\/09\/22\/se-reune-dominguez-nava-con-empresarios-despeja-dudas-sobre-el-nuevo-marco-curricular\/\" \/>\n<meta property=\"og:site_name\" content=\"Fuentes Fidedignas\" \/>\n<meta property=\"article:publisher\" content=\"https:\/\/www.facebook.com\/Fuentes-Fidedignas-368234489921644\" \/>\n<meta property=\"article:published_time\" content=\"2022-09-22T22:15:24+00:00\" \/>\n<meta property=\"article:modified_time\" content=\"2022-09-22T22:15:42+00:00\" \/>\n<meta property=\"og:image\" content=\"https:\/\/fuentesfidedignas.com.mx\/wp-content\/uploads\/2022\/09\/IMG-20220922-WA0099.jpg\" \/>\n\t<meta property=\"og:image:width\" content=\"1280\" \/>\n\t<meta property=\"og:image:height\" content=\"853\" \/>\n\t<meta property=\"og:image:type\" content=\"image\/jpeg\" \/>\n<meta name=\"author\" content=\"Redacci\u00f3n\" \/>\n<meta name=\"twitter:card\" content=\"summary_large_image\" \/>\n<meta name=\"twitter:creator\" content=\"@fidedignas\" \/>\n<meta name=\"twitter:site\" content=\"@fidedignas\" \/>\n<meta name=\"twitter:label1\" content=\"Escrito por\" \/>\n\t<meta name=\"twitter:data1\" content=\"Redacci\u00f3n\" \/>\n\t<meta name=\"twitter:label2\" content=\"Tiempo de lectura\" \/>\n\t<meta name=\"twitter:data2\" content=\"3 minutos\" \/>\n<script type=\"application\/ld+json\" class=\"yoast-schema-graph\">{\"@context\":\"https:\\\/\\\/schema.org\",\"@graph\":[{\"@type\":\"Article\",\"@id\":\"https:\\\/\\\/fuentesfidedignas.com.mx\\\/index.php\\\/2022\\\/09\\\/22\\\/se-reune-dominguez-nava-con-empresarios-despeja-dudas-sobre-el-nuevo-marco-curricular\\\/#article\",\"isPartOf\":{\"@id\":\"https:\\\/\\\/fuentesfidedignas.com.mx\\\/index.php\\\/2022\\\/09\\\/22\\\/se-reune-dominguez-nava-con-empresarios-despeja-dudas-sobre-el-nuevo-marco-curricular\\\/\"},\"author\":{\"name\":\"Redacci\u00f3n\",\"@id\":\"https:\\\/\\\/fuentesfidedignas.com.mx\\\/#\\\/schema\\\/person\\\/331be9283d37198e2acd5750279085b0\"},\"headline\":\"Se re\u00fane Dom\u00ednguez Nava con empresarios; despeja dudas sobre el nuevo marco curricular\",\"datePublished\":\"2022-09-22T22:15:24+00:00\",\"dateModified\":\"2022-09-22T22:15:42+00:00\",\"mainEntityOfPage\":{\"@id\":\"https:\\\/\\\/fuentesfidedignas.com.mx\\\/index.php\\\/2022\\\/09\\\/22\\\/se-reune-dominguez-nava-con-empresarios-despeja-dudas-sobre-el-nuevo-marco-curricular\\\/\"},\"wordCount\":119,\"commentCount\":0,\"publisher\":{\"@id\":\"https:\\\/\\\/fuentesfidedignas.com.mx\\\/#organization\"},\"image\":{\"@id\":\"https:\\\/\\\/fuentesfidedignas.com.mx\\\/index.php\\\/2022\\\/09\\\/22\\\/se-reune-dominguez-nava-con-empresarios-despeja-dudas-sobre-el-nuevo-marco-curricular\\\/#primaryimage\"},\"thumbnailUrl\":\"https:\\\/\\\/fuentesfidedignas.com.mx\\\/wp-content\\\/uploads\\\/2022\\\/09\\\/IMG-20220922-WA0099.jpg\",\"articleSection\":[\"NOTICIAS LOCALES\"],\"inLanguage\":\"es\",\"potentialAction\":[{\"@type\":\"CommentAction\",\"name\":\"Comment\",\"target\":[\"https:\\\/\\\/fuentesfidedignas.com.mx\\\/index.php\\\/2022\\\/09\\\/22\\\/se-reune-dominguez-nava-con-empresarios-despeja-dudas-sobre-el-nuevo-marco-curricular\\\/#respond\"]}]},{\"@type\":\"WebPage\",\"@id\":\"https:\\\/\\\/fuentesfidedignas.com.mx\\\/index.php\\\/2022\\\/09\\\/22\\\/se-reune-dominguez-nava-con-empresarios-despeja-dudas-sobre-el-nuevo-marco-curricular\\\/\",\"url\":\"https:\\\/\\\/fuentesfidedignas.com.mx\\\/index.php\\\/2022\\\/09\\\/22\\\/se-reune-dominguez-nava-con-empresarios-despeja-dudas-sobre-el-nuevo-marco-curricular\\\/\",\"name\":\"Se re\u00fane Dom\u00ednguez Nava con empresarios; despeja dudas sobre el nuevo marco curricular - Fuentes Fidedignas\",\"isPartOf\":{\"@id\":\"https:\\\/\\\/fuentesfidedignas.com.mx\\\/#website\"},\"primaryImageOfPage\":{\"@id\":\"https:\\\/\\\/fuentesfidedignas.com.mx\\\/index.php\\\/2022\\\/09\\\/22\\\/se-reune-dominguez-nava-con-empresarios-despeja-dudas-sobre-el-nuevo-marco-curricular\\\/#primaryimage\"},\"image\":{\"@id\":\"https:\\\/\\\/fuentesfidedignas.com.mx\\\/index.php\\\/2022\\\/09\\\/22\\\/se-reune-dominguez-nava-con-empresarios-despeja-dudas-sobre-el-nuevo-marco-curricular\\\/#primaryimage\"},\"thumbnailUrl\":\"https:\\\/\\\/fuentesfidedignas.com.mx\\\/wp-content\\\/uploads\\\/2022\\\/09\\\/IMG-20220922-WA0099.jpg\",\"datePublished\":\"2022-09-22T22:15:24+00:00\",\"dateModified\":\"2022-09-22T22:15:42+00:00\",\"breadcrumb\":{\"@id\":\"https:\\\/\\\/fuentesfidedignas.com.mx\\\/index.php\\\/2022\\\/09\\\/22\\\/se-reune-dominguez-nava-con-empresarios-despeja-dudas-sobre-el-nuevo-marco-curricular\\\/#breadcrumb\"},\"inLanguage\":\"es\",\"potentialAction\":[{\"@type\":\"ReadAction\",\"target\":[\"https:\\\/\\\/fuentesfidedignas.com.mx\\\/index.php\\\/2022\\\/09\\\/22\\\/se-reune-dominguez-nava-con-empresarios-despeja-dudas-sobre-el-nuevo-marco-curricular\\\/\"]}]},{\"@type\":\"ImageObject\",\"inLanguage\":\"es\",\"@id\":\"https:\\\/\\\/fuentesfidedignas.com.mx\\\/index.php\\\/2022\\\/09\\\/22\\\/se-reune-dominguez-nava-con-empresarios-despeja-dudas-sobre-el-nuevo-marco-curricular\\\/#primaryimage\",\"url\":\"https:\\\/\\\/fuentesfidedignas.com.mx\\\/wp-content\\\/uploads\\\/2022\\\/09\\\/IMG-20220922-WA0099.jpg\",\"contentUrl\":\"https:\\\/\\\/fuentesfidedignas.com.mx\\\/wp-content\\\/uploads\\\/2022\\\/09\\\/IMG-20220922-WA0099.jpg\",\"width\":1280,\"height\":853},{\"@type\":\"BreadcrumbList\",\"@id\":\"https:\\\/\\\/fuentesfidedignas.com.mx\\\/index.php\\\/2022\\\/09\\\/22\\\/se-reune-dominguez-nava-con-empresarios-despeja-dudas-sobre-el-nuevo-marco-curricular\\\/#breadcrumb\",\"itemListElement\":[{\"@type\":\"ListItem\",\"position\":1,\"name\":\"Inicio\",\"item\":\"https:\\\/\\\/fuentesfidedignas.com.mx\\\/\"},{\"@type\":\"ListItem\",\"position\":2,\"name\":\"Se re\u00fane Dom\u00ednguez Nava con empresarios; despeja dudas sobre el nuevo marco curricular\"}]},{\"@type\":\"WebSite\",\"@id\":\"https:\\\/\\\/fuentesfidedignas.com.mx\\\/#website\",\"url\":\"https:\\\/\\\/fuentesfidedignas.com.mx\\\/\",\"name\":\"Fuentes Fidedignas\",\"description\":\"Otro sitio realizado con WordPress\",\"publisher\":{\"@id\":\"https:\\\/\\\/fuentesfidedignas.com.mx\\\/#organization\"},\"potentialAction\":[{\"@type\":\"SearchAction\",\"target\":{\"@type\":\"EntryPoint\",\"urlTemplate\":\"https:\\\/\\\/fuentesfidedignas.com.mx\\\/?s={search_term_string}\"},\"query-input\":{\"@type\":\"PropertyValueSpecification\",\"valueRequired\":true,\"valueName\":\"search_term_string\"}}],\"inLanguage\":\"es\"},{\"@type\":\"Organization\",\"@id\":\"https:\\\/\\\/fuentesfidedignas.com.mx\\\/#organization\",\"name\":\"Fuentes Fidedignas\",\"url\":\"https:\\\/\\\/fuentesfidedignas.com.mx\\\/\",\"logo\":{\"@type\":\"ImageObject\",\"inLanguage\":\"es\",\"@id\":\"https:\\\/\\\/fuentesfidedignas.com.mx\\\/#\\\/schema\\\/logo\\\/image\\\/\",\"url\":\"https:\\\/\\\/fuentesfidedignas.com.mx\\\/wp-content\\\/uploads\\\/2021\\\/04\\\/logo-retina.png\",\"contentUrl\":\"https:\\\/\\\/fuentesfidedignas.com.mx\\\/wp-content\\\/uploads\\\/2021\\\/04\\\/logo-retina.png\",\"width\":280,\"height\":51,\"caption\":\"Fuentes Fidedignas\"},\"image\":{\"@id\":\"https:\\\/\\\/fuentesfidedignas.com.mx\\\/#\\\/schema\\\/logo\\\/image\\\/\"},\"sameAs\":[\"https:\\\/\\\/www.facebook.com\\\/Fuentes-Fidedignas-368234489921644\",\"https:\\\/\\\/x.com\\\/fidedignas\"]},{\"@type\":\"Person\",\"@id\":\"https:\\\/\\\/fuentesfidedignas.com.mx\\\/#\\\/schema\\\/person\\\/331be9283d37198e2acd5750279085b0\",\"name\":\"Redacci\u00f3n\",\"image\":{\"@type\":\"ImageObject\",\"inLanguage\":\"es\",\"@id\":\"https:\\\/\\\/secure.gravatar.com\\\/avatar\\\/f6d8782c11d12b2d4ad3fbb6931aeab5309937a4d6cd2fc9cfaa28a6396a5aec?s=96&d=mm&r=g\",\"url\":\"https:\\\/\\\/secure.gravatar.com\\\/avatar\\\/f6d8782c11d12b2d4ad3fbb6931aeab5309937a4d6cd2fc9cfaa28a6396a5aec?s=96&d=mm&r=g\",\"contentUrl\":\"https:\\\/\\\/secure.gravatar.com\\\/avatar\\\/f6d8782c11d12b2d4ad3fbb6931aeab5309937a4d6cd2fc9cfaa28a6396a5aec?s=96&d=mm&r=g\",\"caption\":\"Redacci\u00f3n\"},\"url\":\"https:\\\/\\\/fuentesfidedignas.com.mx\\\/index.php\\\/author\\\/redaccion\\\/\"}]}<\/script>\n<!-- \/ Yoast SEO plugin. -->","yoast_head_json":{"title":"Se re\u00fane Dom\u00ednguez Nava con empresarios; despeja dudas sobre el nuevo marco curricular - Fuentes Fidedignas","robots":{"index":"index","follow":"follow","max-snippet":"max-snippet:-1","max-image-preview":"max-image-preview:large","max-video-preview":"max-video-preview:-1"},"canonical":"https:\/\/fuentesfidedignas.com.mx\/index.php\/2022\/09\/22\/se-reune-dominguez-nava-con-empresarios-despeja-dudas-sobre-el-nuevo-marco-curricular\/","og_locale":"es_MX","og_type":"article","og_title":"Se re\u00fane Dom\u00ednguez Nava con empresarios; despeja dudas sobre el nuevo marco curricular - Fuentes Fidedignas","og_description":"\u2022 Representantes de Coparmex Sinaloa manifestaron su inter\u00e9s de conocer la fase piloto que se realiza en diversos estados del pa\u00eds, entre ellos Sinaloa El nuevo plan de estudios consiste b\u00e1sicamente, a\u00f1adi\u00f3, en poner a la educaci\u00f3n como elemento central, pues no debe estar al margen del contexto en el que las y los ni\u00f1os [&hellip;]","og_url":"https:\/\/fuentesfidedignas.com.mx\/index.php\/2022\/09\/22\/se-reune-dominguez-nava-con-empresarios-despeja-dudas-sobre-el-nuevo-marco-curricular\/","og_site_name":"Fuentes Fidedignas","article_publisher":"https:\/\/www.facebook.com\/Fuentes-Fidedignas-368234489921644","article_published_time":"2022-09-22T22:15:24+00:00","article_modified_time":"2022-09-22T22:15:42+00:00","og_image":[{"width":1280,"height":853,"url":"https:\/\/fuentesfidedignas.com.mx\/wp-content\/uploads\/2022\/09\/IMG-20220922-WA0099.jpg","type":"image\/jpeg"}],"author":"Redacci\u00f3n","twitter_card":"summary_large_image","twitter_creator":"@fidedignas","twitter_site":"@fidedignas","twitter_misc":{"Escrito por":"Redacci\u00f3n","Tiempo de lectura":"3 minutos"},"schema":{"@context":"https:\/\/schema.org","@graph":[{"@type":"Article","@id":"https:\/\/fuentesfidedignas.com.mx\/index.php\/2022\/09\/22\/se-reune-dominguez-nava-con-empresarios-despeja-dudas-sobre-el-nuevo-marco-curricular\/#article","isPartOf":{"@id":"https:\/\/fuentesfidedignas.com.mx\/index.php\/2022\/09\/22\/se-reune-dominguez-nava-con-empresarios-despeja-dudas-sobre-el-nuevo-marco-curricular\/"},"author":{"name":"Redacci\u00f3n","@id":"https:\/\/fuentesfidedignas.com.mx\/#\/schema\/person\/331be9283d37198e2acd5750279085b0"},"headline":"Se re\u00fane Dom\u00ednguez Nava con empresarios; despeja dudas sobre el nuevo marco curricular","datePublished":"2022-09-22T22:15:24+00:00","dateModified":"2022-09-22T22:15:42+00:00","mainEntityOfPage":{"@id":"https:\/\/fuentesfidedignas.com.mx\/index.php\/2022\/09\/22\/se-reune-dominguez-nava-con-empresarios-despeja-dudas-sobre-el-nuevo-marco-curricular\/"},"wordCount":119,"commentCount":0,"publisher":{"@id":"https:\/\/fuentesfidedignas.com.mx\/#organization"},"image":{"@id":"https:\/\/fuentesfidedignas.com.mx\/index.php\/2022\/09\/22\/se-reune-dominguez-nava-con-empresarios-despeja-dudas-sobre-el-nuevo-marco-curricular\/#primaryimage"},"thumbnailUrl":"https:\/\/fuentesfidedignas.com.mx\/wp-content\/uploads\/2022\/09\/IMG-20220922-WA0099.jpg","articleSection":["NOTICIAS LOCALES"],"inLanguage":"es","potentialAction":[{"@type":"CommentAction","name":"Comment","target":["https:\/\/fuentesfidedignas.com.mx\/index.php\/2022\/09\/22\/se-reune-dominguez-nava-con-empresarios-despeja-dudas-sobre-el-nuevo-marco-curricular\/#respond"]}]},{"@type":"WebPage","@id":"https:\/\/fuentesfidedignas.com.mx\/index.php\/2022\/09\/22\/se-reune-dominguez-nava-con-empresarios-despeja-dudas-sobre-el-nuevo-marco-curricular\/","url":"https:\/\/fuentesfidedignas.com.mx\/index.php\/2022\/09\/22\/se-reune-dominguez-nava-con-empresarios-despeja-dudas-sobre-el-nuevo-marco-curricular\/","name":"Se re\u00fane Dom\u00ednguez Nava con empresarios; despeja dudas sobre el nuevo marco curricular - Fuentes Fidedignas","isPartOf":{"@id":"https:\/\/fuentesfidedignas.com.mx\/#website"},"primaryImageOfPage":{"@id":"https:\/\/fuentesfidedignas.com.mx\/index.php\/2022\/09\/22\/se-reune-dominguez-nava-con-empresarios-despeja-dudas-sobre-el-nuevo-marco-curricular\/#primaryimage"},"image":{"@id":"https:\/\/fuentesfidedignas.com.mx\/index.php\/2022\/09\/22\/se-reune-dominguez-nava-con-empresarios-despeja-dudas-sobre-el-nuevo-marco-curricular\/#primaryimage"},"thumbnailUrl":"https:\/\/fuentesfidedignas.com.mx\/wp-content\/uploads\/2022\/09\/IMG-20220922-WA0099.jpg","datePublished":"2022-09-22T22:15:24+00:00","dateModified":"2022-09-22T22:15:42+00:00","breadcrumb":{"@id":"https:\/\/fuentesfidedignas.com.mx\/index.php\/2022\/09\/22\/se-reune-dominguez-nava-con-empresarios-despeja-dudas-sobre-el-nuevo-marco-curricular\/#breadcrumb"},"inLanguage":"es","potentialAction":[{"@type":"ReadAction","target":["https:\/\/fuentesfidedignas.com.mx\/index.php\/2022\/09\/22\/se-reune-dominguez-nava-con-empresarios-despeja-dudas-sobre-el-nuevo-marco-curricular\/"]}]},{"@type":"ImageObject","inLanguage":"es","@id":"https:\/\/fuentesfidedignas.com.mx\/index.php\/2022\/09\/22\/se-reune-dominguez-nava-con-empresarios-despeja-dudas-sobre-el-nuevo-marco-curricular\/#primaryimage","url":"https:\/\/fuentesfidedignas.com.mx\/wp-content\/uploads\/2022\/09\/IMG-20220922-WA0099.jpg","contentUrl":"https:\/\/fuentesfidedignas.com.mx\/wp-content\/uploads\/2022\/09\/IMG-20220922-WA0099.jpg","width":1280,"height":853},{"@type":"BreadcrumbList","@id":"https:\/\/fuentesfidedignas.com.mx\/index.php\/2022\/09\/22\/se-reune-dominguez-nava-con-empresarios-despeja-dudas-sobre-el-nuevo-marco-curricular\/#breadcrumb","itemListElement":[{"@type":"ListItem","position":1,"name":"Inicio","item":"https:\/\/fuentesfidedignas.com.mx\/"},{"@type":"ListItem","position":2,"name":"Se re\u00fane Dom\u00ednguez Nava con empresarios; despeja dudas sobre el nuevo marco curricular"}]},{"@type":"WebSite","@id":"https:\/\/fuentesfidedignas.com.mx\/#website","url":"https:\/\/fuentesfidedignas.com.mx\/","name":"Fuentes Fidedignas","description":"Otro sitio realizado con WordPress","publisher":{"@id":"https:\/\/fuentesfidedignas.com.mx\/#organization"},"potentialAction":[{"@type":"SearchAction","target":{"@type":"EntryPoint","urlTemplate":"https:\/\/fuentesfidedignas.com.mx\/?s={search_term_string}"},"query-input":{"@type":"PropertyValueSpecification","valueRequired":true,"valueName":"search_term_string"}}],"inLanguage":"es"},{"@type":"Organization","@id":"https:\/\/fuentesfidedignas.com.mx\/#organization","name":"Fuentes Fidedignas","url":"https:\/\/fuentesfidedignas.com.mx\/","logo":{"@type":"ImageObject","inLanguage":"es","@id":"https:\/\/fuentesfidedignas.com.mx\/#\/schema\/logo\/image\/","url":"https:\/\/fuentesfidedignas.com.mx\/wp-content\/uploads\/2021\/04\/logo-retina.png","contentUrl":"https:\/\/fuentesfidedignas.com.mx\/wp-content\/uploads\/2021\/04\/logo-retina.png","width":280,"height":51,"caption":"Fuentes Fidedignas"},"image":{"@id":"https:\/\/fuentesfidedignas.com.mx\/#\/schema\/logo\/image\/"},"sameAs":["https:\/\/www.facebook.com\/Fuentes-Fidedignas-368234489921644","https:\/\/x.com\/fidedignas"]},{"@type":"Person","@id":"https:\/\/fuentesfidedignas.com.mx\/#\/schema\/person\/331be9283d37198e2acd5750279085b0","name":"Redacci\u00f3n","image":{"@type":"ImageObject","inLanguage":"es","@id":"https:\/\/secure.gravatar.com\/avatar\/f6d8782c11d12b2d4ad3fbb6931aeab5309937a4d6cd2fc9cfaa28a6396a5aec?s=96&d=mm&r=g","url":"https:\/\/secure.gravatar.com\/avatar\/f6d8782c11d12b2d4ad3fbb6931aeab5309937a4d6cd2fc9cfaa28a6396a5aec?s=96&d=mm&r=g","contentUrl":"https:\/\/secure.gravatar.com\/avatar\/f6d8782c11d12b2d4ad3fbb6931aeab5309937a4d6cd2fc9cfaa28a6396a5aec?s=96&d=mm&r=g","caption":"Redacci\u00f3n"},"url":"https:\/\/fuentesfidedignas.com.mx\/index.php\/author\/redaccion\/"}]}},"_links":{"self":[{"href":"https:\/\/fuentesfidedignas.com.mx\/index.php\/wp-json\/wp\/v2\/posts\/43024","targetHints":{"allow":["GET"]}}],"collection":[{"href":"https:\/\/fuentesfidedignas.com.mx\/index.php\/wp-json\/wp\/v2\/posts"}],"about":[{"href":"https:\/\/fuentesfidedignas.com.mx\/index.php\/wp-json\/wp\/v2\/types\/post"}],"author":[{"embeddable":true,"href":"https:\/\/fuentesfidedignas.com.mx\/index.php\/wp-json\/wp\/v2\/users\/4"}],"replies":[{"embeddable":true,"href":"https:\/\/fuentesfidedignas.com.mx\/index.php\/wp-json\/wp\/v2\/comments?post=43024"}],"version-history":[{"count":1,"href":"https:\/\/fuentesfidedignas.com.mx\/index.php\/wp-json\/wp\/v2\/posts\/43024\/revisions"}],"predecessor-version":[{"id":43026,"href":"https:\/\/fuentesfidedignas.com.mx\/index.php\/wp-json\/wp\/v2\/posts\/43024\/revisions\/43026"}],"wp:featuredmedia":[{"embeddable":true,"href":"https:\/\/fuentesfidedignas.com.mx\/index.php\/wp-json\/wp\/v2\/media\/43027"}],"wp:attachment":[{"href":"https:\/\/fuentesfidedignas.com.mx\/index.php\/wp-json\/wp\/v2\/media?parent=43024"}],"wp:term":[{"taxonomy":"category","embeddable":true,"href":"https:\/\/fuentesfidedignas.com.mx\/index.php\/wp-json\/wp\/v2\/categories?post=43024"},{"taxonomy":"post_tag","embeddable":true,"href":"https:\/\/fuentesfidedignas.com.mx\/index.php\/wp-json\/wp\/v2\/tags?post=43024"}],"curies":[{"name":"wp","href":"https:\/\/api.w.org\/{rel}","templated":true}]}}