{"id":43016,"date":"2022-09-22T11:19:00","date_gmt":"2022-09-22T17:19:00","guid":{"rendered":"https:\/\/fuentesfidedignas.com.mx\/?p=43016"},"modified":"2022-09-22T15:22:12","modified_gmt":"2022-09-22T21:22:12","slug":"otorgan-amparo-a-murillo-karam-por-caso-ayotzinapa","status":"publish","type":"post","link":"https:\/\/fuentesfidedignas.com.mx\/index.php\/2022\/09\/22\/otorgan-amparo-a-murillo-karam-por-caso-ayotzinapa\/","title":{"rendered":"Otorgan amparo a Murillo Karam por caso Ayotzinapa"},"content":{"rendered":"\n<p><br><strong><em>Los abogados de Murillo Karam tambi\u00e9n buscan un amparo para suspender la prisi\u00f3n preventiva a la que est\u00e1 sometido<\/em><\/strong><\/p>\n\n\n\n<p>Ciudad de M\u00e9xico.- Un juez otorg\u00f3 un amparo provisional a\u00a0<a href=\"https:\/\/noticieros.televisa.com\/tag\/jesus-murillo-karam\/\"><strong>Jes\u00fas Murillo Karam<\/strong><\/a>, extitular de la extinta\u00a0<strong>Procuradur\u00eda General de la Rep\u00fablica (PGR)<\/strong>, para protegerlo de su procesamiento por el caso de los 43\u00a0<strong>estudiantes<\/strong>\u00a0desaparecidos de<strong>\u00a0Ayotzinapa<\/strong>, seg\u00fan revelaron documentos judiciales.<\/p>\n\n\n\n<p>El juez admiti\u00f3 a tr\u00e1mite el amparo que interpuso\u00a0<strong>Murillo Karam<\/strong>\u00a0tras su vinculaci\u00f3n a proceso el 24 de agosto pasado por los delitos de tortura, desaparici\u00f3n forzada de personas y contra la administraci\u00f3n de justicia que presuntamente cometi\u00f3 cuando era el encargado del caso como titular de la PGR en 2014.<\/p>\n\n\n\n<p>\u201cSe admite la demanda de amparo. C\u00edtese a las partes a la audiencia constitucional, para cuya celebraci\u00f3n se fijan las 11.00 horas del 11 de octubre\u201d, establece la resoluci\u00f3n del expediente 771\/2022 del Juzgado Decimosexto de Distrito de Amparo en Materia Penal en la Ciudad de M\u00e9xico.<\/p>\n\n\n\n<p>De concederse el amparo definitivo,&nbsp;<strong>Murillo Karam<\/strong>&nbsp;podr\u00eda suspender su procesamiento judicial por el caso de los&nbsp;<strong>43 estudiantes<\/strong>&nbsp;que desaparecieron el 26 de septiembre de 2014, en Guerrero.<\/p>\n\n\n\n<p>El juez reconoci\u00f3 adem\u00e1s <em>\u201cla existencia de diversos juicios de amparo promovidos por el aqu\u00ed quejoso\u201d<\/em>.<\/p>\n\n\n\n<p>En la prensa nacional ha trascendido que los abogados de&nbsp;<strong>Murillo Karam<\/strong>, quien fue funcionario durante la presidencia de Enrique Pe\u00f1a Nieto (2012-2018), tambi\u00e9n buscan un amparo para suspender la prisi\u00f3n preventiva a la que est\u00e1 sometido desde el 24 de agosto pasado.<\/p>\n\n\n\n<p>El arresto de\u00a0<strong>Murillo Karam<\/strong>\u00a0es el de mayor perfil hasta ahora del\u00a0<strong>caso Ayotzinapa<\/strong>\u00a0y ocurri\u00f3 tras el informe de la Comisi\u00f3n para la Verdad, que concluy\u00f3 el 18 de agosto que la desaparici\u00f3n de los 43 estudiantes fue un \u201ccrimen de Estado\u201d con autoridades involucradas de todos los niveles y que no hay indicios de que est\u00e9n vivos.<\/p>\n\n\n\n<p>El informe y la detenci\u00f3n del exfuncionario han reavivado la pol\u00e9mica sobre el crimen de Ayotzinapa a d\u00edas del octavo aniversario de la desaparici\u00f3n masiva.<\/p>\n\n\n\n<p>El exprocurador est\u00e1 acusado de ser uno de los fabricantes de la \u201cverdad hist\u00f3rica\u201d, una versi\u00f3n del Gobierno de Pe\u00f1a Nieto que afirmaba que polic\u00edas corruptos detuvieron a los estudiantes y los entregaron al cartel Guerreros Unidos, que los asesin\u00f3 e inciner\u00f3 en un basurero en el sure\u00f1o estado de Guerrero.<\/p>\n\n\n\n<p>La Comisi\u00f3n de la Verdad y el Gobierno de Andr\u00e9s Manuel L\u00f3pez Obrador han rechazado esa\u00a0<strong>\u201cverdad hist\u00f3rica\u201d<\/strong>\u00a0al concluir que no fue posible que los hayan quemado ah\u00ed y que, incluso, varios estudiantes permanecieron vivos por d\u00edas despu\u00e9s del hecho.<\/p>\n\n\n\n<p><\/p>\n","protected":false},"excerpt":{"rendered":"<p>Los abogados de Murillo Karam tambi\u00e9n buscan un amparo para suspender la prisi\u00f3n preventiva a la que est\u00e1 sometido Ciudad de M\u00e9xico.- Un juez otorg\u00f3 un amparo provisional a\u00a0Jes\u00fas Murillo Karam, extitular de la extinta\u00a0Procuradur\u00eda General de la Rep\u00fablica (PGR), para protegerlo de su procesamiento por el caso de los 43\u00a0estudiantes\u00a0desaparecidos de\u00a0Ayotzinapa, seg\u00fan revelaron documentos [&hellip;]<\/p>\n","protected":false},"author":46,"featured_media":43017,"comment_status":"open","ping_status":"open","sticky":false,"template":"","format":"standard","meta":{"tdm_status":"","tdm_grid_status":"","footnotes":""},"categories":[39],"tags":[],"class_list":{"0":"post-43016","1":"post","2":"type-post","3":"status-publish","4":"format-standard","5":"has-post-thumbnail","7":"category-noticias-nacionales"},"yoast_head":"<!-- This site is optimized with the Yoast SEO plugin v27.5 - https:\/\/yoast.com\/product\/yoast-seo-wordpress\/ -->\n<title>Otorgan amparo a Murillo Karam por caso Ayotzinapa - Fuentes Fidedignas<\/title>\n<meta name=\"robots\" content=\"index, follow, max-snippet:-1, max-image-preview:large, max-video-preview:-1\" \/>\n<link rel=\"canonical\" href=\"https:\/\/fuentesfidedignas.com.mx\/index.php\/2022\/09\/22\/otorgan-amparo-a-murillo-karam-por-caso-ayotzinapa\/\" \/>\n<meta property=\"og:locale\" content=\"es_MX\" \/>\n<meta property=\"og:type\" content=\"article\" \/>\n<meta property=\"og:title\" content=\"Otorgan amparo a Murillo Karam por caso Ayotzinapa - Fuentes Fidedignas\" \/>\n<meta property=\"og:description\" content=\"Los abogados de Murillo Karam tambi\u00e9n buscan un amparo para suspender la prisi\u00f3n preventiva a la que est\u00e1 sometido Ciudad de M\u00e9xico.- Un juez otorg\u00f3 un amparo provisional a\u00a0Jes\u00fas Murillo Karam, extitular de la extinta\u00a0Procuradur\u00eda General de la Rep\u00fablica (PGR), para protegerlo de su procesamiento por el caso de los 43\u00a0estudiantes\u00a0desaparecidos de\u00a0Ayotzinapa, seg\u00fan revelaron documentos [&hellip;]\" \/>\n<meta property=\"og:url\" content=\"https:\/\/fuentesfidedignas.com.mx\/index.php\/2022\/09\/22\/otorgan-amparo-a-murillo-karam-por-caso-ayotzinapa\/\" \/>\n<meta property=\"og:site_name\" content=\"Fuentes Fidedignas\" \/>\n<meta property=\"article:publisher\" content=\"https:\/\/www.facebook.com\/Fuentes-Fidedignas-368234489921644\" \/>\n<meta property=\"article:published_time\" content=\"2022-09-22T17:19:00+00:00\" \/>\n<meta property=\"article:modified_time\" content=\"2022-09-22T21:22:12+00:00\" \/>\n<meta property=\"og:image\" content=\"https:\/\/fuentesfidedignas.com.mx\/wp-content\/uploads\/2022\/09\/murillo.jpg\" \/>\n\t<meta property=\"og:image:width\" content=\"1200\" \/>\n\t<meta property=\"og:image:height\" content=\"675\" \/>\n\t<meta property=\"og:image:type\" content=\"image\/jpeg\" \/>\n<meta name=\"author\" content=\"Noticieros Televisa\" \/>\n<meta name=\"twitter:card\" content=\"summary_large_image\" \/>\n<meta name=\"twitter:creator\" content=\"@fidedignas\" \/>\n<meta name=\"twitter:site\" content=\"@fidedignas\" \/>\n<meta name=\"twitter:label1\" content=\"Escrito por\" \/>\n\t<meta name=\"twitter:data1\" content=\"Noticieros Televisa\" \/>\n\t<meta name=\"twitter:label2\" content=\"Tiempo de lectura\" \/>\n\t<meta name=\"twitter:data2\" content=\"2 minutos\" \/>\n<script type=\"application\/ld+json\" class=\"yoast-schema-graph\">{\"@context\":\"https:\\\/\\\/schema.org\",\"@graph\":[{\"@type\":\"Article\",\"@id\":\"https:\\\/\\\/fuentesfidedignas.com.mx\\\/index.php\\\/2022\\\/09\\\/22\\\/otorgan-amparo-a-murillo-karam-por-caso-ayotzinapa\\\/#article\",\"isPartOf\":{\"@id\":\"https:\\\/\\\/fuentesfidedignas.com.mx\\\/index.php\\\/2022\\\/09\\\/22\\\/otorgan-amparo-a-murillo-karam-por-caso-ayotzinapa\\\/\"},\"author\":{\"name\":\"Noticieros Televisa\",\"@id\":\"https:\\\/\\\/fuentesfidedignas.com.mx\\\/#\\\/schema\\\/person\\\/f030e42657a5a464a8bbd891b1aab6ee\"},\"headline\":\"Otorgan amparo a Murillo Karam por caso Ayotzinapa\",\"datePublished\":\"2022-09-22T17:19:00+00:00\",\"dateModified\":\"2022-09-22T21:22:12+00:00\",\"mainEntityOfPage\":{\"@id\":\"https:\\\/\\\/fuentesfidedignas.com.mx\\\/index.php\\\/2022\\\/09\\\/22\\\/otorgan-amparo-a-murillo-karam-por-caso-ayotzinapa\\\/\"},\"wordCount\":465,\"commentCount\":0,\"publisher\":{\"@id\":\"https:\\\/\\\/fuentesfidedignas.com.mx\\\/#organization\"},\"image\":{\"@id\":\"https:\\\/\\\/fuentesfidedignas.com.mx\\\/index.php\\\/2022\\\/09\\\/22\\\/otorgan-amparo-a-murillo-karam-por-caso-ayotzinapa\\\/#primaryimage\"},\"thumbnailUrl\":\"https:\\\/\\\/fuentesfidedignas.com.mx\\\/wp-content\\\/uploads\\\/2022\\\/09\\\/murillo.jpg\",\"articleSection\":[\"NOTICIAS NACIONALES\"],\"inLanguage\":\"es\",\"potentialAction\":[{\"@type\":\"CommentAction\",\"name\":\"Comment\",\"target\":[\"https:\\\/\\\/fuentesfidedignas.com.mx\\\/index.php\\\/2022\\\/09\\\/22\\\/otorgan-amparo-a-murillo-karam-por-caso-ayotzinapa\\\/#respond\"]}]},{\"@type\":\"WebPage\",\"@id\":\"https:\\\/\\\/fuentesfidedignas.com.mx\\\/index.php\\\/2022\\\/09\\\/22\\\/otorgan-amparo-a-murillo-karam-por-caso-ayotzinapa\\\/\",\"url\":\"https:\\\/\\\/fuentesfidedignas.com.mx\\\/index.php\\\/2022\\\/09\\\/22\\\/otorgan-amparo-a-murillo-karam-por-caso-ayotzinapa\\\/\",\"name\":\"Otorgan amparo a Murillo Karam por caso Ayotzinapa - Fuentes Fidedignas\",\"isPartOf\":{\"@id\":\"https:\\\/\\\/fuentesfidedignas.com.mx\\\/#website\"},\"primaryImageOfPage\":{\"@id\":\"https:\\\/\\\/fuentesfidedignas.com.mx\\\/index.php\\\/2022\\\/09\\\/22\\\/otorgan-amparo-a-murillo-karam-por-caso-ayotzinapa\\\/#primaryimage\"},\"image\":{\"@id\":\"https:\\\/\\\/fuentesfidedignas.com.mx\\\/index.php\\\/2022\\\/09\\\/22\\\/otorgan-amparo-a-murillo-karam-por-caso-ayotzinapa\\\/#primaryimage\"},\"thumbnailUrl\":\"https:\\\/\\\/fuentesfidedignas.com.mx\\\/wp-content\\\/uploads\\\/2022\\\/09\\\/murillo.jpg\",\"datePublished\":\"2022-09-22T17:19:00+00:00\",\"dateModified\":\"2022-09-22T21:22:12+00:00\",\"breadcrumb\":{\"@id\":\"https:\\\/\\\/fuentesfidedignas.com.mx\\\/index.php\\\/2022\\\/09\\\/22\\\/otorgan-amparo-a-murillo-karam-por-caso-ayotzinapa\\\/#breadcrumb\"},\"inLanguage\":\"es\",\"potentialAction\":[{\"@type\":\"ReadAction\",\"target\":[\"https:\\\/\\\/fuentesfidedignas.com.mx\\\/index.php\\\/2022\\\/09\\\/22\\\/otorgan-amparo-a-murillo-karam-por-caso-ayotzinapa\\\/\"]}]},{\"@type\":\"ImageObject\",\"inLanguage\":\"es\",\"@id\":\"https:\\\/\\\/fuentesfidedignas.com.mx\\\/index.php\\\/2022\\\/09\\\/22\\\/otorgan-amparo-a-murillo-karam-por-caso-ayotzinapa\\\/#primaryimage\",\"url\":\"https:\\\/\\\/fuentesfidedignas.com.mx\\\/wp-content\\\/uploads\\\/2022\\\/09\\\/murillo.jpg\",\"contentUrl\":\"https:\\\/\\\/fuentesfidedignas.com.mx\\\/wp-content\\\/uploads\\\/2022\\\/09\\\/murillo.jpg\",\"width\":1200,\"height\":675,\"caption\":\"M\u00c9XICO, D.F., 22OCTUBRE2014.- Jesus Murillo Karam, Procurador General de la Rep\u00fablica junto a Tom\u00e1s Zer\u00f3n de Lucio, Director en Jefe de la Agencia de Investigaci\u00f3n Criminal durante la conferencia que realizaron en el edificio de la PGR. FOTO: ENRIQUE ORD\u00d3\u00d1EZ \\\/CUARTOSCO.COM\"},{\"@type\":\"BreadcrumbList\",\"@id\":\"https:\\\/\\\/fuentesfidedignas.com.mx\\\/index.php\\\/2022\\\/09\\\/22\\\/otorgan-amparo-a-murillo-karam-por-caso-ayotzinapa\\\/#breadcrumb\",\"itemListElement\":[{\"@type\":\"ListItem\",\"position\":1,\"name\":\"Inicio\",\"item\":\"https:\\\/\\\/fuentesfidedignas.com.mx\\\/\"},{\"@type\":\"ListItem\",\"position\":2,\"name\":\"Otorgan amparo a Murillo Karam por caso Ayotzinapa\"}]},{\"@type\":\"WebSite\",\"@id\":\"https:\\\/\\\/fuentesfidedignas.com.mx\\\/#website\",\"url\":\"https:\\\/\\\/fuentesfidedignas.com.mx\\\/\",\"name\":\"Fuentes Fidedignas\",\"description\":\"Otro sitio realizado con WordPress\",\"publisher\":{\"@id\":\"https:\\\/\\\/fuentesfidedignas.com.mx\\\/#organization\"},\"potentialAction\":[{\"@type\":\"SearchAction\",\"target\":{\"@type\":\"EntryPoint\",\"urlTemplate\":\"https:\\\/\\\/fuentesfidedignas.com.mx\\\/?s={search_term_string}\"},\"query-input\":{\"@type\":\"PropertyValueSpecification\",\"valueRequired\":true,\"valueName\":\"search_term_string\"}}],\"inLanguage\":\"es\"},{\"@type\":\"Organization\",\"@id\":\"https:\\\/\\\/fuentesfidedignas.com.mx\\\/#organization\",\"name\":\"Fuentes Fidedignas\",\"url\":\"https:\\\/\\\/fuentesfidedignas.com.mx\\\/\",\"logo\":{\"@type\":\"ImageObject\",\"inLanguage\":\"es\",\"@id\":\"https:\\\/\\\/fuentesfidedignas.com.mx\\\/#\\\/schema\\\/logo\\\/image\\\/\",\"url\":\"https:\\\/\\\/fuentesfidedignas.com.mx\\\/wp-content\\\/uploads\\\/2021\\\/04\\\/logo-retina.png\",\"contentUrl\":\"https:\\\/\\\/fuentesfidedignas.com.mx\\\/wp-content\\\/uploads\\\/2021\\\/04\\\/logo-retina.png\",\"width\":280,\"height\":51,\"caption\":\"Fuentes Fidedignas\"},\"image\":{\"@id\":\"https:\\\/\\\/fuentesfidedignas.com.mx\\\/#\\\/schema\\\/logo\\\/image\\\/\"},\"sameAs\":[\"https:\\\/\\\/www.facebook.com\\\/Fuentes-Fidedignas-368234489921644\",\"https:\\\/\\\/x.com\\\/fidedignas\"]},{\"@type\":\"Person\",\"@id\":\"https:\\\/\\\/fuentesfidedignas.com.mx\\\/#\\\/schema\\\/person\\\/f030e42657a5a464a8bbd891b1aab6ee\",\"name\":\"Noticieros Televisa\",\"image\":{\"@type\":\"ImageObject\",\"inLanguage\":\"es\",\"@id\":\"https:\\\/\\\/secure.gravatar.com\\\/avatar\\\/0e47b9e785a628831b8fd9eaf15e090e106760a879abbd4a3306f128ef5d43a9?s=96&d=mm&r=g\",\"url\":\"https:\\\/\\\/secure.gravatar.com\\\/avatar\\\/0e47b9e785a628831b8fd9eaf15e090e106760a879abbd4a3306f128ef5d43a9?s=96&d=mm&r=g\",\"contentUrl\":\"https:\\\/\\\/secure.gravatar.com\\\/avatar\\\/0e47b9e785a628831b8fd9eaf15e090e106760a879abbd4a3306f128ef5d43a9?s=96&d=mm&r=g\",\"caption\":\"Noticieros Televisa\"},\"url\":\"https:\\\/\\\/fuentesfidedignas.com.mx\\\/index.php\\\/author\\\/noticieros-televisa\\\/\"}]}<\/script>\n<!-- \/ Yoast SEO plugin. -->","yoast_head_json":{"title":"Otorgan amparo a Murillo Karam por caso Ayotzinapa - Fuentes Fidedignas","robots":{"index":"index","follow":"follow","max-snippet":"max-snippet:-1","max-image-preview":"max-image-preview:large","max-video-preview":"max-video-preview:-1"},"canonical":"https:\/\/fuentesfidedignas.com.mx\/index.php\/2022\/09\/22\/otorgan-amparo-a-murillo-karam-por-caso-ayotzinapa\/","og_locale":"es_MX","og_type":"article","og_title":"Otorgan amparo a Murillo Karam por caso Ayotzinapa - Fuentes Fidedignas","og_description":"Los abogados de Murillo Karam tambi\u00e9n buscan un amparo para suspender la prisi\u00f3n preventiva a la que est\u00e1 sometido Ciudad de M\u00e9xico.- Un juez otorg\u00f3 un amparo provisional a\u00a0Jes\u00fas Murillo Karam, extitular de la extinta\u00a0Procuradur\u00eda General de la Rep\u00fablica (PGR), para protegerlo de su procesamiento por el caso de los 43\u00a0estudiantes\u00a0desaparecidos de\u00a0Ayotzinapa, seg\u00fan revelaron documentos [&hellip;]","og_url":"https:\/\/fuentesfidedignas.com.mx\/index.php\/2022\/09\/22\/otorgan-amparo-a-murillo-karam-por-caso-ayotzinapa\/","og_site_name":"Fuentes Fidedignas","article_publisher":"https:\/\/www.facebook.com\/Fuentes-Fidedignas-368234489921644","article_published_time":"2022-09-22T17:19:00+00:00","article_modified_time":"2022-09-22T21:22:12+00:00","og_image":[{"width":1200,"height":675,"url":"https:\/\/fuentesfidedignas.com.mx\/wp-content\/uploads\/2022\/09\/murillo.jpg","type":"image\/jpeg"}],"author":"Noticieros Televisa","twitter_card":"summary_large_image","twitter_creator":"@fidedignas","twitter_site":"@fidedignas","twitter_misc":{"Escrito por":"Noticieros Televisa","Tiempo de lectura":"2 minutos"},"schema":{"@context":"https:\/\/schema.org","@graph":[{"@type":"Article","@id":"https:\/\/fuentesfidedignas.com.mx\/index.php\/2022\/09\/22\/otorgan-amparo-a-murillo-karam-por-caso-ayotzinapa\/#article","isPartOf":{"@id":"https:\/\/fuentesfidedignas.com.mx\/index.php\/2022\/09\/22\/otorgan-amparo-a-murillo-karam-por-caso-ayotzinapa\/"},"author":{"name":"Noticieros Televisa","@id":"https:\/\/fuentesfidedignas.com.mx\/#\/schema\/person\/f030e42657a5a464a8bbd891b1aab6ee"},"headline":"Otorgan amparo a Murillo Karam por caso Ayotzinapa","datePublished":"2022-09-22T17:19:00+00:00","dateModified":"2022-09-22T21:22:12+00:00","mainEntityOfPage":{"@id":"https:\/\/fuentesfidedignas.com.mx\/index.php\/2022\/09\/22\/otorgan-amparo-a-murillo-karam-por-caso-ayotzinapa\/"},"wordCount":465,"commentCount":0,"publisher":{"@id":"https:\/\/fuentesfidedignas.com.mx\/#organization"},"image":{"@id":"https:\/\/fuentesfidedignas.com.mx\/index.php\/2022\/09\/22\/otorgan-amparo-a-murillo-karam-por-caso-ayotzinapa\/#primaryimage"},"thumbnailUrl":"https:\/\/fuentesfidedignas.com.mx\/wp-content\/uploads\/2022\/09\/murillo.jpg","articleSection":["NOTICIAS NACIONALES"],"inLanguage":"es","potentialAction":[{"@type":"CommentAction","name":"Comment","target":["https:\/\/fuentesfidedignas.com.mx\/index.php\/2022\/09\/22\/otorgan-amparo-a-murillo-karam-por-caso-ayotzinapa\/#respond"]}]},{"@type":"WebPage","@id":"https:\/\/fuentesfidedignas.com.mx\/index.php\/2022\/09\/22\/otorgan-amparo-a-murillo-karam-por-caso-ayotzinapa\/","url":"https:\/\/fuentesfidedignas.com.mx\/index.php\/2022\/09\/22\/otorgan-amparo-a-murillo-karam-por-caso-ayotzinapa\/","name":"Otorgan amparo a Murillo Karam por caso Ayotzinapa - Fuentes Fidedignas","isPartOf":{"@id":"https:\/\/fuentesfidedignas.com.mx\/#website"},"primaryImageOfPage":{"@id":"https:\/\/fuentesfidedignas.com.mx\/index.php\/2022\/09\/22\/otorgan-amparo-a-murillo-karam-por-caso-ayotzinapa\/#primaryimage"},"image":{"@id":"https:\/\/fuentesfidedignas.com.mx\/index.php\/2022\/09\/22\/otorgan-amparo-a-murillo-karam-por-caso-ayotzinapa\/#primaryimage"},"thumbnailUrl":"https:\/\/fuentesfidedignas.com.mx\/wp-content\/uploads\/2022\/09\/murillo.jpg","datePublished":"2022-09-22T17:19:00+00:00","dateModified":"2022-09-22T21:22:12+00:00","breadcrumb":{"@id":"https:\/\/fuentesfidedignas.com.mx\/index.php\/2022\/09\/22\/otorgan-amparo-a-murillo-karam-por-caso-ayotzinapa\/#breadcrumb"},"inLanguage":"es","potentialAction":[{"@type":"ReadAction","target":["https:\/\/fuentesfidedignas.com.mx\/index.php\/2022\/09\/22\/otorgan-amparo-a-murillo-karam-por-caso-ayotzinapa\/"]}]},{"@type":"ImageObject","inLanguage":"es","@id":"https:\/\/fuentesfidedignas.com.mx\/index.php\/2022\/09\/22\/otorgan-amparo-a-murillo-karam-por-caso-ayotzinapa\/#primaryimage","url":"https:\/\/fuentesfidedignas.com.mx\/wp-content\/uploads\/2022\/09\/murillo.jpg","contentUrl":"https:\/\/fuentesfidedignas.com.mx\/wp-content\/uploads\/2022\/09\/murillo.jpg","width":1200,"height":675,"caption":"M\u00c9XICO, D.F., 22OCTUBRE2014.- Jesus Murillo Karam, Procurador General de la Rep\u00fablica junto a Tom\u00e1s Zer\u00f3n de Lucio, Director en Jefe de la Agencia de Investigaci\u00f3n Criminal durante la conferencia que realizaron en el edificio de la PGR. FOTO: ENRIQUE ORD\u00d3\u00d1EZ \/CUARTOSCO.COM"},{"@type":"BreadcrumbList","@id":"https:\/\/fuentesfidedignas.com.mx\/index.php\/2022\/09\/22\/otorgan-amparo-a-murillo-karam-por-caso-ayotzinapa\/#breadcrumb","itemListElement":[{"@type":"ListItem","position":1,"name":"Inicio","item":"https:\/\/fuentesfidedignas.com.mx\/"},{"@type":"ListItem","position":2,"name":"Otorgan amparo a Murillo Karam por caso Ayotzinapa"}]},{"@type":"WebSite","@id":"https:\/\/fuentesfidedignas.com.mx\/#website","url":"https:\/\/fuentesfidedignas.com.mx\/","name":"Fuentes Fidedignas","description":"Otro sitio realizado con WordPress","publisher":{"@id":"https:\/\/fuentesfidedignas.com.mx\/#organization"},"potentialAction":[{"@type":"SearchAction","target":{"@type":"EntryPoint","urlTemplate":"https:\/\/fuentesfidedignas.com.mx\/?s={search_term_string}"},"query-input":{"@type":"PropertyValueSpecification","valueRequired":true,"valueName":"search_term_string"}}],"inLanguage":"es"},{"@type":"Organization","@id":"https:\/\/fuentesfidedignas.com.mx\/#organization","name":"Fuentes Fidedignas","url":"https:\/\/fuentesfidedignas.com.mx\/","logo":{"@type":"ImageObject","inLanguage":"es","@id":"https:\/\/fuentesfidedignas.com.mx\/#\/schema\/logo\/image\/","url":"https:\/\/fuentesfidedignas.com.mx\/wp-content\/uploads\/2021\/04\/logo-retina.png","contentUrl":"https:\/\/fuentesfidedignas.com.mx\/wp-content\/uploads\/2021\/04\/logo-retina.png","width":280,"height":51,"caption":"Fuentes Fidedignas"},"image":{"@id":"https:\/\/fuentesfidedignas.com.mx\/#\/schema\/logo\/image\/"},"sameAs":["https:\/\/www.facebook.com\/Fuentes-Fidedignas-368234489921644","https:\/\/x.com\/fidedignas"]},{"@type":"Person","@id":"https:\/\/fuentesfidedignas.com.mx\/#\/schema\/person\/f030e42657a5a464a8bbd891b1aab6ee","name":"Noticieros Televisa","image":{"@type":"ImageObject","inLanguage":"es","@id":"https:\/\/secure.gravatar.com\/avatar\/0e47b9e785a628831b8fd9eaf15e090e106760a879abbd4a3306f128ef5d43a9?s=96&d=mm&r=g","url":"https:\/\/secure.gravatar.com\/avatar\/0e47b9e785a628831b8fd9eaf15e090e106760a879abbd4a3306f128ef5d43a9?s=96&d=mm&r=g","contentUrl":"https:\/\/secure.gravatar.com\/avatar\/0e47b9e785a628831b8fd9eaf15e090e106760a879abbd4a3306f128ef5d43a9?s=96&d=mm&r=g","caption":"Noticieros Televisa"},"url":"https:\/\/fuentesfidedignas.com.mx\/index.php\/author\/noticieros-televisa\/"}]}},"_links":{"self":[{"href":"https:\/\/fuentesfidedignas.com.mx\/index.php\/wp-json\/wp\/v2\/posts\/43016","targetHints":{"allow":["GET"]}}],"collection":[{"href":"https:\/\/fuentesfidedignas.com.mx\/index.php\/wp-json\/wp\/v2\/posts"}],"about":[{"href":"https:\/\/fuentesfidedignas.com.mx\/index.php\/wp-json\/wp\/v2\/types\/post"}],"author":[{"embeddable":true,"href":"https:\/\/fuentesfidedignas.com.mx\/index.php\/wp-json\/wp\/v2\/users\/46"}],"replies":[{"embeddable":true,"href":"https:\/\/fuentesfidedignas.com.mx\/index.php\/wp-json\/wp\/v2\/comments?post=43016"}],"version-history":[{"count":1,"href":"https:\/\/fuentesfidedignas.com.mx\/index.php\/wp-json\/wp\/v2\/posts\/43016\/revisions"}],"predecessor-version":[{"id":43018,"href":"https:\/\/fuentesfidedignas.com.mx\/index.php\/wp-json\/wp\/v2\/posts\/43016\/revisions\/43018"}],"wp:featuredmedia":[{"embeddable":true,"href":"https:\/\/fuentesfidedignas.com.mx\/index.php\/wp-json\/wp\/v2\/media\/43017"}],"wp:attachment":[{"href":"https:\/\/fuentesfidedignas.com.mx\/index.php\/wp-json\/wp\/v2\/media?parent=43016"}],"wp:term":[{"taxonomy":"category","embeddable":true,"href":"https:\/\/fuentesfidedignas.com.mx\/index.php\/wp-json\/wp\/v2\/categories?post=43016"},{"taxonomy":"post_tag","embeddable":true,"href":"https:\/\/fuentesfidedignas.com.mx\/index.php\/wp-json\/wp\/v2\/tags?post=43016"}],"curies":[{"name":"wp","href":"https:\/\/api.w.org\/{rel}","templated":true}]}}