{"id":43012,"date":"2022-09-22T15:15:30","date_gmt":"2022-09-22T21:15:30","guid":{"rendered":"https:\/\/fuentesfidedignas.com.mx\/?p=43012"},"modified":"2022-09-22T15:16:09","modified_gmt":"2022-09-22T21:16:09","slug":"adan-augusto-lopez-es-quien-puede-consolidar-el-proyecto-de-la-4t-afirma-cuen-ojeda","status":"publish","type":"post","link":"https:\/\/fuentesfidedignas.com.mx\/index.php\/2022\/09\/22\/adan-augusto-lopez-es-quien-puede-consolidar-el-proyecto-de-la-4t-afirma-cuen-ojeda\/","title":{"rendered":"Ad\u00e1n Augusto L\u00f3pez es quien puede consolidar el proyecto de la 4T, afirma Cu\u00e9n Ojeda"},"content":{"rendered":"\n<p><br><strong><em>Entre los partidos pol\u00edticos Morena lleva el 47 por ciento de preferencias, el Partido Sinaloense cuenta con un 14 por ciento<\/em><\/strong><\/p>\n\n\n\n<p>Culiac\u00e1n, Sin.- Despu\u00e9s de ver a una persona que es empresario, de ver a una persona que ya ha tenido la experiencia de haber gobernado su estado, que ocupo varios espacios en la administraci\u00f3n p\u00fablica estatal, que fue diputado local, <strong>Senador de la Rep\u00fablica, Ad\u00e1n Augusto L\u00f3pez Hern\u00e1ndez<\/strong>, desde mi punto de vista es el hombre id\u00f3neo para dar seguimiento a la transformaci\u00f3n que se est\u00e1 llevando en M\u00e9xico en la persona del presidente <strong>Andr\u00e9s Manuel L\u00f3pez Obrador<\/strong>, expres\u00f3 el fundador del <strong>Partido Sinaloense, H\u00e9ctor Melesio Cu\u00e9n Ojeda.<\/strong><\/p>\n\n\n\n<p>Como <strong>Partido Sinaloense<\/strong> estamos esperando los tiempos electorales para hacer promoci\u00f3n a favor de <strong>Ad\u00e1n Augusto<\/strong>, por el momento estamos concentrados en el fortalecimiento de la estructura territorial, hoy estamos en <strong>Salvador Alvarado<\/strong>, luego vamos a Guasave y despu\u00e9s cerraremos fuerte con un evento de afiliaci\u00f3n en el Carrizo, municipio de Ahome.<\/p>\n\n\n\n<p>Los eventos pol\u00edticos que se est\u00e1n dando &nbsp;entre los partidos pol\u00edticos no garantizan resultado a favor de la oposici\u00f3n, por lo pronto, en el partido Sinaloense acabamos de hacer una encuesta para saber c\u00f3mo se encuentran nuestros gobernantes y las preferencias de los ciudadanos en nuestro estado.<\/p>\n\n\n\n<p>\u201c<em>El presidente Andr\u00e9s Manuel L\u00f3pez Obrador tiene una aceptaci\u00f3n de 8.45 por ciento, la regi\u00f3n del Evora los presidentes municipales cuentan con una buena aceptaci\u00f3n: Salvador Alvarado 8.71, Angostura 8.21 y Mocorito 7.9 por ciento; el gobernador tambi\u00e9n es muy bien aceptado, Rub\u00e9n Rocha Moya cuenta con un 7.88 por ciento en el estado; el presidente municipal mejor posicionado es el de San Ignacio 8.29-, los peores son El Fuerte, Mazatl\u00e1n, Rosario, Ahome Culiac\u00e1n trae el 6.60; mientras que los candidatos a la presidencia de la Rep\u00fablica Claudia Sheinbaum 21.8 por ciento; Marcelo Ebrard y Ad\u00e1n Augusto L\u00f3pez con un empate, pero la ventaja es que Ad\u00e1n Augusto no ha hecho campa\u00f1a<\/em>\u201d, manifest\u00f3 <strong>H\u00e9ctor Melesio Cu\u00e9n Ojeda<\/strong>.<\/p>\n\n\n\n<p>Mientras que <strong>entre los partidos pol\u00edticos Morena lleva el 47 por ciento de preferencias, el Partido Sinaloense cuenta con un 14 por ciento<\/strong>, el PRI 6.28 por ciento y el resto se reparte entre los dem\u00e1s partidos.<\/p>\n\n\n\n<p>Con estos datos demostramos que el Partido Sinaloense tenemos una fuerte estructura en todo Sinaloa, en el PAS estamos evaluando constantemente y cuidamos la elecci\u00f3n, en la pasada elecci\u00f3n cubrimos el 100 por ciento de la elecci\u00f3n, esto se ve reflejado en la cantidad de ciudadanos que se est\u00e1n afiliando en todo el estado.<\/p>\n\n\n\n<p>\u201c<em>En las pr\u00f3ximas elecciones federales nosotros apoyamos a Ad\u00e1n Augusto L\u00f3pez, y posteriormente queremos darla continuidad a la alianza con Morena<\/em>\u201d, dijo H\u00e9ctor Melesio Cu\u00e9n Ojeda<\/p>\n","protected":false},"excerpt":{"rendered":"<p>Entre los partidos pol\u00edticos Morena lleva el 47 por ciento de preferencias, el Partido Sinaloense cuenta con un 14 por ciento Culiac\u00e1n, Sin.- Despu\u00e9s de ver a una persona que es empresario, de ver a una persona que ya ha tenido la experiencia de haber gobernado su estado, que ocupo varios espacios en la administraci\u00f3n [&hellip;]<\/p>\n","protected":false},"author":4,"featured_media":43013,"comment_status":"open","ping_status":"open","sticky":false,"template":"","format":"standard","meta":{"tdm_status":"","tdm_grid_status":"","footnotes":""},"categories":[37],"tags":[],"class_list":{"0":"post-43012","1":"post","2":"type-post","3":"status-publish","4":"format-standard","5":"has-post-thumbnail","7":"category-nota-principal"},"yoast_head":"<!-- This site is optimized with the Yoast SEO plugin v27.5 - https:\/\/yoast.com\/product\/yoast-seo-wordpress\/ -->\n<title>Ad\u00e1n Augusto L\u00f3pez es quien puede consolidar el proyecto de la 4T, afirma Cu\u00e9n Ojeda - Fuentes Fidedignas<\/title>\n<meta name=\"robots\" content=\"index, follow, max-snippet:-1, max-image-preview:large, max-video-preview:-1\" \/>\n<link rel=\"canonical\" href=\"https:\/\/fuentesfidedignas.com.mx\/index.php\/2022\/09\/22\/adan-augusto-lopez-es-quien-puede-consolidar-el-proyecto-de-la-4t-afirma-cuen-ojeda\/\" \/>\n<meta property=\"og:locale\" content=\"es_MX\" \/>\n<meta property=\"og:type\" content=\"article\" \/>\n<meta property=\"og:title\" content=\"Ad\u00e1n Augusto L\u00f3pez es quien puede consolidar el proyecto de la 4T, afirma Cu\u00e9n Ojeda - Fuentes Fidedignas\" \/>\n<meta property=\"og:description\" content=\"Entre los partidos pol\u00edticos Morena lleva el 47 por ciento de preferencias, el Partido Sinaloense cuenta con un 14 por ciento Culiac\u00e1n, Sin.- Despu\u00e9s de ver a una persona que es empresario, de ver a una persona que ya ha tenido la experiencia de haber gobernado su estado, que ocupo varios espacios en la administraci\u00f3n [&hellip;]\" \/>\n<meta property=\"og:url\" content=\"https:\/\/fuentesfidedignas.com.mx\/index.php\/2022\/09\/22\/adan-augusto-lopez-es-quien-puede-consolidar-el-proyecto-de-la-4t-afirma-cuen-ojeda\/\" \/>\n<meta property=\"og:site_name\" content=\"Fuentes Fidedignas\" \/>\n<meta property=\"article:publisher\" content=\"https:\/\/www.facebook.com\/Fuentes-Fidedignas-368234489921644\" \/>\n<meta property=\"article:published_time\" content=\"2022-09-22T21:15:30+00:00\" \/>\n<meta property=\"article:modified_time\" content=\"2022-09-22T21:16:09+00:00\" \/>\n<meta property=\"og:image\" content=\"https:\/\/fuentesfidedignas.com.mx\/wp-content\/uploads\/2022\/09\/cuenadan.jpg\" \/>\n\t<meta property=\"og:image:width\" content=\"689\" \/>\n\t<meta property=\"og:image:height\" content=\"485\" \/>\n\t<meta property=\"og:image:type\" content=\"image\/jpeg\" \/>\n<meta name=\"author\" content=\"Redacci\u00f3n\" \/>\n<meta name=\"twitter:card\" content=\"summary_large_image\" \/>\n<meta name=\"twitter:creator\" content=\"@fidedignas\" \/>\n<meta name=\"twitter:site\" content=\"@fidedignas\" \/>\n<meta name=\"twitter:label1\" content=\"Escrito por\" \/>\n\t<meta name=\"twitter:data1\" content=\"Redacci\u00f3n\" \/>\n\t<meta name=\"twitter:label2\" content=\"Tiempo de lectura\" \/>\n\t<meta name=\"twitter:data2\" content=\"3 minutos\" \/>\n<script type=\"application\/ld+json\" class=\"yoast-schema-graph\">{\"@context\":\"https:\\\/\\\/schema.org\",\"@graph\":[{\"@type\":\"Article\",\"@id\":\"https:\\\/\\\/fuentesfidedignas.com.mx\\\/index.php\\\/2022\\\/09\\\/22\\\/adan-augusto-lopez-es-quien-puede-consolidar-el-proyecto-de-la-4t-afirma-cuen-ojeda\\\/#article\",\"isPartOf\":{\"@id\":\"https:\\\/\\\/fuentesfidedignas.com.mx\\\/index.php\\\/2022\\\/09\\\/22\\\/adan-augusto-lopez-es-quien-puede-consolidar-el-proyecto-de-la-4t-afirma-cuen-ojeda\\\/\"},\"author\":{\"name\":\"Redacci\u00f3n\",\"@id\":\"https:\\\/\\\/fuentesfidedignas.com.mx\\\/#\\\/schema\\\/person\\\/331be9283d37198e2acd5750279085b0\"},\"headline\":\"Ad\u00e1n Augusto L\u00f3pez es quien puede consolidar el proyecto de la 4T, afirma Cu\u00e9n Ojeda\",\"datePublished\":\"2022-09-22T21:15:30+00:00\",\"dateModified\":\"2022-09-22T21:16:09+00:00\",\"mainEntityOfPage\":{\"@id\":\"https:\\\/\\\/fuentesfidedignas.com.mx\\\/index.php\\\/2022\\\/09\\\/22\\\/adan-augusto-lopez-es-quien-puede-consolidar-el-proyecto-de-la-4t-afirma-cuen-ojeda\\\/\"},\"wordCount\":501,\"commentCount\":0,\"publisher\":{\"@id\":\"https:\\\/\\\/fuentesfidedignas.com.mx\\\/#organization\"},\"image\":{\"@id\":\"https:\\\/\\\/fuentesfidedignas.com.mx\\\/index.php\\\/2022\\\/09\\\/22\\\/adan-augusto-lopez-es-quien-puede-consolidar-el-proyecto-de-la-4t-afirma-cuen-ojeda\\\/#primaryimage\"},\"thumbnailUrl\":\"https:\\\/\\\/fuentesfidedignas.com.mx\\\/wp-content\\\/uploads\\\/2022\\\/09\\\/cuenadan.jpg\",\"articleSection\":[\"NOTA PRINCIPAL\"],\"inLanguage\":\"es\",\"potentialAction\":[{\"@type\":\"CommentAction\",\"name\":\"Comment\",\"target\":[\"https:\\\/\\\/fuentesfidedignas.com.mx\\\/index.php\\\/2022\\\/09\\\/22\\\/adan-augusto-lopez-es-quien-puede-consolidar-el-proyecto-de-la-4t-afirma-cuen-ojeda\\\/#respond\"]}]},{\"@type\":\"WebPage\",\"@id\":\"https:\\\/\\\/fuentesfidedignas.com.mx\\\/index.php\\\/2022\\\/09\\\/22\\\/adan-augusto-lopez-es-quien-puede-consolidar-el-proyecto-de-la-4t-afirma-cuen-ojeda\\\/\",\"url\":\"https:\\\/\\\/fuentesfidedignas.com.mx\\\/index.php\\\/2022\\\/09\\\/22\\\/adan-augusto-lopez-es-quien-puede-consolidar-el-proyecto-de-la-4t-afirma-cuen-ojeda\\\/\",\"name\":\"Ad\u00e1n Augusto L\u00f3pez es quien puede consolidar el proyecto de la 4T, afirma Cu\u00e9n Ojeda - Fuentes Fidedignas\",\"isPartOf\":{\"@id\":\"https:\\\/\\\/fuentesfidedignas.com.mx\\\/#website\"},\"primaryImageOfPage\":{\"@id\":\"https:\\\/\\\/fuentesfidedignas.com.mx\\\/index.php\\\/2022\\\/09\\\/22\\\/adan-augusto-lopez-es-quien-puede-consolidar-el-proyecto-de-la-4t-afirma-cuen-ojeda\\\/#primaryimage\"},\"image\":{\"@id\":\"https:\\\/\\\/fuentesfidedignas.com.mx\\\/index.php\\\/2022\\\/09\\\/22\\\/adan-augusto-lopez-es-quien-puede-consolidar-el-proyecto-de-la-4t-afirma-cuen-ojeda\\\/#primaryimage\"},\"thumbnailUrl\":\"https:\\\/\\\/fuentesfidedignas.com.mx\\\/wp-content\\\/uploads\\\/2022\\\/09\\\/cuenadan.jpg\",\"datePublished\":\"2022-09-22T21:15:30+00:00\",\"dateModified\":\"2022-09-22T21:16:09+00:00\",\"breadcrumb\":{\"@id\":\"https:\\\/\\\/fuentesfidedignas.com.mx\\\/index.php\\\/2022\\\/09\\\/22\\\/adan-augusto-lopez-es-quien-puede-consolidar-el-proyecto-de-la-4t-afirma-cuen-ojeda\\\/#breadcrumb\"},\"inLanguage\":\"es\",\"potentialAction\":[{\"@type\":\"ReadAction\",\"target\":[\"https:\\\/\\\/fuentesfidedignas.com.mx\\\/index.php\\\/2022\\\/09\\\/22\\\/adan-augusto-lopez-es-quien-puede-consolidar-el-proyecto-de-la-4t-afirma-cuen-ojeda\\\/\"]}]},{\"@type\":\"ImageObject\",\"inLanguage\":\"es\",\"@id\":\"https:\\\/\\\/fuentesfidedignas.com.mx\\\/index.php\\\/2022\\\/09\\\/22\\\/adan-augusto-lopez-es-quien-puede-consolidar-el-proyecto-de-la-4t-afirma-cuen-ojeda\\\/#primaryimage\",\"url\":\"https:\\\/\\\/fuentesfidedignas.com.mx\\\/wp-content\\\/uploads\\\/2022\\\/09\\\/cuenadan.jpg\",\"contentUrl\":\"https:\\\/\\\/fuentesfidedignas.com.mx\\\/wp-content\\\/uploads\\\/2022\\\/09\\\/cuenadan.jpg\",\"width\":689,\"height\":485},{\"@type\":\"BreadcrumbList\",\"@id\":\"https:\\\/\\\/fuentesfidedignas.com.mx\\\/index.php\\\/2022\\\/09\\\/22\\\/adan-augusto-lopez-es-quien-puede-consolidar-el-proyecto-de-la-4t-afirma-cuen-ojeda\\\/#breadcrumb\",\"itemListElement\":[{\"@type\":\"ListItem\",\"position\":1,\"name\":\"Inicio\",\"item\":\"https:\\\/\\\/fuentesfidedignas.com.mx\\\/\"},{\"@type\":\"ListItem\",\"position\":2,\"name\":\"Ad\u00e1n Augusto L\u00f3pez es quien puede consolidar el proyecto de la 4T, afirma Cu\u00e9n Ojeda\"}]},{\"@type\":\"WebSite\",\"@id\":\"https:\\\/\\\/fuentesfidedignas.com.mx\\\/#website\",\"url\":\"https:\\\/\\\/fuentesfidedignas.com.mx\\\/\",\"name\":\"Fuentes Fidedignas\",\"description\":\"Otro sitio realizado con WordPress\",\"publisher\":{\"@id\":\"https:\\\/\\\/fuentesfidedignas.com.mx\\\/#organization\"},\"potentialAction\":[{\"@type\":\"SearchAction\",\"target\":{\"@type\":\"EntryPoint\",\"urlTemplate\":\"https:\\\/\\\/fuentesfidedignas.com.mx\\\/?s={search_term_string}\"},\"query-input\":{\"@type\":\"PropertyValueSpecification\",\"valueRequired\":true,\"valueName\":\"search_term_string\"}}],\"inLanguage\":\"es\"},{\"@type\":\"Organization\",\"@id\":\"https:\\\/\\\/fuentesfidedignas.com.mx\\\/#organization\",\"name\":\"Fuentes Fidedignas\",\"url\":\"https:\\\/\\\/fuentesfidedignas.com.mx\\\/\",\"logo\":{\"@type\":\"ImageObject\",\"inLanguage\":\"es\",\"@id\":\"https:\\\/\\\/fuentesfidedignas.com.mx\\\/#\\\/schema\\\/logo\\\/image\\\/\",\"url\":\"https:\\\/\\\/fuentesfidedignas.com.mx\\\/wp-content\\\/uploads\\\/2021\\\/04\\\/logo-retina.png\",\"contentUrl\":\"https:\\\/\\\/fuentesfidedignas.com.mx\\\/wp-content\\\/uploads\\\/2021\\\/04\\\/logo-retina.png\",\"width\":280,\"height\":51,\"caption\":\"Fuentes Fidedignas\"},\"image\":{\"@id\":\"https:\\\/\\\/fuentesfidedignas.com.mx\\\/#\\\/schema\\\/logo\\\/image\\\/\"},\"sameAs\":[\"https:\\\/\\\/www.facebook.com\\\/Fuentes-Fidedignas-368234489921644\",\"https:\\\/\\\/x.com\\\/fidedignas\"]},{\"@type\":\"Person\",\"@id\":\"https:\\\/\\\/fuentesfidedignas.com.mx\\\/#\\\/schema\\\/person\\\/331be9283d37198e2acd5750279085b0\",\"name\":\"Redacci\u00f3n\",\"image\":{\"@type\":\"ImageObject\",\"inLanguage\":\"es\",\"@id\":\"https:\\\/\\\/secure.gravatar.com\\\/avatar\\\/f6d8782c11d12b2d4ad3fbb6931aeab5309937a4d6cd2fc9cfaa28a6396a5aec?s=96&d=mm&r=g\",\"url\":\"https:\\\/\\\/secure.gravatar.com\\\/avatar\\\/f6d8782c11d12b2d4ad3fbb6931aeab5309937a4d6cd2fc9cfaa28a6396a5aec?s=96&d=mm&r=g\",\"contentUrl\":\"https:\\\/\\\/secure.gravatar.com\\\/avatar\\\/f6d8782c11d12b2d4ad3fbb6931aeab5309937a4d6cd2fc9cfaa28a6396a5aec?s=96&d=mm&r=g\",\"caption\":\"Redacci\u00f3n\"},\"url\":\"https:\\\/\\\/fuentesfidedignas.com.mx\\\/index.php\\\/author\\\/redaccion\\\/\"}]}<\/script>\n<!-- \/ Yoast SEO plugin. -->","yoast_head_json":{"title":"Ad\u00e1n Augusto L\u00f3pez es quien puede consolidar el proyecto de la 4T, afirma Cu\u00e9n Ojeda - Fuentes Fidedignas","robots":{"index":"index","follow":"follow","max-snippet":"max-snippet:-1","max-image-preview":"max-image-preview:large","max-video-preview":"max-video-preview:-1"},"canonical":"https:\/\/fuentesfidedignas.com.mx\/index.php\/2022\/09\/22\/adan-augusto-lopez-es-quien-puede-consolidar-el-proyecto-de-la-4t-afirma-cuen-ojeda\/","og_locale":"es_MX","og_type":"article","og_title":"Ad\u00e1n Augusto L\u00f3pez es quien puede consolidar el proyecto de la 4T, afirma Cu\u00e9n Ojeda - Fuentes Fidedignas","og_description":"Entre los partidos pol\u00edticos Morena lleva el 47 por ciento de preferencias, el Partido Sinaloense cuenta con un 14 por ciento Culiac\u00e1n, Sin.- Despu\u00e9s de ver a una persona que es empresario, de ver a una persona que ya ha tenido la experiencia de haber gobernado su estado, que ocupo varios espacios en la administraci\u00f3n [&hellip;]","og_url":"https:\/\/fuentesfidedignas.com.mx\/index.php\/2022\/09\/22\/adan-augusto-lopez-es-quien-puede-consolidar-el-proyecto-de-la-4t-afirma-cuen-ojeda\/","og_site_name":"Fuentes Fidedignas","article_publisher":"https:\/\/www.facebook.com\/Fuentes-Fidedignas-368234489921644","article_published_time":"2022-09-22T21:15:30+00:00","article_modified_time":"2022-09-22T21:16:09+00:00","og_image":[{"width":689,"height":485,"url":"https:\/\/fuentesfidedignas.com.mx\/wp-content\/uploads\/2022\/09\/cuenadan.jpg","type":"image\/jpeg"}],"author":"Redacci\u00f3n","twitter_card":"summary_large_image","twitter_creator":"@fidedignas","twitter_site":"@fidedignas","twitter_misc":{"Escrito por":"Redacci\u00f3n","Tiempo de lectura":"3 minutos"},"schema":{"@context":"https:\/\/schema.org","@graph":[{"@type":"Article","@id":"https:\/\/fuentesfidedignas.com.mx\/index.php\/2022\/09\/22\/adan-augusto-lopez-es-quien-puede-consolidar-el-proyecto-de-la-4t-afirma-cuen-ojeda\/#article","isPartOf":{"@id":"https:\/\/fuentesfidedignas.com.mx\/index.php\/2022\/09\/22\/adan-augusto-lopez-es-quien-puede-consolidar-el-proyecto-de-la-4t-afirma-cuen-ojeda\/"},"author":{"name":"Redacci\u00f3n","@id":"https:\/\/fuentesfidedignas.com.mx\/#\/schema\/person\/331be9283d37198e2acd5750279085b0"},"headline":"Ad\u00e1n Augusto L\u00f3pez es quien puede consolidar el proyecto de la 4T, afirma Cu\u00e9n Ojeda","datePublished":"2022-09-22T21:15:30+00:00","dateModified":"2022-09-22T21:16:09+00:00","mainEntityOfPage":{"@id":"https:\/\/fuentesfidedignas.com.mx\/index.php\/2022\/09\/22\/adan-augusto-lopez-es-quien-puede-consolidar-el-proyecto-de-la-4t-afirma-cuen-ojeda\/"},"wordCount":501,"commentCount":0,"publisher":{"@id":"https:\/\/fuentesfidedignas.com.mx\/#organization"},"image":{"@id":"https:\/\/fuentesfidedignas.com.mx\/index.php\/2022\/09\/22\/adan-augusto-lopez-es-quien-puede-consolidar-el-proyecto-de-la-4t-afirma-cuen-ojeda\/#primaryimage"},"thumbnailUrl":"https:\/\/fuentesfidedignas.com.mx\/wp-content\/uploads\/2022\/09\/cuenadan.jpg","articleSection":["NOTA PRINCIPAL"],"inLanguage":"es","potentialAction":[{"@type":"CommentAction","name":"Comment","target":["https:\/\/fuentesfidedignas.com.mx\/index.php\/2022\/09\/22\/adan-augusto-lopez-es-quien-puede-consolidar-el-proyecto-de-la-4t-afirma-cuen-ojeda\/#respond"]}]},{"@type":"WebPage","@id":"https:\/\/fuentesfidedignas.com.mx\/index.php\/2022\/09\/22\/adan-augusto-lopez-es-quien-puede-consolidar-el-proyecto-de-la-4t-afirma-cuen-ojeda\/","url":"https:\/\/fuentesfidedignas.com.mx\/index.php\/2022\/09\/22\/adan-augusto-lopez-es-quien-puede-consolidar-el-proyecto-de-la-4t-afirma-cuen-ojeda\/","name":"Ad\u00e1n Augusto L\u00f3pez es quien puede consolidar el proyecto de la 4T, afirma Cu\u00e9n Ojeda - Fuentes Fidedignas","isPartOf":{"@id":"https:\/\/fuentesfidedignas.com.mx\/#website"},"primaryImageOfPage":{"@id":"https:\/\/fuentesfidedignas.com.mx\/index.php\/2022\/09\/22\/adan-augusto-lopez-es-quien-puede-consolidar-el-proyecto-de-la-4t-afirma-cuen-ojeda\/#primaryimage"},"image":{"@id":"https:\/\/fuentesfidedignas.com.mx\/index.php\/2022\/09\/22\/adan-augusto-lopez-es-quien-puede-consolidar-el-proyecto-de-la-4t-afirma-cuen-ojeda\/#primaryimage"},"thumbnailUrl":"https:\/\/fuentesfidedignas.com.mx\/wp-content\/uploads\/2022\/09\/cuenadan.jpg","datePublished":"2022-09-22T21:15:30+00:00","dateModified":"2022-09-22T21:16:09+00:00","breadcrumb":{"@id":"https:\/\/fuentesfidedignas.com.mx\/index.php\/2022\/09\/22\/adan-augusto-lopez-es-quien-puede-consolidar-el-proyecto-de-la-4t-afirma-cuen-ojeda\/#breadcrumb"},"inLanguage":"es","potentialAction":[{"@type":"ReadAction","target":["https:\/\/fuentesfidedignas.com.mx\/index.php\/2022\/09\/22\/adan-augusto-lopez-es-quien-puede-consolidar-el-proyecto-de-la-4t-afirma-cuen-ojeda\/"]}]},{"@type":"ImageObject","inLanguage":"es","@id":"https:\/\/fuentesfidedignas.com.mx\/index.php\/2022\/09\/22\/adan-augusto-lopez-es-quien-puede-consolidar-el-proyecto-de-la-4t-afirma-cuen-ojeda\/#primaryimage","url":"https:\/\/fuentesfidedignas.com.mx\/wp-content\/uploads\/2022\/09\/cuenadan.jpg","contentUrl":"https:\/\/fuentesfidedignas.com.mx\/wp-content\/uploads\/2022\/09\/cuenadan.jpg","width":689,"height":485},{"@type":"BreadcrumbList","@id":"https:\/\/fuentesfidedignas.com.mx\/index.php\/2022\/09\/22\/adan-augusto-lopez-es-quien-puede-consolidar-el-proyecto-de-la-4t-afirma-cuen-ojeda\/#breadcrumb","itemListElement":[{"@type":"ListItem","position":1,"name":"Inicio","item":"https:\/\/fuentesfidedignas.com.mx\/"},{"@type":"ListItem","position":2,"name":"Ad\u00e1n Augusto L\u00f3pez es quien puede consolidar el proyecto de la 4T, afirma Cu\u00e9n Ojeda"}]},{"@type":"WebSite","@id":"https:\/\/fuentesfidedignas.com.mx\/#website","url":"https:\/\/fuentesfidedignas.com.mx\/","name":"Fuentes Fidedignas","description":"Otro sitio realizado con WordPress","publisher":{"@id":"https:\/\/fuentesfidedignas.com.mx\/#organization"},"potentialAction":[{"@type":"SearchAction","target":{"@type":"EntryPoint","urlTemplate":"https:\/\/fuentesfidedignas.com.mx\/?s={search_term_string}"},"query-input":{"@type":"PropertyValueSpecification","valueRequired":true,"valueName":"search_term_string"}}],"inLanguage":"es"},{"@type":"Organization","@id":"https:\/\/fuentesfidedignas.com.mx\/#organization","name":"Fuentes Fidedignas","url":"https:\/\/fuentesfidedignas.com.mx\/","logo":{"@type":"ImageObject","inLanguage":"es","@id":"https:\/\/fuentesfidedignas.com.mx\/#\/schema\/logo\/image\/","url":"https:\/\/fuentesfidedignas.com.mx\/wp-content\/uploads\/2021\/04\/logo-retina.png","contentUrl":"https:\/\/fuentesfidedignas.com.mx\/wp-content\/uploads\/2021\/04\/logo-retina.png","width":280,"height":51,"caption":"Fuentes Fidedignas"},"image":{"@id":"https:\/\/fuentesfidedignas.com.mx\/#\/schema\/logo\/image\/"},"sameAs":["https:\/\/www.facebook.com\/Fuentes-Fidedignas-368234489921644","https:\/\/x.com\/fidedignas"]},{"@type":"Person","@id":"https:\/\/fuentesfidedignas.com.mx\/#\/schema\/person\/331be9283d37198e2acd5750279085b0","name":"Redacci\u00f3n","image":{"@type":"ImageObject","inLanguage":"es","@id":"https:\/\/secure.gravatar.com\/avatar\/f6d8782c11d12b2d4ad3fbb6931aeab5309937a4d6cd2fc9cfaa28a6396a5aec?s=96&d=mm&r=g","url":"https:\/\/secure.gravatar.com\/avatar\/f6d8782c11d12b2d4ad3fbb6931aeab5309937a4d6cd2fc9cfaa28a6396a5aec?s=96&d=mm&r=g","contentUrl":"https:\/\/secure.gravatar.com\/avatar\/f6d8782c11d12b2d4ad3fbb6931aeab5309937a4d6cd2fc9cfaa28a6396a5aec?s=96&d=mm&r=g","caption":"Redacci\u00f3n"},"url":"https:\/\/fuentesfidedignas.com.mx\/index.php\/author\/redaccion\/"}]}},"_links":{"self":[{"href":"https:\/\/fuentesfidedignas.com.mx\/index.php\/wp-json\/wp\/v2\/posts\/43012","targetHints":{"allow":["GET"]}}],"collection":[{"href":"https:\/\/fuentesfidedignas.com.mx\/index.php\/wp-json\/wp\/v2\/posts"}],"about":[{"href":"https:\/\/fuentesfidedignas.com.mx\/index.php\/wp-json\/wp\/v2\/types\/post"}],"author":[{"embeddable":true,"href":"https:\/\/fuentesfidedignas.com.mx\/index.php\/wp-json\/wp\/v2\/users\/4"}],"replies":[{"embeddable":true,"href":"https:\/\/fuentesfidedignas.com.mx\/index.php\/wp-json\/wp\/v2\/comments?post=43012"}],"version-history":[{"count":2,"href":"https:\/\/fuentesfidedignas.com.mx\/index.php\/wp-json\/wp\/v2\/posts\/43012\/revisions"}],"predecessor-version":[{"id":43015,"href":"https:\/\/fuentesfidedignas.com.mx\/index.php\/wp-json\/wp\/v2\/posts\/43012\/revisions\/43015"}],"wp:featuredmedia":[{"embeddable":true,"href":"https:\/\/fuentesfidedignas.com.mx\/index.php\/wp-json\/wp\/v2\/media\/43013"}],"wp:attachment":[{"href":"https:\/\/fuentesfidedignas.com.mx\/index.php\/wp-json\/wp\/v2\/media?parent=43012"}],"wp:term":[{"taxonomy":"category","embeddable":true,"href":"https:\/\/fuentesfidedignas.com.mx\/index.php\/wp-json\/wp\/v2\/categories?post=43012"},{"taxonomy":"post_tag","embeddable":true,"href":"https:\/\/fuentesfidedignas.com.mx\/index.php\/wp-json\/wp\/v2\/tags?post=43012"}],"curies":[{"name":"wp","href":"https:\/\/api.w.org\/{rel}","templated":true}]}}