{"id":43001,"date":"2022-09-22T14:19:24","date_gmt":"2022-09-22T20:19:24","guid":{"rendered":"https:\/\/fuentesfidedignas.com.mx\/?p=43001"},"modified":"2022-09-22T15:17:26","modified_gmt":"2022-09-22T21:17:26","slug":"sostiene-cuen-ojeda-encuentro-con-ejecutivos-de-ventas-y-mercadotecnia","status":"publish","type":"post","link":"https:\/\/fuentesfidedignas.com.mx\/index.php\/2022\/09\/22\/sostiene-cuen-ojeda-encuentro-con-ejecutivos-de-ventas-y-mercadotecnia\/","title":{"rendered":"Sostiene Cu\u00e9n Ojeda encuentro con ejecutivos de ventas y mercadotecnia"},"content":{"rendered":"\n<p><em><strong>Comparti\u00f3 el panorama econ\u00f3mico que atraviesa M\u00e9xico y las oportunidades y expectativas de crecimiento que pudiera tener el pa\u00eds y en particular el estado de Sinaloa.<\/strong><\/em><\/p>\n\n\n\n<p><em>Salvador Alvarado, Sin.-<\/em> Con la experiencia de m\u00e1s de 30 a\u00f1os como empresario y el crecimiento sostenido de sus proyectos empresariales, el l\u00edder pol\u00edtico del Partido Sinaloense, <strong>H\u00e9ctor Melesio Cu\u00e9n Ojeda<\/strong>, comparti\u00f3 con los integrantes del organismo de ejecutivos de ventas y mercadotecnia de <strong>Salvador Alvarado<\/strong>, sus experiencias como empresario y el panorama econ\u00f3mico que observa a nivel nacional, donde resalt\u00f3 la necesidad de que el pa\u00eds y el estado de<strong> Sinaloa<\/strong> generen una pol\u00edtica econ\u00f3mica que detone el crecimiento econ\u00f3mico que se ha estancado.<\/p>\n\n\n\n<p>Cu\u00e9n Ojeda <strong>manifest\u00f3 que las expectativas de crecimiento econ\u00f3mico del pa\u00eds<\/strong> <strong>no son nada halagadoras a pesar de los esfuerzo que se han hecho desde el gobierno federal,<\/strong> sin embargo esto pudiera mejorar si se impulsa la inversi\u00f3n privada y contin\u00faa el proceso de sanear el ejercicio p\u00fablico, combatiendo la corrupci\u00f3n y vigilando el ejercicio adecuado de lo recursos p\u00fablicos, ya que ah\u00ed radica en gran medida las carencias que hay en el pa\u00eds, las malas pr\u00e1cticas de saqueo de las finanzas p\u00fablicas que durante a\u00f1os han provocado que el pa\u00eds este sumergido en una grave crisis, que hoy est\u00e1 causando estragos.<\/p>\n\n\n\n<p>En el caso de Sinaloa, Cu\u00e9n Ojeda sostuvo que<strong> el estado tiene todas las condiciones que se necesitan para destacar del resto de las entidades pero no se ha logrado impulsar el crecimiento econ\u00f3mico<\/strong>. <\/p>\n\n\n\n<p>&#8220;<em>La \u00fanica forma de que el pa\u00eds crezca, que Sinaloa crezca, es impulsando la inversi\u00f3n y es la inversi\u00f3n privada la que representa m\u00e1s del 90 por ciento, ah\u00ed est\u00e1 la clave, en promover la inversi\u00f3n, pero para esto se necesita que el gobierno de certidumbre a los inversionistas para que se animen a invertir, Sinaloa es un estado que cuenta con una amplia variedad de actividades productivas, sin embargo no se les ha dado el valor agregado que necesitan a trav\u00e9s de la industrializaci\u00f3n, somos potencia en producci\u00f3n primaria y en servicios, pero nos falta dar ese paso<\/em>&#8220;.<\/p>\n\n\n\n<figure class=\"wp-block-image size-large\"><img decoding=\"async\" width=\"1024\" height=\"552\" src=\"https:\/\/fuentesfidedignas.com.mx\/wp-content\/uploads\/2022\/09\/cuen1-1024x552.jpg\" alt=\"\" class=\"wp-image-43002\" srcset=\"https:\/\/fuentesfidedignas.com.mx\/wp-content\/uploads\/2022\/09\/cuen1-1024x552.jpg 1024w, https:\/\/fuentesfidedignas.com.mx\/wp-content\/uploads\/2022\/09\/cuen1-300x162.jpg 300w, https:\/\/fuentesfidedignas.com.mx\/wp-content\/uploads\/2022\/09\/cuen1-768x414.jpg 768w, https:\/\/fuentesfidedignas.com.mx\/wp-content\/uploads\/2022\/09\/cuen1-1536x828.jpg 1536w, https:\/\/fuentesfidedignas.com.mx\/wp-content\/uploads\/2022\/09\/cuen1-696x375.jpg 696w, https:\/\/fuentesfidedignas.com.mx\/wp-content\/uploads\/2022\/09\/cuen1-1068x575.jpg 1068w, https:\/\/fuentesfidedignas.com.mx\/wp-content\/uploads\/2022\/09\/cuen1-780x420.jpg 780w, https:\/\/fuentesfidedignas.com.mx\/wp-content\/uploads\/2022\/09\/cuen1.jpg 1600w\" sizes=\"(max-width: 1024px) 100vw, 1024px\" \/><\/figure>\n\n\n\n<p>Durante la reuni\u00f3n, el <strong>l\u00edder pol\u00edtico del Partido Sinaloense<\/strong>, como profesional de la salud, tambi\u00e9n aprovech\u00f3 para exponer c\u00f3mo ha sido el desarrollo de la pandemia y los efectos que ha causado en la poblaci\u00f3n, d\u00f3nde aprovechando su experiencia acad\u00e9mica y profesional en el tema de salud, acerc\u00f3 informaci\u00f3n veraz y oportuna a la sociedad sinaloense que atraves\u00f3 una etapa de incertidumbre y a trav\u00e9s de v\u00eddeo conferencias y transmisiones digitales, orient\u00f3 y ayud\u00f3 a comprender cu\u00e1l era la mejor forma de prevenir y transitar hacia una disminuci\u00f3n de los contagios y un control m\u00e1s adecuado de la pandemia.<\/p>\n","protected":false},"excerpt":{"rendered":"<p>Comparti\u00f3 el panorama econ\u00f3mico que atraviesa M\u00e9xico y las oportunidades y expectativas de crecimiento que pudiera tener el pa\u00eds y en particular el estado de Sinaloa. Salvador Alvarado, Sin.- Con la experiencia de m\u00e1s de 30 a\u00f1os como empresario y el crecimiento sostenido de sus proyectos empresariales, el l\u00edder pol\u00edtico del Partido Sinaloense, H\u00e9ctor Melesio [&hellip;]<\/p>\n","protected":false},"author":4,"featured_media":43003,"comment_status":"open","ping_status":"open","sticky":false,"template":"","format":"standard","meta":{"tdm_status":"","tdm_grid_status":"","footnotes":""},"categories":[38],"tags":[1365],"class_list":{"0":"post-43001","1":"post","2":"type-post","3":"status-publish","4":"format-standard","5":"has-post-thumbnail","7":"category-noticias-locales","8":"tag-partido-sinaloense"},"yoast_head":"<!-- This site is optimized with the Yoast SEO plugin v27.5 - https:\/\/yoast.com\/product\/yoast-seo-wordpress\/ -->\n<title>Sostiene Cu\u00e9n Ojeda encuentro con ejecutivos de ventas y mercadotecnia - Fuentes Fidedignas<\/title>\n<meta name=\"robots\" content=\"index, follow, max-snippet:-1, max-image-preview:large, max-video-preview:-1\" \/>\n<link rel=\"canonical\" href=\"https:\/\/fuentesfidedignas.com.mx\/index.php\/2022\/09\/22\/sostiene-cuen-ojeda-encuentro-con-ejecutivos-de-ventas-y-mercadotecnia\/\" \/>\n<meta property=\"og:locale\" content=\"es_MX\" \/>\n<meta property=\"og:type\" content=\"article\" \/>\n<meta property=\"og:title\" content=\"Sostiene Cu\u00e9n Ojeda encuentro con ejecutivos de ventas y mercadotecnia - Fuentes Fidedignas\" \/>\n<meta property=\"og:description\" content=\"Comparti\u00f3 el panorama econ\u00f3mico que atraviesa M\u00e9xico y las oportunidades y expectativas de crecimiento que pudiera tener el pa\u00eds y en particular el estado de Sinaloa. Salvador Alvarado, Sin.- Con la experiencia de m\u00e1s de 30 a\u00f1os como empresario y el crecimiento sostenido de sus proyectos empresariales, el l\u00edder pol\u00edtico del Partido Sinaloense, H\u00e9ctor Melesio [&hellip;]\" \/>\n<meta property=\"og:url\" content=\"https:\/\/fuentesfidedignas.com.mx\/index.php\/2022\/09\/22\/sostiene-cuen-ojeda-encuentro-con-ejecutivos-de-ventas-y-mercadotecnia\/\" \/>\n<meta property=\"og:site_name\" content=\"Fuentes Fidedignas\" \/>\n<meta property=\"article:publisher\" content=\"https:\/\/www.facebook.com\/Fuentes-Fidedignas-368234489921644\" \/>\n<meta property=\"article:published_time\" content=\"2022-09-22T20:19:24+00:00\" \/>\n<meta property=\"article:modified_time\" content=\"2022-09-22T21:17:26+00:00\" \/>\n<meta property=\"og:image\" content=\"https:\/\/fuentesfidedignas.com.mx\/wp-content\/uploads\/2022\/09\/cuen2.jpg\" \/>\n\t<meta property=\"og:image:width\" content=\"1600\" \/>\n\t<meta property=\"og:image:height\" content=\"1200\" \/>\n\t<meta property=\"og:image:type\" content=\"image\/jpeg\" \/>\n<meta name=\"author\" content=\"Redacci\u00f3n\" \/>\n<meta name=\"twitter:card\" content=\"summary_large_image\" \/>\n<meta name=\"twitter:creator\" content=\"@fidedignas\" \/>\n<meta name=\"twitter:site\" content=\"@fidedignas\" \/>\n<meta name=\"twitter:label1\" content=\"Escrito por\" \/>\n\t<meta name=\"twitter:data1\" content=\"Redacci\u00f3n\" \/>\n\t<meta name=\"twitter:label2\" content=\"Tiempo de lectura\" \/>\n\t<meta name=\"twitter:data2\" content=\"3 minutos\" \/>\n<script type=\"application\/ld+json\" class=\"yoast-schema-graph\">{\"@context\":\"https:\\\/\\\/schema.org\",\"@graph\":[{\"@type\":\"Article\",\"@id\":\"https:\\\/\\\/fuentesfidedignas.com.mx\\\/index.php\\\/2022\\\/09\\\/22\\\/sostiene-cuen-ojeda-encuentro-con-ejecutivos-de-ventas-y-mercadotecnia\\\/#article\",\"isPartOf\":{\"@id\":\"https:\\\/\\\/fuentesfidedignas.com.mx\\\/index.php\\\/2022\\\/09\\\/22\\\/sostiene-cuen-ojeda-encuentro-con-ejecutivos-de-ventas-y-mercadotecnia\\\/\"},\"author\":{\"name\":\"Redacci\u00f3n\",\"@id\":\"https:\\\/\\\/fuentesfidedignas.com.mx\\\/#\\\/schema\\\/person\\\/331be9283d37198e2acd5750279085b0\"},\"headline\":\"Sostiene Cu\u00e9n Ojeda encuentro con ejecutivos de ventas y mercadotecnia\",\"datePublished\":\"2022-09-22T20:19:24+00:00\",\"dateModified\":\"2022-09-22T21:17:26+00:00\",\"mainEntityOfPage\":{\"@id\":\"https:\\\/\\\/fuentesfidedignas.com.mx\\\/index.php\\\/2022\\\/09\\\/22\\\/sostiene-cuen-ojeda-encuentro-con-ejecutivos-de-ventas-y-mercadotecnia\\\/\"},\"wordCount\":506,\"commentCount\":0,\"publisher\":{\"@id\":\"https:\\\/\\\/fuentesfidedignas.com.mx\\\/#organization\"},\"image\":{\"@id\":\"https:\\\/\\\/fuentesfidedignas.com.mx\\\/index.php\\\/2022\\\/09\\\/22\\\/sostiene-cuen-ojeda-encuentro-con-ejecutivos-de-ventas-y-mercadotecnia\\\/#primaryimage\"},\"thumbnailUrl\":\"https:\\\/\\\/fuentesfidedignas.com.mx\\\/wp-content\\\/uploads\\\/2022\\\/09\\\/cuen2.jpg\",\"keywords\":[\"Partido Sinaloense\"],\"articleSection\":[\"NOTICIAS LOCALES\"],\"inLanguage\":\"es\",\"potentialAction\":[{\"@type\":\"CommentAction\",\"name\":\"Comment\",\"target\":[\"https:\\\/\\\/fuentesfidedignas.com.mx\\\/index.php\\\/2022\\\/09\\\/22\\\/sostiene-cuen-ojeda-encuentro-con-ejecutivos-de-ventas-y-mercadotecnia\\\/#respond\"]}]},{\"@type\":\"WebPage\",\"@id\":\"https:\\\/\\\/fuentesfidedignas.com.mx\\\/index.php\\\/2022\\\/09\\\/22\\\/sostiene-cuen-ojeda-encuentro-con-ejecutivos-de-ventas-y-mercadotecnia\\\/\",\"url\":\"https:\\\/\\\/fuentesfidedignas.com.mx\\\/index.php\\\/2022\\\/09\\\/22\\\/sostiene-cuen-ojeda-encuentro-con-ejecutivos-de-ventas-y-mercadotecnia\\\/\",\"name\":\"Sostiene Cu\u00e9n Ojeda encuentro con ejecutivos de ventas y mercadotecnia - Fuentes Fidedignas\",\"isPartOf\":{\"@id\":\"https:\\\/\\\/fuentesfidedignas.com.mx\\\/#website\"},\"primaryImageOfPage\":{\"@id\":\"https:\\\/\\\/fuentesfidedignas.com.mx\\\/index.php\\\/2022\\\/09\\\/22\\\/sostiene-cuen-ojeda-encuentro-con-ejecutivos-de-ventas-y-mercadotecnia\\\/#primaryimage\"},\"image\":{\"@id\":\"https:\\\/\\\/fuentesfidedignas.com.mx\\\/index.php\\\/2022\\\/09\\\/22\\\/sostiene-cuen-ojeda-encuentro-con-ejecutivos-de-ventas-y-mercadotecnia\\\/#primaryimage\"},\"thumbnailUrl\":\"https:\\\/\\\/fuentesfidedignas.com.mx\\\/wp-content\\\/uploads\\\/2022\\\/09\\\/cuen2.jpg\",\"datePublished\":\"2022-09-22T20:19:24+00:00\",\"dateModified\":\"2022-09-22T21:17:26+00:00\",\"breadcrumb\":{\"@id\":\"https:\\\/\\\/fuentesfidedignas.com.mx\\\/index.php\\\/2022\\\/09\\\/22\\\/sostiene-cuen-ojeda-encuentro-con-ejecutivos-de-ventas-y-mercadotecnia\\\/#breadcrumb\"},\"inLanguage\":\"es\",\"potentialAction\":[{\"@type\":\"ReadAction\",\"target\":[\"https:\\\/\\\/fuentesfidedignas.com.mx\\\/index.php\\\/2022\\\/09\\\/22\\\/sostiene-cuen-ojeda-encuentro-con-ejecutivos-de-ventas-y-mercadotecnia\\\/\"]}]},{\"@type\":\"ImageObject\",\"inLanguage\":\"es\",\"@id\":\"https:\\\/\\\/fuentesfidedignas.com.mx\\\/index.php\\\/2022\\\/09\\\/22\\\/sostiene-cuen-ojeda-encuentro-con-ejecutivos-de-ventas-y-mercadotecnia\\\/#primaryimage\",\"url\":\"https:\\\/\\\/fuentesfidedignas.com.mx\\\/wp-content\\\/uploads\\\/2022\\\/09\\\/cuen2.jpg\",\"contentUrl\":\"https:\\\/\\\/fuentesfidedignas.com.mx\\\/wp-content\\\/uploads\\\/2022\\\/09\\\/cuen2.jpg\",\"width\":1600,\"height\":1200},{\"@type\":\"BreadcrumbList\",\"@id\":\"https:\\\/\\\/fuentesfidedignas.com.mx\\\/index.php\\\/2022\\\/09\\\/22\\\/sostiene-cuen-ojeda-encuentro-con-ejecutivos-de-ventas-y-mercadotecnia\\\/#breadcrumb\",\"itemListElement\":[{\"@type\":\"ListItem\",\"position\":1,\"name\":\"Inicio\",\"item\":\"https:\\\/\\\/fuentesfidedignas.com.mx\\\/\"},{\"@type\":\"ListItem\",\"position\":2,\"name\":\"Sostiene Cu\u00e9n Ojeda encuentro con ejecutivos de ventas y mercadotecnia\"}]},{\"@type\":\"WebSite\",\"@id\":\"https:\\\/\\\/fuentesfidedignas.com.mx\\\/#website\",\"url\":\"https:\\\/\\\/fuentesfidedignas.com.mx\\\/\",\"name\":\"Fuentes Fidedignas\",\"description\":\"Otro sitio realizado con WordPress\",\"publisher\":{\"@id\":\"https:\\\/\\\/fuentesfidedignas.com.mx\\\/#organization\"},\"potentialAction\":[{\"@type\":\"SearchAction\",\"target\":{\"@type\":\"EntryPoint\",\"urlTemplate\":\"https:\\\/\\\/fuentesfidedignas.com.mx\\\/?s={search_term_string}\"},\"query-input\":{\"@type\":\"PropertyValueSpecification\",\"valueRequired\":true,\"valueName\":\"search_term_string\"}}],\"inLanguage\":\"es\"},{\"@type\":\"Organization\",\"@id\":\"https:\\\/\\\/fuentesfidedignas.com.mx\\\/#organization\",\"name\":\"Fuentes Fidedignas\",\"url\":\"https:\\\/\\\/fuentesfidedignas.com.mx\\\/\",\"logo\":{\"@type\":\"ImageObject\",\"inLanguage\":\"es\",\"@id\":\"https:\\\/\\\/fuentesfidedignas.com.mx\\\/#\\\/schema\\\/logo\\\/image\\\/\",\"url\":\"https:\\\/\\\/fuentesfidedignas.com.mx\\\/wp-content\\\/uploads\\\/2021\\\/04\\\/logo-retina.png\",\"contentUrl\":\"https:\\\/\\\/fuentesfidedignas.com.mx\\\/wp-content\\\/uploads\\\/2021\\\/04\\\/logo-retina.png\",\"width\":280,\"height\":51,\"caption\":\"Fuentes Fidedignas\"},\"image\":{\"@id\":\"https:\\\/\\\/fuentesfidedignas.com.mx\\\/#\\\/schema\\\/logo\\\/image\\\/\"},\"sameAs\":[\"https:\\\/\\\/www.facebook.com\\\/Fuentes-Fidedignas-368234489921644\",\"https:\\\/\\\/x.com\\\/fidedignas\"]},{\"@type\":\"Person\",\"@id\":\"https:\\\/\\\/fuentesfidedignas.com.mx\\\/#\\\/schema\\\/person\\\/331be9283d37198e2acd5750279085b0\",\"name\":\"Redacci\u00f3n\",\"image\":{\"@type\":\"ImageObject\",\"inLanguage\":\"es\",\"@id\":\"https:\\\/\\\/secure.gravatar.com\\\/avatar\\\/f6d8782c11d12b2d4ad3fbb6931aeab5309937a4d6cd2fc9cfaa28a6396a5aec?s=96&d=mm&r=g\",\"url\":\"https:\\\/\\\/secure.gravatar.com\\\/avatar\\\/f6d8782c11d12b2d4ad3fbb6931aeab5309937a4d6cd2fc9cfaa28a6396a5aec?s=96&d=mm&r=g\",\"contentUrl\":\"https:\\\/\\\/secure.gravatar.com\\\/avatar\\\/f6d8782c11d12b2d4ad3fbb6931aeab5309937a4d6cd2fc9cfaa28a6396a5aec?s=96&d=mm&r=g\",\"caption\":\"Redacci\u00f3n\"},\"url\":\"https:\\\/\\\/fuentesfidedignas.com.mx\\\/index.php\\\/author\\\/redaccion\\\/\"}]}<\/script>\n<!-- \/ Yoast SEO plugin. -->","yoast_head_json":{"title":"Sostiene Cu\u00e9n Ojeda encuentro con ejecutivos de ventas y mercadotecnia - Fuentes Fidedignas","robots":{"index":"index","follow":"follow","max-snippet":"max-snippet:-1","max-image-preview":"max-image-preview:large","max-video-preview":"max-video-preview:-1"},"canonical":"https:\/\/fuentesfidedignas.com.mx\/index.php\/2022\/09\/22\/sostiene-cuen-ojeda-encuentro-con-ejecutivos-de-ventas-y-mercadotecnia\/","og_locale":"es_MX","og_type":"article","og_title":"Sostiene Cu\u00e9n Ojeda encuentro con ejecutivos de ventas y mercadotecnia - Fuentes Fidedignas","og_description":"Comparti\u00f3 el panorama econ\u00f3mico que atraviesa M\u00e9xico y las oportunidades y expectativas de crecimiento que pudiera tener el pa\u00eds y en particular el estado de Sinaloa. Salvador Alvarado, Sin.- Con la experiencia de m\u00e1s de 30 a\u00f1os como empresario y el crecimiento sostenido de sus proyectos empresariales, el l\u00edder pol\u00edtico del Partido Sinaloense, H\u00e9ctor Melesio [&hellip;]","og_url":"https:\/\/fuentesfidedignas.com.mx\/index.php\/2022\/09\/22\/sostiene-cuen-ojeda-encuentro-con-ejecutivos-de-ventas-y-mercadotecnia\/","og_site_name":"Fuentes Fidedignas","article_publisher":"https:\/\/www.facebook.com\/Fuentes-Fidedignas-368234489921644","article_published_time":"2022-09-22T20:19:24+00:00","article_modified_time":"2022-09-22T21:17:26+00:00","og_image":[{"width":1600,"height":1200,"url":"https:\/\/fuentesfidedignas.com.mx\/wp-content\/uploads\/2022\/09\/cuen2.jpg","type":"image\/jpeg"}],"author":"Redacci\u00f3n","twitter_card":"summary_large_image","twitter_creator":"@fidedignas","twitter_site":"@fidedignas","twitter_misc":{"Escrito por":"Redacci\u00f3n","Tiempo de lectura":"3 minutos"},"schema":{"@context":"https:\/\/schema.org","@graph":[{"@type":"Article","@id":"https:\/\/fuentesfidedignas.com.mx\/index.php\/2022\/09\/22\/sostiene-cuen-ojeda-encuentro-con-ejecutivos-de-ventas-y-mercadotecnia\/#article","isPartOf":{"@id":"https:\/\/fuentesfidedignas.com.mx\/index.php\/2022\/09\/22\/sostiene-cuen-ojeda-encuentro-con-ejecutivos-de-ventas-y-mercadotecnia\/"},"author":{"name":"Redacci\u00f3n","@id":"https:\/\/fuentesfidedignas.com.mx\/#\/schema\/person\/331be9283d37198e2acd5750279085b0"},"headline":"Sostiene Cu\u00e9n Ojeda encuentro con ejecutivos de ventas y mercadotecnia","datePublished":"2022-09-22T20:19:24+00:00","dateModified":"2022-09-22T21:17:26+00:00","mainEntityOfPage":{"@id":"https:\/\/fuentesfidedignas.com.mx\/index.php\/2022\/09\/22\/sostiene-cuen-ojeda-encuentro-con-ejecutivos-de-ventas-y-mercadotecnia\/"},"wordCount":506,"commentCount":0,"publisher":{"@id":"https:\/\/fuentesfidedignas.com.mx\/#organization"},"image":{"@id":"https:\/\/fuentesfidedignas.com.mx\/index.php\/2022\/09\/22\/sostiene-cuen-ojeda-encuentro-con-ejecutivos-de-ventas-y-mercadotecnia\/#primaryimage"},"thumbnailUrl":"https:\/\/fuentesfidedignas.com.mx\/wp-content\/uploads\/2022\/09\/cuen2.jpg","keywords":["Partido Sinaloense"],"articleSection":["NOTICIAS LOCALES"],"inLanguage":"es","potentialAction":[{"@type":"CommentAction","name":"Comment","target":["https:\/\/fuentesfidedignas.com.mx\/index.php\/2022\/09\/22\/sostiene-cuen-ojeda-encuentro-con-ejecutivos-de-ventas-y-mercadotecnia\/#respond"]}]},{"@type":"WebPage","@id":"https:\/\/fuentesfidedignas.com.mx\/index.php\/2022\/09\/22\/sostiene-cuen-ojeda-encuentro-con-ejecutivos-de-ventas-y-mercadotecnia\/","url":"https:\/\/fuentesfidedignas.com.mx\/index.php\/2022\/09\/22\/sostiene-cuen-ojeda-encuentro-con-ejecutivos-de-ventas-y-mercadotecnia\/","name":"Sostiene Cu\u00e9n Ojeda encuentro con ejecutivos de ventas y mercadotecnia - Fuentes Fidedignas","isPartOf":{"@id":"https:\/\/fuentesfidedignas.com.mx\/#website"},"primaryImageOfPage":{"@id":"https:\/\/fuentesfidedignas.com.mx\/index.php\/2022\/09\/22\/sostiene-cuen-ojeda-encuentro-con-ejecutivos-de-ventas-y-mercadotecnia\/#primaryimage"},"image":{"@id":"https:\/\/fuentesfidedignas.com.mx\/index.php\/2022\/09\/22\/sostiene-cuen-ojeda-encuentro-con-ejecutivos-de-ventas-y-mercadotecnia\/#primaryimage"},"thumbnailUrl":"https:\/\/fuentesfidedignas.com.mx\/wp-content\/uploads\/2022\/09\/cuen2.jpg","datePublished":"2022-09-22T20:19:24+00:00","dateModified":"2022-09-22T21:17:26+00:00","breadcrumb":{"@id":"https:\/\/fuentesfidedignas.com.mx\/index.php\/2022\/09\/22\/sostiene-cuen-ojeda-encuentro-con-ejecutivos-de-ventas-y-mercadotecnia\/#breadcrumb"},"inLanguage":"es","potentialAction":[{"@type":"ReadAction","target":["https:\/\/fuentesfidedignas.com.mx\/index.php\/2022\/09\/22\/sostiene-cuen-ojeda-encuentro-con-ejecutivos-de-ventas-y-mercadotecnia\/"]}]},{"@type":"ImageObject","inLanguage":"es","@id":"https:\/\/fuentesfidedignas.com.mx\/index.php\/2022\/09\/22\/sostiene-cuen-ojeda-encuentro-con-ejecutivos-de-ventas-y-mercadotecnia\/#primaryimage","url":"https:\/\/fuentesfidedignas.com.mx\/wp-content\/uploads\/2022\/09\/cuen2.jpg","contentUrl":"https:\/\/fuentesfidedignas.com.mx\/wp-content\/uploads\/2022\/09\/cuen2.jpg","width":1600,"height":1200},{"@type":"BreadcrumbList","@id":"https:\/\/fuentesfidedignas.com.mx\/index.php\/2022\/09\/22\/sostiene-cuen-ojeda-encuentro-con-ejecutivos-de-ventas-y-mercadotecnia\/#breadcrumb","itemListElement":[{"@type":"ListItem","position":1,"name":"Inicio","item":"https:\/\/fuentesfidedignas.com.mx\/"},{"@type":"ListItem","position":2,"name":"Sostiene Cu\u00e9n Ojeda encuentro con ejecutivos de ventas y mercadotecnia"}]},{"@type":"WebSite","@id":"https:\/\/fuentesfidedignas.com.mx\/#website","url":"https:\/\/fuentesfidedignas.com.mx\/","name":"Fuentes Fidedignas","description":"Otro sitio realizado con WordPress","publisher":{"@id":"https:\/\/fuentesfidedignas.com.mx\/#organization"},"potentialAction":[{"@type":"SearchAction","target":{"@type":"EntryPoint","urlTemplate":"https:\/\/fuentesfidedignas.com.mx\/?s={search_term_string}"},"query-input":{"@type":"PropertyValueSpecification","valueRequired":true,"valueName":"search_term_string"}}],"inLanguage":"es"},{"@type":"Organization","@id":"https:\/\/fuentesfidedignas.com.mx\/#organization","name":"Fuentes Fidedignas","url":"https:\/\/fuentesfidedignas.com.mx\/","logo":{"@type":"ImageObject","inLanguage":"es","@id":"https:\/\/fuentesfidedignas.com.mx\/#\/schema\/logo\/image\/","url":"https:\/\/fuentesfidedignas.com.mx\/wp-content\/uploads\/2021\/04\/logo-retina.png","contentUrl":"https:\/\/fuentesfidedignas.com.mx\/wp-content\/uploads\/2021\/04\/logo-retina.png","width":280,"height":51,"caption":"Fuentes Fidedignas"},"image":{"@id":"https:\/\/fuentesfidedignas.com.mx\/#\/schema\/logo\/image\/"},"sameAs":["https:\/\/www.facebook.com\/Fuentes-Fidedignas-368234489921644","https:\/\/x.com\/fidedignas"]},{"@type":"Person","@id":"https:\/\/fuentesfidedignas.com.mx\/#\/schema\/person\/331be9283d37198e2acd5750279085b0","name":"Redacci\u00f3n","image":{"@type":"ImageObject","inLanguage":"es","@id":"https:\/\/secure.gravatar.com\/avatar\/f6d8782c11d12b2d4ad3fbb6931aeab5309937a4d6cd2fc9cfaa28a6396a5aec?s=96&d=mm&r=g","url":"https:\/\/secure.gravatar.com\/avatar\/f6d8782c11d12b2d4ad3fbb6931aeab5309937a4d6cd2fc9cfaa28a6396a5aec?s=96&d=mm&r=g","contentUrl":"https:\/\/secure.gravatar.com\/avatar\/f6d8782c11d12b2d4ad3fbb6931aeab5309937a4d6cd2fc9cfaa28a6396a5aec?s=96&d=mm&r=g","caption":"Redacci\u00f3n"},"url":"https:\/\/fuentesfidedignas.com.mx\/index.php\/author\/redaccion\/"}]}},"_links":{"self":[{"href":"https:\/\/fuentesfidedignas.com.mx\/index.php\/wp-json\/wp\/v2\/posts\/43001","targetHints":{"allow":["GET"]}}],"collection":[{"href":"https:\/\/fuentesfidedignas.com.mx\/index.php\/wp-json\/wp\/v2\/posts"}],"about":[{"href":"https:\/\/fuentesfidedignas.com.mx\/index.php\/wp-json\/wp\/v2\/types\/post"}],"author":[{"embeddable":true,"href":"https:\/\/fuentesfidedignas.com.mx\/index.php\/wp-json\/wp\/v2\/users\/4"}],"replies":[{"embeddable":true,"href":"https:\/\/fuentesfidedignas.com.mx\/index.php\/wp-json\/wp\/v2\/comments?post=43001"}],"version-history":[{"count":1,"href":"https:\/\/fuentesfidedignas.com.mx\/index.php\/wp-json\/wp\/v2\/posts\/43001\/revisions"}],"predecessor-version":[{"id":43004,"href":"https:\/\/fuentesfidedignas.com.mx\/index.php\/wp-json\/wp\/v2\/posts\/43001\/revisions\/43004"}],"wp:featuredmedia":[{"embeddable":true,"href":"https:\/\/fuentesfidedignas.com.mx\/index.php\/wp-json\/wp\/v2\/media\/43003"}],"wp:attachment":[{"href":"https:\/\/fuentesfidedignas.com.mx\/index.php\/wp-json\/wp\/v2\/media?parent=43001"}],"wp:term":[{"taxonomy":"category","embeddable":true,"href":"https:\/\/fuentesfidedignas.com.mx\/index.php\/wp-json\/wp\/v2\/categories?post=43001"},{"taxonomy":"post_tag","embeddable":true,"href":"https:\/\/fuentesfidedignas.com.mx\/index.php\/wp-json\/wp\/v2\/tags?post=43001"}],"curies":[{"name":"wp","href":"https:\/\/api.w.org\/{rel}","templated":true}]}}