{"id":42970,"date":"2022-09-22T00:36:00","date_gmt":"2022-09-22T06:36:00","guid":{"rendered":"https:\/\/fuentesfidedignas.com.mx\/?p=42970"},"modified":"2022-09-21T18:45:59","modified_gmt":"2022-09-22T00:45:59","slug":"yo-no-queria-que-vinieran-nino-se-sincera-con-invitados-a-su-fiesta-de-cumpleanos","status":"publish","type":"post","link":"https:\/\/fuentesfidedignas.com.mx\/index.php\/2022\/09\/22\/yo-no-queria-que-vinieran-nino-se-sincera-con-invitados-a-su-fiesta-de-cumpleanos\/","title":{"rendered":"&#8216;Yo no quer\u00eda que vinieran&#8217;, ni\u00f1o se sincera con invitados a su fiesta de cumplea\u00f1os"},"content":{"rendered":"\n<p><strong><em>Camila, la madre del ni\u00f1o, comparti\u00f3 en TikTok el momento en que su hijo le dice a los invitados que no los quer\u00eda en su fiesta.<\/em><\/strong><\/p>\n\n\n\n<p>Bien dicen que los ni\u00f1os son sinceros por naturaleza y esto se comprob\u00f3 en la fiesta de un peque\u00f1o donde durante el show de un payaso, sorprendi\u00f3 a sus invitados dedic\u00e1ndoles unas palabras muy sinceras.<\/p>\n\n\n\n<p>El momento que nadie se esperaba fue captado en video y muestra un genuino sentir del ni\u00f1o al verse abrumado por tantos invitados a su fiesta.<\/p>\n\n\n\n<p>Y mientras hay ni\u00f1os sentados en la fila principal para observar el show, la mayor\u00eda de los invitados son adultos, invitados por los padres, reaccionaron con risas ante las palabras del ni\u00f1o que se festejaba ese d\u00eda.<\/p>\n\n\n\n<p>Camila, la madre del ni\u00f1o, comparti\u00f3 el momento en que su hijo le dice a los invitados que no los quer\u00eda en su fiesta.<\/p>\n\n\n\n<p>&#8220;Buenas noches, gracias por mi cumplea\u00f1os, venir, bueno, pero es muy feliz que todos est\u00e9n aqu\u00ed, yo no quer\u00eda que ustedes vengan, pero bueno es muy bueno que todos hayan venido\u201d, dijo el cumplea\u00f1ero.<\/p>\n\n\n\n<p>Aunque las palabras del menor fueron en desacuerdo de que todos estuvieran en su fiesta, los invitados no pudieron aguantar la risa y soltaron carcajadas mientras la madre y el padre del peque\u00f1o solo intentaron aguantarse la risa.<\/p>\n\n\n\n<p>El video tiene m\u00e1s de 600 mil reproducciones en la red social TikTok y en los cientos de comentarios elogiaron la forma sincera en que se expres\u00f3 el menor.<\/p>\n\n\n\n<p>\u201cComprobado los ni\u00f1os nunca mienten\u201d, \u201cDir\u00e9 lo mismo para mi cumplea\u00f1os, ojal\u00e1 nadie se ofenda porque tampoco me gusta q vengan jajaja\u201d, \u201cYo si quer\u00eda que no vengan muchos porque se agarraban la sorpresas de las pi\u00f1atas y yo lo quer\u00eda para m\u00ed nada m\u00e1s\u201d, \u201cla sinceridad ante todo, pero no se olvid\u00f3 de agradecer igual\u201d, fueron algunos de los cientos de comentarios debajo del video publicado mediante la red social TikTok.<\/p>\n\n\n\n<blockquote class=\"tiktok-embed\" cite=\"https:\/\/www.tiktok.com\/@amyrequejo4\/video\/7103021568925682950\" data-video-id=\"7103021568925682950\" style=\"max-width: 605px;min-width: 325px;\" > <section> <a target=\"_blank\" title=\"@amyrequejo4\" href=\"https:\/\/www.tiktok.com\/@amyrequejo4?refer=embed\" rel=\"noopener\">@amyrequejo4<\/a> palabras de bienvenida <a title=\"hijosymadres\" target=\"_blank\" href=\"https:\/\/www.tiktok.com\/tag\/hijosymadres?refer=embed\" rel=\"noopener\">#hijosymadres<\/a> <a title=\"humor\" target=\"_blank\" href=\"https:\/\/www.tiktok.com\/tag\/humor?refer=embed\" rel=\"noopener\">#humor<\/a> <a title=\"vidadepadres\" target=\"_blank\" href=\"https:\/\/www.tiktok.com\/tag\/vidadepadres?refer=embed\" rel=\"noopener\">#vidadepadres<\/a> <a title=\"anecdotas\" target=\"_blank\" href=\"https:\/\/www.tiktok.com\/tag\/anecdotas?refer=embed\" rel=\"noopener\">#anecdotas<\/a> <a target=\"_blank\" title=\"\u266c sonido original - Mo\u00f1os tematicos Camila\" href=\"https:\/\/www.tiktok.com\/music\/sonido-original-7103021536428247814?refer=embed\" rel=\"noopener\">\u266c sonido original &#8211; Mo\u00f1os tematicos Camila<\/a> <\/section> <\/blockquote> <script async src=\"https:\/\/www.tiktok.com\/embed.js\"><\/script>\n","protected":false},"excerpt":{"rendered":"<p>Camila, la madre del ni\u00f1o, comparti\u00f3 en TikTok el momento en que su hijo le dice a los invitados que no los quer\u00eda en su fiesta. Bien dicen que los ni\u00f1os son sinceros por naturaleza y esto se comprob\u00f3 en la fiesta de un peque\u00f1o donde durante el show de un payaso, sorprendi\u00f3 a sus [&hellip;]<\/p>\n","protected":false},"author":7,"featured_media":42971,"comment_status":"open","ping_status":"open","sticky":false,"template":"","format":"standard","meta":{"tdm_status":"","tdm_grid_status":"","footnotes":""},"categories":[40],"tags":[290,193],"class_list":{"0":"post-42970","1":"post","2":"type-post","3":"status-publish","4":"format-standard","5":"has-post-thumbnail","7":"category-las-asombrosas","8":"tag-asombrosa","9":"tag-viral"},"yoast_head":"<!-- This site is optimized with the Yoast SEO plugin v27.4 - https:\/\/yoast.com\/product\/yoast-seo-wordpress\/ -->\n<title>&#039;Yo no quer\u00eda que vinieran&#039;, ni\u00f1o se sincera con invitados a su fiesta de cumplea\u00f1os - Fuentes Fidedignas<\/title>\n<meta name=\"robots\" content=\"index, follow, max-snippet:-1, max-image-preview:large, max-video-preview:-1\" \/>\n<link rel=\"canonical\" href=\"https:\/\/fuentesfidedignas.com.mx\/index.php\/2022\/09\/22\/yo-no-queria-que-vinieran-nino-se-sincera-con-invitados-a-su-fiesta-de-cumpleanos\/\" \/>\n<meta property=\"og:locale\" content=\"es_MX\" \/>\n<meta property=\"og:type\" content=\"article\" \/>\n<meta property=\"og:title\" content=\"&#039;Yo no quer\u00eda que vinieran&#039;, ni\u00f1o se sincera con invitados a su fiesta de cumplea\u00f1os - Fuentes Fidedignas\" \/>\n<meta property=\"og:description\" content=\"Camila, la madre del ni\u00f1o, comparti\u00f3 en TikTok el momento en que su hijo le dice a los invitados que no los quer\u00eda en su fiesta. Bien dicen que los ni\u00f1os son sinceros por naturaleza y esto se comprob\u00f3 en la fiesta de un peque\u00f1o donde durante el show de un payaso, sorprendi\u00f3 a sus [&hellip;]\" \/>\n<meta property=\"og:url\" content=\"https:\/\/fuentesfidedignas.com.mx\/index.php\/2022\/09\/22\/yo-no-queria-que-vinieran-nino-se-sincera-con-invitados-a-su-fiesta-de-cumpleanos\/\" \/>\n<meta property=\"og:site_name\" content=\"Fuentes Fidedignas\" \/>\n<meta property=\"article:publisher\" content=\"https:\/\/www.facebook.com\/Fuentes-Fidedignas-368234489921644\" \/>\n<meta property=\"article:published_time\" content=\"2022-09-22T06:36:00+00:00\" \/>\n<meta property=\"og:image\" content=\"https:\/\/fuentesfidedignas.com.mx\/wp-content\/uploads\/2022\/09\/NINo_CUMPLE.jpg\" \/>\n\t<meta property=\"og:image:width\" content=\"800\" \/>\n\t<meta property=\"og:image:height\" content=\"600\" \/>\n\t<meta property=\"og:image:type\" content=\"image\/jpeg\" \/>\n<meta name=\"author\" content=\"Exc\u00e9lsior\" \/>\n<meta name=\"twitter:card\" content=\"summary_large_image\" \/>\n<meta name=\"twitter:creator\" content=\"@fidedignas\" \/>\n<meta name=\"twitter:site\" content=\"@fidedignas\" \/>\n<meta name=\"twitter:label1\" content=\"Escrito por\" \/>\n\t<meta name=\"twitter:data1\" content=\"Exc\u00e9lsior\" \/>\n\t<meta name=\"twitter:label2\" content=\"Tiempo de lectura\" \/>\n\t<meta name=\"twitter:data2\" content=\"2 minutos\" \/>\n<script type=\"application\/ld+json\" class=\"yoast-schema-graph\">{\"@context\":\"https:\\\/\\\/schema.org\",\"@graph\":[{\"@type\":\"Article\",\"@id\":\"https:\\\/\\\/fuentesfidedignas.com.mx\\\/index.php\\\/2022\\\/09\\\/22\\\/yo-no-queria-que-vinieran-nino-se-sincera-con-invitados-a-su-fiesta-de-cumpleanos\\\/#article\",\"isPartOf\":{\"@id\":\"https:\\\/\\\/fuentesfidedignas.com.mx\\\/index.php\\\/2022\\\/09\\\/22\\\/yo-no-queria-que-vinieran-nino-se-sincera-con-invitados-a-su-fiesta-de-cumpleanos\\\/\"},\"author\":{\"name\":\"Exc\u00e9lsior\",\"@id\":\"https:\\\/\\\/fuentesfidedignas.com.mx\\\/#\\\/schema\\\/person\\\/ec4edd1fbf5efa3e44fce34fe2787780\"},\"headline\":\"&#8216;Yo no quer\u00eda que vinieran&#8217;, ni\u00f1o se sincera con invitados a su fiesta de cumplea\u00f1os\",\"datePublished\":\"2022-09-22T06:36:00+00:00\",\"mainEntityOfPage\":{\"@id\":\"https:\\\/\\\/fuentesfidedignas.com.mx\\\/index.php\\\/2022\\\/09\\\/22\\\/yo-no-queria-que-vinieran-nino-se-sincera-con-invitados-a-su-fiesta-de-cumpleanos\\\/\"},\"wordCount\":377,\"commentCount\":0,\"publisher\":{\"@id\":\"https:\\\/\\\/fuentesfidedignas.com.mx\\\/#organization\"},\"image\":{\"@id\":\"https:\\\/\\\/fuentesfidedignas.com.mx\\\/index.php\\\/2022\\\/09\\\/22\\\/yo-no-queria-que-vinieran-nino-se-sincera-con-invitados-a-su-fiesta-de-cumpleanos\\\/#primaryimage\"},\"thumbnailUrl\":\"https:\\\/\\\/fuentesfidedignas.com.mx\\\/wp-content\\\/uploads\\\/2022\\\/09\\\/NINo_CUMPLE.jpg\",\"keywords\":[\"Asombrosa\",\"Viral\"],\"articleSection\":[\"LAS ASOMBROSAS\"],\"inLanguage\":\"es\",\"potentialAction\":[{\"@type\":\"CommentAction\",\"name\":\"Comment\",\"target\":[\"https:\\\/\\\/fuentesfidedignas.com.mx\\\/index.php\\\/2022\\\/09\\\/22\\\/yo-no-queria-que-vinieran-nino-se-sincera-con-invitados-a-su-fiesta-de-cumpleanos\\\/#respond\"]}]},{\"@type\":\"WebPage\",\"@id\":\"https:\\\/\\\/fuentesfidedignas.com.mx\\\/index.php\\\/2022\\\/09\\\/22\\\/yo-no-queria-que-vinieran-nino-se-sincera-con-invitados-a-su-fiesta-de-cumpleanos\\\/\",\"url\":\"https:\\\/\\\/fuentesfidedignas.com.mx\\\/index.php\\\/2022\\\/09\\\/22\\\/yo-no-queria-que-vinieran-nino-se-sincera-con-invitados-a-su-fiesta-de-cumpleanos\\\/\",\"name\":\"'Yo no quer\u00eda que vinieran', ni\u00f1o se sincera con invitados a su fiesta de cumplea\u00f1os - Fuentes Fidedignas\",\"isPartOf\":{\"@id\":\"https:\\\/\\\/fuentesfidedignas.com.mx\\\/#website\"},\"primaryImageOfPage\":{\"@id\":\"https:\\\/\\\/fuentesfidedignas.com.mx\\\/index.php\\\/2022\\\/09\\\/22\\\/yo-no-queria-que-vinieran-nino-se-sincera-con-invitados-a-su-fiesta-de-cumpleanos\\\/#primaryimage\"},\"image\":{\"@id\":\"https:\\\/\\\/fuentesfidedignas.com.mx\\\/index.php\\\/2022\\\/09\\\/22\\\/yo-no-queria-que-vinieran-nino-se-sincera-con-invitados-a-su-fiesta-de-cumpleanos\\\/#primaryimage\"},\"thumbnailUrl\":\"https:\\\/\\\/fuentesfidedignas.com.mx\\\/wp-content\\\/uploads\\\/2022\\\/09\\\/NINo_CUMPLE.jpg\",\"datePublished\":\"2022-09-22T06:36:00+00:00\",\"breadcrumb\":{\"@id\":\"https:\\\/\\\/fuentesfidedignas.com.mx\\\/index.php\\\/2022\\\/09\\\/22\\\/yo-no-queria-que-vinieran-nino-se-sincera-con-invitados-a-su-fiesta-de-cumpleanos\\\/#breadcrumb\"},\"inLanguage\":\"es\",\"potentialAction\":[{\"@type\":\"ReadAction\",\"target\":[\"https:\\\/\\\/fuentesfidedignas.com.mx\\\/index.php\\\/2022\\\/09\\\/22\\\/yo-no-queria-que-vinieran-nino-se-sincera-con-invitados-a-su-fiesta-de-cumpleanos\\\/\"]}]},{\"@type\":\"ImageObject\",\"inLanguage\":\"es\",\"@id\":\"https:\\\/\\\/fuentesfidedignas.com.mx\\\/index.php\\\/2022\\\/09\\\/22\\\/yo-no-queria-que-vinieran-nino-se-sincera-con-invitados-a-su-fiesta-de-cumpleanos\\\/#primaryimage\",\"url\":\"https:\\\/\\\/fuentesfidedignas.com.mx\\\/wp-content\\\/uploads\\\/2022\\\/09\\\/NINo_CUMPLE.jpg\",\"contentUrl\":\"https:\\\/\\\/fuentesfidedignas.com.mx\\\/wp-content\\\/uploads\\\/2022\\\/09\\\/NINo_CUMPLE.jpg\",\"width\":800,\"height\":600},{\"@type\":\"BreadcrumbList\",\"@id\":\"https:\\\/\\\/fuentesfidedignas.com.mx\\\/index.php\\\/2022\\\/09\\\/22\\\/yo-no-queria-que-vinieran-nino-se-sincera-con-invitados-a-su-fiesta-de-cumpleanos\\\/#breadcrumb\",\"itemListElement\":[{\"@type\":\"ListItem\",\"position\":1,\"name\":\"Inicio\",\"item\":\"https:\\\/\\\/fuentesfidedignas.com.mx\\\/\"},{\"@type\":\"ListItem\",\"position\":2,\"name\":\"&#8216;Yo no quer\u00eda que vinieran&#8217;, ni\u00f1o se sincera con invitados a su fiesta de cumplea\u00f1os\"}]},{\"@type\":\"WebSite\",\"@id\":\"https:\\\/\\\/fuentesfidedignas.com.mx\\\/#website\",\"url\":\"https:\\\/\\\/fuentesfidedignas.com.mx\\\/\",\"name\":\"Fuentes Fidedignas\",\"description\":\"Otro sitio realizado con WordPress\",\"publisher\":{\"@id\":\"https:\\\/\\\/fuentesfidedignas.com.mx\\\/#organization\"},\"potentialAction\":[{\"@type\":\"SearchAction\",\"target\":{\"@type\":\"EntryPoint\",\"urlTemplate\":\"https:\\\/\\\/fuentesfidedignas.com.mx\\\/?s={search_term_string}\"},\"query-input\":{\"@type\":\"PropertyValueSpecification\",\"valueRequired\":true,\"valueName\":\"search_term_string\"}}],\"inLanguage\":\"es\"},{\"@type\":\"Organization\",\"@id\":\"https:\\\/\\\/fuentesfidedignas.com.mx\\\/#organization\",\"name\":\"Fuentes Fidedignas\",\"url\":\"https:\\\/\\\/fuentesfidedignas.com.mx\\\/\",\"logo\":{\"@type\":\"ImageObject\",\"inLanguage\":\"es\",\"@id\":\"https:\\\/\\\/fuentesfidedignas.com.mx\\\/#\\\/schema\\\/logo\\\/image\\\/\",\"url\":\"https:\\\/\\\/fuentesfidedignas.com.mx\\\/wp-content\\\/uploads\\\/2021\\\/04\\\/logo-retina.png\",\"contentUrl\":\"https:\\\/\\\/fuentesfidedignas.com.mx\\\/wp-content\\\/uploads\\\/2021\\\/04\\\/logo-retina.png\",\"width\":280,\"height\":51,\"caption\":\"Fuentes Fidedignas\"},\"image\":{\"@id\":\"https:\\\/\\\/fuentesfidedignas.com.mx\\\/#\\\/schema\\\/logo\\\/image\\\/\"},\"sameAs\":[\"https:\\\/\\\/www.facebook.com\\\/Fuentes-Fidedignas-368234489921644\",\"https:\\\/\\\/x.com\\\/fidedignas\"]},{\"@type\":\"Person\",\"@id\":\"https:\\\/\\\/fuentesfidedignas.com.mx\\\/#\\\/schema\\\/person\\\/ec4edd1fbf5efa3e44fce34fe2787780\",\"name\":\"Exc\u00e9lsior\",\"image\":{\"@type\":\"ImageObject\",\"inLanguage\":\"es\",\"@id\":\"https:\\\/\\\/secure.gravatar.com\\\/avatar\\\/4b7ee9206b48be08447852b3f0814dbc7c0f3b51541b164f1464a2725614020b?s=96&d=mm&r=g\",\"url\":\"https:\\\/\\\/secure.gravatar.com\\\/avatar\\\/4b7ee9206b48be08447852b3f0814dbc7c0f3b51541b164f1464a2725614020b?s=96&d=mm&r=g\",\"contentUrl\":\"https:\\\/\\\/secure.gravatar.com\\\/avatar\\\/4b7ee9206b48be08447852b3f0814dbc7c0f3b51541b164f1464a2725614020b?s=96&d=mm&r=g\",\"caption\":\"Exc\u00e9lsior\"},\"url\":\"https:\\\/\\\/fuentesfidedignas.com.mx\\\/index.php\\\/author\\\/excelsior\\\/\"}]}<\/script>\n<!-- \/ Yoast SEO plugin. -->","yoast_head_json":{"title":"'Yo no quer\u00eda que vinieran', ni\u00f1o se sincera con invitados a su fiesta de cumplea\u00f1os - Fuentes Fidedignas","robots":{"index":"index","follow":"follow","max-snippet":"max-snippet:-1","max-image-preview":"max-image-preview:large","max-video-preview":"max-video-preview:-1"},"canonical":"https:\/\/fuentesfidedignas.com.mx\/index.php\/2022\/09\/22\/yo-no-queria-que-vinieran-nino-se-sincera-con-invitados-a-su-fiesta-de-cumpleanos\/","og_locale":"es_MX","og_type":"article","og_title":"'Yo no quer\u00eda que vinieran', ni\u00f1o se sincera con invitados a su fiesta de cumplea\u00f1os - Fuentes Fidedignas","og_description":"Camila, la madre del ni\u00f1o, comparti\u00f3 en TikTok el momento en que su hijo le dice a los invitados que no los quer\u00eda en su fiesta. Bien dicen que los ni\u00f1os son sinceros por naturaleza y esto se comprob\u00f3 en la fiesta de un peque\u00f1o donde durante el show de un payaso, sorprendi\u00f3 a sus [&hellip;]","og_url":"https:\/\/fuentesfidedignas.com.mx\/index.php\/2022\/09\/22\/yo-no-queria-que-vinieran-nino-se-sincera-con-invitados-a-su-fiesta-de-cumpleanos\/","og_site_name":"Fuentes Fidedignas","article_publisher":"https:\/\/www.facebook.com\/Fuentes-Fidedignas-368234489921644","article_published_time":"2022-09-22T06:36:00+00:00","og_image":[{"width":800,"height":600,"url":"https:\/\/fuentesfidedignas.com.mx\/wp-content\/uploads\/2022\/09\/NINo_CUMPLE.jpg","type":"image\/jpeg"}],"author":"Exc\u00e9lsior","twitter_card":"summary_large_image","twitter_creator":"@fidedignas","twitter_site":"@fidedignas","twitter_misc":{"Escrito por":"Exc\u00e9lsior","Tiempo de lectura":"2 minutos"},"schema":{"@context":"https:\/\/schema.org","@graph":[{"@type":"Article","@id":"https:\/\/fuentesfidedignas.com.mx\/index.php\/2022\/09\/22\/yo-no-queria-que-vinieran-nino-se-sincera-con-invitados-a-su-fiesta-de-cumpleanos\/#article","isPartOf":{"@id":"https:\/\/fuentesfidedignas.com.mx\/index.php\/2022\/09\/22\/yo-no-queria-que-vinieran-nino-se-sincera-con-invitados-a-su-fiesta-de-cumpleanos\/"},"author":{"name":"Exc\u00e9lsior","@id":"https:\/\/fuentesfidedignas.com.mx\/#\/schema\/person\/ec4edd1fbf5efa3e44fce34fe2787780"},"headline":"&#8216;Yo no quer\u00eda que vinieran&#8217;, ni\u00f1o se sincera con invitados a su fiesta de cumplea\u00f1os","datePublished":"2022-09-22T06:36:00+00:00","mainEntityOfPage":{"@id":"https:\/\/fuentesfidedignas.com.mx\/index.php\/2022\/09\/22\/yo-no-queria-que-vinieran-nino-se-sincera-con-invitados-a-su-fiesta-de-cumpleanos\/"},"wordCount":377,"commentCount":0,"publisher":{"@id":"https:\/\/fuentesfidedignas.com.mx\/#organization"},"image":{"@id":"https:\/\/fuentesfidedignas.com.mx\/index.php\/2022\/09\/22\/yo-no-queria-que-vinieran-nino-se-sincera-con-invitados-a-su-fiesta-de-cumpleanos\/#primaryimage"},"thumbnailUrl":"https:\/\/fuentesfidedignas.com.mx\/wp-content\/uploads\/2022\/09\/NINo_CUMPLE.jpg","keywords":["Asombrosa","Viral"],"articleSection":["LAS ASOMBROSAS"],"inLanguage":"es","potentialAction":[{"@type":"CommentAction","name":"Comment","target":["https:\/\/fuentesfidedignas.com.mx\/index.php\/2022\/09\/22\/yo-no-queria-que-vinieran-nino-se-sincera-con-invitados-a-su-fiesta-de-cumpleanos\/#respond"]}]},{"@type":"WebPage","@id":"https:\/\/fuentesfidedignas.com.mx\/index.php\/2022\/09\/22\/yo-no-queria-que-vinieran-nino-se-sincera-con-invitados-a-su-fiesta-de-cumpleanos\/","url":"https:\/\/fuentesfidedignas.com.mx\/index.php\/2022\/09\/22\/yo-no-queria-que-vinieran-nino-se-sincera-con-invitados-a-su-fiesta-de-cumpleanos\/","name":"'Yo no quer\u00eda que vinieran', ni\u00f1o se sincera con invitados a su fiesta de cumplea\u00f1os - Fuentes Fidedignas","isPartOf":{"@id":"https:\/\/fuentesfidedignas.com.mx\/#website"},"primaryImageOfPage":{"@id":"https:\/\/fuentesfidedignas.com.mx\/index.php\/2022\/09\/22\/yo-no-queria-que-vinieran-nino-se-sincera-con-invitados-a-su-fiesta-de-cumpleanos\/#primaryimage"},"image":{"@id":"https:\/\/fuentesfidedignas.com.mx\/index.php\/2022\/09\/22\/yo-no-queria-que-vinieran-nino-se-sincera-con-invitados-a-su-fiesta-de-cumpleanos\/#primaryimage"},"thumbnailUrl":"https:\/\/fuentesfidedignas.com.mx\/wp-content\/uploads\/2022\/09\/NINo_CUMPLE.jpg","datePublished":"2022-09-22T06:36:00+00:00","breadcrumb":{"@id":"https:\/\/fuentesfidedignas.com.mx\/index.php\/2022\/09\/22\/yo-no-queria-que-vinieran-nino-se-sincera-con-invitados-a-su-fiesta-de-cumpleanos\/#breadcrumb"},"inLanguage":"es","potentialAction":[{"@type":"ReadAction","target":["https:\/\/fuentesfidedignas.com.mx\/index.php\/2022\/09\/22\/yo-no-queria-que-vinieran-nino-se-sincera-con-invitados-a-su-fiesta-de-cumpleanos\/"]}]},{"@type":"ImageObject","inLanguage":"es","@id":"https:\/\/fuentesfidedignas.com.mx\/index.php\/2022\/09\/22\/yo-no-queria-que-vinieran-nino-se-sincera-con-invitados-a-su-fiesta-de-cumpleanos\/#primaryimage","url":"https:\/\/fuentesfidedignas.com.mx\/wp-content\/uploads\/2022\/09\/NINo_CUMPLE.jpg","contentUrl":"https:\/\/fuentesfidedignas.com.mx\/wp-content\/uploads\/2022\/09\/NINo_CUMPLE.jpg","width":800,"height":600},{"@type":"BreadcrumbList","@id":"https:\/\/fuentesfidedignas.com.mx\/index.php\/2022\/09\/22\/yo-no-queria-que-vinieran-nino-se-sincera-con-invitados-a-su-fiesta-de-cumpleanos\/#breadcrumb","itemListElement":[{"@type":"ListItem","position":1,"name":"Inicio","item":"https:\/\/fuentesfidedignas.com.mx\/"},{"@type":"ListItem","position":2,"name":"&#8216;Yo no quer\u00eda que vinieran&#8217;, ni\u00f1o se sincera con invitados a su fiesta de cumplea\u00f1os"}]},{"@type":"WebSite","@id":"https:\/\/fuentesfidedignas.com.mx\/#website","url":"https:\/\/fuentesfidedignas.com.mx\/","name":"Fuentes Fidedignas","description":"Otro sitio realizado con WordPress","publisher":{"@id":"https:\/\/fuentesfidedignas.com.mx\/#organization"},"potentialAction":[{"@type":"SearchAction","target":{"@type":"EntryPoint","urlTemplate":"https:\/\/fuentesfidedignas.com.mx\/?s={search_term_string}"},"query-input":{"@type":"PropertyValueSpecification","valueRequired":true,"valueName":"search_term_string"}}],"inLanguage":"es"},{"@type":"Organization","@id":"https:\/\/fuentesfidedignas.com.mx\/#organization","name":"Fuentes Fidedignas","url":"https:\/\/fuentesfidedignas.com.mx\/","logo":{"@type":"ImageObject","inLanguage":"es","@id":"https:\/\/fuentesfidedignas.com.mx\/#\/schema\/logo\/image\/","url":"https:\/\/fuentesfidedignas.com.mx\/wp-content\/uploads\/2021\/04\/logo-retina.png","contentUrl":"https:\/\/fuentesfidedignas.com.mx\/wp-content\/uploads\/2021\/04\/logo-retina.png","width":280,"height":51,"caption":"Fuentes Fidedignas"},"image":{"@id":"https:\/\/fuentesfidedignas.com.mx\/#\/schema\/logo\/image\/"},"sameAs":["https:\/\/www.facebook.com\/Fuentes-Fidedignas-368234489921644","https:\/\/x.com\/fidedignas"]},{"@type":"Person","@id":"https:\/\/fuentesfidedignas.com.mx\/#\/schema\/person\/ec4edd1fbf5efa3e44fce34fe2787780","name":"Exc\u00e9lsior","image":{"@type":"ImageObject","inLanguage":"es","@id":"https:\/\/secure.gravatar.com\/avatar\/4b7ee9206b48be08447852b3f0814dbc7c0f3b51541b164f1464a2725614020b?s=96&d=mm&r=g","url":"https:\/\/secure.gravatar.com\/avatar\/4b7ee9206b48be08447852b3f0814dbc7c0f3b51541b164f1464a2725614020b?s=96&d=mm&r=g","contentUrl":"https:\/\/secure.gravatar.com\/avatar\/4b7ee9206b48be08447852b3f0814dbc7c0f3b51541b164f1464a2725614020b?s=96&d=mm&r=g","caption":"Exc\u00e9lsior"},"url":"https:\/\/fuentesfidedignas.com.mx\/index.php\/author\/excelsior\/"}]}},"_links":{"self":[{"href":"https:\/\/fuentesfidedignas.com.mx\/index.php\/wp-json\/wp\/v2\/posts\/42970","targetHints":{"allow":["GET"]}}],"collection":[{"href":"https:\/\/fuentesfidedignas.com.mx\/index.php\/wp-json\/wp\/v2\/posts"}],"about":[{"href":"https:\/\/fuentesfidedignas.com.mx\/index.php\/wp-json\/wp\/v2\/types\/post"}],"author":[{"embeddable":true,"href":"https:\/\/fuentesfidedignas.com.mx\/index.php\/wp-json\/wp\/v2\/users\/7"}],"replies":[{"embeddable":true,"href":"https:\/\/fuentesfidedignas.com.mx\/index.php\/wp-json\/wp\/v2\/comments?post=42970"}],"version-history":[{"count":1,"href":"https:\/\/fuentesfidedignas.com.mx\/index.php\/wp-json\/wp\/v2\/posts\/42970\/revisions"}],"predecessor-version":[{"id":42972,"href":"https:\/\/fuentesfidedignas.com.mx\/index.php\/wp-json\/wp\/v2\/posts\/42970\/revisions\/42972"}],"wp:featuredmedia":[{"embeddable":true,"href":"https:\/\/fuentesfidedignas.com.mx\/index.php\/wp-json\/wp\/v2\/media\/42971"}],"wp:attachment":[{"href":"https:\/\/fuentesfidedignas.com.mx\/index.php\/wp-json\/wp\/v2\/media?parent=42970"}],"wp:term":[{"taxonomy":"category","embeddable":true,"href":"https:\/\/fuentesfidedignas.com.mx\/index.php\/wp-json\/wp\/v2\/categories?post=42970"},{"taxonomy":"post_tag","embeddable":true,"href":"https:\/\/fuentesfidedignas.com.mx\/index.php\/wp-json\/wp\/v2\/tags?post=42970"}],"curies":[{"name":"wp","href":"https:\/\/api.w.org\/{rel}","templated":true}]}}