{"id":42963,"date":"2022-09-21T17:57:50","date_gmt":"2022-09-21T23:57:50","guid":{"rendered":"https:\/\/fuentesfidedignas.com.mx\/?p=42963"},"modified":"2022-09-21T17:57:52","modified_gmt":"2022-09-21T23:57:52","slug":"se-forma-depresion-tropical-quince-e-frente-a-costas-de-colima-y-jalisco","status":"publish","type":"post","link":"https:\/\/fuentesfidedignas.com.mx\/index.php\/2022\/09\/21\/se-forma-depresion-tropical-quince-e-frente-a-costas-de-colima-y-jalisco\/","title":{"rendered":"Se forma depresi\u00f3n tropical \u2018Quince-E\u2019 frente a costas de Colima y Jalisco"},"content":{"rendered":"\n<p><strong><em>Se ubica a 235 km al sur-suroeste de Manzanillo, Colima, y a 370 kil\u00f3metros al sur-sureste de Cabo Corrientes, Jalisco<\/em><\/strong><\/p>\n\n\n\n<p>Ciudad de M\u00e9xico.- La depresi\u00f3n tropical \u2018Quince-E\u2019 se form\u00f3 en el Oc\u00e9ano Pac\u00edfico, frente a costas de Colima y Jalisco, inform\u00f3 el Servicio Meteorol\u00f3gico Nacional (SMN).<\/p>\n\n\n\n<p>Se ubica a 235 km al sur-suroeste de Manzanillo, Colima, y a 370 kil\u00f3metros al sur-sureste de Cabo Corrientes, Jalisco.<\/p>\n\n\n\n<p>Se desplaza hacia el oeste (275\u00b0) a 17 kil\u00f3metros por hora, con vientos m\u00e1ximos sostenidos de 55 kil\u00f3metros por hora.<\/p>\n\n\n\n<figure class=\"wp-block-embed is-type-rich is-provider-twitter wp-block-embed-twitter\"><div class=\"wp-block-embed__wrapper\">\n<blockquote class=\"twitter-tweet\" data-width=\"550\" data-dnt=\"true\"><p lang=\"es\" dir=\"ltr\">\u26a0\ufe0f Se ha formado la <a href=\"https:\/\/twitter.com\/hashtag\/Depresi%C3%B3nTropical?src=hash&amp;ref_src=twsrc%5Etfw\">#Depresi\u00f3nTropical<\/a> Quince-E\u26a0\ufe0f<br><br>\ud83d\udccdA 235 km al sur-suroeste de Manzanillo, <a href=\"https:\/\/twitter.com\/hashtag\/Colima?src=hash&amp;ref_src=twsrc%5Etfw\">#Colima<\/a> y a 370 km al sur-sureste de Cabo Corrientes, <a href=\"https:\/\/twitter.com\/hashtag\/Jalisco?src=hash&amp;ref_src=twsrc%5Etfw\">#Jalisco<\/a><br>\ud83d\udca8<a href=\"https:\/\/twitter.com\/hashtag\/Vientos?src=hash&amp;ref_src=twsrc%5Etfw\">#Vientos<\/a> m\u00e1ximos sostenidos de 55 km\/h, rachas de 75 km\/h<br>\ud83c\udf00Desplazamiento hacia el oeste a 17 km\/h <a href=\"https:\/\/t.co\/6wtXjYKANm\">pic.twitter.com\/6wtXjYKANm<\/a><\/p>&mdash; Coordinaci\u00f3n Nacional de Protecci\u00f3n Civil (@CNPC_MX) <a href=\"https:\/\/twitter.com\/CNPC_MX\/status\/1572703041576644608?ref_src=twsrc%5Etfw\">September 21, 2022<\/a><\/blockquote><script async src=\"https:\/\/platform.twitter.com\/widgets.js\" charset=\"utf-8\"><\/script>\n<\/div><\/figure>\n\n\n\n<p>Las bandas nubosas de la depresi\u00f3n tropical \u201cQuince-E\u201d ocasionan lluvias puntuales muy fuertes en Nayarit, Jalisco, Colima y Michoac\u00e1n. Dichas lluvias podr\u00edan originar incremento en los niveles de r\u00edos y arroyos, deslaves e inundaciones en zonas bajas de dichas entidades.<\/p>\n\n\n\n<figure class=\"wp-block-image size-large\"><img decoding=\"async\" width=\"1024\" height=\"679\" src=\"https:\/\/fuentesfidedignas.com.mx\/wp-content\/uploads\/2022\/09\/image-21-1024x679.png\" alt=\"\" class=\"wp-image-42964\" srcset=\"https:\/\/fuentesfidedignas.com.mx\/wp-content\/uploads\/2022\/09\/image-21-1024x679.png 1024w, https:\/\/fuentesfidedignas.com.mx\/wp-content\/uploads\/2022\/09\/image-21-300x199.png 300w, https:\/\/fuentesfidedignas.com.mx\/wp-content\/uploads\/2022\/09\/image-21-768x509.png 768w, https:\/\/fuentesfidedignas.com.mx\/wp-content\/uploads\/2022\/09\/image-21-696x462.png 696w, https:\/\/fuentesfidedignas.com.mx\/wp-content\/uploads\/2022\/09\/image-21-1068x708.png 1068w, https:\/\/fuentesfidedignas.com.mx\/wp-content\/uploads\/2022\/09\/image-21-633x420.png 633w, https:\/\/fuentesfidedignas.com.mx\/wp-content\/uploads\/2022\/09\/image-21.png 1280w\" sizes=\"(max-width: 1024px) 100vw, 1024px\" \/><\/figure>\n\n\n\n<p>Su circulaci\u00f3n generar\u00e1 vientos con rachas de 60 kil\u00f3metros por hora y oleaje de 1 a 2 metros de altura en las costas de Jalisco, Colima, Michoac\u00e1n y Nayarit.<\/p>\n\n\n\n<p><\/p>\n","protected":false},"excerpt":{"rendered":"<p>Se ubica a 235 km al sur-suroeste de Manzanillo, Colima, y a 370 kil\u00f3metros al sur-sureste de Cabo Corrientes, Jalisco Ciudad de M\u00e9xico.- La depresi\u00f3n tropical \u2018Quince-E\u2019 se form\u00f3 en el Oc\u00e9ano Pac\u00edfico, frente a costas de Colima y Jalisco, inform\u00f3 el Servicio Meteorol\u00f3gico Nacional (SMN). Se ubica a 235 km al sur-suroeste de Manzanillo, [&hellip;]<\/p>\n","protected":false},"author":46,"featured_media":42965,"comment_status":"open","ping_status":"open","sticky":false,"template":"","format":"standard","meta":{"tdm_status":"","tdm_grid_status":"","footnotes":""},"categories":[39],"tags":[],"class_list":{"0":"post-42963","1":"post","2":"type-post","3":"status-publish","4":"format-standard","5":"has-post-thumbnail","7":"category-noticias-nacionales"},"yoast_head":"<!-- This site is optimized with the Yoast SEO plugin v27.5 - https:\/\/yoast.com\/product\/yoast-seo-wordpress\/ -->\n<title>Se forma depresi\u00f3n tropical \u2018Quince-E\u2019 frente a costas de Colima y Jalisco - Fuentes Fidedignas<\/title>\n<meta name=\"robots\" content=\"index, follow, max-snippet:-1, max-image-preview:large, max-video-preview:-1\" \/>\n<link rel=\"canonical\" href=\"https:\/\/fuentesfidedignas.com.mx\/index.php\/2022\/09\/21\/se-forma-depresion-tropical-quince-e-frente-a-costas-de-colima-y-jalisco\/\" \/>\n<meta property=\"og:locale\" content=\"es_MX\" \/>\n<meta property=\"og:type\" content=\"article\" \/>\n<meta property=\"og:title\" content=\"Se forma depresi\u00f3n tropical \u2018Quince-E\u2019 frente a costas de Colima y Jalisco - Fuentes Fidedignas\" \/>\n<meta property=\"og:description\" content=\"Se ubica a 235 km al sur-suroeste de Manzanillo, Colima, y a 370 kil\u00f3metros al sur-sureste de Cabo Corrientes, Jalisco Ciudad de M\u00e9xico.- La depresi\u00f3n tropical \u2018Quince-E\u2019 se form\u00f3 en el Oc\u00e9ano Pac\u00edfico, frente a costas de Colima y Jalisco, inform\u00f3 el Servicio Meteorol\u00f3gico Nacional (SMN). Se ubica a 235 km al sur-suroeste de Manzanillo, [&hellip;]\" \/>\n<meta property=\"og:url\" content=\"https:\/\/fuentesfidedignas.com.mx\/index.php\/2022\/09\/21\/se-forma-depresion-tropical-quince-e-frente-a-costas-de-colima-y-jalisco\/\" \/>\n<meta property=\"og:site_name\" content=\"Fuentes Fidedignas\" \/>\n<meta property=\"article:publisher\" content=\"https:\/\/www.facebook.com\/Fuentes-Fidedignas-368234489921644\" \/>\n<meta property=\"article:published_time\" content=\"2022-09-21T23:57:50+00:00\" \/>\n<meta property=\"article:modified_time\" content=\"2022-09-21T23:57:52+00:00\" \/>\n<meta property=\"og:image\" content=\"https:\/\/fuentesfidedignas.com.mx\/wp-content\/uploads\/2022\/09\/TORMENTA_PACIFICO.jpg\" \/>\n\t<meta property=\"og:image:width\" content=\"1270\" \/>\n\t<meta property=\"og:image:height\" content=\"717\" \/>\n\t<meta property=\"og:image:type\" content=\"image\/jpeg\" \/>\n<meta name=\"author\" content=\"Noticieros Televisa\" \/>\n<meta name=\"twitter:card\" content=\"summary_large_image\" \/>\n<meta name=\"twitter:creator\" content=\"@fidedignas\" \/>\n<meta name=\"twitter:site\" content=\"@fidedignas\" \/>\n<meta name=\"twitter:label1\" content=\"Escrito por\" \/>\n\t<meta name=\"twitter:data1\" content=\"Noticieros Televisa\" \/>\n\t<meta name=\"twitter:label2\" content=\"Tiempo de lectura\" \/>\n\t<meta name=\"twitter:data2\" content=\"1 minuto\" \/>\n<script type=\"application\/ld+json\" class=\"yoast-schema-graph\">{\"@context\":\"https:\\\/\\\/schema.org\",\"@graph\":[{\"@type\":\"Article\",\"@id\":\"https:\\\/\\\/fuentesfidedignas.com.mx\\\/index.php\\\/2022\\\/09\\\/21\\\/se-forma-depresion-tropical-quince-e-frente-a-costas-de-colima-y-jalisco\\\/#article\",\"isPartOf\":{\"@id\":\"https:\\\/\\\/fuentesfidedignas.com.mx\\\/index.php\\\/2022\\\/09\\\/21\\\/se-forma-depresion-tropical-quince-e-frente-a-costas-de-colima-y-jalisco\\\/\"},\"author\":{\"name\":\"Noticieros Televisa\",\"@id\":\"https:\\\/\\\/fuentesfidedignas.com.mx\\\/#\\\/schema\\\/person\\\/f030e42657a5a464a8bbd891b1aab6ee\"},\"headline\":\"Se forma depresi\u00f3n tropical \u2018Quince-E\u2019 frente a costas de Colima y Jalisco\",\"datePublished\":\"2022-09-21T23:57:50+00:00\",\"dateModified\":\"2022-09-21T23:57:52+00:00\",\"mainEntityOfPage\":{\"@id\":\"https:\\\/\\\/fuentesfidedignas.com.mx\\\/index.php\\\/2022\\\/09\\\/21\\\/se-forma-depresion-tropical-quince-e-frente-a-costas-de-colima-y-jalisco\\\/\"},\"wordCount\":215,\"commentCount\":0,\"publisher\":{\"@id\":\"https:\\\/\\\/fuentesfidedignas.com.mx\\\/#organization\"},\"image\":{\"@id\":\"https:\\\/\\\/fuentesfidedignas.com.mx\\\/index.php\\\/2022\\\/09\\\/21\\\/se-forma-depresion-tropical-quince-e-frente-a-costas-de-colima-y-jalisco\\\/#primaryimage\"},\"thumbnailUrl\":\"https:\\\/\\\/fuentesfidedignas.com.mx\\\/wp-content\\\/uploads\\\/2022\\\/09\\\/TORMENTA_PACIFICO.jpg\",\"articleSection\":[\"NOTICIAS NACIONALES\"],\"inLanguage\":\"es\",\"potentialAction\":[{\"@type\":\"CommentAction\",\"name\":\"Comment\",\"target\":[\"https:\\\/\\\/fuentesfidedignas.com.mx\\\/index.php\\\/2022\\\/09\\\/21\\\/se-forma-depresion-tropical-quince-e-frente-a-costas-de-colima-y-jalisco\\\/#respond\"]}]},{\"@type\":\"WebPage\",\"@id\":\"https:\\\/\\\/fuentesfidedignas.com.mx\\\/index.php\\\/2022\\\/09\\\/21\\\/se-forma-depresion-tropical-quince-e-frente-a-costas-de-colima-y-jalisco\\\/\",\"url\":\"https:\\\/\\\/fuentesfidedignas.com.mx\\\/index.php\\\/2022\\\/09\\\/21\\\/se-forma-depresion-tropical-quince-e-frente-a-costas-de-colima-y-jalisco\\\/\",\"name\":\"Se forma depresi\u00f3n tropical \u2018Quince-E\u2019 frente a costas de Colima y Jalisco - Fuentes Fidedignas\",\"isPartOf\":{\"@id\":\"https:\\\/\\\/fuentesfidedignas.com.mx\\\/#website\"},\"primaryImageOfPage\":{\"@id\":\"https:\\\/\\\/fuentesfidedignas.com.mx\\\/index.php\\\/2022\\\/09\\\/21\\\/se-forma-depresion-tropical-quince-e-frente-a-costas-de-colima-y-jalisco\\\/#primaryimage\"},\"image\":{\"@id\":\"https:\\\/\\\/fuentesfidedignas.com.mx\\\/index.php\\\/2022\\\/09\\\/21\\\/se-forma-depresion-tropical-quince-e-frente-a-costas-de-colima-y-jalisco\\\/#primaryimage\"},\"thumbnailUrl\":\"https:\\\/\\\/fuentesfidedignas.com.mx\\\/wp-content\\\/uploads\\\/2022\\\/09\\\/TORMENTA_PACIFICO.jpg\",\"datePublished\":\"2022-09-21T23:57:50+00:00\",\"dateModified\":\"2022-09-21T23:57:52+00:00\",\"breadcrumb\":{\"@id\":\"https:\\\/\\\/fuentesfidedignas.com.mx\\\/index.php\\\/2022\\\/09\\\/21\\\/se-forma-depresion-tropical-quince-e-frente-a-costas-de-colima-y-jalisco\\\/#breadcrumb\"},\"inLanguage\":\"es\",\"potentialAction\":[{\"@type\":\"ReadAction\",\"target\":[\"https:\\\/\\\/fuentesfidedignas.com.mx\\\/index.php\\\/2022\\\/09\\\/21\\\/se-forma-depresion-tropical-quince-e-frente-a-costas-de-colima-y-jalisco\\\/\"]}]},{\"@type\":\"ImageObject\",\"inLanguage\":\"es\",\"@id\":\"https:\\\/\\\/fuentesfidedignas.com.mx\\\/index.php\\\/2022\\\/09\\\/21\\\/se-forma-depresion-tropical-quince-e-frente-a-costas-de-colima-y-jalisco\\\/#primaryimage\",\"url\":\"https:\\\/\\\/fuentesfidedignas.com.mx\\\/wp-content\\\/uploads\\\/2022\\\/09\\\/TORMENTA_PACIFICO.jpg\",\"contentUrl\":\"https:\\\/\\\/fuentesfidedignas.com.mx\\\/wp-content\\\/uploads\\\/2022\\\/09\\\/TORMENTA_PACIFICO.jpg\",\"width\":1270,\"height\":717},{\"@type\":\"BreadcrumbList\",\"@id\":\"https:\\\/\\\/fuentesfidedignas.com.mx\\\/index.php\\\/2022\\\/09\\\/21\\\/se-forma-depresion-tropical-quince-e-frente-a-costas-de-colima-y-jalisco\\\/#breadcrumb\",\"itemListElement\":[{\"@type\":\"ListItem\",\"position\":1,\"name\":\"Inicio\",\"item\":\"https:\\\/\\\/fuentesfidedignas.com.mx\\\/\"},{\"@type\":\"ListItem\",\"position\":2,\"name\":\"Se forma depresi\u00f3n tropical \u2018Quince-E\u2019 frente a costas de Colima y Jalisco\"}]},{\"@type\":\"WebSite\",\"@id\":\"https:\\\/\\\/fuentesfidedignas.com.mx\\\/#website\",\"url\":\"https:\\\/\\\/fuentesfidedignas.com.mx\\\/\",\"name\":\"Fuentes Fidedignas\",\"description\":\"Otro sitio realizado con WordPress\",\"publisher\":{\"@id\":\"https:\\\/\\\/fuentesfidedignas.com.mx\\\/#organization\"},\"potentialAction\":[{\"@type\":\"SearchAction\",\"target\":{\"@type\":\"EntryPoint\",\"urlTemplate\":\"https:\\\/\\\/fuentesfidedignas.com.mx\\\/?s={search_term_string}\"},\"query-input\":{\"@type\":\"PropertyValueSpecification\",\"valueRequired\":true,\"valueName\":\"search_term_string\"}}],\"inLanguage\":\"es\"},{\"@type\":\"Organization\",\"@id\":\"https:\\\/\\\/fuentesfidedignas.com.mx\\\/#organization\",\"name\":\"Fuentes Fidedignas\",\"url\":\"https:\\\/\\\/fuentesfidedignas.com.mx\\\/\",\"logo\":{\"@type\":\"ImageObject\",\"inLanguage\":\"es\",\"@id\":\"https:\\\/\\\/fuentesfidedignas.com.mx\\\/#\\\/schema\\\/logo\\\/image\\\/\",\"url\":\"https:\\\/\\\/fuentesfidedignas.com.mx\\\/wp-content\\\/uploads\\\/2021\\\/04\\\/logo-retina.png\",\"contentUrl\":\"https:\\\/\\\/fuentesfidedignas.com.mx\\\/wp-content\\\/uploads\\\/2021\\\/04\\\/logo-retina.png\",\"width\":280,\"height\":51,\"caption\":\"Fuentes Fidedignas\"},\"image\":{\"@id\":\"https:\\\/\\\/fuentesfidedignas.com.mx\\\/#\\\/schema\\\/logo\\\/image\\\/\"},\"sameAs\":[\"https:\\\/\\\/www.facebook.com\\\/Fuentes-Fidedignas-368234489921644\",\"https:\\\/\\\/x.com\\\/fidedignas\"]},{\"@type\":\"Person\",\"@id\":\"https:\\\/\\\/fuentesfidedignas.com.mx\\\/#\\\/schema\\\/person\\\/f030e42657a5a464a8bbd891b1aab6ee\",\"name\":\"Noticieros Televisa\",\"image\":{\"@type\":\"ImageObject\",\"inLanguage\":\"es\",\"@id\":\"https:\\\/\\\/secure.gravatar.com\\\/avatar\\\/0e47b9e785a628831b8fd9eaf15e090e106760a879abbd4a3306f128ef5d43a9?s=96&d=mm&r=g\",\"url\":\"https:\\\/\\\/secure.gravatar.com\\\/avatar\\\/0e47b9e785a628831b8fd9eaf15e090e106760a879abbd4a3306f128ef5d43a9?s=96&d=mm&r=g\",\"contentUrl\":\"https:\\\/\\\/secure.gravatar.com\\\/avatar\\\/0e47b9e785a628831b8fd9eaf15e090e106760a879abbd4a3306f128ef5d43a9?s=96&d=mm&r=g\",\"caption\":\"Noticieros Televisa\"},\"url\":\"https:\\\/\\\/fuentesfidedignas.com.mx\\\/index.php\\\/author\\\/noticieros-televisa\\\/\"}]}<\/script>\n<!-- \/ Yoast SEO plugin. -->","yoast_head_json":{"title":"Se forma depresi\u00f3n tropical \u2018Quince-E\u2019 frente a costas de Colima y Jalisco - Fuentes Fidedignas","robots":{"index":"index","follow":"follow","max-snippet":"max-snippet:-1","max-image-preview":"max-image-preview:large","max-video-preview":"max-video-preview:-1"},"canonical":"https:\/\/fuentesfidedignas.com.mx\/index.php\/2022\/09\/21\/se-forma-depresion-tropical-quince-e-frente-a-costas-de-colima-y-jalisco\/","og_locale":"es_MX","og_type":"article","og_title":"Se forma depresi\u00f3n tropical \u2018Quince-E\u2019 frente a costas de Colima y Jalisco - Fuentes Fidedignas","og_description":"Se ubica a 235 km al sur-suroeste de Manzanillo, Colima, y a 370 kil\u00f3metros al sur-sureste de Cabo Corrientes, Jalisco Ciudad de M\u00e9xico.- La depresi\u00f3n tropical \u2018Quince-E\u2019 se form\u00f3 en el Oc\u00e9ano Pac\u00edfico, frente a costas de Colima y Jalisco, inform\u00f3 el Servicio Meteorol\u00f3gico Nacional (SMN). Se ubica a 235 km al sur-suroeste de Manzanillo, [&hellip;]","og_url":"https:\/\/fuentesfidedignas.com.mx\/index.php\/2022\/09\/21\/se-forma-depresion-tropical-quince-e-frente-a-costas-de-colima-y-jalisco\/","og_site_name":"Fuentes Fidedignas","article_publisher":"https:\/\/www.facebook.com\/Fuentes-Fidedignas-368234489921644","article_published_time":"2022-09-21T23:57:50+00:00","article_modified_time":"2022-09-21T23:57:52+00:00","og_image":[{"width":1270,"height":717,"url":"https:\/\/fuentesfidedignas.com.mx\/wp-content\/uploads\/2022\/09\/TORMENTA_PACIFICO.jpg","type":"image\/jpeg"}],"author":"Noticieros Televisa","twitter_card":"summary_large_image","twitter_creator":"@fidedignas","twitter_site":"@fidedignas","twitter_misc":{"Escrito por":"Noticieros Televisa","Tiempo de lectura":"1 minuto"},"schema":{"@context":"https:\/\/schema.org","@graph":[{"@type":"Article","@id":"https:\/\/fuentesfidedignas.com.mx\/index.php\/2022\/09\/21\/se-forma-depresion-tropical-quince-e-frente-a-costas-de-colima-y-jalisco\/#article","isPartOf":{"@id":"https:\/\/fuentesfidedignas.com.mx\/index.php\/2022\/09\/21\/se-forma-depresion-tropical-quince-e-frente-a-costas-de-colima-y-jalisco\/"},"author":{"name":"Noticieros Televisa","@id":"https:\/\/fuentesfidedignas.com.mx\/#\/schema\/person\/f030e42657a5a464a8bbd891b1aab6ee"},"headline":"Se forma depresi\u00f3n tropical \u2018Quince-E\u2019 frente a costas de Colima y Jalisco","datePublished":"2022-09-21T23:57:50+00:00","dateModified":"2022-09-21T23:57:52+00:00","mainEntityOfPage":{"@id":"https:\/\/fuentesfidedignas.com.mx\/index.php\/2022\/09\/21\/se-forma-depresion-tropical-quince-e-frente-a-costas-de-colima-y-jalisco\/"},"wordCount":215,"commentCount":0,"publisher":{"@id":"https:\/\/fuentesfidedignas.com.mx\/#organization"},"image":{"@id":"https:\/\/fuentesfidedignas.com.mx\/index.php\/2022\/09\/21\/se-forma-depresion-tropical-quince-e-frente-a-costas-de-colima-y-jalisco\/#primaryimage"},"thumbnailUrl":"https:\/\/fuentesfidedignas.com.mx\/wp-content\/uploads\/2022\/09\/TORMENTA_PACIFICO.jpg","articleSection":["NOTICIAS NACIONALES"],"inLanguage":"es","potentialAction":[{"@type":"CommentAction","name":"Comment","target":["https:\/\/fuentesfidedignas.com.mx\/index.php\/2022\/09\/21\/se-forma-depresion-tropical-quince-e-frente-a-costas-de-colima-y-jalisco\/#respond"]}]},{"@type":"WebPage","@id":"https:\/\/fuentesfidedignas.com.mx\/index.php\/2022\/09\/21\/se-forma-depresion-tropical-quince-e-frente-a-costas-de-colima-y-jalisco\/","url":"https:\/\/fuentesfidedignas.com.mx\/index.php\/2022\/09\/21\/se-forma-depresion-tropical-quince-e-frente-a-costas-de-colima-y-jalisco\/","name":"Se forma depresi\u00f3n tropical \u2018Quince-E\u2019 frente a costas de Colima y Jalisco - Fuentes Fidedignas","isPartOf":{"@id":"https:\/\/fuentesfidedignas.com.mx\/#website"},"primaryImageOfPage":{"@id":"https:\/\/fuentesfidedignas.com.mx\/index.php\/2022\/09\/21\/se-forma-depresion-tropical-quince-e-frente-a-costas-de-colima-y-jalisco\/#primaryimage"},"image":{"@id":"https:\/\/fuentesfidedignas.com.mx\/index.php\/2022\/09\/21\/se-forma-depresion-tropical-quince-e-frente-a-costas-de-colima-y-jalisco\/#primaryimage"},"thumbnailUrl":"https:\/\/fuentesfidedignas.com.mx\/wp-content\/uploads\/2022\/09\/TORMENTA_PACIFICO.jpg","datePublished":"2022-09-21T23:57:50+00:00","dateModified":"2022-09-21T23:57:52+00:00","breadcrumb":{"@id":"https:\/\/fuentesfidedignas.com.mx\/index.php\/2022\/09\/21\/se-forma-depresion-tropical-quince-e-frente-a-costas-de-colima-y-jalisco\/#breadcrumb"},"inLanguage":"es","potentialAction":[{"@type":"ReadAction","target":["https:\/\/fuentesfidedignas.com.mx\/index.php\/2022\/09\/21\/se-forma-depresion-tropical-quince-e-frente-a-costas-de-colima-y-jalisco\/"]}]},{"@type":"ImageObject","inLanguage":"es","@id":"https:\/\/fuentesfidedignas.com.mx\/index.php\/2022\/09\/21\/se-forma-depresion-tropical-quince-e-frente-a-costas-de-colima-y-jalisco\/#primaryimage","url":"https:\/\/fuentesfidedignas.com.mx\/wp-content\/uploads\/2022\/09\/TORMENTA_PACIFICO.jpg","contentUrl":"https:\/\/fuentesfidedignas.com.mx\/wp-content\/uploads\/2022\/09\/TORMENTA_PACIFICO.jpg","width":1270,"height":717},{"@type":"BreadcrumbList","@id":"https:\/\/fuentesfidedignas.com.mx\/index.php\/2022\/09\/21\/se-forma-depresion-tropical-quince-e-frente-a-costas-de-colima-y-jalisco\/#breadcrumb","itemListElement":[{"@type":"ListItem","position":1,"name":"Inicio","item":"https:\/\/fuentesfidedignas.com.mx\/"},{"@type":"ListItem","position":2,"name":"Se forma depresi\u00f3n tropical \u2018Quince-E\u2019 frente a costas de Colima y Jalisco"}]},{"@type":"WebSite","@id":"https:\/\/fuentesfidedignas.com.mx\/#website","url":"https:\/\/fuentesfidedignas.com.mx\/","name":"Fuentes Fidedignas","description":"Otro sitio realizado con WordPress","publisher":{"@id":"https:\/\/fuentesfidedignas.com.mx\/#organization"},"potentialAction":[{"@type":"SearchAction","target":{"@type":"EntryPoint","urlTemplate":"https:\/\/fuentesfidedignas.com.mx\/?s={search_term_string}"},"query-input":{"@type":"PropertyValueSpecification","valueRequired":true,"valueName":"search_term_string"}}],"inLanguage":"es"},{"@type":"Organization","@id":"https:\/\/fuentesfidedignas.com.mx\/#organization","name":"Fuentes Fidedignas","url":"https:\/\/fuentesfidedignas.com.mx\/","logo":{"@type":"ImageObject","inLanguage":"es","@id":"https:\/\/fuentesfidedignas.com.mx\/#\/schema\/logo\/image\/","url":"https:\/\/fuentesfidedignas.com.mx\/wp-content\/uploads\/2021\/04\/logo-retina.png","contentUrl":"https:\/\/fuentesfidedignas.com.mx\/wp-content\/uploads\/2021\/04\/logo-retina.png","width":280,"height":51,"caption":"Fuentes Fidedignas"},"image":{"@id":"https:\/\/fuentesfidedignas.com.mx\/#\/schema\/logo\/image\/"},"sameAs":["https:\/\/www.facebook.com\/Fuentes-Fidedignas-368234489921644","https:\/\/x.com\/fidedignas"]},{"@type":"Person","@id":"https:\/\/fuentesfidedignas.com.mx\/#\/schema\/person\/f030e42657a5a464a8bbd891b1aab6ee","name":"Noticieros Televisa","image":{"@type":"ImageObject","inLanguage":"es","@id":"https:\/\/secure.gravatar.com\/avatar\/0e47b9e785a628831b8fd9eaf15e090e106760a879abbd4a3306f128ef5d43a9?s=96&d=mm&r=g","url":"https:\/\/secure.gravatar.com\/avatar\/0e47b9e785a628831b8fd9eaf15e090e106760a879abbd4a3306f128ef5d43a9?s=96&d=mm&r=g","contentUrl":"https:\/\/secure.gravatar.com\/avatar\/0e47b9e785a628831b8fd9eaf15e090e106760a879abbd4a3306f128ef5d43a9?s=96&d=mm&r=g","caption":"Noticieros Televisa"},"url":"https:\/\/fuentesfidedignas.com.mx\/index.php\/author\/noticieros-televisa\/"}]}},"_links":{"self":[{"href":"https:\/\/fuentesfidedignas.com.mx\/index.php\/wp-json\/wp\/v2\/posts\/42963","targetHints":{"allow":["GET"]}}],"collection":[{"href":"https:\/\/fuentesfidedignas.com.mx\/index.php\/wp-json\/wp\/v2\/posts"}],"about":[{"href":"https:\/\/fuentesfidedignas.com.mx\/index.php\/wp-json\/wp\/v2\/types\/post"}],"author":[{"embeddable":true,"href":"https:\/\/fuentesfidedignas.com.mx\/index.php\/wp-json\/wp\/v2\/users\/46"}],"replies":[{"embeddable":true,"href":"https:\/\/fuentesfidedignas.com.mx\/index.php\/wp-json\/wp\/v2\/comments?post=42963"}],"version-history":[{"count":1,"href":"https:\/\/fuentesfidedignas.com.mx\/index.php\/wp-json\/wp\/v2\/posts\/42963\/revisions"}],"predecessor-version":[{"id":42966,"href":"https:\/\/fuentesfidedignas.com.mx\/index.php\/wp-json\/wp\/v2\/posts\/42963\/revisions\/42966"}],"wp:featuredmedia":[{"embeddable":true,"href":"https:\/\/fuentesfidedignas.com.mx\/index.php\/wp-json\/wp\/v2\/media\/42965"}],"wp:attachment":[{"href":"https:\/\/fuentesfidedignas.com.mx\/index.php\/wp-json\/wp\/v2\/media?parent=42963"}],"wp:term":[{"taxonomy":"category","embeddable":true,"href":"https:\/\/fuentesfidedignas.com.mx\/index.php\/wp-json\/wp\/v2\/categories?post=42963"},{"taxonomy":"post_tag","embeddable":true,"href":"https:\/\/fuentesfidedignas.com.mx\/index.php\/wp-json\/wp\/v2\/tags?post=42963"}],"curies":[{"name":"wp","href":"https:\/\/api.w.org\/{rel}","templated":true}]}}