{"id":42954,"date":"2022-09-21T16:40:00","date_gmt":"2022-09-21T22:40:00","guid":{"rendered":"https:\/\/fuentesfidedignas.com.mx\/?p=42954"},"modified":"2022-09-21T17:19:20","modified_gmt":"2022-09-21T23:19:20","slug":"autoridades-estatales-firman-convenio-de-colaboracion-y-lanzan-la-app-sos-ciudadano","status":"publish","type":"post","link":"https:\/\/fuentesfidedignas.com.mx\/index.php\/2022\/09\/21\/autoridades-estatales-firman-convenio-de-colaboracion-y-lanzan-la-app-sos-ciudadano\/","title":{"rendered":"Autoridades estatales firman convenio de colaboraci\u00f3n y lanzan la APP SOS Ciudadano"},"content":{"rendered":"\n<p><strong><em>Con dicha aplicaci\u00f3n se busca una r\u00e1pida atenci\u00f3n a las emergencias pues a trav\u00e9s del tel\u00e9fono se conecta directamente a C4<\/em><\/strong><\/p>\n\n\n\n<p>Culiac\u00e1n, Sinaloa.- Con el objetivo de brindar una herramienta m\u00e1s a las mujeres v\u00edctimas de violencia, as\u00ed como a la sociedad en general, los titulares de la Secretar\u00eda de Seguriad P\u00fablica Estatal, de la Secretar\u00eda de las Mujeres, del Secretariado Ejecutivo del Sistema Estatal de Seguridad P\u00fablica y de la Fiscal\u00eda General del Estado, firmaron un convenio de colaboraci\u00f3n interinstitucional para la implementaci\u00f3n de la aplicaci\u00f3n SOS Ciudadano.<\/p>\n\n\n\n<p>El secretario de Seguridad P\u00fablica, Crist\u00f3bal Casta\u00f1eda Camarillo, expres\u00f3 que esta aplicaci\u00f3n es una herramienta que puede inhibir la comisi\u00f3n de delitos no s\u00f3lo en contra de las mujeres sino en los diferentes sectores de la poblaci\u00f3n ya que cualquier ciudadano la puede utilizar.<\/p>\n\n\n\n<p>Explic\u00f3 que esta App es gratuita y puede ser descargada en cualquier dispositvo m\u00f3vil, ello generar\u00e1 un registro y, en caso de una emergencia, se enlaza directamente a C4i lo cual permite una atenci\u00f3n m\u00e1s r\u00e1pida y oportuna por parte de las autoridades ya que se obtiene la geolocalizaci\u00f3n del denunciante, as\u00ed como imagen y sonido del hecho lo cual ayuda a obtener informaci\u00f3n en tiempo real, adem\u00e1s de que la actuaci\u00f3n de los cuerpos de seguridad y\/o auxilio pudiera demorar entre 2 y 3 minutos, dependiendo el lugar.<\/p>\n\n\n\n<p>Por su parte, la secretaria de las Mujeres, la Dra. Mar\u00eda Teresa Guerra Ochoa, reconoci\u00f3 el esfuerzo hecho por parte de las diferentes autoridades pues es instrucci\u00f3n del Gobernador, Rub\u00e9n Rocha Moya, trabajar en beneficio de las mujeres ante el incremento en la incidencia de violencia familiar, por lo que, destac\u00f3, la implementaci\u00f3n del SOS Ciudadano ser\u00e1 de mucha ayuda.<\/p>\n\n\n\n<p>Dijo que actualmente, 262 mujeres, en su mayor\u00eda que han obtenido medidas de restricci\u00f3n, ya cuentan con la aplicaci\u00f3n, pero se trabaja en la difusi\u00f3n y capacitaci\u00f3n sobre su uso para que aquellas que se sientan vulnerables la puedan utilizar.<\/p>\n\n\n\n<p>Durante su participaci\u00f3n, el titular del Secretariado Ejecutivo del Sistema Estatal de Seguridad P\u00fablica, Ricardo Jenny del Rinc\u00f3n, sostuvo que la firma de dicho convenio significa un logro, pues los meses de trabajo culminan con acciones concretas en pro de mejorar la seguridad, como es la puesta en marcha del SOS Ciudadano.<\/p>\n\n\n\n<p>Comprometi\u00f3 que, a trav\u00e9s del Centro de Control, Comando, Comunicaciones, C\u00f3mputo e Inteligencia y, con el uso de la App, la atenci\u00f3n de las emergencias ser\u00eda m\u00e1s oportuna y precisa.<\/p>\n\n\n\n<p>Finalmente, la Fiscal General del Estado, Sara Bruna Qui\u00f1onez, agreg\u00f3 que el SOS Ciudadano es una importante herramienta para la correcta judicializaci\u00f3n de los hechos pues al obtener evidencia cient\u00edfica, como im\u00e1genes y audios permitir\u00e1 una mayor procuraci\u00f3n de justicia. Asimismo, dijo que, al obtener dicho material, pudieran inciciarse de oficio las indagatorias de algunos casos.<\/p>\n\n\n\n<p>Cabe se\u00f1alar que la aplicaci\u00f3n SOS Ciudadano est\u00e1 disponible en tres diferentes plataformas, es gratuita y cualquier ciudadano puede acceder y hacer uso de ella.<\/p>\n\n\n\n<p>Durante la firma de convenio tambi\u00e9n estuvo presente la subsecretaria de Acceso de las Mujeres a una Vida Libre de Violencia, Conzuelo Guti\u00e9rrez Guti\u00e9rrez, la subsecretaria de Estudios, Proyectos y Desarrollo de la Secretar\u00eda de Seguridad P\u00fablica, Yeraldine Bonilla Valverde, as\u00ed como el subsecretario de Seguridad, Prevenci\u00f3n y Reinserci\u00f3n Social, Carlos Alberto Hern\u00e1ndez Leyva, entre otros representantes empresariales.<\/p>\n","protected":false},"excerpt":{"rendered":"<p>Con dicha aplicaci\u00f3n se busca una r\u00e1pida atenci\u00f3n a las emergencias pues a trav\u00e9s del tel\u00e9fono se conecta directamente a C4 Culiac\u00e1n, Sinaloa.- Con el objetivo de brindar una herramienta m\u00e1s a las mujeres v\u00edctimas de violencia, as\u00ed como a la sociedad en general, los titulares de la Secretar\u00eda de Seguriad P\u00fablica Estatal, de la [&hellip;]<\/p>\n","protected":false},"author":4,"featured_media":42955,"comment_status":"open","ping_status":"open","sticky":false,"template":"","format":"standard","meta":{"tdm_status":"","tdm_grid_status":"","footnotes":""},"categories":[38],"tags":[],"class_list":{"0":"post-42954","1":"post","2":"type-post","3":"status-publish","4":"format-standard","5":"has-post-thumbnail","7":"category-noticias-locales"},"yoast_head":"<!-- This site is optimized with the Yoast SEO plugin v27.5 - https:\/\/yoast.com\/product\/yoast-seo-wordpress\/ -->\n<title>Autoridades estatales firman convenio de colaboraci\u00f3n y lanzan la APP SOS Ciudadano - Fuentes Fidedignas<\/title>\n<meta name=\"robots\" content=\"index, follow, max-snippet:-1, max-image-preview:large, max-video-preview:-1\" \/>\n<link rel=\"canonical\" href=\"https:\/\/fuentesfidedignas.com.mx\/index.php\/2022\/09\/21\/autoridades-estatales-firman-convenio-de-colaboracion-y-lanzan-la-app-sos-ciudadano\/\" \/>\n<meta property=\"og:locale\" content=\"es_MX\" \/>\n<meta property=\"og:type\" content=\"article\" \/>\n<meta property=\"og:title\" content=\"Autoridades estatales firman convenio de colaboraci\u00f3n y lanzan la APP SOS Ciudadano - Fuentes Fidedignas\" \/>\n<meta property=\"og:description\" content=\"Con dicha aplicaci\u00f3n se busca una r\u00e1pida atenci\u00f3n a las emergencias pues a trav\u00e9s del tel\u00e9fono se conecta directamente a C4 Culiac\u00e1n, Sinaloa.- Con el objetivo de brindar una herramienta m\u00e1s a las mujeres v\u00edctimas de violencia, as\u00ed como a la sociedad en general, los titulares de la Secretar\u00eda de Seguriad P\u00fablica Estatal, de la [&hellip;]\" \/>\n<meta property=\"og:url\" content=\"https:\/\/fuentesfidedignas.com.mx\/index.php\/2022\/09\/21\/autoridades-estatales-firman-convenio-de-colaboracion-y-lanzan-la-app-sos-ciudadano\/\" \/>\n<meta property=\"og:site_name\" content=\"Fuentes Fidedignas\" \/>\n<meta property=\"article:publisher\" content=\"https:\/\/www.facebook.com\/Fuentes-Fidedignas-368234489921644\" \/>\n<meta property=\"article:published_time\" content=\"2022-09-21T22:40:00+00:00\" \/>\n<meta property=\"article:modified_time\" content=\"2022-09-21T23:19:20+00:00\" \/>\n<meta property=\"og:image\" content=\"https:\/\/fuentesfidedignas.com.mx\/wp-content\/uploads\/2022\/09\/FIRMA-DE-CONVENIO-SOS-CIUDADANO-6.jpeg\" \/>\n\t<meta property=\"og:image:width\" content=\"1280\" \/>\n\t<meta property=\"og:image:height\" content=\"853\" \/>\n\t<meta property=\"og:image:type\" content=\"image\/jpeg\" \/>\n<meta name=\"author\" content=\"Redacci\u00f3n\" \/>\n<meta name=\"twitter:card\" content=\"summary_large_image\" \/>\n<meta name=\"twitter:creator\" content=\"@fidedignas\" \/>\n<meta name=\"twitter:site\" content=\"@fidedignas\" \/>\n<meta name=\"twitter:label1\" content=\"Escrito por\" \/>\n\t<meta name=\"twitter:data1\" content=\"Redacci\u00f3n\" \/>\n\t<meta name=\"twitter:label2\" content=\"Tiempo de lectura\" \/>\n\t<meta name=\"twitter:data2\" content=\"3 minutos\" \/>\n<script type=\"application\/ld+json\" class=\"yoast-schema-graph\">{\"@context\":\"https:\\\/\\\/schema.org\",\"@graph\":[{\"@type\":\"Article\",\"@id\":\"https:\\\/\\\/fuentesfidedignas.com.mx\\\/index.php\\\/2022\\\/09\\\/21\\\/autoridades-estatales-firman-convenio-de-colaboracion-y-lanzan-la-app-sos-ciudadano\\\/#article\",\"isPartOf\":{\"@id\":\"https:\\\/\\\/fuentesfidedignas.com.mx\\\/index.php\\\/2022\\\/09\\\/21\\\/autoridades-estatales-firman-convenio-de-colaboracion-y-lanzan-la-app-sos-ciudadano\\\/\"},\"author\":{\"name\":\"Redacci\u00f3n\",\"@id\":\"https:\\\/\\\/fuentesfidedignas.com.mx\\\/#\\\/schema\\\/person\\\/331be9283d37198e2acd5750279085b0\"},\"headline\":\"Autoridades estatales firman convenio de colaboraci\u00f3n y lanzan la APP SOS Ciudadano\",\"datePublished\":\"2022-09-21T22:40:00+00:00\",\"dateModified\":\"2022-09-21T23:19:20+00:00\",\"mainEntityOfPage\":{\"@id\":\"https:\\\/\\\/fuentesfidedignas.com.mx\\\/index.php\\\/2022\\\/09\\\/21\\\/autoridades-estatales-firman-convenio-de-colaboracion-y-lanzan-la-app-sos-ciudadano\\\/\"},\"wordCount\":619,\"commentCount\":0,\"publisher\":{\"@id\":\"https:\\\/\\\/fuentesfidedignas.com.mx\\\/#organization\"},\"image\":{\"@id\":\"https:\\\/\\\/fuentesfidedignas.com.mx\\\/index.php\\\/2022\\\/09\\\/21\\\/autoridades-estatales-firman-convenio-de-colaboracion-y-lanzan-la-app-sos-ciudadano\\\/#primaryimage\"},\"thumbnailUrl\":\"https:\\\/\\\/fuentesfidedignas.com.mx\\\/wp-content\\\/uploads\\\/2022\\\/09\\\/FIRMA-DE-CONVENIO-SOS-CIUDADANO-6.jpeg\",\"articleSection\":[\"NOTICIAS LOCALES\"],\"inLanguage\":\"es\",\"potentialAction\":[{\"@type\":\"CommentAction\",\"name\":\"Comment\",\"target\":[\"https:\\\/\\\/fuentesfidedignas.com.mx\\\/index.php\\\/2022\\\/09\\\/21\\\/autoridades-estatales-firman-convenio-de-colaboracion-y-lanzan-la-app-sos-ciudadano\\\/#respond\"]}]},{\"@type\":\"WebPage\",\"@id\":\"https:\\\/\\\/fuentesfidedignas.com.mx\\\/index.php\\\/2022\\\/09\\\/21\\\/autoridades-estatales-firman-convenio-de-colaboracion-y-lanzan-la-app-sos-ciudadano\\\/\",\"url\":\"https:\\\/\\\/fuentesfidedignas.com.mx\\\/index.php\\\/2022\\\/09\\\/21\\\/autoridades-estatales-firman-convenio-de-colaboracion-y-lanzan-la-app-sos-ciudadano\\\/\",\"name\":\"Autoridades estatales firman convenio de colaboraci\u00f3n y lanzan la APP SOS Ciudadano - Fuentes Fidedignas\",\"isPartOf\":{\"@id\":\"https:\\\/\\\/fuentesfidedignas.com.mx\\\/#website\"},\"primaryImageOfPage\":{\"@id\":\"https:\\\/\\\/fuentesfidedignas.com.mx\\\/index.php\\\/2022\\\/09\\\/21\\\/autoridades-estatales-firman-convenio-de-colaboracion-y-lanzan-la-app-sos-ciudadano\\\/#primaryimage\"},\"image\":{\"@id\":\"https:\\\/\\\/fuentesfidedignas.com.mx\\\/index.php\\\/2022\\\/09\\\/21\\\/autoridades-estatales-firman-convenio-de-colaboracion-y-lanzan-la-app-sos-ciudadano\\\/#primaryimage\"},\"thumbnailUrl\":\"https:\\\/\\\/fuentesfidedignas.com.mx\\\/wp-content\\\/uploads\\\/2022\\\/09\\\/FIRMA-DE-CONVENIO-SOS-CIUDADANO-6.jpeg\",\"datePublished\":\"2022-09-21T22:40:00+00:00\",\"dateModified\":\"2022-09-21T23:19:20+00:00\",\"breadcrumb\":{\"@id\":\"https:\\\/\\\/fuentesfidedignas.com.mx\\\/index.php\\\/2022\\\/09\\\/21\\\/autoridades-estatales-firman-convenio-de-colaboracion-y-lanzan-la-app-sos-ciudadano\\\/#breadcrumb\"},\"inLanguage\":\"es\",\"potentialAction\":[{\"@type\":\"ReadAction\",\"target\":[\"https:\\\/\\\/fuentesfidedignas.com.mx\\\/index.php\\\/2022\\\/09\\\/21\\\/autoridades-estatales-firman-convenio-de-colaboracion-y-lanzan-la-app-sos-ciudadano\\\/\"]}]},{\"@type\":\"ImageObject\",\"inLanguage\":\"es\",\"@id\":\"https:\\\/\\\/fuentesfidedignas.com.mx\\\/index.php\\\/2022\\\/09\\\/21\\\/autoridades-estatales-firman-convenio-de-colaboracion-y-lanzan-la-app-sos-ciudadano\\\/#primaryimage\",\"url\":\"https:\\\/\\\/fuentesfidedignas.com.mx\\\/wp-content\\\/uploads\\\/2022\\\/09\\\/FIRMA-DE-CONVENIO-SOS-CIUDADANO-6.jpeg\",\"contentUrl\":\"https:\\\/\\\/fuentesfidedignas.com.mx\\\/wp-content\\\/uploads\\\/2022\\\/09\\\/FIRMA-DE-CONVENIO-SOS-CIUDADANO-6.jpeg\",\"width\":1280,\"height\":853},{\"@type\":\"BreadcrumbList\",\"@id\":\"https:\\\/\\\/fuentesfidedignas.com.mx\\\/index.php\\\/2022\\\/09\\\/21\\\/autoridades-estatales-firman-convenio-de-colaboracion-y-lanzan-la-app-sos-ciudadano\\\/#breadcrumb\",\"itemListElement\":[{\"@type\":\"ListItem\",\"position\":1,\"name\":\"Inicio\",\"item\":\"https:\\\/\\\/fuentesfidedignas.com.mx\\\/\"},{\"@type\":\"ListItem\",\"position\":2,\"name\":\"Autoridades estatales firman convenio de colaboraci\u00f3n y lanzan la APP SOS Ciudadano\"}]},{\"@type\":\"WebSite\",\"@id\":\"https:\\\/\\\/fuentesfidedignas.com.mx\\\/#website\",\"url\":\"https:\\\/\\\/fuentesfidedignas.com.mx\\\/\",\"name\":\"Fuentes Fidedignas\",\"description\":\"Otro sitio realizado con WordPress\",\"publisher\":{\"@id\":\"https:\\\/\\\/fuentesfidedignas.com.mx\\\/#organization\"},\"potentialAction\":[{\"@type\":\"SearchAction\",\"target\":{\"@type\":\"EntryPoint\",\"urlTemplate\":\"https:\\\/\\\/fuentesfidedignas.com.mx\\\/?s={search_term_string}\"},\"query-input\":{\"@type\":\"PropertyValueSpecification\",\"valueRequired\":true,\"valueName\":\"search_term_string\"}}],\"inLanguage\":\"es\"},{\"@type\":\"Organization\",\"@id\":\"https:\\\/\\\/fuentesfidedignas.com.mx\\\/#organization\",\"name\":\"Fuentes Fidedignas\",\"url\":\"https:\\\/\\\/fuentesfidedignas.com.mx\\\/\",\"logo\":{\"@type\":\"ImageObject\",\"inLanguage\":\"es\",\"@id\":\"https:\\\/\\\/fuentesfidedignas.com.mx\\\/#\\\/schema\\\/logo\\\/image\\\/\",\"url\":\"https:\\\/\\\/fuentesfidedignas.com.mx\\\/wp-content\\\/uploads\\\/2021\\\/04\\\/logo-retina.png\",\"contentUrl\":\"https:\\\/\\\/fuentesfidedignas.com.mx\\\/wp-content\\\/uploads\\\/2021\\\/04\\\/logo-retina.png\",\"width\":280,\"height\":51,\"caption\":\"Fuentes Fidedignas\"},\"image\":{\"@id\":\"https:\\\/\\\/fuentesfidedignas.com.mx\\\/#\\\/schema\\\/logo\\\/image\\\/\"},\"sameAs\":[\"https:\\\/\\\/www.facebook.com\\\/Fuentes-Fidedignas-368234489921644\",\"https:\\\/\\\/x.com\\\/fidedignas\"]},{\"@type\":\"Person\",\"@id\":\"https:\\\/\\\/fuentesfidedignas.com.mx\\\/#\\\/schema\\\/person\\\/331be9283d37198e2acd5750279085b0\",\"name\":\"Redacci\u00f3n\",\"image\":{\"@type\":\"ImageObject\",\"inLanguage\":\"es\",\"@id\":\"https:\\\/\\\/secure.gravatar.com\\\/avatar\\\/f6d8782c11d12b2d4ad3fbb6931aeab5309937a4d6cd2fc9cfaa28a6396a5aec?s=96&d=mm&r=g\",\"url\":\"https:\\\/\\\/secure.gravatar.com\\\/avatar\\\/f6d8782c11d12b2d4ad3fbb6931aeab5309937a4d6cd2fc9cfaa28a6396a5aec?s=96&d=mm&r=g\",\"contentUrl\":\"https:\\\/\\\/secure.gravatar.com\\\/avatar\\\/f6d8782c11d12b2d4ad3fbb6931aeab5309937a4d6cd2fc9cfaa28a6396a5aec?s=96&d=mm&r=g\",\"caption\":\"Redacci\u00f3n\"},\"url\":\"https:\\\/\\\/fuentesfidedignas.com.mx\\\/index.php\\\/author\\\/redaccion\\\/\"}]}<\/script>\n<!-- \/ Yoast SEO plugin. -->","yoast_head_json":{"title":"Autoridades estatales firman convenio de colaboraci\u00f3n y lanzan la APP SOS Ciudadano - Fuentes Fidedignas","robots":{"index":"index","follow":"follow","max-snippet":"max-snippet:-1","max-image-preview":"max-image-preview:large","max-video-preview":"max-video-preview:-1"},"canonical":"https:\/\/fuentesfidedignas.com.mx\/index.php\/2022\/09\/21\/autoridades-estatales-firman-convenio-de-colaboracion-y-lanzan-la-app-sos-ciudadano\/","og_locale":"es_MX","og_type":"article","og_title":"Autoridades estatales firman convenio de colaboraci\u00f3n y lanzan la APP SOS Ciudadano - Fuentes Fidedignas","og_description":"Con dicha aplicaci\u00f3n se busca una r\u00e1pida atenci\u00f3n a las emergencias pues a trav\u00e9s del tel\u00e9fono se conecta directamente a C4 Culiac\u00e1n, Sinaloa.- Con el objetivo de brindar una herramienta m\u00e1s a las mujeres v\u00edctimas de violencia, as\u00ed como a la sociedad en general, los titulares de la Secretar\u00eda de Seguriad P\u00fablica Estatal, de la [&hellip;]","og_url":"https:\/\/fuentesfidedignas.com.mx\/index.php\/2022\/09\/21\/autoridades-estatales-firman-convenio-de-colaboracion-y-lanzan-la-app-sos-ciudadano\/","og_site_name":"Fuentes Fidedignas","article_publisher":"https:\/\/www.facebook.com\/Fuentes-Fidedignas-368234489921644","article_published_time":"2022-09-21T22:40:00+00:00","article_modified_time":"2022-09-21T23:19:20+00:00","og_image":[{"width":1280,"height":853,"url":"https:\/\/fuentesfidedignas.com.mx\/wp-content\/uploads\/2022\/09\/FIRMA-DE-CONVENIO-SOS-CIUDADANO-6.jpeg","type":"image\/jpeg"}],"author":"Redacci\u00f3n","twitter_card":"summary_large_image","twitter_creator":"@fidedignas","twitter_site":"@fidedignas","twitter_misc":{"Escrito por":"Redacci\u00f3n","Tiempo de lectura":"3 minutos"},"schema":{"@context":"https:\/\/schema.org","@graph":[{"@type":"Article","@id":"https:\/\/fuentesfidedignas.com.mx\/index.php\/2022\/09\/21\/autoridades-estatales-firman-convenio-de-colaboracion-y-lanzan-la-app-sos-ciudadano\/#article","isPartOf":{"@id":"https:\/\/fuentesfidedignas.com.mx\/index.php\/2022\/09\/21\/autoridades-estatales-firman-convenio-de-colaboracion-y-lanzan-la-app-sos-ciudadano\/"},"author":{"name":"Redacci\u00f3n","@id":"https:\/\/fuentesfidedignas.com.mx\/#\/schema\/person\/331be9283d37198e2acd5750279085b0"},"headline":"Autoridades estatales firman convenio de colaboraci\u00f3n y lanzan la APP SOS Ciudadano","datePublished":"2022-09-21T22:40:00+00:00","dateModified":"2022-09-21T23:19:20+00:00","mainEntityOfPage":{"@id":"https:\/\/fuentesfidedignas.com.mx\/index.php\/2022\/09\/21\/autoridades-estatales-firman-convenio-de-colaboracion-y-lanzan-la-app-sos-ciudadano\/"},"wordCount":619,"commentCount":0,"publisher":{"@id":"https:\/\/fuentesfidedignas.com.mx\/#organization"},"image":{"@id":"https:\/\/fuentesfidedignas.com.mx\/index.php\/2022\/09\/21\/autoridades-estatales-firman-convenio-de-colaboracion-y-lanzan-la-app-sos-ciudadano\/#primaryimage"},"thumbnailUrl":"https:\/\/fuentesfidedignas.com.mx\/wp-content\/uploads\/2022\/09\/FIRMA-DE-CONVENIO-SOS-CIUDADANO-6.jpeg","articleSection":["NOTICIAS LOCALES"],"inLanguage":"es","potentialAction":[{"@type":"CommentAction","name":"Comment","target":["https:\/\/fuentesfidedignas.com.mx\/index.php\/2022\/09\/21\/autoridades-estatales-firman-convenio-de-colaboracion-y-lanzan-la-app-sos-ciudadano\/#respond"]}]},{"@type":"WebPage","@id":"https:\/\/fuentesfidedignas.com.mx\/index.php\/2022\/09\/21\/autoridades-estatales-firman-convenio-de-colaboracion-y-lanzan-la-app-sos-ciudadano\/","url":"https:\/\/fuentesfidedignas.com.mx\/index.php\/2022\/09\/21\/autoridades-estatales-firman-convenio-de-colaboracion-y-lanzan-la-app-sos-ciudadano\/","name":"Autoridades estatales firman convenio de colaboraci\u00f3n y lanzan la APP SOS Ciudadano - Fuentes Fidedignas","isPartOf":{"@id":"https:\/\/fuentesfidedignas.com.mx\/#website"},"primaryImageOfPage":{"@id":"https:\/\/fuentesfidedignas.com.mx\/index.php\/2022\/09\/21\/autoridades-estatales-firman-convenio-de-colaboracion-y-lanzan-la-app-sos-ciudadano\/#primaryimage"},"image":{"@id":"https:\/\/fuentesfidedignas.com.mx\/index.php\/2022\/09\/21\/autoridades-estatales-firman-convenio-de-colaboracion-y-lanzan-la-app-sos-ciudadano\/#primaryimage"},"thumbnailUrl":"https:\/\/fuentesfidedignas.com.mx\/wp-content\/uploads\/2022\/09\/FIRMA-DE-CONVENIO-SOS-CIUDADANO-6.jpeg","datePublished":"2022-09-21T22:40:00+00:00","dateModified":"2022-09-21T23:19:20+00:00","breadcrumb":{"@id":"https:\/\/fuentesfidedignas.com.mx\/index.php\/2022\/09\/21\/autoridades-estatales-firman-convenio-de-colaboracion-y-lanzan-la-app-sos-ciudadano\/#breadcrumb"},"inLanguage":"es","potentialAction":[{"@type":"ReadAction","target":["https:\/\/fuentesfidedignas.com.mx\/index.php\/2022\/09\/21\/autoridades-estatales-firman-convenio-de-colaboracion-y-lanzan-la-app-sos-ciudadano\/"]}]},{"@type":"ImageObject","inLanguage":"es","@id":"https:\/\/fuentesfidedignas.com.mx\/index.php\/2022\/09\/21\/autoridades-estatales-firman-convenio-de-colaboracion-y-lanzan-la-app-sos-ciudadano\/#primaryimage","url":"https:\/\/fuentesfidedignas.com.mx\/wp-content\/uploads\/2022\/09\/FIRMA-DE-CONVENIO-SOS-CIUDADANO-6.jpeg","contentUrl":"https:\/\/fuentesfidedignas.com.mx\/wp-content\/uploads\/2022\/09\/FIRMA-DE-CONVENIO-SOS-CIUDADANO-6.jpeg","width":1280,"height":853},{"@type":"BreadcrumbList","@id":"https:\/\/fuentesfidedignas.com.mx\/index.php\/2022\/09\/21\/autoridades-estatales-firman-convenio-de-colaboracion-y-lanzan-la-app-sos-ciudadano\/#breadcrumb","itemListElement":[{"@type":"ListItem","position":1,"name":"Inicio","item":"https:\/\/fuentesfidedignas.com.mx\/"},{"@type":"ListItem","position":2,"name":"Autoridades estatales firman convenio de colaboraci\u00f3n y lanzan la APP SOS Ciudadano"}]},{"@type":"WebSite","@id":"https:\/\/fuentesfidedignas.com.mx\/#website","url":"https:\/\/fuentesfidedignas.com.mx\/","name":"Fuentes Fidedignas","description":"Otro sitio realizado con WordPress","publisher":{"@id":"https:\/\/fuentesfidedignas.com.mx\/#organization"},"potentialAction":[{"@type":"SearchAction","target":{"@type":"EntryPoint","urlTemplate":"https:\/\/fuentesfidedignas.com.mx\/?s={search_term_string}"},"query-input":{"@type":"PropertyValueSpecification","valueRequired":true,"valueName":"search_term_string"}}],"inLanguage":"es"},{"@type":"Organization","@id":"https:\/\/fuentesfidedignas.com.mx\/#organization","name":"Fuentes Fidedignas","url":"https:\/\/fuentesfidedignas.com.mx\/","logo":{"@type":"ImageObject","inLanguage":"es","@id":"https:\/\/fuentesfidedignas.com.mx\/#\/schema\/logo\/image\/","url":"https:\/\/fuentesfidedignas.com.mx\/wp-content\/uploads\/2021\/04\/logo-retina.png","contentUrl":"https:\/\/fuentesfidedignas.com.mx\/wp-content\/uploads\/2021\/04\/logo-retina.png","width":280,"height":51,"caption":"Fuentes Fidedignas"},"image":{"@id":"https:\/\/fuentesfidedignas.com.mx\/#\/schema\/logo\/image\/"},"sameAs":["https:\/\/www.facebook.com\/Fuentes-Fidedignas-368234489921644","https:\/\/x.com\/fidedignas"]},{"@type":"Person","@id":"https:\/\/fuentesfidedignas.com.mx\/#\/schema\/person\/331be9283d37198e2acd5750279085b0","name":"Redacci\u00f3n","image":{"@type":"ImageObject","inLanguage":"es","@id":"https:\/\/secure.gravatar.com\/avatar\/f6d8782c11d12b2d4ad3fbb6931aeab5309937a4d6cd2fc9cfaa28a6396a5aec?s=96&d=mm&r=g","url":"https:\/\/secure.gravatar.com\/avatar\/f6d8782c11d12b2d4ad3fbb6931aeab5309937a4d6cd2fc9cfaa28a6396a5aec?s=96&d=mm&r=g","contentUrl":"https:\/\/secure.gravatar.com\/avatar\/f6d8782c11d12b2d4ad3fbb6931aeab5309937a4d6cd2fc9cfaa28a6396a5aec?s=96&d=mm&r=g","caption":"Redacci\u00f3n"},"url":"https:\/\/fuentesfidedignas.com.mx\/index.php\/author\/redaccion\/"}]}},"_links":{"self":[{"href":"https:\/\/fuentesfidedignas.com.mx\/index.php\/wp-json\/wp\/v2\/posts\/42954","targetHints":{"allow":["GET"]}}],"collection":[{"href":"https:\/\/fuentesfidedignas.com.mx\/index.php\/wp-json\/wp\/v2\/posts"}],"about":[{"href":"https:\/\/fuentesfidedignas.com.mx\/index.php\/wp-json\/wp\/v2\/types\/post"}],"author":[{"embeddable":true,"href":"https:\/\/fuentesfidedignas.com.mx\/index.php\/wp-json\/wp\/v2\/users\/4"}],"replies":[{"embeddable":true,"href":"https:\/\/fuentesfidedignas.com.mx\/index.php\/wp-json\/wp\/v2\/comments?post=42954"}],"version-history":[{"count":1,"href":"https:\/\/fuentesfidedignas.com.mx\/index.php\/wp-json\/wp\/v2\/posts\/42954\/revisions"}],"predecessor-version":[{"id":42956,"href":"https:\/\/fuentesfidedignas.com.mx\/index.php\/wp-json\/wp\/v2\/posts\/42954\/revisions\/42956"}],"wp:featuredmedia":[{"embeddable":true,"href":"https:\/\/fuentesfidedignas.com.mx\/index.php\/wp-json\/wp\/v2\/media\/42955"}],"wp:attachment":[{"href":"https:\/\/fuentesfidedignas.com.mx\/index.php\/wp-json\/wp\/v2\/media?parent=42954"}],"wp:term":[{"taxonomy":"category","embeddable":true,"href":"https:\/\/fuentesfidedignas.com.mx\/index.php\/wp-json\/wp\/v2\/categories?post=42954"},{"taxonomy":"post_tag","embeddable":true,"href":"https:\/\/fuentesfidedignas.com.mx\/index.php\/wp-json\/wp\/v2\/tags?post=42954"}],"curies":[{"name":"wp","href":"https:\/\/api.w.org\/{rel}","templated":true}]}}