{"id":42890,"date":"2022-09-20T16:48:12","date_gmt":"2022-09-20T22:48:12","guid":{"rendered":"https:\/\/fuentesfidedignas.com.mx\/?p=42890"},"modified":"2022-09-20T16:48:13","modified_gmt":"2022-09-20T22:48:13","slug":"cae-techo-en-escuela-de-veracruz-mientras-los-alumnos-toman-clases","status":"publish","type":"post","link":"https:\/\/fuentesfidedignas.com.mx\/index.php\/2022\/09\/20\/cae-techo-en-escuela-de-veracruz-mientras-los-alumnos-toman-clases\/","title":{"rendered":"Cae techo en escuela de Veracruz mientras los alumnos toman clases"},"content":{"rendered":"\n<p><strong><em>Alumnos de una escuela en Boca del R\u00edo, Veracruz, son evacuados luego de que cayera gran parte del techo sobre varios salones<\/em><\/strong><\/p>\n\n\n\n<p>Veracruz.- Gran susto se llevaron los alumnos de una escuela ubicada en la calle Progreso, en el fraccionamiento Jardines de Mocambo, en Boca del R\u00edo, Veracruz, al caer parte de techo de varios salones. Todos los estudiantes se encontraban en sus salones tomando sus clases cuando escucharon un fuerte ruido.<\/p>\n\n\n\n<p>\u201cEst\u00e1bamos en el sal\u00f3n de clases tomando las clases de matem\u00e1ticas y justamente se oy\u00f3 como un taca y de pronto se cay\u00f3 todo, se cay\u00f3 el techo de la parte de arriba, estuvo fuerte, \u00bfde qu\u00e9 \u00e1rea? de la arte de primaria, aqu\u00ed del americano pero afortunadamente no hab\u00eda nadie en el techo de la parte de arriba\u201d, dijo el alumno Santiago Mart\u00ednez.<\/p>\n\n\n\n<p>La alumna Vale Cruz dijo que el incidente ocurri\u00f3 despu\u00e9s de las 8 de la ma\u00f1ana.<\/p>\n\n\n\n<p>\u201cS\u00ed era despu\u00e9s de esa hora, nosotros escuchamos un ruido muy fuerte y cre\u00edmos que fue por la lluvia, pero como la secundaria est\u00e1 a la vuelta de nuestro sal\u00f3n empezaron a mandar fotos y un video de que justamente se hab\u00eda ca\u00eddo el techo y m\u00e1s o menos logramos ver, al principio seguimos con la siguiente clase, pero en el receso nos dijeron que nos ten\u00edamos que ir.\u201d<\/p>\n\n\n\n<p>Los alumnos fueron evacuados de la escuela, las clases fueron suspendidas y los padres comenzaron a ir por sus hijos.<\/p>\n\n\n\n<p>\u201cNos dijeron que baj\u00e1ramos, nos llevaron primero al \u00e1rea de la universidad despu\u00e9s a la biblioteca y ah\u00ed estuvimos esperando, estuvimos como una hora y ahorita algunos siguen all\u00e1 arriba\u201d, dijo el alumno Santiago Mart\u00ednez.<\/p>\n\n\n\n<p>La alumna Vale Cruz dijo que los alumnos comenzaron a llamar a sus pap\u00e1s y que fue un gran tramo del techo lo que cay\u00f3. Dijo que se escuchaban las patrullas.<\/p>\n\n\n\n<p>\u201cNos dijeron que todo estaba bien que no sali\u00f3 ning\u00fan herido pero que nos tienen que sacar por protocolo de seguridad para que Protecci\u00f3n Civil verifique que no hubo ning\u00fan da\u00f1o\u201d.<\/p>\n\n\n\n<p>Personal de Protecci\u00f3n Civil de Boca del R\u00edo acudi\u00f3 a revisar las instalaciones en lo que los padres acud\u00edan por sus hijos.<\/p>\n\n\n\n<p>\u201cEstuvo feo, ojal\u00e1 y Protecci\u00f3n Civil revise, pero toda la escuela porque en estos dos a\u00f1os de pandemia, creo que no hubo nada de mantenimiento. Por lo que veo en los video y fotos si est\u00e1 feo\u201d, se\u00f1al\u00f3 Tania Parroqu\u00edn, madre de familia.<\/p>\n\n\n\n<p>\u201cS\u00e9 que las autoridades de Protecci\u00f3n Civil del municipio est\u00e1n ya analizando, est\u00e1n viendo lo que pudo haber ocurrido, el peritaje ya lo dar\u00e1 la escuela, afortunadamente no hay ning\u00fan ni\u00f1o lesionado eso es lo que me comentaron y pues si los padres de familia vienen por sus hijos\u201d, se\u00f1al\u00f3 Mari Jos\u00e9 Gamboa, madre de familia<\/p>\n\n\n\n<p>De parte de la instituci\u00f3n no hubo declaraci\u00f3n e informaron que ser\u00e1 a trav\u00e9s de un comunicado donde se dar\u00e1 a conocer el peritaje y cuando se retomar\u00e1n las clases.<\/p>\n","protected":false},"excerpt":{"rendered":"<p>Alumnos de una escuela en Boca del R\u00edo, Veracruz, son evacuados luego de que cayera gran parte del techo sobre varios salones Veracruz.- Gran susto se llevaron los alumnos de una escuela ubicada en la calle Progreso, en el fraccionamiento Jardines de Mocambo, en Boca del R\u00edo, Veracruz, al caer parte de techo de varios [&hellip;]<\/p>\n","protected":false},"author":46,"featured_media":42891,"comment_status":"open","ping_status":"open","sticky":false,"template":"","format":"standard","meta":{"tdm_status":"","tdm_grid_status":"","footnotes":""},"categories":[39],"tags":[],"class_list":{"0":"post-42890","1":"post","2":"type-post","3":"status-publish","4":"format-standard","5":"has-post-thumbnail","7":"category-noticias-nacionales"},"yoast_head":"<!-- This site is optimized with the Yoast SEO plugin v27.5 - https:\/\/yoast.com\/product\/yoast-seo-wordpress\/ -->\n<title>Cae techo en escuela de Veracruz mientras los alumnos toman clases - Fuentes Fidedignas<\/title>\n<meta name=\"robots\" content=\"index, follow, max-snippet:-1, max-image-preview:large, max-video-preview:-1\" \/>\n<link rel=\"canonical\" href=\"https:\/\/fuentesfidedignas.com.mx\/index.php\/2022\/09\/20\/cae-techo-en-escuela-de-veracruz-mientras-los-alumnos-toman-clases\/\" \/>\n<meta property=\"og:locale\" content=\"es_MX\" \/>\n<meta property=\"og:type\" content=\"article\" \/>\n<meta property=\"og:title\" content=\"Cae techo en escuela de Veracruz mientras los alumnos toman clases - Fuentes Fidedignas\" \/>\n<meta property=\"og:description\" content=\"Alumnos de una escuela en Boca del R\u00edo, Veracruz, son evacuados luego de que cayera gran parte del techo sobre varios salones Veracruz.- Gran susto se llevaron los alumnos de una escuela ubicada en la calle Progreso, en el fraccionamiento Jardines de Mocambo, en Boca del R\u00edo, Veracruz, al caer parte de techo de varios [&hellip;]\" \/>\n<meta property=\"og:url\" content=\"https:\/\/fuentesfidedignas.com.mx\/index.php\/2022\/09\/20\/cae-techo-en-escuela-de-veracruz-mientras-los-alumnos-toman-clases\/\" \/>\n<meta property=\"og:site_name\" content=\"Fuentes Fidedignas\" \/>\n<meta property=\"article:publisher\" content=\"https:\/\/www.facebook.com\/Fuentes-Fidedignas-368234489921644\" \/>\n<meta property=\"article:published_time\" content=\"2022-09-20T22:48:12+00:00\" \/>\n<meta property=\"article:modified_time\" content=\"2022-09-20T22:48:13+00:00\" \/>\n<meta property=\"og:image\" content=\"https:\/\/fuentesfidedignas.com.mx\/wp-content\/uploads\/2022\/09\/TECHO_ESCUELA.jpg\" \/>\n\t<meta property=\"og:image:width\" content=\"1269\" \/>\n\t<meta property=\"og:image:height\" content=\"656\" \/>\n\t<meta property=\"og:image:type\" content=\"image\/jpeg\" \/>\n<meta name=\"author\" content=\"Noticieros Televisa\" \/>\n<meta name=\"twitter:card\" content=\"summary_large_image\" \/>\n<meta name=\"twitter:creator\" content=\"@fidedignas\" \/>\n<meta name=\"twitter:site\" content=\"@fidedignas\" \/>\n<meta name=\"twitter:label1\" content=\"Escrito por\" \/>\n\t<meta name=\"twitter:data1\" content=\"Noticieros Televisa\" \/>\n\t<meta name=\"twitter:label2\" content=\"Tiempo de lectura\" \/>\n\t<meta name=\"twitter:data2\" content=\"3 minutos\" \/>\n<script type=\"application\/ld+json\" class=\"yoast-schema-graph\">{\"@context\":\"https:\\\/\\\/schema.org\",\"@graph\":[{\"@type\":\"Article\",\"@id\":\"https:\\\/\\\/fuentesfidedignas.com.mx\\\/index.php\\\/2022\\\/09\\\/20\\\/cae-techo-en-escuela-de-veracruz-mientras-los-alumnos-toman-clases\\\/#article\",\"isPartOf\":{\"@id\":\"https:\\\/\\\/fuentesfidedignas.com.mx\\\/index.php\\\/2022\\\/09\\\/20\\\/cae-techo-en-escuela-de-veracruz-mientras-los-alumnos-toman-clases\\\/\"},\"author\":{\"name\":\"Noticieros Televisa\",\"@id\":\"https:\\\/\\\/fuentesfidedignas.com.mx\\\/#\\\/schema\\\/person\\\/f030e42657a5a464a8bbd891b1aab6ee\"},\"headline\":\"Cae techo en escuela de Veracruz mientras los alumnos toman clases\",\"datePublished\":\"2022-09-20T22:48:12+00:00\",\"dateModified\":\"2022-09-20T22:48:13+00:00\",\"mainEntityOfPage\":{\"@id\":\"https:\\\/\\\/fuentesfidedignas.com.mx\\\/index.php\\\/2022\\\/09\\\/20\\\/cae-techo-en-escuela-de-veracruz-mientras-los-alumnos-toman-clases\\\/\"},\"wordCount\":541,\"commentCount\":0,\"publisher\":{\"@id\":\"https:\\\/\\\/fuentesfidedignas.com.mx\\\/#organization\"},\"image\":{\"@id\":\"https:\\\/\\\/fuentesfidedignas.com.mx\\\/index.php\\\/2022\\\/09\\\/20\\\/cae-techo-en-escuela-de-veracruz-mientras-los-alumnos-toman-clases\\\/#primaryimage\"},\"thumbnailUrl\":\"https:\\\/\\\/fuentesfidedignas.com.mx\\\/wp-content\\\/uploads\\\/2022\\\/09\\\/TECHO_ESCUELA.jpg\",\"articleSection\":[\"NOTICIAS NACIONALES\"],\"inLanguage\":\"es\",\"potentialAction\":[{\"@type\":\"CommentAction\",\"name\":\"Comment\",\"target\":[\"https:\\\/\\\/fuentesfidedignas.com.mx\\\/index.php\\\/2022\\\/09\\\/20\\\/cae-techo-en-escuela-de-veracruz-mientras-los-alumnos-toman-clases\\\/#respond\"]}]},{\"@type\":\"WebPage\",\"@id\":\"https:\\\/\\\/fuentesfidedignas.com.mx\\\/index.php\\\/2022\\\/09\\\/20\\\/cae-techo-en-escuela-de-veracruz-mientras-los-alumnos-toman-clases\\\/\",\"url\":\"https:\\\/\\\/fuentesfidedignas.com.mx\\\/index.php\\\/2022\\\/09\\\/20\\\/cae-techo-en-escuela-de-veracruz-mientras-los-alumnos-toman-clases\\\/\",\"name\":\"Cae techo en escuela de Veracruz mientras los alumnos toman clases - Fuentes Fidedignas\",\"isPartOf\":{\"@id\":\"https:\\\/\\\/fuentesfidedignas.com.mx\\\/#website\"},\"primaryImageOfPage\":{\"@id\":\"https:\\\/\\\/fuentesfidedignas.com.mx\\\/index.php\\\/2022\\\/09\\\/20\\\/cae-techo-en-escuela-de-veracruz-mientras-los-alumnos-toman-clases\\\/#primaryimage\"},\"image\":{\"@id\":\"https:\\\/\\\/fuentesfidedignas.com.mx\\\/index.php\\\/2022\\\/09\\\/20\\\/cae-techo-en-escuela-de-veracruz-mientras-los-alumnos-toman-clases\\\/#primaryimage\"},\"thumbnailUrl\":\"https:\\\/\\\/fuentesfidedignas.com.mx\\\/wp-content\\\/uploads\\\/2022\\\/09\\\/TECHO_ESCUELA.jpg\",\"datePublished\":\"2022-09-20T22:48:12+00:00\",\"dateModified\":\"2022-09-20T22:48:13+00:00\",\"breadcrumb\":{\"@id\":\"https:\\\/\\\/fuentesfidedignas.com.mx\\\/index.php\\\/2022\\\/09\\\/20\\\/cae-techo-en-escuela-de-veracruz-mientras-los-alumnos-toman-clases\\\/#breadcrumb\"},\"inLanguage\":\"es\",\"potentialAction\":[{\"@type\":\"ReadAction\",\"target\":[\"https:\\\/\\\/fuentesfidedignas.com.mx\\\/index.php\\\/2022\\\/09\\\/20\\\/cae-techo-en-escuela-de-veracruz-mientras-los-alumnos-toman-clases\\\/\"]}]},{\"@type\":\"ImageObject\",\"inLanguage\":\"es\",\"@id\":\"https:\\\/\\\/fuentesfidedignas.com.mx\\\/index.php\\\/2022\\\/09\\\/20\\\/cae-techo-en-escuela-de-veracruz-mientras-los-alumnos-toman-clases\\\/#primaryimage\",\"url\":\"https:\\\/\\\/fuentesfidedignas.com.mx\\\/wp-content\\\/uploads\\\/2022\\\/09\\\/TECHO_ESCUELA.jpg\",\"contentUrl\":\"https:\\\/\\\/fuentesfidedignas.com.mx\\\/wp-content\\\/uploads\\\/2022\\\/09\\\/TECHO_ESCUELA.jpg\",\"width\":1269,\"height\":656},{\"@type\":\"BreadcrumbList\",\"@id\":\"https:\\\/\\\/fuentesfidedignas.com.mx\\\/index.php\\\/2022\\\/09\\\/20\\\/cae-techo-en-escuela-de-veracruz-mientras-los-alumnos-toman-clases\\\/#breadcrumb\",\"itemListElement\":[{\"@type\":\"ListItem\",\"position\":1,\"name\":\"Inicio\",\"item\":\"https:\\\/\\\/fuentesfidedignas.com.mx\\\/\"},{\"@type\":\"ListItem\",\"position\":2,\"name\":\"Cae techo en escuela de Veracruz mientras los alumnos toman clases\"}]},{\"@type\":\"WebSite\",\"@id\":\"https:\\\/\\\/fuentesfidedignas.com.mx\\\/#website\",\"url\":\"https:\\\/\\\/fuentesfidedignas.com.mx\\\/\",\"name\":\"Fuentes Fidedignas\",\"description\":\"Otro sitio realizado con WordPress\",\"publisher\":{\"@id\":\"https:\\\/\\\/fuentesfidedignas.com.mx\\\/#organization\"},\"potentialAction\":[{\"@type\":\"SearchAction\",\"target\":{\"@type\":\"EntryPoint\",\"urlTemplate\":\"https:\\\/\\\/fuentesfidedignas.com.mx\\\/?s={search_term_string}\"},\"query-input\":{\"@type\":\"PropertyValueSpecification\",\"valueRequired\":true,\"valueName\":\"search_term_string\"}}],\"inLanguage\":\"es\"},{\"@type\":\"Organization\",\"@id\":\"https:\\\/\\\/fuentesfidedignas.com.mx\\\/#organization\",\"name\":\"Fuentes Fidedignas\",\"url\":\"https:\\\/\\\/fuentesfidedignas.com.mx\\\/\",\"logo\":{\"@type\":\"ImageObject\",\"inLanguage\":\"es\",\"@id\":\"https:\\\/\\\/fuentesfidedignas.com.mx\\\/#\\\/schema\\\/logo\\\/image\\\/\",\"url\":\"https:\\\/\\\/fuentesfidedignas.com.mx\\\/wp-content\\\/uploads\\\/2021\\\/04\\\/logo-retina.png\",\"contentUrl\":\"https:\\\/\\\/fuentesfidedignas.com.mx\\\/wp-content\\\/uploads\\\/2021\\\/04\\\/logo-retina.png\",\"width\":280,\"height\":51,\"caption\":\"Fuentes Fidedignas\"},\"image\":{\"@id\":\"https:\\\/\\\/fuentesfidedignas.com.mx\\\/#\\\/schema\\\/logo\\\/image\\\/\"},\"sameAs\":[\"https:\\\/\\\/www.facebook.com\\\/Fuentes-Fidedignas-368234489921644\",\"https:\\\/\\\/x.com\\\/fidedignas\"]},{\"@type\":\"Person\",\"@id\":\"https:\\\/\\\/fuentesfidedignas.com.mx\\\/#\\\/schema\\\/person\\\/f030e42657a5a464a8bbd891b1aab6ee\",\"name\":\"Noticieros Televisa\",\"image\":{\"@type\":\"ImageObject\",\"inLanguage\":\"es\",\"@id\":\"https:\\\/\\\/secure.gravatar.com\\\/avatar\\\/0e47b9e785a628831b8fd9eaf15e090e106760a879abbd4a3306f128ef5d43a9?s=96&d=mm&r=g\",\"url\":\"https:\\\/\\\/secure.gravatar.com\\\/avatar\\\/0e47b9e785a628831b8fd9eaf15e090e106760a879abbd4a3306f128ef5d43a9?s=96&d=mm&r=g\",\"contentUrl\":\"https:\\\/\\\/secure.gravatar.com\\\/avatar\\\/0e47b9e785a628831b8fd9eaf15e090e106760a879abbd4a3306f128ef5d43a9?s=96&d=mm&r=g\",\"caption\":\"Noticieros Televisa\"},\"url\":\"https:\\\/\\\/fuentesfidedignas.com.mx\\\/index.php\\\/author\\\/noticieros-televisa\\\/\"}]}<\/script>\n<!-- \/ Yoast SEO plugin. -->","yoast_head_json":{"title":"Cae techo en escuela de Veracruz mientras los alumnos toman clases - Fuentes Fidedignas","robots":{"index":"index","follow":"follow","max-snippet":"max-snippet:-1","max-image-preview":"max-image-preview:large","max-video-preview":"max-video-preview:-1"},"canonical":"https:\/\/fuentesfidedignas.com.mx\/index.php\/2022\/09\/20\/cae-techo-en-escuela-de-veracruz-mientras-los-alumnos-toman-clases\/","og_locale":"es_MX","og_type":"article","og_title":"Cae techo en escuela de Veracruz mientras los alumnos toman clases - Fuentes Fidedignas","og_description":"Alumnos de una escuela en Boca del R\u00edo, Veracruz, son evacuados luego de que cayera gran parte del techo sobre varios salones Veracruz.- Gran susto se llevaron los alumnos de una escuela ubicada en la calle Progreso, en el fraccionamiento Jardines de Mocambo, en Boca del R\u00edo, Veracruz, al caer parte de techo de varios [&hellip;]","og_url":"https:\/\/fuentesfidedignas.com.mx\/index.php\/2022\/09\/20\/cae-techo-en-escuela-de-veracruz-mientras-los-alumnos-toman-clases\/","og_site_name":"Fuentes Fidedignas","article_publisher":"https:\/\/www.facebook.com\/Fuentes-Fidedignas-368234489921644","article_published_time":"2022-09-20T22:48:12+00:00","article_modified_time":"2022-09-20T22:48:13+00:00","og_image":[{"width":1269,"height":656,"url":"https:\/\/fuentesfidedignas.com.mx\/wp-content\/uploads\/2022\/09\/TECHO_ESCUELA.jpg","type":"image\/jpeg"}],"author":"Noticieros Televisa","twitter_card":"summary_large_image","twitter_creator":"@fidedignas","twitter_site":"@fidedignas","twitter_misc":{"Escrito por":"Noticieros Televisa","Tiempo de lectura":"3 minutos"},"schema":{"@context":"https:\/\/schema.org","@graph":[{"@type":"Article","@id":"https:\/\/fuentesfidedignas.com.mx\/index.php\/2022\/09\/20\/cae-techo-en-escuela-de-veracruz-mientras-los-alumnos-toman-clases\/#article","isPartOf":{"@id":"https:\/\/fuentesfidedignas.com.mx\/index.php\/2022\/09\/20\/cae-techo-en-escuela-de-veracruz-mientras-los-alumnos-toman-clases\/"},"author":{"name":"Noticieros Televisa","@id":"https:\/\/fuentesfidedignas.com.mx\/#\/schema\/person\/f030e42657a5a464a8bbd891b1aab6ee"},"headline":"Cae techo en escuela de Veracruz mientras los alumnos toman clases","datePublished":"2022-09-20T22:48:12+00:00","dateModified":"2022-09-20T22:48:13+00:00","mainEntityOfPage":{"@id":"https:\/\/fuentesfidedignas.com.mx\/index.php\/2022\/09\/20\/cae-techo-en-escuela-de-veracruz-mientras-los-alumnos-toman-clases\/"},"wordCount":541,"commentCount":0,"publisher":{"@id":"https:\/\/fuentesfidedignas.com.mx\/#organization"},"image":{"@id":"https:\/\/fuentesfidedignas.com.mx\/index.php\/2022\/09\/20\/cae-techo-en-escuela-de-veracruz-mientras-los-alumnos-toman-clases\/#primaryimage"},"thumbnailUrl":"https:\/\/fuentesfidedignas.com.mx\/wp-content\/uploads\/2022\/09\/TECHO_ESCUELA.jpg","articleSection":["NOTICIAS NACIONALES"],"inLanguage":"es","potentialAction":[{"@type":"CommentAction","name":"Comment","target":["https:\/\/fuentesfidedignas.com.mx\/index.php\/2022\/09\/20\/cae-techo-en-escuela-de-veracruz-mientras-los-alumnos-toman-clases\/#respond"]}]},{"@type":"WebPage","@id":"https:\/\/fuentesfidedignas.com.mx\/index.php\/2022\/09\/20\/cae-techo-en-escuela-de-veracruz-mientras-los-alumnos-toman-clases\/","url":"https:\/\/fuentesfidedignas.com.mx\/index.php\/2022\/09\/20\/cae-techo-en-escuela-de-veracruz-mientras-los-alumnos-toman-clases\/","name":"Cae techo en escuela de Veracruz mientras los alumnos toman clases - Fuentes Fidedignas","isPartOf":{"@id":"https:\/\/fuentesfidedignas.com.mx\/#website"},"primaryImageOfPage":{"@id":"https:\/\/fuentesfidedignas.com.mx\/index.php\/2022\/09\/20\/cae-techo-en-escuela-de-veracruz-mientras-los-alumnos-toman-clases\/#primaryimage"},"image":{"@id":"https:\/\/fuentesfidedignas.com.mx\/index.php\/2022\/09\/20\/cae-techo-en-escuela-de-veracruz-mientras-los-alumnos-toman-clases\/#primaryimage"},"thumbnailUrl":"https:\/\/fuentesfidedignas.com.mx\/wp-content\/uploads\/2022\/09\/TECHO_ESCUELA.jpg","datePublished":"2022-09-20T22:48:12+00:00","dateModified":"2022-09-20T22:48:13+00:00","breadcrumb":{"@id":"https:\/\/fuentesfidedignas.com.mx\/index.php\/2022\/09\/20\/cae-techo-en-escuela-de-veracruz-mientras-los-alumnos-toman-clases\/#breadcrumb"},"inLanguage":"es","potentialAction":[{"@type":"ReadAction","target":["https:\/\/fuentesfidedignas.com.mx\/index.php\/2022\/09\/20\/cae-techo-en-escuela-de-veracruz-mientras-los-alumnos-toman-clases\/"]}]},{"@type":"ImageObject","inLanguage":"es","@id":"https:\/\/fuentesfidedignas.com.mx\/index.php\/2022\/09\/20\/cae-techo-en-escuela-de-veracruz-mientras-los-alumnos-toman-clases\/#primaryimage","url":"https:\/\/fuentesfidedignas.com.mx\/wp-content\/uploads\/2022\/09\/TECHO_ESCUELA.jpg","contentUrl":"https:\/\/fuentesfidedignas.com.mx\/wp-content\/uploads\/2022\/09\/TECHO_ESCUELA.jpg","width":1269,"height":656},{"@type":"BreadcrumbList","@id":"https:\/\/fuentesfidedignas.com.mx\/index.php\/2022\/09\/20\/cae-techo-en-escuela-de-veracruz-mientras-los-alumnos-toman-clases\/#breadcrumb","itemListElement":[{"@type":"ListItem","position":1,"name":"Inicio","item":"https:\/\/fuentesfidedignas.com.mx\/"},{"@type":"ListItem","position":2,"name":"Cae techo en escuela de Veracruz mientras los alumnos toman clases"}]},{"@type":"WebSite","@id":"https:\/\/fuentesfidedignas.com.mx\/#website","url":"https:\/\/fuentesfidedignas.com.mx\/","name":"Fuentes Fidedignas","description":"Otro sitio realizado con WordPress","publisher":{"@id":"https:\/\/fuentesfidedignas.com.mx\/#organization"},"potentialAction":[{"@type":"SearchAction","target":{"@type":"EntryPoint","urlTemplate":"https:\/\/fuentesfidedignas.com.mx\/?s={search_term_string}"},"query-input":{"@type":"PropertyValueSpecification","valueRequired":true,"valueName":"search_term_string"}}],"inLanguage":"es"},{"@type":"Organization","@id":"https:\/\/fuentesfidedignas.com.mx\/#organization","name":"Fuentes Fidedignas","url":"https:\/\/fuentesfidedignas.com.mx\/","logo":{"@type":"ImageObject","inLanguage":"es","@id":"https:\/\/fuentesfidedignas.com.mx\/#\/schema\/logo\/image\/","url":"https:\/\/fuentesfidedignas.com.mx\/wp-content\/uploads\/2021\/04\/logo-retina.png","contentUrl":"https:\/\/fuentesfidedignas.com.mx\/wp-content\/uploads\/2021\/04\/logo-retina.png","width":280,"height":51,"caption":"Fuentes Fidedignas"},"image":{"@id":"https:\/\/fuentesfidedignas.com.mx\/#\/schema\/logo\/image\/"},"sameAs":["https:\/\/www.facebook.com\/Fuentes-Fidedignas-368234489921644","https:\/\/x.com\/fidedignas"]},{"@type":"Person","@id":"https:\/\/fuentesfidedignas.com.mx\/#\/schema\/person\/f030e42657a5a464a8bbd891b1aab6ee","name":"Noticieros Televisa","image":{"@type":"ImageObject","inLanguage":"es","@id":"https:\/\/secure.gravatar.com\/avatar\/0e47b9e785a628831b8fd9eaf15e090e106760a879abbd4a3306f128ef5d43a9?s=96&d=mm&r=g","url":"https:\/\/secure.gravatar.com\/avatar\/0e47b9e785a628831b8fd9eaf15e090e106760a879abbd4a3306f128ef5d43a9?s=96&d=mm&r=g","contentUrl":"https:\/\/secure.gravatar.com\/avatar\/0e47b9e785a628831b8fd9eaf15e090e106760a879abbd4a3306f128ef5d43a9?s=96&d=mm&r=g","caption":"Noticieros Televisa"},"url":"https:\/\/fuentesfidedignas.com.mx\/index.php\/author\/noticieros-televisa\/"}]}},"_links":{"self":[{"href":"https:\/\/fuentesfidedignas.com.mx\/index.php\/wp-json\/wp\/v2\/posts\/42890","targetHints":{"allow":["GET"]}}],"collection":[{"href":"https:\/\/fuentesfidedignas.com.mx\/index.php\/wp-json\/wp\/v2\/posts"}],"about":[{"href":"https:\/\/fuentesfidedignas.com.mx\/index.php\/wp-json\/wp\/v2\/types\/post"}],"author":[{"embeddable":true,"href":"https:\/\/fuentesfidedignas.com.mx\/index.php\/wp-json\/wp\/v2\/users\/46"}],"replies":[{"embeddable":true,"href":"https:\/\/fuentesfidedignas.com.mx\/index.php\/wp-json\/wp\/v2\/comments?post=42890"}],"version-history":[{"count":1,"href":"https:\/\/fuentesfidedignas.com.mx\/index.php\/wp-json\/wp\/v2\/posts\/42890\/revisions"}],"predecessor-version":[{"id":42892,"href":"https:\/\/fuentesfidedignas.com.mx\/index.php\/wp-json\/wp\/v2\/posts\/42890\/revisions\/42892"}],"wp:featuredmedia":[{"embeddable":true,"href":"https:\/\/fuentesfidedignas.com.mx\/index.php\/wp-json\/wp\/v2\/media\/42891"}],"wp:attachment":[{"href":"https:\/\/fuentesfidedignas.com.mx\/index.php\/wp-json\/wp\/v2\/media?parent=42890"}],"wp:term":[{"taxonomy":"category","embeddable":true,"href":"https:\/\/fuentesfidedignas.com.mx\/index.php\/wp-json\/wp\/v2\/categories?post=42890"},{"taxonomy":"post_tag","embeddable":true,"href":"https:\/\/fuentesfidedignas.com.mx\/index.php\/wp-json\/wp\/v2\/tags?post=42890"}],"curies":[{"name":"wp","href":"https:\/\/api.w.org\/{rel}","templated":true}]}}