{"id":42829,"date":"2022-09-20T08:42:35","date_gmt":"2022-09-20T14:42:35","guid":{"rendered":"https:\/\/fuentesfidedignas.com.mx\/?p=42829"},"modified":"2022-09-20T08:42:37","modified_gmt":"2022-09-20T14:42:37","slug":"suman-dos-muertos-en-colima-tras-sismo-de-7-7","status":"publish","type":"post","link":"https:\/\/fuentesfidedignas.com.mx\/index.php\/2022\/09\/20\/suman-dos-muertos-en-colima-tras-sismo-de-7-7\/","title":{"rendered":"Suman dos muertos en Colima tras sismo de 7.7"},"content":{"rendered":"\n<p><br><strong><em>La segunda persona fallecida se hab\u00eda quedado atrapada el centro comercial de Punto Bah\u00eda, donde el techo de un gimnasio colaps\u00f3 tras el sismo<\/em><\/strong><\/p>\n\n\n\n<p>Colima.- Al\u00a0<strong>menos dos personas murieron en Colima\u00a0<\/strong>a consecuencia del<strong>\u00a0sismo de 7.7 en la escala de Richter<\/strong>\u00a0que ha tenido lugar este lunes con epicentro a 64 kil\u00f3metros al sur de Coalcom\u00e1n, Michoac\u00e1n.<\/p>\n\n\n\n<p>El\u00a0<strong>primero de los muertos lo anunci\u00f3 el presidente mexicano, Andr\u00e9s Manuel L\u00f3pez Obrador,<\/strong>\u00a0que ha detallado que persona habr\u00eda perdido la vida despu\u00e9s de que\u00a0<strong>se le haya ca\u00eddo encima una muerto en los alrededores de un centro comercial en la localidad de Manzanillo,<\/strong>\u00a0en\u00a0\u00a0el estado de Colima, seg\u00fan ha detallado el mandatario mexicano en un comunicado.\u00a0\u00a0 \u00a0 <\/p>\n\n\n\n<p>\u201c<em>Me inform\u00f3 el almirante Jos\u00e9 Rafael Ojeda Dur\u00e1n, secretario de la Marina, que una persona falleci\u00f3 por la ca\u00edda de una tapia de uncentro comercial en Manzanillo, Colima<\/em>\u201d, ha detallado L\u00f3pez Obradoren Twitter.<\/p>\n\n\n\n<figure class=\"wp-block-embed is-type-rich is-provider-twitter wp-block-embed-twitter\"><div class=\"wp-block-embed__wrapper\">\n<blockquote class=\"twitter-tweet\" data-width=\"550\" data-dnt=\"true\"><p lang=\"es\" dir=\"ltr\">Me inform\u00f3 el almirante Jos\u00e9 Rafael Ojeda Dur\u00e1n, secretario de Marina, que una persona falleci\u00f3 por la ca\u00edda de una barda de un centro comercial en Manzanillo, Colima. <a href=\"https:\/\/t.co\/CmOsWjei0j\">pic.twitter.com\/CmOsWjei0j<\/a><\/p>&mdash; Andr\u00e9s Manuel (@lopezobrador_) <a href=\"https:\/\/twitter.com\/lopezobrador_\/status\/1571941924923383809?ref_src=twsrc%5Etfw\">September 19, 2022<\/a><\/blockquote><script async src=\"https:\/\/platform.twitter.com\/widgets.js\" charset=\"utf-8\"><\/script>\n<\/div><\/figure>\n\n\n\n<p><strong>La segunda persona fallecida, anunciada por la Protecci\u00f3n Civil de Colima, se hab\u00eda quedado atrapada el centro comercial de Punto Bah\u00eda,<\/strong>&nbsp;donde el techo de un gimnasio colaps\u00f3 tras el sismo.<\/p>\n\n\n\n<blockquote class=\"wp-block-quote is-layout-flow wp-block-quote-is-layout-flow\"><p>\u201cSe confirma que la persona que qued\u00f3 atrapada en Plaza Punto Bah\u00eda, lamentablemente fue localizada sin vida. En este momento el personalse encuentra realizando trabajos para recuperar a la v\u00edctima\u201d, hadetallado la Protecci\u00f3n Civil en un comunicado.<\/p><\/blockquote>\n\n\n\n<figure class=\"wp-block-embed is-type-rich is-provider-twitter wp-block-embed-twitter\"><div class=\"wp-block-embed__wrapper\">\n<blockquote class=\"twitter-tweet\" data-width=\"550\" data-dnt=\"true\"><p lang=\"es\" dir=\"ltr\"><a href=\"https:\/\/twitter.com\/hashtag\/AlMomento?src=hash&amp;ref_src=twsrc%5Etfw\">#AlMomento<\/a> se confirma que la persona que qued\u00f3 atrapada en Plaza Punto Bah\u00eda, lamentablemente fue localizada sin vida.<br><br>En este momento el personal se encuentra realizando trabajos para recuperar a la v\u00edctima.<\/p>&mdash; Protecci\u00f3n Civil Estatal Colima (@PC_Colima) <a href=\"https:\/\/twitter.com\/PC_Colima\/status\/1572061330911428608?ref_src=twsrc%5Etfw\">September 20, 2022<\/a><\/blockquote><script async src=\"https:\/\/platform.twitter.com\/widgets.js\" charset=\"utf-8\"><\/script>\n<\/div><\/figure>\n\n\n\n<p>Este sismo sacudi\u00f3 M\u00e9xico el d\u00eda en el que se celebra el doble aniversarios que los se\u00edsmos que azotaron el pa\u00eds el 19 de septiembre de 1985 y 2017.&nbsp;&nbsp; &nbsp; &nbsp;<\/p>\n\n\n\n<p>El terremoto de magnitud 8,1 acab\u00f3 con la vida de al menos 6 mil personas en Ciudad de M\u00e9xico, mientras que el terremoto de magnitud 7 mil 1 32 a\u00f1os despu\u00e9s se cobr\u00f3 la vida de 369 personas en la capital y&nbsp;&nbsp;en otras partes del sur y centro del pa\u00eds.&nbsp;&nbsp; &nbsp; &nbsp;<\/p>\n\n\n\n<p>El terremoto de 2017, que tuvo su epicentro a 120 kil\u00f3metros al sur de la Ciudad de M\u00e9xico, tuvo lugar solo dos horas despu\u00e9s de un simulacro de evacuaci\u00f3n que marc\u00f3 el aniversario del terremoto de 1985. Casi 40 edificios colapsaron y m\u00e1s de 5 mil edificios sufrieron da\u00f1os en la capital.&nbsp; &nbsp;<\/p>\n\n\n\n<blockquote class=\"wp-block-quote is-layout-flow wp-block-quote-is-layout-flow\"><p><a href=\"https:\/\/t.co\/CmOsWjei0j\"><\/a><\/p><p><a href=\"https:\/\/twitter.com\/lopezobrador_\/status\/1571941924923383809?ref_src=twsrc%5Etfw\"><\/a><\/p><\/blockquote>\n","protected":false},"excerpt":{"rendered":"<p>La segunda persona fallecida se hab\u00eda quedado atrapada el centro comercial de Punto Bah\u00eda, donde el techo de un gimnasio colaps\u00f3 tras el sismo Colima.- Al\u00a0menos dos personas murieron en Colima\u00a0a consecuencia del\u00a0sismo de 7.7 en la escala de Richter\u00a0que ha tenido lugar este lunes con epicentro a 64 kil\u00f3metros al sur de Coalcom\u00e1n, Michoac\u00e1n. [&hellip;]<\/p>\n","protected":false},"author":46,"featured_media":42830,"comment_status":"open","ping_status":"open","sticky":false,"template":"","format":"standard","meta":{"tdm_status":"","tdm_grid_status":"","footnotes":""},"categories":[39],"tags":[],"class_list":{"0":"post-42829","1":"post","2":"type-post","3":"status-publish","4":"format-standard","5":"has-post-thumbnail","7":"category-noticias-nacionales"},"yoast_head":"<!-- This site is optimized with the Yoast SEO plugin v27.5 - https:\/\/yoast.com\/product\/yoast-seo-wordpress\/ -->\n<title>Suman dos muertos en Colima tras sismo de 7.7 - Fuentes Fidedignas<\/title>\n<meta name=\"robots\" content=\"index, follow, max-snippet:-1, max-image-preview:large, max-video-preview:-1\" \/>\n<link rel=\"canonical\" href=\"https:\/\/fuentesfidedignas.com.mx\/index.php\/2022\/09\/20\/suman-dos-muertos-en-colima-tras-sismo-de-7-7\/\" \/>\n<meta property=\"og:locale\" content=\"es_MX\" \/>\n<meta property=\"og:type\" content=\"article\" \/>\n<meta property=\"og:title\" content=\"Suman dos muertos en Colima tras sismo de 7.7 - Fuentes Fidedignas\" \/>\n<meta property=\"og:description\" content=\"La segunda persona fallecida se hab\u00eda quedado atrapada el centro comercial de Punto Bah\u00eda, donde el techo de un gimnasio colaps\u00f3 tras el sismo Colima.- Al\u00a0menos dos personas murieron en Colima\u00a0a consecuencia del\u00a0sismo de 7.7 en la escala de Richter\u00a0que ha tenido lugar este lunes con epicentro a 64 kil\u00f3metros al sur de Coalcom\u00e1n, Michoac\u00e1n. [&hellip;]\" \/>\n<meta property=\"og:url\" content=\"https:\/\/fuentesfidedignas.com.mx\/index.php\/2022\/09\/20\/suman-dos-muertos-en-colima-tras-sismo-de-7-7\/\" \/>\n<meta property=\"og:site_name\" content=\"Fuentes Fidedignas\" \/>\n<meta property=\"article:publisher\" content=\"https:\/\/www.facebook.com\/Fuentes-Fidedignas-368234489921644\" \/>\n<meta property=\"article:published_time\" content=\"2022-09-20T14:42:35+00:00\" \/>\n<meta property=\"article:modified_time\" content=\"2022-09-20T14:42:37+00:00\" \/>\n<meta property=\"og:image\" content=\"https:\/\/fuentesfidedignas.com.mx\/wp-content\/uploads\/2022\/09\/suman-dos-muertos-tras-sismo-de-77-con-epicentro-en-coalcoman-michoacan-foto-redes-sociales.jpg\" \/>\n\t<meta property=\"og:image:width\" content=\"1280\" \/>\n\t<meta property=\"og:image:height\" content=\"720\" \/>\n\t<meta property=\"og:image:type\" content=\"image\/jpeg\" \/>\n<meta name=\"author\" content=\"Noticieros Televisa\" \/>\n<meta name=\"twitter:card\" content=\"summary_large_image\" \/>\n<meta name=\"twitter:creator\" content=\"@fidedignas\" \/>\n<meta name=\"twitter:site\" content=\"@fidedignas\" \/>\n<meta name=\"twitter:label1\" content=\"Escrito por\" \/>\n\t<meta name=\"twitter:data1\" content=\"Noticieros Televisa\" \/>\n\t<meta name=\"twitter:label2\" content=\"Tiempo de lectura\" \/>\n\t<meta name=\"twitter:data2\" content=\"2 minutos\" \/>\n<script type=\"application\/ld+json\" class=\"yoast-schema-graph\">{\"@context\":\"https:\\\/\\\/schema.org\",\"@graph\":[{\"@type\":\"Article\",\"@id\":\"https:\\\/\\\/fuentesfidedignas.com.mx\\\/index.php\\\/2022\\\/09\\\/20\\\/suman-dos-muertos-en-colima-tras-sismo-de-7-7\\\/#article\",\"isPartOf\":{\"@id\":\"https:\\\/\\\/fuentesfidedignas.com.mx\\\/index.php\\\/2022\\\/09\\\/20\\\/suman-dos-muertos-en-colima-tras-sismo-de-7-7\\\/\"},\"author\":{\"name\":\"Noticieros Televisa\",\"@id\":\"https:\\\/\\\/fuentesfidedignas.com.mx\\\/#\\\/schema\\\/person\\\/f030e42657a5a464a8bbd891b1aab6ee\"},\"headline\":\"Suman dos muertos en Colima tras sismo de 7.7\",\"datePublished\":\"2022-09-20T14:42:35+00:00\",\"dateModified\":\"2022-09-20T14:42:37+00:00\",\"mainEntityOfPage\":{\"@id\":\"https:\\\/\\\/fuentesfidedignas.com.mx\\\/index.php\\\/2022\\\/09\\\/20\\\/suman-dos-muertos-en-colima-tras-sismo-de-7-7\\\/\"},\"wordCount\":473,\"commentCount\":0,\"publisher\":{\"@id\":\"https:\\\/\\\/fuentesfidedignas.com.mx\\\/#organization\"},\"image\":{\"@id\":\"https:\\\/\\\/fuentesfidedignas.com.mx\\\/index.php\\\/2022\\\/09\\\/20\\\/suman-dos-muertos-en-colima-tras-sismo-de-7-7\\\/#primaryimage\"},\"thumbnailUrl\":\"https:\\\/\\\/fuentesfidedignas.com.mx\\\/wp-content\\\/uploads\\\/2022\\\/09\\\/suman-dos-muertos-tras-sismo-de-77-con-epicentro-en-coalcoman-michoacan-foto-redes-sociales.jpg\",\"articleSection\":[\"NOTICIAS NACIONALES\"],\"inLanguage\":\"es\",\"potentialAction\":[{\"@type\":\"CommentAction\",\"name\":\"Comment\",\"target\":[\"https:\\\/\\\/fuentesfidedignas.com.mx\\\/index.php\\\/2022\\\/09\\\/20\\\/suman-dos-muertos-en-colima-tras-sismo-de-7-7\\\/#respond\"]}]},{\"@type\":\"WebPage\",\"@id\":\"https:\\\/\\\/fuentesfidedignas.com.mx\\\/index.php\\\/2022\\\/09\\\/20\\\/suman-dos-muertos-en-colima-tras-sismo-de-7-7\\\/\",\"url\":\"https:\\\/\\\/fuentesfidedignas.com.mx\\\/index.php\\\/2022\\\/09\\\/20\\\/suman-dos-muertos-en-colima-tras-sismo-de-7-7\\\/\",\"name\":\"Suman dos muertos en Colima tras sismo de 7.7 - Fuentes Fidedignas\",\"isPartOf\":{\"@id\":\"https:\\\/\\\/fuentesfidedignas.com.mx\\\/#website\"},\"primaryImageOfPage\":{\"@id\":\"https:\\\/\\\/fuentesfidedignas.com.mx\\\/index.php\\\/2022\\\/09\\\/20\\\/suman-dos-muertos-en-colima-tras-sismo-de-7-7\\\/#primaryimage\"},\"image\":{\"@id\":\"https:\\\/\\\/fuentesfidedignas.com.mx\\\/index.php\\\/2022\\\/09\\\/20\\\/suman-dos-muertos-en-colima-tras-sismo-de-7-7\\\/#primaryimage\"},\"thumbnailUrl\":\"https:\\\/\\\/fuentesfidedignas.com.mx\\\/wp-content\\\/uploads\\\/2022\\\/09\\\/suman-dos-muertos-tras-sismo-de-77-con-epicentro-en-coalcoman-michoacan-foto-redes-sociales.jpg\",\"datePublished\":\"2022-09-20T14:42:35+00:00\",\"dateModified\":\"2022-09-20T14:42:37+00:00\",\"breadcrumb\":{\"@id\":\"https:\\\/\\\/fuentesfidedignas.com.mx\\\/index.php\\\/2022\\\/09\\\/20\\\/suman-dos-muertos-en-colima-tras-sismo-de-7-7\\\/#breadcrumb\"},\"inLanguage\":\"es\",\"potentialAction\":[{\"@type\":\"ReadAction\",\"target\":[\"https:\\\/\\\/fuentesfidedignas.com.mx\\\/index.php\\\/2022\\\/09\\\/20\\\/suman-dos-muertos-en-colima-tras-sismo-de-7-7\\\/\"]}]},{\"@type\":\"ImageObject\",\"inLanguage\":\"es\",\"@id\":\"https:\\\/\\\/fuentesfidedignas.com.mx\\\/index.php\\\/2022\\\/09\\\/20\\\/suman-dos-muertos-en-colima-tras-sismo-de-7-7\\\/#primaryimage\",\"url\":\"https:\\\/\\\/fuentesfidedignas.com.mx\\\/wp-content\\\/uploads\\\/2022\\\/09\\\/suman-dos-muertos-tras-sismo-de-77-con-epicentro-en-coalcoman-michoacan-foto-redes-sociales.jpg\",\"contentUrl\":\"https:\\\/\\\/fuentesfidedignas.com.mx\\\/wp-content\\\/uploads\\\/2022\\\/09\\\/suman-dos-muertos-tras-sismo-de-77-con-epicentro-en-coalcoman-michoacan-foto-redes-sociales.jpg\",\"width\":1280,\"height\":720},{\"@type\":\"BreadcrumbList\",\"@id\":\"https:\\\/\\\/fuentesfidedignas.com.mx\\\/index.php\\\/2022\\\/09\\\/20\\\/suman-dos-muertos-en-colima-tras-sismo-de-7-7\\\/#breadcrumb\",\"itemListElement\":[{\"@type\":\"ListItem\",\"position\":1,\"name\":\"Inicio\",\"item\":\"https:\\\/\\\/fuentesfidedignas.com.mx\\\/\"},{\"@type\":\"ListItem\",\"position\":2,\"name\":\"Suman dos muertos en Colima tras sismo de 7.7\"}]},{\"@type\":\"WebSite\",\"@id\":\"https:\\\/\\\/fuentesfidedignas.com.mx\\\/#website\",\"url\":\"https:\\\/\\\/fuentesfidedignas.com.mx\\\/\",\"name\":\"Fuentes Fidedignas\",\"description\":\"Otro sitio realizado con WordPress\",\"publisher\":{\"@id\":\"https:\\\/\\\/fuentesfidedignas.com.mx\\\/#organization\"},\"potentialAction\":[{\"@type\":\"SearchAction\",\"target\":{\"@type\":\"EntryPoint\",\"urlTemplate\":\"https:\\\/\\\/fuentesfidedignas.com.mx\\\/?s={search_term_string}\"},\"query-input\":{\"@type\":\"PropertyValueSpecification\",\"valueRequired\":true,\"valueName\":\"search_term_string\"}}],\"inLanguage\":\"es\"},{\"@type\":\"Organization\",\"@id\":\"https:\\\/\\\/fuentesfidedignas.com.mx\\\/#organization\",\"name\":\"Fuentes Fidedignas\",\"url\":\"https:\\\/\\\/fuentesfidedignas.com.mx\\\/\",\"logo\":{\"@type\":\"ImageObject\",\"inLanguage\":\"es\",\"@id\":\"https:\\\/\\\/fuentesfidedignas.com.mx\\\/#\\\/schema\\\/logo\\\/image\\\/\",\"url\":\"https:\\\/\\\/fuentesfidedignas.com.mx\\\/wp-content\\\/uploads\\\/2021\\\/04\\\/logo-retina.png\",\"contentUrl\":\"https:\\\/\\\/fuentesfidedignas.com.mx\\\/wp-content\\\/uploads\\\/2021\\\/04\\\/logo-retina.png\",\"width\":280,\"height\":51,\"caption\":\"Fuentes Fidedignas\"},\"image\":{\"@id\":\"https:\\\/\\\/fuentesfidedignas.com.mx\\\/#\\\/schema\\\/logo\\\/image\\\/\"},\"sameAs\":[\"https:\\\/\\\/www.facebook.com\\\/Fuentes-Fidedignas-368234489921644\",\"https:\\\/\\\/x.com\\\/fidedignas\"]},{\"@type\":\"Person\",\"@id\":\"https:\\\/\\\/fuentesfidedignas.com.mx\\\/#\\\/schema\\\/person\\\/f030e42657a5a464a8bbd891b1aab6ee\",\"name\":\"Noticieros Televisa\",\"image\":{\"@type\":\"ImageObject\",\"inLanguage\":\"es\",\"@id\":\"https:\\\/\\\/secure.gravatar.com\\\/avatar\\\/0e47b9e785a628831b8fd9eaf15e090e106760a879abbd4a3306f128ef5d43a9?s=96&d=mm&r=g\",\"url\":\"https:\\\/\\\/secure.gravatar.com\\\/avatar\\\/0e47b9e785a628831b8fd9eaf15e090e106760a879abbd4a3306f128ef5d43a9?s=96&d=mm&r=g\",\"contentUrl\":\"https:\\\/\\\/secure.gravatar.com\\\/avatar\\\/0e47b9e785a628831b8fd9eaf15e090e106760a879abbd4a3306f128ef5d43a9?s=96&d=mm&r=g\",\"caption\":\"Noticieros Televisa\"},\"url\":\"https:\\\/\\\/fuentesfidedignas.com.mx\\\/index.php\\\/author\\\/noticieros-televisa\\\/\"}]}<\/script>\n<!-- \/ Yoast SEO plugin. -->","yoast_head_json":{"title":"Suman dos muertos en Colima tras sismo de 7.7 - Fuentes Fidedignas","robots":{"index":"index","follow":"follow","max-snippet":"max-snippet:-1","max-image-preview":"max-image-preview:large","max-video-preview":"max-video-preview:-1"},"canonical":"https:\/\/fuentesfidedignas.com.mx\/index.php\/2022\/09\/20\/suman-dos-muertos-en-colima-tras-sismo-de-7-7\/","og_locale":"es_MX","og_type":"article","og_title":"Suman dos muertos en Colima tras sismo de 7.7 - Fuentes Fidedignas","og_description":"La segunda persona fallecida se hab\u00eda quedado atrapada el centro comercial de Punto Bah\u00eda, donde el techo de un gimnasio colaps\u00f3 tras el sismo Colima.- Al\u00a0menos dos personas murieron en Colima\u00a0a consecuencia del\u00a0sismo de 7.7 en la escala de Richter\u00a0que ha tenido lugar este lunes con epicentro a 64 kil\u00f3metros al sur de Coalcom\u00e1n, Michoac\u00e1n. [&hellip;]","og_url":"https:\/\/fuentesfidedignas.com.mx\/index.php\/2022\/09\/20\/suman-dos-muertos-en-colima-tras-sismo-de-7-7\/","og_site_name":"Fuentes Fidedignas","article_publisher":"https:\/\/www.facebook.com\/Fuentes-Fidedignas-368234489921644","article_published_time":"2022-09-20T14:42:35+00:00","article_modified_time":"2022-09-20T14:42:37+00:00","og_image":[{"width":1280,"height":720,"url":"https:\/\/fuentesfidedignas.com.mx\/wp-content\/uploads\/2022\/09\/suman-dos-muertos-tras-sismo-de-77-con-epicentro-en-coalcoman-michoacan-foto-redes-sociales.jpg","type":"image\/jpeg"}],"author":"Noticieros Televisa","twitter_card":"summary_large_image","twitter_creator":"@fidedignas","twitter_site":"@fidedignas","twitter_misc":{"Escrito por":"Noticieros Televisa","Tiempo de lectura":"2 minutos"},"schema":{"@context":"https:\/\/schema.org","@graph":[{"@type":"Article","@id":"https:\/\/fuentesfidedignas.com.mx\/index.php\/2022\/09\/20\/suman-dos-muertos-en-colima-tras-sismo-de-7-7\/#article","isPartOf":{"@id":"https:\/\/fuentesfidedignas.com.mx\/index.php\/2022\/09\/20\/suman-dos-muertos-en-colima-tras-sismo-de-7-7\/"},"author":{"name":"Noticieros Televisa","@id":"https:\/\/fuentesfidedignas.com.mx\/#\/schema\/person\/f030e42657a5a464a8bbd891b1aab6ee"},"headline":"Suman dos muertos en Colima tras sismo de 7.7","datePublished":"2022-09-20T14:42:35+00:00","dateModified":"2022-09-20T14:42:37+00:00","mainEntityOfPage":{"@id":"https:\/\/fuentesfidedignas.com.mx\/index.php\/2022\/09\/20\/suman-dos-muertos-en-colima-tras-sismo-de-7-7\/"},"wordCount":473,"commentCount":0,"publisher":{"@id":"https:\/\/fuentesfidedignas.com.mx\/#organization"},"image":{"@id":"https:\/\/fuentesfidedignas.com.mx\/index.php\/2022\/09\/20\/suman-dos-muertos-en-colima-tras-sismo-de-7-7\/#primaryimage"},"thumbnailUrl":"https:\/\/fuentesfidedignas.com.mx\/wp-content\/uploads\/2022\/09\/suman-dos-muertos-tras-sismo-de-77-con-epicentro-en-coalcoman-michoacan-foto-redes-sociales.jpg","articleSection":["NOTICIAS NACIONALES"],"inLanguage":"es","potentialAction":[{"@type":"CommentAction","name":"Comment","target":["https:\/\/fuentesfidedignas.com.mx\/index.php\/2022\/09\/20\/suman-dos-muertos-en-colima-tras-sismo-de-7-7\/#respond"]}]},{"@type":"WebPage","@id":"https:\/\/fuentesfidedignas.com.mx\/index.php\/2022\/09\/20\/suman-dos-muertos-en-colima-tras-sismo-de-7-7\/","url":"https:\/\/fuentesfidedignas.com.mx\/index.php\/2022\/09\/20\/suman-dos-muertos-en-colima-tras-sismo-de-7-7\/","name":"Suman dos muertos en Colima tras sismo de 7.7 - Fuentes Fidedignas","isPartOf":{"@id":"https:\/\/fuentesfidedignas.com.mx\/#website"},"primaryImageOfPage":{"@id":"https:\/\/fuentesfidedignas.com.mx\/index.php\/2022\/09\/20\/suman-dos-muertos-en-colima-tras-sismo-de-7-7\/#primaryimage"},"image":{"@id":"https:\/\/fuentesfidedignas.com.mx\/index.php\/2022\/09\/20\/suman-dos-muertos-en-colima-tras-sismo-de-7-7\/#primaryimage"},"thumbnailUrl":"https:\/\/fuentesfidedignas.com.mx\/wp-content\/uploads\/2022\/09\/suman-dos-muertos-tras-sismo-de-77-con-epicentro-en-coalcoman-michoacan-foto-redes-sociales.jpg","datePublished":"2022-09-20T14:42:35+00:00","dateModified":"2022-09-20T14:42:37+00:00","breadcrumb":{"@id":"https:\/\/fuentesfidedignas.com.mx\/index.php\/2022\/09\/20\/suman-dos-muertos-en-colima-tras-sismo-de-7-7\/#breadcrumb"},"inLanguage":"es","potentialAction":[{"@type":"ReadAction","target":["https:\/\/fuentesfidedignas.com.mx\/index.php\/2022\/09\/20\/suman-dos-muertos-en-colima-tras-sismo-de-7-7\/"]}]},{"@type":"ImageObject","inLanguage":"es","@id":"https:\/\/fuentesfidedignas.com.mx\/index.php\/2022\/09\/20\/suman-dos-muertos-en-colima-tras-sismo-de-7-7\/#primaryimage","url":"https:\/\/fuentesfidedignas.com.mx\/wp-content\/uploads\/2022\/09\/suman-dos-muertos-tras-sismo-de-77-con-epicentro-en-coalcoman-michoacan-foto-redes-sociales.jpg","contentUrl":"https:\/\/fuentesfidedignas.com.mx\/wp-content\/uploads\/2022\/09\/suman-dos-muertos-tras-sismo-de-77-con-epicentro-en-coalcoman-michoacan-foto-redes-sociales.jpg","width":1280,"height":720},{"@type":"BreadcrumbList","@id":"https:\/\/fuentesfidedignas.com.mx\/index.php\/2022\/09\/20\/suman-dos-muertos-en-colima-tras-sismo-de-7-7\/#breadcrumb","itemListElement":[{"@type":"ListItem","position":1,"name":"Inicio","item":"https:\/\/fuentesfidedignas.com.mx\/"},{"@type":"ListItem","position":2,"name":"Suman dos muertos en Colima tras sismo de 7.7"}]},{"@type":"WebSite","@id":"https:\/\/fuentesfidedignas.com.mx\/#website","url":"https:\/\/fuentesfidedignas.com.mx\/","name":"Fuentes Fidedignas","description":"Otro sitio realizado con WordPress","publisher":{"@id":"https:\/\/fuentesfidedignas.com.mx\/#organization"},"potentialAction":[{"@type":"SearchAction","target":{"@type":"EntryPoint","urlTemplate":"https:\/\/fuentesfidedignas.com.mx\/?s={search_term_string}"},"query-input":{"@type":"PropertyValueSpecification","valueRequired":true,"valueName":"search_term_string"}}],"inLanguage":"es"},{"@type":"Organization","@id":"https:\/\/fuentesfidedignas.com.mx\/#organization","name":"Fuentes Fidedignas","url":"https:\/\/fuentesfidedignas.com.mx\/","logo":{"@type":"ImageObject","inLanguage":"es","@id":"https:\/\/fuentesfidedignas.com.mx\/#\/schema\/logo\/image\/","url":"https:\/\/fuentesfidedignas.com.mx\/wp-content\/uploads\/2021\/04\/logo-retina.png","contentUrl":"https:\/\/fuentesfidedignas.com.mx\/wp-content\/uploads\/2021\/04\/logo-retina.png","width":280,"height":51,"caption":"Fuentes Fidedignas"},"image":{"@id":"https:\/\/fuentesfidedignas.com.mx\/#\/schema\/logo\/image\/"},"sameAs":["https:\/\/www.facebook.com\/Fuentes-Fidedignas-368234489921644","https:\/\/x.com\/fidedignas"]},{"@type":"Person","@id":"https:\/\/fuentesfidedignas.com.mx\/#\/schema\/person\/f030e42657a5a464a8bbd891b1aab6ee","name":"Noticieros Televisa","image":{"@type":"ImageObject","inLanguage":"es","@id":"https:\/\/secure.gravatar.com\/avatar\/0e47b9e785a628831b8fd9eaf15e090e106760a879abbd4a3306f128ef5d43a9?s=96&d=mm&r=g","url":"https:\/\/secure.gravatar.com\/avatar\/0e47b9e785a628831b8fd9eaf15e090e106760a879abbd4a3306f128ef5d43a9?s=96&d=mm&r=g","contentUrl":"https:\/\/secure.gravatar.com\/avatar\/0e47b9e785a628831b8fd9eaf15e090e106760a879abbd4a3306f128ef5d43a9?s=96&d=mm&r=g","caption":"Noticieros Televisa"},"url":"https:\/\/fuentesfidedignas.com.mx\/index.php\/author\/noticieros-televisa\/"}]}},"_links":{"self":[{"href":"https:\/\/fuentesfidedignas.com.mx\/index.php\/wp-json\/wp\/v2\/posts\/42829","targetHints":{"allow":["GET"]}}],"collection":[{"href":"https:\/\/fuentesfidedignas.com.mx\/index.php\/wp-json\/wp\/v2\/posts"}],"about":[{"href":"https:\/\/fuentesfidedignas.com.mx\/index.php\/wp-json\/wp\/v2\/types\/post"}],"author":[{"embeddable":true,"href":"https:\/\/fuentesfidedignas.com.mx\/index.php\/wp-json\/wp\/v2\/users\/46"}],"replies":[{"embeddable":true,"href":"https:\/\/fuentesfidedignas.com.mx\/index.php\/wp-json\/wp\/v2\/comments?post=42829"}],"version-history":[{"count":1,"href":"https:\/\/fuentesfidedignas.com.mx\/index.php\/wp-json\/wp\/v2\/posts\/42829\/revisions"}],"predecessor-version":[{"id":42831,"href":"https:\/\/fuentesfidedignas.com.mx\/index.php\/wp-json\/wp\/v2\/posts\/42829\/revisions\/42831"}],"wp:featuredmedia":[{"embeddable":true,"href":"https:\/\/fuentesfidedignas.com.mx\/index.php\/wp-json\/wp\/v2\/media\/42830"}],"wp:attachment":[{"href":"https:\/\/fuentesfidedignas.com.mx\/index.php\/wp-json\/wp\/v2\/media?parent=42829"}],"wp:term":[{"taxonomy":"category","embeddable":true,"href":"https:\/\/fuentesfidedignas.com.mx\/index.php\/wp-json\/wp\/v2\/categories?post=42829"},{"taxonomy":"post_tag","embeddable":true,"href":"https:\/\/fuentesfidedignas.com.mx\/index.php\/wp-json\/wp\/v2\/tags?post=42829"}],"curies":[{"name":"wp","href":"https:\/\/api.w.org\/{rel}","templated":true}]}}