{"id":42807,"date":"2022-09-19T18:58:33","date_gmt":"2022-09-20T00:58:33","guid":{"rendered":"https:\/\/fuentesfidedignas.com.mx\/?p=42807"},"modified":"2022-09-19T18:58:34","modified_gmt":"2022-09-20T00:58:34","slug":"secretario-de-turismo-pide-estar-atentos-al-clima-por-las-tormentas-en-el-pacifico","status":"publish","type":"post","link":"https:\/\/fuentesfidedignas.com.mx\/index.php\/2022\/09\/19\/secretario-de-turismo-pide-estar-atentos-al-clima-por-las-tormentas-en-el-pacifico\/","title":{"rendered":"Secretario de Turismo pide estar atentos al clima por las tormentas en el Pac\u00edfico"},"content":{"rendered":"\n<p><strong><em>Las autoridades recomiendan que quienes transitar\u00e1n por carretera verifiquen las condiciones climatol\u00f3gicas del trayecto.<\/em><\/strong><\/p>\n\n\n\n<p>Ciudad de M\u00e9xico.- Los viajeros que est\u00e1n por transitar las carreteras del pa\u00eds deben mantenerse informados de la trayectoria de los fen\u00f3menos naturales, dijo este lunes el secretario de Turismo, Miguel Torruco Marqu\u00e9s.<\/p>\n\n\n\n<p>Ante la presencia de las tormentas tropicales Lester y Madeline, que se desarrollan en la costa del Pac\u00edfico mexicano, el funcionario pidi\u00f3 tambi\u00e9n a los viajeros que transitan por v\u00eda terrestre planear sus rutas y conocer las condiciones climatol\u00f3gicas de su trayecto.<\/p>\n\n\n\n<p>El fin de semana, lluvias torrenciales provocaron inundaciones en sitios tur\u00edsticos como Zihuatanejo, as\u00ed como crecidas en las playas, dijo la Secretar\u00eda de Turismo este lunes.<\/p>\n\n\n\n<p>Por la presencia de los fen\u00f3menos mencionados, el grupo de servicios al turista \u00c1ngeles Verdes despleg\u00f3 un operativo especial desde el s\u00e1bado en tramos carreteros de Oaxaca, Guerrero, Michoac\u00e1n, Jalisco y Colima, as\u00ed como Baja California Sur, Sinaloa y Nayarit.<\/p>\n\n\n\n<p>Por otra parte, ante el pron\u00f3stico de impacto de la tormenta Madeline este martes, se iniciaron acciones preventivas en Baja California Sur, Sinaloa, Nayarit, Colima y Jalisco. El fen\u00f3meno se desarroll\u00f3 el d\u00eda domingo 18 de septiembre, y mantiene una trayectoria en direcci\u00f3n a Baja California Sur.<\/p>\n\n\n\n<p>El secretario de Turismo reiter\u00f3 las recomendaciones emitidas por la Direcci\u00f3n General de Servicios al Turista \u00c1ngeles Verdes, como son verificar las condiciones mec\u00e1nicas del veh\u00edculo, la llanta de refacci\u00f3n y los limpiaparabrisas, antes de iniciar un viaje por carretera.<\/p>\n\n\n\n<p>Asimismo, el funcionario destac\u00f3 la importancia de tener siempre a la mano los n\u00fameros de emergencia, como el 078 de \u00c1ngeles Verdes de la Secretar\u00eda de Turismo, y descargar la aplicaci\u00f3n de \u00c1ngeles Verdes antes de iniciar su viaje por carretera.<\/p>\n\n\n\n<p>En su m\u00e1s reciente reporte de esta tarde, la Coordinaci\u00f3n Nacional de Protecci\u00f3n Civil expuso que el cicl\u00f3n tropical Madeline se dirige a nuestras costas, aunque de momento el riesgo es m\u00ednimo.<\/p>\n","protected":false},"excerpt":{"rendered":"<p>Las autoridades recomiendan que quienes transitar\u00e1n por carretera verifiquen las condiciones climatol\u00f3gicas del trayecto. Ciudad de M\u00e9xico.- Los viajeros que est\u00e1n por transitar las carreteras del pa\u00eds deben mantenerse informados de la trayectoria de los fen\u00f3menos naturales, dijo este lunes el secretario de Turismo, Miguel Torruco Marqu\u00e9s. Ante la presencia de las tormentas tropicales Lester [&hellip;]<\/p>\n","protected":false},"author":5,"featured_media":42808,"comment_status":"open","ping_status":"open","sticky":false,"template":"","format":"standard","meta":{"tdm_status":"","tdm_grid_status":"","footnotes":""},"categories":[39],"tags":[],"class_list":{"0":"post-42807","1":"post","2":"type-post","3":"status-publish","4":"format-standard","5":"has-post-thumbnail","7":"category-noticias-nacionales"},"yoast_head":"<!-- This site is optimized with the Yoast SEO plugin v27.4 - https:\/\/yoast.com\/product\/yoast-seo-wordpress\/ -->\n<title>Secretario de Turismo pide estar atentos al clima por las tormentas en el Pac\u00edfico - Fuentes Fidedignas<\/title>\n<meta name=\"robots\" content=\"index, follow, max-snippet:-1, max-image-preview:large, max-video-preview:-1\" \/>\n<link rel=\"canonical\" href=\"https:\/\/fuentesfidedignas.com.mx\/index.php\/2022\/09\/19\/secretario-de-turismo-pide-estar-atentos-al-clima-por-las-tormentas-en-el-pacifico\/\" \/>\n<meta property=\"og:locale\" content=\"es_MX\" \/>\n<meta property=\"og:type\" content=\"article\" \/>\n<meta property=\"og:title\" content=\"Secretario de Turismo pide estar atentos al clima por las tormentas en el Pac\u00edfico - Fuentes Fidedignas\" \/>\n<meta property=\"og:description\" content=\"Las autoridades recomiendan que quienes transitar\u00e1n por carretera verifiquen las condiciones climatol\u00f3gicas del trayecto. Ciudad de M\u00e9xico.- Los viajeros que est\u00e1n por transitar las carreteras del pa\u00eds deben mantenerse informados de la trayectoria de los fen\u00f3menos naturales, dijo este lunes el secretario de Turismo, Miguel Torruco Marqu\u00e9s. Ante la presencia de las tormentas tropicales Lester [&hellip;]\" \/>\n<meta property=\"og:url\" content=\"https:\/\/fuentesfidedignas.com.mx\/index.php\/2022\/09\/19\/secretario-de-turismo-pide-estar-atentos-al-clima-por-las-tormentas-en-el-pacifico\/\" \/>\n<meta property=\"og:site_name\" content=\"Fuentes Fidedignas\" \/>\n<meta property=\"article:publisher\" content=\"https:\/\/www.facebook.com\/Fuentes-Fidedignas-368234489921644\" \/>\n<meta property=\"article:published_time\" content=\"2022-09-20T00:58:33+00:00\" \/>\n<meta property=\"article:modified_time\" content=\"2022-09-20T00:58:34+00:00\" \/>\n<meta property=\"og:image\" content=\"https:\/\/fuentesfidedignas.com.mx\/wp-content\/uploads\/2022\/09\/tormenta-tropical-e1663631500787-640x360-1.jpeg\" \/>\n\t<meta property=\"og:image:width\" content=\"640\" \/>\n\t<meta property=\"og:image:height\" content=\"360\" \/>\n\t<meta property=\"og:image:type\" content=\"image\/jpeg\" \/>\n<meta name=\"author\" content=\"Forbes\" \/>\n<meta name=\"twitter:card\" content=\"summary_large_image\" \/>\n<meta name=\"twitter:creator\" content=\"@fidedignas\" \/>\n<meta name=\"twitter:site\" content=\"@fidedignas\" \/>\n<meta name=\"twitter:label1\" content=\"Escrito por\" \/>\n\t<meta name=\"twitter:data1\" content=\"Forbes\" \/>\n\t<meta name=\"twitter:label2\" content=\"Tiempo de lectura\" \/>\n\t<meta name=\"twitter:data2\" content=\"2 minutos\" \/>\n<script type=\"application\/ld+json\" class=\"yoast-schema-graph\">{\"@context\":\"https:\\\/\\\/schema.org\",\"@graph\":[{\"@type\":\"Article\",\"@id\":\"https:\\\/\\\/fuentesfidedignas.com.mx\\\/index.php\\\/2022\\\/09\\\/19\\\/secretario-de-turismo-pide-estar-atentos-al-clima-por-las-tormentas-en-el-pacifico\\\/#article\",\"isPartOf\":{\"@id\":\"https:\\\/\\\/fuentesfidedignas.com.mx\\\/index.php\\\/2022\\\/09\\\/19\\\/secretario-de-turismo-pide-estar-atentos-al-clima-por-las-tormentas-en-el-pacifico\\\/\"},\"author\":{\"name\":\"Forbes\",\"@id\":\"https:\\\/\\\/fuentesfidedignas.com.mx\\\/#\\\/schema\\\/person\\\/5623d53fe2e579d825b1679734abcc44\"},\"headline\":\"Secretario de Turismo pide estar atentos al clima por las tormentas en el Pac\u00edfico\",\"datePublished\":\"2022-09-20T00:58:33+00:00\",\"dateModified\":\"2022-09-20T00:58:34+00:00\",\"mainEntityOfPage\":{\"@id\":\"https:\\\/\\\/fuentesfidedignas.com.mx\\\/index.php\\\/2022\\\/09\\\/19\\\/secretario-de-turismo-pide-estar-atentos-al-clima-por-las-tormentas-en-el-pacifico\\\/\"},\"wordCount\":361,\"commentCount\":0,\"publisher\":{\"@id\":\"https:\\\/\\\/fuentesfidedignas.com.mx\\\/#organization\"},\"image\":{\"@id\":\"https:\\\/\\\/fuentesfidedignas.com.mx\\\/index.php\\\/2022\\\/09\\\/19\\\/secretario-de-turismo-pide-estar-atentos-al-clima-por-las-tormentas-en-el-pacifico\\\/#primaryimage\"},\"thumbnailUrl\":\"https:\\\/\\\/fuentesfidedignas.com.mx\\\/wp-content\\\/uploads\\\/2022\\\/09\\\/tormenta-tropical-e1663631500787-640x360-1.jpeg\",\"articleSection\":[\"NOTICIAS NACIONALES\"],\"inLanguage\":\"es\",\"potentialAction\":[{\"@type\":\"CommentAction\",\"name\":\"Comment\",\"target\":[\"https:\\\/\\\/fuentesfidedignas.com.mx\\\/index.php\\\/2022\\\/09\\\/19\\\/secretario-de-turismo-pide-estar-atentos-al-clima-por-las-tormentas-en-el-pacifico\\\/#respond\"]}]},{\"@type\":\"WebPage\",\"@id\":\"https:\\\/\\\/fuentesfidedignas.com.mx\\\/index.php\\\/2022\\\/09\\\/19\\\/secretario-de-turismo-pide-estar-atentos-al-clima-por-las-tormentas-en-el-pacifico\\\/\",\"url\":\"https:\\\/\\\/fuentesfidedignas.com.mx\\\/index.php\\\/2022\\\/09\\\/19\\\/secretario-de-turismo-pide-estar-atentos-al-clima-por-las-tormentas-en-el-pacifico\\\/\",\"name\":\"Secretario de Turismo pide estar atentos al clima por las tormentas en el Pac\u00edfico - Fuentes Fidedignas\",\"isPartOf\":{\"@id\":\"https:\\\/\\\/fuentesfidedignas.com.mx\\\/#website\"},\"primaryImageOfPage\":{\"@id\":\"https:\\\/\\\/fuentesfidedignas.com.mx\\\/index.php\\\/2022\\\/09\\\/19\\\/secretario-de-turismo-pide-estar-atentos-al-clima-por-las-tormentas-en-el-pacifico\\\/#primaryimage\"},\"image\":{\"@id\":\"https:\\\/\\\/fuentesfidedignas.com.mx\\\/index.php\\\/2022\\\/09\\\/19\\\/secretario-de-turismo-pide-estar-atentos-al-clima-por-las-tormentas-en-el-pacifico\\\/#primaryimage\"},\"thumbnailUrl\":\"https:\\\/\\\/fuentesfidedignas.com.mx\\\/wp-content\\\/uploads\\\/2022\\\/09\\\/tormenta-tropical-e1663631500787-640x360-1.jpeg\",\"datePublished\":\"2022-09-20T00:58:33+00:00\",\"dateModified\":\"2022-09-20T00:58:34+00:00\",\"breadcrumb\":{\"@id\":\"https:\\\/\\\/fuentesfidedignas.com.mx\\\/index.php\\\/2022\\\/09\\\/19\\\/secretario-de-turismo-pide-estar-atentos-al-clima-por-las-tormentas-en-el-pacifico\\\/#breadcrumb\"},\"inLanguage\":\"es\",\"potentialAction\":[{\"@type\":\"ReadAction\",\"target\":[\"https:\\\/\\\/fuentesfidedignas.com.mx\\\/index.php\\\/2022\\\/09\\\/19\\\/secretario-de-turismo-pide-estar-atentos-al-clima-por-las-tormentas-en-el-pacifico\\\/\"]}]},{\"@type\":\"ImageObject\",\"inLanguage\":\"es\",\"@id\":\"https:\\\/\\\/fuentesfidedignas.com.mx\\\/index.php\\\/2022\\\/09\\\/19\\\/secretario-de-turismo-pide-estar-atentos-al-clima-por-las-tormentas-en-el-pacifico\\\/#primaryimage\",\"url\":\"https:\\\/\\\/fuentesfidedignas.com.mx\\\/wp-content\\\/uploads\\\/2022\\\/09\\\/tormenta-tropical-e1663631500787-640x360-1.jpeg\",\"contentUrl\":\"https:\\\/\\\/fuentesfidedignas.com.mx\\\/wp-content\\\/uploads\\\/2022\\\/09\\\/tormenta-tropical-e1663631500787-640x360-1.jpeg\",\"width\":640,\"height\":360},{\"@type\":\"BreadcrumbList\",\"@id\":\"https:\\\/\\\/fuentesfidedignas.com.mx\\\/index.php\\\/2022\\\/09\\\/19\\\/secretario-de-turismo-pide-estar-atentos-al-clima-por-las-tormentas-en-el-pacifico\\\/#breadcrumb\",\"itemListElement\":[{\"@type\":\"ListItem\",\"position\":1,\"name\":\"Inicio\",\"item\":\"https:\\\/\\\/fuentesfidedignas.com.mx\\\/\"},{\"@type\":\"ListItem\",\"position\":2,\"name\":\"Secretario de Turismo pide estar atentos al clima por las tormentas en el Pac\u00edfico\"}]},{\"@type\":\"WebSite\",\"@id\":\"https:\\\/\\\/fuentesfidedignas.com.mx\\\/#website\",\"url\":\"https:\\\/\\\/fuentesfidedignas.com.mx\\\/\",\"name\":\"Fuentes Fidedignas\",\"description\":\"Otro sitio realizado con WordPress\",\"publisher\":{\"@id\":\"https:\\\/\\\/fuentesfidedignas.com.mx\\\/#organization\"},\"potentialAction\":[{\"@type\":\"SearchAction\",\"target\":{\"@type\":\"EntryPoint\",\"urlTemplate\":\"https:\\\/\\\/fuentesfidedignas.com.mx\\\/?s={search_term_string}\"},\"query-input\":{\"@type\":\"PropertyValueSpecification\",\"valueRequired\":true,\"valueName\":\"search_term_string\"}}],\"inLanguage\":\"es\"},{\"@type\":\"Organization\",\"@id\":\"https:\\\/\\\/fuentesfidedignas.com.mx\\\/#organization\",\"name\":\"Fuentes Fidedignas\",\"url\":\"https:\\\/\\\/fuentesfidedignas.com.mx\\\/\",\"logo\":{\"@type\":\"ImageObject\",\"inLanguage\":\"es\",\"@id\":\"https:\\\/\\\/fuentesfidedignas.com.mx\\\/#\\\/schema\\\/logo\\\/image\\\/\",\"url\":\"https:\\\/\\\/fuentesfidedignas.com.mx\\\/wp-content\\\/uploads\\\/2021\\\/04\\\/logo-retina.png\",\"contentUrl\":\"https:\\\/\\\/fuentesfidedignas.com.mx\\\/wp-content\\\/uploads\\\/2021\\\/04\\\/logo-retina.png\",\"width\":280,\"height\":51,\"caption\":\"Fuentes Fidedignas\"},\"image\":{\"@id\":\"https:\\\/\\\/fuentesfidedignas.com.mx\\\/#\\\/schema\\\/logo\\\/image\\\/\"},\"sameAs\":[\"https:\\\/\\\/www.facebook.com\\\/Fuentes-Fidedignas-368234489921644\",\"https:\\\/\\\/x.com\\\/fidedignas\"]},{\"@type\":\"Person\",\"@id\":\"https:\\\/\\\/fuentesfidedignas.com.mx\\\/#\\\/schema\\\/person\\\/5623d53fe2e579d825b1679734abcc44\",\"name\":\"Forbes\",\"image\":{\"@type\":\"ImageObject\",\"inLanguage\":\"es\",\"@id\":\"https:\\\/\\\/secure.gravatar.com\\\/avatar\\\/87ce3dd4e41e60c22a79c758614f01a6bc2469255fc936ec7b15efb9bb5cb66f?s=96&d=mm&r=g\",\"url\":\"https:\\\/\\\/secure.gravatar.com\\\/avatar\\\/87ce3dd4e41e60c22a79c758614f01a6bc2469255fc936ec7b15efb9bb5cb66f?s=96&d=mm&r=g\",\"contentUrl\":\"https:\\\/\\\/secure.gravatar.com\\\/avatar\\\/87ce3dd4e41e60c22a79c758614f01a6bc2469255fc936ec7b15efb9bb5cb66f?s=96&d=mm&r=g\",\"caption\":\"Forbes\"},\"url\":\"https:\\\/\\\/fuentesfidedignas.com.mx\\\/index.php\\\/author\\\/forbes\\\/\"}]}<\/script>\n<!-- \/ Yoast SEO plugin. -->","yoast_head_json":{"title":"Secretario de Turismo pide estar atentos al clima por las tormentas en el Pac\u00edfico - Fuentes Fidedignas","robots":{"index":"index","follow":"follow","max-snippet":"max-snippet:-1","max-image-preview":"max-image-preview:large","max-video-preview":"max-video-preview:-1"},"canonical":"https:\/\/fuentesfidedignas.com.mx\/index.php\/2022\/09\/19\/secretario-de-turismo-pide-estar-atentos-al-clima-por-las-tormentas-en-el-pacifico\/","og_locale":"es_MX","og_type":"article","og_title":"Secretario de Turismo pide estar atentos al clima por las tormentas en el Pac\u00edfico - Fuentes Fidedignas","og_description":"Las autoridades recomiendan que quienes transitar\u00e1n por carretera verifiquen las condiciones climatol\u00f3gicas del trayecto. Ciudad de M\u00e9xico.- Los viajeros que est\u00e1n por transitar las carreteras del pa\u00eds deben mantenerse informados de la trayectoria de los fen\u00f3menos naturales, dijo este lunes el secretario de Turismo, Miguel Torruco Marqu\u00e9s. Ante la presencia de las tormentas tropicales Lester [&hellip;]","og_url":"https:\/\/fuentesfidedignas.com.mx\/index.php\/2022\/09\/19\/secretario-de-turismo-pide-estar-atentos-al-clima-por-las-tormentas-en-el-pacifico\/","og_site_name":"Fuentes Fidedignas","article_publisher":"https:\/\/www.facebook.com\/Fuentes-Fidedignas-368234489921644","article_published_time":"2022-09-20T00:58:33+00:00","article_modified_time":"2022-09-20T00:58:34+00:00","og_image":[{"width":640,"height":360,"url":"https:\/\/fuentesfidedignas.com.mx\/wp-content\/uploads\/2022\/09\/tormenta-tropical-e1663631500787-640x360-1.jpeg","type":"image\/jpeg"}],"author":"Forbes","twitter_card":"summary_large_image","twitter_creator":"@fidedignas","twitter_site":"@fidedignas","twitter_misc":{"Escrito por":"Forbes","Tiempo de lectura":"2 minutos"},"schema":{"@context":"https:\/\/schema.org","@graph":[{"@type":"Article","@id":"https:\/\/fuentesfidedignas.com.mx\/index.php\/2022\/09\/19\/secretario-de-turismo-pide-estar-atentos-al-clima-por-las-tormentas-en-el-pacifico\/#article","isPartOf":{"@id":"https:\/\/fuentesfidedignas.com.mx\/index.php\/2022\/09\/19\/secretario-de-turismo-pide-estar-atentos-al-clima-por-las-tormentas-en-el-pacifico\/"},"author":{"name":"Forbes","@id":"https:\/\/fuentesfidedignas.com.mx\/#\/schema\/person\/5623d53fe2e579d825b1679734abcc44"},"headline":"Secretario de Turismo pide estar atentos al clima por las tormentas en el Pac\u00edfico","datePublished":"2022-09-20T00:58:33+00:00","dateModified":"2022-09-20T00:58:34+00:00","mainEntityOfPage":{"@id":"https:\/\/fuentesfidedignas.com.mx\/index.php\/2022\/09\/19\/secretario-de-turismo-pide-estar-atentos-al-clima-por-las-tormentas-en-el-pacifico\/"},"wordCount":361,"commentCount":0,"publisher":{"@id":"https:\/\/fuentesfidedignas.com.mx\/#organization"},"image":{"@id":"https:\/\/fuentesfidedignas.com.mx\/index.php\/2022\/09\/19\/secretario-de-turismo-pide-estar-atentos-al-clima-por-las-tormentas-en-el-pacifico\/#primaryimage"},"thumbnailUrl":"https:\/\/fuentesfidedignas.com.mx\/wp-content\/uploads\/2022\/09\/tormenta-tropical-e1663631500787-640x360-1.jpeg","articleSection":["NOTICIAS NACIONALES"],"inLanguage":"es","potentialAction":[{"@type":"CommentAction","name":"Comment","target":["https:\/\/fuentesfidedignas.com.mx\/index.php\/2022\/09\/19\/secretario-de-turismo-pide-estar-atentos-al-clima-por-las-tormentas-en-el-pacifico\/#respond"]}]},{"@type":"WebPage","@id":"https:\/\/fuentesfidedignas.com.mx\/index.php\/2022\/09\/19\/secretario-de-turismo-pide-estar-atentos-al-clima-por-las-tormentas-en-el-pacifico\/","url":"https:\/\/fuentesfidedignas.com.mx\/index.php\/2022\/09\/19\/secretario-de-turismo-pide-estar-atentos-al-clima-por-las-tormentas-en-el-pacifico\/","name":"Secretario de Turismo pide estar atentos al clima por las tormentas en el Pac\u00edfico - Fuentes Fidedignas","isPartOf":{"@id":"https:\/\/fuentesfidedignas.com.mx\/#website"},"primaryImageOfPage":{"@id":"https:\/\/fuentesfidedignas.com.mx\/index.php\/2022\/09\/19\/secretario-de-turismo-pide-estar-atentos-al-clima-por-las-tormentas-en-el-pacifico\/#primaryimage"},"image":{"@id":"https:\/\/fuentesfidedignas.com.mx\/index.php\/2022\/09\/19\/secretario-de-turismo-pide-estar-atentos-al-clima-por-las-tormentas-en-el-pacifico\/#primaryimage"},"thumbnailUrl":"https:\/\/fuentesfidedignas.com.mx\/wp-content\/uploads\/2022\/09\/tormenta-tropical-e1663631500787-640x360-1.jpeg","datePublished":"2022-09-20T00:58:33+00:00","dateModified":"2022-09-20T00:58:34+00:00","breadcrumb":{"@id":"https:\/\/fuentesfidedignas.com.mx\/index.php\/2022\/09\/19\/secretario-de-turismo-pide-estar-atentos-al-clima-por-las-tormentas-en-el-pacifico\/#breadcrumb"},"inLanguage":"es","potentialAction":[{"@type":"ReadAction","target":["https:\/\/fuentesfidedignas.com.mx\/index.php\/2022\/09\/19\/secretario-de-turismo-pide-estar-atentos-al-clima-por-las-tormentas-en-el-pacifico\/"]}]},{"@type":"ImageObject","inLanguage":"es","@id":"https:\/\/fuentesfidedignas.com.mx\/index.php\/2022\/09\/19\/secretario-de-turismo-pide-estar-atentos-al-clima-por-las-tormentas-en-el-pacifico\/#primaryimage","url":"https:\/\/fuentesfidedignas.com.mx\/wp-content\/uploads\/2022\/09\/tormenta-tropical-e1663631500787-640x360-1.jpeg","contentUrl":"https:\/\/fuentesfidedignas.com.mx\/wp-content\/uploads\/2022\/09\/tormenta-tropical-e1663631500787-640x360-1.jpeg","width":640,"height":360},{"@type":"BreadcrumbList","@id":"https:\/\/fuentesfidedignas.com.mx\/index.php\/2022\/09\/19\/secretario-de-turismo-pide-estar-atentos-al-clima-por-las-tormentas-en-el-pacifico\/#breadcrumb","itemListElement":[{"@type":"ListItem","position":1,"name":"Inicio","item":"https:\/\/fuentesfidedignas.com.mx\/"},{"@type":"ListItem","position":2,"name":"Secretario de Turismo pide estar atentos al clima por las tormentas en el Pac\u00edfico"}]},{"@type":"WebSite","@id":"https:\/\/fuentesfidedignas.com.mx\/#website","url":"https:\/\/fuentesfidedignas.com.mx\/","name":"Fuentes Fidedignas","description":"Otro sitio realizado con WordPress","publisher":{"@id":"https:\/\/fuentesfidedignas.com.mx\/#organization"},"potentialAction":[{"@type":"SearchAction","target":{"@type":"EntryPoint","urlTemplate":"https:\/\/fuentesfidedignas.com.mx\/?s={search_term_string}"},"query-input":{"@type":"PropertyValueSpecification","valueRequired":true,"valueName":"search_term_string"}}],"inLanguage":"es"},{"@type":"Organization","@id":"https:\/\/fuentesfidedignas.com.mx\/#organization","name":"Fuentes Fidedignas","url":"https:\/\/fuentesfidedignas.com.mx\/","logo":{"@type":"ImageObject","inLanguage":"es","@id":"https:\/\/fuentesfidedignas.com.mx\/#\/schema\/logo\/image\/","url":"https:\/\/fuentesfidedignas.com.mx\/wp-content\/uploads\/2021\/04\/logo-retina.png","contentUrl":"https:\/\/fuentesfidedignas.com.mx\/wp-content\/uploads\/2021\/04\/logo-retina.png","width":280,"height":51,"caption":"Fuentes Fidedignas"},"image":{"@id":"https:\/\/fuentesfidedignas.com.mx\/#\/schema\/logo\/image\/"},"sameAs":["https:\/\/www.facebook.com\/Fuentes-Fidedignas-368234489921644","https:\/\/x.com\/fidedignas"]},{"@type":"Person","@id":"https:\/\/fuentesfidedignas.com.mx\/#\/schema\/person\/5623d53fe2e579d825b1679734abcc44","name":"Forbes","image":{"@type":"ImageObject","inLanguage":"es","@id":"https:\/\/secure.gravatar.com\/avatar\/87ce3dd4e41e60c22a79c758614f01a6bc2469255fc936ec7b15efb9bb5cb66f?s=96&d=mm&r=g","url":"https:\/\/secure.gravatar.com\/avatar\/87ce3dd4e41e60c22a79c758614f01a6bc2469255fc936ec7b15efb9bb5cb66f?s=96&d=mm&r=g","contentUrl":"https:\/\/secure.gravatar.com\/avatar\/87ce3dd4e41e60c22a79c758614f01a6bc2469255fc936ec7b15efb9bb5cb66f?s=96&d=mm&r=g","caption":"Forbes"},"url":"https:\/\/fuentesfidedignas.com.mx\/index.php\/author\/forbes\/"}]}},"_links":{"self":[{"href":"https:\/\/fuentesfidedignas.com.mx\/index.php\/wp-json\/wp\/v2\/posts\/42807","targetHints":{"allow":["GET"]}}],"collection":[{"href":"https:\/\/fuentesfidedignas.com.mx\/index.php\/wp-json\/wp\/v2\/posts"}],"about":[{"href":"https:\/\/fuentesfidedignas.com.mx\/index.php\/wp-json\/wp\/v2\/types\/post"}],"author":[{"embeddable":true,"href":"https:\/\/fuentesfidedignas.com.mx\/index.php\/wp-json\/wp\/v2\/users\/5"}],"replies":[{"embeddable":true,"href":"https:\/\/fuentesfidedignas.com.mx\/index.php\/wp-json\/wp\/v2\/comments?post=42807"}],"version-history":[{"count":1,"href":"https:\/\/fuentesfidedignas.com.mx\/index.php\/wp-json\/wp\/v2\/posts\/42807\/revisions"}],"predecessor-version":[{"id":42809,"href":"https:\/\/fuentesfidedignas.com.mx\/index.php\/wp-json\/wp\/v2\/posts\/42807\/revisions\/42809"}],"wp:featuredmedia":[{"embeddable":true,"href":"https:\/\/fuentesfidedignas.com.mx\/index.php\/wp-json\/wp\/v2\/media\/42808"}],"wp:attachment":[{"href":"https:\/\/fuentesfidedignas.com.mx\/index.php\/wp-json\/wp\/v2\/media?parent=42807"}],"wp:term":[{"taxonomy":"category","embeddable":true,"href":"https:\/\/fuentesfidedignas.com.mx\/index.php\/wp-json\/wp\/v2\/categories?post=42807"},{"taxonomy":"post_tag","embeddable":true,"href":"https:\/\/fuentesfidedignas.com.mx\/index.php\/wp-json\/wp\/v2\/tags?post=42807"}],"curies":[{"name":"wp","href":"https:\/\/api.w.org\/{rel}","templated":true}]}}