{"id":42794,"date":"2022-09-19T17:40:55","date_gmt":"2022-09-19T23:40:55","guid":{"rendered":"https:\/\/fuentesfidedignas.com.mx\/?p=42794"},"modified":"2022-09-19T17:40:56","modified_gmt":"2022-09-19T23:40:56","slug":"agosto-baja-el-feminicidio-en-sinaloa-delitos-patrimoniales-reflejan-aumentos","status":"publish","type":"post","link":"https:\/\/fuentesfidedignas.com.mx\/index.php\/2022\/09\/19\/agosto-baja-el-feminicidio-en-sinaloa-delitos-patrimoniales-reflejan-aumentos\/","title":{"rendered":"Agosto: Baja el feminicidio en Sinaloa; delitos patrimoniales reflejan aumentos"},"content":{"rendered":"\n<p><strong><em>En este mes destac\u00f3 una disminuci\u00f3n en el delito de feminicidio, as\u00ed como aumentos en los delitos patrimoniales que afectan directamente la econom\u00eda de los sinaloenses, como lo son el robo a comercio y robo a casa.<\/em><\/strong><\/p>\n\n\n\n<p>Culiac\u00e1n, Sinaloa.- Agosto mostr\u00f3 movimientos significativos en la incidencia delictiva en Sinaloa, de acuerdo con el diagn\u00f3stico mensual elaborado por la Coordinaci\u00f3n General del Consejo Estatal de Seguridad P\u00fablica. En este mes destac\u00f3 una disminuci\u00f3n en el delito de feminicidio, as\u00ed como aumentos en los delitos patrimoniales que afectan directamente la econom\u00eda de los sinaloenses, como lo son el robo a comercio y robo a casa.<\/p>\n\n\n\n<p><strong>Feminicidio<\/strong><\/p>\n\n\n\n<p>En el comparativo anual, el delito de feminicidio registr\u00f3 2 denuncias en agosto de 2022, mostrando una disminuci\u00f3n de 67% sobre el mismo mes de 2021. En cuanto a la perspectiva mensual, presenta una baja de 33% en relaci\u00f3n con julio que cerr\u00f3 con 3 hechos.<\/p>\n\n\n\n<p>El acumulado de 2022 al mes de agosto, se contabilizan 13 casos de feminicidio, con una reducci\u00f3n del 58% respecto al mismo periodo de 2021.<\/p>\n\n\n\n<p><strong>Municipios que han registrado feminicidios.<\/strong><\/p>\n\n\n\n<p>Culiac\u00e1n (4)<\/p>\n\n\n\n<p>El Fuerte (2)<\/p>\n\n\n\n<p>Ahome (2)<\/p>\n\n\n\n<p>Guasave (2)<\/p>\n\n\n\n<p>Choix (1)<\/p>\n\n\n\n<p>Elota (1)<\/p>\n\n\n\n<p>Mazatl\u00e1n (1)<\/p>\n\n\n\n<p>El diagn\u00f3stico hace menci\u00f3n de que, respecto a la comisi\u00f3n con armas de fuego en este delito, Sinaloa tiene un porcentaje del 18% menor al comportamiento nacional que es del 25%.<\/p>\n\n\n\n<p><strong>Robo a comercio<\/strong><\/p>\n\n\n\n<p>Agosto cerr\u00f3 con 202 denuncias por robo a comercio, lo que representa un incremento de 162% contra agosto de 2021; y con un alza de 143% sobre julio pasado que cerr\u00f3 con 83 casos.<\/p>\n\n\n\n<p>El acumulado de enero a agosto de este a\u00f1o registra 1,171 denuncias en este delito, lo que representa un incremento de 48% comparado con el acumulado del mismo periodo del 2021. Culiac\u00e1n con 904 casos es considerado el foco rojo de este delito concentrando el 77% de las denuncias de todo el estado.<\/p>\n\n\n\n<p>Seg\u00fan el diagn\u00f3stico mensual, el robo a comercio es el delito que mayor incremento presenta en Sinaloa, y debe ser prioridad para las autoridades de seguridad p\u00fablica debido a que alrededor del 80% de los robos a comercio se cometieron con violencia, asociada al uso de armas de fuego.<\/p>\n\n\n\n<p><strong>Robo a casa<\/strong><\/p>\n\n\n\n<p>En robo a casa se presentaron 47 hechos en agosto de 2022, por lo que aument\u00f3 en 81% sobre su mes par de 2021. Y en comparaci\u00f3n con las 29 denuncias de julio tuvo un incremento de 62%.<\/p>\n\n\n\n<p>De enero a agosto de 2022, en Sinaloa se han presentado 302 denuncias por robo a casa. Mazatl\u00e1n con 158 es considerado como el foco rojo en este delito, debido a que representa el 52% de las denuncias en todo el estado.<\/p>\n\n\n\n<p>A diferencia del robo a comercio, este delito se comete sin violencia, es decir, cuando los hogares se encuentran solos. Aun as\u00ed, es importante reforzar las medidas de prevenci\u00f3n y disminuci\u00f3n de este delito por las afectaciones econ\u00f3micas que genera en la entidad.<\/p>\n","protected":false},"excerpt":{"rendered":"<p>En este mes destac\u00f3 una disminuci\u00f3n en el delito de feminicidio, as\u00ed como aumentos en los delitos patrimoniales que afectan directamente la econom\u00eda de los sinaloenses, como lo son el robo a comercio y robo a casa. Culiac\u00e1n, Sinaloa.- Agosto mostr\u00f3 movimientos significativos en la incidencia delictiva en Sinaloa, de acuerdo con el diagn\u00f3stico mensual [&hellip;]<\/p>\n","protected":false},"author":4,"featured_media":42795,"comment_status":"open","ping_status":"open","sticky":false,"template":"","format":"standard","meta":{"tdm_status":"","tdm_grid_status":"","footnotes":""},"categories":[37],"tags":[],"class_list":{"0":"post-42794","1":"post","2":"type-post","3":"status-publish","4":"format-standard","5":"has-post-thumbnail","7":"category-nota-principal"},"yoast_head":"<!-- This site is optimized with the Yoast SEO plugin v27.5 - https:\/\/yoast.com\/product\/yoast-seo-wordpress\/ -->\n<title>Agosto: Baja el feminicidio en Sinaloa; delitos patrimoniales reflejan aumentos - Fuentes Fidedignas<\/title>\n<meta name=\"robots\" content=\"index, follow, max-snippet:-1, max-image-preview:large, max-video-preview:-1\" \/>\n<link rel=\"canonical\" href=\"https:\/\/fuentesfidedignas.com.mx\/index.php\/2022\/09\/19\/agosto-baja-el-feminicidio-en-sinaloa-delitos-patrimoniales-reflejan-aumentos\/\" \/>\n<meta property=\"og:locale\" content=\"es_MX\" \/>\n<meta property=\"og:type\" content=\"article\" \/>\n<meta property=\"og:title\" content=\"Agosto: Baja el feminicidio en Sinaloa; delitos patrimoniales reflejan aumentos - Fuentes Fidedignas\" \/>\n<meta property=\"og:description\" content=\"En este mes destac\u00f3 una disminuci\u00f3n en el delito de feminicidio, as\u00ed como aumentos en los delitos patrimoniales que afectan directamente la econom\u00eda de los sinaloenses, como lo son el robo a comercio y robo a casa. Culiac\u00e1n, Sinaloa.- Agosto mostr\u00f3 movimientos significativos en la incidencia delictiva en Sinaloa, de acuerdo con el diagn\u00f3stico mensual [&hellip;]\" \/>\n<meta property=\"og:url\" content=\"https:\/\/fuentesfidedignas.com.mx\/index.php\/2022\/09\/19\/agosto-baja-el-feminicidio-en-sinaloa-delitos-patrimoniales-reflejan-aumentos\/\" \/>\n<meta property=\"og:site_name\" content=\"Fuentes Fidedignas\" \/>\n<meta property=\"article:publisher\" content=\"https:\/\/www.facebook.com\/Fuentes-Fidedignas-368234489921644\" \/>\n<meta property=\"article:published_time\" content=\"2022-09-19T23:40:55+00:00\" \/>\n<meta property=\"article:modified_time\" content=\"2022-09-19T23:40:56+00:00\" \/>\n<meta property=\"og:image\" content=\"https:\/\/fuentesfidedignas.com.mx\/wp-content\/uploads\/2022\/09\/FEMINICIDIO.jpg\" \/>\n\t<meta property=\"og:image:width\" content=\"960\" \/>\n\t<meta property=\"og:image:height\" content=\"540\" \/>\n\t<meta property=\"og:image:type\" content=\"image\/jpeg\" \/>\n<meta name=\"author\" content=\"Redacci\u00f3n\" \/>\n<meta name=\"twitter:card\" content=\"summary_large_image\" \/>\n<meta name=\"twitter:creator\" content=\"@fidedignas\" \/>\n<meta name=\"twitter:site\" content=\"@fidedignas\" \/>\n<meta name=\"twitter:label1\" content=\"Escrito por\" \/>\n\t<meta name=\"twitter:data1\" content=\"Redacci\u00f3n\" \/>\n\t<meta name=\"twitter:label2\" content=\"Tiempo de lectura\" \/>\n\t<meta name=\"twitter:data2\" content=\"3 minutos\" \/>\n<script type=\"application\/ld+json\" class=\"yoast-schema-graph\">{\"@context\":\"https:\\\/\\\/schema.org\",\"@graph\":[{\"@type\":\"Article\",\"@id\":\"https:\\\/\\\/fuentesfidedignas.com.mx\\\/index.php\\\/2022\\\/09\\\/19\\\/agosto-baja-el-feminicidio-en-sinaloa-delitos-patrimoniales-reflejan-aumentos\\\/#article\",\"isPartOf\":{\"@id\":\"https:\\\/\\\/fuentesfidedignas.com.mx\\\/index.php\\\/2022\\\/09\\\/19\\\/agosto-baja-el-feminicidio-en-sinaloa-delitos-patrimoniales-reflejan-aumentos\\\/\"},\"author\":{\"name\":\"Redacci\u00f3n\",\"@id\":\"https:\\\/\\\/fuentesfidedignas.com.mx\\\/#\\\/schema\\\/person\\\/331be9283d37198e2acd5750279085b0\"},\"headline\":\"Agosto: Baja el feminicidio en Sinaloa; delitos patrimoniales reflejan aumentos\",\"datePublished\":\"2022-09-19T23:40:55+00:00\",\"dateModified\":\"2022-09-19T23:40:56+00:00\",\"mainEntityOfPage\":{\"@id\":\"https:\\\/\\\/fuentesfidedignas.com.mx\\\/index.php\\\/2022\\\/09\\\/19\\\/agosto-baja-el-feminicidio-en-sinaloa-delitos-patrimoniales-reflejan-aumentos\\\/\"},\"wordCount\":488,\"commentCount\":0,\"publisher\":{\"@id\":\"https:\\\/\\\/fuentesfidedignas.com.mx\\\/#organization\"},\"image\":{\"@id\":\"https:\\\/\\\/fuentesfidedignas.com.mx\\\/index.php\\\/2022\\\/09\\\/19\\\/agosto-baja-el-feminicidio-en-sinaloa-delitos-patrimoniales-reflejan-aumentos\\\/#primaryimage\"},\"thumbnailUrl\":\"https:\\\/\\\/fuentesfidedignas.com.mx\\\/wp-content\\\/uploads\\\/2022\\\/09\\\/FEMINICIDIO.jpg\",\"articleSection\":[\"NOTA PRINCIPAL\"],\"inLanguage\":\"es\",\"potentialAction\":[{\"@type\":\"CommentAction\",\"name\":\"Comment\",\"target\":[\"https:\\\/\\\/fuentesfidedignas.com.mx\\\/index.php\\\/2022\\\/09\\\/19\\\/agosto-baja-el-feminicidio-en-sinaloa-delitos-patrimoniales-reflejan-aumentos\\\/#respond\"]}]},{\"@type\":\"WebPage\",\"@id\":\"https:\\\/\\\/fuentesfidedignas.com.mx\\\/index.php\\\/2022\\\/09\\\/19\\\/agosto-baja-el-feminicidio-en-sinaloa-delitos-patrimoniales-reflejan-aumentos\\\/\",\"url\":\"https:\\\/\\\/fuentesfidedignas.com.mx\\\/index.php\\\/2022\\\/09\\\/19\\\/agosto-baja-el-feminicidio-en-sinaloa-delitos-patrimoniales-reflejan-aumentos\\\/\",\"name\":\"Agosto: Baja el feminicidio en Sinaloa; delitos patrimoniales reflejan aumentos - Fuentes Fidedignas\",\"isPartOf\":{\"@id\":\"https:\\\/\\\/fuentesfidedignas.com.mx\\\/#website\"},\"primaryImageOfPage\":{\"@id\":\"https:\\\/\\\/fuentesfidedignas.com.mx\\\/index.php\\\/2022\\\/09\\\/19\\\/agosto-baja-el-feminicidio-en-sinaloa-delitos-patrimoniales-reflejan-aumentos\\\/#primaryimage\"},\"image\":{\"@id\":\"https:\\\/\\\/fuentesfidedignas.com.mx\\\/index.php\\\/2022\\\/09\\\/19\\\/agosto-baja-el-feminicidio-en-sinaloa-delitos-patrimoniales-reflejan-aumentos\\\/#primaryimage\"},\"thumbnailUrl\":\"https:\\\/\\\/fuentesfidedignas.com.mx\\\/wp-content\\\/uploads\\\/2022\\\/09\\\/FEMINICIDIO.jpg\",\"datePublished\":\"2022-09-19T23:40:55+00:00\",\"dateModified\":\"2022-09-19T23:40:56+00:00\",\"breadcrumb\":{\"@id\":\"https:\\\/\\\/fuentesfidedignas.com.mx\\\/index.php\\\/2022\\\/09\\\/19\\\/agosto-baja-el-feminicidio-en-sinaloa-delitos-patrimoniales-reflejan-aumentos\\\/#breadcrumb\"},\"inLanguage\":\"es\",\"potentialAction\":[{\"@type\":\"ReadAction\",\"target\":[\"https:\\\/\\\/fuentesfidedignas.com.mx\\\/index.php\\\/2022\\\/09\\\/19\\\/agosto-baja-el-feminicidio-en-sinaloa-delitos-patrimoniales-reflejan-aumentos\\\/\"]}]},{\"@type\":\"ImageObject\",\"inLanguage\":\"es\",\"@id\":\"https:\\\/\\\/fuentesfidedignas.com.mx\\\/index.php\\\/2022\\\/09\\\/19\\\/agosto-baja-el-feminicidio-en-sinaloa-delitos-patrimoniales-reflejan-aumentos\\\/#primaryimage\",\"url\":\"https:\\\/\\\/fuentesfidedignas.com.mx\\\/wp-content\\\/uploads\\\/2022\\\/09\\\/FEMINICIDIO.jpg\",\"contentUrl\":\"https:\\\/\\\/fuentesfidedignas.com.mx\\\/wp-content\\\/uploads\\\/2022\\\/09\\\/FEMINICIDIO.jpg\",\"width\":960,\"height\":540},{\"@type\":\"BreadcrumbList\",\"@id\":\"https:\\\/\\\/fuentesfidedignas.com.mx\\\/index.php\\\/2022\\\/09\\\/19\\\/agosto-baja-el-feminicidio-en-sinaloa-delitos-patrimoniales-reflejan-aumentos\\\/#breadcrumb\",\"itemListElement\":[{\"@type\":\"ListItem\",\"position\":1,\"name\":\"Inicio\",\"item\":\"https:\\\/\\\/fuentesfidedignas.com.mx\\\/\"},{\"@type\":\"ListItem\",\"position\":2,\"name\":\"Agosto: Baja el feminicidio en Sinaloa; delitos patrimoniales reflejan aumentos\"}]},{\"@type\":\"WebSite\",\"@id\":\"https:\\\/\\\/fuentesfidedignas.com.mx\\\/#website\",\"url\":\"https:\\\/\\\/fuentesfidedignas.com.mx\\\/\",\"name\":\"Fuentes Fidedignas\",\"description\":\"Otro sitio realizado con WordPress\",\"publisher\":{\"@id\":\"https:\\\/\\\/fuentesfidedignas.com.mx\\\/#organization\"},\"potentialAction\":[{\"@type\":\"SearchAction\",\"target\":{\"@type\":\"EntryPoint\",\"urlTemplate\":\"https:\\\/\\\/fuentesfidedignas.com.mx\\\/?s={search_term_string}\"},\"query-input\":{\"@type\":\"PropertyValueSpecification\",\"valueRequired\":true,\"valueName\":\"search_term_string\"}}],\"inLanguage\":\"es\"},{\"@type\":\"Organization\",\"@id\":\"https:\\\/\\\/fuentesfidedignas.com.mx\\\/#organization\",\"name\":\"Fuentes Fidedignas\",\"url\":\"https:\\\/\\\/fuentesfidedignas.com.mx\\\/\",\"logo\":{\"@type\":\"ImageObject\",\"inLanguage\":\"es\",\"@id\":\"https:\\\/\\\/fuentesfidedignas.com.mx\\\/#\\\/schema\\\/logo\\\/image\\\/\",\"url\":\"https:\\\/\\\/fuentesfidedignas.com.mx\\\/wp-content\\\/uploads\\\/2021\\\/04\\\/logo-retina.png\",\"contentUrl\":\"https:\\\/\\\/fuentesfidedignas.com.mx\\\/wp-content\\\/uploads\\\/2021\\\/04\\\/logo-retina.png\",\"width\":280,\"height\":51,\"caption\":\"Fuentes Fidedignas\"},\"image\":{\"@id\":\"https:\\\/\\\/fuentesfidedignas.com.mx\\\/#\\\/schema\\\/logo\\\/image\\\/\"},\"sameAs\":[\"https:\\\/\\\/www.facebook.com\\\/Fuentes-Fidedignas-368234489921644\",\"https:\\\/\\\/x.com\\\/fidedignas\"]},{\"@type\":\"Person\",\"@id\":\"https:\\\/\\\/fuentesfidedignas.com.mx\\\/#\\\/schema\\\/person\\\/331be9283d37198e2acd5750279085b0\",\"name\":\"Redacci\u00f3n\",\"image\":{\"@type\":\"ImageObject\",\"inLanguage\":\"es\",\"@id\":\"https:\\\/\\\/secure.gravatar.com\\\/avatar\\\/f6d8782c11d12b2d4ad3fbb6931aeab5309937a4d6cd2fc9cfaa28a6396a5aec?s=96&d=mm&r=g\",\"url\":\"https:\\\/\\\/secure.gravatar.com\\\/avatar\\\/f6d8782c11d12b2d4ad3fbb6931aeab5309937a4d6cd2fc9cfaa28a6396a5aec?s=96&d=mm&r=g\",\"contentUrl\":\"https:\\\/\\\/secure.gravatar.com\\\/avatar\\\/f6d8782c11d12b2d4ad3fbb6931aeab5309937a4d6cd2fc9cfaa28a6396a5aec?s=96&d=mm&r=g\",\"caption\":\"Redacci\u00f3n\"},\"url\":\"https:\\\/\\\/fuentesfidedignas.com.mx\\\/index.php\\\/author\\\/redaccion\\\/\"}]}<\/script>\n<!-- \/ Yoast SEO plugin. -->","yoast_head_json":{"title":"Agosto: Baja el feminicidio en Sinaloa; delitos patrimoniales reflejan aumentos - Fuentes Fidedignas","robots":{"index":"index","follow":"follow","max-snippet":"max-snippet:-1","max-image-preview":"max-image-preview:large","max-video-preview":"max-video-preview:-1"},"canonical":"https:\/\/fuentesfidedignas.com.mx\/index.php\/2022\/09\/19\/agosto-baja-el-feminicidio-en-sinaloa-delitos-patrimoniales-reflejan-aumentos\/","og_locale":"es_MX","og_type":"article","og_title":"Agosto: Baja el feminicidio en Sinaloa; delitos patrimoniales reflejan aumentos - Fuentes Fidedignas","og_description":"En este mes destac\u00f3 una disminuci\u00f3n en el delito de feminicidio, as\u00ed como aumentos en los delitos patrimoniales que afectan directamente la econom\u00eda de los sinaloenses, como lo son el robo a comercio y robo a casa. Culiac\u00e1n, Sinaloa.- Agosto mostr\u00f3 movimientos significativos en la incidencia delictiva en Sinaloa, de acuerdo con el diagn\u00f3stico mensual [&hellip;]","og_url":"https:\/\/fuentesfidedignas.com.mx\/index.php\/2022\/09\/19\/agosto-baja-el-feminicidio-en-sinaloa-delitos-patrimoniales-reflejan-aumentos\/","og_site_name":"Fuentes Fidedignas","article_publisher":"https:\/\/www.facebook.com\/Fuentes-Fidedignas-368234489921644","article_published_time":"2022-09-19T23:40:55+00:00","article_modified_time":"2022-09-19T23:40:56+00:00","og_image":[{"width":960,"height":540,"url":"https:\/\/fuentesfidedignas.com.mx\/wp-content\/uploads\/2022\/09\/FEMINICIDIO.jpg","type":"image\/jpeg"}],"author":"Redacci\u00f3n","twitter_card":"summary_large_image","twitter_creator":"@fidedignas","twitter_site":"@fidedignas","twitter_misc":{"Escrito por":"Redacci\u00f3n","Tiempo de lectura":"3 minutos"},"schema":{"@context":"https:\/\/schema.org","@graph":[{"@type":"Article","@id":"https:\/\/fuentesfidedignas.com.mx\/index.php\/2022\/09\/19\/agosto-baja-el-feminicidio-en-sinaloa-delitos-patrimoniales-reflejan-aumentos\/#article","isPartOf":{"@id":"https:\/\/fuentesfidedignas.com.mx\/index.php\/2022\/09\/19\/agosto-baja-el-feminicidio-en-sinaloa-delitos-patrimoniales-reflejan-aumentos\/"},"author":{"name":"Redacci\u00f3n","@id":"https:\/\/fuentesfidedignas.com.mx\/#\/schema\/person\/331be9283d37198e2acd5750279085b0"},"headline":"Agosto: Baja el feminicidio en Sinaloa; delitos patrimoniales reflejan aumentos","datePublished":"2022-09-19T23:40:55+00:00","dateModified":"2022-09-19T23:40:56+00:00","mainEntityOfPage":{"@id":"https:\/\/fuentesfidedignas.com.mx\/index.php\/2022\/09\/19\/agosto-baja-el-feminicidio-en-sinaloa-delitos-patrimoniales-reflejan-aumentos\/"},"wordCount":488,"commentCount":0,"publisher":{"@id":"https:\/\/fuentesfidedignas.com.mx\/#organization"},"image":{"@id":"https:\/\/fuentesfidedignas.com.mx\/index.php\/2022\/09\/19\/agosto-baja-el-feminicidio-en-sinaloa-delitos-patrimoniales-reflejan-aumentos\/#primaryimage"},"thumbnailUrl":"https:\/\/fuentesfidedignas.com.mx\/wp-content\/uploads\/2022\/09\/FEMINICIDIO.jpg","articleSection":["NOTA PRINCIPAL"],"inLanguage":"es","potentialAction":[{"@type":"CommentAction","name":"Comment","target":["https:\/\/fuentesfidedignas.com.mx\/index.php\/2022\/09\/19\/agosto-baja-el-feminicidio-en-sinaloa-delitos-patrimoniales-reflejan-aumentos\/#respond"]}]},{"@type":"WebPage","@id":"https:\/\/fuentesfidedignas.com.mx\/index.php\/2022\/09\/19\/agosto-baja-el-feminicidio-en-sinaloa-delitos-patrimoniales-reflejan-aumentos\/","url":"https:\/\/fuentesfidedignas.com.mx\/index.php\/2022\/09\/19\/agosto-baja-el-feminicidio-en-sinaloa-delitos-patrimoniales-reflejan-aumentos\/","name":"Agosto: Baja el feminicidio en Sinaloa; delitos patrimoniales reflejan aumentos - Fuentes Fidedignas","isPartOf":{"@id":"https:\/\/fuentesfidedignas.com.mx\/#website"},"primaryImageOfPage":{"@id":"https:\/\/fuentesfidedignas.com.mx\/index.php\/2022\/09\/19\/agosto-baja-el-feminicidio-en-sinaloa-delitos-patrimoniales-reflejan-aumentos\/#primaryimage"},"image":{"@id":"https:\/\/fuentesfidedignas.com.mx\/index.php\/2022\/09\/19\/agosto-baja-el-feminicidio-en-sinaloa-delitos-patrimoniales-reflejan-aumentos\/#primaryimage"},"thumbnailUrl":"https:\/\/fuentesfidedignas.com.mx\/wp-content\/uploads\/2022\/09\/FEMINICIDIO.jpg","datePublished":"2022-09-19T23:40:55+00:00","dateModified":"2022-09-19T23:40:56+00:00","breadcrumb":{"@id":"https:\/\/fuentesfidedignas.com.mx\/index.php\/2022\/09\/19\/agosto-baja-el-feminicidio-en-sinaloa-delitos-patrimoniales-reflejan-aumentos\/#breadcrumb"},"inLanguage":"es","potentialAction":[{"@type":"ReadAction","target":["https:\/\/fuentesfidedignas.com.mx\/index.php\/2022\/09\/19\/agosto-baja-el-feminicidio-en-sinaloa-delitos-patrimoniales-reflejan-aumentos\/"]}]},{"@type":"ImageObject","inLanguage":"es","@id":"https:\/\/fuentesfidedignas.com.mx\/index.php\/2022\/09\/19\/agosto-baja-el-feminicidio-en-sinaloa-delitos-patrimoniales-reflejan-aumentos\/#primaryimage","url":"https:\/\/fuentesfidedignas.com.mx\/wp-content\/uploads\/2022\/09\/FEMINICIDIO.jpg","contentUrl":"https:\/\/fuentesfidedignas.com.mx\/wp-content\/uploads\/2022\/09\/FEMINICIDIO.jpg","width":960,"height":540},{"@type":"BreadcrumbList","@id":"https:\/\/fuentesfidedignas.com.mx\/index.php\/2022\/09\/19\/agosto-baja-el-feminicidio-en-sinaloa-delitos-patrimoniales-reflejan-aumentos\/#breadcrumb","itemListElement":[{"@type":"ListItem","position":1,"name":"Inicio","item":"https:\/\/fuentesfidedignas.com.mx\/"},{"@type":"ListItem","position":2,"name":"Agosto: Baja el feminicidio en Sinaloa; delitos patrimoniales reflejan aumentos"}]},{"@type":"WebSite","@id":"https:\/\/fuentesfidedignas.com.mx\/#website","url":"https:\/\/fuentesfidedignas.com.mx\/","name":"Fuentes Fidedignas","description":"Otro sitio realizado con WordPress","publisher":{"@id":"https:\/\/fuentesfidedignas.com.mx\/#organization"},"potentialAction":[{"@type":"SearchAction","target":{"@type":"EntryPoint","urlTemplate":"https:\/\/fuentesfidedignas.com.mx\/?s={search_term_string}"},"query-input":{"@type":"PropertyValueSpecification","valueRequired":true,"valueName":"search_term_string"}}],"inLanguage":"es"},{"@type":"Organization","@id":"https:\/\/fuentesfidedignas.com.mx\/#organization","name":"Fuentes Fidedignas","url":"https:\/\/fuentesfidedignas.com.mx\/","logo":{"@type":"ImageObject","inLanguage":"es","@id":"https:\/\/fuentesfidedignas.com.mx\/#\/schema\/logo\/image\/","url":"https:\/\/fuentesfidedignas.com.mx\/wp-content\/uploads\/2021\/04\/logo-retina.png","contentUrl":"https:\/\/fuentesfidedignas.com.mx\/wp-content\/uploads\/2021\/04\/logo-retina.png","width":280,"height":51,"caption":"Fuentes Fidedignas"},"image":{"@id":"https:\/\/fuentesfidedignas.com.mx\/#\/schema\/logo\/image\/"},"sameAs":["https:\/\/www.facebook.com\/Fuentes-Fidedignas-368234489921644","https:\/\/x.com\/fidedignas"]},{"@type":"Person","@id":"https:\/\/fuentesfidedignas.com.mx\/#\/schema\/person\/331be9283d37198e2acd5750279085b0","name":"Redacci\u00f3n","image":{"@type":"ImageObject","inLanguage":"es","@id":"https:\/\/secure.gravatar.com\/avatar\/f6d8782c11d12b2d4ad3fbb6931aeab5309937a4d6cd2fc9cfaa28a6396a5aec?s=96&d=mm&r=g","url":"https:\/\/secure.gravatar.com\/avatar\/f6d8782c11d12b2d4ad3fbb6931aeab5309937a4d6cd2fc9cfaa28a6396a5aec?s=96&d=mm&r=g","contentUrl":"https:\/\/secure.gravatar.com\/avatar\/f6d8782c11d12b2d4ad3fbb6931aeab5309937a4d6cd2fc9cfaa28a6396a5aec?s=96&d=mm&r=g","caption":"Redacci\u00f3n"},"url":"https:\/\/fuentesfidedignas.com.mx\/index.php\/author\/redaccion\/"}]}},"_links":{"self":[{"href":"https:\/\/fuentesfidedignas.com.mx\/index.php\/wp-json\/wp\/v2\/posts\/42794","targetHints":{"allow":["GET"]}}],"collection":[{"href":"https:\/\/fuentesfidedignas.com.mx\/index.php\/wp-json\/wp\/v2\/posts"}],"about":[{"href":"https:\/\/fuentesfidedignas.com.mx\/index.php\/wp-json\/wp\/v2\/types\/post"}],"author":[{"embeddable":true,"href":"https:\/\/fuentesfidedignas.com.mx\/index.php\/wp-json\/wp\/v2\/users\/4"}],"replies":[{"embeddable":true,"href":"https:\/\/fuentesfidedignas.com.mx\/index.php\/wp-json\/wp\/v2\/comments?post=42794"}],"version-history":[{"count":1,"href":"https:\/\/fuentesfidedignas.com.mx\/index.php\/wp-json\/wp\/v2\/posts\/42794\/revisions"}],"predecessor-version":[{"id":42796,"href":"https:\/\/fuentesfidedignas.com.mx\/index.php\/wp-json\/wp\/v2\/posts\/42794\/revisions\/42796"}],"wp:featuredmedia":[{"embeddable":true,"href":"https:\/\/fuentesfidedignas.com.mx\/index.php\/wp-json\/wp\/v2\/media\/42795"}],"wp:attachment":[{"href":"https:\/\/fuentesfidedignas.com.mx\/index.php\/wp-json\/wp\/v2\/media?parent=42794"}],"wp:term":[{"taxonomy":"category","embeddable":true,"href":"https:\/\/fuentesfidedignas.com.mx\/index.php\/wp-json\/wp\/v2\/categories?post=42794"},{"taxonomy":"post_tag","embeddable":true,"href":"https:\/\/fuentesfidedignas.com.mx\/index.php\/wp-json\/wp\/v2\/tags?post=42794"}],"curies":[{"name":"wp","href":"https:\/\/api.w.org\/{rel}","templated":true}]}}