{"id":42791,"date":"2022-09-19T17:32:00","date_gmt":"2022-09-19T23:32:00","guid":{"rendered":"https:\/\/fuentesfidedignas.com.mx\/?p=42791"},"modified":"2022-09-19T17:46:08","modified_gmt":"2022-09-19T23:46:08","slug":"realizan-simulacros-de-sismos-en-navolato-en-conmemoracion-del-dia-nacional-de-proteccion-civil","status":"publish","type":"post","link":"https:\/\/fuentesfidedignas.com.mx\/index.php\/2022\/09\/19\/realizan-simulacros-de-sismos-en-navolato-en-conmemoracion-del-dia-nacional-de-proteccion-civil\/","title":{"rendered":"Realizan simulacros de sismos en Navolato en conmemoraci\u00f3n del D\u00eda Nacional de Protecci\u00f3n Civil"},"content":{"rendered":"\n<p><strong><em>El director de Protecci\u00f3n Civil, Marco Antonio Ju\u00e1rez Salgueiro, inform\u00f3 que se llevaron a cabo en escuelas y empresas del municipio ca\u00f1ero.<\/em><\/strong><\/p>\n\n\n\n<p>Navolato, Sinaloa.- Este lunes estudiantes y trabajadores del sector p\u00fablico y privado realizaron simulacros de sismos en conmemoraci\u00f3n del D\u00eda Nacional de Protecci\u00f3n Civil en M\u00e9xico, con la finalidad de conocer qu\u00e9 hacer en caso de un movimiento tel\u00farico.<\/p>\n\n\n\n<p>El director de Protecci\u00f3n Civil, Marco Antonio Ju\u00e1rez Salgueiro, inform\u00f3 que estos simulacros se realizaron con la finalidad de recordar el terremoto del a\u00f1o 1985 que se present\u00f3 en la Ciudad de M\u00e9xico y que dej\u00f3 miles de v\u00edctimas, al se\u00f1alar que es importante que los ciudadanos conozcan qu\u00e9 hacer en caso de estar presente en un temblor.<\/p>\n\n\n\n<p>Durante los simulacros hubo mucho inter\u00e9s por parte de los j\u00f3venes y adultos, quienes aprendieron algunas medidas preventivas para evitar accidentes y otros riesgos en caso de sismo.<\/p>\n\n\n\n<figure class=\"wp-block-gallery has-nested-images columns-default is-cropped wp-block-gallery-1 is-layout-flex wp-block-gallery-is-layout-flex\">\n<figure class=\"wp-block-image size-large\"><img decoding=\"async\" width=\"1200\" height=\"1600\" data-id=\"42805\" src=\"https:\/\/fuentesfidedignas.com.mx\/wp-content\/uploads\/2022\/09\/IMG-20220919-WA0112.jpg\" alt=\"\" class=\"wp-image-42805\" srcset=\"https:\/\/fuentesfidedignas.com.mx\/wp-content\/uploads\/2022\/09\/IMG-20220919-WA0112.jpg 1200w, https:\/\/fuentesfidedignas.com.mx\/wp-content\/uploads\/2022\/09\/IMG-20220919-WA0112-225x300.jpg 225w, https:\/\/fuentesfidedignas.com.mx\/wp-content\/uploads\/2022\/09\/IMG-20220919-WA0112-768x1024.jpg 768w, https:\/\/fuentesfidedignas.com.mx\/wp-content\/uploads\/2022\/09\/IMG-20220919-WA0112-1152x1536.jpg 1152w\" sizes=\"(max-width: 1200px) 100vw, 1200px\" \/><\/figure>\n\n\n\n<figure class=\"wp-block-image size-large\"><img decoding=\"async\" width=\"1600\" height=\"1200\" data-id=\"42804\" src=\"https:\/\/fuentesfidedignas.com.mx\/wp-content\/uploads\/2022\/09\/IMG-20220919-WA0115.jpg\" alt=\"\" class=\"wp-image-42804\" srcset=\"https:\/\/fuentesfidedignas.com.mx\/wp-content\/uploads\/2022\/09\/IMG-20220919-WA0115.jpg 1600w, https:\/\/fuentesfidedignas.com.mx\/wp-content\/uploads\/2022\/09\/IMG-20220919-WA0115-300x225.jpg 300w, https:\/\/fuentesfidedignas.com.mx\/wp-content\/uploads\/2022\/09\/IMG-20220919-WA0115-1024x768.jpg 1024w, https:\/\/fuentesfidedignas.com.mx\/wp-content\/uploads\/2022\/09\/IMG-20220919-WA0115-768x576.jpg 768w, https:\/\/fuentesfidedignas.com.mx\/wp-content\/uploads\/2022\/09\/IMG-20220919-WA0115-1536x1152.jpg 1536w\" sizes=\"(max-width: 1600px) 100vw, 1600px\" \/><\/figure>\n\n\n\n<figure class=\"wp-block-image size-large\"><img decoding=\"async\" width=\"1600\" height=\"1200\" data-id=\"42803\" src=\"https:\/\/fuentesfidedignas.com.mx\/wp-content\/uploads\/2022\/09\/IMG-20220919-WA0120.jpg\" alt=\"\" class=\"wp-image-42803\" srcset=\"https:\/\/fuentesfidedignas.com.mx\/wp-content\/uploads\/2022\/09\/IMG-20220919-WA0120.jpg 1600w, https:\/\/fuentesfidedignas.com.mx\/wp-content\/uploads\/2022\/09\/IMG-20220919-WA0120-300x225.jpg 300w, https:\/\/fuentesfidedignas.com.mx\/wp-content\/uploads\/2022\/09\/IMG-20220919-WA0120-1024x768.jpg 1024w, https:\/\/fuentesfidedignas.com.mx\/wp-content\/uploads\/2022\/09\/IMG-20220919-WA0120-768x576.jpg 768w, https:\/\/fuentesfidedignas.com.mx\/wp-content\/uploads\/2022\/09\/IMG-20220919-WA0120-1536x1152.jpg 1536w\" sizes=\"(max-width: 1600px) 100vw, 1600px\" \/><\/figure>\n\n\n\n<figure class=\"wp-block-image size-large\"><img decoding=\"async\" width=\"1600\" height=\"1204\" data-id=\"42802\" src=\"https:\/\/fuentesfidedignas.com.mx\/wp-content\/uploads\/2022\/09\/IMG-20220919-WA0116.jpg\" alt=\"\" class=\"wp-image-42802\" srcset=\"https:\/\/fuentesfidedignas.com.mx\/wp-content\/uploads\/2022\/09\/IMG-20220919-WA0116.jpg 1600w, https:\/\/fuentesfidedignas.com.mx\/wp-content\/uploads\/2022\/09\/IMG-20220919-WA0116-300x226.jpg 300w, https:\/\/fuentesfidedignas.com.mx\/wp-content\/uploads\/2022\/09\/IMG-20220919-WA0116-1024x771.jpg 1024w, https:\/\/fuentesfidedignas.com.mx\/wp-content\/uploads\/2022\/09\/IMG-20220919-WA0116-768x578.jpg 768w, https:\/\/fuentesfidedignas.com.mx\/wp-content\/uploads\/2022\/09\/IMG-20220919-WA0116-1536x1156.jpg 1536w\" sizes=\"(max-width: 1600px) 100vw, 1600px\" \/><\/figure>\n\n\n\n<figure class=\"wp-block-image size-large\"><img decoding=\"async\" width=\"1600\" height=\"1204\" data-id=\"42801\" src=\"https:\/\/fuentesfidedignas.com.mx\/wp-content\/uploads\/2022\/09\/IMG-20220919-WA0119.jpg\" alt=\"\" class=\"wp-image-42801\" srcset=\"https:\/\/fuentesfidedignas.com.mx\/wp-content\/uploads\/2022\/09\/IMG-20220919-WA0119.jpg 1600w, https:\/\/fuentesfidedignas.com.mx\/wp-content\/uploads\/2022\/09\/IMG-20220919-WA0119-300x226.jpg 300w, https:\/\/fuentesfidedignas.com.mx\/wp-content\/uploads\/2022\/09\/IMG-20220919-WA0119-1024x771.jpg 1024w, https:\/\/fuentesfidedignas.com.mx\/wp-content\/uploads\/2022\/09\/IMG-20220919-WA0119-768x578.jpg 768w, https:\/\/fuentesfidedignas.com.mx\/wp-content\/uploads\/2022\/09\/IMG-20220919-WA0119-1536x1156.jpg 1536w\" sizes=\"(max-width: 1600px) 100vw, 1600px\" \/><\/figure>\n\n\n\n<figure class=\"wp-block-image size-large\"><img decoding=\"async\" width=\"1200\" height=\"1600\" data-id=\"42800\" src=\"https:\/\/fuentesfidedignas.com.mx\/wp-content\/uploads\/2022\/09\/IMG-20220919-WA0114.jpg\" alt=\"\" class=\"wp-image-42800\" srcset=\"https:\/\/fuentesfidedignas.com.mx\/wp-content\/uploads\/2022\/09\/IMG-20220919-WA0114.jpg 1200w, https:\/\/fuentesfidedignas.com.mx\/wp-content\/uploads\/2022\/09\/IMG-20220919-WA0114-225x300.jpg 225w, https:\/\/fuentesfidedignas.com.mx\/wp-content\/uploads\/2022\/09\/IMG-20220919-WA0114-768x1024.jpg 768w, https:\/\/fuentesfidedignas.com.mx\/wp-content\/uploads\/2022\/09\/IMG-20220919-WA0114-1152x1536.jpg 1152w\" sizes=\"(max-width: 1200px) 100vw, 1200px\" \/><\/figure>\n\n\n\n<figure class=\"wp-block-image size-large\"><img decoding=\"async\" width=\"1599\" height=\"899\" data-id=\"42799\" src=\"https:\/\/fuentesfidedignas.com.mx\/wp-content\/uploads\/2022\/09\/IMG-20220919-WA0113.jpg\" alt=\"\" class=\"wp-image-42799\" srcset=\"https:\/\/fuentesfidedignas.com.mx\/wp-content\/uploads\/2022\/09\/IMG-20220919-WA0113.jpg 1599w, https:\/\/fuentesfidedignas.com.mx\/wp-content\/uploads\/2022\/09\/IMG-20220919-WA0113-300x169.jpg 300w, https:\/\/fuentesfidedignas.com.mx\/wp-content\/uploads\/2022\/09\/IMG-20220919-WA0113-1024x576.jpg 1024w, https:\/\/fuentesfidedignas.com.mx\/wp-content\/uploads\/2022\/09\/IMG-20220919-WA0113-768x432.jpg 768w, https:\/\/fuentesfidedignas.com.mx\/wp-content\/uploads\/2022\/09\/IMG-20220919-WA0113-1536x864.jpg 1536w\" sizes=\"(max-width: 1599px) 100vw, 1599px\" \/><\/figure>\n\n\n\n<figure class=\"wp-block-image size-large\"><img decoding=\"async\" width=\"1600\" height=\"1200\" data-id=\"42797\" src=\"https:\/\/fuentesfidedignas.com.mx\/wp-content\/uploads\/2022\/09\/IMG-20220919-WA0121.jpg\" alt=\"\" class=\"wp-image-42797\" srcset=\"https:\/\/fuentesfidedignas.com.mx\/wp-content\/uploads\/2022\/09\/IMG-20220919-WA0121.jpg 1600w, https:\/\/fuentesfidedignas.com.mx\/wp-content\/uploads\/2022\/09\/IMG-20220919-WA0121-300x225.jpg 300w, https:\/\/fuentesfidedignas.com.mx\/wp-content\/uploads\/2022\/09\/IMG-20220919-WA0121-1024x768.jpg 1024w, https:\/\/fuentesfidedignas.com.mx\/wp-content\/uploads\/2022\/09\/IMG-20220919-WA0121-768x576.jpg 768w, https:\/\/fuentesfidedignas.com.mx\/wp-content\/uploads\/2022\/09\/IMG-20220919-WA0121-1536x1152.jpg 1536w\" sizes=\"(max-width: 1600px) 100vw, 1600px\" \/><\/figure>\n<\/figure>\n","protected":false},"excerpt":{"rendered":"<p>El director de Protecci\u00f3n Civil, Marco Antonio Ju\u00e1rez Salgueiro, inform\u00f3 que se llevaron a cabo en escuelas y empresas del municipio ca\u00f1ero. Navolato, Sinaloa.- Este lunes estudiantes y trabajadores del sector p\u00fablico y privado realizaron simulacros de sismos en conmemoraci\u00f3n del D\u00eda Nacional de Protecci\u00f3n Civil en M\u00e9xico, con la finalidad de conocer qu\u00e9 hacer [&hellip;]<\/p>\n","protected":false},"author":4,"featured_media":42792,"comment_status":"open","ping_status":"open","sticky":false,"template":"","format":"standard","meta":{"tdm_status":"","tdm_grid_status":"","footnotes":""},"categories":[38],"tags":[390,939],"class_list":{"0":"post-42791","1":"post","2":"type-post","3":"status-publish","4":"format-standard","5":"has-post-thumbnail","7":"category-noticias-locales","8":"tag-navolato","9":"tag-proteccion-civil"},"yoast_head":"<!-- This site is optimized with the Yoast SEO plugin v27.5 - https:\/\/yoast.com\/product\/yoast-seo-wordpress\/ -->\n<title>Realizan simulacros de sismos en Navolato en conmemoraci\u00f3n del D\u00eda Nacional de Protecci\u00f3n Civil - Fuentes Fidedignas<\/title>\n<meta name=\"robots\" content=\"index, follow, max-snippet:-1, max-image-preview:large, max-video-preview:-1\" \/>\n<link rel=\"canonical\" href=\"https:\/\/fuentesfidedignas.com.mx\/index.php\/2022\/09\/19\/realizan-simulacros-de-sismos-en-navolato-en-conmemoracion-del-dia-nacional-de-proteccion-civil\/\" \/>\n<meta property=\"og:locale\" content=\"es_MX\" \/>\n<meta property=\"og:type\" content=\"article\" \/>\n<meta property=\"og:title\" content=\"Realizan simulacros de sismos en Navolato en conmemoraci\u00f3n del D\u00eda Nacional de Protecci\u00f3n Civil - Fuentes Fidedignas\" \/>\n<meta property=\"og:description\" content=\"El director de Protecci\u00f3n Civil, Marco Antonio Ju\u00e1rez Salgueiro, inform\u00f3 que se llevaron a cabo en escuelas y empresas del municipio ca\u00f1ero. Navolato, Sinaloa.- Este lunes estudiantes y trabajadores del sector p\u00fablico y privado realizaron simulacros de sismos en conmemoraci\u00f3n del D\u00eda Nacional de Protecci\u00f3n Civil en M\u00e9xico, con la finalidad de conocer qu\u00e9 hacer [&hellip;]\" \/>\n<meta property=\"og:url\" content=\"https:\/\/fuentesfidedignas.com.mx\/index.php\/2022\/09\/19\/realizan-simulacros-de-sismos-en-navolato-en-conmemoracion-del-dia-nacional-de-proteccion-civil\/\" \/>\n<meta property=\"og:site_name\" content=\"Fuentes Fidedignas\" \/>\n<meta property=\"article:publisher\" content=\"https:\/\/www.facebook.com\/Fuentes-Fidedignas-368234489921644\" \/>\n<meta property=\"article:published_time\" content=\"2022-09-19T23:32:00+00:00\" \/>\n<meta property=\"article:modified_time\" content=\"2022-09-19T23:46:08+00:00\" \/>\n<meta property=\"og:image\" content=\"https:\/\/fuentesfidedignas.com.mx\/wp-content\/uploads\/2022\/09\/SISMO_NAV.jpg\" \/>\n\t<meta property=\"og:image:width\" content=\"1024\" \/>\n\t<meta property=\"og:image:height\" content=\"809\" \/>\n\t<meta property=\"og:image:type\" content=\"image\/jpeg\" \/>\n<meta name=\"author\" content=\"Redacci\u00f3n\" \/>\n<meta name=\"twitter:card\" content=\"summary_large_image\" \/>\n<meta name=\"twitter:creator\" content=\"@fidedignas\" \/>\n<meta name=\"twitter:site\" content=\"@fidedignas\" \/>\n<meta name=\"twitter:label1\" content=\"Escrito por\" \/>\n\t<meta name=\"twitter:data1\" content=\"Redacci\u00f3n\" \/>\n\t<meta name=\"twitter:label2\" content=\"Tiempo de lectura\" \/>\n\t<meta name=\"twitter:data2\" content=\"3 minutos\" \/>\n<script type=\"application\/ld+json\" class=\"yoast-schema-graph\">{\"@context\":\"https:\\\/\\\/schema.org\",\"@graph\":[{\"@type\":\"Article\",\"@id\":\"https:\\\/\\\/fuentesfidedignas.com.mx\\\/index.php\\\/2022\\\/09\\\/19\\\/realizan-simulacros-de-sismos-en-navolato-en-conmemoracion-del-dia-nacional-de-proteccion-civil\\\/#article\",\"isPartOf\":{\"@id\":\"https:\\\/\\\/fuentesfidedignas.com.mx\\\/index.php\\\/2022\\\/09\\\/19\\\/realizan-simulacros-de-sismos-en-navolato-en-conmemoracion-del-dia-nacional-de-proteccion-civil\\\/\"},\"author\":{\"name\":\"Redacci\u00f3n\",\"@id\":\"https:\\\/\\\/fuentesfidedignas.com.mx\\\/#\\\/schema\\\/person\\\/331be9283d37198e2acd5750279085b0\"},\"headline\":\"Realizan simulacros de sismos en Navolato en conmemoraci\u00f3n del D\u00eda Nacional de Protecci\u00f3n Civil\",\"datePublished\":\"2022-09-19T23:32:00+00:00\",\"dateModified\":\"2022-09-19T23:46:08+00:00\",\"mainEntityOfPage\":{\"@id\":\"https:\\\/\\\/fuentesfidedignas.com.mx\\\/index.php\\\/2022\\\/09\\\/19\\\/realizan-simulacros-de-sismos-en-navolato-en-conmemoracion-del-dia-nacional-de-proteccion-civil\\\/\"},\"wordCount\":181,\"commentCount\":0,\"publisher\":{\"@id\":\"https:\\\/\\\/fuentesfidedignas.com.mx\\\/#organization\"},\"image\":{\"@id\":\"https:\\\/\\\/fuentesfidedignas.com.mx\\\/index.php\\\/2022\\\/09\\\/19\\\/realizan-simulacros-de-sismos-en-navolato-en-conmemoracion-del-dia-nacional-de-proteccion-civil\\\/#primaryimage\"},\"thumbnailUrl\":\"https:\\\/\\\/fuentesfidedignas.com.mx\\\/wp-content\\\/uploads\\\/2022\\\/09\\\/SISMO_NAV.jpg\",\"keywords\":[\"Navolato\",\"Protecci\u00f3n Civil\"],\"articleSection\":[\"NOTICIAS LOCALES\"],\"inLanguage\":\"es\",\"potentialAction\":[{\"@type\":\"CommentAction\",\"name\":\"Comment\",\"target\":[\"https:\\\/\\\/fuentesfidedignas.com.mx\\\/index.php\\\/2022\\\/09\\\/19\\\/realizan-simulacros-de-sismos-en-navolato-en-conmemoracion-del-dia-nacional-de-proteccion-civil\\\/#respond\"]}]},{\"@type\":\"WebPage\",\"@id\":\"https:\\\/\\\/fuentesfidedignas.com.mx\\\/index.php\\\/2022\\\/09\\\/19\\\/realizan-simulacros-de-sismos-en-navolato-en-conmemoracion-del-dia-nacional-de-proteccion-civil\\\/\",\"url\":\"https:\\\/\\\/fuentesfidedignas.com.mx\\\/index.php\\\/2022\\\/09\\\/19\\\/realizan-simulacros-de-sismos-en-navolato-en-conmemoracion-del-dia-nacional-de-proteccion-civil\\\/\",\"name\":\"Realizan simulacros de sismos en Navolato en conmemoraci\u00f3n del D\u00eda Nacional de Protecci\u00f3n Civil - Fuentes Fidedignas\",\"isPartOf\":{\"@id\":\"https:\\\/\\\/fuentesfidedignas.com.mx\\\/#website\"},\"primaryImageOfPage\":{\"@id\":\"https:\\\/\\\/fuentesfidedignas.com.mx\\\/index.php\\\/2022\\\/09\\\/19\\\/realizan-simulacros-de-sismos-en-navolato-en-conmemoracion-del-dia-nacional-de-proteccion-civil\\\/#primaryimage\"},\"image\":{\"@id\":\"https:\\\/\\\/fuentesfidedignas.com.mx\\\/index.php\\\/2022\\\/09\\\/19\\\/realizan-simulacros-de-sismos-en-navolato-en-conmemoracion-del-dia-nacional-de-proteccion-civil\\\/#primaryimage\"},\"thumbnailUrl\":\"https:\\\/\\\/fuentesfidedignas.com.mx\\\/wp-content\\\/uploads\\\/2022\\\/09\\\/SISMO_NAV.jpg\",\"datePublished\":\"2022-09-19T23:32:00+00:00\",\"dateModified\":\"2022-09-19T23:46:08+00:00\",\"breadcrumb\":{\"@id\":\"https:\\\/\\\/fuentesfidedignas.com.mx\\\/index.php\\\/2022\\\/09\\\/19\\\/realizan-simulacros-de-sismos-en-navolato-en-conmemoracion-del-dia-nacional-de-proteccion-civil\\\/#breadcrumb\"},\"inLanguage\":\"es\",\"potentialAction\":[{\"@type\":\"ReadAction\",\"target\":[\"https:\\\/\\\/fuentesfidedignas.com.mx\\\/index.php\\\/2022\\\/09\\\/19\\\/realizan-simulacros-de-sismos-en-navolato-en-conmemoracion-del-dia-nacional-de-proteccion-civil\\\/\"]}]},{\"@type\":\"ImageObject\",\"inLanguage\":\"es\",\"@id\":\"https:\\\/\\\/fuentesfidedignas.com.mx\\\/index.php\\\/2022\\\/09\\\/19\\\/realizan-simulacros-de-sismos-en-navolato-en-conmemoracion-del-dia-nacional-de-proteccion-civil\\\/#primaryimage\",\"url\":\"https:\\\/\\\/fuentesfidedignas.com.mx\\\/wp-content\\\/uploads\\\/2022\\\/09\\\/SISMO_NAV.jpg\",\"contentUrl\":\"https:\\\/\\\/fuentesfidedignas.com.mx\\\/wp-content\\\/uploads\\\/2022\\\/09\\\/SISMO_NAV.jpg\",\"width\":1024,\"height\":809},{\"@type\":\"BreadcrumbList\",\"@id\":\"https:\\\/\\\/fuentesfidedignas.com.mx\\\/index.php\\\/2022\\\/09\\\/19\\\/realizan-simulacros-de-sismos-en-navolato-en-conmemoracion-del-dia-nacional-de-proteccion-civil\\\/#breadcrumb\",\"itemListElement\":[{\"@type\":\"ListItem\",\"position\":1,\"name\":\"Inicio\",\"item\":\"https:\\\/\\\/fuentesfidedignas.com.mx\\\/\"},{\"@type\":\"ListItem\",\"position\":2,\"name\":\"Realizan simulacros de sismos en Navolato en conmemoraci\u00f3n del D\u00eda Nacional de Protecci\u00f3n Civil\"}]},{\"@type\":\"WebSite\",\"@id\":\"https:\\\/\\\/fuentesfidedignas.com.mx\\\/#website\",\"url\":\"https:\\\/\\\/fuentesfidedignas.com.mx\\\/\",\"name\":\"Fuentes Fidedignas\",\"description\":\"Otro sitio realizado con WordPress\",\"publisher\":{\"@id\":\"https:\\\/\\\/fuentesfidedignas.com.mx\\\/#organization\"},\"potentialAction\":[{\"@type\":\"SearchAction\",\"target\":{\"@type\":\"EntryPoint\",\"urlTemplate\":\"https:\\\/\\\/fuentesfidedignas.com.mx\\\/?s={search_term_string}\"},\"query-input\":{\"@type\":\"PropertyValueSpecification\",\"valueRequired\":true,\"valueName\":\"search_term_string\"}}],\"inLanguage\":\"es\"},{\"@type\":\"Organization\",\"@id\":\"https:\\\/\\\/fuentesfidedignas.com.mx\\\/#organization\",\"name\":\"Fuentes Fidedignas\",\"url\":\"https:\\\/\\\/fuentesfidedignas.com.mx\\\/\",\"logo\":{\"@type\":\"ImageObject\",\"inLanguage\":\"es\",\"@id\":\"https:\\\/\\\/fuentesfidedignas.com.mx\\\/#\\\/schema\\\/logo\\\/image\\\/\",\"url\":\"https:\\\/\\\/fuentesfidedignas.com.mx\\\/wp-content\\\/uploads\\\/2021\\\/04\\\/logo-retina.png\",\"contentUrl\":\"https:\\\/\\\/fuentesfidedignas.com.mx\\\/wp-content\\\/uploads\\\/2021\\\/04\\\/logo-retina.png\",\"width\":280,\"height\":51,\"caption\":\"Fuentes Fidedignas\"},\"image\":{\"@id\":\"https:\\\/\\\/fuentesfidedignas.com.mx\\\/#\\\/schema\\\/logo\\\/image\\\/\"},\"sameAs\":[\"https:\\\/\\\/www.facebook.com\\\/Fuentes-Fidedignas-368234489921644\",\"https:\\\/\\\/x.com\\\/fidedignas\"]},{\"@type\":\"Person\",\"@id\":\"https:\\\/\\\/fuentesfidedignas.com.mx\\\/#\\\/schema\\\/person\\\/331be9283d37198e2acd5750279085b0\",\"name\":\"Redacci\u00f3n\",\"image\":{\"@type\":\"ImageObject\",\"inLanguage\":\"es\",\"@id\":\"https:\\\/\\\/secure.gravatar.com\\\/avatar\\\/f6d8782c11d12b2d4ad3fbb6931aeab5309937a4d6cd2fc9cfaa28a6396a5aec?s=96&d=mm&r=g\",\"url\":\"https:\\\/\\\/secure.gravatar.com\\\/avatar\\\/f6d8782c11d12b2d4ad3fbb6931aeab5309937a4d6cd2fc9cfaa28a6396a5aec?s=96&d=mm&r=g\",\"contentUrl\":\"https:\\\/\\\/secure.gravatar.com\\\/avatar\\\/f6d8782c11d12b2d4ad3fbb6931aeab5309937a4d6cd2fc9cfaa28a6396a5aec?s=96&d=mm&r=g\",\"caption\":\"Redacci\u00f3n\"},\"url\":\"https:\\\/\\\/fuentesfidedignas.com.mx\\\/index.php\\\/author\\\/redaccion\\\/\"}]}<\/script>\n<!-- \/ Yoast SEO plugin. -->","yoast_head_json":{"title":"Realizan simulacros de sismos en Navolato en conmemoraci\u00f3n del D\u00eda Nacional de Protecci\u00f3n Civil - Fuentes Fidedignas","robots":{"index":"index","follow":"follow","max-snippet":"max-snippet:-1","max-image-preview":"max-image-preview:large","max-video-preview":"max-video-preview:-1"},"canonical":"https:\/\/fuentesfidedignas.com.mx\/index.php\/2022\/09\/19\/realizan-simulacros-de-sismos-en-navolato-en-conmemoracion-del-dia-nacional-de-proteccion-civil\/","og_locale":"es_MX","og_type":"article","og_title":"Realizan simulacros de sismos en Navolato en conmemoraci\u00f3n del D\u00eda Nacional de Protecci\u00f3n Civil - Fuentes Fidedignas","og_description":"El director de Protecci\u00f3n Civil, Marco Antonio Ju\u00e1rez Salgueiro, inform\u00f3 que se llevaron a cabo en escuelas y empresas del municipio ca\u00f1ero. Navolato, Sinaloa.- Este lunes estudiantes y trabajadores del sector p\u00fablico y privado realizaron simulacros de sismos en conmemoraci\u00f3n del D\u00eda Nacional de Protecci\u00f3n Civil en M\u00e9xico, con la finalidad de conocer qu\u00e9 hacer [&hellip;]","og_url":"https:\/\/fuentesfidedignas.com.mx\/index.php\/2022\/09\/19\/realizan-simulacros-de-sismos-en-navolato-en-conmemoracion-del-dia-nacional-de-proteccion-civil\/","og_site_name":"Fuentes Fidedignas","article_publisher":"https:\/\/www.facebook.com\/Fuentes-Fidedignas-368234489921644","article_published_time":"2022-09-19T23:32:00+00:00","article_modified_time":"2022-09-19T23:46:08+00:00","og_image":[{"width":1024,"height":809,"url":"https:\/\/fuentesfidedignas.com.mx\/wp-content\/uploads\/2022\/09\/SISMO_NAV.jpg","type":"image\/jpeg"}],"author":"Redacci\u00f3n","twitter_card":"summary_large_image","twitter_creator":"@fidedignas","twitter_site":"@fidedignas","twitter_misc":{"Escrito por":"Redacci\u00f3n","Tiempo de lectura":"3 minutos"},"schema":{"@context":"https:\/\/schema.org","@graph":[{"@type":"Article","@id":"https:\/\/fuentesfidedignas.com.mx\/index.php\/2022\/09\/19\/realizan-simulacros-de-sismos-en-navolato-en-conmemoracion-del-dia-nacional-de-proteccion-civil\/#article","isPartOf":{"@id":"https:\/\/fuentesfidedignas.com.mx\/index.php\/2022\/09\/19\/realizan-simulacros-de-sismos-en-navolato-en-conmemoracion-del-dia-nacional-de-proteccion-civil\/"},"author":{"name":"Redacci\u00f3n","@id":"https:\/\/fuentesfidedignas.com.mx\/#\/schema\/person\/331be9283d37198e2acd5750279085b0"},"headline":"Realizan simulacros de sismos en Navolato en conmemoraci\u00f3n del D\u00eda Nacional de Protecci\u00f3n Civil","datePublished":"2022-09-19T23:32:00+00:00","dateModified":"2022-09-19T23:46:08+00:00","mainEntityOfPage":{"@id":"https:\/\/fuentesfidedignas.com.mx\/index.php\/2022\/09\/19\/realizan-simulacros-de-sismos-en-navolato-en-conmemoracion-del-dia-nacional-de-proteccion-civil\/"},"wordCount":181,"commentCount":0,"publisher":{"@id":"https:\/\/fuentesfidedignas.com.mx\/#organization"},"image":{"@id":"https:\/\/fuentesfidedignas.com.mx\/index.php\/2022\/09\/19\/realizan-simulacros-de-sismos-en-navolato-en-conmemoracion-del-dia-nacional-de-proteccion-civil\/#primaryimage"},"thumbnailUrl":"https:\/\/fuentesfidedignas.com.mx\/wp-content\/uploads\/2022\/09\/SISMO_NAV.jpg","keywords":["Navolato","Protecci\u00f3n Civil"],"articleSection":["NOTICIAS LOCALES"],"inLanguage":"es","potentialAction":[{"@type":"CommentAction","name":"Comment","target":["https:\/\/fuentesfidedignas.com.mx\/index.php\/2022\/09\/19\/realizan-simulacros-de-sismos-en-navolato-en-conmemoracion-del-dia-nacional-de-proteccion-civil\/#respond"]}]},{"@type":"WebPage","@id":"https:\/\/fuentesfidedignas.com.mx\/index.php\/2022\/09\/19\/realizan-simulacros-de-sismos-en-navolato-en-conmemoracion-del-dia-nacional-de-proteccion-civil\/","url":"https:\/\/fuentesfidedignas.com.mx\/index.php\/2022\/09\/19\/realizan-simulacros-de-sismos-en-navolato-en-conmemoracion-del-dia-nacional-de-proteccion-civil\/","name":"Realizan simulacros de sismos en Navolato en conmemoraci\u00f3n del D\u00eda Nacional de Protecci\u00f3n Civil - Fuentes Fidedignas","isPartOf":{"@id":"https:\/\/fuentesfidedignas.com.mx\/#website"},"primaryImageOfPage":{"@id":"https:\/\/fuentesfidedignas.com.mx\/index.php\/2022\/09\/19\/realizan-simulacros-de-sismos-en-navolato-en-conmemoracion-del-dia-nacional-de-proteccion-civil\/#primaryimage"},"image":{"@id":"https:\/\/fuentesfidedignas.com.mx\/index.php\/2022\/09\/19\/realizan-simulacros-de-sismos-en-navolato-en-conmemoracion-del-dia-nacional-de-proteccion-civil\/#primaryimage"},"thumbnailUrl":"https:\/\/fuentesfidedignas.com.mx\/wp-content\/uploads\/2022\/09\/SISMO_NAV.jpg","datePublished":"2022-09-19T23:32:00+00:00","dateModified":"2022-09-19T23:46:08+00:00","breadcrumb":{"@id":"https:\/\/fuentesfidedignas.com.mx\/index.php\/2022\/09\/19\/realizan-simulacros-de-sismos-en-navolato-en-conmemoracion-del-dia-nacional-de-proteccion-civil\/#breadcrumb"},"inLanguage":"es","potentialAction":[{"@type":"ReadAction","target":["https:\/\/fuentesfidedignas.com.mx\/index.php\/2022\/09\/19\/realizan-simulacros-de-sismos-en-navolato-en-conmemoracion-del-dia-nacional-de-proteccion-civil\/"]}]},{"@type":"ImageObject","inLanguage":"es","@id":"https:\/\/fuentesfidedignas.com.mx\/index.php\/2022\/09\/19\/realizan-simulacros-de-sismos-en-navolato-en-conmemoracion-del-dia-nacional-de-proteccion-civil\/#primaryimage","url":"https:\/\/fuentesfidedignas.com.mx\/wp-content\/uploads\/2022\/09\/SISMO_NAV.jpg","contentUrl":"https:\/\/fuentesfidedignas.com.mx\/wp-content\/uploads\/2022\/09\/SISMO_NAV.jpg","width":1024,"height":809},{"@type":"BreadcrumbList","@id":"https:\/\/fuentesfidedignas.com.mx\/index.php\/2022\/09\/19\/realizan-simulacros-de-sismos-en-navolato-en-conmemoracion-del-dia-nacional-de-proteccion-civil\/#breadcrumb","itemListElement":[{"@type":"ListItem","position":1,"name":"Inicio","item":"https:\/\/fuentesfidedignas.com.mx\/"},{"@type":"ListItem","position":2,"name":"Realizan simulacros de sismos en Navolato en conmemoraci\u00f3n del D\u00eda Nacional de Protecci\u00f3n Civil"}]},{"@type":"WebSite","@id":"https:\/\/fuentesfidedignas.com.mx\/#website","url":"https:\/\/fuentesfidedignas.com.mx\/","name":"Fuentes Fidedignas","description":"Otro sitio realizado con WordPress","publisher":{"@id":"https:\/\/fuentesfidedignas.com.mx\/#organization"},"potentialAction":[{"@type":"SearchAction","target":{"@type":"EntryPoint","urlTemplate":"https:\/\/fuentesfidedignas.com.mx\/?s={search_term_string}"},"query-input":{"@type":"PropertyValueSpecification","valueRequired":true,"valueName":"search_term_string"}}],"inLanguage":"es"},{"@type":"Organization","@id":"https:\/\/fuentesfidedignas.com.mx\/#organization","name":"Fuentes Fidedignas","url":"https:\/\/fuentesfidedignas.com.mx\/","logo":{"@type":"ImageObject","inLanguage":"es","@id":"https:\/\/fuentesfidedignas.com.mx\/#\/schema\/logo\/image\/","url":"https:\/\/fuentesfidedignas.com.mx\/wp-content\/uploads\/2021\/04\/logo-retina.png","contentUrl":"https:\/\/fuentesfidedignas.com.mx\/wp-content\/uploads\/2021\/04\/logo-retina.png","width":280,"height":51,"caption":"Fuentes Fidedignas"},"image":{"@id":"https:\/\/fuentesfidedignas.com.mx\/#\/schema\/logo\/image\/"},"sameAs":["https:\/\/www.facebook.com\/Fuentes-Fidedignas-368234489921644","https:\/\/x.com\/fidedignas"]},{"@type":"Person","@id":"https:\/\/fuentesfidedignas.com.mx\/#\/schema\/person\/331be9283d37198e2acd5750279085b0","name":"Redacci\u00f3n","image":{"@type":"ImageObject","inLanguage":"es","@id":"https:\/\/secure.gravatar.com\/avatar\/f6d8782c11d12b2d4ad3fbb6931aeab5309937a4d6cd2fc9cfaa28a6396a5aec?s=96&d=mm&r=g","url":"https:\/\/secure.gravatar.com\/avatar\/f6d8782c11d12b2d4ad3fbb6931aeab5309937a4d6cd2fc9cfaa28a6396a5aec?s=96&d=mm&r=g","contentUrl":"https:\/\/secure.gravatar.com\/avatar\/f6d8782c11d12b2d4ad3fbb6931aeab5309937a4d6cd2fc9cfaa28a6396a5aec?s=96&d=mm&r=g","caption":"Redacci\u00f3n"},"url":"https:\/\/fuentesfidedignas.com.mx\/index.php\/author\/redaccion\/"}]}},"_links":{"self":[{"href":"https:\/\/fuentesfidedignas.com.mx\/index.php\/wp-json\/wp\/v2\/posts\/42791","targetHints":{"allow":["GET"]}}],"collection":[{"href":"https:\/\/fuentesfidedignas.com.mx\/index.php\/wp-json\/wp\/v2\/posts"}],"about":[{"href":"https:\/\/fuentesfidedignas.com.mx\/index.php\/wp-json\/wp\/v2\/types\/post"}],"author":[{"embeddable":true,"href":"https:\/\/fuentesfidedignas.com.mx\/index.php\/wp-json\/wp\/v2\/users\/4"}],"replies":[{"embeddable":true,"href":"https:\/\/fuentesfidedignas.com.mx\/index.php\/wp-json\/wp\/v2\/comments?post=42791"}],"version-history":[{"count":2,"href":"https:\/\/fuentesfidedignas.com.mx\/index.php\/wp-json\/wp\/v2\/posts\/42791\/revisions"}],"predecessor-version":[{"id":42806,"href":"https:\/\/fuentesfidedignas.com.mx\/index.php\/wp-json\/wp\/v2\/posts\/42791\/revisions\/42806"}],"wp:featuredmedia":[{"embeddable":true,"href":"https:\/\/fuentesfidedignas.com.mx\/index.php\/wp-json\/wp\/v2\/media\/42792"}],"wp:attachment":[{"href":"https:\/\/fuentesfidedignas.com.mx\/index.php\/wp-json\/wp\/v2\/media?parent=42791"}],"wp:term":[{"taxonomy":"category","embeddable":true,"href":"https:\/\/fuentesfidedignas.com.mx\/index.php\/wp-json\/wp\/v2\/categories?post=42791"},{"taxonomy":"post_tag","embeddable":true,"href":"https:\/\/fuentesfidedignas.com.mx\/index.php\/wp-json\/wp\/v2\/tags?post=42791"}],"curies":[{"name":"wp","href":"https:\/\/api.w.org\/{rel}","templated":true}]}}