{"id":42694,"date":"2022-09-19T07:27:00","date_gmt":"2022-09-19T13:27:00","guid":{"rendered":"https:\/\/fuentesfidedignas.com.mx\/?p=42694"},"modified":"2022-09-19T12:25:25","modified_gmt":"2022-09-19T18:25:25","slug":"amlo-encabeza-izamiento-de-bandera-a-media-asta-por-victimas-del-19s","status":"publish","type":"post","link":"https:\/\/fuentesfidedignas.com.mx\/index.php\/2022\/09\/19\/amlo-encabeza-izamiento-de-bandera-a-media-asta-por-victimas-del-19s\/","title":{"rendered":"AMLO encabeza izamiento de Bandera a media asta por v\u00edctimas del 19S"},"content":{"rendered":"\n<p><br><em><strong>La conmemoraci\u00f3n ocurri\u00f3 cerca de las 07:19, la hora del devastador terremoto de 1985<\/strong><\/em><\/p>\n\n\n\n<p>Ciudad de M\u00e9xico. El presidente de M\u00e9xico,&nbsp;<strong>Andr\u00e9s Manuel L\u00f3pez Obrador (<a href=\"https:\/\/noticieros.televisa.com\/politica\/\" target=\"_blank\" rel=\"noreferrer noopener\">AMLO<\/a>),<\/strong>&nbsp;encabez\u00f3 la ceremonia de izamiento de Bandera por las v\u00edctimas de los&nbsp;<a href=\"https:\/\/noticieros.televisa.com\/tag\/sismo\/\" target=\"_blank\" rel=\"noreferrer noopener\">sismos<\/a>&nbsp;del 19 de septiembre de 1985 y de 2017&nbsp;<strong>(19S)<\/strong>.<\/p>\n\n\n\n<figure class=\"wp-block-embed is-type-video is-provider-youtube wp-block-embed-youtube wp-embed-aspect-16-9 wp-has-aspect-ratio\"><div class=\"wp-block-embed__wrapper\">\n<iframe loading=\"lazy\" title=\"Izamiento de bandera en memoria de v\u00edctimas de los sismos de 1985 y 2017\" width=\"696\" height=\"392\" src=\"https:\/\/www.youtube.com\/embed\/lCnqqTv0QYc?feature=oembed\" frameborder=\"0\" allow=\"accelerometer; autoplay; clipboard-write; encrypted-media; gyroscope; picture-in-picture\" allowfullscreen><\/iframe>\n<\/div><\/figure>\n\n\n\n<p>La conmemoraci\u00f3n fue a las 07:19 horas, momento del devastador&nbsp;<strong>terremoto<\/strong>&nbsp;de 1985, cuando&nbsp;<strong>AMLO<\/strong>&nbsp;encabez\u00f3 el acto de izar la Bandera en el Z\u00f3calo, frente al Palacio Nacional, en una ceremonia con autoridades civiles y militares.<\/p>\n\n\n\n<p>Con la&nbsp;<strong>Bandera<\/strong>&nbsp;monumental a media asta y un minuto de silencio, en un acto ya tradicional de esta jornada, se record\u00f3 a las m\u00e1s de 20,000 v\u00edctimas mortales que, seg\u00fan estimaciones, dej\u00f3 el terremoto de 1985 y a las 370 del sismo de 2017.<\/p>\n\n\n\n<p>El 19 de septiembre de 1985 el&nbsp;<strong>sismo<\/strong>&nbsp;ocurri\u00f3 a las 07:19 hora local, con una magnitud de 8.1 y con epicentro en Guerrero, y dej\u00f3 m\u00e1s de 20,000 muertos, la mayor parte en la capital mexicana.<\/p>\n\n\n\n<p>En la misma fecha, 32 a\u00f1os despu\u00e9s, el 19 de septiembre de 2017 un&nbsp;<strong>terremoto<\/strong>&nbsp;de magnitud 7.1 y con epicentro entre Puebla y Morelos dej\u00f3 cerca de 370 muertos, 228 de ellos en Ciudad de M\u00e9xico.<\/p>\n\n\n\n<p>D\u00edas antes, el 7 de septiembre de 2017, un&nbsp;<strong>sismo<\/strong>&nbsp;de magnitud 8.2, considerado el de mayor intensidad en casi un siglo, dej\u00f3 99 muertos en tres estados: 79 en Oaxaca, 16 en Chiapas, donde fue el epicentro, y 4 en Tabasco<\/p>\n\n\n\n<p>Durante el evento por el 19S se rindieron honores militares al presidente&nbsp;<strong>Andr\u00e9s Manuel L\u00f3pez Obrador<\/strong>.<\/p>\n\n\n\n<p>La banda de guerra ejecut\u00f3 el toque militar en honor a las v\u00edctimas de ambos&nbsp;<strong>sismos.<\/strong>&nbsp;Finalmente, fue interpretado el Himno Nacional.<\/p>\n\n\n\n<p>Luego de la ceremonia del izamiento de Bandera,&nbsp;<strong>AMLO<\/strong>&nbsp;encabez\u00f3 su&nbsp;<a href=\"https:\/\/noticieros.televisa.com\/ultimas-noticias\/amlo-hoy-conferencia-mananera-19-septiembre-2022\/\">conferencia ma\u00f1anera<\/a>&nbsp;en la que record\u00f3 a las v\u00edctimas de los sismos y envi\u00f3 su p\u00e9same a los familiares.<\/p>\n\n\n\n<blockquote class=\"wp-block-quote is-layout-flow wp-block-quote-is-layout-flow\"><p>\u201cAntes que todo, enviar nuestros abrazos, nuestro p\u00e9same a todos los familiares de quienes perdieron la vida en estos sismos, ya participamos en la ceremonia para recordar a todos, a los que perdieron la vida, a sus familiares, amigos\u201d, declar\u00f3&nbsp;<strong>AMLO.<\/strong><\/p><\/blockquote>\n","protected":false},"excerpt":{"rendered":"<p>La conmemoraci\u00f3n ocurri\u00f3 cerca de las 07:19, la hora del devastador terremoto de 1985 Ciudad de M\u00e9xico. El presidente de M\u00e9xico,&nbsp;Andr\u00e9s Manuel L\u00f3pez Obrador (AMLO),&nbsp;encabez\u00f3 la ceremonia de izamiento de Bandera por las v\u00edctimas de los&nbsp;sismos&nbsp;del 19 de septiembre de 1985 y de 2017&nbsp;(19S). La conmemoraci\u00f3n fue a las 07:19 horas, momento del devastador&nbsp;terremoto&nbsp;de 1985, [&hellip;]<\/p>\n","protected":false},"author":46,"featured_media":42696,"comment_status":"open","ping_status":"open","sticky":false,"template":"","format":"standard","meta":{"tdm_status":"","tdm_grid_status":"","footnotes":""},"categories":[39],"tags":[],"class_list":{"0":"post-42694","1":"post","2":"type-post","3":"status-publish","4":"format-standard","5":"has-post-thumbnail","7":"category-noticias-nacionales"},"yoast_head":"<!-- This site is optimized with the Yoast SEO plugin v27.5 - https:\/\/yoast.com\/product\/yoast-seo-wordpress\/ -->\n<title>AMLO encabeza izamiento de Bandera a media asta por v\u00edctimas del 19S - Fuentes Fidedignas<\/title>\n<meta name=\"robots\" content=\"index, follow, max-snippet:-1, max-image-preview:large, max-video-preview:-1\" \/>\n<link rel=\"canonical\" href=\"https:\/\/fuentesfidedignas.com.mx\/index.php\/2022\/09\/19\/amlo-encabeza-izamiento-de-bandera-a-media-asta-por-victimas-del-19s\/\" \/>\n<meta property=\"og:locale\" content=\"es_MX\" \/>\n<meta property=\"og:type\" content=\"article\" \/>\n<meta property=\"og:title\" content=\"AMLO encabeza izamiento de Bandera a media asta por v\u00edctimas del 19S - Fuentes Fidedignas\" \/>\n<meta property=\"og:description\" content=\"La conmemoraci\u00f3n ocurri\u00f3 cerca de las 07:19, la hora del devastador terremoto de 1985 Ciudad de M\u00e9xico. El presidente de M\u00e9xico,&nbsp;Andr\u00e9s Manuel L\u00f3pez Obrador (AMLO),&nbsp;encabez\u00f3 la ceremonia de izamiento de Bandera por las v\u00edctimas de los&nbsp;sismos&nbsp;del 19 de septiembre de 1985 y de 2017&nbsp;(19S). La conmemoraci\u00f3n fue a las 07:19 horas, momento del devastador&nbsp;terremoto&nbsp;de 1985, [&hellip;]\" \/>\n<meta property=\"og:url\" content=\"https:\/\/fuentesfidedignas.com.mx\/index.php\/2022\/09\/19\/amlo-encabeza-izamiento-de-bandera-a-media-asta-por-victimas-del-19s\/\" \/>\n<meta property=\"og:site_name\" content=\"Fuentes Fidedignas\" \/>\n<meta property=\"article:publisher\" content=\"https:\/\/www.facebook.com\/Fuentes-Fidedignas-368234489921644\" \/>\n<meta property=\"article:published_time\" content=\"2022-09-19T13:27:00+00:00\" \/>\n<meta property=\"article:modified_time\" content=\"2022-09-19T18:25:25+00:00\" \/>\n<meta property=\"og:image\" content=\"https:\/\/fuentesfidedignas.com.mx\/wp-content\/uploads\/2022\/09\/amlo-encabeza-ceremonia-por-victimas-del-19s.jpg\" \/>\n\t<meta property=\"og:image:width\" content=\"1280\" \/>\n\t<meta property=\"og:image:height\" content=\"720\" \/>\n\t<meta property=\"og:image:type\" content=\"image\/jpeg\" \/>\n<meta name=\"author\" content=\"Noticieros Televisa\" \/>\n<meta name=\"twitter:card\" content=\"summary_large_image\" \/>\n<meta name=\"twitter:creator\" content=\"@fidedignas\" \/>\n<meta name=\"twitter:site\" content=\"@fidedignas\" \/>\n<meta name=\"twitter:label1\" content=\"Escrito por\" \/>\n\t<meta name=\"twitter:data1\" content=\"Noticieros Televisa\" \/>\n\t<meta name=\"twitter:label2\" content=\"Tiempo de lectura\" \/>\n\t<meta name=\"twitter:data2\" content=\"2 minutos\" \/>\n<script type=\"application\/ld+json\" class=\"yoast-schema-graph\">{\"@context\":\"https:\\\/\\\/schema.org\",\"@graph\":[{\"@type\":\"Article\",\"@id\":\"https:\\\/\\\/fuentesfidedignas.com.mx\\\/index.php\\\/2022\\\/09\\\/19\\\/amlo-encabeza-izamiento-de-bandera-a-media-asta-por-victimas-del-19s\\\/#article\",\"isPartOf\":{\"@id\":\"https:\\\/\\\/fuentesfidedignas.com.mx\\\/index.php\\\/2022\\\/09\\\/19\\\/amlo-encabeza-izamiento-de-bandera-a-media-asta-por-victimas-del-19s\\\/\"},\"author\":{\"name\":\"Noticieros Televisa\",\"@id\":\"https:\\\/\\\/fuentesfidedignas.com.mx\\\/#\\\/schema\\\/person\\\/f030e42657a5a464a8bbd891b1aab6ee\"},\"headline\":\"AMLO encabeza izamiento de Bandera a media asta por v\u00edctimas del 19S\",\"datePublished\":\"2022-09-19T13:27:00+00:00\",\"dateModified\":\"2022-09-19T18:25:25+00:00\",\"mainEntityOfPage\":{\"@id\":\"https:\\\/\\\/fuentesfidedignas.com.mx\\\/index.php\\\/2022\\\/09\\\/19\\\/amlo-encabeza-izamiento-de-bandera-a-media-asta-por-victimas-del-19s\\\/\"},\"wordCount\":393,\"commentCount\":0,\"publisher\":{\"@id\":\"https:\\\/\\\/fuentesfidedignas.com.mx\\\/#organization\"},\"image\":{\"@id\":\"https:\\\/\\\/fuentesfidedignas.com.mx\\\/index.php\\\/2022\\\/09\\\/19\\\/amlo-encabeza-izamiento-de-bandera-a-media-asta-por-victimas-del-19s\\\/#primaryimage\"},\"thumbnailUrl\":\"https:\\\/\\\/fuentesfidedignas.com.mx\\\/wp-content\\\/uploads\\\/2022\\\/09\\\/amlo-encabeza-ceremonia-por-victimas-del-19s.jpg\",\"articleSection\":[\"NOTICIAS NACIONALES\"],\"inLanguage\":\"es\",\"potentialAction\":[{\"@type\":\"CommentAction\",\"name\":\"Comment\",\"target\":[\"https:\\\/\\\/fuentesfidedignas.com.mx\\\/index.php\\\/2022\\\/09\\\/19\\\/amlo-encabeza-izamiento-de-bandera-a-media-asta-por-victimas-del-19s\\\/#respond\"]}]},{\"@type\":\"WebPage\",\"@id\":\"https:\\\/\\\/fuentesfidedignas.com.mx\\\/index.php\\\/2022\\\/09\\\/19\\\/amlo-encabeza-izamiento-de-bandera-a-media-asta-por-victimas-del-19s\\\/\",\"url\":\"https:\\\/\\\/fuentesfidedignas.com.mx\\\/index.php\\\/2022\\\/09\\\/19\\\/amlo-encabeza-izamiento-de-bandera-a-media-asta-por-victimas-del-19s\\\/\",\"name\":\"AMLO encabeza izamiento de Bandera a media asta por v\u00edctimas del 19S - Fuentes Fidedignas\",\"isPartOf\":{\"@id\":\"https:\\\/\\\/fuentesfidedignas.com.mx\\\/#website\"},\"primaryImageOfPage\":{\"@id\":\"https:\\\/\\\/fuentesfidedignas.com.mx\\\/index.php\\\/2022\\\/09\\\/19\\\/amlo-encabeza-izamiento-de-bandera-a-media-asta-por-victimas-del-19s\\\/#primaryimage\"},\"image\":{\"@id\":\"https:\\\/\\\/fuentesfidedignas.com.mx\\\/index.php\\\/2022\\\/09\\\/19\\\/amlo-encabeza-izamiento-de-bandera-a-media-asta-por-victimas-del-19s\\\/#primaryimage\"},\"thumbnailUrl\":\"https:\\\/\\\/fuentesfidedignas.com.mx\\\/wp-content\\\/uploads\\\/2022\\\/09\\\/amlo-encabeza-ceremonia-por-victimas-del-19s.jpg\",\"datePublished\":\"2022-09-19T13:27:00+00:00\",\"dateModified\":\"2022-09-19T18:25:25+00:00\",\"breadcrumb\":{\"@id\":\"https:\\\/\\\/fuentesfidedignas.com.mx\\\/index.php\\\/2022\\\/09\\\/19\\\/amlo-encabeza-izamiento-de-bandera-a-media-asta-por-victimas-del-19s\\\/#breadcrumb\"},\"inLanguage\":\"es\",\"potentialAction\":[{\"@type\":\"ReadAction\",\"target\":[\"https:\\\/\\\/fuentesfidedignas.com.mx\\\/index.php\\\/2022\\\/09\\\/19\\\/amlo-encabeza-izamiento-de-bandera-a-media-asta-por-victimas-del-19s\\\/\"]}]},{\"@type\":\"ImageObject\",\"inLanguage\":\"es\",\"@id\":\"https:\\\/\\\/fuentesfidedignas.com.mx\\\/index.php\\\/2022\\\/09\\\/19\\\/amlo-encabeza-izamiento-de-bandera-a-media-asta-por-victimas-del-19s\\\/#primaryimage\",\"url\":\"https:\\\/\\\/fuentesfidedignas.com.mx\\\/wp-content\\\/uploads\\\/2022\\\/09\\\/amlo-encabeza-ceremonia-por-victimas-del-19s.jpg\",\"contentUrl\":\"https:\\\/\\\/fuentesfidedignas.com.mx\\\/wp-content\\\/uploads\\\/2022\\\/09\\\/amlo-encabeza-ceremonia-por-victimas-del-19s.jpg\",\"width\":1280,\"height\":720},{\"@type\":\"BreadcrumbList\",\"@id\":\"https:\\\/\\\/fuentesfidedignas.com.mx\\\/index.php\\\/2022\\\/09\\\/19\\\/amlo-encabeza-izamiento-de-bandera-a-media-asta-por-victimas-del-19s\\\/#breadcrumb\",\"itemListElement\":[{\"@type\":\"ListItem\",\"position\":1,\"name\":\"Inicio\",\"item\":\"https:\\\/\\\/fuentesfidedignas.com.mx\\\/\"},{\"@type\":\"ListItem\",\"position\":2,\"name\":\"AMLO encabeza izamiento de Bandera a media asta por v\u00edctimas del 19S\"}]},{\"@type\":\"WebSite\",\"@id\":\"https:\\\/\\\/fuentesfidedignas.com.mx\\\/#website\",\"url\":\"https:\\\/\\\/fuentesfidedignas.com.mx\\\/\",\"name\":\"Fuentes Fidedignas\",\"description\":\"Otro sitio realizado con WordPress\",\"publisher\":{\"@id\":\"https:\\\/\\\/fuentesfidedignas.com.mx\\\/#organization\"},\"potentialAction\":[{\"@type\":\"SearchAction\",\"target\":{\"@type\":\"EntryPoint\",\"urlTemplate\":\"https:\\\/\\\/fuentesfidedignas.com.mx\\\/?s={search_term_string}\"},\"query-input\":{\"@type\":\"PropertyValueSpecification\",\"valueRequired\":true,\"valueName\":\"search_term_string\"}}],\"inLanguage\":\"es\"},{\"@type\":\"Organization\",\"@id\":\"https:\\\/\\\/fuentesfidedignas.com.mx\\\/#organization\",\"name\":\"Fuentes Fidedignas\",\"url\":\"https:\\\/\\\/fuentesfidedignas.com.mx\\\/\",\"logo\":{\"@type\":\"ImageObject\",\"inLanguage\":\"es\",\"@id\":\"https:\\\/\\\/fuentesfidedignas.com.mx\\\/#\\\/schema\\\/logo\\\/image\\\/\",\"url\":\"https:\\\/\\\/fuentesfidedignas.com.mx\\\/wp-content\\\/uploads\\\/2021\\\/04\\\/logo-retina.png\",\"contentUrl\":\"https:\\\/\\\/fuentesfidedignas.com.mx\\\/wp-content\\\/uploads\\\/2021\\\/04\\\/logo-retina.png\",\"width\":280,\"height\":51,\"caption\":\"Fuentes Fidedignas\"},\"image\":{\"@id\":\"https:\\\/\\\/fuentesfidedignas.com.mx\\\/#\\\/schema\\\/logo\\\/image\\\/\"},\"sameAs\":[\"https:\\\/\\\/www.facebook.com\\\/Fuentes-Fidedignas-368234489921644\",\"https:\\\/\\\/x.com\\\/fidedignas\"]},{\"@type\":\"Person\",\"@id\":\"https:\\\/\\\/fuentesfidedignas.com.mx\\\/#\\\/schema\\\/person\\\/f030e42657a5a464a8bbd891b1aab6ee\",\"name\":\"Noticieros Televisa\",\"image\":{\"@type\":\"ImageObject\",\"inLanguage\":\"es\",\"@id\":\"https:\\\/\\\/secure.gravatar.com\\\/avatar\\\/0e47b9e785a628831b8fd9eaf15e090e106760a879abbd4a3306f128ef5d43a9?s=96&d=mm&r=g\",\"url\":\"https:\\\/\\\/secure.gravatar.com\\\/avatar\\\/0e47b9e785a628831b8fd9eaf15e090e106760a879abbd4a3306f128ef5d43a9?s=96&d=mm&r=g\",\"contentUrl\":\"https:\\\/\\\/secure.gravatar.com\\\/avatar\\\/0e47b9e785a628831b8fd9eaf15e090e106760a879abbd4a3306f128ef5d43a9?s=96&d=mm&r=g\",\"caption\":\"Noticieros Televisa\"},\"url\":\"https:\\\/\\\/fuentesfidedignas.com.mx\\\/index.php\\\/author\\\/noticieros-televisa\\\/\"}]}<\/script>\n<!-- \/ Yoast SEO plugin. -->","yoast_head_json":{"title":"AMLO encabeza izamiento de Bandera a media asta por v\u00edctimas del 19S - Fuentes Fidedignas","robots":{"index":"index","follow":"follow","max-snippet":"max-snippet:-1","max-image-preview":"max-image-preview:large","max-video-preview":"max-video-preview:-1"},"canonical":"https:\/\/fuentesfidedignas.com.mx\/index.php\/2022\/09\/19\/amlo-encabeza-izamiento-de-bandera-a-media-asta-por-victimas-del-19s\/","og_locale":"es_MX","og_type":"article","og_title":"AMLO encabeza izamiento de Bandera a media asta por v\u00edctimas del 19S - Fuentes Fidedignas","og_description":"La conmemoraci\u00f3n ocurri\u00f3 cerca de las 07:19, la hora del devastador terremoto de 1985 Ciudad de M\u00e9xico. El presidente de M\u00e9xico,&nbsp;Andr\u00e9s Manuel L\u00f3pez Obrador (AMLO),&nbsp;encabez\u00f3 la ceremonia de izamiento de Bandera por las v\u00edctimas de los&nbsp;sismos&nbsp;del 19 de septiembre de 1985 y de 2017&nbsp;(19S). La conmemoraci\u00f3n fue a las 07:19 horas, momento del devastador&nbsp;terremoto&nbsp;de 1985, [&hellip;]","og_url":"https:\/\/fuentesfidedignas.com.mx\/index.php\/2022\/09\/19\/amlo-encabeza-izamiento-de-bandera-a-media-asta-por-victimas-del-19s\/","og_site_name":"Fuentes Fidedignas","article_publisher":"https:\/\/www.facebook.com\/Fuentes-Fidedignas-368234489921644","article_published_time":"2022-09-19T13:27:00+00:00","article_modified_time":"2022-09-19T18:25:25+00:00","og_image":[{"width":1280,"height":720,"url":"https:\/\/fuentesfidedignas.com.mx\/wp-content\/uploads\/2022\/09\/amlo-encabeza-ceremonia-por-victimas-del-19s.jpg","type":"image\/jpeg"}],"author":"Noticieros Televisa","twitter_card":"summary_large_image","twitter_creator":"@fidedignas","twitter_site":"@fidedignas","twitter_misc":{"Escrito por":"Noticieros Televisa","Tiempo de lectura":"2 minutos"},"schema":{"@context":"https:\/\/schema.org","@graph":[{"@type":"Article","@id":"https:\/\/fuentesfidedignas.com.mx\/index.php\/2022\/09\/19\/amlo-encabeza-izamiento-de-bandera-a-media-asta-por-victimas-del-19s\/#article","isPartOf":{"@id":"https:\/\/fuentesfidedignas.com.mx\/index.php\/2022\/09\/19\/amlo-encabeza-izamiento-de-bandera-a-media-asta-por-victimas-del-19s\/"},"author":{"name":"Noticieros Televisa","@id":"https:\/\/fuentesfidedignas.com.mx\/#\/schema\/person\/f030e42657a5a464a8bbd891b1aab6ee"},"headline":"AMLO encabeza izamiento de Bandera a media asta por v\u00edctimas del 19S","datePublished":"2022-09-19T13:27:00+00:00","dateModified":"2022-09-19T18:25:25+00:00","mainEntityOfPage":{"@id":"https:\/\/fuentesfidedignas.com.mx\/index.php\/2022\/09\/19\/amlo-encabeza-izamiento-de-bandera-a-media-asta-por-victimas-del-19s\/"},"wordCount":393,"commentCount":0,"publisher":{"@id":"https:\/\/fuentesfidedignas.com.mx\/#organization"},"image":{"@id":"https:\/\/fuentesfidedignas.com.mx\/index.php\/2022\/09\/19\/amlo-encabeza-izamiento-de-bandera-a-media-asta-por-victimas-del-19s\/#primaryimage"},"thumbnailUrl":"https:\/\/fuentesfidedignas.com.mx\/wp-content\/uploads\/2022\/09\/amlo-encabeza-ceremonia-por-victimas-del-19s.jpg","articleSection":["NOTICIAS NACIONALES"],"inLanguage":"es","potentialAction":[{"@type":"CommentAction","name":"Comment","target":["https:\/\/fuentesfidedignas.com.mx\/index.php\/2022\/09\/19\/amlo-encabeza-izamiento-de-bandera-a-media-asta-por-victimas-del-19s\/#respond"]}]},{"@type":"WebPage","@id":"https:\/\/fuentesfidedignas.com.mx\/index.php\/2022\/09\/19\/amlo-encabeza-izamiento-de-bandera-a-media-asta-por-victimas-del-19s\/","url":"https:\/\/fuentesfidedignas.com.mx\/index.php\/2022\/09\/19\/amlo-encabeza-izamiento-de-bandera-a-media-asta-por-victimas-del-19s\/","name":"AMLO encabeza izamiento de Bandera a media asta por v\u00edctimas del 19S - Fuentes Fidedignas","isPartOf":{"@id":"https:\/\/fuentesfidedignas.com.mx\/#website"},"primaryImageOfPage":{"@id":"https:\/\/fuentesfidedignas.com.mx\/index.php\/2022\/09\/19\/amlo-encabeza-izamiento-de-bandera-a-media-asta-por-victimas-del-19s\/#primaryimage"},"image":{"@id":"https:\/\/fuentesfidedignas.com.mx\/index.php\/2022\/09\/19\/amlo-encabeza-izamiento-de-bandera-a-media-asta-por-victimas-del-19s\/#primaryimage"},"thumbnailUrl":"https:\/\/fuentesfidedignas.com.mx\/wp-content\/uploads\/2022\/09\/amlo-encabeza-ceremonia-por-victimas-del-19s.jpg","datePublished":"2022-09-19T13:27:00+00:00","dateModified":"2022-09-19T18:25:25+00:00","breadcrumb":{"@id":"https:\/\/fuentesfidedignas.com.mx\/index.php\/2022\/09\/19\/amlo-encabeza-izamiento-de-bandera-a-media-asta-por-victimas-del-19s\/#breadcrumb"},"inLanguage":"es","potentialAction":[{"@type":"ReadAction","target":["https:\/\/fuentesfidedignas.com.mx\/index.php\/2022\/09\/19\/amlo-encabeza-izamiento-de-bandera-a-media-asta-por-victimas-del-19s\/"]}]},{"@type":"ImageObject","inLanguage":"es","@id":"https:\/\/fuentesfidedignas.com.mx\/index.php\/2022\/09\/19\/amlo-encabeza-izamiento-de-bandera-a-media-asta-por-victimas-del-19s\/#primaryimage","url":"https:\/\/fuentesfidedignas.com.mx\/wp-content\/uploads\/2022\/09\/amlo-encabeza-ceremonia-por-victimas-del-19s.jpg","contentUrl":"https:\/\/fuentesfidedignas.com.mx\/wp-content\/uploads\/2022\/09\/amlo-encabeza-ceremonia-por-victimas-del-19s.jpg","width":1280,"height":720},{"@type":"BreadcrumbList","@id":"https:\/\/fuentesfidedignas.com.mx\/index.php\/2022\/09\/19\/amlo-encabeza-izamiento-de-bandera-a-media-asta-por-victimas-del-19s\/#breadcrumb","itemListElement":[{"@type":"ListItem","position":1,"name":"Inicio","item":"https:\/\/fuentesfidedignas.com.mx\/"},{"@type":"ListItem","position":2,"name":"AMLO encabeza izamiento de Bandera a media asta por v\u00edctimas del 19S"}]},{"@type":"WebSite","@id":"https:\/\/fuentesfidedignas.com.mx\/#website","url":"https:\/\/fuentesfidedignas.com.mx\/","name":"Fuentes Fidedignas","description":"Otro sitio realizado con WordPress","publisher":{"@id":"https:\/\/fuentesfidedignas.com.mx\/#organization"},"potentialAction":[{"@type":"SearchAction","target":{"@type":"EntryPoint","urlTemplate":"https:\/\/fuentesfidedignas.com.mx\/?s={search_term_string}"},"query-input":{"@type":"PropertyValueSpecification","valueRequired":true,"valueName":"search_term_string"}}],"inLanguage":"es"},{"@type":"Organization","@id":"https:\/\/fuentesfidedignas.com.mx\/#organization","name":"Fuentes Fidedignas","url":"https:\/\/fuentesfidedignas.com.mx\/","logo":{"@type":"ImageObject","inLanguage":"es","@id":"https:\/\/fuentesfidedignas.com.mx\/#\/schema\/logo\/image\/","url":"https:\/\/fuentesfidedignas.com.mx\/wp-content\/uploads\/2021\/04\/logo-retina.png","contentUrl":"https:\/\/fuentesfidedignas.com.mx\/wp-content\/uploads\/2021\/04\/logo-retina.png","width":280,"height":51,"caption":"Fuentes Fidedignas"},"image":{"@id":"https:\/\/fuentesfidedignas.com.mx\/#\/schema\/logo\/image\/"},"sameAs":["https:\/\/www.facebook.com\/Fuentes-Fidedignas-368234489921644","https:\/\/x.com\/fidedignas"]},{"@type":"Person","@id":"https:\/\/fuentesfidedignas.com.mx\/#\/schema\/person\/f030e42657a5a464a8bbd891b1aab6ee","name":"Noticieros Televisa","image":{"@type":"ImageObject","inLanguage":"es","@id":"https:\/\/secure.gravatar.com\/avatar\/0e47b9e785a628831b8fd9eaf15e090e106760a879abbd4a3306f128ef5d43a9?s=96&d=mm&r=g","url":"https:\/\/secure.gravatar.com\/avatar\/0e47b9e785a628831b8fd9eaf15e090e106760a879abbd4a3306f128ef5d43a9?s=96&d=mm&r=g","contentUrl":"https:\/\/secure.gravatar.com\/avatar\/0e47b9e785a628831b8fd9eaf15e090e106760a879abbd4a3306f128ef5d43a9?s=96&d=mm&r=g","caption":"Noticieros Televisa"},"url":"https:\/\/fuentesfidedignas.com.mx\/index.php\/author\/noticieros-televisa\/"}]}},"_links":{"self":[{"href":"https:\/\/fuentesfidedignas.com.mx\/index.php\/wp-json\/wp\/v2\/posts\/42694","targetHints":{"allow":["GET"]}}],"collection":[{"href":"https:\/\/fuentesfidedignas.com.mx\/index.php\/wp-json\/wp\/v2\/posts"}],"about":[{"href":"https:\/\/fuentesfidedignas.com.mx\/index.php\/wp-json\/wp\/v2\/types\/post"}],"author":[{"embeddable":true,"href":"https:\/\/fuentesfidedignas.com.mx\/index.php\/wp-json\/wp\/v2\/users\/46"}],"replies":[{"embeddable":true,"href":"https:\/\/fuentesfidedignas.com.mx\/index.php\/wp-json\/wp\/v2\/comments?post=42694"}],"version-history":[{"count":2,"href":"https:\/\/fuentesfidedignas.com.mx\/index.php\/wp-json\/wp\/v2\/posts\/42694\/revisions"}],"predecessor-version":[{"id":42703,"href":"https:\/\/fuentesfidedignas.com.mx\/index.php\/wp-json\/wp\/v2\/posts\/42694\/revisions\/42703"}],"wp:featuredmedia":[{"embeddable":true,"href":"https:\/\/fuentesfidedignas.com.mx\/index.php\/wp-json\/wp\/v2\/media\/42696"}],"wp:attachment":[{"href":"https:\/\/fuentesfidedignas.com.mx\/index.php\/wp-json\/wp\/v2\/media?parent=42694"}],"wp:term":[{"taxonomy":"category","embeddable":true,"href":"https:\/\/fuentesfidedignas.com.mx\/index.php\/wp-json\/wp\/v2\/categories?post=42694"},{"taxonomy":"post_tag","embeddable":true,"href":"https:\/\/fuentesfidedignas.com.mx\/index.php\/wp-json\/wp\/v2\/tags?post=42694"}],"curies":[{"name":"wp","href":"https:\/\/api.w.org\/{rel}","templated":true}]}}