{"id":42647,"date":"2022-09-17T18:45:12","date_gmt":"2022-09-18T00:45:12","guid":{"rendered":"https:\/\/fuentesfidedignas.com.mx\/?p=42647"},"modified":"2022-09-17T18:46:48","modified_gmt":"2022-09-18T00:46:48","slug":"esposa-del-periodista-asesinado-javier-valdez-exigio-extradicion-del-mini-lic-liberado","status":"publish","type":"post","link":"https:\/\/fuentesfidedignas.com.mx\/index.php\/2022\/09\/17\/esposa-del-periodista-asesinado-javier-valdez-exigio-extradicion-del-mini-lic-liberado\/","title":{"rendered":"Esposa del periodista asesinado Javier Valdez exigi\u00f3 extradici\u00f3n del \u201cMini Lic\u201d liberado"},"content":{"rendered":"\n<p><strong><em>Las autoridades mexicanas han asegurado que insistir\u00e1n para que el ahijado del Chapo Guzm\u00e1n responda por los cr\u00edmenes que le son atribuidos<\/em><\/strong><\/p>\n\n\n\n<p>Ciudad de M\u00e9xico.- Griselda Triana exigi\u00f3 al gobierno de M\u00e9xico que concrete la extradici\u00f3n de quien orden\u00f3 el asesinato de su esposo, el periodista Javier Valdez C\u00e1rdenas, pues el responsable, D\u00e1maso L\u00f3pez Serrano, el Mini Licenciado, ya fue liberado en Estados Unidos.<\/p>\n\n\n\n<p>Apenas la tarde de este 16 de septiembre, el Mini Licenciado recibi\u00f3 la sentencia por tiempo cumplido de 72 meses en la Corte del Distrito Sur de California, donde fue acusado de narcotr\u00e1fico, pero su cooperaci\u00f3n con las autoridades le ha beneficiado para salir de la c\u00e1rcel tras entregarse en 2017, el mismo a\u00f1o que mand\u00f3 a matar al periodista en Culiac\u00e1n.<\/p>\n\n\n\n<p>Horas despu\u00e9s de su audiencia se ha consignado su liberaci\u00f3n y se desconoce su paradero, pues a\u00fan quedaba pendiente que se definiera su situaci\u00f3n migratoria. Mientras tanto, ya no est\u00e1 bajo custodia del Centro Correccional Metropolitano de San Diego, donde estaba encerrado, seg\u00fan registros del Bur\u00f3 de Prisiones. Todo indica que ya volvi\u00f3 a las calles.<\/p>\n\n\n\n<p>La esposa del cofundador del semanario R\u00edodoce hizo un llamado urgente para que el acusado sea devuelto a territorio mexicano y le sea cumplimentada la orden de arresto girada en su contra por el crimen contra el reportero, cuyo mandamiento judicial fue obtenido en enero de 2020 por la Fiscal\u00eda General de la Rep\u00fablica (FGR).<\/p>\n\n\n\n<p>\u201cQu\u00e9 indignante que el asesino de un periodista como Javier tenga m\u00e1s privilegios y quede el libertad\u201d.<\/p>\n\n\n\n<p>La periodista y activista conden\u00f3 que el Mini Licenciado pueda pasearse como si nada, luego de haber dicho en el tribunal que estaba arrepentido por la violencia y los da\u00f1os que caus\u00f3 como narcotraficante del C\u00e1rtel de Sinaloa, algo que el juez Dana M. Sabraw acept\u00f3 como remordimiento sincero.<\/p>\n\n\n\n<p>En sus intervenciones en la corte de San Diego, L\u00f3pez Serrano dijo que ha sufrido la p\u00e9rdida de muchos familiares y amigos, pero siempre cont\u00f3 con apoyo de sus seres queridos. A\u00f1adi\u00f3 que quer\u00eda disculparse con quienes da\u00f1\u00f3, asegur\u00f3 que est\u00e1 arrepentido y cambiar\u00e1 su vida al serle otorgada otra oportunidad.<\/p>\n\n\n\n<p>\u201cDice estar arrepentido de sus acciones y no quiere volver a M\u00e9xico porque tiene miedo de que lo maten. Y la justicia para Javier? Y sus colegas periodistas? Y nuestro dolor? Qu\u00e9 asco!! (sic)\u201d, reclam\u00f3 la esposa de Javier Valdez.<\/p>\n\n\n\n<p>Griselda Triana previ\u00f3 que L\u00f3pez Serrano sea incorporado al programa de testigos protegidos de Estados Unidos y pueda permanecer en ese pa\u00eds, con otra identidad y vigilancia para que siga aportando informaci\u00f3n sobre el C\u00e1rtel de Sinaloa.<\/p>\n\n\n\n<p>Sin embargo, queda pendiente el proceso para devolverlo a M\u00e9xico, donde es identificado como autor intelectual del asesinato del periodista por la Fiscal\u00eda Especial para la Atenci\u00f3n de Delitos cometidos contra de la Libertad de Expresi\u00f3n de la FGR.<\/p>\n\n\n\n<p>El Mini Licenciado se declar\u00f3 culpable de dos cargos de narcotr\u00e1fico en 2018. Reconoci\u00f3 haber importado a Estados Unidos miles de kilos de hero\u00edna, metanfetaminas y coca\u00edna, seis meses despu\u00e9s de entregarse a la Administraci\u00f3n del Control de Drogas (DEA).<\/p>\n\n\n\n<p>Tras comparecer en la corte este viernes, el magistrado Dana M. Sabraw reconoci\u00f3 los avances del acusado y crey\u00f3 en su sinceridad por arrepentimiento, debido a que trabaj\u00f3 para compensar el da\u00f1o que caus\u00f3.<\/p>\n\n\n\n<p>La FEADLE asegur\u00f3 a R\u00edodoce que insistir\u00e1n hasta las \u00faltimas consecuencias para lograr la extradici\u00f3n, pues el ahijado de Joaqu\u00edn Guzm\u00e1n Loera, el Chapo, no puede escabullirse tan f\u00e1cilmente. Por ello exigir\u00e1n que Estados Unidos respete acuerdos con M\u00e9xico.<\/p>\n\n\n\n<p>Aunque ha negado su participaci\u00f3n en el caso, otros sicarios que estaban subordinados a \u00e9l ya han sido presentados ante la FGR. La l\u00ednea de investigaci\u00f3n apunta que el l\u00edder del grupo criminal actu\u00f3 en represalia luego de Javier Valdez informara la violencia propiciada por el hijo de D\u00e1maso L\u00f3pez Serrano, el Licenciado.<\/p>\n\n\n\n<p>Las autoridades norteamericanas han ordenado que el Mini Licenciado otorgue un mill\u00f3n de d\u00f3lares que obtuvo de ganancias en el tr\u00e1fico de drogas y si se queda en el pa\u00eds donde fue procesado, su libertad condicional ser\u00e1 supervisada durante cinco a\u00f1os.<\/p>\n","protected":false},"excerpt":{"rendered":"<p>Las autoridades mexicanas han asegurado que insistir\u00e1n para que el ahijado del Chapo Guzm\u00e1n responda por los cr\u00edmenes que le son atribuidos Ciudad de M\u00e9xico.- Griselda Triana exigi\u00f3 al gobierno de M\u00e9xico que concrete la extradici\u00f3n de quien orden\u00f3 el asesinato de su esposo, el periodista Javier Valdez C\u00e1rdenas, pues el responsable, D\u00e1maso L\u00f3pez Serrano, [&hellip;]<\/p>\n","protected":false},"author":41,"featured_media":42648,"comment_status":"open","ping_status":"open","sticky":false,"template":"","format":"standard","meta":{"tdm_status":"","tdm_grid_status":"","footnotes":""},"categories":[37],"tags":[],"class_list":{"0":"post-42647","1":"post","2":"type-post","3":"status-publish","4":"format-standard","5":"has-post-thumbnail","7":"category-nota-principal"},"yoast_head":"<!-- This site is optimized with the Yoast SEO plugin v27.5 - https:\/\/yoast.com\/product\/yoast-seo-wordpress\/ -->\n<title>Esposa del periodista asesinado Javier Valdez exigi\u00f3 extradici\u00f3n del \u201cMini Lic\u201d liberado - Fuentes Fidedignas<\/title>\n<meta name=\"robots\" content=\"index, follow, max-snippet:-1, max-image-preview:large, max-video-preview:-1\" \/>\n<link rel=\"canonical\" href=\"https:\/\/fuentesfidedignas.com.mx\/index.php\/2022\/09\/17\/esposa-del-periodista-asesinado-javier-valdez-exigio-extradicion-del-mini-lic-liberado\/\" \/>\n<meta property=\"og:locale\" content=\"es_MX\" \/>\n<meta property=\"og:type\" content=\"article\" \/>\n<meta property=\"og:title\" content=\"Esposa del periodista asesinado Javier Valdez exigi\u00f3 extradici\u00f3n del \u201cMini Lic\u201d liberado - Fuentes Fidedignas\" \/>\n<meta property=\"og:description\" content=\"Las autoridades mexicanas han asegurado que insistir\u00e1n para que el ahijado del Chapo Guzm\u00e1n responda por los cr\u00edmenes que le son atribuidos Ciudad de M\u00e9xico.- Griselda Triana exigi\u00f3 al gobierno de M\u00e9xico que concrete la extradici\u00f3n de quien orden\u00f3 el asesinato de su esposo, el periodista Javier Valdez C\u00e1rdenas, pues el responsable, D\u00e1maso L\u00f3pez Serrano, [&hellip;]\" \/>\n<meta property=\"og:url\" content=\"https:\/\/fuentesfidedignas.com.mx\/index.php\/2022\/09\/17\/esposa-del-periodista-asesinado-javier-valdez-exigio-extradicion-del-mini-lic-liberado\/\" \/>\n<meta property=\"og:site_name\" content=\"Fuentes Fidedignas\" \/>\n<meta property=\"article:publisher\" content=\"https:\/\/www.facebook.com\/Fuentes-Fidedignas-368234489921644\" \/>\n<meta property=\"article:published_time\" content=\"2022-09-18T00:45:12+00:00\" \/>\n<meta property=\"article:modified_time\" content=\"2022-09-18T00:46:48+00:00\" \/>\n<meta property=\"og:image\" content=\"https:\/\/fuentesfidedignas.com.mx\/wp-content\/uploads\/2022\/09\/GRIS_JAVIER.jpg\" \/>\n\t<meta property=\"og:image:width\" content=\"924\" \/>\n\t<meta property=\"og:image:height\" content=\"489\" \/>\n\t<meta property=\"og:image:type\" content=\"image\/jpeg\" \/>\n<meta name=\"author\" content=\"Infobae\" \/>\n<meta name=\"twitter:card\" content=\"summary_large_image\" \/>\n<meta name=\"twitter:creator\" content=\"@fidedignas\" \/>\n<meta name=\"twitter:site\" content=\"@fidedignas\" \/>\n<meta name=\"twitter:label1\" content=\"Escrito por\" \/>\n\t<meta name=\"twitter:data1\" content=\"Infobae\" \/>\n\t<meta name=\"twitter:label2\" content=\"Tiempo de lectura\" \/>\n\t<meta name=\"twitter:data2\" content=\"4 minutos\" \/>\n<script type=\"application\/ld+json\" class=\"yoast-schema-graph\">{\"@context\":\"https:\\\/\\\/schema.org\",\"@graph\":[{\"@type\":\"Article\",\"@id\":\"https:\\\/\\\/fuentesfidedignas.com.mx\\\/index.php\\\/2022\\\/09\\\/17\\\/esposa-del-periodista-asesinado-javier-valdez-exigio-extradicion-del-mini-lic-liberado\\\/#article\",\"isPartOf\":{\"@id\":\"https:\\\/\\\/fuentesfidedignas.com.mx\\\/index.php\\\/2022\\\/09\\\/17\\\/esposa-del-periodista-asesinado-javier-valdez-exigio-extradicion-del-mini-lic-liberado\\\/\"},\"author\":{\"name\":\"Infobae\",\"@id\":\"https:\\\/\\\/fuentesfidedignas.com.mx\\\/#\\\/schema\\\/person\\\/8575896a7c1067d352f6c1cd6582c389\"},\"headline\":\"Esposa del periodista asesinado Javier Valdez exigi\u00f3 extradici\u00f3n del \u201cMini Lic\u201d liberado\",\"datePublished\":\"2022-09-18T00:45:12+00:00\",\"dateModified\":\"2022-09-18T00:46:48+00:00\",\"mainEntityOfPage\":{\"@id\":\"https:\\\/\\\/fuentesfidedignas.com.mx\\\/index.php\\\/2022\\\/09\\\/17\\\/esposa-del-periodista-asesinado-javier-valdez-exigio-extradicion-del-mini-lic-liberado\\\/\"},\"wordCount\":749,\"commentCount\":0,\"publisher\":{\"@id\":\"https:\\\/\\\/fuentesfidedignas.com.mx\\\/#organization\"},\"image\":{\"@id\":\"https:\\\/\\\/fuentesfidedignas.com.mx\\\/index.php\\\/2022\\\/09\\\/17\\\/esposa-del-periodista-asesinado-javier-valdez-exigio-extradicion-del-mini-lic-liberado\\\/#primaryimage\"},\"thumbnailUrl\":\"https:\\\/\\\/fuentesfidedignas.com.mx\\\/wp-content\\\/uploads\\\/2022\\\/09\\\/GRIS_JAVIER.jpg\",\"articleSection\":[\"NOTA PRINCIPAL\"],\"inLanguage\":\"es\",\"potentialAction\":[{\"@type\":\"CommentAction\",\"name\":\"Comment\",\"target\":[\"https:\\\/\\\/fuentesfidedignas.com.mx\\\/index.php\\\/2022\\\/09\\\/17\\\/esposa-del-periodista-asesinado-javier-valdez-exigio-extradicion-del-mini-lic-liberado\\\/#respond\"]}]},{\"@type\":\"WebPage\",\"@id\":\"https:\\\/\\\/fuentesfidedignas.com.mx\\\/index.php\\\/2022\\\/09\\\/17\\\/esposa-del-periodista-asesinado-javier-valdez-exigio-extradicion-del-mini-lic-liberado\\\/\",\"url\":\"https:\\\/\\\/fuentesfidedignas.com.mx\\\/index.php\\\/2022\\\/09\\\/17\\\/esposa-del-periodista-asesinado-javier-valdez-exigio-extradicion-del-mini-lic-liberado\\\/\",\"name\":\"Esposa del periodista asesinado Javier Valdez exigi\u00f3 extradici\u00f3n del \u201cMini Lic\u201d liberado - Fuentes Fidedignas\",\"isPartOf\":{\"@id\":\"https:\\\/\\\/fuentesfidedignas.com.mx\\\/#website\"},\"primaryImageOfPage\":{\"@id\":\"https:\\\/\\\/fuentesfidedignas.com.mx\\\/index.php\\\/2022\\\/09\\\/17\\\/esposa-del-periodista-asesinado-javier-valdez-exigio-extradicion-del-mini-lic-liberado\\\/#primaryimage\"},\"image\":{\"@id\":\"https:\\\/\\\/fuentesfidedignas.com.mx\\\/index.php\\\/2022\\\/09\\\/17\\\/esposa-del-periodista-asesinado-javier-valdez-exigio-extradicion-del-mini-lic-liberado\\\/#primaryimage\"},\"thumbnailUrl\":\"https:\\\/\\\/fuentesfidedignas.com.mx\\\/wp-content\\\/uploads\\\/2022\\\/09\\\/GRIS_JAVIER.jpg\",\"datePublished\":\"2022-09-18T00:45:12+00:00\",\"dateModified\":\"2022-09-18T00:46:48+00:00\",\"breadcrumb\":{\"@id\":\"https:\\\/\\\/fuentesfidedignas.com.mx\\\/index.php\\\/2022\\\/09\\\/17\\\/esposa-del-periodista-asesinado-javier-valdez-exigio-extradicion-del-mini-lic-liberado\\\/#breadcrumb\"},\"inLanguage\":\"es\",\"potentialAction\":[{\"@type\":\"ReadAction\",\"target\":[\"https:\\\/\\\/fuentesfidedignas.com.mx\\\/index.php\\\/2022\\\/09\\\/17\\\/esposa-del-periodista-asesinado-javier-valdez-exigio-extradicion-del-mini-lic-liberado\\\/\"]}]},{\"@type\":\"ImageObject\",\"inLanguage\":\"es\",\"@id\":\"https:\\\/\\\/fuentesfidedignas.com.mx\\\/index.php\\\/2022\\\/09\\\/17\\\/esposa-del-periodista-asesinado-javier-valdez-exigio-extradicion-del-mini-lic-liberado\\\/#primaryimage\",\"url\":\"https:\\\/\\\/fuentesfidedignas.com.mx\\\/wp-content\\\/uploads\\\/2022\\\/09\\\/GRIS_JAVIER.jpg\",\"contentUrl\":\"https:\\\/\\\/fuentesfidedignas.com.mx\\\/wp-content\\\/uploads\\\/2022\\\/09\\\/GRIS_JAVIER.jpg\",\"width\":924,\"height\":489},{\"@type\":\"BreadcrumbList\",\"@id\":\"https:\\\/\\\/fuentesfidedignas.com.mx\\\/index.php\\\/2022\\\/09\\\/17\\\/esposa-del-periodista-asesinado-javier-valdez-exigio-extradicion-del-mini-lic-liberado\\\/#breadcrumb\",\"itemListElement\":[{\"@type\":\"ListItem\",\"position\":1,\"name\":\"Inicio\",\"item\":\"https:\\\/\\\/fuentesfidedignas.com.mx\\\/\"},{\"@type\":\"ListItem\",\"position\":2,\"name\":\"Esposa del periodista asesinado Javier Valdez exigi\u00f3 extradici\u00f3n del \u201cMini Lic\u201d liberado\"}]},{\"@type\":\"WebSite\",\"@id\":\"https:\\\/\\\/fuentesfidedignas.com.mx\\\/#website\",\"url\":\"https:\\\/\\\/fuentesfidedignas.com.mx\\\/\",\"name\":\"Fuentes Fidedignas\",\"description\":\"Otro sitio realizado con WordPress\",\"publisher\":{\"@id\":\"https:\\\/\\\/fuentesfidedignas.com.mx\\\/#organization\"},\"potentialAction\":[{\"@type\":\"SearchAction\",\"target\":{\"@type\":\"EntryPoint\",\"urlTemplate\":\"https:\\\/\\\/fuentesfidedignas.com.mx\\\/?s={search_term_string}\"},\"query-input\":{\"@type\":\"PropertyValueSpecification\",\"valueRequired\":true,\"valueName\":\"search_term_string\"}}],\"inLanguage\":\"es\"},{\"@type\":\"Organization\",\"@id\":\"https:\\\/\\\/fuentesfidedignas.com.mx\\\/#organization\",\"name\":\"Fuentes Fidedignas\",\"url\":\"https:\\\/\\\/fuentesfidedignas.com.mx\\\/\",\"logo\":{\"@type\":\"ImageObject\",\"inLanguage\":\"es\",\"@id\":\"https:\\\/\\\/fuentesfidedignas.com.mx\\\/#\\\/schema\\\/logo\\\/image\\\/\",\"url\":\"https:\\\/\\\/fuentesfidedignas.com.mx\\\/wp-content\\\/uploads\\\/2021\\\/04\\\/logo-retina.png\",\"contentUrl\":\"https:\\\/\\\/fuentesfidedignas.com.mx\\\/wp-content\\\/uploads\\\/2021\\\/04\\\/logo-retina.png\",\"width\":280,\"height\":51,\"caption\":\"Fuentes Fidedignas\"},\"image\":{\"@id\":\"https:\\\/\\\/fuentesfidedignas.com.mx\\\/#\\\/schema\\\/logo\\\/image\\\/\"},\"sameAs\":[\"https:\\\/\\\/www.facebook.com\\\/Fuentes-Fidedignas-368234489921644\",\"https:\\\/\\\/x.com\\\/fidedignas\"]},{\"@type\":\"Person\",\"@id\":\"https:\\\/\\\/fuentesfidedignas.com.mx\\\/#\\\/schema\\\/person\\\/8575896a7c1067d352f6c1cd6582c389\",\"name\":\"Infobae\",\"image\":{\"@type\":\"ImageObject\",\"inLanguage\":\"es\",\"@id\":\"https:\\\/\\\/secure.gravatar.com\\\/avatar\\\/e4ec95706f8d1670343f6526fdcec45474bab17475a851434a64ca12b5acba1c?s=96&d=mm&r=g\",\"url\":\"https:\\\/\\\/secure.gravatar.com\\\/avatar\\\/e4ec95706f8d1670343f6526fdcec45474bab17475a851434a64ca12b5acba1c?s=96&d=mm&r=g\",\"contentUrl\":\"https:\\\/\\\/secure.gravatar.com\\\/avatar\\\/e4ec95706f8d1670343f6526fdcec45474bab17475a851434a64ca12b5acba1c?s=96&d=mm&r=g\",\"caption\":\"Infobae\"},\"url\":\"https:\\\/\\\/fuentesfidedignas.com.mx\\\/index.php\\\/author\\\/infobae\\\/\"}]}<\/script>\n<!-- \/ Yoast SEO plugin. -->","yoast_head_json":{"title":"Esposa del periodista asesinado Javier Valdez exigi\u00f3 extradici\u00f3n del \u201cMini Lic\u201d liberado - Fuentes Fidedignas","robots":{"index":"index","follow":"follow","max-snippet":"max-snippet:-1","max-image-preview":"max-image-preview:large","max-video-preview":"max-video-preview:-1"},"canonical":"https:\/\/fuentesfidedignas.com.mx\/index.php\/2022\/09\/17\/esposa-del-periodista-asesinado-javier-valdez-exigio-extradicion-del-mini-lic-liberado\/","og_locale":"es_MX","og_type":"article","og_title":"Esposa del periodista asesinado Javier Valdez exigi\u00f3 extradici\u00f3n del \u201cMini Lic\u201d liberado - Fuentes Fidedignas","og_description":"Las autoridades mexicanas han asegurado que insistir\u00e1n para que el ahijado del Chapo Guzm\u00e1n responda por los cr\u00edmenes que le son atribuidos Ciudad de M\u00e9xico.- Griselda Triana exigi\u00f3 al gobierno de M\u00e9xico que concrete la extradici\u00f3n de quien orden\u00f3 el asesinato de su esposo, el periodista Javier Valdez C\u00e1rdenas, pues el responsable, D\u00e1maso L\u00f3pez Serrano, [&hellip;]","og_url":"https:\/\/fuentesfidedignas.com.mx\/index.php\/2022\/09\/17\/esposa-del-periodista-asesinado-javier-valdez-exigio-extradicion-del-mini-lic-liberado\/","og_site_name":"Fuentes Fidedignas","article_publisher":"https:\/\/www.facebook.com\/Fuentes-Fidedignas-368234489921644","article_published_time":"2022-09-18T00:45:12+00:00","article_modified_time":"2022-09-18T00:46:48+00:00","og_image":[{"width":924,"height":489,"url":"https:\/\/fuentesfidedignas.com.mx\/wp-content\/uploads\/2022\/09\/GRIS_JAVIER.jpg","type":"image\/jpeg"}],"author":"Infobae","twitter_card":"summary_large_image","twitter_creator":"@fidedignas","twitter_site":"@fidedignas","twitter_misc":{"Escrito por":"Infobae","Tiempo de lectura":"4 minutos"},"schema":{"@context":"https:\/\/schema.org","@graph":[{"@type":"Article","@id":"https:\/\/fuentesfidedignas.com.mx\/index.php\/2022\/09\/17\/esposa-del-periodista-asesinado-javier-valdez-exigio-extradicion-del-mini-lic-liberado\/#article","isPartOf":{"@id":"https:\/\/fuentesfidedignas.com.mx\/index.php\/2022\/09\/17\/esposa-del-periodista-asesinado-javier-valdez-exigio-extradicion-del-mini-lic-liberado\/"},"author":{"name":"Infobae","@id":"https:\/\/fuentesfidedignas.com.mx\/#\/schema\/person\/8575896a7c1067d352f6c1cd6582c389"},"headline":"Esposa del periodista asesinado Javier Valdez exigi\u00f3 extradici\u00f3n del \u201cMini Lic\u201d liberado","datePublished":"2022-09-18T00:45:12+00:00","dateModified":"2022-09-18T00:46:48+00:00","mainEntityOfPage":{"@id":"https:\/\/fuentesfidedignas.com.mx\/index.php\/2022\/09\/17\/esposa-del-periodista-asesinado-javier-valdez-exigio-extradicion-del-mini-lic-liberado\/"},"wordCount":749,"commentCount":0,"publisher":{"@id":"https:\/\/fuentesfidedignas.com.mx\/#organization"},"image":{"@id":"https:\/\/fuentesfidedignas.com.mx\/index.php\/2022\/09\/17\/esposa-del-periodista-asesinado-javier-valdez-exigio-extradicion-del-mini-lic-liberado\/#primaryimage"},"thumbnailUrl":"https:\/\/fuentesfidedignas.com.mx\/wp-content\/uploads\/2022\/09\/GRIS_JAVIER.jpg","articleSection":["NOTA PRINCIPAL"],"inLanguage":"es","potentialAction":[{"@type":"CommentAction","name":"Comment","target":["https:\/\/fuentesfidedignas.com.mx\/index.php\/2022\/09\/17\/esposa-del-periodista-asesinado-javier-valdez-exigio-extradicion-del-mini-lic-liberado\/#respond"]}]},{"@type":"WebPage","@id":"https:\/\/fuentesfidedignas.com.mx\/index.php\/2022\/09\/17\/esposa-del-periodista-asesinado-javier-valdez-exigio-extradicion-del-mini-lic-liberado\/","url":"https:\/\/fuentesfidedignas.com.mx\/index.php\/2022\/09\/17\/esposa-del-periodista-asesinado-javier-valdez-exigio-extradicion-del-mini-lic-liberado\/","name":"Esposa del periodista asesinado Javier Valdez exigi\u00f3 extradici\u00f3n del \u201cMini Lic\u201d liberado - Fuentes Fidedignas","isPartOf":{"@id":"https:\/\/fuentesfidedignas.com.mx\/#website"},"primaryImageOfPage":{"@id":"https:\/\/fuentesfidedignas.com.mx\/index.php\/2022\/09\/17\/esposa-del-periodista-asesinado-javier-valdez-exigio-extradicion-del-mini-lic-liberado\/#primaryimage"},"image":{"@id":"https:\/\/fuentesfidedignas.com.mx\/index.php\/2022\/09\/17\/esposa-del-periodista-asesinado-javier-valdez-exigio-extradicion-del-mini-lic-liberado\/#primaryimage"},"thumbnailUrl":"https:\/\/fuentesfidedignas.com.mx\/wp-content\/uploads\/2022\/09\/GRIS_JAVIER.jpg","datePublished":"2022-09-18T00:45:12+00:00","dateModified":"2022-09-18T00:46:48+00:00","breadcrumb":{"@id":"https:\/\/fuentesfidedignas.com.mx\/index.php\/2022\/09\/17\/esposa-del-periodista-asesinado-javier-valdez-exigio-extradicion-del-mini-lic-liberado\/#breadcrumb"},"inLanguage":"es","potentialAction":[{"@type":"ReadAction","target":["https:\/\/fuentesfidedignas.com.mx\/index.php\/2022\/09\/17\/esposa-del-periodista-asesinado-javier-valdez-exigio-extradicion-del-mini-lic-liberado\/"]}]},{"@type":"ImageObject","inLanguage":"es","@id":"https:\/\/fuentesfidedignas.com.mx\/index.php\/2022\/09\/17\/esposa-del-periodista-asesinado-javier-valdez-exigio-extradicion-del-mini-lic-liberado\/#primaryimage","url":"https:\/\/fuentesfidedignas.com.mx\/wp-content\/uploads\/2022\/09\/GRIS_JAVIER.jpg","contentUrl":"https:\/\/fuentesfidedignas.com.mx\/wp-content\/uploads\/2022\/09\/GRIS_JAVIER.jpg","width":924,"height":489},{"@type":"BreadcrumbList","@id":"https:\/\/fuentesfidedignas.com.mx\/index.php\/2022\/09\/17\/esposa-del-periodista-asesinado-javier-valdez-exigio-extradicion-del-mini-lic-liberado\/#breadcrumb","itemListElement":[{"@type":"ListItem","position":1,"name":"Inicio","item":"https:\/\/fuentesfidedignas.com.mx\/"},{"@type":"ListItem","position":2,"name":"Esposa del periodista asesinado Javier Valdez exigi\u00f3 extradici\u00f3n del \u201cMini Lic\u201d liberado"}]},{"@type":"WebSite","@id":"https:\/\/fuentesfidedignas.com.mx\/#website","url":"https:\/\/fuentesfidedignas.com.mx\/","name":"Fuentes Fidedignas","description":"Otro sitio realizado con WordPress","publisher":{"@id":"https:\/\/fuentesfidedignas.com.mx\/#organization"},"potentialAction":[{"@type":"SearchAction","target":{"@type":"EntryPoint","urlTemplate":"https:\/\/fuentesfidedignas.com.mx\/?s={search_term_string}"},"query-input":{"@type":"PropertyValueSpecification","valueRequired":true,"valueName":"search_term_string"}}],"inLanguage":"es"},{"@type":"Organization","@id":"https:\/\/fuentesfidedignas.com.mx\/#organization","name":"Fuentes Fidedignas","url":"https:\/\/fuentesfidedignas.com.mx\/","logo":{"@type":"ImageObject","inLanguage":"es","@id":"https:\/\/fuentesfidedignas.com.mx\/#\/schema\/logo\/image\/","url":"https:\/\/fuentesfidedignas.com.mx\/wp-content\/uploads\/2021\/04\/logo-retina.png","contentUrl":"https:\/\/fuentesfidedignas.com.mx\/wp-content\/uploads\/2021\/04\/logo-retina.png","width":280,"height":51,"caption":"Fuentes Fidedignas"},"image":{"@id":"https:\/\/fuentesfidedignas.com.mx\/#\/schema\/logo\/image\/"},"sameAs":["https:\/\/www.facebook.com\/Fuentes-Fidedignas-368234489921644","https:\/\/x.com\/fidedignas"]},{"@type":"Person","@id":"https:\/\/fuentesfidedignas.com.mx\/#\/schema\/person\/8575896a7c1067d352f6c1cd6582c389","name":"Infobae","image":{"@type":"ImageObject","inLanguage":"es","@id":"https:\/\/secure.gravatar.com\/avatar\/e4ec95706f8d1670343f6526fdcec45474bab17475a851434a64ca12b5acba1c?s=96&d=mm&r=g","url":"https:\/\/secure.gravatar.com\/avatar\/e4ec95706f8d1670343f6526fdcec45474bab17475a851434a64ca12b5acba1c?s=96&d=mm&r=g","contentUrl":"https:\/\/secure.gravatar.com\/avatar\/e4ec95706f8d1670343f6526fdcec45474bab17475a851434a64ca12b5acba1c?s=96&d=mm&r=g","caption":"Infobae"},"url":"https:\/\/fuentesfidedignas.com.mx\/index.php\/author\/infobae\/"}]}},"_links":{"self":[{"href":"https:\/\/fuentesfidedignas.com.mx\/index.php\/wp-json\/wp\/v2\/posts\/42647","targetHints":{"allow":["GET"]}}],"collection":[{"href":"https:\/\/fuentesfidedignas.com.mx\/index.php\/wp-json\/wp\/v2\/posts"}],"about":[{"href":"https:\/\/fuentesfidedignas.com.mx\/index.php\/wp-json\/wp\/v2\/types\/post"}],"author":[{"embeddable":true,"href":"https:\/\/fuentesfidedignas.com.mx\/index.php\/wp-json\/wp\/v2\/users\/41"}],"replies":[{"embeddable":true,"href":"https:\/\/fuentesfidedignas.com.mx\/index.php\/wp-json\/wp\/v2\/comments?post=42647"}],"version-history":[{"count":2,"href":"https:\/\/fuentesfidedignas.com.mx\/index.php\/wp-json\/wp\/v2\/posts\/42647\/revisions"}],"predecessor-version":[{"id":42650,"href":"https:\/\/fuentesfidedignas.com.mx\/index.php\/wp-json\/wp\/v2\/posts\/42647\/revisions\/42650"}],"wp:featuredmedia":[{"embeddable":true,"href":"https:\/\/fuentesfidedignas.com.mx\/index.php\/wp-json\/wp\/v2\/media\/42648"}],"wp:attachment":[{"href":"https:\/\/fuentesfidedignas.com.mx\/index.php\/wp-json\/wp\/v2\/media?parent=42647"}],"wp:term":[{"taxonomy":"category","embeddable":true,"href":"https:\/\/fuentesfidedignas.com.mx\/index.php\/wp-json\/wp\/v2\/categories?post=42647"},{"taxonomy":"post_tag","embeddable":true,"href":"https:\/\/fuentesfidedignas.com.mx\/index.php\/wp-json\/wp\/v2\/tags?post=42647"}],"curies":[{"name":"wp","href":"https:\/\/api.w.org\/{rel}","templated":true}]}}