{"id":42634,"date":"2022-09-17T12:36:39","date_gmt":"2022-09-17T18:36:39","guid":{"rendered":"https:\/\/fuentesfidedignas.com.mx\/?p=42634"},"modified":"2022-09-17T12:36:41","modified_gmt":"2022-09-17T18:36:41","slug":"destruyen-negocio-de-mujer-que-celebro-la-muerte-de-la-reina-isabel-ii-2","status":"publish","type":"post","link":"https:\/\/fuentesfidedignas.com.mx\/index.php\/2022\/09\/17\/destruyen-negocio-de-mujer-que-celebro-la-muerte-de-la-reina-isabel-ii-2\/","title":{"rendered":"Destruyen negocio de mujer que celebr\u00f3 la muerte de la reina Isabel II"},"content":{"rendered":"\n<p><strong><em>Luego de que el clip circulara en la red y fuera visto por muchas personas, un grupo de lugare\u00f1os acudi\u00f3 al negocio de la involucrada y procedi\u00f3 a ocasionar destrozos<\/em><\/strong><\/p>\n\n\n\n<p>El haber celebrado la muerte de la reina Isabel II le trajo consecuencias a una mujer en Escocia, quien vio c\u00f3mo un grupo de personas le destruyeron su negocio de comida ubicado en Muir of Ord.<\/p>\n\n\n\n<p>Revela Newsweek que el incidente, que sucedi\u00f3 el pasado jueves 8 de septiembre, fue una respuesta a una publicaci\u00f3n hecha por la propietaria en sus redes sociales, en donde se le pudo ver celebrando el deceso de su majestad, quien perdi\u00f3 la vida a los 96 a\u00f1os de edad.<\/p>\n\n\n\n<p>Luego de que el clip circulara en la red y fuera visto por muchas personas, un grupo de lugare\u00f1os acudi\u00f3 al negocio de la involucrada y procedi\u00f3 a ocasionar destrozos en el local de venta de pescado y papas fritas.<\/p>\n\n\n\n<figure class=\"wp-block-embed is-type-rich is-provider-twitter wp-block-embed-twitter\"><div class=\"wp-block-embed__wrapper\">\n<blockquote class=\"twitter-tweet\" data-width=\"550\" data-dnt=\"true\"><p lang=\"en\" dir=\"ltr\">Jaki\u2019s fish and chip shop Muir of Ord. What a fucking embarrassment. A hope your business fails after that you fat cow. <br><br>I know I said to ignore this kind of things but that can\u2019t be ignored, a business btw \ud83d\ude33 <a href=\"https:\/\/t.co\/ZyIrEehp3k\">pic.twitter.com\/ZyIrEehp3k<\/a><\/p>&mdash; Louise \ud83d\udda4 (@Louu_5594) <a href=\"https:\/\/twitter.com\/Louu_5594\/status\/1567958087448887296?ref_src=twsrc%5Etfw\">September 8, 2022<\/a><\/blockquote><script async src=\"https:\/\/platform.twitter.com\/widgets.js\" charset=\"utf-8\"><\/script>\n<\/div><\/figure>\n\n\n\n<p>A decir por el medio de comunicaci\u00f3n, los indignados rompieron algunas ventanas, pero su intenci\u00f3n de continuar con los desmanes se vio detenida por la polic\u00eda que tuvo que intervenir para evitar que la situaci\u00f3n se agrava.<\/p>\n\n\n\n<p>El lugar fue asegurado, pero eso no impidi\u00f3 que algunas personas subieran fotograf\u00edas y videos a Twitter en donde dejaron ver la destrucci\u00f3n que protagonizaron en el establecimiento.<\/p>\n\n\n\n<p><strong>\u00bfCu\u00e1l fue la acci\u00f3n cometida por la due\u00f1a del establecimiento que levant\u00f3 la ira de los lugare\u00f1os?<\/strong><br>El video que la propietaria del negocio subi\u00f3 a su Facebook la dej\u00f3 ver c\u00f3mo abri\u00f3 una botella de champ\u00e1n luego de enterarse de la muerte de la reina Isabel II.<\/p>\n\n\n\n<p>Adem\u00e1s, la mujer port\u00f3 una pancarta con la leyenda: \u201cLizard Liz est\u00e1 muerta London Bridge ha ca\u00eddo\u201d.<\/p>\n\n\n\n<p>Si bien es cierto el video fue borrado de la cuenta de Facebook de la afectada, esto se dio demasiado tarde, ya que muchos ciudadanos lograron ver el pol\u00e9mico festejo que fue tomado como una falta de respeto hacia la monarqu\u00eda y, por supuesto, hacia la propia Isabel II.<\/p>\n\n\n\n<p>Ahora el nuevo Rey brit\u00e1nico es Carlos III, hijo mayor de la hoy occisa que asume el trono con 73 a\u00f1os de edad.<\/p>\n","protected":false},"excerpt":{"rendered":"<p>Luego de que el clip circulara en la red y fuera visto por muchas personas, un grupo de lugare\u00f1os acudi\u00f3 al negocio de la involucrada y procedi\u00f3 a ocasionar destrozos El haber celebrado la muerte de la reina Isabel II le trajo consecuencias a una mujer en Escocia, quien vio c\u00f3mo un grupo de personas [&hellip;]<\/p>\n","protected":false},"author":7,"featured_media":42635,"comment_status":"open","ping_status":"open","sticky":false,"template":"","format":"standard","meta":{"tdm_status":"","tdm_grid_status":"","footnotes":""},"categories":[40],"tags":[],"class_list":{"0":"post-42634","1":"post","2":"type-post","3":"status-publish","4":"format-standard","5":"has-post-thumbnail","7":"category-las-asombrosas"},"yoast_head":"<!-- This site is optimized with the Yoast SEO plugin v27.4 - https:\/\/yoast.com\/product\/yoast-seo-wordpress\/ -->\n<title>Destruyen negocio de mujer que celebr\u00f3 la muerte de la reina Isabel II - Fuentes Fidedignas<\/title>\n<meta name=\"robots\" content=\"index, follow, max-snippet:-1, max-image-preview:large, max-video-preview:-1\" \/>\n<link rel=\"canonical\" href=\"https:\/\/fuentesfidedignas.com.mx\/index.php\/2022\/09\/17\/destruyen-negocio-de-mujer-que-celebro-la-muerte-de-la-reina-isabel-ii-2\/\" \/>\n<meta property=\"og:locale\" content=\"es_MX\" \/>\n<meta property=\"og:type\" content=\"article\" \/>\n<meta property=\"og:title\" content=\"Destruyen negocio de mujer que celebr\u00f3 la muerte de la reina Isabel II - Fuentes Fidedignas\" \/>\n<meta property=\"og:description\" content=\"Luego de que el clip circulara en la red y fuera visto por muchas personas, un grupo de lugare\u00f1os acudi\u00f3 al negocio de la involucrada y procedi\u00f3 a ocasionar destrozos El haber celebrado la muerte de la reina Isabel II le trajo consecuencias a una mujer en Escocia, quien vio c\u00f3mo un grupo de personas [&hellip;]\" \/>\n<meta property=\"og:url\" content=\"https:\/\/fuentesfidedignas.com.mx\/index.php\/2022\/09\/17\/destruyen-negocio-de-mujer-que-celebro-la-muerte-de-la-reina-isabel-ii-2\/\" \/>\n<meta property=\"og:site_name\" content=\"Fuentes Fidedignas\" \/>\n<meta property=\"article:publisher\" content=\"https:\/\/www.facebook.com\/Fuentes-Fidedignas-368234489921644\" \/>\n<meta property=\"article:published_time\" content=\"2022-09-17T18:36:39+00:00\" \/>\n<meta property=\"article:modified_time\" content=\"2022-09-17T18:36:41+00:00\" \/>\n<meta property=\"og:image\" content=\"https:\/\/fuentesfidedignas.com.mx\/wp-content\/uploads\/2022\/09\/MUJER_NEGOCIO.jpg\" \/>\n\t<meta property=\"og:image:width\" content=\"800\" \/>\n\t<meta property=\"og:image:height\" content=\"600\" \/>\n\t<meta property=\"og:image:type\" content=\"image\/jpeg\" \/>\n<meta name=\"author\" content=\"Exc\u00e9lsior\" \/>\n<meta name=\"twitter:card\" content=\"summary_large_image\" \/>\n<meta name=\"twitter:creator\" content=\"@fidedignas\" \/>\n<meta name=\"twitter:site\" content=\"@fidedignas\" \/>\n<meta name=\"twitter:label1\" content=\"Escrito por\" \/>\n\t<meta name=\"twitter:data1\" content=\"Exc\u00e9lsior\" \/>\n\t<meta name=\"twitter:label2\" content=\"Tiempo de lectura\" \/>\n\t<meta name=\"twitter:data2\" content=\"2 minutos\" \/>\n<script type=\"application\/ld+json\" class=\"yoast-schema-graph\">{\"@context\":\"https:\\\/\\\/schema.org\",\"@graph\":[{\"@type\":\"Article\",\"@id\":\"https:\\\/\\\/fuentesfidedignas.com.mx\\\/index.php\\\/2022\\\/09\\\/17\\\/destruyen-negocio-de-mujer-que-celebro-la-muerte-de-la-reina-isabel-ii-2\\\/#article\",\"isPartOf\":{\"@id\":\"https:\\\/\\\/fuentesfidedignas.com.mx\\\/index.php\\\/2022\\\/09\\\/17\\\/destruyen-negocio-de-mujer-que-celebro-la-muerte-de-la-reina-isabel-ii-2\\\/\"},\"author\":{\"name\":\"Exc\u00e9lsior\",\"@id\":\"https:\\\/\\\/fuentesfidedignas.com.mx\\\/#\\\/schema\\\/person\\\/ec4edd1fbf5efa3e44fce34fe2787780\"},\"headline\":\"Destruyen negocio de mujer que celebr\u00f3 la muerte de la reina Isabel II\",\"datePublished\":\"2022-09-17T18:36:39+00:00\",\"dateModified\":\"2022-09-17T18:36:41+00:00\",\"mainEntityOfPage\":{\"@id\":\"https:\\\/\\\/fuentesfidedignas.com.mx\\\/index.php\\\/2022\\\/09\\\/17\\\/destruyen-negocio-de-mujer-que-celebro-la-muerte-de-la-reina-isabel-ii-2\\\/\"},\"wordCount\":395,\"commentCount\":0,\"publisher\":{\"@id\":\"https:\\\/\\\/fuentesfidedignas.com.mx\\\/#organization\"},\"image\":{\"@id\":\"https:\\\/\\\/fuentesfidedignas.com.mx\\\/index.php\\\/2022\\\/09\\\/17\\\/destruyen-negocio-de-mujer-que-celebro-la-muerte-de-la-reina-isabel-ii-2\\\/#primaryimage\"},\"thumbnailUrl\":\"https:\\\/\\\/fuentesfidedignas.com.mx\\\/wp-content\\\/uploads\\\/2022\\\/09\\\/MUJER_NEGOCIO.jpg\",\"articleSection\":[\"LAS ASOMBROSAS\"],\"inLanguage\":\"es\",\"potentialAction\":[{\"@type\":\"CommentAction\",\"name\":\"Comment\",\"target\":[\"https:\\\/\\\/fuentesfidedignas.com.mx\\\/index.php\\\/2022\\\/09\\\/17\\\/destruyen-negocio-de-mujer-que-celebro-la-muerte-de-la-reina-isabel-ii-2\\\/#respond\"]}]},{\"@type\":\"WebPage\",\"@id\":\"https:\\\/\\\/fuentesfidedignas.com.mx\\\/index.php\\\/2022\\\/09\\\/17\\\/destruyen-negocio-de-mujer-que-celebro-la-muerte-de-la-reina-isabel-ii-2\\\/\",\"url\":\"https:\\\/\\\/fuentesfidedignas.com.mx\\\/index.php\\\/2022\\\/09\\\/17\\\/destruyen-negocio-de-mujer-que-celebro-la-muerte-de-la-reina-isabel-ii-2\\\/\",\"name\":\"Destruyen negocio de mujer que celebr\u00f3 la muerte de la reina Isabel II - Fuentes Fidedignas\",\"isPartOf\":{\"@id\":\"https:\\\/\\\/fuentesfidedignas.com.mx\\\/#website\"},\"primaryImageOfPage\":{\"@id\":\"https:\\\/\\\/fuentesfidedignas.com.mx\\\/index.php\\\/2022\\\/09\\\/17\\\/destruyen-negocio-de-mujer-que-celebro-la-muerte-de-la-reina-isabel-ii-2\\\/#primaryimage\"},\"image\":{\"@id\":\"https:\\\/\\\/fuentesfidedignas.com.mx\\\/index.php\\\/2022\\\/09\\\/17\\\/destruyen-negocio-de-mujer-que-celebro-la-muerte-de-la-reina-isabel-ii-2\\\/#primaryimage\"},\"thumbnailUrl\":\"https:\\\/\\\/fuentesfidedignas.com.mx\\\/wp-content\\\/uploads\\\/2022\\\/09\\\/MUJER_NEGOCIO.jpg\",\"datePublished\":\"2022-09-17T18:36:39+00:00\",\"dateModified\":\"2022-09-17T18:36:41+00:00\",\"breadcrumb\":{\"@id\":\"https:\\\/\\\/fuentesfidedignas.com.mx\\\/index.php\\\/2022\\\/09\\\/17\\\/destruyen-negocio-de-mujer-que-celebro-la-muerte-de-la-reina-isabel-ii-2\\\/#breadcrumb\"},\"inLanguage\":\"es\",\"potentialAction\":[{\"@type\":\"ReadAction\",\"target\":[\"https:\\\/\\\/fuentesfidedignas.com.mx\\\/index.php\\\/2022\\\/09\\\/17\\\/destruyen-negocio-de-mujer-que-celebro-la-muerte-de-la-reina-isabel-ii-2\\\/\"]}]},{\"@type\":\"ImageObject\",\"inLanguage\":\"es\",\"@id\":\"https:\\\/\\\/fuentesfidedignas.com.mx\\\/index.php\\\/2022\\\/09\\\/17\\\/destruyen-negocio-de-mujer-que-celebro-la-muerte-de-la-reina-isabel-ii-2\\\/#primaryimage\",\"url\":\"https:\\\/\\\/fuentesfidedignas.com.mx\\\/wp-content\\\/uploads\\\/2022\\\/09\\\/MUJER_NEGOCIO.jpg\",\"contentUrl\":\"https:\\\/\\\/fuentesfidedignas.com.mx\\\/wp-content\\\/uploads\\\/2022\\\/09\\\/MUJER_NEGOCIO.jpg\",\"width\":800,\"height\":600},{\"@type\":\"BreadcrumbList\",\"@id\":\"https:\\\/\\\/fuentesfidedignas.com.mx\\\/index.php\\\/2022\\\/09\\\/17\\\/destruyen-negocio-de-mujer-que-celebro-la-muerte-de-la-reina-isabel-ii-2\\\/#breadcrumb\",\"itemListElement\":[{\"@type\":\"ListItem\",\"position\":1,\"name\":\"Inicio\",\"item\":\"https:\\\/\\\/fuentesfidedignas.com.mx\\\/\"},{\"@type\":\"ListItem\",\"position\":2,\"name\":\"Destruyen negocio de mujer que celebr\u00f3 la muerte de la reina Isabel II\"}]},{\"@type\":\"WebSite\",\"@id\":\"https:\\\/\\\/fuentesfidedignas.com.mx\\\/#website\",\"url\":\"https:\\\/\\\/fuentesfidedignas.com.mx\\\/\",\"name\":\"Fuentes Fidedignas\",\"description\":\"Otro sitio realizado con WordPress\",\"publisher\":{\"@id\":\"https:\\\/\\\/fuentesfidedignas.com.mx\\\/#organization\"},\"potentialAction\":[{\"@type\":\"SearchAction\",\"target\":{\"@type\":\"EntryPoint\",\"urlTemplate\":\"https:\\\/\\\/fuentesfidedignas.com.mx\\\/?s={search_term_string}\"},\"query-input\":{\"@type\":\"PropertyValueSpecification\",\"valueRequired\":true,\"valueName\":\"search_term_string\"}}],\"inLanguage\":\"es\"},{\"@type\":\"Organization\",\"@id\":\"https:\\\/\\\/fuentesfidedignas.com.mx\\\/#organization\",\"name\":\"Fuentes Fidedignas\",\"url\":\"https:\\\/\\\/fuentesfidedignas.com.mx\\\/\",\"logo\":{\"@type\":\"ImageObject\",\"inLanguage\":\"es\",\"@id\":\"https:\\\/\\\/fuentesfidedignas.com.mx\\\/#\\\/schema\\\/logo\\\/image\\\/\",\"url\":\"https:\\\/\\\/fuentesfidedignas.com.mx\\\/wp-content\\\/uploads\\\/2021\\\/04\\\/logo-retina.png\",\"contentUrl\":\"https:\\\/\\\/fuentesfidedignas.com.mx\\\/wp-content\\\/uploads\\\/2021\\\/04\\\/logo-retina.png\",\"width\":280,\"height\":51,\"caption\":\"Fuentes Fidedignas\"},\"image\":{\"@id\":\"https:\\\/\\\/fuentesfidedignas.com.mx\\\/#\\\/schema\\\/logo\\\/image\\\/\"},\"sameAs\":[\"https:\\\/\\\/www.facebook.com\\\/Fuentes-Fidedignas-368234489921644\",\"https:\\\/\\\/x.com\\\/fidedignas\"]},{\"@type\":\"Person\",\"@id\":\"https:\\\/\\\/fuentesfidedignas.com.mx\\\/#\\\/schema\\\/person\\\/ec4edd1fbf5efa3e44fce34fe2787780\",\"name\":\"Exc\u00e9lsior\",\"image\":{\"@type\":\"ImageObject\",\"inLanguage\":\"es\",\"@id\":\"https:\\\/\\\/secure.gravatar.com\\\/avatar\\\/4b7ee9206b48be08447852b3f0814dbc7c0f3b51541b164f1464a2725614020b?s=96&d=mm&r=g\",\"url\":\"https:\\\/\\\/secure.gravatar.com\\\/avatar\\\/4b7ee9206b48be08447852b3f0814dbc7c0f3b51541b164f1464a2725614020b?s=96&d=mm&r=g\",\"contentUrl\":\"https:\\\/\\\/secure.gravatar.com\\\/avatar\\\/4b7ee9206b48be08447852b3f0814dbc7c0f3b51541b164f1464a2725614020b?s=96&d=mm&r=g\",\"caption\":\"Exc\u00e9lsior\"},\"url\":\"https:\\\/\\\/fuentesfidedignas.com.mx\\\/index.php\\\/author\\\/excelsior\\\/\"}]}<\/script>\n<!-- \/ Yoast SEO plugin. -->","yoast_head_json":{"title":"Destruyen negocio de mujer que celebr\u00f3 la muerte de la reina Isabel II - Fuentes Fidedignas","robots":{"index":"index","follow":"follow","max-snippet":"max-snippet:-1","max-image-preview":"max-image-preview:large","max-video-preview":"max-video-preview:-1"},"canonical":"https:\/\/fuentesfidedignas.com.mx\/index.php\/2022\/09\/17\/destruyen-negocio-de-mujer-que-celebro-la-muerte-de-la-reina-isabel-ii-2\/","og_locale":"es_MX","og_type":"article","og_title":"Destruyen negocio de mujer que celebr\u00f3 la muerte de la reina Isabel II - Fuentes Fidedignas","og_description":"Luego de que el clip circulara en la red y fuera visto por muchas personas, un grupo de lugare\u00f1os acudi\u00f3 al negocio de la involucrada y procedi\u00f3 a ocasionar destrozos El haber celebrado la muerte de la reina Isabel II le trajo consecuencias a una mujer en Escocia, quien vio c\u00f3mo un grupo de personas [&hellip;]","og_url":"https:\/\/fuentesfidedignas.com.mx\/index.php\/2022\/09\/17\/destruyen-negocio-de-mujer-que-celebro-la-muerte-de-la-reina-isabel-ii-2\/","og_site_name":"Fuentes Fidedignas","article_publisher":"https:\/\/www.facebook.com\/Fuentes-Fidedignas-368234489921644","article_published_time":"2022-09-17T18:36:39+00:00","article_modified_time":"2022-09-17T18:36:41+00:00","og_image":[{"width":800,"height":600,"url":"https:\/\/fuentesfidedignas.com.mx\/wp-content\/uploads\/2022\/09\/MUJER_NEGOCIO.jpg","type":"image\/jpeg"}],"author":"Exc\u00e9lsior","twitter_card":"summary_large_image","twitter_creator":"@fidedignas","twitter_site":"@fidedignas","twitter_misc":{"Escrito por":"Exc\u00e9lsior","Tiempo de lectura":"2 minutos"},"schema":{"@context":"https:\/\/schema.org","@graph":[{"@type":"Article","@id":"https:\/\/fuentesfidedignas.com.mx\/index.php\/2022\/09\/17\/destruyen-negocio-de-mujer-que-celebro-la-muerte-de-la-reina-isabel-ii-2\/#article","isPartOf":{"@id":"https:\/\/fuentesfidedignas.com.mx\/index.php\/2022\/09\/17\/destruyen-negocio-de-mujer-que-celebro-la-muerte-de-la-reina-isabel-ii-2\/"},"author":{"name":"Exc\u00e9lsior","@id":"https:\/\/fuentesfidedignas.com.mx\/#\/schema\/person\/ec4edd1fbf5efa3e44fce34fe2787780"},"headline":"Destruyen negocio de mujer que celebr\u00f3 la muerte de la reina Isabel II","datePublished":"2022-09-17T18:36:39+00:00","dateModified":"2022-09-17T18:36:41+00:00","mainEntityOfPage":{"@id":"https:\/\/fuentesfidedignas.com.mx\/index.php\/2022\/09\/17\/destruyen-negocio-de-mujer-que-celebro-la-muerte-de-la-reina-isabel-ii-2\/"},"wordCount":395,"commentCount":0,"publisher":{"@id":"https:\/\/fuentesfidedignas.com.mx\/#organization"},"image":{"@id":"https:\/\/fuentesfidedignas.com.mx\/index.php\/2022\/09\/17\/destruyen-negocio-de-mujer-que-celebro-la-muerte-de-la-reina-isabel-ii-2\/#primaryimage"},"thumbnailUrl":"https:\/\/fuentesfidedignas.com.mx\/wp-content\/uploads\/2022\/09\/MUJER_NEGOCIO.jpg","articleSection":["LAS ASOMBROSAS"],"inLanguage":"es","potentialAction":[{"@type":"CommentAction","name":"Comment","target":["https:\/\/fuentesfidedignas.com.mx\/index.php\/2022\/09\/17\/destruyen-negocio-de-mujer-que-celebro-la-muerte-de-la-reina-isabel-ii-2\/#respond"]}]},{"@type":"WebPage","@id":"https:\/\/fuentesfidedignas.com.mx\/index.php\/2022\/09\/17\/destruyen-negocio-de-mujer-que-celebro-la-muerte-de-la-reina-isabel-ii-2\/","url":"https:\/\/fuentesfidedignas.com.mx\/index.php\/2022\/09\/17\/destruyen-negocio-de-mujer-que-celebro-la-muerte-de-la-reina-isabel-ii-2\/","name":"Destruyen negocio de mujer que celebr\u00f3 la muerte de la reina Isabel II - Fuentes Fidedignas","isPartOf":{"@id":"https:\/\/fuentesfidedignas.com.mx\/#website"},"primaryImageOfPage":{"@id":"https:\/\/fuentesfidedignas.com.mx\/index.php\/2022\/09\/17\/destruyen-negocio-de-mujer-que-celebro-la-muerte-de-la-reina-isabel-ii-2\/#primaryimage"},"image":{"@id":"https:\/\/fuentesfidedignas.com.mx\/index.php\/2022\/09\/17\/destruyen-negocio-de-mujer-que-celebro-la-muerte-de-la-reina-isabel-ii-2\/#primaryimage"},"thumbnailUrl":"https:\/\/fuentesfidedignas.com.mx\/wp-content\/uploads\/2022\/09\/MUJER_NEGOCIO.jpg","datePublished":"2022-09-17T18:36:39+00:00","dateModified":"2022-09-17T18:36:41+00:00","breadcrumb":{"@id":"https:\/\/fuentesfidedignas.com.mx\/index.php\/2022\/09\/17\/destruyen-negocio-de-mujer-que-celebro-la-muerte-de-la-reina-isabel-ii-2\/#breadcrumb"},"inLanguage":"es","potentialAction":[{"@type":"ReadAction","target":["https:\/\/fuentesfidedignas.com.mx\/index.php\/2022\/09\/17\/destruyen-negocio-de-mujer-que-celebro-la-muerte-de-la-reina-isabel-ii-2\/"]}]},{"@type":"ImageObject","inLanguage":"es","@id":"https:\/\/fuentesfidedignas.com.mx\/index.php\/2022\/09\/17\/destruyen-negocio-de-mujer-que-celebro-la-muerte-de-la-reina-isabel-ii-2\/#primaryimage","url":"https:\/\/fuentesfidedignas.com.mx\/wp-content\/uploads\/2022\/09\/MUJER_NEGOCIO.jpg","contentUrl":"https:\/\/fuentesfidedignas.com.mx\/wp-content\/uploads\/2022\/09\/MUJER_NEGOCIO.jpg","width":800,"height":600},{"@type":"BreadcrumbList","@id":"https:\/\/fuentesfidedignas.com.mx\/index.php\/2022\/09\/17\/destruyen-negocio-de-mujer-que-celebro-la-muerte-de-la-reina-isabel-ii-2\/#breadcrumb","itemListElement":[{"@type":"ListItem","position":1,"name":"Inicio","item":"https:\/\/fuentesfidedignas.com.mx\/"},{"@type":"ListItem","position":2,"name":"Destruyen negocio de mujer que celebr\u00f3 la muerte de la reina Isabel II"}]},{"@type":"WebSite","@id":"https:\/\/fuentesfidedignas.com.mx\/#website","url":"https:\/\/fuentesfidedignas.com.mx\/","name":"Fuentes Fidedignas","description":"Otro sitio realizado con WordPress","publisher":{"@id":"https:\/\/fuentesfidedignas.com.mx\/#organization"},"potentialAction":[{"@type":"SearchAction","target":{"@type":"EntryPoint","urlTemplate":"https:\/\/fuentesfidedignas.com.mx\/?s={search_term_string}"},"query-input":{"@type":"PropertyValueSpecification","valueRequired":true,"valueName":"search_term_string"}}],"inLanguage":"es"},{"@type":"Organization","@id":"https:\/\/fuentesfidedignas.com.mx\/#organization","name":"Fuentes Fidedignas","url":"https:\/\/fuentesfidedignas.com.mx\/","logo":{"@type":"ImageObject","inLanguage":"es","@id":"https:\/\/fuentesfidedignas.com.mx\/#\/schema\/logo\/image\/","url":"https:\/\/fuentesfidedignas.com.mx\/wp-content\/uploads\/2021\/04\/logo-retina.png","contentUrl":"https:\/\/fuentesfidedignas.com.mx\/wp-content\/uploads\/2021\/04\/logo-retina.png","width":280,"height":51,"caption":"Fuentes Fidedignas"},"image":{"@id":"https:\/\/fuentesfidedignas.com.mx\/#\/schema\/logo\/image\/"},"sameAs":["https:\/\/www.facebook.com\/Fuentes-Fidedignas-368234489921644","https:\/\/x.com\/fidedignas"]},{"@type":"Person","@id":"https:\/\/fuentesfidedignas.com.mx\/#\/schema\/person\/ec4edd1fbf5efa3e44fce34fe2787780","name":"Exc\u00e9lsior","image":{"@type":"ImageObject","inLanguage":"es","@id":"https:\/\/secure.gravatar.com\/avatar\/4b7ee9206b48be08447852b3f0814dbc7c0f3b51541b164f1464a2725614020b?s=96&d=mm&r=g","url":"https:\/\/secure.gravatar.com\/avatar\/4b7ee9206b48be08447852b3f0814dbc7c0f3b51541b164f1464a2725614020b?s=96&d=mm&r=g","contentUrl":"https:\/\/secure.gravatar.com\/avatar\/4b7ee9206b48be08447852b3f0814dbc7c0f3b51541b164f1464a2725614020b?s=96&d=mm&r=g","caption":"Exc\u00e9lsior"},"url":"https:\/\/fuentesfidedignas.com.mx\/index.php\/author\/excelsior\/"}]}},"_links":{"self":[{"href":"https:\/\/fuentesfidedignas.com.mx\/index.php\/wp-json\/wp\/v2\/posts\/42634","targetHints":{"allow":["GET"]}}],"collection":[{"href":"https:\/\/fuentesfidedignas.com.mx\/index.php\/wp-json\/wp\/v2\/posts"}],"about":[{"href":"https:\/\/fuentesfidedignas.com.mx\/index.php\/wp-json\/wp\/v2\/types\/post"}],"author":[{"embeddable":true,"href":"https:\/\/fuentesfidedignas.com.mx\/index.php\/wp-json\/wp\/v2\/users\/7"}],"replies":[{"embeddable":true,"href":"https:\/\/fuentesfidedignas.com.mx\/index.php\/wp-json\/wp\/v2\/comments?post=42634"}],"version-history":[{"count":1,"href":"https:\/\/fuentesfidedignas.com.mx\/index.php\/wp-json\/wp\/v2\/posts\/42634\/revisions"}],"predecessor-version":[{"id":42636,"href":"https:\/\/fuentesfidedignas.com.mx\/index.php\/wp-json\/wp\/v2\/posts\/42634\/revisions\/42636"}],"wp:featuredmedia":[{"embeddable":true,"href":"https:\/\/fuentesfidedignas.com.mx\/index.php\/wp-json\/wp\/v2\/media\/42635"}],"wp:attachment":[{"href":"https:\/\/fuentesfidedignas.com.mx\/index.php\/wp-json\/wp\/v2\/media?parent=42634"}],"wp:term":[{"taxonomy":"category","embeddable":true,"href":"https:\/\/fuentesfidedignas.com.mx\/index.php\/wp-json\/wp\/v2\/categories?post=42634"},{"taxonomy":"post_tag","embeddable":true,"href":"https:\/\/fuentesfidedignas.com.mx\/index.php\/wp-json\/wp\/v2\/tags?post=42634"}],"curies":[{"name":"wp","href":"https:\/\/api.w.org\/{rel}","templated":true}]}}