{"id":42603,"date":"2022-09-16T16:22:04","date_gmt":"2022-09-16T22:22:04","guid":{"rendered":"https:\/\/fuentesfidedignas.com.mx\/?p=42603"},"modified":"2022-09-16T21:00:29","modified_gmt":"2022-09-17T03:00:29","slug":"mini-lic-es-sentenciado-por-narcotrafico-en-eu-sera-liberado","status":"publish","type":"post","link":"https:\/\/fuentesfidedignas.com.mx\/index.php\/2022\/09\/16\/mini-lic-es-sentenciado-por-narcotrafico-en-eu-sera-liberado\/","title":{"rendered":"Juez liberar\u00e1 a \u201cEl Mini Lic\u201d, autor intelectual del asesinato de Javier Valdez"},"content":{"rendered":"\n<p><strong><em>D\u00e1maso L\u00f3pez se entreg\u00f3 a autoridades de EU en 2017 y ha estado en prisi\u00f3n desde entonces.<\/em><\/strong><\/p>\n\n\n\n<p>Estados Unidos.- D\u00e1maso L\u00f3pez Serrano, alias \u2018Mini Lic\u2019, fue sentenciado a seis a\u00f1os de prisi\u00f3n, por delitos relacionados con narcotr\u00e1fico, luego de comparecer en Estados Unidos. Sin embargo, podr\u00e1 cumplir su sentencia en libertad.<\/p>\n\n\n\n<p>\u201cMini Lic condenado a 72 meses, que le permitir\u00e1n andar en libertad con tiempo cumplido\u201d, apunt\u00f3 Keegan Hamilton, periodista de Vice News especializado en temas de crimen organizado. Tras entregarse en 2017 y estar en prisi\u00f3n, el capo ya ha cumplido con su condena.<\/p>\n\n\n\n<p>Tambi\u00e9n se acord\u00f3 que D\u00e1maso L\u00f3pez entregar\u00e1 1 mill\u00f3n de d\u00f3lares en efectivo los cuales obtuvo del narcotr\u00e1fico.<\/p>\n\n\n\n<p>El \u2018Mini Lic\u2019 tiene una orden de detenci\u00f3n de inmigraci\u00f3n en EU, por lo cual todav\u00eda est\u00e1 por decidirse si se queda en dicho pa\u00eds o si es deportado a M\u00e9xico.<\/p>\n\n\n\n<p>D\u00e1maso L\u00f3pez se entreg\u00f3 a las autoridades estadounidenses en el puerto de entrada de Calexico West, el 27 de julio de 2017. En el momento ten\u00eda 29 a\u00f1os.<\/p>\n\n\n\n<p>Anteriormente en agosto de 2016 se hab\u00eda declarado culpable en una acusaci\u00f3n presentada por un gran jurado federal en San Diego. La declaraci\u00f3n involucraba a cinco colaboradores que conspiraron para distribuir narc\u00f3ticos e importar sustancias ilegales.<\/p>\n\n\n\n<p>El capo, quien presuntamente ser\u00eda cabecilla del C\u00e1rtel de Sinaloa, se declar\u00f3 formalmente culpable de conspiraci\u00f3n para distribuir sustancias controladas con fines de importaci\u00f3n ilegal, en enero de 2018.<\/p>\n\n\n\n<p>D\u00e1maso L\u00f3pez Serrano tambi\u00e9n ha sido acusado de ordenar el asesinato del periodista mexicano Javier Valdez, de R\u00edo Doce, asesinado a tiros afuera del semanario el 15 de mayo de 2017.<\/p>\n\n\n\n<p>La Fiscal\u00eda General de la Rep\u00fablica (FGR) gir\u00f3 una orden de aprehensi\u00f3n contra \u2018Mini Lic\u2019 por su probable responsabilidad en el asesinato de Javier Valdez, esto el 23 de enero de 2020.<\/p>\n\n\n\n<p>Por el asesinato del periodista fue declarado culpable Juan Francisco Picos Barrueta, \u2018El Quillo\u2019, en junio de 2021, como coautor material del crimen. El juez explic\u00f3 que esta persona organiz\u00f3 el plan para el atentado.<\/p>\n\n\n\n<p>Unos d\u00edas despu\u00e9s, se inform\u00f3 que Picos Barrueta fue sentenciado a 32 a\u00f1os y tres meses de prisi\u00f3n por este hecho.<\/p>\n\n\n\n<p>En Estados Unidos, el \u2018Mini Lic\u2019 no fue acusado por ordenar el asesinato de Javier Valdez.<\/p>\n\n\n\n<p>Este viernes, D\u00e1maso L\u00f3pez habl\u00f3 en espa\u00f1ol ante el jurado estadounidense. \u201cSolo quiero ofrecer una disculpa a todas aquellas personas a las que perjudiqu\u00e9 tanto con mis acciones. Hice mal y lo reconozco. Me equivoqu\u00e9 al elegir ese camino\u201d.<\/p>\n\n\n\n<p>Tambi\u00e9n habl\u00f3 del sufrimiento que ha causado a sus propios familiares y amigos. \u201cVoy a ser una persona completamente diferente de lo que sol\u00eda ser. Les pido una oportunidad para comenzar una nueva vida\u201d.<\/p>\n\n\n\n<p>La sentencia de este viernes le deja en libertad pues ha cumplido la sentencia de seis a\u00f1os en prisi\u00f3n durante estos a\u00f1os.<\/p>\n","protected":false},"excerpt":{"rendered":"<p>D\u00e1maso L\u00f3pez se entreg\u00f3 a autoridades de EU en 2017 y ha estado en prisi\u00f3n desde entonces. Estados Unidos.- D\u00e1maso L\u00f3pez Serrano, alias \u2018Mini Lic\u2019, fue sentenciado a seis a\u00f1os de prisi\u00f3n, por delitos relacionados con narcotr\u00e1fico, luego de comparecer en Estados Unidos. Sin embargo, podr\u00e1 cumplir su sentencia en libertad. \u201cMini Lic condenado a [&hellip;]<\/p>\n","protected":false},"author":21,"featured_media":42604,"comment_status":"open","ping_status":"open","sticky":false,"template":"","format":"standard","meta":{"tdm_status":"","tdm_grid_status":"","footnotes":""},"categories":[37],"tags":[],"class_list":{"0":"post-42603","1":"post","2":"type-post","3":"status-publish","4":"format-standard","5":"has-post-thumbnail","7":"category-nota-principal"},"yoast_head":"<!-- This site is optimized with the Yoast SEO plugin v27.5 - https:\/\/yoast.com\/product\/yoast-seo-wordpress\/ -->\n<title>Juez liberar\u00e1 a \u201cEl Mini Lic\u201d, autor intelectual del asesinato de Javier Valdez - Fuentes Fidedignas<\/title>\n<meta name=\"robots\" content=\"index, follow, max-snippet:-1, max-image-preview:large, max-video-preview:-1\" \/>\n<link rel=\"canonical\" href=\"https:\/\/fuentesfidedignas.com.mx\/index.php\/2022\/09\/16\/mini-lic-es-sentenciado-por-narcotrafico-en-eu-sera-liberado\/\" \/>\n<meta property=\"og:locale\" content=\"es_MX\" \/>\n<meta property=\"og:type\" content=\"article\" \/>\n<meta property=\"og:title\" content=\"Juez liberar\u00e1 a \u201cEl Mini Lic\u201d, autor intelectual del asesinato de Javier Valdez - Fuentes Fidedignas\" \/>\n<meta property=\"og:description\" content=\"D\u00e1maso L\u00f3pez se entreg\u00f3 a autoridades de EU en 2017 y ha estado en prisi\u00f3n desde entonces. Estados Unidos.- D\u00e1maso L\u00f3pez Serrano, alias \u2018Mini Lic\u2019, fue sentenciado a seis a\u00f1os de prisi\u00f3n, por delitos relacionados con narcotr\u00e1fico, luego de comparecer en Estados Unidos. Sin embargo, podr\u00e1 cumplir su sentencia en libertad. \u201cMini Lic condenado a [&hellip;]\" \/>\n<meta property=\"og:url\" content=\"https:\/\/fuentesfidedignas.com.mx\/index.php\/2022\/09\/16\/mini-lic-es-sentenciado-por-narcotrafico-en-eu-sera-liberado\/\" \/>\n<meta property=\"og:site_name\" content=\"Fuentes Fidedignas\" \/>\n<meta property=\"article:publisher\" content=\"https:\/\/www.facebook.com\/Fuentes-Fidedignas-368234489921644\" \/>\n<meta property=\"article:published_time\" content=\"2022-09-16T22:22:04+00:00\" \/>\n<meta property=\"article:modified_time\" content=\"2022-09-17T03:00:29+00:00\" \/>\n<meta property=\"og:image\" content=\"https:\/\/fuentesfidedignas.com.mx\/wp-content\/uploads\/2022\/09\/DAMASO_LOPEZ.jpg\" \/>\n\t<meta property=\"og:image:width\" content=\"1059\" \/>\n\t<meta property=\"og:image:height\" content=\"773\" \/>\n\t<meta property=\"og:image:type\" content=\"image\/jpeg\" \/>\n<meta name=\"author\" content=\"El Financiero\" \/>\n<meta name=\"twitter:card\" content=\"summary_large_image\" \/>\n<meta name=\"twitter:creator\" content=\"@fidedignas\" \/>\n<meta name=\"twitter:site\" content=\"@fidedignas\" \/>\n<meta name=\"twitter:label1\" content=\"Escrito por\" \/>\n\t<meta name=\"twitter:data1\" content=\"El Financiero\" \/>\n\t<meta name=\"twitter:label2\" content=\"Tiempo de lectura\" \/>\n\t<meta name=\"twitter:data2\" content=\"3 minutos\" \/>\n<script type=\"application\/ld+json\" class=\"yoast-schema-graph\">{\"@context\":\"https:\\\/\\\/schema.org\",\"@graph\":[{\"@type\":\"Article\",\"@id\":\"https:\\\/\\\/fuentesfidedignas.com.mx\\\/index.php\\\/2022\\\/09\\\/16\\\/mini-lic-es-sentenciado-por-narcotrafico-en-eu-sera-liberado\\\/#article\",\"isPartOf\":{\"@id\":\"https:\\\/\\\/fuentesfidedignas.com.mx\\\/index.php\\\/2022\\\/09\\\/16\\\/mini-lic-es-sentenciado-por-narcotrafico-en-eu-sera-liberado\\\/\"},\"author\":{\"name\":\"El Financiero\",\"@id\":\"https:\\\/\\\/fuentesfidedignas.com.mx\\\/#\\\/schema\\\/person\\\/494f7e0dce8dfaaec5b64f16615b78e9\"},\"headline\":\"Juez liberar\u00e1 a \u201cEl Mini Lic\u201d, autor intelectual del asesinato de Javier Valdez\",\"datePublished\":\"2022-09-16T22:22:04+00:00\",\"dateModified\":\"2022-09-17T03:00:29+00:00\",\"mainEntityOfPage\":{\"@id\":\"https:\\\/\\\/fuentesfidedignas.com.mx\\\/index.php\\\/2022\\\/09\\\/16\\\/mini-lic-es-sentenciado-por-narcotrafico-en-eu-sera-liberado\\\/\"},\"wordCount\":518,\"commentCount\":0,\"publisher\":{\"@id\":\"https:\\\/\\\/fuentesfidedignas.com.mx\\\/#organization\"},\"image\":{\"@id\":\"https:\\\/\\\/fuentesfidedignas.com.mx\\\/index.php\\\/2022\\\/09\\\/16\\\/mini-lic-es-sentenciado-por-narcotrafico-en-eu-sera-liberado\\\/#primaryimage\"},\"thumbnailUrl\":\"https:\\\/\\\/fuentesfidedignas.com.mx\\\/wp-content\\\/uploads\\\/2022\\\/09\\\/DAMASO_LOPEZ.jpg\",\"articleSection\":[\"NOTA PRINCIPAL\"],\"inLanguage\":\"es\",\"potentialAction\":[{\"@type\":\"CommentAction\",\"name\":\"Comment\",\"target\":[\"https:\\\/\\\/fuentesfidedignas.com.mx\\\/index.php\\\/2022\\\/09\\\/16\\\/mini-lic-es-sentenciado-por-narcotrafico-en-eu-sera-liberado\\\/#respond\"]}]},{\"@type\":\"WebPage\",\"@id\":\"https:\\\/\\\/fuentesfidedignas.com.mx\\\/index.php\\\/2022\\\/09\\\/16\\\/mini-lic-es-sentenciado-por-narcotrafico-en-eu-sera-liberado\\\/\",\"url\":\"https:\\\/\\\/fuentesfidedignas.com.mx\\\/index.php\\\/2022\\\/09\\\/16\\\/mini-lic-es-sentenciado-por-narcotrafico-en-eu-sera-liberado\\\/\",\"name\":\"Juez liberar\u00e1 a \u201cEl Mini Lic\u201d, autor intelectual del asesinato de Javier Valdez - Fuentes Fidedignas\",\"isPartOf\":{\"@id\":\"https:\\\/\\\/fuentesfidedignas.com.mx\\\/#website\"},\"primaryImageOfPage\":{\"@id\":\"https:\\\/\\\/fuentesfidedignas.com.mx\\\/index.php\\\/2022\\\/09\\\/16\\\/mini-lic-es-sentenciado-por-narcotrafico-en-eu-sera-liberado\\\/#primaryimage\"},\"image\":{\"@id\":\"https:\\\/\\\/fuentesfidedignas.com.mx\\\/index.php\\\/2022\\\/09\\\/16\\\/mini-lic-es-sentenciado-por-narcotrafico-en-eu-sera-liberado\\\/#primaryimage\"},\"thumbnailUrl\":\"https:\\\/\\\/fuentesfidedignas.com.mx\\\/wp-content\\\/uploads\\\/2022\\\/09\\\/DAMASO_LOPEZ.jpg\",\"datePublished\":\"2022-09-16T22:22:04+00:00\",\"dateModified\":\"2022-09-17T03:00:29+00:00\",\"breadcrumb\":{\"@id\":\"https:\\\/\\\/fuentesfidedignas.com.mx\\\/index.php\\\/2022\\\/09\\\/16\\\/mini-lic-es-sentenciado-por-narcotrafico-en-eu-sera-liberado\\\/#breadcrumb\"},\"inLanguage\":\"es\",\"potentialAction\":[{\"@type\":\"ReadAction\",\"target\":[\"https:\\\/\\\/fuentesfidedignas.com.mx\\\/index.php\\\/2022\\\/09\\\/16\\\/mini-lic-es-sentenciado-por-narcotrafico-en-eu-sera-liberado\\\/\"]}]},{\"@type\":\"ImageObject\",\"inLanguage\":\"es\",\"@id\":\"https:\\\/\\\/fuentesfidedignas.com.mx\\\/index.php\\\/2022\\\/09\\\/16\\\/mini-lic-es-sentenciado-por-narcotrafico-en-eu-sera-liberado\\\/#primaryimage\",\"url\":\"https:\\\/\\\/fuentesfidedignas.com.mx\\\/wp-content\\\/uploads\\\/2022\\\/09\\\/DAMASO_LOPEZ.jpg\",\"contentUrl\":\"https:\\\/\\\/fuentesfidedignas.com.mx\\\/wp-content\\\/uploads\\\/2022\\\/09\\\/DAMASO_LOPEZ.jpg\",\"width\":1059,\"height\":773},{\"@type\":\"BreadcrumbList\",\"@id\":\"https:\\\/\\\/fuentesfidedignas.com.mx\\\/index.php\\\/2022\\\/09\\\/16\\\/mini-lic-es-sentenciado-por-narcotrafico-en-eu-sera-liberado\\\/#breadcrumb\",\"itemListElement\":[{\"@type\":\"ListItem\",\"position\":1,\"name\":\"Inicio\",\"item\":\"https:\\\/\\\/fuentesfidedignas.com.mx\\\/\"},{\"@type\":\"ListItem\",\"position\":2,\"name\":\"Juez liberar\u00e1 a \u201cEl Mini Lic\u201d, autor intelectual del asesinato de Javier Valdez\"}]},{\"@type\":\"WebSite\",\"@id\":\"https:\\\/\\\/fuentesfidedignas.com.mx\\\/#website\",\"url\":\"https:\\\/\\\/fuentesfidedignas.com.mx\\\/\",\"name\":\"Fuentes Fidedignas\",\"description\":\"Otro sitio realizado con WordPress\",\"publisher\":{\"@id\":\"https:\\\/\\\/fuentesfidedignas.com.mx\\\/#organization\"},\"potentialAction\":[{\"@type\":\"SearchAction\",\"target\":{\"@type\":\"EntryPoint\",\"urlTemplate\":\"https:\\\/\\\/fuentesfidedignas.com.mx\\\/?s={search_term_string}\"},\"query-input\":{\"@type\":\"PropertyValueSpecification\",\"valueRequired\":true,\"valueName\":\"search_term_string\"}}],\"inLanguage\":\"es\"},{\"@type\":\"Organization\",\"@id\":\"https:\\\/\\\/fuentesfidedignas.com.mx\\\/#organization\",\"name\":\"Fuentes Fidedignas\",\"url\":\"https:\\\/\\\/fuentesfidedignas.com.mx\\\/\",\"logo\":{\"@type\":\"ImageObject\",\"inLanguage\":\"es\",\"@id\":\"https:\\\/\\\/fuentesfidedignas.com.mx\\\/#\\\/schema\\\/logo\\\/image\\\/\",\"url\":\"https:\\\/\\\/fuentesfidedignas.com.mx\\\/wp-content\\\/uploads\\\/2021\\\/04\\\/logo-retina.png\",\"contentUrl\":\"https:\\\/\\\/fuentesfidedignas.com.mx\\\/wp-content\\\/uploads\\\/2021\\\/04\\\/logo-retina.png\",\"width\":280,\"height\":51,\"caption\":\"Fuentes Fidedignas\"},\"image\":{\"@id\":\"https:\\\/\\\/fuentesfidedignas.com.mx\\\/#\\\/schema\\\/logo\\\/image\\\/\"},\"sameAs\":[\"https:\\\/\\\/www.facebook.com\\\/Fuentes-Fidedignas-368234489921644\",\"https:\\\/\\\/x.com\\\/fidedignas\"]},{\"@type\":\"Person\",\"@id\":\"https:\\\/\\\/fuentesfidedignas.com.mx\\\/#\\\/schema\\\/person\\\/494f7e0dce8dfaaec5b64f16615b78e9\",\"name\":\"El Financiero\",\"image\":{\"@type\":\"ImageObject\",\"inLanguage\":\"es\",\"@id\":\"https:\\\/\\\/secure.gravatar.com\\\/avatar\\\/88c0f3f2079389318ef8dd35c22cb997212aa89646e357ba59b318db26ed91a9?s=96&d=mm&r=g\",\"url\":\"https:\\\/\\\/secure.gravatar.com\\\/avatar\\\/88c0f3f2079389318ef8dd35c22cb997212aa89646e357ba59b318db26ed91a9?s=96&d=mm&r=g\",\"contentUrl\":\"https:\\\/\\\/secure.gravatar.com\\\/avatar\\\/88c0f3f2079389318ef8dd35c22cb997212aa89646e357ba59b318db26ed91a9?s=96&d=mm&r=g\",\"caption\":\"El Financiero\"},\"url\":\"https:\\\/\\\/fuentesfidedignas.com.mx\\\/index.php\\\/author\\\/financiero\\\/\"}]}<\/script>\n<!-- \/ Yoast SEO plugin. -->","yoast_head_json":{"title":"Juez liberar\u00e1 a \u201cEl Mini Lic\u201d, autor intelectual del asesinato de Javier Valdez - Fuentes Fidedignas","robots":{"index":"index","follow":"follow","max-snippet":"max-snippet:-1","max-image-preview":"max-image-preview:large","max-video-preview":"max-video-preview:-1"},"canonical":"https:\/\/fuentesfidedignas.com.mx\/index.php\/2022\/09\/16\/mini-lic-es-sentenciado-por-narcotrafico-en-eu-sera-liberado\/","og_locale":"es_MX","og_type":"article","og_title":"Juez liberar\u00e1 a \u201cEl Mini Lic\u201d, autor intelectual del asesinato de Javier Valdez - Fuentes Fidedignas","og_description":"D\u00e1maso L\u00f3pez se entreg\u00f3 a autoridades de EU en 2017 y ha estado en prisi\u00f3n desde entonces. Estados Unidos.- D\u00e1maso L\u00f3pez Serrano, alias \u2018Mini Lic\u2019, fue sentenciado a seis a\u00f1os de prisi\u00f3n, por delitos relacionados con narcotr\u00e1fico, luego de comparecer en Estados Unidos. Sin embargo, podr\u00e1 cumplir su sentencia en libertad. \u201cMini Lic condenado a [&hellip;]","og_url":"https:\/\/fuentesfidedignas.com.mx\/index.php\/2022\/09\/16\/mini-lic-es-sentenciado-por-narcotrafico-en-eu-sera-liberado\/","og_site_name":"Fuentes Fidedignas","article_publisher":"https:\/\/www.facebook.com\/Fuentes-Fidedignas-368234489921644","article_published_time":"2022-09-16T22:22:04+00:00","article_modified_time":"2022-09-17T03:00:29+00:00","og_image":[{"width":1059,"height":773,"url":"https:\/\/fuentesfidedignas.com.mx\/wp-content\/uploads\/2022\/09\/DAMASO_LOPEZ.jpg","type":"image\/jpeg"}],"author":"El Financiero","twitter_card":"summary_large_image","twitter_creator":"@fidedignas","twitter_site":"@fidedignas","twitter_misc":{"Escrito por":"El Financiero","Tiempo de lectura":"3 minutos"},"schema":{"@context":"https:\/\/schema.org","@graph":[{"@type":"Article","@id":"https:\/\/fuentesfidedignas.com.mx\/index.php\/2022\/09\/16\/mini-lic-es-sentenciado-por-narcotrafico-en-eu-sera-liberado\/#article","isPartOf":{"@id":"https:\/\/fuentesfidedignas.com.mx\/index.php\/2022\/09\/16\/mini-lic-es-sentenciado-por-narcotrafico-en-eu-sera-liberado\/"},"author":{"name":"El Financiero","@id":"https:\/\/fuentesfidedignas.com.mx\/#\/schema\/person\/494f7e0dce8dfaaec5b64f16615b78e9"},"headline":"Juez liberar\u00e1 a \u201cEl Mini Lic\u201d, autor intelectual del asesinato de Javier Valdez","datePublished":"2022-09-16T22:22:04+00:00","dateModified":"2022-09-17T03:00:29+00:00","mainEntityOfPage":{"@id":"https:\/\/fuentesfidedignas.com.mx\/index.php\/2022\/09\/16\/mini-lic-es-sentenciado-por-narcotrafico-en-eu-sera-liberado\/"},"wordCount":518,"commentCount":0,"publisher":{"@id":"https:\/\/fuentesfidedignas.com.mx\/#organization"},"image":{"@id":"https:\/\/fuentesfidedignas.com.mx\/index.php\/2022\/09\/16\/mini-lic-es-sentenciado-por-narcotrafico-en-eu-sera-liberado\/#primaryimage"},"thumbnailUrl":"https:\/\/fuentesfidedignas.com.mx\/wp-content\/uploads\/2022\/09\/DAMASO_LOPEZ.jpg","articleSection":["NOTA PRINCIPAL"],"inLanguage":"es","potentialAction":[{"@type":"CommentAction","name":"Comment","target":["https:\/\/fuentesfidedignas.com.mx\/index.php\/2022\/09\/16\/mini-lic-es-sentenciado-por-narcotrafico-en-eu-sera-liberado\/#respond"]}]},{"@type":"WebPage","@id":"https:\/\/fuentesfidedignas.com.mx\/index.php\/2022\/09\/16\/mini-lic-es-sentenciado-por-narcotrafico-en-eu-sera-liberado\/","url":"https:\/\/fuentesfidedignas.com.mx\/index.php\/2022\/09\/16\/mini-lic-es-sentenciado-por-narcotrafico-en-eu-sera-liberado\/","name":"Juez liberar\u00e1 a \u201cEl Mini Lic\u201d, autor intelectual del asesinato de Javier Valdez - Fuentes Fidedignas","isPartOf":{"@id":"https:\/\/fuentesfidedignas.com.mx\/#website"},"primaryImageOfPage":{"@id":"https:\/\/fuentesfidedignas.com.mx\/index.php\/2022\/09\/16\/mini-lic-es-sentenciado-por-narcotrafico-en-eu-sera-liberado\/#primaryimage"},"image":{"@id":"https:\/\/fuentesfidedignas.com.mx\/index.php\/2022\/09\/16\/mini-lic-es-sentenciado-por-narcotrafico-en-eu-sera-liberado\/#primaryimage"},"thumbnailUrl":"https:\/\/fuentesfidedignas.com.mx\/wp-content\/uploads\/2022\/09\/DAMASO_LOPEZ.jpg","datePublished":"2022-09-16T22:22:04+00:00","dateModified":"2022-09-17T03:00:29+00:00","breadcrumb":{"@id":"https:\/\/fuentesfidedignas.com.mx\/index.php\/2022\/09\/16\/mini-lic-es-sentenciado-por-narcotrafico-en-eu-sera-liberado\/#breadcrumb"},"inLanguage":"es","potentialAction":[{"@type":"ReadAction","target":["https:\/\/fuentesfidedignas.com.mx\/index.php\/2022\/09\/16\/mini-lic-es-sentenciado-por-narcotrafico-en-eu-sera-liberado\/"]}]},{"@type":"ImageObject","inLanguage":"es","@id":"https:\/\/fuentesfidedignas.com.mx\/index.php\/2022\/09\/16\/mini-lic-es-sentenciado-por-narcotrafico-en-eu-sera-liberado\/#primaryimage","url":"https:\/\/fuentesfidedignas.com.mx\/wp-content\/uploads\/2022\/09\/DAMASO_LOPEZ.jpg","contentUrl":"https:\/\/fuentesfidedignas.com.mx\/wp-content\/uploads\/2022\/09\/DAMASO_LOPEZ.jpg","width":1059,"height":773},{"@type":"BreadcrumbList","@id":"https:\/\/fuentesfidedignas.com.mx\/index.php\/2022\/09\/16\/mini-lic-es-sentenciado-por-narcotrafico-en-eu-sera-liberado\/#breadcrumb","itemListElement":[{"@type":"ListItem","position":1,"name":"Inicio","item":"https:\/\/fuentesfidedignas.com.mx\/"},{"@type":"ListItem","position":2,"name":"Juez liberar\u00e1 a \u201cEl Mini Lic\u201d, autor intelectual del asesinato de Javier Valdez"}]},{"@type":"WebSite","@id":"https:\/\/fuentesfidedignas.com.mx\/#website","url":"https:\/\/fuentesfidedignas.com.mx\/","name":"Fuentes Fidedignas","description":"Otro sitio realizado con WordPress","publisher":{"@id":"https:\/\/fuentesfidedignas.com.mx\/#organization"},"potentialAction":[{"@type":"SearchAction","target":{"@type":"EntryPoint","urlTemplate":"https:\/\/fuentesfidedignas.com.mx\/?s={search_term_string}"},"query-input":{"@type":"PropertyValueSpecification","valueRequired":true,"valueName":"search_term_string"}}],"inLanguage":"es"},{"@type":"Organization","@id":"https:\/\/fuentesfidedignas.com.mx\/#organization","name":"Fuentes Fidedignas","url":"https:\/\/fuentesfidedignas.com.mx\/","logo":{"@type":"ImageObject","inLanguage":"es","@id":"https:\/\/fuentesfidedignas.com.mx\/#\/schema\/logo\/image\/","url":"https:\/\/fuentesfidedignas.com.mx\/wp-content\/uploads\/2021\/04\/logo-retina.png","contentUrl":"https:\/\/fuentesfidedignas.com.mx\/wp-content\/uploads\/2021\/04\/logo-retina.png","width":280,"height":51,"caption":"Fuentes Fidedignas"},"image":{"@id":"https:\/\/fuentesfidedignas.com.mx\/#\/schema\/logo\/image\/"},"sameAs":["https:\/\/www.facebook.com\/Fuentes-Fidedignas-368234489921644","https:\/\/x.com\/fidedignas"]},{"@type":"Person","@id":"https:\/\/fuentesfidedignas.com.mx\/#\/schema\/person\/494f7e0dce8dfaaec5b64f16615b78e9","name":"El Financiero","image":{"@type":"ImageObject","inLanguage":"es","@id":"https:\/\/secure.gravatar.com\/avatar\/88c0f3f2079389318ef8dd35c22cb997212aa89646e357ba59b318db26ed91a9?s=96&d=mm&r=g","url":"https:\/\/secure.gravatar.com\/avatar\/88c0f3f2079389318ef8dd35c22cb997212aa89646e357ba59b318db26ed91a9?s=96&d=mm&r=g","contentUrl":"https:\/\/secure.gravatar.com\/avatar\/88c0f3f2079389318ef8dd35c22cb997212aa89646e357ba59b318db26ed91a9?s=96&d=mm&r=g","caption":"El Financiero"},"url":"https:\/\/fuentesfidedignas.com.mx\/index.php\/author\/financiero\/"}]}},"_links":{"self":[{"href":"https:\/\/fuentesfidedignas.com.mx\/index.php\/wp-json\/wp\/v2\/posts\/42603","targetHints":{"allow":["GET"]}}],"collection":[{"href":"https:\/\/fuentesfidedignas.com.mx\/index.php\/wp-json\/wp\/v2\/posts"}],"about":[{"href":"https:\/\/fuentesfidedignas.com.mx\/index.php\/wp-json\/wp\/v2\/types\/post"}],"author":[{"embeddable":true,"href":"https:\/\/fuentesfidedignas.com.mx\/index.php\/wp-json\/wp\/v2\/users\/21"}],"replies":[{"embeddable":true,"href":"https:\/\/fuentesfidedignas.com.mx\/index.php\/wp-json\/wp\/v2\/comments?post=42603"}],"version-history":[{"count":2,"href":"https:\/\/fuentesfidedignas.com.mx\/index.php\/wp-json\/wp\/v2\/posts\/42603\/revisions"}],"predecessor-version":[{"id":42618,"href":"https:\/\/fuentesfidedignas.com.mx\/index.php\/wp-json\/wp\/v2\/posts\/42603\/revisions\/42618"}],"wp:featuredmedia":[{"embeddable":true,"href":"https:\/\/fuentesfidedignas.com.mx\/index.php\/wp-json\/wp\/v2\/media\/42604"}],"wp:attachment":[{"href":"https:\/\/fuentesfidedignas.com.mx\/index.php\/wp-json\/wp\/v2\/media?parent=42603"}],"wp:term":[{"taxonomy":"category","embeddable":true,"href":"https:\/\/fuentesfidedignas.com.mx\/index.php\/wp-json\/wp\/v2\/categories?post=42603"},{"taxonomy":"post_tag","embeddable":true,"href":"https:\/\/fuentesfidedignas.com.mx\/index.php\/wp-json\/wp\/v2\/tags?post=42603"}],"curies":[{"name":"wp","href":"https:\/\/api.w.org\/{rel}","templated":true}]}}